{"id":1000,"date":"2021-11-24T00:00:00","date_gmt":"2021-11-23T23:00:00","guid":{"rendered":"https:\/\/www.france.no\/2021\/kultur\/fheel-concepts-presenterer-hold-on-sirkus-i-vr-format\/"},"modified":"2021-11-24T00:00:00","modified_gmt":"2021-11-23T23:00:00","slug":"fheel-concepts-presenterer-hold-on-sirkus-i-vr-format","status":"publish","type":"post","link":"https:\/\/www.france.no\/no\/2021\/kultur\/fheel-concepts-presenterer-hold-on-sirkus-i-vr-format\/","title":{"rendered":"Fheel Concepts presenterer HOLD ON \/ Sirkus i VR-format"},"content":{"rendered":"<p>Har du noen gang lurt p\u00e5 hvordan det er \u00e5 v\u00e6re en sirkusartist som svinger seg i trapesen og balansere p\u00e5 line i spektakul\u00e6re h\u00f8yder? Gjennom det franske kunstnerkompaniet <strong>Fheel Concepts VR-performance <em>HOLD ON<\/em><\/strong> f\u00e5r du anledning til \u00e5 oppleve nettopp dette!<\/p>\n<p><em>HOLD ON<\/em> er et interaktivt verk som blir til gjennom publikums deltakelse. 15 publikummere plasseres i en ring, if\u00f8rer seg VR-hjelmer og trer med d\u00e9t inn i en sirkusverden fylt av glede, adrenalin og f\u00f8lelsen av risiko! Kunstnerduoen Fheel Concepts ene halvdel, den finsk-franske kunstneren <strong>Corinne Linder<\/strong>, er utdannet sirkusartist og har brukt sin personlige erfaring fra sirkuset til \u00e5 utforme opplevelsen p\u00e5 en realistisk m\u00e5te. Duoens andre halvdel, <strong>Marjolaine Grenier<\/strong>, har bakgrunn fra b\u00e5de den tekniske og den kreative delen av scenekunstmilj\u00f8et, og st\u00e5r for den tekniske gjennomf\u00f8ringen av VR-opplevelsen.<\/p>\n<p>Institut francais de Norv\u00e8ge er stolte over \u00e5 kunne invitere publikum til \u00e5 delta i \u00e5tte VR-seanser som skal organiseres p\u00e5 <strong>Deichman Bj\u00f8rvika i Oslo torsdag 2. desember<\/strong>.\u00a0 Velg tidspunktet som passer deg best og registrer deg i et av skjemaene nedenfor!<\/p>\n<p>&nbsp;<\/p>\n<p>Hver seanse har plass til 15 personer \u2013 10 forh\u00e5ndsregistrerte og 5 drop in-plasser. Hver seanse foreg\u00e5r i 30 minutter og er \u00e5pne for voksne og barn over 8 \u00e5r. VR-seansen er ikke egnet for personer med epilepsi.<\/p>\n<p>&nbsp;<\/p>\n\n<p>__________________________________________________________________________________<\/p>\n\n<p>__________________________________________________________________________________<\/p>\n\n<p>__________________________________________________________________________________<\/p>\n\n<p>__________________________________________________________________________________<\/p>\n\n<p>__________________________________________________________________________________<\/p>\n\n<p>__________________________________________________________________________________<\/p>\n\n<p>__________________________________________________________________________________<\/p>\n\n","protected":false},"excerpt":{"rendered":"<p>Har du noen gang lurt p\u00e5 hvordan det er \u00e5 v\u00e6re en sirkusartist som svinger seg i trapesen og balansere p\u00e5 line i spektakul\u00e6re h\u00f8yder? Gjennom det franske kunstnerkompaniet Fheel Concepts VR-performance HOLD ON f\u00e5r du anledning til \u00e5 oppleve nettopp dette! HOLD ON er et interaktivt verk som blir til gjennom publikums deltakelse. 15 [&hellip;]<\/p>\n","protected":false},"author":1,"featured_media":1001,"comment_status":"closed","ping_status":"closed","sticky":false,"template":"","format":"standard","meta":{"footnotes":""},"categories":[5],"tags":[],"class_list":["post-1000","post","type-post","status-publish","format-standard","has-post-thumbnail","hentry","category-kultur"],"yoast_head":"<!-- This site is optimized with the Yoast SEO plugin v24.2 - https:\/\/yoast.com\/wordpress\/plugins\/seo\/ -->\n<title>Fheel Concepts presenterer HOLD ON \/ Sirkus i VR-format - Institut fran\u00e7ais<\/title>\n<meta name=\"robots\" content=\"index, follow, max-snippet:-1, max-image-preview:large, max-video-preview:-1\" \/>\n<link rel=\"canonical\" href=\"https:\/\/www.france.no\/no\/2021\/kultur\/fheel-concepts-presenterer-hold-on-sirkus-i-vr-format\/\" \/>\n<meta property=\"og:locale\" content=\"nb_NO\" \/>\n<meta property=\"og:type\" content=\"article\" \/>\n<meta property=\"og:title\" content=\"Fheel Concepts presenterer HOLD ON \/ Sirkus i VR-format - Institut fran\u00e7ais\" \/>\n<meta property=\"og:description\" content=\"Har du noen gang lurt p\u00e5 hvordan det er \u00e5 v\u00e6re en sirkusartist som svinger seg i trapesen og balansere p\u00e5 line i spektakul\u00e6re h\u00f8yder? Gjennom det franske kunstnerkompaniet Fheel Concepts VR-performance HOLD ON f\u00e5r du anledning til \u00e5 oppleve nettopp dette! HOLD ON er et interaktivt verk som blir til gjennom publikums deltakelse. 15 [&hellip;]\" \/>\n<meta property=\"og:url\" content=\"https:\/\/www.france.no\/no\/2021\/kultur\/fheel-concepts-presenterer-hold-on-sirkus-i-vr-format\/\" \/>\n<meta property=\"og:site_name\" content=\"Institut fran\u00e7ais\" \/>\n<meta property=\"article:publisher\" content=\"https:\/\/www.facebook.com\/institutfrancaisoslo\" \/>\n<meta property=\"article:published_time\" content=\"2021-11-23T23:00:00+00:00\" \/>\n<meta property=\"og:image\" content=\"https:\/\/www.france.no\/wp-content\/uploads\/2022\/09\/hold-on-festival-imaginarius-1098x617.png\" \/>\n\t<meta property=\"og:image:width\" content=\"1200\" \/>\n\t<meta property=\"og:image:height\" content=\"675\" \/>\n\t<meta property=\"og:image:type\" content=\"image\/png\" \/>\n<meta name=\"author\" content=\"admin_ifno\" \/>\n<meta name=\"twitter:card\" content=\"summary_large_image\" \/>\n<meta name=\"twitter:creator\" content=\"@ifnorvege\" \/>\n<meta name=\"twitter:site\" content=\"@ifnorvege\" \/>\n<meta name=\"twitter:label1\" content=\"Skrevet av\" \/>\n\t<meta name=\"twitter:data1\" content=\"admin_ifno\" \/>\n\t<meta name=\"twitter:label2\" content=\"Ansl. lesetid\" \/>\n\t<meta name=\"twitter:data2\" content=\"1 minutt\" \/>\n<script type=\"application\/ld+json\" class=\"yoast-schema-graph\">{\"@context\":\"https:\/\/schema.org\",\"@graph\":[{\"@type\":\"Article\",\"@id\":\"https:\/\/www.france.no\/no\/2021\/kultur\/fheel-concepts-presenterer-hold-on-sirkus-i-vr-format\/#article\",\"isPartOf\":{\"@id\":\"https:\/\/www.france.no\/no\/2021\/kultur\/fheel-concepts-presenterer-hold-on-sirkus-i-vr-format\/\"},\"author\":{\"name\":\"admin_ifno\",\"@id\":\"https:\/\/www.france.no\/no\/#\/schema\/person\/4fdc0b263d8f27bb00a55f55d2fa3ab0\"},\"headline\":\"Fheel Concepts presenterer HOLD ON \/ Sirkus i VR-format\",\"datePublished\":\"2021-11-23T23:00:00+00:00\",\"dateModified\":\"2021-11-23T23:00:00+00:00\",\"mainEntityOfPage\":{\"@id\":\"https:\/\/www.france.no\/no\/2021\/kultur\/fheel-concepts-presenterer-hold-on-sirkus-i-vr-format\/\"},\"wordCount\":274,\"publisher\":{\"@id\":\"https:\/\/www.france.no\/no\/#organization\"},\"image\":{\"@id\":\"https:\/\/www.france.no\/no\/2021\/kultur\/fheel-concepts-presenterer-hold-on-sirkus-i-vr-format\/#primaryimage\"},\"thumbnailUrl\":\"https:\/\/www.france.no\/wp-content\/uploads\/2022\/09\/hold-on-festival-imaginarius-1098x617.png\",\"articleSection\":[\"Kultur\"],\"inLanguage\":\"nb-NO\"},{\"@type\":\"WebPage\",\"@id\":\"https:\/\/www.france.no\/no\/2021\/kultur\/fheel-concepts-presenterer-hold-on-sirkus-i-vr-format\/\",\"url\":\"https:\/\/www.france.no\/no\/2021\/kultur\/fheel-concepts-presenterer-hold-on-sirkus-i-vr-format\/\",\"name\":\"Fheel Concepts presenterer HOLD ON \/ Sirkus i VR-format - Institut fran\u00e7ais\",\"isPartOf\":{\"@id\":\"https:\/\/www.france.no\/no\/#website\"},\"primaryImageOfPage\":{\"@id\":\"https:\/\/www.france.no\/no\/2021\/kultur\/fheel-concepts-presenterer-hold-on-sirkus-i-vr-format\/#primaryimage\"},\"image\":{\"@id\":\"https:\/\/www.france.no\/no\/2021\/kultur\/fheel-concepts-presenterer-hold-on-sirkus-i-vr-format\/#primaryimage\"},\"thumbnailUrl\":\"https:\/\/www.france.no\/wp-content\/uploads\/2022\/09\/hold-on-festival-imaginarius-1098x617.png\",\"datePublished\":\"2021-11-23T23:00:00+00:00\",\"dateModified\":\"2021-11-23T23:00:00+00:00\",\"breadcrumb\":{\"@id\":\"https:\/\/www.france.no\/no\/2021\/kultur\/fheel-concepts-presenterer-hold-on-sirkus-i-vr-format\/#breadcrumb\"},\"inLanguage\":\"nb-NO\",\"potentialAction\":[{\"@type\":\"ReadAction\",\"target\":[\"https:\/\/www.france.no\/no\/2021\/kultur\/fheel-concepts-presenterer-hold-on-sirkus-i-vr-format\/\"]}]},{\"@type\":\"ImageObject\",\"inLanguage\":\"nb-NO\",\"@id\":\"https:\/\/www.france.no\/no\/2021\/kultur\/fheel-concepts-presenterer-hold-on-sirkus-i-vr-format\/#primaryimage\",\"url\":\"https:\/\/www.france.no\/wp-content\/uploads\/2022\/09\/hold-on-festival-imaginarius-1098x617.png\",\"contentUrl\":\"https:\/\/www.france.no\/wp-content\/uploads\/2022\/09\/hold-on-festival-imaginarius-1098x617.png\",\"width\":1200,\"height\":675},{\"@type\":\"BreadcrumbList\",\"@id\":\"https:\/\/www.france.no\/no\/2021\/kultur\/fheel-concepts-presenterer-hold-on-sirkus-i-vr-format\/#breadcrumb\",\"itemListElement\":[{\"@type\":\"ListItem\",\"position\":1,\"name\":\"\",\"item\":\"https:\/\/www.france.no\/no\/\"},{\"@type\":\"ListItem\",\"position\":2,\"name\":\"Kultur\",\"item\":\"https:\/\/www.france.no\/no\/category\/kultur\/\"},{\"@type\":\"ListItem\",\"position\":3,\"name\":\"Fheel Concepts presenterer HOLD ON \/ Sirkus i VR-format\"}]},{\"@type\":\"WebSite\",\"@id\":\"https:\/\/www.france.no\/no\/#website\",\"url\":\"https:\/\/www.france.no\/no\/\",\"name\":\"Institut fran\u00e7ais\",\"description\":\"Norv\u00e8ge\",\"publisher\":{\"@id\":\"https:\/\/www.france.no\/no\/#organization\"},\"potentialAction\":[{\"@type\":\"SearchAction\",\"target\":{\"@type\":\"EntryPoint\",\"urlTemplate\":\"https:\/\/www.france.no\/no\/?s={search_term_string}\"},\"query-input\":{\"@type\":\"PropertyValueSpecification\",\"valueRequired\":true,\"valueName\":\"search_term_string\"}}],\"inLanguage\":\"nb-NO\"},{\"@type\":\"Organization\",\"@id\":\"https:\/\/www.france.no\/no\/#organization\",\"name\":\"Institut fran\u00e7ais\",\"url\":\"https:\/\/www.france.no\/no\/\",\"logo\":{\"@type\":\"ImageObject\",\"inLanguage\":\"nb-NO\",\"@id\":\"https:\/\/www.france.no\/no\/#\/schema\/logo\/image\/\",\"url\":\"https:\/\/www.france.no\/wp-content\/uploads\/2022\/11\/IF_Logo_Sans_Bleu_RVB.png\",\"contentUrl\":\"https:\/\/www.france.no\/wp-content\/uploads\/2022\/11\/IF_Logo_Sans_Bleu_RVB.png\",\"width\":852,\"height\":591,\"caption\":\"Institut fran\u00e7ais\"},\"image\":{\"@id\":\"https:\/\/www.france.no\/no\/#\/schema\/logo\/image\/\"},\"sameAs\":[\"https:\/\/www.facebook.com\/institutfrancaisoslo\",\"https:\/\/x.com\/ifnorvege\",\"https:\/\/instagram.com\/ifnorvege\"]},{\"@type\":\"Person\",\"@id\":\"https:\/\/www.france.no\/no\/#\/schema\/person\/4fdc0b263d8f27bb00a55f55d2fa3ab0\",\"name\":\"admin_ifno\",\"image\":{\"@type\":\"ImageObject\",\"inLanguage\":\"nb-NO\",\"@id\":\"https:\/\/www.france.no\/no\/#\/schema\/person\/image\/\",\"url\":\"https:\/\/secure.gravatar.com\/avatar\/20f70e61054e6ae673edda3c0dc13670e46e51786443041c70a7eb2da859ae2a?s=96&d=mm&r=g\",\"contentUrl\":\"https:\/\/secure.gravatar.com\/avatar\/20f70e61054e6ae673edda3c0dc13670e46e51786443041c70a7eb2da859ae2a?s=96&d=mm&r=g\",\"caption\":\"admin_ifno\"},\"sameAs\":[\"https:\/\/www.france.no\"],\"url\":\"https:\/\/www.france.no\/no\/author\/admin_ifno\/\"}]}<\/script>\n<!-- \/ Yoast SEO plugin. -->","yoast_head_json":{"title":"Fheel Concepts presenterer HOLD ON \/ Sirkus i VR-format - Institut fran\u00e7ais","robots":{"index":"index","follow":"follow","max-snippet":"max-snippet:-1","max-image-preview":"max-image-preview:large","max-video-preview":"max-video-preview:-1"},"canonical":"https:\/\/www.france.no\/no\/2021\/kultur\/fheel-concepts-presenterer-hold-on-sirkus-i-vr-format\/","og_locale":"nb_NO","og_type":"article","og_title":"Fheel Concepts presenterer HOLD ON \/ Sirkus i VR-format - Institut fran\u00e7ais","og_description":"Har du noen gang lurt p\u00e5 hvordan det er \u00e5 v\u00e6re en sirkusartist som svinger seg i trapesen og balansere p\u00e5 line i spektakul\u00e6re h\u00f8yder? Gjennom det franske kunstnerkompaniet Fheel Concepts VR-performance HOLD ON f\u00e5r du anledning til \u00e5 oppleve nettopp dette! HOLD ON er et interaktivt verk som blir til gjennom publikums deltakelse. 15 [&hellip;]","og_url":"https:\/\/www.france.no\/no\/2021\/kultur\/fheel-concepts-presenterer-hold-on-sirkus-i-vr-format\/","og_site_name":"Institut fran\u00e7ais","article_publisher":"https:\/\/www.facebook.com\/institutfrancaisoslo","article_published_time":"2021-11-23T23:00:00+00:00","og_image":[{"width":1200,"height":675,"url":"https:\/\/www.france.no\/wp-content\/uploads\/2022\/09\/hold-on-festival-imaginarius-1098x617.png","type":"image\/png"}],"author":"admin_ifno","twitter_card":"summary_large_image","twitter_creator":"@ifnorvege","twitter_site":"@ifnorvege","twitter_misc":{"Skrevet av":"admin_ifno","Ansl. lesetid":"1 minutt"},"schema":{"@context":"https:\/\/schema.org","@graph":[{"@type":"Article","@id":"https:\/\/www.france.no\/no\/2021\/kultur\/fheel-concepts-presenterer-hold-on-sirkus-i-vr-format\/#article","isPartOf":{"@id":"https:\/\/www.france.no\/no\/2021\/kultur\/fheel-concepts-presenterer-hold-on-sirkus-i-vr-format\/"},"author":{"name":"admin_ifno","@id":"https:\/\/www.france.no\/no\/#\/schema\/person\/4fdc0b263d8f27bb00a55f55d2fa3ab0"},"headline":"Fheel Concepts presenterer HOLD ON \/ Sirkus i VR-format","datePublished":"2021-11-23T23:00:00+00:00","dateModified":"2021-11-23T23:00:00+00:00","mainEntityOfPage":{"@id":"https:\/\/www.france.no\/no\/2021\/kultur\/fheel-concepts-presenterer-hold-on-sirkus-i-vr-format\/"},"wordCount":274,"publisher":{"@id":"https:\/\/www.france.no\/no\/#organization"},"image":{"@id":"https:\/\/www.france.no\/no\/2021\/kultur\/fheel-concepts-presenterer-hold-on-sirkus-i-vr-format\/#primaryimage"},"thumbnailUrl":"https:\/\/www.france.no\/wp-content\/uploads\/2022\/09\/hold-on-festival-imaginarius-1098x617.png","articleSection":["Kultur"],"inLanguage":"nb-NO"},{"@type":"WebPage","@id":"https:\/\/www.france.no\/no\/2021\/kultur\/fheel-concepts-presenterer-hold-on-sirkus-i-vr-format\/","url":"https:\/\/www.france.no\/no\/2021\/kultur\/fheel-concepts-presenterer-hold-on-sirkus-i-vr-format\/","name":"Fheel Concepts presenterer HOLD ON \/ Sirkus i VR-format - Institut fran\u00e7ais","isPartOf":{"@id":"https:\/\/www.france.no\/no\/#website"},"primaryImageOfPage":{"@id":"https:\/\/www.france.no\/no\/2021\/kultur\/fheel-concepts-presenterer-hold-on-sirkus-i-vr-format\/#primaryimage"},"image":{"@id":"https:\/\/www.france.no\/no\/2021\/kultur\/fheel-concepts-presenterer-hold-on-sirkus-i-vr-format\/#primaryimage"},"thumbnailUrl":"https:\/\/www.france.no\/wp-content\/uploads\/2022\/09\/hold-on-festival-imaginarius-1098x617.png","datePublished":"2021-11-23T23:00:00+00:00","dateModified":"2021-11-23T23:00:00+00:00","breadcrumb":{"@id":"https:\/\/www.france.no\/no\/2021\/kultur\/fheel-concepts-presenterer-hold-on-sirkus-i-vr-format\/#breadcrumb"},"inLanguage":"nb-NO","potentialAction":[{"@type":"ReadAction","target":["https:\/\/www.france.no\/no\/2021\/kultur\/fheel-concepts-presenterer-hold-on-sirkus-i-vr-format\/"]}]},{"@type":"ImageObject","inLanguage":"nb-NO","@id":"https:\/\/www.france.no\/no\/2021\/kultur\/fheel-concepts-presenterer-hold-on-sirkus-i-vr-format\/#primaryimage","url":"https:\/\/www.france.no\/wp-content\/uploads\/2022\/09\/hold-on-festival-imaginarius-1098x617.png","contentUrl":"https:\/\/www.france.no\/wp-content\/uploads\/2022\/09\/hold-on-festival-imaginarius-1098x617.png","width":1200,"height":675},{"@type":"BreadcrumbList","@id":"https:\/\/www.france.no\/no\/2021\/kultur\/fheel-concepts-presenterer-hold-on-sirkus-i-vr-format\/#breadcrumb","itemListElement":[{"@type":"ListItem","position":1,"name":"","item":"https:\/\/www.france.no\/no\/"},{"@type":"ListItem","position":2,"name":"Kultur","item":"https:\/\/www.france.no\/no\/category\/kultur\/"},{"@type":"ListItem","position":3,"name":"Fheel Concepts presenterer HOLD ON \/ Sirkus i VR-format"}]},{"@type":"WebSite","@id":"https:\/\/www.france.no\/no\/#website","url":"https:\/\/www.france.no\/no\/","name":"Institut fran\u00e7ais","description":"Norv\u00e8ge","publisher":{"@id":"https:\/\/www.france.no\/no\/#organization"},"potentialAction":[{"@type":"SearchAction","target":{"@type":"EntryPoint","urlTemplate":"https:\/\/www.france.no\/no\/?s={search_term_string}"},"query-input":{"@type":"PropertyValueSpecification","valueRequired":true,"valueName":"search_term_string"}}],"inLanguage":"nb-NO"},{"@type":"Organization","@id":"https:\/\/www.france.no\/no\/#organization","name":"Institut fran\u00e7ais","url":"https:\/\/www.france.no\/no\/","logo":{"@type":"ImageObject","inLanguage":"nb-NO","@id":"https:\/\/www.france.no\/no\/#\/schema\/logo\/image\/","url":"https:\/\/www.france.no\/wp-content\/uploads\/2022\/11\/IF_Logo_Sans_Bleu_RVB.png","contentUrl":"https:\/\/www.france.no\/wp-content\/uploads\/2022\/11\/IF_Logo_Sans_Bleu_RVB.png","width":852,"height":591,"caption":"Institut fran\u00e7ais"},"image":{"@id":"https:\/\/www.france.no\/no\/#\/schema\/logo\/image\/"},"sameAs":["https:\/\/www.facebook.com\/institutfrancaisoslo","https:\/\/x.com\/ifnorvege","https:\/\/instagram.com\/ifnorvege"]},{"@type":"Person","@id":"https:\/\/www.france.no\/no\/#\/schema\/person\/4fdc0b263d8f27bb00a55f55d2fa3ab0","name":"admin_ifno","image":{"@type":"ImageObject","inLanguage":"nb-NO","@id":"https:\/\/www.france.no\/no\/#\/schema\/person\/image\/","url":"https:\/\/secure.gravatar.com\/avatar\/20f70e61054e6ae673edda3c0dc13670e46e51786443041c70a7eb2da859ae2a?s=96&d=mm&r=g","contentUrl":"https:\/\/secure.gravatar.com\/avatar\/20f70e61054e6ae673edda3c0dc13670e46e51786443041c70a7eb2da859ae2a?s=96&d=mm&r=g","caption":"admin_ifno"},"sameAs":["https:\/\/www.france.no"],"url":"https:\/\/www.france.no\/no\/author\/admin_ifno\/"}]}},"_links":{"self":[{"href":"https:\/\/www.france.no\/no\/wp-json\/wp\/v2\/posts\/1000","targetHints":{"allow":["GET"]}}],"collection":[{"href":"https:\/\/www.france.no\/no\/wp-json\/wp\/v2\/posts"}],"about":[{"href":"https:\/\/www.france.no\/no\/wp-json\/wp\/v2\/types\/post"}],"author":[{"embeddable":true,"href":"https:\/\/www.france.no\/no\/wp-json\/wp\/v2\/users\/1"}],"replies":[{"embeddable":true,"href":"https:\/\/www.france.no\/no\/wp-json\/wp\/v2\/comments?post=1000"}],"version-history":[{"count":0,"href":"https:\/\/www.france.no\/no\/wp-json\/wp\/v2\/posts\/1000\/revisions"}],"wp:featuredmedia":[{"embeddable":true,"href":"https:\/\/www.france.no\/no\/wp-json\/wp\/v2\/media\/1001"}],"wp:attachment":[{"href":"https:\/\/www.france.no\/no\/wp-json\/wp\/v2\/media?parent=1000"}],"wp:term":[{"taxonomy":"category","embeddable":true,"href":"https:\/\/www.france.no\/no\/wp-json\/wp\/v2\/categories?post=1000"},{"taxonomy":"post_tag","embeddable":true,"href":"https:\/\/www.france.no\/no\/wp-json\/wp\/v2\/tags?post=1000"}],"curies":[{"name":"wp","href":"https:\/\/api.w.org\/{rel}","templated":true}]}}