{"id":1010,"date":"2021-11-19T00:00:00","date_gmt":"2021-11-18T23:00:00","guid":{"rendered":"https:\/\/www.france.no\/2021\/kultur\/novembre-numerique-2021-digitalkultur-maned\/"},"modified":"2021-11-19T00:00:00","modified_gmt":"2021-11-18T23:00:00","slug":"novembre-numerique-2021-digitalkultur-maned","status":"publish","type":"post","link":"https:\/\/www.france.no\/no\/2021\/kultur\/novembre-numerique-2021-digitalkultur-maned\/","title":{"rendered":"NOVEMBRE NUM\u00c9RIQUE 2021: DIGITALKULTUR M\u00c5NED!"},"content":{"rendered":"<p>I anledning @NovembreNum\u00e9rique, en festival for digital kultur som arrangeres \u00e5rlig av @Institutfrancais, har Institut francais de Norv\u00e8ge gleden av \u00e5 by p\u00e5 et rikt og variert program som strekker seg gjennom hele november til og med begynnelsen av desember.<\/p>\n<p>S\u00e5 langt i festivalen har vi arrangert b\u00e5de digital \u00abspeed dating\u00bb for franske og nordiske forleggere, med m\u00e5l om \u00e5 tilrettelegge for publisering av b\u00f8ker p\u00e5 tvers av landene, men ogs\u00e5 et webinar om kunst og blockchain som fortsatt er tilgjengelig p\u00e5 v\u00e5r Facebook-side: https:\/\/www.facebook.com\/watch\/live\/?ref=search&amp;v=615638893218634.<\/p>\n<p>Videre i november organiserer vi et webinar om e-sport (@Webinar \u2013 A French-Nordic perspective on E-sport) i tillegg til en videospillturnering (@Nordic online video game tournament: NORTHGARD).<\/p>\n<p>Flere arrangement annonseres fortl\u00f8pende, s\u00e5 f\u00f8lg med!<\/p>\n","protected":false},"excerpt":{"rendered":"<p>I anledning @NovembreNum\u00e9rique, en festival for digital kultur som arrangeres \u00e5rlig av @Institutfrancais, har Institut francais de Norv\u00e8ge gleden av \u00e5 by p\u00e5 et rikt og variert program som strekker seg gjennom hele november til og med begynnelsen av desember. S\u00e5 langt i festivalen har vi arrangert b\u00e5de digital \u00abspeed dating\u00bb for franske og nordiske [&hellip;]<\/p>\n","protected":false},"author":1,"featured_media":1008,"comment_status":"closed","ping_status":"closed","sticky":false,"template":"","format":"standard","meta":{"footnotes":""},"categories":[5],"tags":[],"class_list":["post-1010","post","type-post","status-publish","format-standard","has-post-thumbnail","hentry","category-kultur"],"yoast_head":"<!-- This site is optimized with the Yoast SEO plugin v24.2 - https:\/\/yoast.com\/wordpress\/plugins\/seo\/ -->\n<title>NOVEMBRE NUM\u00c9RIQUE 2021: DIGITALKULTUR M\u00c5NED! - Institut fran\u00e7ais<\/title>\n<meta name=\"robots\" content=\"index, follow, max-snippet:-1, max-image-preview:large, max-video-preview:-1\" \/>\n<link rel=\"canonical\" href=\"https:\/\/www.france.no\/no\/2021\/kultur\/novembre-numerique-2021-digitalkultur-maned\/\" \/>\n<meta property=\"og:locale\" content=\"nb_NO\" \/>\n<meta property=\"og:type\" content=\"article\" \/>\n<meta property=\"og:title\" content=\"NOVEMBRE NUM\u00c9RIQUE 2021: DIGITALKULTUR M\u00c5NED! - Institut fran\u00e7ais\" \/>\n<meta property=\"og:description\" content=\"I anledning @NovembreNum\u00e9rique, en festival for digital kultur som arrangeres \u00e5rlig av @Institutfrancais, har Institut francais de Norv\u00e8ge gleden av \u00e5 by p\u00e5 et rikt og variert program som strekker seg gjennom hele november til og med begynnelsen av desember. S\u00e5 langt i festivalen har vi arrangert b\u00e5de digital \u00abspeed dating\u00bb for franske og nordiske [&hellip;]\" \/>\n<meta property=\"og:url\" content=\"https:\/\/www.france.no\/no\/2021\/kultur\/novembre-numerique-2021-digitalkultur-maned\/\" \/>\n<meta property=\"og:site_name\" content=\"Institut fran\u00e7ais\" \/>\n<meta property=\"article:publisher\" content=\"https:\/\/www.facebook.com\/institutfrancaisoslo\" \/>\n<meta property=\"article:published_time\" content=\"2021-11-18T23:00:00+00:00\" \/>\n<meta property=\"og:image\" content=\"https:\/\/www.france.no\/wp-content\/uploads\/2022\/09\/rose_nn21fb-post-1098x617.jpg\" \/>\n\t<meta property=\"og:image:width\" content=\"1667\" \/>\n\t<meta property=\"og:image:height\" content=\"875\" \/>\n\t<meta property=\"og:image:type\" content=\"image\/jpeg\" \/>\n<meta name=\"author\" content=\"admin_ifno\" \/>\n<meta name=\"twitter:card\" content=\"summary_large_image\" \/>\n<meta name=\"twitter:creator\" content=\"@ifnorvege\" \/>\n<meta name=\"twitter:site\" content=\"@ifnorvege\" \/>\n<meta name=\"twitter:label1\" content=\"Skrevet av\" \/>\n\t<meta name=\"twitter:data1\" content=\"admin_ifno\" \/>\n\t<meta name=\"twitter:label2\" content=\"Ansl. lesetid\" \/>\n\t<meta name=\"twitter:data2\" content=\"1 minutt\" \/>\n<script type=\"application\/ld+json\" class=\"yoast-schema-graph\">{\"@context\":\"https:\/\/schema.org\",\"@graph\":[{\"@type\":\"Article\",\"@id\":\"https:\/\/www.france.no\/no\/2021\/kultur\/novembre-numerique-2021-digitalkultur-maned\/#article\",\"isPartOf\":{\"@id\":\"https:\/\/www.france.no\/no\/2021\/kultur\/novembre-numerique-2021-digitalkultur-maned\/\"},\"author\":{\"name\":\"admin_ifno\",\"@id\":\"https:\/\/www.france.no\/no\/#\/schema\/person\/4fdc0b263d8f27bb00a55f55d2fa3ab0\"},\"headline\":\"NOVEMBRE NUM\u00c9RIQUE 2021: DIGITALKULTUR M\u00c5NED!\",\"datePublished\":\"2021-11-18T23:00:00+00:00\",\"dateModified\":\"2021-11-18T23:00:00+00:00\",\"mainEntityOfPage\":{\"@id\":\"https:\/\/www.france.no\/no\/2021\/kultur\/novembre-numerique-2021-digitalkultur-maned\/\"},\"wordCount\":139,\"publisher\":{\"@id\":\"https:\/\/www.france.no\/no\/#organization\"},\"image\":{\"@id\":\"https:\/\/www.france.no\/no\/2021\/kultur\/novembre-numerique-2021-digitalkultur-maned\/#primaryimage\"},\"thumbnailUrl\":\"https:\/\/www.france.no\/wp-content\/uploads\/2022\/09\/rose_nn21fb-post-1098x617.jpg\",\"articleSection\":[\"Kultur\"],\"inLanguage\":\"nb-NO\"},{\"@type\":\"WebPage\",\"@id\":\"https:\/\/www.france.no\/no\/2021\/kultur\/novembre-numerique-2021-digitalkultur-maned\/\",\"url\":\"https:\/\/www.france.no\/no\/2021\/kultur\/novembre-numerique-2021-digitalkultur-maned\/\",\"name\":\"NOVEMBRE NUM\u00c9RIQUE 2021: DIGITALKULTUR M\u00c5NED! - Institut fran\u00e7ais\",\"isPartOf\":{\"@id\":\"https:\/\/www.france.no\/no\/#website\"},\"primaryImageOfPage\":{\"@id\":\"https:\/\/www.france.no\/no\/2021\/kultur\/novembre-numerique-2021-digitalkultur-maned\/#primaryimage\"},\"image\":{\"@id\":\"https:\/\/www.france.no\/no\/2021\/kultur\/novembre-numerique-2021-digitalkultur-maned\/#primaryimage\"},\"thumbnailUrl\":\"https:\/\/www.france.no\/wp-content\/uploads\/2022\/09\/rose_nn21fb-post-1098x617.jpg\",\"datePublished\":\"2021-11-18T23:00:00+00:00\",\"dateModified\":\"2021-11-18T23:00:00+00:00\",\"breadcrumb\":{\"@id\":\"https:\/\/www.france.no\/no\/2021\/kultur\/novembre-numerique-2021-digitalkultur-maned\/#breadcrumb\"},\"inLanguage\":\"nb-NO\",\"potentialAction\":[{\"@type\":\"ReadAction\",\"target\":[\"https:\/\/www.france.no\/no\/2021\/kultur\/novembre-numerique-2021-digitalkultur-maned\/\"]}]},{\"@type\":\"ImageObject\",\"inLanguage\":\"nb-NO\",\"@id\":\"https:\/\/www.france.no\/no\/2021\/kultur\/novembre-numerique-2021-digitalkultur-maned\/#primaryimage\",\"url\":\"https:\/\/www.france.no\/wp-content\/uploads\/2022\/09\/rose_nn21fb-post-1098x617.jpg\",\"contentUrl\":\"https:\/\/www.france.no\/wp-content\/uploads\/2022\/09\/rose_nn21fb-post-1098x617.jpg\",\"width\":1667,\"height\":875},{\"@type\":\"BreadcrumbList\",\"@id\":\"https:\/\/www.france.no\/no\/2021\/kultur\/novembre-numerique-2021-digitalkultur-maned\/#breadcrumb\",\"itemListElement\":[{\"@type\":\"ListItem\",\"position\":1,\"name\":\"\",\"item\":\"https:\/\/www.france.no\/no\/\"},{\"@type\":\"ListItem\",\"position\":2,\"name\":\"Kultur\",\"item\":\"https:\/\/www.france.no\/no\/category\/kultur\/\"},{\"@type\":\"ListItem\",\"position\":3,\"name\":\"NOVEMBRE NUM\u00c9RIQUE 2021: DIGITALKULTUR M\u00c5NED!\"}]},{\"@type\":\"WebSite\",\"@id\":\"https:\/\/www.france.no\/no\/#website\",\"url\":\"https:\/\/www.france.no\/no\/\",\"name\":\"Institut fran\u00e7ais\",\"description\":\"Norv\u00e8ge\",\"publisher\":{\"@id\":\"https:\/\/www.france.no\/no\/#organization\"},\"potentialAction\":[{\"@type\":\"SearchAction\",\"target\":{\"@type\":\"EntryPoint\",\"urlTemplate\":\"https:\/\/www.france.no\/no\/?s={search_term_string}\"},\"query-input\":{\"@type\":\"PropertyValueSpecification\",\"valueRequired\":true,\"valueName\":\"search_term_string\"}}],\"inLanguage\":\"nb-NO\"},{\"@type\":\"Organization\",\"@id\":\"https:\/\/www.france.no\/no\/#organization\",\"name\":\"Institut fran\u00e7ais\",\"url\":\"https:\/\/www.france.no\/no\/\",\"logo\":{\"@type\":\"ImageObject\",\"inLanguage\":\"nb-NO\",\"@id\":\"https:\/\/www.france.no\/no\/#\/schema\/logo\/image\/\",\"url\":\"https:\/\/www.france.no\/wp-content\/uploads\/2022\/11\/IF_Logo_Sans_Bleu_RVB.png\",\"contentUrl\":\"https:\/\/www.france.no\/wp-content\/uploads\/2022\/11\/IF_Logo_Sans_Bleu_RVB.png\",\"width\":852,\"height\":591,\"caption\":\"Institut fran\u00e7ais\"},\"image\":{\"@id\":\"https:\/\/www.france.no\/no\/#\/schema\/logo\/image\/\"},\"sameAs\":[\"https:\/\/www.facebook.com\/institutfrancaisoslo\",\"https:\/\/x.com\/ifnorvege\",\"https:\/\/instagram.com\/ifnorvege\"]},{\"@type\":\"Person\",\"@id\":\"https:\/\/www.france.no\/no\/#\/schema\/person\/4fdc0b263d8f27bb00a55f55d2fa3ab0\",\"name\":\"admin_ifno\",\"image\":{\"@type\":\"ImageObject\",\"inLanguage\":\"nb-NO\",\"@id\":\"https:\/\/www.france.no\/no\/#\/schema\/person\/image\/\",\"url\":\"https:\/\/secure.gravatar.com\/avatar\/20f70e61054e6ae673edda3c0dc13670e46e51786443041c70a7eb2da859ae2a?s=96&d=mm&r=g\",\"contentUrl\":\"https:\/\/secure.gravatar.com\/avatar\/20f70e61054e6ae673edda3c0dc13670e46e51786443041c70a7eb2da859ae2a?s=96&d=mm&r=g\",\"caption\":\"admin_ifno\"},\"sameAs\":[\"https:\/\/www.france.no\"],\"url\":\"https:\/\/www.france.no\/no\/author\/admin_ifno\/\"}]}<\/script>\n<!-- \/ Yoast SEO plugin. -->","yoast_head_json":{"title":"NOVEMBRE NUM\u00c9RIQUE 2021: DIGITALKULTUR M\u00c5NED! - Institut fran\u00e7ais","robots":{"index":"index","follow":"follow","max-snippet":"max-snippet:-1","max-image-preview":"max-image-preview:large","max-video-preview":"max-video-preview:-1"},"canonical":"https:\/\/www.france.no\/no\/2021\/kultur\/novembre-numerique-2021-digitalkultur-maned\/","og_locale":"nb_NO","og_type":"article","og_title":"NOVEMBRE NUM\u00c9RIQUE 2021: DIGITALKULTUR M\u00c5NED! - Institut fran\u00e7ais","og_description":"I anledning @NovembreNum\u00e9rique, en festival for digital kultur som arrangeres \u00e5rlig av @Institutfrancais, har Institut francais de Norv\u00e8ge gleden av \u00e5 by p\u00e5 et rikt og variert program som strekker seg gjennom hele november til og med begynnelsen av desember. S\u00e5 langt i festivalen har vi arrangert b\u00e5de digital \u00abspeed dating\u00bb for franske og nordiske [&hellip;]","og_url":"https:\/\/www.france.no\/no\/2021\/kultur\/novembre-numerique-2021-digitalkultur-maned\/","og_site_name":"Institut fran\u00e7ais","article_publisher":"https:\/\/www.facebook.com\/institutfrancaisoslo","article_published_time":"2021-11-18T23:00:00+00:00","og_image":[{"width":1667,"height":875,"url":"https:\/\/www.france.no\/wp-content\/uploads\/2022\/09\/rose_nn21fb-post-1098x617.jpg","type":"image\/jpeg"}],"author":"admin_ifno","twitter_card":"summary_large_image","twitter_creator":"@ifnorvege","twitter_site":"@ifnorvege","twitter_misc":{"Skrevet av":"admin_ifno","Ansl. lesetid":"1 minutt"},"schema":{"@context":"https:\/\/schema.org","@graph":[{"@type":"Article","@id":"https:\/\/www.france.no\/no\/2021\/kultur\/novembre-numerique-2021-digitalkultur-maned\/#article","isPartOf":{"@id":"https:\/\/www.france.no\/no\/2021\/kultur\/novembre-numerique-2021-digitalkultur-maned\/"},"author":{"name":"admin_ifno","@id":"https:\/\/www.france.no\/no\/#\/schema\/person\/4fdc0b263d8f27bb00a55f55d2fa3ab0"},"headline":"NOVEMBRE NUM\u00c9RIQUE 2021: DIGITALKULTUR M\u00c5NED!","datePublished":"2021-11-18T23:00:00+00:00","dateModified":"2021-11-18T23:00:00+00:00","mainEntityOfPage":{"@id":"https:\/\/www.france.no\/no\/2021\/kultur\/novembre-numerique-2021-digitalkultur-maned\/"},"wordCount":139,"publisher":{"@id":"https:\/\/www.france.no\/no\/#organization"},"image":{"@id":"https:\/\/www.france.no\/no\/2021\/kultur\/novembre-numerique-2021-digitalkultur-maned\/#primaryimage"},"thumbnailUrl":"https:\/\/www.france.no\/wp-content\/uploads\/2022\/09\/rose_nn21fb-post-1098x617.jpg","articleSection":["Kultur"],"inLanguage":"nb-NO"},{"@type":"WebPage","@id":"https:\/\/www.france.no\/no\/2021\/kultur\/novembre-numerique-2021-digitalkultur-maned\/","url":"https:\/\/www.france.no\/no\/2021\/kultur\/novembre-numerique-2021-digitalkultur-maned\/","name":"NOVEMBRE NUM\u00c9RIQUE 2021: DIGITALKULTUR M\u00c5NED! - Institut fran\u00e7ais","isPartOf":{"@id":"https:\/\/www.france.no\/no\/#website"},"primaryImageOfPage":{"@id":"https:\/\/www.france.no\/no\/2021\/kultur\/novembre-numerique-2021-digitalkultur-maned\/#primaryimage"},"image":{"@id":"https:\/\/www.france.no\/no\/2021\/kultur\/novembre-numerique-2021-digitalkultur-maned\/#primaryimage"},"thumbnailUrl":"https:\/\/www.france.no\/wp-content\/uploads\/2022\/09\/rose_nn21fb-post-1098x617.jpg","datePublished":"2021-11-18T23:00:00+00:00","dateModified":"2021-11-18T23:00:00+00:00","breadcrumb":{"@id":"https:\/\/www.france.no\/no\/2021\/kultur\/novembre-numerique-2021-digitalkultur-maned\/#breadcrumb"},"inLanguage":"nb-NO","potentialAction":[{"@type":"ReadAction","target":["https:\/\/www.france.no\/no\/2021\/kultur\/novembre-numerique-2021-digitalkultur-maned\/"]}]},{"@type":"ImageObject","inLanguage":"nb-NO","@id":"https:\/\/www.france.no\/no\/2021\/kultur\/novembre-numerique-2021-digitalkultur-maned\/#primaryimage","url":"https:\/\/www.france.no\/wp-content\/uploads\/2022\/09\/rose_nn21fb-post-1098x617.jpg","contentUrl":"https:\/\/www.france.no\/wp-content\/uploads\/2022\/09\/rose_nn21fb-post-1098x617.jpg","width":1667,"height":875},{"@type":"BreadcrumbList","@id":"https:\/\/www.france.no\/no\/2021\/kultur\/novembre-numerique-2021-digitalkultur-maned\/#breadcrumb","itemListElement":[{"@type":"ListItem","position":1,"name":"","item":"https:\/\/www.france.no\/no\/"},{"@type":"ListItem","position":2,"name":"Kultur","item":"https:\/\/www.france.no\/no\/category\/kultur\/"},{"@type":"ListItem","position":3,"name":"NOVEMBRE NUM\u00c9RIQUE 2021: DIGITALKULTUR M\u00c5NED!"}]},{"@type":"WebSite","@id":"https:\/\/www.france.no\/no\/#website","url":"https:\/\/www.france.no\/no\/","name":"Institut fran\u00e7ais","description":"Norv\u00e8ge","publisher":{"@id":"https:\/\/www.france.no\/no\/#organization"},"potentialAction":[{"@type":"SearchAction","target":{"@type":"EntryPoint","urlTemplate":"https:\/\/www.france.no\/no\/?s={search_term_string}"},"query-input":{"@type":"PropertyValueSpecification","valueRequired":true,"valueName":"search_term_string"}}],"inLanguage":"nb-NO"},{"@type":"Organization","@id":"https:\/\/www.france.no\/no\/#organization","name":"Institut fran\u00e7ais","url":"https:\/\/www.france.no\/no\/","logo":{"@type":"ImageObject","inLanguage":"nb-NO","@id":"https:\/\/www.france.no\/no\/#\/schema\/logo\/image\/","url":"https:\/\/www.france.no\/wp-content\/uploads\/2022\/11\/IF_Logo_Sans_Bleu_RVB.png","contentUrl":"https:\/\/www.france.no\/wp-content\/uploads\/2022\/11\/IF_Logo_Sans_Bleu_RVB.png","width":852,"height":591,"caption":"Institut fran\u00e7ais"},"image":{"@id":"https:\/\/www.france.no\/no\/#\/schema\/logo\/image\/"},"sameAs":["https:\/\/www.facebook.com\/institutfrancaisoslo","https:\/\/x.com\/ifnorvege","https:\/\/instagram.com\/ifnorvege"]},{"@type":"Person","@id":"https:\/\/www.france.no\/no\/#\/schema\/person\/4fdc0b263d8f27bb00a55f55d2fa3ab0","name":"admin_ifno","image":{"@type":"ImageObject","inLanguage":"nb-NO","@id":"https:\/\/www.france.no\/no\/#\/schema\/person\/image\/","url":"https:\/\/secure.gravatar.com\/avatar\/20f70e61054e6ae673edda3c0dc13670e46e51786443041c70a7eb2da859ae2a?s=96&d=mm&r=g","contentUrl":"https:\/\/secure.gravatar.com\/avatar\/20f70e61054e6ae673edda3c0dc13670e46e51786443041c70a7eb2da859ae2a?s=96&d=mm&r=g","caption":"admin_ifno"},"sameAs":["https:\/\/www.france.no"],"url":"https:\/\/www.france.no\/no\/author\/admin_ifno\/"}]}},"_links":{"self":[{"href":"https:\/\/www.france.no\/no\/wp-json\/wp\/v2\/posts\/1010","targetHints":{"allow":["GET"]}}],"collection":[{"href":"https:\/\/www.france.no\/no\/wp-json\/wp\/v2\/posts"}],"about":[{"href":"https:\/\/www.france.no\/no\/wp-json\/wp\/v2\/types\/post"}],"author":[{"embeddable":true,"href":"https:\/\/www.france.no\/no\/wp-json\/wp\/v2\/users\/1"}],"replies":[{"embeddable":true,"href":"https:\/\/www.france.no\/no\/wp-json\/wp\/v2\/comments?post=1010"}],"version-history":[{"count":0,"href":"https:\/\/www.france.no\/no\/wp-json\/wp\/v2\/posts\/1010\/revisions"}],"wp:featuredmedia":[{"embeddable":true,"href":"https:\/\/www.france.no\/no\/wp-json\/wp\/v2\/media\/1008"}],"wp:attachment":[{"href":"https:\/\/www.france.no\/no\/wp-json\/wp\/v2\/media?parent=1010"}],"wp:term":[{"taxonomy":"category","embeddable":true,"href":"https:\/\/www.france.no\/no\/wp-json\/wp\/v2\/categories?post=1010"},{"taxonomy":"post_tag","embeddable":true,"href":"https:\/\/www.france.no\/no\/wp-json\/wp\/v2\/tags?post=1010"}],"curies":[{"name":"wp","href":"https:\/\/api.w.org\/{rel}","templated":true}]}}