{"id":1021,"date":"2021-11-04T00:00:00","date_gmt":"2021-11-03T23:00:00","guid":{"rendered":"https:\/\/www.france.no\/2021\/kultur\/seminar-for-fransklaerere-i-bergen\/"},"modified":"2021-11-04T00:00:00","modified_gmt":"2021-11-03T23:00:00","slug":"seminar-for-fransklaerere-i-bergen","status":"publish","type":"post","link":"https:\/\/www.france.no\/no\/2021\/utdanning-og-fransk-sprak\/seminar-for-fransklaerere-i-bergen\/","title":{"rendered":"Seminar for franskl\u00e6rere i Bergen"},"content":{"rendered":"<p>&nbsp;<\/p>\n<p><strong><span style=\"font-size: 12pt;\">l&#8217;Institut fran\u00e7ais de Norv\u00e8ge, en partenariat avec le d\u00e9partement des langues et litt\u00e9ratures fran\u00e7aises de l&#8217;Universit\u00e9 de Bergen, a le plaisir d&#8217;inviter \u00e0 une formation pour les professeurs de fran\u00e7ais \u00e0 Bergen.<\/span><\/strong><\/p>\n<p>&nbsp;<\/p>\n<p>&nbsp;<\/p>\n<p>&nbsp;<\/p>\n<ul>\n<li><strong>Quand ?<\/strong> Samedi 27 novembre de 9h30 \u00e0 16h30\n<\/li>\n<li><strong>O\u00f9 ?<\/strong> Sydneshaugen skole (UiB), Auditorium A, Bergen\n<\/li>\n<li><strong>Qui et quoi ?<br \/>\n<\/strong><\/p>\n<\/li>\n<\/ul>\n<p>&nbsp;<\/p>\n<p><span style=\"font-size: 12pt;\"><strong>9h30: \u00ab Phon\u00e9tique corrective : principes th\u00e9oriques et pratiques de classe \u00bb <\/strong><\/span><\/p>\n<p><strong>Charlie BAUDOIN, <\/strong><em>Master en didactique du FLE, Universit\u00e9 Sorbonne Nouvelle Paris III, Assistant FLE \u00e0 Kj\u00f8sterud skole, Drammen<\/em><\/p>\n<p>Apr\u00e8s une pr\u00e9sentation th\u00e9orique br\u00e8ve, mais n\u00e9cessaire, nous aborderons ensemble des m\u00e9thodes simples pour aider vos apprenants \u00e0 corriger leur prononciation et s&#8217;approcher autant que possible d\u2019un fran\u00e7ais parl\u00e9 authentique.<\/p>\n<p>&nbsp;<\/p>\n<p><span style=\"font-size: 12pt;\"><strong>12h00<\/strong> : D\u00e9jeuner offert aux participants<\/span><\/p>\n<p>&nbsp;<\/p>\n<p><strong><span style=\"font-size: 12pt;\">13h30:<\/span> \u00ab Le d\u00e9bat en classe de FLE \u00bb<\/strong><\/p>\n<p><strong>Camille QUIQUEREZ<\/strong>, <em>Master en didactique du FLE, Universit\u00e9 Sorbonne Nouvelle Paris III, enseignante en coll\u00e8ge et lyc\u00e9e et formatrice FLE<\/em><\/p>\n<p>Quels sont les enjeux du d\u00e9bat en classe de fran\u00e7ais langue \u00e9trang\u00e8re ? Comment motiver et engager les \u00e9l\u00e8ves de coll\u00e8ge et lyc\u00e9e \u00e0 parler, \u00e9crire et r\u00e9agir pour exprimer leur opinion en fran\u00e7ais ? Nous verrons ensemble quelles activit\u00e9s de d\u00e9bat on peut proposer et comment les mettre en place, selon le niveau des \u00e9l\u00e8ves. Nous proposerons \u00e9galement des exemples de sujets argumentatifs et des phrases utiles pour r\u00e9agir \u00e0 un sujet de d\u00e9bat et exprimer son opinion.<\/p>\n<p>&nbsp;<\/p>\n<p><strong><span style=\"font-size: 12pt;\">15h30:<\/span> \u00ab Actualit\u00e9 fran\u00e7aise pendant le premier semestre 2022 \u00bb<\/strong><\/p>\n<p><strong>Catherine PETILLON<\/strong>, <em>Attach\u00e9e de Coop\u00e9ration pour le fran\u00e7ais, Institut fran\u00e7ais de Norv\u00e8ge<\/em><\/p>\n<p>En France, le premier semestre 2022 sera marqu\u00e9 par 3 \u00e9v\u00e9nements majeurs: Pr\u00e9sidence fran\u00e7aise de l\u2019Union Europ\u00e9enne, \u00e9lections pr\u00e9sidentielles et \u00e9lections l\u00e9gislatives.<\/p>\n<p>&nbsp;<\/p>\n<p>Le s\u00e9minaire est gratuit est ouvert \u00e0 toutes et \u00e0 tous, si vous souhaitez assister nous vous demandons simplement de vous enregistrer ici :<\/p>\n\n","protected":false},"excerpt":{"rendered":"<p>&nbsp; l&#8217;Institut fran\u00e7ais de Norv\u00e8ge, en partenariat avec le d\u00e9partement des langues et litt\u00e9ratures fran\u00e7aises de l&#8217;Universit\u00e9 de Bergen, a le plaisir d&#8217;inviter \u00e0 une formation pour les professeurs de fran\u00e7ais \u00e0 Bergen. &nbsp; &nbsp; &nbsp; Quand ? Samedi 27 novembre de 9h30 \u00e0 16h30 O\u00f9 ? Sydneshaugen skole (UiB), Auditorium A, Bergen Qui et [&hellip;]<\/p>\n","protected":false},"author":1,"featured_media":1022,"comment_status":"closed","ping_status":"closed","sticky":false,"template":"","format":"standard","meta":{"footnotes":""},"categories":[13],"tags":[],"class_list":["post-1021","post","type-post","status-publish","format-standard","has-post-thumbnail","hentry","category-utdanning-og-fransk-sprak"],"yoast_head":"<!-- This site is optimized with the Yoast SEO plugin v24.2 - https:\/\/yoast.com\/wordpress\/plugins\/seo\/ -->\n<title>Seminar for franskl\u00e6rere i Bergen - Institut fran\u00e7ais<\/title>\n<meta name=\"robots\" content=\"index, follow, max-snippet:-1, max-image-preview:large, max-video-preview:-1\" \/>\n<link rel=\"canonical\" href=\"https:\/\/www.france.no\/no\/2021\/utdanning-og-fransk-sprak\/seminar-for-fransklaerere-i-bergen\/\" \/>\n<meta property=\"og:locale\" content=\"nb_NO\" \/>\n<meta property=\"og:type\" content=\"article\" \/>\n<meta property=\"og:title\" content=\"Seminar for franskl\u00e6rere i Bergen - Institut fran\u00e7ais\" \/>\n<meta property=\"og:description\" content=\"&nbsp; l&#8217;Institut fran\u00e7ais de Norv\u00e8ge, en partenariat avec le d\u00e9partement des langues et litt\u00e9ratures fran\u00e7aises de l&#8217;Universit\u00e9 de Bergen, a le plaisir d&#8217;inviter \u00e0 une formation pour les professeurs de fran\u00e7ais \u00e0 Bergen. &nbsp; &nbsp; &nbsp; Quand ? Samedi 27 novembre de 9h30 \u00e0 16h30 O\u00f9 ? Sydneshaugen skole (UiB), Auditorium A, Bergen Qui et [&hellip;]\" \/>\n<meta property=\"og:url\" content=\"https:\/\/www.france.no\/no\/2021\/utdanning-og-fransk-sprak\/seminar-for-fransklaerere-i-bergen\/\" \/>\n<meta property=\"og:site_name\" content=\"Institut fran\u00e7ais\" \/>\n<meta property=\"article:publisher\" content=\"https:\/\/www.facebook.com\/institutfrancaisoslo\" \/>\n<meta property=\"article:published_time\" content=\"2021-11-03T23:00:00+00:00\" \/>\n<meta property=\"og:image\" content=\"https:\/\/www.france.no\/wp-content\/uploads\/2022\/09\/bergen-1074x617.jpg\" \/>\n\t<meta property=\"og:image:width\" content=\"1074\" \/>\n\t<meta property=\"og:image:height\" content=\"806\" \/>\n\t<meta property=\"og:image:type\" content=\"image\/jpeg\" \/>\n<meta name=\"author\" content=\"admin_ifno\" \/>\n<meta name=\"twitter:card\" content=\"summary_large_image\" \/>\n<meta name=\"twitter:creator\" content=\"@ifnorvege\" \/>\n<meta name=\"twitter:site\" content=\"@ifnorvege\" \/>\n<meta name=\"twitter:label1\" content=\"Skrevet av\" \/>\n\t<meta name=\"twitter:data1\" content=\"admin_ifno\" \/>\n\t<meta name=\"twitter:label2\" content=\"Ansl. lesetid\" \/>\n\t<meta name=\"twitter:data2\" content=\"2 minutter\" \/>\n<script type=\"application\/ld+json\" class=\"yoast-schema-graph\">{\"@context\":\"https:\/\/schema.org\",\"@graph\":[{\"@type\":\"Article\",\"@id\":\"https:\/\/www.france.no\/no\/2021\/utdanning-og-fransk-sprak\/seminar-for-fransklaerere-i-bergen\/#article\",\"isPartOf\":{\"@id\":\"https:\/\/www.france.no\/no\/2021\/utdanning-og-fransk-sprak\/seminar-for-fransklaerere-i-bergen\/\"},\"author\":{\"name\":\"admin_ifno\",\"@id\":\"https:\/\/www.france.no\/no\/#\/schema\/person\/4fdc0b263d8f27bb00a55f55d2fa3ab0\"},\"headline\":\"Seminar for franskl\u00e6rere i Bergen\",\"datePublished\":\"2021-11-03T23:00:00+00:00\",\"dateModified\":\"2021-11-03T23:00:00+00:00\",\"mainEntityOfPage\":{\"@id\":\"https:\/\/www.france.no\/no\/2021\/utdanning-og-fransk-sprak\/seminar-for-fransklaerere-i-bergen\/\"},\"wordCount\":341,\"publisher\":{\"@id\":\"https:\/\/www.france.no\/no\/#organization\"},\"image\":{\"@id\":\"https:\/\/www.france.no\/no\/2021\/utdanning-og-fransk-sprak\/seminar-for-fransklaerere-i-bergen\/#primaryimage\"},\"thumbnailUrl\":\"https:\/\/www.france.no\/wp-content\/uploads\/2022\/09\/bergen-1074x617.jpg\",\"articleSection\":[\"Utdannelse og Fransk spr\u00e5ksamarbeid\"],\"inLanguage\":\"nb-NO\"},{\"@type\":\"WebPage\",\"@id\":\"https:\/\/www.france.no\/no\/2021\/utdanning-og-fransk-sprak\/seminar-for-fransklaerere-i-bergen\/\",\"url\":\"https:\/\/www.france.no\/no\/2021\/utdanning-og-fransk-sprak\/seminar-for-fransklaerere-i-bergen\/\",\"name\":\"Seminar for franskl\u00e6rere i Bergen - Institut fran\u00e7ais\",\"isPartOf\":{\"@id\":\"https:\/\/www.france.no\/no\/#website\"},\"primaryImageOfPage\":{\"@id\":\"https:\/\/www.france.no\/no\/2021\/utdanning-og-fransk-sprak\/seminar-for-fransklaerere-i-bergen\/#primaryimage\"},\"image\":{\"@id\":\"https:\/\/www.france.no\/no\/2021\/utdanning-og-fransk-sprak\/seminar-for-fransklaerere-i-bergen\/#primaryimage\"},\"thumbnailUrl\":\"https:\/\/www.france.no\/wp-content\/uploads\/2022\/09\/bergen-1074x617.jpg\",\"datePublished\":\"2021-11-03T23:00:00+00:00\",\"dateModified\":\"2021-11-03T23:00:00+00:00\",\"breadcrumb\":{\"@id\":\"https:\/\/www.france.no\/no\/2021\/utdanning-og-fransk-sprak\/seminar-for-fransklaerere-i-bergen\/#breadcrumb\"},\"inLanguage\":\"nb-NO\",\"potentialAction\":[{\"@type\":\"ReadAction\",\"target\":[\"https:\/\/www.france.no\/no\/2021\/utdanning-og-fransk-sprak\/seminar-for-fransklaerere-i-bergen\/\"]}]},{\"@type\":\"ImageObject\",\"inLanguage\":\"nb-NO\",\"@id\":\"https:\/\/www.france.no\/no\/2021\/utdanning-og-fransk-sprak\/seminar-for-fransklaerere-i-bergen\/#primaryimage\",\"url\":\"https:\/\/www.france.no\/wp-content\/uploads\/2022\/09\/bergen-1074x617.jpg\",\"contentUrl\":\"https:\/\/www.france.no\/wp-content\/uploads\/2022\/09\/bergen-1074x617.jpg\",\"width\":1074,\"height\":806},{\"@type\":\"BreadcrumbList\",\"@id\":\"https:\/\/www.france.no\/no\/2021\/utdanning-og-fransk-sprak\/seminar-for-fransklaerere-i-bergen\/#breadcrumb\",\"itemListElement\":[{\"@type\":\"ListItem\",\"position\":1,\"name\":\"\",\"item\":\"https:\/\/www.france.no\/no\/\"},{\"@type\":\"ListItem\",\"position\":2,\"name\":\"Utdannelse og Fransk spr\u00e5ksamarbeid\",\"item\":\"https:\/\/www.france.no\/no\/category\/utdanning-og-fransk-sprak\/\"},{\"@type\":\"ListItem\",\"position\":3,\"name\":\"Seminar for franskl\u00e6rere i Bergen\"}]},{\"@type\":\"WebSite\",\"@id\":\"https:\/\/www.france.no\/no\/#website\",\"url\":\"https:\/\/www.france.no\/no\/\",\"name\":\"Institut fran\u00e7ais\",\"description\":\"Norv\u00e8ge\",\"publisher\":{\"@id\":\"https:\/\/www.france.no\/no\/#organization\"},\"potentialAction\":[{\"@type\":\"SearchAction\",\"target\":{\"@type\":\"EntryPoint\",\"urlTemplate\":\"https:\/\/www.france.no\/no\/?s={search_term_string}\"},\"query-input\":{\"@type\":\"PropertyValueSpecification\",\"valueRequired\":true,\"valueName\":\"search_term_string\"}}],\"inLanguage\":\"nb-NO\"},{\"@type\":\"Organization\",\"@id\":\"https:\/\/www.france.no\/no\/#organization\",\"name\":\"Institut fran\u00e7ais\",\"url\":\"https:\/\/www.france.no\/no\/\",\"logo\":{\"@type\":\"ImageObject\",\"inLanguage\":\"nb-NO\",\"@id\":\"https:\/\/www.france.no\/no\/#\/schema\/logo\/image\/\",\"url\":\"https:\/\/www.france.no\/wp-content\/uploads\/2022\/11\/IF_Logo_Sans_Bleu_RVB.png\",\"contentUrl\":\"https:\/\/www.france.no\/wp-content\/uploads\/2022\/11\/IF_Logo_Sans_Bleu_RVB.png\",\"width\":852,\"height\":591,\"caption\":\"Institut fran\u00e7ais\"},\"image\":{\"@id\":\"https:\/\/www.france.no\/no\/#\/schema\/logo\/image\/\"},\"sameAs\":[\"https:\/\/www.facebook.com\/institutfrancaisoslo\",\"https:\/\/x.com\/ifnorvege\",\"https:\/\/instagram.com\/ifnorvege\"]},{\"@type\":\"Person\",\"@id\":\"https:\/\/www.france.no\/no\/#\/schema\/person\/4fdc0b263d8f27bb00a55f55d2fa3ab0\",\"name\":\"admin_ifno\",\"image\":{\"@type\":\"ImageObject\",\"inLanguage\":\"nb-NO\",\"@id\":\"https:\/\/www.france.no\/no\/#\/schema\/person\/image\/\",\"url\":\"https:\/\/secure.gravatar.com\/avatar\/20f70e61054e6ae673edda3c0dc13670e46e51786443041c70a7eb2da859ae2a?s=96&d=mm&r=g\",\"contentUrl\":\"https:\/\/secure.gravatar.com\/avatar\/20f70e61054e6ae673edda3c0dc13670e46e51786443041c70a7eb2da859ae2a?s=96&d=mm&r=g\",\"caption\":\"admin_ifno\"},\"sameAs\":[\"https:\/\/www.france.no\"],\"url\":\"https:\/\/www.france.no\/no\/author\/admin_ifno\/\"}]}<\/script>\n<!-- \/ Yoast SEO plugin. -->","yoast_head_json":{"title":"Seminar for franskl\u00e6rere i Bergen - Institut fran\u00e7ais","robots":{"index":"index","follow":"follow","max-snippet":"max-snippet:-1","max-image-preview":"max-image-preview:large","max-video-preview":"max-video-preview:-1"},"canonical":"https:\/\/www.france.no\/no\/2021\/utdanning-og-fransk-sprak\/seminar-for-fransklaerere-i-bergen\/","og_locale":"nb_NO","og_type":"article","og_title":"Seminar for franskl\u00e6rere i Bergen - Institut fran\u00e7ais","og_description":"&nbsp; l&#8217;Institut fran\u00e7ais de Norv\u00e8ge, en partenariat avec le d\u00e9partement des langues et litt\u00e9ratures fran\u00e7aises de l&#8217;Universit\u00e9 de Bergen, a le plaisir d&#8217;inviter \u00e0 une formation pour les professeurs de fran\u00e7ais \u00e0 Bergen. &nbsp; &nbsp; &nbsp; Quand ? Samedi 27 novembre de 9h30 \u00e0 16h30 O\u00f9 ? Sydneshaugen skole (UiB), Auditorium A, Bergen Qui et [&hellip;]","og_url":"https:\/\/www.france.no\/no\/2021\/utdanning-og-fransk-sprak\/seminar-for-fransklaerere-i-bergen\/","og_site_name":"Institut fran\u00e7ais","article_publisher":"https:\/\/www.facebook.com\/institutfrancaisoslo","article_published_time":"2021-11-03T23:00:00+00:00","og_image":[{"width":1074,"height":806,"url":"https:\/\/www.france.no\/wp-content\/uploads\/2022\/09\/bergen-1074x617.jpg","type":"image\/jpeg"}],"author":"admin_ifno","twitter_card":"summary_large_image","twitter_creator":"@ifnorvege","twitter_site":"@ifnorvege","twitter_misc":{"Skrevet av":"admin_ifno","Ansl. lesetid":"2 minutter"},"schema":{"@context":"https:\/\/schema.org","@graph":[{"@type":"Article","@id":"https:\/\/www.france.no\/no\/2021\/utdanning-og-fransk-sprak\/seminar-for-fransklaerere-i-bergen\/#article","isPartOf":{"@id":"https:\/\/www.france.no\/no\/2021\/utdanning-og-fransk-sprak\/seminar-for-fransklaerere-i-bergen\/"},"author":{"name":"admin_ifno","@id":"https:\/\/www.france.no\/no\/#\/schema\/person\/4fdc0b263d8f27bb00a55f55d2fa3ab0"},"headline":"Seminar for franskl\u00e6rere i Bergen","datePublished":"2021-11-03T23:00:00+00:00","dateModified":"2021-11-03T23:00:00+00:00","mainEntityOfPage":{"@id":"https:\/\/www.france.no\/no\/2021\/utdanning-og-fransk-sprak\/seminar-for-fransklaerere-i-bergen\/"},"wordCount":341,"publisher":{"@id":"https:\/\/www.france.no\/no\/#organization"},"image":{"@id":"https:\/\/www.france.no\/no\/2021\/utdanning-og-fransk-sprak\/seminar-for-fransklaerere-i-bergen\/#primaryimage"},"thumbnailUrl":"https:\/\/www.france.no\/wp-content\/uploads\/2022\/09\/bergen-1074x617.jpg","articleSection":["Utdannelse og Fransk spr\u00e5ksamarbeid"],"inLanguage":"nb-NO"},{"@type":"WebPage","@id":"https:\/\/www.france.no\/no\/2021\/utdanning-og-fransk-sprak\/seminar-for-fransklaerere-i-bergen\/","url":"https:\/\/www.france.no\/no\/2021\/utdanning-og-fransk-sprak\/seminar-for-fransklaerere-i-bergen\/","name":"Seminar for franskl\u00e6rere i Bergen - Institut fran\u00e7ais","isPartOf":{"@id":"https:\/\/www.france.no\/no\/#website"},"primaryImageOfPage":{"@id":"https:\/\/www.france.no\/no\/2021\/utdanning-og-fransk-sprak\/seminar-for-fransklaerere-i-bergen\/#primaryimage"},"image":{"@id":"https:\/\/www.france.no\/no\/2021\/utdanning-og-fransk-sprak\/seminar-for-fransklaerere-i-bergen\/#primaryimage"},"thumbnailUrl":"https:\/\/www.france.no\/wp-content\/uploads\/2022\/09\/bergen-1074x617.jpg","datePublished":"2021-11-03T23:00:00+00:00","dateModified":"2021-11-03T23:00:00+00:00","breadcrumb":{"@id":"https:\/\/www.france.no\/no\/2021\/utdanning-og-fransk-sprak\/seminar-for-fransklaerere-i-bergen\/#breadcrumb"},"inLanguage":"nb-NO","potentialAction":[{"@type":"ReadAction","target":["https:\/\/www.france.no\/no\/2021\/utdanning-og-fransk-sprak\/seminar-for-fransklaerere-i-bergen\/"]}]},{"@type":"ImageObject","inLanguage":"nb-NO","@id":"https:\/\/www.france.no\/no\/2021\/utdanning-og-fransk-sprak\/seminar-for-fransklaerere-i-bergen\/#primaryimage","url":"https:\/\/www.france.no\/wp-content\/uploads\/2022\/09\/bergen-1074x617.jpg","contentUrl":"https:\/\/www.france.no\/wp-content\/uploads\/2022\/09\/bergen-1074x617.jpg","width":1074,"height":806},{"@type":"BreadcrumbList","@id":"https:\/\/www.france.no\/no\/2021\/utdanning-og-fransk-sprak\/seminar-for-fransklaerere-i-bergen\/#breadcrumb","itemListElement":[{"@type":"ListItem","position":1,"name":"","item":"https:\/\/www.france.no\/no\/"},{"@type":"ListItem","position":2,"name":"Utdannelse og Fransk spr\u00e5ksamarbeid","item":"https:\/\/www.france.no\/no\/category\/utdanning-og-fransk-sprak\/"},{"@type":"ListItem","position":3,"name":"Seminar for franskl\u00e6rere i Bergen"}]},{"@type":"WebSite","@id":"https:\/\/www.france.no\/no\/#website","url":"https:\/\/www.france.no\/no\/","name":"Institut fran\u00e7ais","description":"Norv\u00e8ge","publisher":{"@id":"https:\/\/www.france.no\/no\/#organization"},"potentialAction":[{"@type":"SearchAction","target":{"@type":"EntryPoint","urlTemplate":"https:\/\/www.france.no\/no\/?s={search_term_string}"},"query-input":{"@type":"PropertyValueSpecification","valueRequired":true,"valueName":"search_term_string"}}],"inLanguage":"nb-NO"},{"@type":"Organization","@id":"https:\/\/www.france.no\/no\/#organization","name":"Institut fran\u00e7ais","url":"https:\/\/www.france.no\/no\/","logo":{"@type":"ImageObject","inLanguage":"nb-NO","@id":"https:\/\/www.france.no\/no\/#\/schema\/logo\/image\/","url":"https:\/\/www.france.no\/wp-content\/uploads\/2022\/11\/IF_Logo_Sans_Bleu_RVB.png","contentUrl":"https:\/\/www.france.no\/wp-content\/uploads\/2022\/11\/IF_Logo_Sans_Bleu_RVB.png","width":852,"height":591,"caption":"Institut fran\u00e7ais"},"image":{"@id":"https:\/\/www.france.no\/no\/#\/schema\/logo\/image\/"},"sameAs":["https:\/\/www.facebook.com\/institutfrancaisoslo","https:\/\/x.com\/ifnorvege","https:\/\/instagram.com\/ifnorvege"]},{"@type":"Person","@id":"https:\/\/www.france.no\/no\/#\/schema\/person\/4fdc0b263d8f27bb00a55f55d2fa3ab0","name":"admin_ifno","image":{"@type":"ImageObject","inLanguage":"nb-NO","@id":"https:\/\/www.france.no\/no\/#\/schema\/person\/image\/","url":"https:\/\/secure.gravatar.com\/avatar\/20f70e61054e6ae673edda3c0dc13670e46e51786443041c70a7eb2da859ae2a?s=96&d=mm&r=g","contentUrl":"https:\/\/secure.gravatar.com\/avatar\/20f70e61054e6ae673edda3c0dc13670e46e51786443041c70a7eb2da859ae2a?s=96&d=mm&r=g","caption":"admin_ifno"},"sameAs":["https:\/\/www.france.no"],"url":"https:\/\/www.france.no\/no\/author\/admin_ifno\/"}]}},"_links":{"self":[{"href":"https:\/\/www.france.no\/no\/wp-json\/wp\/v2\/posts\/1021","targetHints":{"allow":["GET"]}}],"collection":[{"href":"https:\/\/www.france.no\/no\/wp-json\/wp\/v2\/posts"}],"about":[{"href":"https:\/\/www.france.no\/no\/wp-json\/wp\/v2\/types\/post"}],"author":[{"embeddable":true,"href":"https:\/\/www.france.no\/no\/wp-json\/wp\/v2\/users\/1"}],"replies":[{"embeddable":true,"href":"https:\/\/www.france.no\/no\/wp-json\/wp\/v2\/comments?post=1021"}],"version-history":[{"count":0,"href":"https:\/\/www.france.no\/no\/wp-json\/wp\/v2\/posts\/1021\/revisions"}],"wp:featuredmedia":[{"embeddable":true,"href":"https:\/\/www.france.no\/no\/wp-json\/wp\/v2\/media\/1022"}],"wp:attachment":[{"href":"https:\/\/www.france.no\/no\/wp-json\/wp\/v2\/media?parent=1021"}],"wp:term":[{"taxonomy":"category","embeddable":true,"href":"https:\/\/www.france.no\/no\/wp-json\/wp\/v2\/categories?post=1021"},{"taxonomy":"post_tag","embeddable":true,"href":"https:\/\/www.france.no\/no\/wp-json\/wp\/v2\/tags?post=1021"}],"curies":[{"name":"wp","href":"https:\/\/api.w.org\/{rel}","templated":true}]}}