{"id":10263,"date":"2025-01-15T10:30:00","date_gmt":"2025-01-15T09:30:00","guid":{"rendered":"https:\/\/www.france.no\/?p=10263"},"modified":"2025-02-14T11:25:55","modified_gmt":"2025-02-14T10:25:55","slug":"studenter-i-stavanger-bergen-og-oslo-mot-campus-france-norge-pa-utdanningsmessen-i-din-by","status":"publish","type":"post","link":"https:\/\/www.france.no\/no\/2025\/universitetene\/studenter-i-stavanger-bergen-og-oslo-mot-campus-france-norge-pa-utdanningsmessen-i-din-by\/","title":{"rendered":"M\u00f8t Campus France Norge p\u00e5 utdanningsmessen i din by!"},"content":{"rendered":"\n<p><a href=\"https:\/\/www.norvege.campusfrance.org\/campus-france-norge\" target=\"_blank\" rel=\"noreferrer noopener\">Campus France Norge<\/a> deltar p\u00e5 \u00e5rets <em>Utdanning &amp; Karriere<\/em>-messe i flere byer. Dette er en unik mulighet for deg som er interessert i studier i Frankrike til \u00e5 f\u00e5 personlig veiledning og nyttig informasjon om hva som finnes av studiemuligheter.<\/p>\n\n\n\n<h4 class=\"wp-block-heading\">Her finner du oss<\/h4>\n\n\n\n<p><strong>Stavanger<\/strong><br>20.\u201321. januar 2025<\/p>\n\n\n\n<p><strong>Bergen<\/strong><br>23.\u201324. januar 2025<\/p>\n\n\n\n<p><strong>Oslo<\/strong><br>12.\u201313. februar 2025<\/p>\n\n\n\n<p>Ikke g\u00e5 glipp av denne muligheten! Utforsk hvordan du kan styrke din akademiske karriere og samtidig oppleve fransk kultur. R\u00e5dgivere fra Campus France vil v\u00e6re p\u00e5 plass for \u00e5 svare p\u00e5 sp\u00f8rsm\u00e5l om s\u00f8knadsprosess, studietilbud og finansieringsmuligheter.<\/p>\n\n\n\n<p>Uansett om du g\u00e5r p\u00e5 videreg\u00e5ende, studerer eller bare er nysgjerrig p\u00e5 studier i Frankrike, er du hjertelig velkommen til \u00e5 ta en prat med oss p\u00e5 v\u00e5r stand!<\/p>\n\n\n\n<p>For mer informasjon, kontakt oss p\u00e5: <a href=\"mailto:studier@france.no\">studier@france.no<\/a><\/p>\n","protected":false},"excerpt":{"rendered":"<p>Campus France Norge deltar p\u00e5 \u00e5rets Utdanning &amp; Karriere-messe i flere byer. Dette er en unik mulighet for deg som er interessert i studier i Frankrike til \u00e5 f\u00e5 personlig veiledning og nyttig informasjon om hva som finnes av studiemuligheter. Her finner du oss Stavanger20.\u201321. januar 2025 Bergen23.\u201324. januar 2025 Oslo12.\u201313. februar 2025 Ikke g\u00e5 [&hellip;]<\/p>\n","protected":false},"author":6,"featured_media":10248,"comment_status":"closed","ping_status":"closed","sticky":false,"template":"","format":"standard","meta":{"footnotes":""},"categories":[15],"tags":[],"class_list":["post-10263","post","type-post","status-publish","format-standard","has-post-thumbnail","hentry","category-universitetene"],"yoast_head":"<!-- This site is optimized with the Yoast SEO plugin v24.2 - https:\/\/yoast.com\/wordpress\/plugins\/seo\/ -->\n<title>M\u00f8t Campus France Norge p\u00e5 utdanningsmessen i din by! - Institut fran\u00e7ais<\/title>\n<meta name=\"robots\" content=\"index, follow, max-snippet:-1, max-image-preview:large, max-video-preview:-1\" \/>\n<link rel=\"canonical\" href=\"https:\/\/www.france.no\/no\/2025\/universitetene\/studenter-i-stavanger-bergen-og-oslo-mot-campus-france-norge-pa-utdanningsmessen-i-din-by\/\" \/>\n<meta property=\"og:locale\" content=\"nb_NO\" \/>\n<meta property=\"og:type\" content=\"article\" \/>\n<meta property=\"og:title\" content=\"M\u00f8t Campus France Norge p\u00e5 utdanningsmessen i din by! - Institut fran\u00e7ais\" \/>\n<meta property=\"og:description\" content=\"Campus France Norge deltar p\u00e5 \u00e5rets Utdanning &amp; Karriere-messe i flere byer. Dette er en unik mulighet for deg som er interessert i studier i Frankrike til \u00e5 f\u00e5 personlig veiledning og nyttig informasjon om hva som finnes av studiemuligheter. Her finner du oss Stavanger20.\u201321. januar 2025 Bergen23.\u201324. januar 2025 Oslo12.\u201313. februar 2025 Ikke g\u00e5 [&hellip;]\" \/>\n<meta property=\"og:url\" content=\"https:\/\/www.france.no\/no\/2025\/universitetene\/studenter-i-stavanger-bergen-og-oslo-mot-campus-france-norge-pa-utdanningsmessen-i-din-by\/\" \/>\n<meta property=\"og:site_name\" content=\"Institut fran\u00e7ais\" \/>\n<meta property=\"article:publisher\" content=\"https:\/\/www.facebook.com\/institutfrancaisoslo\" \/>\n<meta property=\"article:published_time\" content=\"2025-01-15T09:30:00+00:00\" \/>\n<meta property=\"article:modified_time\" content=\"2025-02-14T10:25:55+00:00\" \/>\n<meta property=\"og:image\" content=\"https:\/\/www.france.no\/wp-content\/uploads\/2025\/01\/Campus-France-Utdanning-Karriere-NO-1098x617.png\" \/>\n\t<meta property=\"og:image:width\" content=\"3431\" \/>\n\t<meta property=\"og:image:height\" content=\"1928\" \/>\n\t<meta property=\"og:image:type\" content=\"image\/png\" \/>\n<meta name=\"author\" content=\"P\u00f4le Communication\" \/>\n<meta name=\"twitter:card\" content=\"summary_large_image\" \/>\n<meta name=\"twitter:creator\" content=\"@ifnorvege\" \/>\n<meta name=\"twitter:site\" content=\"@ifnorvege\" \/>\n<meta name=\"twitter:label1\" content=\"Skrevet av\" \/>\n\t<meta name=\"twitter:data1\" content=\"P\u00f4le Communication\" \/>\n\t<meta name=\"twitter:label2\" content=\"Ansl. lesetid\" \/>\n\t<meta name=\"twitter:data2\" content=\"1 minutt\" \/>\n<script type=\"application\/ld+json\" class=\"yoast-schema-graph\">{\"@context\":\"https:\/\/schema.org\",\"@graph\":[{\"@type\":\"Article\",\"@id\":\"https:\/\/www.france.no\/no\/2025\/universitetene\/studenter-i-stavanger-bergen-og-oslo-mot-campus-france-norge-pa-utdanningsmessen-i-din-by\/#article\",\"isPartOf\":{\"@id\":\"https:\/\/www.france.no\/no\/2025\/universitetene\/studenter-i-stavanger-bergen-og-oslo-mot-campus-france-norge-pa-utdanningsmessen-i-din-by\/\"},\"author\":{\"name\":\"P\u00f4le Communication\",\"@id\":\"https:\/\/www.france.no\/no\/#\/schema\/person\/e911222e8703f294589a6d80b1c16f97\"},\"headline\":\"M\u00f8t Campus France Norge p\u00e5 utdanningsmessen i din by!\",\"datePublished\":\"2025-01-15T09:30:00+00:00\",\"dateModified\":\"2025-02-14T10:25:55+00:00\",\"mainEntityOfPage\":{\"@id\":\"https:\/\/www.france.no\/no\/2025\/universitetene\/studenter-i-stavanger-bergen-og-oslo-mot-campus-france-norge-pa-utdanningsmessen-i-din-by\/\"},\"wordCount\":140,\"publisher\":{\"@id\":\"https:\/\/www.france.no\/no\/#organization\"},\"image\":{\"@id\":\"https:\/\/www.france.no\/no\/2025\/universitetene\/studenter-i-stavanger-bergen-og-oslo-mot-campus-france-norge-pa-utdanningsmessen-i-din-by\/#primaryimage\"},\"thumbnailUrl\":\"https:\/\/www.france.no\/wp-content\/uploads\/2025\/01\/Campus-France-Utdanning-Karriere-NO-1098x617.png\",\"articleSection\":[\"Universiteter\"],\"inLanguage\":\"nb-NO\"},{\"@type\":\"WebPage\",\"@id\":\"https:\/\/www.france.no\/no\/2025\/universitetene\/studenter-i-stavanger-bergen-og-oslo-mot-campus-france-norge-pa-utdanningsmessen-i-din-by\/\",\"url\":\"https:\/\/www.france.no\/no\/2025\/universitetene\/studenter-i-stavanger-bergen-og-oslo-mot-campus-france-norge-pa-utdanningsmessen-i-din-by\/\",\"name\":\"M\u00f8t Campus France Norge p\u00e5 utdanningsmessen i din by! - Institut fran\u00e7ais\",\"isPartOf\":{\"@id\":\"https:\/\/www.france.no\/no\/#website\"},\"primaryImageOfPage\":{\"@id\":\"https:\/\/www.france.no\/no\/2025\/universitetene\/studenter-i-stavanger-bergen-og-oslo-mot-campus-france-norge-pa-utdanningsmessen-i-din-by\/#primaryimage\"},\"image\":{\"@id\":\"https:\/\/www.france.no\/no\/2025\/universitetene\/studenter-i-stavanger-bergen-og-oslo-mot-campus-france-norge-pa-utdanningsmessen-i-din-by\/#primaryimage\"},\"thumbnailUrl\":\"https:\/\/www.france.no\/wp-content\/uploads\/2025\/01\/Campus-France-Utdanning-Karriere-NO-1098x617.png\",\"datePublished\":\"2025-01-15T09:30:00+00:00\",\"dateModified\":\"2025-02-14T10:25:55+00:00\",\"breadcrumb\":{\"@id\":\"https:\/\/www.france.no\/no\/2025\/universitetene\/studenter-i-stavanger-bergen-og-oslo-mot-campus-france-norge-pa-utdanningsmessen-i-din-by\/#breadcrumb\"},\"inLanguage\":\"nb-NO\",\"potentialAction\":[{\"@type\":\"ReadAction\",\"target\":[\"https:\/\/www.france.no\/no\/2025\/universitetene\/studenter-i-stavanger-bergen-og-oslo-mot-campus-france-norge-pa-utdanningsmessen-i-din-by\/\"]}]},{\"@type\":\"ImageObject\",\"inLanguage\":\"nb-NO\",\"@id\":\"https:\/\/www.france.no\/no\/2025\/universitetene\/studenter-i-stavanger-bergen-og-oslo-mot-campus-france-norge-pa-utdanningsmessen-i-din-by\/#primaryimage\",\"url\":\"https:\/\/www.france.no\/wp-content\/uploads\/2025\/01\/Campus-France-Utdanning-Karriere-NO-1098x617.png\",\"contentUrl\":\"https:\/\/www.france.no\/wp-content\/uploads\/2025\/01\/Campus-France-Utdanning-Karriere-NO-1098x617.png\",\"width\":3431,\"height\":1928},{\"@type\":\"BreadcrumbList\",\"@id\":\"https:\/\/www.france.no\/no\/2025\/universitetene\/studenter-i-stavanger-bergen-og-oslo-mot-campus-france-norge-pa-utdanningsmessen-i-din-by\/#breadcrumb\",\"itemListElement\":[{\"@type\":\"ListItem\",\"position\":1,\"name\":\"\",\"item\":\"https:\/\/www.france.no\/no\/\"},{\"@type\":\"ListItem\",\"position\":2,\"name\":\"M\u00f8t Campus France Norge p\u00e5 utdanningsmessen i din by!\"}]},{\"@type\":\"WebSite\",\"@id\":\"https:\/\/www.france.no\/no\/#website\",\"url\":\"https:\/\/www.france.no\/no\/\",\"name\":\"Institut fran\u00e7ais\",\"description\":\"Norv\u00e8ge\",\"publisher\":{\"@id\":\"https:\/\/www.france.no\/no\/#organization\"},\"potentialAction\":[{\"@type\":\"SearchAction\",\"target\":{\"@type\":\"EntryPoint\",\"urlTemplate\":\"https:\/\/www.france.no\/no\/?s={search_term_string}\"},\"query-input\":{\"@type\":\"PropertyValueSpecification\",\"valueRequired\":true,\"valueName\":\"search_term_string\"}}],\"inLanguage\":\"nb-NO\"},{\"@type\":\"Organization\",\"@id\":\"https:\/\/www.france.no\/no\/#organization\",\"name\":\"Institut fran\u00e7ais\",\"url\":\"https:\/\/www.france.no\/no\/\",\"logo\":{\"@type\":\"ImageObject\",\"inLanguage\":\"nb-NO\",\"@id\":\"https:\/\/www.france.no\/no\/#\/schema\/logo\/image\/\",\"url\":\"https:\/\/www.france.no\/wp-content\/uploads\/2022\/11\/IF_Logo_Sans_Bleu_RVB.png\",\"contentUrl\":\"https:\/\/www.france.no\/wp-content\/uploads\/2022\/11\/IF_Logo_Sans_Bleu_RVB.png\",\"width\":852,\"height\":591,\"caption\":\"Institut fran\u00e7ais\"},\"image\":{\"@id\":\"https:\/\/www.france.no\/no\/#\/schema\/logo\/image\/\"},\"sameAs\":[\"https:\/\/www.facebook.com\/institutfrancaisoslo\",\"https:\/\/x.com\/ifnorvege\",\"https:\/\/instagram.com\/ifnorvege\"]},{\"@type\":\"Person\",\"@id\":\"https:\/\/www.france.no\/no\/#\/schema\/person\/e911222e8703f294589a6d80b1c16f97\",\"name\":\"P\u00f4le Communication\",\"image\":{\"@type\":\"ImageObject\",\"inLanguage\":\"nb-NO\",\"@id\":\"https:\/\/www.france.no\/no\/#\/schema\/person\/image\/\",\"url\":\"https:\/\/secure.gravatar.com\/avatar\/20ae085a8b5fd613a02d28588389144802d3ba9408c852b2c6c7c4b17cc39660?s=96&d=mm&r=g\",\"contentUrl\":\"https:\/\/secure.gravatar.com\/avatar\/20ae085a8b5fd613a02d28588389144802d3ba9408c852b2c6c7c4b17cc39660?s=96&d=mm&r=g\",\"caption\":\"P\u00f4le Communication\"},\"url\":\"https:\/\/www.france.no\/no\/author\/polecom\/\"}]}<\/script>\n<!-- \/ Yoast SEO plugin. -->","yoast_head_json":{"title":"M\u00f8t Campus France Norge p\u00e5 utdanningsmessen i din by! - Institut fran\u00e7ais","robots":{"index":"index","follow":"follow","max-snippet":"max-snippet:-1","max-image-preview":"max-image-preview:large","max-video-preview":"max-video-preview:-1"},"canonical":"https:\/\/www.france.no\/no\/2025\/universitetene\/studenter-i-stavanger-bergen-og-oslo-mot-campus-france-norge-pa-utdanningsmessen-i-din-by\/","og_locale":"nb_NO","og_type":"article","og_title":"M\u00f8t Campus France Norge p\u00e5 utdanningsmessen i din by! - Institut fran\u00e7ais","og_description":"Campus France Norge deltar p\u00e5 \u00e5rets Utdanning &amp; Karriere-messe i flere byer. Dette er en unik mulighet for deg som er interessert i studier i Frankrike til \u00e5 f\u00e5 personlig veiledning og nyttig informasjon om hva som finnes av studiemuligheter. Her finner du oss Stavanger20.\u201321. januar 2025 Bergen23.\u201324. januar 2025 Oslo12.\u201313. februar 2025 Ikke g\u00e5 [&hellip;]","og_url":"https:\/\/www.france.no\/no\/2025\/universitetene\/studenter-i-stavanger-bergen-og-oslo-mot-campus-france-norge-pa-utdanningsmessen-i-din-by\/","og_site_name":"Institut fran\u00e7ais","article_publisher":"https:\/\/www.facebook.com\/institutfrancaisoslo","article_published_time":"2025-01-15T09:30:00+00:00","article_modified_time":"2025-02-14T10:25:55+00:00","og_image":[{"width":3431,"height":1928,"url":"https:\/\/www.france.no\/wp-content\/uploads\/2025\/01\/Campus-France-Utdanning-Karriere-NO-1098x617.png","type":"image\/png"}],"author":"P\u00f4le Communication","twitter_card":"summary_large_image","twitter_creator":"@ifnorvege","twitter_site":"@ifnorvege","twitter_misc":{"Skrevet av":"P\u00f4le Communication","Ansl. lesetid":"1 minutt"},"schema":{"@context":"https:\/\/schema.org","@graph":[{"@type":"Article","@id":"https:\/\/www.france.no\/no\/2025\/universitetene\/studenter-i-stavanger-bergen-og-oslo-mot-campus-france-norge-pa-utdanningsmessen-i-din-by\/#article","isPartOf":{"@id":"https:\/\/www.france.no\/no\/2025\/universitetene\/studenter-i-stavanger-bergen-og-oslo-mot-campus-france-norge-pa-utdanningsmessen-i-din-by\/"},"author":{"name":"P\u00f4le Communication","@id":"https:\/\/www.france.no\/no\/#\/schema\/person\/e911222e8703f294589a6d80b1c16f97"},"headline":"M\u00f8t Campus France Norge p\u00e5 utdanningsmessen i din by!","datePublished":"2025-01-15T09:30:00+00:00","dateModified":"2025-02-14T10:25:55+00:00","mainEntityOfPage":{"@id":"https:\/\/www.france.no\/no\/2025\/universitetene\/studenter-i-stavanger-bergen-og-oslo-mot-campus-france-norge-pa-utdanningsmessen-i-din-by\/"},"wordCount":140,"publisher":{"@id":"https:\/\/www.france.no\/no\/#organization"},"image":{"@id":"https:\/\/www.france.no\/no\/2025\/universitetene\/studenter-i-stavanger-bergen-og-oslo-mot-campus-france-norge-pa-utdanningsmessen-i-din-by\/#primaryimage"},"thumbnailUrl":"https:\/\/www.france.no\/wp-content\/uploads\/2025\/01\/Campus-France-Utdanning-Karriere-NO-1098x617.png","articleSection":["Universiteter"],"inLanguage":"nb-NO"},{"@type":"WebPage","@id":"https:\/\/www.france.no\/no\/2025\/universitetene\/studenter-i-stavanger-bergen-og-oslo-mot-campus-france-norge-pa-utdanningsmessen-i-din-by\/","url":"https:\/\/www.france.no\/no\/2025\/universitetene\/studenter-i-stavanger-bergen-og-oslo-mot-campus-france-norge-pa-utdanningsmessen-i-din-by\/","name":"M\u00f8t Campus France Norge p\u00e5 utdanningsmessen i din by! - Institut fran\u00e7ais","isPartOf":{"@id":"https:\/\/www.france.no\/no\/#website"},"primaryImageOfPage":{"@id":"https:\/\/www.france.no\/no\/2025\/universitetene\/studenter-i-stavanger-bergen-og-oslo-mot-campus-france-norge-pa-utdanningsmessen-i-din-by\/#primaryimage"},"image":{"@id":"https:\/\/www.france.no\/no\/2025\/universitetene\/studenter-i-stavanger-bergen-og-oslo-mot-campus-france-norge-pa-utdanningsmessen-i-din-by\/#primaryimage"},"thumbnailUrl":"https:\/\/www.france.no\/wp-content\/uploads\/2025\/01\/Campus-France-Utdanning-Karriere-NO-1098x617.png","datePublished":"2025-01-15T09:30:00+00:00","dateModified":"2025-02-14T10:25:55+00:00","breadcrumb":{"@id":"https:\/\/www.france.no\/no\/2025\/universitetene\/studenter-i-stavanger-bergen-og-oslo-mot-campus-france-norge-pa-utdanningsmessen-i-din-by\/#breadcrumb"},"inLanguage":"nb-NO","potentialAction":[{"@type":"ReadAction","target":["https:\/\/www.france.no\/no\/2025\/universitetene\/studenter-i-stavanger-bergen-og-oslo-mot-campus-france-norge-pa-utdanningsmessen-i-din-by\/"]}]},{"@type":"ImageObject","inLanguage":"nb-NO","@id":"https:\/\/www.france.no\/no\/2025\/universitetene\/studenter-i-stavanger-bergen-og-oslo-mot-campus-france-norge-pa-utdanningsmessen-i-din-by\/#primaryimage","url":"https:\/\/www.france.no\/wp-content\/uploads\/2025\/01\/Campus-France-Utdanning-Karriere-NO-1098x617.png","contentUrl":"https:\/\/www.france.no\/wp-content\/uploads\/2025\/01\/Campus-France-Utdanning-Karriere-NO-1098x617.png","width":3431,"height":1928},{"@type":"BreadcrumbList","@id":"https:\/\/www.france.no\/no\/2025\/universitetene\/studenter-i-stavanger-bergen-og-oslo-mot-campus-france-norge-pa-utdanningsmessen-i-din-by\/#breadcrumb","itemListElement":[{"@type":"ListItem","position":1,"name":"","item":"https:\/\/www.france.no\/no\/"},{"@type":"ListItem","position":2,"name":"M\u00f8t Campus France Norge p\u00e5 utdanningsmessen i din by!"}]},{"@type":"WebSite","@id":"https:\/\/www.france.no\/no\/#website","url":"https:\/\/www.france.no\/no\/","name":"Institut fran\u00e7ais","description":"Norv\u00e8ge","publisher":{"@id":"https:\/\/www.france.no\/no\/#organization"},"potentialAction":[{"@type":"SearchAction","target":{"@type":"EntryPoint","urlTemplate":"https:\/\/www.france.no\/no\/?s={search_term_string}"},"query-input":{"@type":"PropertyValueSpecification","valueRequired":true,"valueName":"search_term_string"}}],"inLanguage":"nb-NO"},{"@type":"Organization","@id":"https:\/\/www.france.no\/no\/#organization","name":"Institut fran\u00e7ais","url":"https:\/\/www.france.no\/no\/","logo":{"@type":"ImageObject","inLanguage":"nb-NO","@id":"https:\/\/www.france.no\/no\/#\/schema\/logo\/image\/","url":"https:\/\/www.france.no\/wp-content\/uploads\/2022\/11\/IF_Logo_Sans_Bleu_RVB.png","contentUrl":"https:\/\/www.france.no\/wp-content\/uploads\/2022\/11\/IF_Logo_Sans_Bleu_RVB.png","width":852,"height":591,"caption":"Institut fran\u00e7ais"},"image":{"@id":"https:\/\/www.france.no\/no\/#\/schema\/logo\/image\/"},"sameAs":["https:\/\/www.facebook.com\/institutfrancaisoslo","https:\/\/x.com\/ifnorvege","https:\/\/instagram.com\/ifnorvege"]},{"@type":"Person","@id":"https:\/\/www.france.no\/no\/#\/schema\/person\/e911222e8703f294589a6d80b1c16f97","name":"P\u00f4le Communication","image":{"@type":"ImageObject","inLanguage":"nb-NO","@id":"https:\/\/www.france.no\/no\/#\/schema\/person\/image\/","url":"https:\/\/secure.gravatar.com\/avatar\/20ae085a8b5fd613a02d28588389144802d3ba9408c852b2c6c7c4b17cc39660?s=96&d=mm&r=g","contentUrl":"https:\/\/secure.gravatar.com\/avatar\/20ae085a8b5fd613a02d28588389144802d3ba9408c852b2c6c7c4b17cc39660?s=96&d=mm&r=g","caption":"P\u00f4le Communication"},"url":"https:\/\/www.france.no\/no\/author\/polecom\/"}]}},"_links":{"self":[{"href":"https:\/\/www.france.no\/no\/wp-json\/wp\/v2\/posts\/10263","targetHints":{"allow":["GET"]}}],"collection":[{"href":"https:\/\/www.france.no\/no\/wp-json\/wp\/v2\/posts"}],"about":[{"href":"https:\/\/www.france.no\/no\/wp-json\/wp\/v2\/types\/post"}],"author":[{"embeddable":true,"href":"https:\/\/www.france.no\/no\/wp-json\/wp\/v2\/users\/6"}],"replies":[{"embeddable":true,"href":"https:\/\/www.france.no\/no\/wp-json\/wp\/v2\/comments?post=10263"}],"version-history":[{"count":4,"href":"https:\/\/www.france.no\/no\/wp-json\/wp\/v2\/posts\/10263\/revisions"}],"predecessor-version":[{"id":11184,"href":"https:\/\/www.france.no\/no\/wp-json\/wp\/v2\/posts\/10263\/revisions\/11184"}],"wp:featuredmedia":[{"embeddable":true,"href":"https:\/\/www.france.no\/no\/wp-json\/wp\/v2\/media\/10248"}],"wp:attachment":[{"href":"https:\/\/www.france.no\/no\/wp-json\/wp\/v2\/media?parent=10263"}],"wp:term":[{"taxonomy":"category","embeddable":true,"href":"https:\/\/www.france.no\/no\/wp-json\/wp\/v2\/categories?post=10263"},{"taxonomy":"post_tag","embeddable":true,"href":"https:\/\/www.france.no\/no\/wp-json\/wp\/v2\/tags?post=10263"}],"curies":[{"name":"wp","href":"https:\/\/api.w.org\/{rel}","templated":true}]}}