{"id":1040,"date":"2021-10-12T00:00:00","date_gmt":"2021-10-11T22:00:00","guid":{"rendered":"https:\/\/www.france.no\/2021\/kultur\/simone-de-beauvoir-en-feminist-av-var-tid\/"},"modified":"2021-10-12T00:00:00","modified_gmt":"2021-10-11T22:00:00","slug":"simone-de-beauvoir-en-feminist-av-var-tid","status":"publish","type":"post","link":"https:\/\/www.france.no\/no\/2021\/kultur\/simone-de-beauvoir-en-feminist-av-var-tid\/","title":{"rendered":"Simone de Beauvoir \u2013 en feminist av v\u00e5r tid?"},"content":{"rendered":"<p><strong>Simone de Beauvoir<\/strong> er en av det 20. \u00e5rhundrets st\u00f8rste filosofer og feminister. En kontinuerlig tematikk og r\u00f8d tr\u00e5d i de Beauvoirs forfatterskap er kvinnens trange rammer i samfunnet og i samlivet, og ikke minst det evige frihetsprosjektet og frihetskampen kvinner m\u00e5 kjempe om og om igjen for ikke \u00e5 bli underlagt menn. Kan en kvinne i dagens samfunn noen gang bli fri? Hva bet\u00f8d Simone de Beauvoirs feminisme i hennes tid og hva betyr den i dag? Pax Forlag inviterer til panelsamtale i lys av de to 2021-utgivelsene <em>De uadskillelige<\/em> (Les ins\u00e9parables) og <em>Misforst\u00e5else i Moskva<\/em> (Malentendu \u00e0 Moscou). I <em>De uadskillelige<\/em> er det den yngre generasjonen som st\u00e5r i sentrum, mens det i <em>Misforst\u00e5else i Moskva<\/em> er den godt voksne og middelaldrende generasjonen de Beauvoir konsentrerer seg om.\u00a0<\/p>\n<p><strong>Samtalen vil foreg\u00e5 p\u00e5 norsk p\u00e5 Institut Fran\u00e7ais de Norv\u00e8ge i Holtegata 29 i Oslo fra kl. 18.00 til 19.00.<\/strong><\/p>\n<p><strong>Arrangementet er gratis, men du m\u00e5 melde deg p\u00e5 via Institut Fran\u00e7ais de Norv\u00e8ge. P\u00e5meldingsinformasjon ligger nederst p\u00e5 siden. <\/strong>Du vil f\u00e5 bekreftelse p\u00e5 din p\u00e5melding. Det vil bli lett servering.<\/p>\n<p>Den markante feminststemmen <strong>Ida Pallin Bostadl\u00f8kken<\/strong>\u00a0skal lede kveldens samtale mellom <strong>Tove Pettersen<\/strong>, <strong>Geir Uvsl\u00f8kk<\/strong> og <strong>Silje Aasnes Fagerlund<\/strong>. Ida Bostadl\u00f8kken er journalist og bokhandler, hun startet nylig opp Feministisk bokhandel.<\/p>\n<p><strong>Tove Pettersen<\/strong> er\u00a0professor\u00a0i\u00a0filosofi ved\u00a0Senter for tverrfaglig <strong>kj\u00f8nnsforskning<\/strong> ved UiO. Hun har spesialisert seg p\u00e5 feministisk filosofi, og er s\u00e6rlig kjent for sitt engasjement innen omsorgsetikk, Simone de Beauvoirs filosofi og feministisk filosofihistorie. Tove Pettersen ledet The International Simone de Beauvoir Society (2016\u20132019).<\/p>\n<p><strong>Geir Uvsl\u00f8kk<\/strong> er f\u00f8rsteamanuensis i fransk litteratur og omr\u00e5dekunnskap ved UiO. Han har skrevet boken <em>Jean Genet. Une \u00e9criture des perversions<\/em> (Rodopi\/Brill, 2011) og vitenskapelige artikler om fransk litteratur fra 1800-, 1900- og 2000-tallet. Geir Uvsl\u00f8kk er blant de fagansvarlige for Frankrikes litteratur i Store norske leksikon.<\/p>\n<p><strong>Silje Aanes Fagerlund<\/strong> har studert litteratur i b\u00e5de Bergen og Oslo, og har oversatt b\u00f8kene\u00a0<em>\u00c9crire<\/em>\u00a0(\u00c5 skrive) og\u00a0<em>C&#8217;est tout<\/em>\u00a0(Det er alt)\u00a0av Marguerite Duras. Hun har selv skrevet romanen <em>Eneste.<\/em><\/p>\n<p>En viktig debatt som du ikke m\u00e5 g\u00e5 glipp av!<\/p>\n\n","protected":false},"excerpt":{"rendered":"<p>Simone de Beauvoir er en av det 20. \u00e5rhundrets st\u00f8rste filosofer og feminister. En kontinuerlig tematikk og r\u00f8d tr\u00e5d i de Beauvoirs forfatterskap er kvinnens trange rammer i samfunnet og i samlivet, og ikke minst det evige frihetsprosjektet og frihetskampen kvinner m\u00e5 kjempe om og om igjen for ikke \u00e5 bli underlagt menn. Kan en [&hellip;]<\/p>\n","protected":false},"author":1,"featured_media":1041,"comment_status":"closed","ping_status":"closed","sticky":false,"template":"","format":"standard","meta":{"footnotes":""},"categories":[5],"tags":[],"class_list":["post-1040","post","type-post","status-publish","format-standard","has-post-thumbnail","hentry","category-kultur"],"yoast_head":"<!-- This site is optimized with the Yoast SEO plugin v24.2 - https:\/\/yoast.com\/wordpress\/plugins\/seo\/ -->\n<title>Simone de Beauvoir \u2013 en feminist av v\u00e5r tid? - Institut fran\u00e7ais<\/title>\n<meta name=\"robots\" content=\"index, follow, max-snippet:-1, max-image-preview:large, max-video-preview:-1\" \/>\n<link rel=\"canonical\" href=\"https:\/\/www.france.no\/no\/2021\/kultur\/simone-de-beauvoir-en-feminist-av-var-tid\/\" \/>\n<meta property=\"og:locale\" content=\"nb_NO\" \/>\n<meta property=\"og:type\" content=\"article\" \/>\n<meta property=\"og:title\" content=\"Simone de Beauvoir \u2013 en feminist av v\u00e5r tid? - Institut fran\u00e7ais\" \/>\n<meta property=\"og:description\" content=\"Simone de Beauvoir er en av det 20. \u00e5rhundrets st\u00f8rste filosofer og feminister. En kontinuerlig tematikk og r\u00f8d tr\u00e5d i de Beauvoirs forfatterskap er kvinnens trange rammer i samfunnet og i samlivet, og ikke minst det evige frihetsprosjektet og frihetskampen kvinner m\u00e5 kjempe om og om igjen for ikke \u00e5 bli underlagt menn. Kan en [&hellip;]\" \/>\n<meta property=\"og:url\" content=\"https:\/\/www.france.no\/no\/2021\/kultur\/simone-de-beauvoir-en-feminist-av-var-tid\/\" \/>\n<meta property=\"og:site_name\" content=\"Institut fran\u00e7ais\" \/>\n<meta property=\"article:publisher\" content=\"https:\/\/www.facebook.com\/institutfrancaisoslo\" \/>\n<meta property=\"article:published_time\" content=\"2021-10-11T22:00:00+00:00\" \/>\n<meta property=\"og:image\" content=\"https:\/\/www.france.no\/wp-content\/uploads\/2022\/09\/image-beauvoir-arrangement-1098x617.png\" \/>\n\t<meta property=\"og:image:width\" content=\"1200\" \/>\n\t<meta property=\"og:image:height\" content=\"628\" \/>\n\t<meta property=\"og:image:type\" content=\"image\/png\" \/>\n<meta name=\"author\" content=\"admin_ifno\" \/>\n<meta name=\"twitter:card\" content=\"summary_large_image\" \/>\n<meta name=\"twitter:creator\" content=\"@ifnorvege\" \/>\n<meta name=\"twitter:site\" content=\"@ifnorvege\" \/>\n<meta name=\"twitter:label1\" content=\"Skrevet av\" \/>\n\t<meta name=\"twitter:data1\" content=\"admin_ifno\" \/>\n\t<meta name=\"twitter:label2\" content=\"Ansl. lesetid\" \/>\n\t<meta name=\"twitter:data2\" content=\"2 minutter\" \/>\n<script type=\"application\/ld+json\" class=\"yoast-schema-graph\">{\"@context\":\"https:\/\/schema.org\",\"@graph\":[{\"@type\":\"Article\",\"@id\":\"https:\/\/www.france.no\/no\/2021\/kultur\/simone-de-beauvoir-en-feminist-av-var-tid\/#article\",\"isPartOf\":{\"@id\":\"https:\/\/www.france.no\/no\/2021\/kultur\/simone-de-beauvoir-en-feminist-av-var-tid\/\"},\"author\":{\"name\":\"admin_ifno\",\"@id\":\"https:\/\/www.france.no\/no\/#\/schema\/person\/4fdc0b263d8f27bb00a55f55d2fa3ab0\"},\"headline\":\"Simone de Beauvoir \u2013 en feminist av v\u00e5r tid?\",\"datePublished\":\"2021-10-11T22:00:00+00:00\",\"dateModified\":\"2021-10-11T22:00:00+00:00\",\"mainEntityOfPage\":{\"@id\":\"https:\/\/www.france.no\/no\/2021\/kultur\/simone-de-beauvoir-en-feminist-av-var-tid\/\"},\"wordCount\":381,\"publisher\":{\"@id\":\"https:\/\/www.france.no\/no\/#organization\"},\"image\":{\"@id\":\"https:\/\/www.france.no\/no\/2021\/kultur\/simone-de-beauvoir-en-feminist-av-var-tid\/#primaryimage\"},\"thumbnailUrl\":\"https:\/\/www.france.no\/wp-content\/uploads\/2022\/09\/image-beauvoir-arrangement-1098x617.png\",\"articleSection\":[\"Kultur\"],\"inLanguage\":\"nb-NO\"},{\"@type\":\"WebPage\",\"@id\":\"https:\/\/www.france.no\/no\/2021\/kultur\/simone-de-beauvoir-en-feminist-av-var-tid\/\",\"url\":\"https:\/\/www.france.no\/no\/2021\/kultur\/simone-de-beauvoir-en-feminist-av-var-tid\/\",\"name\":\"Simone de Beauvoir \u2013 en feminist av v\u00e5r tid? - Institut fran\u00e7ais\",\"isPartOf\":{\"@id\":\"https:\/\/www.france.no\/no\/#website\"},\"primaryImageOfPage\":{\"@id\":\"https:\/\/www.france.no\/no\/2021\/kultur\/simone-de-beauvoir-en-feminist-av-var-tid\/#primaryimage\"},\"image\":{\"@id\":\"https:\/\/www.france.no\/no\/2021\/kultur\/simone-de-beauvoir-en-feminist-av-var-tid\/#primaryimage\"},\"thumbnailUrl\":\"https:\/\/www.france.no\/wp-content\/uploads\/2022\/09\/image-beauvoir-arrangement-1098x617.png\",\"datePublished\":\"2021-10-11T22:00:00+00:00\",\"dateModified\":\"2021-10-11T22:00:00+00:00\",\"breadcrumb\":{\"@id\":\"https:\/\/www.france.no\/no\/2021\/kultur\/simone-de-beauvoir-en-feminist-av-var-tid\/#breadcrumb\"},\"inLanguage\":\"nb-NO\",\"potentialAction\":[{\"@type\":\"ReadAction\",\"target\":[\"https:\/\/www.france.no\/no\/2021\/kultur\/simone-de-beauvoir-en-feminist-av-var-tid\/\"]}]},{\"@type\":\"ImageObject\",\"inLanguage\":\"nb-NO\",\"@id\":\"https:\/\/www.france.no\/no\/2021\/kultur\/simone-de-beauvoir-en-feminist-av-var-tid\/#primaryimage\",\"url\":\"https:\/\/www.france.no\/wp-content\/uploads\/2022\/09\/image-beauvoir-arrangement-1098x617.png\",\"contentUrl\":\"https:\/\/www.france.no\/wp-content\/uploads\/2022\/09\/image-beauvoir-arrangement-1098x617.png\",\"width\":1200,\"height\":628},{\"@type\":\"BreadcrumbList\",\"@id\":\"https:\/\/www.france.no\/no\/2021\/kultur\/simone-de-beauvoir-en-feminist-av-var-tid\/#breadcrumb\",\"itemListElement\":[{\"@type\":\"ListItem\",\"position\":1,\"name\":\"\",\"item\":\"https:\/\/www.france.no\/no\/\"},{\"@type\":\"ListItem\",\"position\":2,\"name\":\"Kultur\",\"item\":\"https:\/\/www.france.no\/no\/category\/kultur\/\"},{\"@type\":\"ListItem\",\"position\":3,\"name\":\"Simone de Beauvoir \u2013 en feminist av v\u00e5r tid?\"}]},{\"@type\":\"WebSite\",\"@id\":\"https:\/\/www.france.no\/no\/#website\",\"url\":\"https:\/\/www.france.no\/no\/\",\"name\":\"Institut fran\u00e7ais\",\"description\":\"Norv\u00e8ge\",\"publisher\":{\"@id\":\"https:\/\/www.france.no\/no\/#organization\"},\"potentialAction\":[{\"@type\":\"SearchAction\",\"target\":{\"@type\":\"EntryPoint\",\"urlTemplate\":\"https:\/\/www.france.no\/no\/?s={search_term_string}\"},\"query-input\":{\"@type\":\"PropertyValueSpecification\",\"valueRequired\":true,\"valueName\":\"search_term_string\"}}],\"inLanguage\":\"nb-NO\"},{\"@type\":\"Organization\",\"@id\":\"https:\/\/www.france.no\/no\/#organization\",\"name\":\"Institut fran\u00e7ais\",\"url\":\"https:\/\/www.france.no\/no\/\",\"logo\":{\"@type\":\"ImageObject\",\"inLanguage\":\"nb-NO\",\"@id\":\"https:\/\/www.france.no\/no\/#\/schema\/logo\/image\/\",\"url\":\"https:\/\/www.france.no\/wp-content\/uploads\/2022\/11\/IF_Logo_Sans_Bleu_RVB.png\",\"contentUrl\":\"https:\/\/www.france.no\/wp-content\/uploads\/2022\/11\/IF_Logo_Sans_Bleu_RVB.png\",\"width\":852,\"height\":591,\"caption\":\"Institut fran\u00e7ais\"},\"image\":{\"@id\":\"https:\/\/www.france.no\/no\/#\/schema\/logo\/image\/\"},\"sameAs\":[\"https:\/\/www.facebook.com\/institutfrancaisoslo\",\"https:\/\/x.com\/ifnorvege\",\"https:\/\/instagram.com\/ifnorvege\"]},{\"@type\":\"Person\",\"@id\":\"https:\/\/www.france.no\/no\/#\/schema\/person\/4fdc0b263d8f27bb00a55f55d2fa3ab0\",\"name\":\"admin_ifno\",\"image\":{\"@type\":\"ImageObject\",\"inLanguage\":\"nb-NO\",\"@id\":\"https:\/\/www.france.no\/no\/#\/schema\/person\/image\/\",\"url\":\"https:\/\/secure.gravatar.com\/avatar\/20f70e61054e6ae673edda3c0dc13670e46e51786443041c70a7eb2da859ae2a?s=96&d=mm&r=g\",\"contentUrl\":\"https:\/\/secure.gravatar.com\/avatar\/20f70e61054e6ae673edda3c0dc13670e46e51786443041c70a7eb2da859ae2a?s=96&d=mm&r=g\",\"caption\":\"admin_ifno\"},\"sameAs\":[\"https:\/\/www.france.no\"],\"url\":\"https:\/\/www.france.no\/no\/author\/admin_ifno\/\"}]}<\/script>\n<!-- \/ Yoast SEO plugin. -->","yoast_head_json":{"title":"Simone de Beauvoir \u2013 en feminist av v\u00e5r tid? - Institut fran\u00e7ais","robots":{"index":"index","follow":"follow","max-snippet":"max-snippet:-1","max-image-preview":"max-image-preview:large","max-video-preview":"max-video-preview:-1"},"canonical":"https:\/\/www.france.no\/no\/2021\/kultur\/simone-de-beauvoir-en-feminist-av-var-tid\/","og_locale":"nb_NO","og_type":"article","og_title":"Simone de Beauvoir \u2013 en feminist av v\u00e5r tid? - Institut fran\u00e7ais","og_description":"Simone de Beauvoir er en av det 20. \u00e5rhundrets st\u00f8rste filosofer og feminister. En kontinuerlig tematikk og r\u00f8d tr\u00e5d i de Beauvoirs forfatterskap er kvinnens trange rammer i samfunnet og i samlivet, og ikke minst det evige frihetsprosjektet og frihetskampen kvinner m\u00e5 kjempe om og om igjen for ikke \u00e5 bli underlagt menn. Kan en [&hellip;]","og_url":"https:\/\/www.france.no\/no\/2021\/kultur\/simone-de-beauvoir-en-feminist-av-var-tid\/","og_site_name":"Institut fran\u00e7ais","article_publisher":"https:\/\/www.facebook.com\/institutfrancaisoslo","article_published_time":"2021-10-11T22:00:00+00:00","og_image":[{"width":1200,"height":628,"url":"https:\/\/www.france.no\/wp-content\/uploads\/2022\/09\/image-beauvoir-arrangement-1098x617.png","type":"image\/png"}],"author":"admin_ifno","twitter_card":"summary_large_image","twitter_creator":"@ifnorvege","twitter_site":"@ifnorvege","twitter_misc":{"Skrevet av":"admin_ifno","Ansl. lesetid":"2 minutter"},"schema":{"@context":"https:\/\/schema.org","@graph":[{"@type":"Article","@id":"https:\/\/www.france.no\/no\/2021\/kultur\/simone-de-beauvoir-en-feminist-av-var-tid\/#article","isPartOf":{"@id":"https:\/\/www.france.no\/no\/2021\/kultur\/simone-de-beauvoir-en-feminist-av-var-tid\/"},"author":{"name":"admin_ifno","@id":"https:\/\/www.france.no\/no\/#\/schema\/person\/4fdc0b263d8f27bb00a55f55d2fa3ab0"},"headline":"Simone de Beauvoir \u2013 en feminist av v\u00e5r tid?","datePublished":"2021-10-11T22:00:00+00:00","dateModified":"2021-10-11T22:00:00+00:00","mainEntityOfPage":{"@id":"https:\/\/www.france.no\/no\/2021\/kultur\/simone-de-beauvoir-en-feminist-av-var-tid\/"},"wordCount":381,"publisher":{"@id":"https:\/\/www.france.no\/no\/#organization"},"image":{"@id":"https:\/\/www.france.no\/no\/2021\/kultur\/simone-de-beauvoir-en-feminist-av-var-tid\/#primaryimage"},"thumbnailUrl":"https:\/\/www.france.no\/wp-content\/uploads\/2022\/09\/image-beauvoir-arrangement-1098x617.png","articleSection":["Kultur"],"inLanguage":"nb-NO"},{"@type":"WebPage","@id":"https:\/\/www.france.no\/no\/2021\/kultur\/simone-de-beauvoir-en-feminist-av-var-tid\/","url":"https:\/\/www.france.no\/no\/2021\/kultur\/simone-de-beauvoir-en-feminist-av-var-tid\/","name":"Simone de Beauvoir \u2013 en feminist av v\u00e5r tid? - Institut fran\u00e7ais","isPartOf":{"@id":"https:\/\/www.france.no\/no\/#website"},"primaryImageOfPage":{"@id":"https:\/\/www.france.no\/no\/2021\/kultur\/simone-de-beauvoir-en-feminist-av-var-tid\/#primaryimage"},"image":{"@id":"https:\/\/www.france.no\/no\/2021\/kultur\/simone-de-beauvoir-en-feminist-av-var-tid\/#primaryimage"},"thumbnailUrl":"https:\/\/www.france.no\/wp-content\/uploads\/2022\/09\/image-beauvoir-arrangement-1098x617.png","datePublished":"2021-10-11T22:00:00+00:00","dateModified":"2021-10-11T22:00:00+00:00","breadcrumb":{"@id":"https:\/\/www.france.no\/no\/2021\/kultur\/simone-de-beauvoir-en-feminist-av-var-tid\/#breadcrumb"},"inLanguage":"nb-NO","potentialAction":[{"@type":"ReadAction","target":["https:\/\/www.france.no\/no\/2021\/kultur\/simone-de-beauvoir-en-feminist-av-var-tid\/"]}]},{"@type":"ImageObject","inLanguage":"nb-NO","@id":"https:\/\/www.france.no\/no\/2021\/kultur\/simone-de-beauvoir-en-feminist-av-var-tid\/#primaryimage","url":"https:\/\/www.france.no\/wp-content\/uploads\/2022\/09\/image-beauvoir-arrangement-1098x617.png","contentUrl":"https:\/\/www.france.no\/wp-content\/uploads\/2022\/09\/image-beauvoir-arrangement-1098x617.png","width":1200,"height":628},{"@type":"BreadcrumbList","@id":"https:\/\/www.france.no\/no\/2021\/kultur\/simone-de-beauvoir-en-feminist-av-var-tid\/#breadcrumb","itemListElement":[{"@type":"ListItem","position":1,"name":"","item":"https:\/\/www.france.no\/no\/"},{"@type":"ListItem","position":2,"name":"Kultur","item":"https:\/\/www.france.no\/no\/category\/kultur\/"},{"@type":"ListItem","position":3,"name":"Simone de Beauvoir \u2013 en feminist av v\u00e5r tid?"}]},{"@type":"WebSite","@id":"https:\/\/www.france.no\/no\/#website","url":"https:\/\/www.france.no\/no\/","name":"Institut fran\u00e7ais","description":"Norv\u00e8ge","publisher":{"@id":"https:\/\/www.france.no\/no\/#organization"},"potentialAction":[{"@type":"SearchAction","target":{"@type":"EntryPoint","urlTemplate":"https:\/\/www.france.no\/no\/?s={search_term_string}"},"query-input":{"@type":"PropertyValueSpecification","valueRequired":true,"valueName":"search_term_string"}}],"inLanguage":"nb-NO"},{"@type":"Organization","@id":"https:\/\/www.france.no\/no\/#organization","name":"Institut fran\u00e7ais","url":"https:\/\/www.france.no\/no\/","logo":{"@type":"ImageObject","inLanguage":"nb-NO","@id":"https:\/\/www.france.no\/no\/#\/schema\/logo\/image\/","url":"https:\/\/www.france.no\/wp-content\/uploads\/2022\/11\/IF_Logo_Sans_Bleu_RVB.png","contentUrl":"https:\/\/www.france.no\/wp-content\/uploads\/2022\/11\/IF_Logo_Sans_Bleu_RVB.png","width":852,"height":591,"caption":"Institut fran\u00e7ais"},"image":{"@id":"https:\/\/www.france.no\/no\/#\/schema\/logo\/image\/"},"sameAs":["https:\/\/www.facebook.com\/institutfrancaisoslo","https:\/\/x.com\/ifnorvege","https:\/\/instagram.com\/ifnorvege"]},{"@type":"Person","@id":"https:\/\/www.france.no\/no\/#\/schema\/person\/4fdc0b263d8f27bb00a55f55d2fa3ab0","name":"admin_ifno","image":{"@type":"ImageObject","inLanguage":"nb-NO","@id":"https:\/\/www.france.no\/no\/#\/schema\/person\/image\/","url":"https:\/\/secure.gravatar.com\/avatar\/20f70e61054e6ae673edda3c0dc13670e46e51786443041c70a7eb2da859ae2a?s=96&d=mm&r=g","contentUrl":"https:\/\/secure.gravatar.com\/avatar\/20f70e61054e6ae673edda3c0dc13670e46e51786443041c70a7eb2da859ae2a?s=96&d=mm&r=g","caption":"admin_ifno"},"sameAs":["https:\/\/www.france.no"],"url":"https:\/\/www.france.no\/no\/author\/admin_ifno\/"}]}},"_links":{"self":[{"href":"https:\/\/www.france.no\/no\/wp-json\/wp\/v2\/posts\/1040","targetHints":{"allow":["GET"]}}],"collection":[{"href":"https:\/\/www.france.no\/no\/wp-json\/wp\/v2\/posts"}],"about":[{"href":"https:\/\/www.france.no\/no\/wp-json\/wp\/v2\/types\/post"}],"author":[{"embeddable":true,"href":"https:\/\/www.france.no\/no\/wp-json\/wp\/v2\/users\/1"}],"replies":[{"embeddable":true,"href":"https:\/\/www.france.no\/no\/wp-json\/wp\/v2\/comments?post=1040"}],"version-history":[{"count":0,"href":"https:\/\/www.france.no\/no\/wp-json\/wp\/v2\/posts\/1040\/revisions"}],"wp:featuredmedia":[{"embeddable":true,"href":"https:\/\/www.france.no\/no\/wp-json\/wp\/v2\/media\/1041"}],"wp:attachment":[{"href":"https:\/\/www.france.no\/no\/wp-json\/wp\/v2\/media?parent=1040"}],"wp:term":[{"taxonomy":"category","embeddable":true,"href":"https:\/\/www.france.no\/no\/wp-json\/wp\/v2\/categories?post=1040"},{"taxonomy":"post_tag","embeddable":true,"href":"https:\/\/www.france.no\/no\/wp-json\/wp\/v2\/tags?post=1040"}],"curies":[{"name":"wp","href":"https:\/\/api.w.org\/{rel}","templated":true}]}}