{"id":1080,"date":"2021-09-13T00:00:00","date_gmt":"2021-09-12T22:00:00","guid":{"rendered":"https:\/\/www.france.no\/2021\/kultur\/prix-francais-2021-for-hostustillingen\/"},"modified":"2021-09-13T00:00:00","modified_gmt":"2021-09-12T22:00:00","slug":"prix-francais-2021-for-hostustillingen","status":"publish","type":"post","link":"https:\/\/www.france.no\/no\/2021\/kultur\/prix-francais-2021-for-hostustillingen\/","title":{"rendered":"PRIX FRAN\u00c7AIS 2021 FOR H\u00d8STUSTILLINGEN !"},"content":{"rendered":"<p><strong>Meera Manjit Kaur<\/strong> er den heldige vinneren av <strong>Prix Fran\u00e7ais 2021<\/strong> for sitt verk <em><strong>Til India Fra Norge<\/strong><\/em>!<\/p>\n<p>Hvert annet \u00e5r bel\u00f8nner Prix Fran\u00e7ais en artist presentert i rammen av <strong>H\u00f8stutstillingen<\/strong> i Oslo. I \u00e5r var juryen sammensatt av <strong>Hanan Benammar<\/strong>, en fransk-algerisk kurator bosatt i Norge, og den franske kuratoren <strong>Th\u00e9o-Mario Coppola<\/strong>.<\/p>\n<p>Vinneren f\u00e5r sjansen til \u00e5 delta p\u00e5 franskundervisning f\u00f8r hun flyr til Paris for et 3-m\u00e5neders kunstnerisk opphold p\u00e5 Cit\u00e9 Internationale des Arts. Prisen hennes ble overrakt henne l\u00f8rdag 11. september av den franske Ambassad\u00f8ren i Norge <strong>Pierre-Mathieu Duhamel<\/strong>. Den nye direkt\u00f8ren av Institut fran\u00e7ais de Norv\u00e8ge, <strong>Sophie Delporte<\/strong>, var ogs\u00e5 til stede. Ved siden av vinneren, <strong>Solveig Landa<\/strong>, president i den nasjonale juryen, og <strong>Hanne Gudrun Gulljord<\/strong>, utstillingsleder.<\/p>\n<p>G\u00e5 og oppdag verket hennes, men ogs\u00e5 de 107 andre norske verkene som ble presentert, innenfor rammen av H\u00f8stutstillingen p\u00e5 Kunsternes Hus i Oslo til 17. oktober!<\/p>\n<p><a href=\"https:\/\/www.france.no\/wp-content\/uploads\/2022\/09\/whatsapp-image-2021-09-13-at-09.34.04.jpg\"><img loading=\"lazy\" decoding=\"async\" class=\"wp-image-24091 aligncenter\" src=\"https:\/\/www.france.no\/wp-content\/uploads\/2022\/09\/whatsapp-image-2021-09-13-at-09.34.04.jpg\" alt='' width=\"554\" height=\"417\" \/><\/a><a href=\"https:\/\/www.france.no\/wp-content\/uploads\/2022\/09\/whatsapp-image-2021-09-13-at-09.34.23.jpg\"><img loading=\"lazy\" decoding=\"async\" class=\"wp-image-24094 aligncenter\" src=\"https:\/\/www.france.no\/wp-content\/uploads\/2022\/09\/whatsapp-image-2021-09-13-at-09.34.23.jpg\" alt='' width=\"553\" height=\"415\" \/><\/a><\/p>\n","protected":false},"excerpt":{"rendered":"<p>Meera Manjit Kaur er den heldige vinneren av Prix Fran\u00e7ais 2021 for sitt verk Til India Fra Norge! Hvert annet \u00e5r bel\u00f8nner Prix Fran\u00e7ais en artist presentert i rammen av H\u00f8stutstillingen i Oslo. I \u00e5r var juryen sammensatt av Hanan Benammar, en fransk-algerisk kurator bosatt i Norge, og den franske kuratoren Th\u00e9o-Mario Coppola. Vinneren f\u00e5r [&hellip;]<\/p>\n","protected":false},"author":1,"featured_media":1078,"comment_status":"closed","ping_status":"closed","sticky":false,"template":"","format":"standard","meta":{"footnotes":""},"categories":[5],"tags":[],"class_list":["post-1080","post","type-post","status-publish","format-standard","has-post-thumbnail","hentry","category-kultur"],"yoast_head":"<!-- This site is optimized with the Yoast SEO plugin v24.2 - https:\/\/yoast.com\/wordpress\/plugins\/seo\/ -->\n<title>PRIX FRAN\u00c7AIS 2021 FOR H\u00d8STUSTILLINGEN ! - Institut fran\u00e7ais<\/title>\n<meta name=\"robots\" content=\"index, follow, max-snippet:-1, max-image-preview:large, max-video-preview:-1\" \/>\n<link rel=\"canonical\" href=\"https:\/\/www.france.no\/no\/2021\/kultur\/prix-francais-2021-for-hostustillingen\/\" \/>\n<meta property=\"og:locale\" content=\"nb_NO\" \/>\n<meta property=\"og:type\" content=\"article\" \/>\n<meta property=\"og:title\" content=\"PRIX FRAN\u00c7AIS 2021 FOR H\u00d8STUSTILLINGEN ! - Institut fran\u00e7ais\" \/>\n<meta property=\"og:description\" content=\"Meera Manjit Kaur er den heldige vinneren av Prix Fran\u00e7ais 2021 for sitt verk Til India Fra Norge! Hvert annet \u00e5r bel\u00f8nner Prix Fran\u00e7ais en artist presentert i rammen av H\u00f8stutstillingen i Oslo. I \u00e5r var juryen sammensatt av Hanan Benammar, en fransk-algerisk kurator bosatt i Norge, og den franske kuratoren Th\u00e9o-Mario Coppola. Vinneren f\u00e5r [&hellip;]\" \/>\n<meta property=\"og:url\" content=\"https:\/\/www.france.no\/no\/2021\/kultur\/prix-francais-2021-for-hostustillingen\/\" \/>\n<meta property=\"og:site_name\" content=\"Institut fran\u00e7ais\" \/>\n<meta property=\"article:publisher\" content=\"https:\/\/www.facebook.com\/institutfrancaisoslo\" \/>\n<meta property=\"article:published_time\" content=\"2021-09-12T22:00:00+00:00\" \/>\n<meta property=\"og:image\" content=\"https:\/\/www.france.no\/wp-content\/uploads\/2022\/09\/whatsapp-image-2021-09-11-at-15.02.04-1098x617.jpeg\" \/>\n\t<meta property=\"og:image:width\" content=\"1600\" \/>\n\t<meta property=\"og:image:height\" content=\"1200\" \/>\n\t<meta property=\"og:image:type\" content=\"image\/jpeg\" \/>\n<meta name=\"author\" content=\"admin_ifno\" \/>\n<meta name=\"twitter:card\" content=\"summary_large_image\" \/>\n<meta name=\"twitter:creator\" content=\"@ifnorvege\" \/>\n<meta name=\"twitter:site\" content=\"@ifnorvege\" \/>\n<meta name=\"twitter:label1\" content=\"Skrevet av\" \/>\n\t<meta name=\"twitter:data1\" content=\"admin_ifno\" \/>\n\t<meta name=\"twitter:label2\" content=\"Ansl. lesetid\" \/>\n\t<meta name=\"twitter:data2\" content=\"1 minutt\" \/>\n<script type=\"application\/ld+json\" class=\"yoast-schema-graph\">{\"@context\":\"https:\/\/schema.org\",\"@graph\":[{\"@type\":\"Article\",\"@id\":\"https:\/\/www.france.no\/no\/2021\/kultur\/prix-francais-2021-for-hostustillingen\/#article\",\"isPartOf\":{\"@id\":\"https:\/\/www.france.no\/no\/2021\/kultur\/prix-francais-2021-for-hostustillingen\/\"},\"author\":{\"name\":\"admin_ifno\",\"@id\":\"https:\/\/www.france.no\/no\/#\/schema\/person\/4fdc0b263d8f27bb00a55f55d2fa3ab0\"},\"headline\":\"PRIX FRAN\u00c7AIS 2021 FOR H\u00d8STUSTILLINGEN !\",\"datePublished\":\"2021-09-12T22:00:00+00:00\",\"dateModified\":\"2021-09-12T22:00:00+00:00\",\"mainEntityOfPage\":{\"@id\":\"https:\/\/www.france.no\/no\/2021\/kultur\/prix-francais-2021-for-hostustillingen\/\"},\"wordCount\":164,\"publisher\":{\"@id\":\"https:\/\/www.france.no\/no\/#organization\"},\"image\":{\"@id\":\"https:\/\/www.france.no\/no\/2021\/kultur\/prix-francais-2021-for-hostustillingen\/#primaryimage\"},\"thumbnailUrl\":\"https:\/\/www.france.no\/wp-content\/uploads\/2022\/09\/whatsapp-image-2021-09-11-at-15.02.04-1098x617.jpeg\",\"articleSection\":[\"Kultur\"],\"inLanguage\":\"nb-NO\"},{\"@type\":\"WebPage\",\"@id\":\"https:\/\/www.france.no\/no\/2021\/kultur\/prix-francais-2021-for-hostustillingen\/\",\"url\":\"https:\/\/www.france.no\/no\/2021\/kultur\/prix-francais-2021-for-hostustillingen\/\",\"name\":\"PRIX FRAN\u00c7AIS 2021 FOR H\u00d8STUSTILLINGEN ! - Institut fran\u00e7ais\",\"isPartOf\":{\"@id\":\"https:\/\/www.france.no\/no\/#website\"},\"primaryImageOfPage\":{\"@id\":\"https:\/\/www.france.no\/no\/2021\/kultur\/prix-francais-2021-for-hostustillingen\/#primaryimage\"},\"image\":{\"@id\":\"https:\/\/www.france.no\/no\/2021\/kultur\/prix-francais-2021-for-hostustillingen\/#primaryimage\"},\"thumbnailUrl\":\"https:\/\/www.france.no\/wp-content\/uploads\/2022\/09\/whatsapp-image-2021-09-11-at-15.02.04-1098x617.jpeg\",\"datePublished\":\"2021-09-12T22:00:00+00:00\",\"dateModified\":\"2021-09-12T22:00:00+00:00\",\"breadcrumb\":{\"@id\":\"https:\/\/www.france.no\/no\/2021\/kultur\/prix-francais-2021-for-hostustillingen\/#breadcrumb\"},\"inLanguage\":\"nb-NO\",\"potentialAction\":[{\"@type\":\"ReadAction\",\"target\":[\"https:\/\/www.france.no\/no\/2021\/kultur\/prix-francais-2021-for-hostustillingen\/\"]}]},{\"@type\":\"ImageObject\",\"inLanguage\":\"nb-NO\",\"@id\":\"https:\/\/www.france.no\/no\/2021\/kultur\/prix-francais-2021-for-hostustillingen\/#primaryimage\",\"url\":\"https:\/\/www.france.no\/wp-content\/uploads\/2022\/09\/whatsapp-image-2021-09-11-at-15.02.04-1098x617.jpeg\",\"contentUrl\":\"https:\/\/www.france.no\/wp-content\/uploads\/2022\/09\/whatsapp-image-2021-09-11-at-15.02.04-1098x617.jpeg\",\"width\":1600,\"height\":1200},{\"@type\":\"BreadcrumbList\",\"@id\":\"https:\/\/www.france.no\/no\/2021\/kultur\/prix-francais-2021-for-hostustillingen\/#breadcrumb\",\"itemListElement\":[{\"@type\":\"ListItem\",\"position\":1,\"name\":\"\",\"item\":\"https:\/\/www.france.no\/no\/\"},{\"@type\":\"ListItem\",\"position\":2,\"name\":\"Kultur\",\"item\":\"https:\/\/www.france.no\/no\/category\/kultur\/\"},{\"@type\":\"ListItem\",\"position\":3,\"name\":\"PRIX FRAN\u00c7AIS 2021 FOR H\u00d8STUSTILLINGEN !\"}]},{\"@type\":\"WebSite\",\"@id\":\"https:\/\/www.france.no\/no\/#website\",\"url\":\"https:\/\/www.france.no\/no\/\",\"name\":\"Institut fran\u00e7ais\",\"description\":\"Norv\u00e8ge\",\"publisher\":{\"@id\":\"https:\/\/www.france.no\/no\/#organization\"},\"potentialAction\":[{\"@type\":\"SearchAction\",\"target\":{\"@type\":\"EntryPoint\",\"urlTemplate\":\"https:\/\/www.france.no\/no\/?s={search_term_string}\"},\"query-input\":{\"@type\":\"PropertyValueSpecification\",\"valueRequired\":true,\"valueName\":\"search_term_string\"}}],\"inLanguage\":\"nb-NO\"},{\"@type\":\"Organization\",\"@id\":\"https:\/\/www.france.no\/no\/#organization\",\"name\":\"Institut fran\u00e7ais\",\"url\":\"https:\/\/www.france.no\/no\/\",\"logo\":{\"@type\":\"ImageObject\",\"inLanguage\":\"nb-NO\",\"@id\":\"https:\/\/www.france.no\/no\/#\/schema\/logo\/image\/\",\"url\":\"https:\/\/www.france.no\/wp-content\/uploads\/2022\/11\/IF_Logo_Sans_Bleu_RVB.png\",\"contentUrl\":\"https:\/\/www.france.no\/wp-content\/uploads\/2022\/11\/IF_Logo_Sans_Bleu_RVB.png\",\"width\":852,\"height\":591,\"caption\":\"Institut fran\u00e7ais\"},\"image\":{\"@id\":\"https:\/\/www.france.no\/no\/#\/schema\/logo\/image\/\"},\"sameAs\":[\"https:\/\/www.facebook.com\/institutfrancaisoslo\",\"https:\/\/x.com\/ifnorvege\",\"https:\/\/instagram.com\/ifnorvege\"]},{\"@type\":\"Person\",\"@id\":\"https:\/\/www.france.no\/no\/#\/schema\/person\/4fdc0b263d8f27bb00a55f55d2fa3ab0\",\"name\":\"admin_ifno\",\"image\":{\"@type\":\"ImageObject\",\"inLanguage\":\"nb-NO\",\"@id\":\"https:\/\/www.france.no\/no\/#\/schema\/person\/image\/\",\"url\":\"https:\/\/secure.gravatar.com\/avatar\/20f70e61054e6ae673edda3c0dc13670e46e51786443041c70a7eb2da859ae2a?s=96&d=mm&r=g\",\"contentUrl\":\"https:\/\/secure.gravatar.com\/avatar\/20f70e61054e6ae673edda3c0dc13670e46e51786443041c70a7eb2da859ae2a?s=96&d=mm&r=g\",\"caption\":\"admin_ifno\"},\"sameAs\":[\"https:\/\/www.france.no\"],\"url\":\"https:\/\/www.france.no\/no\/author\/admin_ifno\/\"}]}<\/script>\n<!-- \/ Yoast SEO plugin. -->","yoast_head_json":{"title":"PRIX FRAN\u00c7AIS 2021 FOR H\u00d8STUSTILLINGEN ! - Institut fran\u00e7ais","robots":{"index":"index","follow":"follow","max-snippet":"max-snippet:-1","max-image-preview":"max-image-preview:large","max-video-preview":"max-video-preview:-1"},"canonical":"https:\/\/www.france.no\/no\/2021\/kultur\/prix-francais-2021-for-hostustillingen\/","og_locale":"nb_NO","og_type":"article","og_title":"PRIX FRAN\u00c7AIS 2021 FOR H\u00d8STUSTILLINGEN ! - Institut fran\u00e7ais","og_description":"Meera Manjit Kaur er den heldige vinneren av Prix Fran\u00e7ais 2021 for sitt verk Til India Fra Norge! Hvert annet \u00e5r bel\u00f8nner Prix Fran\u00e7ais en artist presentert i rammen av H\u00f8stutstillingen i Oslo. I \u00e5r var juryen sammensatt av Hanan Benammar, en fransk-algerisk kurator bosatt i Norge, og den franske kuratoren Th\u00e9o-Mario Coppola. Vinneren f\u00e5r [&hellip;]","og_url":"https:\/\/www.france.no\/no\/2021\/kultur\/prix-francais-2021-for-hostustillingen\/","og_site_name":"Institut fran\u00e7ais","article_publisher":"https:\/\/www.facebook.com\/institutfrancaisoslo","article_published_time":"2021-09-12T22:00:00+00:00","og_image":[{"width":1600,"height":1200,"url":"https:\/\/www.france.no\/wp-content\/uploads\/2022\/09\/whatsapp-image-2021-09-11-at-15.02.04-1098x617.jpeg","type":"image\/jpeg"}],"author":"admin_ifno","twitter_card":"summary_large_image","twitter_creator":"@ifnorvege","twitter_site":"@ifnorvege","twitter_misc":{"Skrevet av":"admin_ifno","Ansl. lesetid":"1 minutt"},"schema":{"@context":"https:\/\/schema.org","@graph":[{"@type":"Article","@id":"https:\/\/www.france.no\/no\/2021\/kultur\/prix-francais-2021-for-hostustillingen\/#article","isPartOf":{"@id":"https:\/\/www.france.no\/no\/2021\/kultur\/prix-francais-2021-for-hostustillingen\/"},"author":{"name":"admin_ifno","@id":"https:\/\/www.france.no\/no\/#\/schema\/person\/4fdc0b263d8f27bb00a55f55d2fa3ab0"},"headline":"PRIX FRAN\u00c7AIS 2021 FOR H\u00d8STUSTILLINGEN !","datePublished":"2021-09-12T22:00:00+00:00","dateModified":"2021-09-12T22:00:00+00:00","mainEntityOfPage":{"@id":"https:\/\/www.france.no\/no\/2021\/kultur\/prix-francais-2021-for-hostustillingen\/"},"wordCount":164,"publisher":{"@id":"https:\/\/www.france.no\/no\/#organization"},"image":{"@id":"https:\/\/www.france.no\/no\/2021\/kultur\/prix-francais-2021-for-hostustillingen\/#primaryimage"},"thumbnailUrl":"https:\/\/www.france.no\/wp-content\/uploads\/2022\/09\/whatsapp-image-2021-09-11-at-15.02.04-1098x617.jpeg","articleSection":["Kultur"],"inLanguage":"nb-NO"},{"@type":"WebPage","@id":"https:\/\/www.france.no\/no\/2021\/kultur\/prix-francais-2021-for-hostustillingen\/","url":"https:\/\/www.france.no\/no\/2021\/kultur\/prix-francais-2021-for-hostustillingen\/","name":"PRIX FRAN\u00c7AIS 2021 FOR H\u00d8STUSTILLINGEN ! - Institut fran\u00e7ais","isPartOf":{"@id":"https:\/\/www.france.no\/no\/#website"},"primaryImageOfPage":{"@id":"https:\/\/www.france.no\/no\/2021\/kultur\/prix-francais-2021-for-hostustillingen\/#primaryimage"},"image":{"@id":"https:\/\/www.france.no\/no\/2021\/kultur\/prix-francais-2021-for-hostustillingen\/#primaryimage"},"thumbnailUrl":"https:\/\/www.france.no\/wp-content\/uploads\/2022\/09\/whatsapp-image-2021-09-11-at-15.02.04-1098x617.jpeg","datePublished":"2021-09-12T22:00:00+00:00","dateModified":"2021-09-12T22:00:00+00:00","breadcrumb":{"@id":"https:\/\/www.france.no\/no\/2021\/kultur\/prix-francais-2021-for-hostustillingen\/#breadcrumb"},"inLanguage":"nb-NO","potentialAction":[{"@type":"ReadAction","target":["https:\/\/www.france.no\/no\/2021\/kultur\/prix-francais-2021-for-hostustillingen\/"]}]},{"@type":"ImageObject","inLanguage":"nb-NO","@id":"https:\/\/www.france.no\/no\/2021\/kultur\/prix-francais-2021-for-hostustillingen\/#primaryimage","url":"https:\/\/www.france.no\/wp-content\/uploads\/2022\/09\/whatsapp-image-2021-09-11-at-15.02.04-1098x617.jpeg","contentUrl":"https:\/\/www.france.no\/wp-content\/uploads\/2022\/09\/whatsapp-image-2021-09-11-at-15.02.04-1098x617.jpeg","width":1600,"height":1200},{"@type":"BreadcrumbList","@id":"https:\/\/www.france.no\/no\/2021\/kultur\/prix-francais-2021-for-hostustillingen\/#breadcrumb","itemListElement":[{"@type":"ListItem","position":1,"name":"","item":"https:\/\/www.france.no\/no\/"},{"@type":"ListItem","position":2,"name":"Kultur","item":"https:\/\/www.france.no\/no\/category\/kultur\/"},{"@type":"ListItem","position":3,"name":"PRIX FRAN\u00c7AIS 2021 FOR H\u00d8STUSTILLINGEN !"}]},{"@type":"WebSite","@id":"https:\/\/www.france.no\/no\/#website","url":"https:\/\/www.france.no\/no\/","name":"Institut fran\u00e7ais","description":"Norv\u00e8ge","publisher":{"@id":"https:\/\/www.france.no\/no\/#organization"},"potentialAction":[{"@type":"SearchAction","target":{"@type":"EntryPoint","urlTemplate":"https:\/\/www.france.no\/no\/?s={search_term_string}"},"query-input":{"@type":"PropertyValueSpecification","valueRequired":true,"valueName":"search_term_string"}}],"inLanguage":"nb-NO"},{"@type":"Organization","@id":"https:\/\/www.france.no\/no\/#organization","name":"Institut fran\u00e7ais","url":"https:\/\/www.france.no\/no\/","logo":{"@type":"ImageObject","inLanguage":"nb-NO","@id":"https:\/\/www.france.no\/no\/#\/schema\/logo\/image\/","url":"https:\/\/www.france.no\/wp-content\/uploads\/2022\/11\/IF_Logo_Sans_Bleu_RVB.png","contentUrl":"https:\/\/www.france.no\/wp-content\/uploads\/2022\/11\/IF_Logo_Sans_Bleu_RVB.png","width":852,"height":591,"caption":"Institut fran\u00e7ais"},"image":{"@id":"https:\/\/www.france.no\/no\/#\/schema\/logo\/image\/"},"sameAs":["https:\/\/www.facebook.com\/institutfrancaisoslo","https:\/\/x.com\/ifnorvege","https:\/\/instagram.com\/ifnorvege"]},{"@type":"Person","@id":"https:\/\/www.france.no\/no\/#\/schema\/person\/4fdc0b263d8f27bb00a55f55d2fa3ab0","name":"admin_ifno","image":{"@type":"ImageObject","inLanguage":"nb-NO","@id":"https:\/\/www.france.no\/no\/#\/schema\/person\/image\/","url":"https:\/\/secure.gravatar.com\/avatar\/20f70e61054e6ae673edda3c0dc13670e46e51786443041c70a7eb2da859ae2a?s=96&d=mm&r=g","contentUrl":"https:\/\/secure.gravatar.com\/avatar\/20f70e61054e6ae673edda3c0dc13670e46e51786443041c70a7eb2da859ae2a?s=96&d=mm&r=g","caption":"admin_ifno"},"sameAs":["https:\/\/www.france.no"],"url":"https:\/\/www.france.no\/no\/author\/admin_ifno\/"}]}},"_links":{"self":[{"href":"https:\/\/www.france.no\/no\/wp-json\/wp\/v2\/posts\/1080","targetHints":{"allow":["GET"]}}],"collection":[{"href":"https:\/\/www.france.no\/no\/wp-json\/wp\/v2\/posts"}],"about":[{"href":"https:\/\/www.france.no\/no\/wp-json\/wp\/v2\/types\/post"}],"author":[{"embeddable":true,"href":"https:\/\/www.france.no\/no\/wp-json\/wp\/v2\/users\/1"}],"replies":[{"embeddable":true,"href":"https:\/\/www.france.no\/no\/wp-json\/wp\/v2\/comments?post=1080"}],"version-history":[{"count":0,"href":"https:\/\/www.france.no\/no\/wp-json\/wp\/v2\/posts\/1080\/revisions"}],"wp:featuredmedia":[{"embeddable":true,"href":"https:\/\/www.france.no\/no\/wp-json\/wp\/v2\/media\/1078"}],"wp:attachment":[{"href":"https:\/\/www.france.no\/no\/wp-json\/wp\/v2\/media?parent=1080"}],"wp:term":[{"taxonomy":"category","embeddable":true,"href":"https:\/\/www.france.no\/no\/wp-json\/wp\/v2\/categories?post=1080"},{"taxonomy":"post_tag","embeddable":true,"href":"https:\/\/www.france.no\/no\/wp-json\/wp\/v2\/tags?post=1080"}],"curies":[{"name":"wp","href":"https:\/\/api.w.org\/{rel}","templated":true}]}}