{"id":1096,"date":"2021-08-31T00:00:00","date_gmt":"2021-08-30T22:00:00","guid":{"rendered":"https:\/\/www.france.no\/2021\/kultur\/tiff-junior-festivalen-1-til-9-september\/"},"modified":"2021-08-31T00:00:00","modified_gmt":"2021-08-30T22:00:00","slug":"tiff-junior-festivalen-1-til-9-september","status":"publish","type":"post","link":"https:\/\/www.france.no\/no\/2021\/kultur\/tiff-junior-festivalen-1-til-9-september\/","title":{"rendered":"TIFF Junior festivalen &#8211; 1. til 9. september"},"content":{"rendered":"<p class=\"chapo\"><span style=\"font-weight: 400;\">Ikke g\u00e5 glipp av den franske filmen <\/span><i><span style=\"font-weight: 400;\">Stars by the Pound<\/span><\/i><span style=\"font-weight: 400;\"> under denne 2021 -utgaven av Troms\u00f8 internasjonale filmfestival (TIFF) juniorfestival!<\/span><\/p>\n<p><span style=\"font-weight: 400;\">\u00a0<\/span><!--more--><\/p>\n<p><span style=\"font-weight: 400;\">Fra 1. til 5. september arrangerer TIFF sin juniorversjon av festivalen: helt dedikert til barn og unge, fremhever denne festivalen den internasjonale skapelsen av filmer beregnet p\u00e5 et ungdomspublikum.<\/span><\/p>\n<p><span style=\"font-weight: 400;\">I \u00e5r vises filmen til Marie-Sophie Chambon, <\/span><i><span style=\"font-weight: 400;\">Stars by the Pound <\/span><\/i><span style=\"font-weight: 400;\">p\u00e5 disse datoene:<\/span><\/p>\n<p><span style=\"font-weight: 400;\">&#8211;<\/span><span style=\"font-weight: 400;\">\u00a0 \u00a0 \u00a0 \u00a0 <\/span><span style=\"font-weight: 400;\">Fredag \u200b\u200b3. september kl. 17:00 (Verdensteatret)<\/span><\/p>\n<p><span style=\"font-weight: 400;\">&#8211;<\/span><span style=\"font-weight: 400;\">\u00a0 \u00a0 \u00a0 \u00a0 <\/span><span style=\"font-weight: 400;\">L\u00f8rdag 4. september (online)<\/span><\/p>\n<p><span style=\"font-weight: 400;\">&#8211;<\/span><span style=\"font-weight: 400;\">\u00a0 \u00a0 \u00a0 \u00a0 <\/span><span style=\"font-weight: 400;\">S\u00f8ndag 5. september kl. 17:45 (Aurora kino Fokus)<\/span><\/p>\n<p><span style=\"font-weight: 400;\">\u00a0<\/span><\/p>\n<p><span style=\"font-weight: 400;\">Denne filmen f\u00f8lger Lo\u00efs, 16 \u00e5r, som bare har en dr\u00f8m: \u00e5 bli astronaut. Men selv om hun er begavet i fysikk, finnes det et stort problem: Lois veier 100 kilo&#8230; og det er ingen m\u00e5te \u00e5 unnslippe denne arvelige kjennetegnet. Mens alt virker ugjennomf\u00f8rlig, m\u00f8ter Lo\u00efs Am\u00e9lie, Stannah og Justine, tre ten\u00e5ringer skadet av livet som henne, og som er klare til \u00e5 gj\u00f8re alt mulig for \u00e5 reise med Lo\u00efs ut i verdensrommet&#8230;<\/span><\/p>\n<p><span style=\"font-weight: 400;\">\u00a0<\/span><\/p>\n<p><span style=\"font-weight: 400;\">En film du ikke m\u00e5 g\u00e5 glipp av!<\/span><\/p>\n<p><a href=\"https:\/\/www.france.no\/wp-content\/uploads\/2021\/08\/100kg_detoiles_120x160_hd-scaled.jpg\"><img loading=\"lazy\" decoding=\"async\" class=\" wp-image-24051 aligncenter\" src=\"https:\/\/www.france.no\/wp-content\/uploads\/2022\/09\/100kg_detoiles_120x160_hd-221x300.jpg\" alt='' width=\"559\" height=\"759\" \/><\/a><\/p>\n","protected":false},"excerpt":{"rendered":"<p>Ikke g\u00e5 glipp av den franske filmen Stars by the Pound under denne 2021 -utgaven av Troms\u00f8 internasjonale filmfestival (TIFF) juniorfestival! \u00a0<\/p>\n","protected":false},"author":1,"featured_media":1094,"comment_status":"closed","ping_status":"closed","sticky":false,"template":"","format":"standard","meta":{"footnotes":""},"categories":[5],"tags":[],"class_list":["post-1096","post","type-post","status-publish","format-standard","has-post-thumbnail","hentry","category-kultur"],"yoast_head":"<!-- This site is optimized with the Yoast SEO plugin v24.2 - https:\/\/yoast.com\/wordpress\/plugins\/seo\/ -->\n<title>TIFF Junior festivalen - 1. til 9. september - Institut fran\u00e7ais<\/title>\n<meta name=\"robots\" content=\"index, follow, max-snippet:-1, max-image-preview:large, max-video-preview:-1\" \/>\n<link rel=\"canonical\" href=\"https:\/\/www.france.no\/no\/2021\/kultur\/tiff-junior-festivalen-1-til-9-september\/\" \/>\n<meta property=\"og:locale\" content=\"nb_NO\" \/>\n<meta property=\"og:type\" content=\"article\" \/>\n<meta property=\"og:title\" content=\"TIFF Junior festivalen - 1. til 9. september - Institut fran\u00e7ais\" \/>\n<meta property=\"og:description\" content=\"Ikke g\u00e5 glipp av den franske filmen Stars by the Pound under denne 2021 -utgaven av Troms\u00f8 internasjonale filmfestival (TIFF) juniorfestival! \u00a0\" \/>\n<meta property=\"og:url\" content=\"https:\/\/www.france.no\/no\/2021\/kultur\/tiff-junior-festivalen-1-til-9-september\/\" \/>\n<meta property=\"og:site_name\" content=\"Institut fran\u00e7ais\" \/>\n<meta property=\"article:publisher\" content=\"https:\/\/www.facebook.com\/institutfrancaisoslo\" \/>\n<meta property=\"article:published_time\" content=\"2021-08-30T22:00:00+00:00\" \/>\n<meta property=\"og:image\" content=\"https:\/\/www.france.no\/wp-content\/uploads\/2022\/09\/tiffjr2021_stills_1920x1080-festival-1098x617.jpg\" \/>\n\t<meta property=\"og:image:width\" content=\"1920\" \/>\n\t<meta property=\"og:image:height\" content=\"1080\" \/>\n\t<meta property=\"og:image:type\" content=\"image\/jpeg\" \/>\n<meta name=\"author\" content=\"admin_ifno\" \/>\n<meta name=\"twitter:card\" content=\"summary_large_image\" \/>\n<meta name=\"twitter:creator\" content=\"@ifnorvege\" \/>\n<meta name=\"twitter:site\" content=\"@ifnorvege\" \/>\n<meta name=\"twitter:label1\" content=\"Skrevet av\" \/>\n\t<meta name=\"twitter:data1\" content=\"admin_ifno\" \/>\n\t<meta name=\"twitter:label2\" content=\"Ansl. lesetid\" \/>\n\t<meta name=\"twitter:data2\" content=\"1 minutt\" \/>\n<script type=\"application\/ld+json\" class=\"yoast-schema-graph\">{\"@context\":\"https:\/\/schema.org\",\"@graph\":[{\"@type\":\"Article\",\"@id\":\"https:\/\/www.france.no\/no\/2021\/kultur\/tiff-junior-festivalen-1-til-9-september\/#article\",\"isPartOf\":{\"@id\":\"https:\/\/www.france.no\/no\/2021\/kultur\/tiff-junior-festivalen-1-til-9-september\/\"},\"author\":{\"name\":\"admin_ifno\",\"@id\":\"https:\/\/www.france.no\/no\/#\/schema\/person\/4fdc0b263d8f27bb00a55f55d2fa3ab0\"},\"headline\":\"TIFF Junior festivalen &#8211; 1. til 9. september\",\"datePublished\":\"2021-08-30T22:00:00+00:00\",\"dateModified\":\"2021-08-30T22:00:00+00:00\",\"mainEntityOfPage\":{\"@id\":\"https:\/\/www.france.no\/no\/2021\/kultur\/tiff-junior-festivalen-1-til-9-september\/\"},\"wordCount\":173,\"publisher\":{\"@id\":\"https:\/\/www.france.no\/no\/#organization\"},\"image\":{\"@id\":\"https:\/\/www.france.no\/no\/2021\/kultur\/tiff-junior-festivalen-1-til-9-september\/#primaryimage\"},\"thumbnailUrl\":\"https:\/\/www.france.no\/wp-content\/uploads\/2022\/09\/tiffjr2021_stills_1920x1080-festival-1098x617.jpg\",\"articleSection\":[\"Kultur\"],\"inLanguage\":\"nb-NO\"},{\"@type\":\"WebPage\",\"@id\":\"https:\/\/www.france.no\/no\/2021\/kultur\/tiff-junior-festivalen-1-til-9-september\/\",\"url\":\"https:\/\/www.france.no\/no\/2021\/kultur\/tiff-junior-festivalen-1-til-9-september\/\",\"name\":\"TIFF Junior festivalen - 1. til 9. september - Institut fran\u00e7ais\",\"isPartOf\":{\"@id\":\"https:\/\/www.france.no\/no\/#website\"},\"primaryImageOfPage\":{\"@id\":\"https:\/\/www.france.no\/no\/2021\/kultur\/tiff-junior-festivalen-1-til-9-september\/#primaryimage\"},\"image\":{\"@id\":\"https:\/\/www.france.no\/no\/2021\/kultur\/tiff-junior-festivalen-1-til-9-september\/#primaryimage\"},\"thumbnailUrl\":\"https:\/\/www.france.no\/wp-content\/uploads\/2022\/09\/tiffjr2021_stills_1920x1080-festival-1098x617.jpg\",\"datePublished\":\"2021-08-30T22:00:00+00:00\",\"dateModified\":\"2021-08-30T22:00:00+00:00\",\"breadcrumb\":{\"@id\":\"https:\/\/www.france.no\/no\/2021\/kultur\/tiff-junior-festivalen-1-til-9-september\/#breadcrumb\"},\"inLanguage\":\"nb-NO\",\"potentialAction\":[{\"@type\":\"ReadAction\",\"target\":[\"https:\/\/www.france.no\/no\/2021\/kultur\/tiff-junior-festivalen-1-til-9-september\/\"]}]},{\"@type\":\"ImageObject\",\"inLanguage\":\"nb-NO\",\"@id\":\"https:\/\/www.france.no\/no\/2021\/kultur\/tiff-junior-festivalen-1-til-9-september\/#primaryimage\",\"url\":\"https:\/\/www.france.no\/wp-content\/uploads\/2022\/09\/tiffjr2021_stills_1920x1080-festival-1098x617.jpg\",\"contentUrl\":\"https:\/\/www.france.no\/wp-content\/uploads\/2022\/09\/tiffjr2021_stills_1920x1080-festival-1098x617.jpg\",\"width\":1920,\"height\":1080},{\"@type\":\"BreadcrumbList\",\"@id\":\"https:\/\/www.france.no\/no\/2021\/kultur\/tiff-junior-festivalen-1-til-9-september\/#breadcrumb\",\"itemListElement\":[{\"@type\":\"ListItem\",\"position\":1,\"name\":\"\",\"item\":\"https:\/\/www.france.no\/no\/\"},{\"@type\":\"ListItem\",\"position\":2,\"name\":\"Kultur\",\"item\":\"https:\/\/www.france.no\/no\/category\/kultur\/\"},{\"@type\":\"ListItem\",\"position\":3,\"name\":\"TIFF Junior festivalen &#8211; 1. til 9. september\"}]},{\"@type\":\"WebSite\",\"@id\":\"https:\/\/www.france.no\/no\/#website\",\"url\":\"https:\/\/www.france.no\/no\/\",\"name\":\"Institut fran\u00e7ais\",\"description\":\"Norv\u00e8ge\",\"publisher\":{\"@id\":\"https:\/\/www.france.no\/no\/#organization\"},\"potentialAction\":[{\"@type\":\"SearchAction\",\"target\":{\"@type\":\"EntryPoint\",\"urlTemplate\":\"https:\/\/www.france.no\/no\/?s={search_term_string}\"},\"query-input\":{\"@type\":\"PropertyValueSpecification\",\"valueRequired\":true,\"valueName\":\"search_term_string\"}}],\"inLanguage\":\"nb-NO\"},{\"@type\":\"Organization\",\"@id\":\"https:\/\/www.france.no\/no\/#organization\",\"name\":\"Institut fran\u00e7ais\",\"url\":\"https:\/\/www.france.no\/no\/\",\"logo\":{\"@type\":\"ImageObject\",\"inLanguage\":\"nb-NO\",\"@id\":\"https:\/\/www.france.no\/no\/#\/schema\/logo\/image\/\",\"url\":\"https:\/\/www.france.no\/wp-content\/uploads\/2022\/11\/IF_Logo_Sans_Bleu_RVB.png\",\"contentUrl\":\"https:\/\/www.france.no\/wp-content\/uploads\/2022\/11\/IF_Logo_Sans_Bleu_RVB.png\",\"width\":852,\"height\":591,\"caption\":\"Institut fran\u00e7ais\"},\"image\":{\"@id\":\"https:\/\/www.france.no\/no\/#\/schema\/logo\/image\/\"},\"sameAs\":[\"https:\/\/www.facebook.com\/institutfrancaisoslo\",\"https:\/\/x.com\/ifnorvege\",\"https:\/\/instagram.com\/ifnorvege\"]},{\"@type\":\"Person\",\"@id\":\"https:\/\/www.france.no\/no\/#\/schema\/person\/4fdc0b263d8f27bb00a55f55d2fa3ab0\",\"name\":\"admin_ifno\",\"image\":{\"@type\":\"ImageObject\",\"inLanguage\":\"nb-NO\",\"@id\":\"https:\/\/www.france.no\/no\/#\/schema\/person\/image\/\",\"url\":\"https:\/\/secure.gravatar.com\/avatar\/20f70e61054e6ae673edda3c0dc13670e46e51786443041c70a7eb2da859ae2a?s=96&d=mm&r=g\",\"contentUrl\":\"https:\/\/secure.gravatar.com\/avatar\/20f70e61054e6ae673edda3c0dc13670e46e51786443041c70a7eb2da859ae2a?s=96&d=mm&r=g\",\"caption\":\"admin_ifno\"},\"sameAs\":[\"https:\/\/www.france.no\"],\"url\":\"https:\/\/www.france.no\/no\/author\/admin_ifno\/\"}]}<\/script>\n<!-- \/ Yoast SEO plugin. -->","yoast_head_json":{"title":"TIFF Junior festivalen - 1. til 9. september - Institut fran\u00e7ais","robots":{"index":"index","follow":"follow","max-snippet":"max-snippet:-1","max-image-preview":"max-image-preview:large","max-video-preview":"max-video-preview:-1"},"canonical":"https:\/\/www.france.no\/no\/2021\/kultur\/tiff-junior-festivalen-1-til-9-september\/","og_locale":"nb_NO","og_type":"article","og_title":"TIFF Junior festivalen - 1. til 9. september - Institut fran\u00e7ais","og_description":"Ikke g\u00e5 glipp av den franske filmen Stars by the Pound under denne 2021 -utgaven av Troms\u00f8 internasjonale filmfestival (TIFF) juniorfestival! \u00a0","og_url":"https:\/\/www.france.no\/no\/2021\/kultur\/tiff-junior-festivalen-1-til-9-september\/","og_site_name":"Institut fran\u00e7ais","article_publisher":"https:\/\/www.facebook.com\/institutfrancaisoslo","article_published_time":"2021-08-30T22:00:00+00:00","og_image":[{"width":1920,"height":1080,"url":"https:\/\/www.france.no\/wp-content\/uploads\/2022\/09\/tiffjr2021_stills_1920x1080-festival-1098x617.jpg","type":"image\/jpeg"}],"author":"admin_ifno","twitter_card":"summary_large_image","twitter_creator":"@ifnorvege","twitter_site":"@ifnorvege","twitter_misc":{"Skrevet av":"admin_ifno","Ansl. lesetid":"1 minutt"},"schema":{"@context":"https:\/\/schema.org","@graph":[{"@type":"Article","@id":"https:\/\/www.france.no\/no\/2021\/kultur\/tiff-junior-festivalen-1-til-9-september\/#article","isPartOf":{"@id":"https:\/\/www.france.no\/no\/2021\/kultur\/tiff-junior-festivalen-1-til-9-september\/"},"author":{"name":"admin_ifno","@id":"https:\/\/www.france.no\/no\/#\/schema\/person\/4fdc0b263d8f27bb00a55f55d2fa3ab0"},"headline":"TIFF Junior festivalen &#8211; 1. til 9. september","datePublished":"2021-08-30T22:00:00+00:00","dateModified":"2021-08-30T22:00:00+00:00","mainEntityOfPage":{"@id":"https:\/\/www.france.no\/no\/2021\/kultur\/tiff-junior-festivalen-1-til-9-september\/"},"wordCount":173,"publisher":{"@id":"https:\/\/www.france.no\/no\/#organization"},"image":{"@id":"https:\/\/www.france.no\/no\/2021\/kultur\/tiff-junior-festivalen-1-til-9-september\/#primaryimage"},"thumbnailUrl":"https:\/\/www.france.no\/wp-content\/uploads\/2022\/09\/tiffjr2021_stills_1920x1080-festival-1098x617.jpg","articleSection":["Kultur"],"inLanguage":"nb-NO"},{"@type":"WebPage","@id":"https:\/\/www.france.no\/no\/2021\/kultur\/tiff-junior-festivalen-1-til-9-september\/","url":"https:\/\/www.france.no\/no\/2021\/kultur\/tiff-junior-festivalen-1-til-9-september\/","name":"TIFF Junior festivalen - 1. til 9. september - Institut fran\u00e7ais","isPartOf":{"@id":"https:\/\/www.france.no\/no\/#website"},"primaryImageOfPage":{"@id":"https:\/\/www.france.no\/no\/2021\/kultur\/tiff-junior-festivalen-1-til-9-september\/#primaryimage"},"image":{"@id":"https:\/\/www.france.no\/no\/2021\/kultur\/tiff-junior-festivalen-1-til-9-september\/#primaryimage"},"thumbnailUrl":"https:\/\/www.france.no\/wp-content\/uploads\/2022\/09\/tiffjr2021_stills_1920x1080-festival-1098x617.jpg","datePublished":"2021-08-30T22:00:00+00:00","dateModified":"2021-08-30T22:00:00+00:00","breadcrumb":{"@id":"https:\/\/www.france.no\/no\/2021\/kultur\/tiff-junior-festivalen-1-til-9-september\/#breadcrumb"},"inLanguage":"nb-NO","potentialAction":[{"@type":"ReadAction","target":["https:\/\/www.france.no\/no\/2021\/kultur\/tiff-junior-festivalen-1-til-9-september\/"]}]},{"@type":"ImageObject","inLanguage":"nb-NO","@id":"https:\/\/www.france.no\/no\/2021\/kultur\/tiff-junior-festivalen-1-til-9-september\/#primaryimage","url":"https:\/\/www.france.no\/wp-content\/uploads\/2022\/09\/tiffjr2021_stills_1920x1080-festival-1098x617.jpg","contentUrl":"https:\/\/www.france.no\/wp-content\/uploads\/2022\/09\/tiffjr2021_stills_1920x1080-festival-1098x617.jpg","width":1920,"height":1080},{"@type":"BreadcrumbList","@id":"https:\/\/www.france.no\/no\/2021\/kultur\/tiff-junior-festivalen-1-til-9-september\/#breadcrumb","itemListElement":[{"@type":"ListItem","position":1,"name":"","item":"https:\/\/www.france.no\/no\/"},{"@type":"ListItem","position":2,"name":"Kultur","item":"https:\/\/www.france.no\/no\/category\/kultur\/"},{"@type":"ListItem","position":3,"name":"TIFF Junior festivalen &#8211; 1. til 9. september"}]},{"@type":"WebSite","@id":"https:\/\/www.france.no\/no\/#website","url":"https:\/\/www.france.no\/no\/","name":"Institut fran\u00e7ais","description":"Norv\u00e8ge","publisher":{"@id":"https:\/\/www.france.no\/no\/#organization"},"potentialAction":[{"@type":"SearchAction","target":{"@type":"EntryPoint","urlTemplate":"https:\/\/www.france.no\/no\/?s={search_term_string}"},"query-input":{"@type":"PropertyValueSpecification","valueRequired":true,"valueName":"search_term_string"}}],"inLanguage":"nb-NO"},{"@type":"Organization","@id":"https:\/\/www.france.no\/no\/#organization","name":"Institut fran\u00e7ais","url":"https:\/\/www.france.no\/no\/","logo":{"@type":"ImageObject","inLanguage":"nb-NO","@id":"https:\/\/www.france.no\/no\/#\/schema\/logo\/image\/","url":"https:\/\/www.france.no\/wp-content\/uploads\/2022\/11\/IF_Logo_Sans_Bleu_RVB.png","contentUrl":"https:\/\/www.france.no\/wp-content\/uploads\/2022\/11\/IF_Logo_Sans_Bleu_RVB.png","width":852,"height":591,"caption":"Institut fran\u00e7ais"},"image":{"@id":"https:\/\/www.france.no\/no\/#\/schema\/logo\/image\/"},"sameAs":["https:\/\/www.facebook.com\/institutfrancaisoslo","https:\/\/x.com\/ifnorvege","https:\/\/instagram.com\/ifnorvege"]},{"@type":"Person","@id":"https:\/\/www.france.no\/no\/#\/schema\/person\/4fdc0b263d8f27bb00a55f55d2fa3ab0","name":"admin_ifno","image":{"@type":"ImageObject","inLanguage":"nb-NO","@id":"https:\/\/www.france.no\/no\/#\/schema\/person\/image\/","url":"https:\/\/secure.gravatar.com\/avatar\/20f70e61054e6ae673edda3c0dc13670e46e51786443041c70a7eb2da859ae2a?s=96&d=mm&r=g","contentUrl":"https:\/\/secure.gravatar.com\/avatar\/20f70e61054e6ae673edda3c0dc13670e46e51786443041c70a7eb2da859ae2a?s=96&d=mm&r=g","caption":"admin_ifno"},"sameAs":["https:\/\/www.france.no"],"url":"https:\/\/www.france.no\/no\/author\/admin_ifno\/"}]}},"_links":{"self":[{"href":"https:\/\/www.france.no\/no\/wp-json\/wp\/v2\/posts\/1096","targetHints":{"allow":["GET"]}}],"collection":[{"href":"https:\/\/www.france.no\/no\/wp-json\/wp\/v2\/posts"}],"about":[{"href":"https:\/\/www.france.no\/no\/wp-json\/wp\/v2\/types\/post"}],"author":[{"embeddable":true,"href":"https:\/\/www.france.no\/no\/wp-json\/wp\/v2\/users\/1"}],"replies":[{"embeddable":true,"href":"https:\/\/www.france.no\/no\/wp-json\/wp\/v2\/comments?post=1096"}],"version-history":[{"count":0,"href":"https:\/\/www.france.no\/no\/wp-json\/wp\/v2\/posts\/1096\/revisions"}],"wp:featuredmedia":[{"embeddable":true,"href":"https:\/\/www.france.no\/no\/wp-json\/wp\/v2\/media\/1094"}],"wp:attachment":[{"href":"https:\/\/www.france.no\/no\/wp-json\/wp\/v2\/media?parent=1096"}],"wp:term":[{"taxonomy":"category","embeddable":true,"href":"https:\/\/www.france.no\/no\/wp-json\/wp\/v2\/categories?post=1096"},{"taxonomy":"post_tag","embeddable":true,"href":"https:\/\/www.france.no\/no\/wp-json\/wp\/v2\/tags?post=1096"}],"curies":[{"name":"wp","href":"https:\/\/api.w.org\/{rel}","templated":true}]}}