{"id":10971,"date":"2025-01-22T15:22:10","date_gmt":"2025-01-22T14:22:10","guid":{"rendered":"https:\/\/www.france.no\/?p=10971"},"modified":"2025-08-28T13:41:48","modified_gmt":"2025-08-28T11:41:48","slug":"frankrike-forklart-er-tilbake-med-ny-sesong","status":"publish","type":"post","link":"https:\/\/www.france.no\/no\/2025\/kultur\/frankrike-forklart-er-tilbake-med-ny-sesong\/","title":{"rendered":"Frankrike forklart er tilbake med ny sesong"},"content":{"rendered":"\n<p><strong>Institut fran\u00e7ais de Norv\u00e8ge har gleden av \u00e5 st\u00f8tte den 11. sesongen av <a href=\"https:\/\/www.hf.uio.no\/ilos\/tjenester\/kunnskap\/frankrike-forklart\/\" target=\"_blank\" rel=\"noreferrer noopener\">Frankrike forklart<\/a>.<\/strong><\/p>\n\n\n\n<p>I denne podkasten skapt av Kjerstin Aukrust, Franck Orban,\u00a0Geir Uvsl\u00f8kk og Anje M\u00fcller Gjesdal inviterer kompetente og frankofile gjester til samtale om temaer som er viktige for \u00e5 forst\u00e5 det som skjer i Frankrike i dag, og for \u00e5 vite mer om landets historie, politikk og kultur.<\/p>\n\n\n\n<p><strong>Episode 3 \u2013 sesong 11: <a href=\"https:\/\/www.hf.uio.no\/ilos\/tjenester\/kunnskap\/frankrike-forklart\/episoder\/250120-frankrike-forklart-uke-04---250114f.mp3?vrtx=view-as-webpage\" target=\"_blank\" rel=\"noreferrer noopener\">Hva skjer i Frankrike i 2025? Med Tove Gravdal<\/a><\/strong><\/p>\n\n\n\n<p>2024 var et \u00e5r utenom det vanlige i fransk politikk, dominert av Emmanuel Macrons overraskende oppl\u00f8sning av nasjonalforsamlingen og dens konsekvenser for den politiske stabiliteten i landet. Hva kan vi forvente oss i 2025? Blir det like kaotisk som fjor\u00e5ret? F\u00e5r vi en ny oppl\u00f8sning av nasjonalforsamlingen og et nyvalg? Hva med utenrikspolitikken? Hvilken rolle vil Frankrike ha i en virkelighet der Trump igjen er verdens mektigste mann og Putin kan f\u00e5 en fredsprosess i Ukraina p\u00e5 egne betingelser? For \u00e5 hjelpe oss med \u00e5 se inn i sp\u00e5kula har Frankrike forklart f\u00e5tt bes\u00f8k av journalist, forfatter og Frankrike-kjenner Tove Gravdal.<\/p>\n\n\n\n<p><strong>Episode 2 \u2013 sesong 11: <a href=\"https:\/\/www.hf.uio.no\/ilos\/tjenester\/kunnskap\/frankrike-forklart\/episoder\/250113-frankrike-forklart-uke-03---250111h.mp3?vrtx=view-as-webpage\" target=\"_blank\" rel=\"noreferrer noopener\">Blir Frankrike mer parlamentarisk med Fran\u00e7ois Bayrou? Med Pascal Lecamp<\/a><\/strong><\/p>\n\n\n\n<p>Frankrike fikk nok en ny statsminister p\u00e5 tampen av fjor\u00e5ret, da Fran\u00e7ois Bayrou tok over etter et mistillitsforslag mot Michel Barnier. Hva skiller Bayrou fra forgjengeren? Og kan Bayrou lykkes der andre har mislyktes? V\u00e5r gjest er Pascal Lecamp, en vaskeekte fransk \u00abd\u00e9put\u00e9\u00bb som snakker norsk, og som representerer Bayrous parti MoDem i nasjonalforsamlingen.<\/p>\n\n\n\n<p><strong>Episode 1 \u2013 sesong 11: <a href=\"https:\/\/www.hf.uio.no\/ilos\/tjenester\/kunnskap\/frankrike-forklart\/episoder\/250107-frankrike-forklart-uke-02---250106d.mp3?vrtx=view-as-webpage\" target=\"_blank\" rel=\"noreferrer noopener\">10 \u00e5r etter attentatet mot Charlie Hebdo. Med Roar Hagen og Erle Marie S\u00f8rheim<\/a><\/strong><\/p>\n\n\n\n<p>7. januar 2025 er det 10 \u00e5r siden det franske satiriske ukemagasinet Charlie Hebdo ble utsatt for et terrorangrep, der til sammen 13 mennesker d\u00f8de. Hvordan husker vi det som skjedde da, n\u00e5 ti \u00e5r etter? Hvordan p\u00e5virket det som ble tolket som et direkte angrep p\u00e5 ytringsfriheten debatten rundt dette temaet? Hvilken rolle spiller politiske karikaturer i dagens samfunn? Dette er sp\u00f8rsm\u00e5l som vi diskuterer med episodens to gjester, avistegner og bokillustrat\u00f8r Roar Hagen og kulturjournalist, litteraturkritiker og forfatter Erle Marie S\u00f8rheim.<\/p>\n","protected":false},"excerpt":{"rendered":"<p>Institut fran\u00e7ais de Norv\u00e8ge har gleden av \u00e5 st\u00f8tte den 11. sesongen av Frankrike forklart. I denne podkasten skapt av Kjerstin Aukrust, Franck Orban,\u00a0Geir Uvsl\u00f8kk og Anje M\u00fcller Gjesdal inviterer kompetente og frankofile gjester til samtale om temaer som er viktige for \u00e5 forst\u00e5 det som skjer i Frankrike i dag, og for \u00e5 vite [&hellip;]<\/p>\n","protected":false},"author":6,"featured_media":10989,"comment_status":"closed","ping_status":"open","sticky":false,"template":"","format":"standard","meta":{"footnotes":""},"categories":[5,17],"tags":[],"class_list":["post-10971","post","type-post","status-publish","format-standard","has-post-thumbnail","hentry","category-kultur","category-vitenskap-og-forskning"],"yoast_head":"<!-- This site is optimized with the Yoast SEO plugin v24.2 - https:\/\/yoast.com\/wordpress\/plugins\/seo\/ -->\n<title>Frankrike forklart er tilbake med ny sesong - Institut fran\u00e7ais<\/title>\n<meta name=\"robots\" content=\"index, follow, max-snippet:-1, max-image-preview:large, max-video-preview:-1\" \/>\n<link rel=\"canonical\" href=\"https:\/\/www.france.no\/no\/2025\/kultur\/frankrike-forklart-er-tilbake-med-ny-sesong\/\" \/>\n<meta property=\"og:locale\" content=\"nb_NO\" \/>\n<meta property=\"og:type\" content=\"article\" \/>\n<meta property=\"og:title\" content=\"Frankrike forklart er tilbake med ny sesong - Institut fran\u00e7ais\" \/>\n<meta property=\"og:description\" content=\"Institut fran\u00e7ais de Norv\u00e8ge har gleden av \u00e5 st\u00f8tte den 11. sesongen av Frankrike forklart. I denne podkasten skapt av Kjerstin Aukrust, Franck Orban,\u00a0Geir Uvsl\u00f8kk og Anje M\u00fcller Gjesdal inviterer kompetente og frankofile gjester til samtale om temaer som er viktige for \u00e5 forst\u00e5 det som skjer i Frankrike i dag, og for \u00e5 vite [&hellip;]\" \/>\n<meta property=\"og:url\" content=\"https:\/\/www.france.no\/no\/2025\/kultur\/frankrike-forklart-er-tilbake-med-ny-sesong\/\" \/>\n<meta property=\"og:site_name\" content=\"Institut fran\u00e7ais\" \/>\n<meta property=\"article:publisher\" content=\"https:\/\/www.facebook.com\/institutfrancaisoslo\" \/>\n<meta property=\"article:published_time\" content=\"2025-01-22T14:22:10+00:00\" \/>\n<meta property=\"article:modified_time\" content=\"2025-08-28T11:41:48+00:00\" \/>\n<meta property=\"og:image\" content=\"https:\/\/www.france.no\/wp-content\/uploads\/2025\/01\/Logo-Frankrike-forklart-Landscape-1098x617.png\" \/>\n\t<meta property=\"og:image:width\" content=\"6000\" \/>\n\t<meta property=\"og:image:height\" content=\"3375\" \/>\n\t<meta property=\"og:image:type\" content=\"image\/png\" \/>\n<meta name=\"author\" content=\"P\u00f4le Communication\" \/>\n<meta name=\"twitter:card\" content=\"summary_large_image\" \/>\n<meta name=\"twitter:creator\" content=\"@ifnorvege\" \/>\n<meta name=\"twitter:site\" content=\"@ifnorvege\" \/>\n<meta name=\"twitter:label1\" content=\"Skrevet av\" \/>\n\t<meta name=\"twitter:data1\" content=\"P\u00f4le Communication\" \/>\n\t<meta name=\"twitter:label2\" content=\"Ansl. lesetid\" \/>\n\t<meta name=\"twitter:data2\" content=\"2 minutter\" \/>\n<script type=\"application\/ld+json\" class=\"yoast-schema-graph\">{\"@context\":\"https:\/\/schema.org\",\"@graph\":[{\"@type\":\"Article\",\"@id\":\"https:\/\/www.france.no\/no\/2025\/kultur\/frankrike-forklart-er-tilbake-med-ny-sesong\/#article\",\"isPartOf\":{\"@id\":\"https:\/\/www.france.no\/no\/2025\/kultur\/frankrike-forklart-er-tilbake-med-ny-sesong\/\"},\"author\":{\"name\":\"P\u00f4le Communication\",\"@id\":\"https:\/\/www.france.no\/no\/#\/schema\/person\/e911222e8703f294589a6d80b1c16f97\"},\"headline\":\"Frankrike forklart er tilbake med ny sesong\",\"datePublished\":\"2025-01-22T14:22:10+00:00\",\"dateModified\":\"2025-08-28T11:41:48+00:00\",\"mainEntityOfPage\":{\"@id\":\"https:\/\/www.france.no\/no\/2025\/kultur\/frankrike-forklart-er-tilbake-med-ny-sesong\/\"},\"wordCount\":357,\"publisher\":{\"@id\":\"https:\/\/www.france.no\/no\/#organization\"},\"image\":{\"@id\":\"https:\/\/www.france.no\/no\/2025\/kultur\/frankrike-forklart-er-tilbake-med-ny-sesong\/#primaryimage\"},\"thumbnailUrl\":\"https:\/\/www.france.no\/wp-content\/uploads\/2025\/01\/Logo-Frankrike-forklart-Landscape-1098x617.png\",\"articleSection\":[\"Kultur\",\"Vitenskap og forskning\"],\"inLanguage\":\"nb-NO\"},{\"@type\":\"WebPage\",\"@id\":\"https:\/\/www.france.no\/no\/2025\/kultur\/frankrike-forklart-er-tilbake-med-ny-sesong\/\",\"url\":\"https:\/\/www.france.no\/no\/2025\/kultur\/frankrike-forklart-er-tilbake-med-ny-sesong\/\",\"name\":\"Frankrike forklart er tilbake med ny sesong - Institut fran\u00e7ais\",\"isPartOf\":{\"@id\":\"https:\/\/www.france.no\/no\/#website\"},\"primaryImageOfPage\":{\"@id\":\"https:\/\/www.france.no\/no\/2025\/kultur\/frankrike-forklart-er-tilbake-med-ny-sesong\/#primaryimage\"},\"image\":{\"@id\":\"https:\/\/www.france.no\/no\/2025\/kultur\/frankrike-forklart-er-tilbake-med-ny-sesong\/#primaryimage\"},\"thumbnailUrl\":\"https:\/\/www.france.no\/wp-content\/uploads\/2025\/01\/Logo-Frankrike-forklart-Landscape-1098x617.png\",\"datePublished\":\"2025-01-22T14:22:10+00:00\",\"dateModified\":\"2025-08-28T11:41:48+00:00\",\"breadcrumb\":{\"@id\":\"https:\/\/www.france.no\/no\/2025\/kultur\/frankrike-forklart-er-tilbake-med-ny-sesong\/#breadcrumb\"},\"inLanguage\":\"nb-NO\",\"potentialAction\":[{\"@type\":\"ReadAction\",\"target\":[\"https:\/\/www.france.no\/no\/2025\/kultur\/frankrike-forklart-er-tilbake-med-ny-sesong\/\"]}]},{\"@type\":\"ImageObject\",\"inLanguage\":\"nb-NO\",\"@id\":\"https:\/\/www.france.no\/no\/2025\/kultur\/frankrike-forklart-er-tilbake-med-ny-sesong\/#primaryimage\",\"url\":\"https:\/\/www.france.no\/wp-content\/uploads\/2025\/01\/Logo-Frankrike-forklart-Landscape-1098x617.png\",\"contentUrl\":\"https:\/\/www.france.no\/wp-content\/uploads\/2025\/01\/Logo-Frankrike-forklart-Landscape-1098x617.png\",\"width\":6000,\"height\":3375},{\"@type\":\"BreadcrumbList\",\"@id\":\"https:\/\/www.france.no\/no\/2025\/kultur\/frankrike-forklart-er-tilbake-med-ny-sesong\/#breadcrumb\",\"itemListElement\":[{\"@type\":\"ListItem\",\"position\":1,\"name\":\"\",\"item\":\"https:\/\/www.france.no\/no\/\"},{\"@type\":\"ListItem\",\"position\":2,\"name\":\"Frankrike forklart er tilbake med ny sesong\"}]},{\"@type\":\"WebSite\",\"@id\":\"https:\/\/www.france.no\/no\/#website\",\"url\":\"https:\/\/www.france.no\/no\/\",\"name\":\"Institut fran\u00e7ais\",\"description\":\"Norv\u00e8ge\",\"publisher\":{\"@id\":\"https:\/\/www.france.no\/no\/#organization\"},\"potentialAction\":[{\"@type\":\"SearchAction\",\"target\":{\"@type\":\"EntryPoint\",\"urlTemplate\":\"https:\/\/www.france.no\/no\/?s={search_term_string}\"},\"query-input\":{\"@type\":\"PropertyValueSpecification\",\"valueRequired\":true,\"valueName\":\"search_term_string\"}}],\"inLanguage\":\"nb-NO\"},{\"@type\":\"Organization\",\"@id\":\"https:\/\/www.france.no\/no\/#organization\",\"name\":\"Institut fran\u00e7ais\",\"url\":\"https:\/\/www.france.no\/no\/\",\"logo\":{\"@type\":\"ImageObject\",\"inLanguage\":\"nb-NO\",\"@id\":\"https:\/\/www.france.no\/no\/#\/schema\/logo\/image\/\",\"url\":\"https:\/\/www.france.no\/wp-content\/uploads\/2022\/11\/IF_Logo_Sans_Bleu_RVB.png\",\"contentUrl\":\"https:\/\/www.france.no\/wp-content\/uploads\/2022\/11\/IF_Logo_Sans_Bleu_RVB.png\",\"width\":852,\"height\":591,\"caption\":\"Institut fran\u00e7ais\"},\"image\":{\"@id\":\"https:\/\/www.france.no\/no\/#\/schema\/logo\/image\/\"},\"sameAs\":[\"https:\/\/www.facebook.com\/institutfrancaisoslo\",\"https:\/\/x.com\/ifnorvege\",\"https:\/\/instagram.com\/ifnorvege\"]},{\"@type\":\"Person\",\"@id\":\"https:\/\/www.france.no\/no\/#\/schema\/person\/e911222e8703f294589a6d80b1c16f97\",\"name\":\"P\u00f4le Communication\",\"image\":{\"@type\":\"ImageObject\",\"inLanguage\":\"nb-NO\",\"@id\":\"https:\/\/www.france.no\/no\/#\/schema\/person\/image\/\",\"url\":\"https:\/\/secure.gravatar.com\/avatar\/20ae085a8b5fd613a02d28588389144802d3ba9408c852b2c6c7c4b17cc39660?s=96&d=mm&r=g\",\"contentUrl\":\"https:\/\/secure.gravatar.com\/avatar\/20ae085a8b5fd613a02d28588389144802d3ba9408c852b2c6c7c4b17cc39660?s=96&d=mm&r=g\",\"caption\":\"P\u00f4le Communication\"},\"url\":\"https:\/\/www.france.no\/no\/author\/polecom\/\"}]}<\/script>\n<!-- \/ Yoast SEO plugin. -->","yoast_head_json":{"title":"Frankrike forklart er tilbake med ny sesong - Institut fran\u00e7ais","robots":{"index":"index","follow":"follow","max-snippet":"max-snippet:-1","max-image-preview":"max-image-preview:large","max-video-preview":"max-video-preview:-1"},"canonical":"https:\/\/www.france.no\/no\/2025\/kultur\/frankrike-forklart-er-tilbake-med-ny-sesong\/","og_locale":"nb_NO","og_type":"article","og_title":"Frankrike forklart er tilbake med ny sesong - Institut fran\u00e7ais","og_description":"Institut fran\u00e7ais de Norv\u00e8ge har gleden av \u00e5 st\u00f8tte den 11. sesongen av Frankrike forklart. I denne podkasten skapt av Kjerstin Aukrust, Franck Orban,\u00a0Geir Uvsl\u00f8kk og Anje M\u00fcller Gjesdal inviterer kompetente og frankofile gjester til samtale om temaer som er viktige for \u00e5 forst\u00e5 det som skjer i Frankrike i dag, og for \u00e5 vite [&hellip;]","og_url":"https:\/\/www.france.no\/no\/2025\/kultur\/frankrike-forklart-er-tilbake-med-ny-sesong\/","og_site_name":"Institut fran\u00e7ais","article_publisher":"https:\/\/www.facebook.com\/institutfrancaisoslo","article_published_time":"2025-01-22T14:22:10+00:00","article_modified_time":"2025-08-28T11:41:48+00:00","og_image":[{"width":6000,"height":3375,"url":"https:\/\/www.france.no\/wp-content\/uploads\/2025\/01\/Logo-Frankrike-forklart-Landscape-1098x617.png","type":"image\/png"}],"author":"P\u00f4le Communication","twitter_card":"summary_large_image","twitter_creator":"@ifnorvege","twitter_site":"@ifnorvege","twitter_misc":{"Skrevet av":"P\u00f4le Communication","Ansl. lesetid":"2 minutter"},"schema":{"@context":"https:\/\/schema.org","@graph":[{"@type":"Article","@id":"https:\/\/www.france.no\/no\/2025\/kultur\/frankrike-forklart-er-tilbake-med-ny-sesong\/#article","isPartOf":{"@id":"https:\/\/www.france.no\/no\/2025\/kultur\/frankrike-forklart-er-tilbake-med-ny-sesong\/"},"author":{"name":"P\u00f4le Communication","@id":"https:\/\/www.france.no\/no\/#\/schema\/person\/e911222e8703f294589a6d80b1c16f97"},"headline":"Frankrike forklart er tilbake med ny sesong","datePublished":"2025-01-22T14:22:10+00:00","dateModified":"2025-08-28T11:41:48+00:00","mainEntityOfPage":{"@id":"https:\/\/www.france.no\/no\/2025\/kultur\/frankrike-forklart-er-tilbake-med-ny-sesong\/"},"wordCount":357,"publisher":{"@id":"https:\/\/www.france.no\/no\/#organization"},"image":{"@id":"https:\/\/www.france.no\/no\/2025\/kultur\/frankrike-forklart-er-tilbake-med-ny-sesong\/#primaryimage"},"thumbnailUrl":"https:\/\/www.france.no\/wp-content\/uploads\/2025\/01\/Logo-Frankrike-forklart-Landscape-1098x617.png","articleSection":["Kultur","Vitenskap og forskning"],"inLanguage":"nb-NO"},{"@type":"WebPage","@id":"https:\/\/www.france.no\/no\/2025\/kultur\/frankrike-forklart-er-tilbake-med-ny-sesong\/","url":"https:\/\/www.france.no\/no\/2025\/kultur\/frankrike-forklart-er-tilbake-med-ny-sesong\/","name":"Frankrike forklart er tilbake med ny sesong - Institut fran\u00e7ais","isPartOf":{"@id":"https:\/\/www.france.no\/no\/#website"},"primaryImageOfPage":{"@id":"https:\/\/www.france.no\/no\/2025\/kultur\/frankrike-forklart-er-tilbake-med-ny-sesong\/#primaryimage"},"image":{"@id":"https:\/\/www.france.no\/no\/2025\/kultur\/frankrike-forklart-er-tilbake-med-ny-sesong\/#primaryimage"},"thumbnailUrl":"https:\/\/www.france.no\/wp-content\/uploads\/2025\/01\/Logo-Frankrike-forklart-Landscape-1098x617.png","datePublished":"2025-01-22T14:22:10+00:00","dateModified":"2025-08-28T11:41:48+00:00","breadcrumb":{"@id":"https:\/\/www.france.no\/no\/2025\/kultur\/frankrike-forklart-er-tilbake-med-ny-sesong\/#breadcrumb"},"inLanguage":"nb-NO","potentialAction":[{"@type":"ReadAction","target":["https:\/\/www.france.no\/no\/2025\/kultur\/frankrike-forklart-er-tilbake-med-ny-sesong\/"]}]},{"@type":"ImageObject","inLanguage":"nb-NO","@id":"https:\/\/www.france.no\/no\/2025\/kultur\/frankrike-forklart-er-tilbake-med-ny-sesong\/#primaryimage","url":"https:\/\/www.france.no\/wp-content\/uploads\/2025\/01\/Logo-Frankrike-forklart-Landscape-1098x617.png","contentUrl":"https:\/\/www.france.no\/wp-content\/uploads\/2025\/01\/Logo-Frankrike-forklart-Landscape-1098x617.png","width":6000,"height":3375},{"@type":"BreadcrumbList","@id":"https:\/\/www.france.no\/no\/2025\/kultur\/frankrike-forklart-er-tilbake-med-ny-sesong\/#breadcrumb","itemListElement":[{"@type":"ListItem","position":1,"name":"","item":"https:\/\/www.france.no\/no\/"},{"@type":"ListItem","position":2,"name":"Frankrike forklart er tilbake med ny sesong"}]},{"@type":"WebSite","@id":"https:\/\/www.france.no\/no\/#website","url":"https:\/\/www.france.no\/no\/","name":"Institut fran\u00e7ais","description":"Norv\u00e8ge","publisher":{"@id":"https:\/\/www.france.no\/no\/#organization"},"potentialAction":[{"@type":"SearchAction","target":{"@type":"EntryPoint","urlTemplate":"https:\/\/www.france.no\/no\/?s={search_term_string}"},"query-input":{"@type":"PropertyValueSpecification","valueRequired":true,"valueName":"search_term_string"}}],"inLanguage":"nb-NO"},{"@type":"Organization","@id":"https:\/\/www.france.no\/no\/#organization","name":"Institut fran\u00e7ais","url":"https:\/\/www.france.no\/no\/","logo":{"@type":"ImageObject","inLanguage":"nb-NO","@id":"https:\/\/www.france.no\/no\/#\/schema\/logo\/image\/","url":"https:\/\/www.france.no\/wp-content\/uploads\/2022\/11\/IF_Logo_Sans_Bleu_RVB.png","contentUrl":"https:\/\/www.france.no\/wp-content\/uploads\/2022\/11\/IF_Logo_Sans_Bleu_RVB.png","width":852,"height":591,"caption":"Institut fran\u00e7ais"},"image":{"@id":"https:\/\/www.france.no\/no\/#\/schema\/logo\/image\/"},"sameAs":["https:\/\/www.facebook.com\/institutfrancaisoslo","https:\/\/x.com\/ifnorvege","https:\/\/instagram.com\/ifnorvege"]},{"@type":"Person","@id":"https:\/\/www.france.no\/no\/#\/schema\/person\/e911222e8703f294589a6d80b1c16f97","name":"P\u00f4le Communication","image":{"@type":"ImageObject","inLanguage":"nb-NO","@id":"https:\/\/www.france.no\/no\/#\/schema\/person\/image\/","url":"https:\/\/secure.gravatar.com\/avatar\/20ae085a8b5fd613a02d28588389144802d3ba9408c852b2c6c7c4b17cc39660?s=96&d=mm&r=g","contentUrl":"https:\/\/secure.gravatar.com\/avatar\/20ae085a8b5fd613a02d28588389144802d3ba9408c852b2c6c7c4b17cc39660?s=96&d=mm&r=g","caption":"P\u00f4le Communication"},"url":"https:\/\/www.france.no\/no\/author\/polecom\/"}]}},"_links":{"self":[{"href":"https:\/\/www.france.no\/no\/wp-json\/wp\/v2\/posts\/10971","targetHints":{"allow":["GET"]}}],"collection":[{"href":"https:\/\/www.france.no\/no\/wp-json\/wp\/v2\/posts"}],"about":[{"href":"https:\/\/www.france.no\/no\/wp-json\/wp\/v2\/types\/post"}],"author":[{"embeddable":true,"href":"https:\/\/www.france.no\/no\/wp-json\/wp\/v2\/users\/6"}],"replies":[{"embeddable":true,"href":"https:\/\/www.france.no\/no\/wp-json\/wp\/v2\/comments?post=10971"}],"version-history":[{"count":4,"href":"https:\/\/www.france.no\/no\/wp-json\/wp\/v2\/posts\/10971\/revisions"}],"predecessor-version":[{"id":11178,"href":"https:\/\/www.france.no\/no\/wp-json\/wp\/v2\/posts\/10971\/revisions\/11178"}],"wp:featuredmedia":[{"embeddable":true,"href":"https:\/\/www.france.no\/no\/wp-json\/wp\/v2\/media\/10989"}],"wp:attachment":[{"href":"https:\/\/www.france.no\/no\/wp-json\/wp\/v2\/media?parent=10971"}],"wp:term":[{"taxonomy":"category","embeddable":true,"href":"https:\/\/www.france.no\/no\/wp-json\/wp\/v2\/categories?post=10971"},{"taxonomy":"post_tag","embeddable":true,"href":"https:\/\/www.france.no\/no\/wp-json\/wp\/v2\/tags?post=10971"}],"curies":[{"name":"wp","href":"https:\/\/api.w.org\/{rel}","templated":true}]}}