{"id":11714,"date":"2025-03-11T16:20:14","date_gmt":"2025-03-11T15:20:14","guid":{"rendered":"https:\/\/www.france.no\/?p=11714"},"modified":"2025-08-28T13:37:01","modified_gmt":"2025-08-28T11:37:01","slug":"the-french-institute-nordic-award-fina","status":"publish","type":"post","link":"https:\/\/www.france.no\/no\/2025\/vitenskap-og-forskning\/the-french-institute-nordic-award-fina\/","title":{"rendered":"The French Institute Nordic Award (FINA)"},"content":{"rendered":"\n<p><strong><a href=\"https:\/\/french-nordic-research.se\/the-french-institute-nordic-award-fina\/\" target=\"_blank\" rel=\"noreferrer noopener\">The 2025 edition of the FINA prize is launched!<\/a> Young researchers, send your applications until March 16, 2025, for a unique opportunity to attend the One Ocean Science Congress (OOSC), a major scientific event ahead of the 3rd United Nations Ocean Conference!<\/strong><\/p>\n\n\n\n<p>Each year since 2020, the French Institutes in Denmark, Estonia, Finland, Norway and Sweden jointly award a prize to five young researchers from the Nordic region in recognition of their outstanding achievements. The<strong>&nbsp;French Institute Nordic Award (FINA)<\/strong>&nbsp;aims to foster scientific cooperation on a theme of shared interest for both the Nordic countries and France.<\/p>\n\n\n\n<p>The French Institutes invite you to take part in the FINA mobility programme. Laureates will have&nbsp;<strong>the chance to travel to France for one week and to attend the OOSC<\/strong>&nbsp;in June 2025 in Nice. In addition to the OOSC, laureates will have the opportunity to&nbsp;<strong>visit universities, research institutes and\/or laboratories<\/strong>&nbsp;with a programme to be determined according to the laureates\u2019 fields of interest.<\/p>\n\n\n\n<p class=\"has-text-align-center\"><strong>Click here for more information about&nbsp;<\/strong><a href=\"https:\/\/one-ocean-science-2025.org\/\" target=\"_blank\" rel=\"noreferrer noopener\"><u><strong>OOSC \u2013 One Ocean Science Congress<\/strong><\/u><\/a><\/p>\n\n\n\n<p class=\"has-text-align-center\">Do not miss this occasion to strengthen your international network!<\/p>\n\n\n\n<h4 class=\"wp-block-heading\"><strong>Theme of the year 2025: Oceans<\/strong><\/h4>\n\n\n\n<p>As a shared global resource, the ocean is vital to human prosperity and well-being. It plays a key role in regulating the Earth\u2019s climate and supports the livelihoods of three billion people, the majority of whom live in developing countries. The ocean is a topic that encompasses numerous challenges, including among others environmental and climate protection, the preservation of marine biodiversity, and broader societal questions such as legal and political frameworks.<\/p>\n\n\n\n<p>Ahead of the UN Ocean Conference which will be held in Nice in June 2025, the One Ocean Science Congress (OOSC) will gather over 2,000 scientists in Nice to discuss ocean-related issues and contribute valuable insights to global debates.<\/p>\n\n\n\n<p>In this context, the 2025 edition of the FINA prize aims to highlight the work of young Nordic researchers while aligning with the promotion of the following Sustainable Development Goals:<\/p>\n\n\n\n<ul class=\"wp-block-list\">\n<li><strong>SDG 13<\/strong>: Take urgent action to combat climate change and its impacts.<\/li>\n\n\n\n<li><strong>SDG 14<\/strong>: Conserve and sustainably use the oceans, seas, and marine resources for sustainable development.<\/li>\n<\/ul>\n\n\n\n<h4 class=\"wp-block-heading\"><strong>Who can apply<\/strong><\/h4>\n\n\n\n<p>This programme is open to PhD students and holders of a PhD degree for less than two years conducting research in a Swedish, Danish, Estonian, Norwegian or Finnish institution (university, research institute from the public or private sector), with no condition of nationality.<\/p>\n\n\n\n<p>All research fields, including human and social sciences, contributing to ocean science, are eligible for this call for projects<\/p>\n\n\n\n<h4 class=\"wp-block-heading\"><strong>Selection procedure<\/strong><\/h4>\n\n\n\n<p>One laureate will be selected in each of the participating countries (Estonia, Denmark, Finland, Norway and Sweden) by a selection committee composed of the Directors and Scientific attach\u00e9s of the five French Institutes.<\/p>\n\n\n\n<h4 class=\"wp-block-heading\"><strong>Selection criteria&nbsp;<\/strong><\/h4>\n\n\n\n<p>The selection criteria will be as follows:<\/p>\n\n\n\n<ul class=\"wp-block-list\">\n<li>The&nbsp;<strong>relevance<\/strong>&nbsp;of the research work in relation to the theme;<\/li>\n\n\n\n<li>The<strong>&nbsp;originality<\/strong>&nbsp;of the researcher\u2019s approach;<\/li>\n\n\n\n<li>The&nbsp;<strong>motivation<\/strong>&nbsp;of the candidate to participate in the programme.<\/li>\n<\/ul>\n\n\n\n<p>In case of ex-aquo applications, the jury will give priority to younger researchers.<\/p>\n\n\n\n<h4 class=\"wp-block-heading\"><strong>Award<\/strong><\/h4>\n\n\n\n<p>The FINA recognises the quality and relevance of the work carried out by the laureates. This scientific mobility to France includes the attendance to the&nbsp;<strong>OOSC (One Ocean Science Congress) in Nice<\/strong>. This event, organised by CNRS and IFREMER, will be held from&nbsp;<strong>June 3 until June 6<\/strong>, prior to the 2025 UN Ocean Conference.<\/p>\n\n\n\n<p>In addition to the OOSC, laureates will have the opportunity to&nbsp;visit universities, research institutes and\/or laboratories. The full programme will be defined by the French Institutes depending on the laureates\u2019 fields of interest.<\/p>\n\n\n\n<p>The French Institutes will register the laureates to the OOSC and will book the accommodation in Nice. Each laureate will receive a grant from which the cost of accommodation is deducted.<\/p>\n\n\n\n<p>Each laureate will be awarded the following amounts minus the cost of accommodation:<\/p>\n\n\n\n<ul class=\"wp-block-list\">\n<li>Finland: 2 000 \u20ac<\/li>\n\n\n\n<li>Denmark: 2 000 \u20ac (approximately 14 925 DKK)<\/li>\n\n\n\n<li>Estonia: 2 000 \u20ac<\/li>\n\n\n\n<li>Norway: 2 000 \u20ac (approximately 23 000 NOK)<\/li>\n\n\n\n<li>Sweden: 20 000 SEK<\/li>\n<\/ul>\n\n\n\n<p>The grant will be awarded as a contribution to transportation costs and living expenses.<\/p>\n\n\n\n<p>The objective is to enable the laureates to network with colleagues in France during the OOSC and by visiting laboratories, universities and\/or research institutes. This one-week stay in France is a great opportunity to develop scientific cooperation with French institutions and researchers.<\/p>\n\n\n\n<p>The stay in France will take place from<strong>&nbsp;June 2 to June 9, 2025 (TBC)<\/strong>. Visits will be conducted in English.<\/p>\n\n\n\n<h4 class=\"wp-block-heading\"><strong>Timeline<\/strong><\/h4>\n\n\n\n<ul class=\"wp-block-list\">\n<li><strong>March 16, 2025 at 23:59 CET \u2013<\/strong>&nbsp;Deadline for applications:<\/li>\n\n\n\n<li><strong>Early April 2025 \u2013&nbsp;<\/strong>Announcement of the laureates<\/li>\n\n\n\n<li><strong>June 2 to 9 (TBC) \u2013&nbsp;<\/strong>Mobility to France<\/li>\n<\/ul>\n\n\n\n<h4 class=\"wp-block-heading\"><strong>Application procedure<\/strong><\/h4>\n\n\n\n<p>Applicants must send the following documents:<\/p>\n\n\n\n<ul class=\"wp-block-list\">\n<li>A scientific resume (CV), including a list of selected publications (max. 1 page)<\/li>\n\n\n\n<li>A presentation of the current research (max. 2 pages)<\/li>\n\n\n\n<li>A copy of a document attesting of the participant\u2019s affiliation with a local research or higher education institution.<\/li>\n<\/ul>\n\n\n\n<p>before March 16 at 23:59 (Central European Time), to the Institut fran\u00e7ais of their country of residence, in the following way:<\/p>\n\n\n\n<ul class=\"wp-block-list\">\n<li><strong>Denmark:&nbsp;<\/strong>send the required documents by email to&nbsp;<a href=\"mailto:mr@institutfrancais.dk\" target=\"_blank\" rel=\"noreferrer noopener\">mr@institutfrancais.dk<\/a>&nbsp;<\/li>\n\n\n\n<li><strong>Estonia:&nbsp;<\/strong>send the required document by email to&nbsp;<a href=\"mailto:gabriel.voisin-moncho@ife.ee\" target=\"_blank\" rel=\"noreferrer noopener\">gabriel.voisin-moncho@ife.ee<\/a>&nbsp;<\/li>\n\n\n\n<li><strong>Finland:&nbsp;<\/strong>send the required documents by email to&nbsp;<a href=\"mailto:science@france.fi\" target=\"_blank\" rel=\"noreferrer noopener\">science@france.fi<\/a>&nbsp;<\/li>\n\n\n\n<li><strong>Norway:&nbsp;<\/strong>send the required documents by email to&nbsp;<a href=\"mailto:science@france.no\" target=\"_blank\" rel=\"noreferrer noopener\">science@france.no<\/a>&nbsp;<\/li>\n\n\n\n<li><strong>Sweden:&nbsp;<\/strong>fill the online form&nbsp;<a href=\"https:\/\/ifsuede.wufoo.com\/forms\/qg746cx03379x8\/\" target=\"_blank\" rel=\"noreferrer noopener\"><u>here<\/u><\/a><\/li>\n<\/ul>\n\n\n\n<p>All applications must be in English or in French.<\/p>\n\n\n\n<h4 class=\"wp-block-heading\"><strong>Do you have any question?<\/strong><\/h4>\n\n\n\n<ul class=\"wp-block-list\">\n<li>Finland: please contact&nbsp;<a href=\"mailto:science@france.fi\" target=\"_blank\" rel=\"noreferrer noopener\">science@france.fi<\/a>&nbsp;<\/li>\n\n\n\n<li>Denmark: please contact M\u00e9lissa Rahmouni, Scientific and University cooperation attach\u00e9 at the Institut Fran\u00e7ais du Danemark, at&nbsp;<a href=\"mailto:mr@institutfrancais.dk\" target=\"_blank\" rel=\"noreferrer noopener\">mr@institutfrancais.dk<\/a>&nbsp;<\/li>\n\n\n\n<li>Estonia: please contact Gabriel Voisin-Moncho, Scientific and University cooperation attach\u00e9 at the French Institute of Estonia at gabriel.voisin-moncho@ife.ee<\/li>\n\n\n\n<li>Norway: please contact&nbsp;<a href=\"mailto:science@france.no\" target=\"_blank\" rel=\"noreferrer noopener\">science@france.no<\/a>&nbsp;<\/li>\n\n\n\n<li>Sweden: please contact Victor Ducret, officer for scientific cooperation at the Institut fran\u00e7ais de Su\u00e8de and French Embassy to Sweden, at&nbsp;<a href=\"mailto:science@ifsuede.com\" target=\"_blank\" rel=\"noreferrer noopener\">science@ifsuede.com<\/a>.<\/li>\n<\/ul>\n","protected":false},"excerpt":{"rendered":"<p>The 2025 edition of the FINA prize is launched! Young researchers, send your applications until March 16, 2025, for a unique opportunity to attend the One Ocean Science Congress (OOSC), a major scientific event ahead of the 3rd United Nations Ocean Conference! Each year since 2020, the French Institutes in Denmark, Estonia, Finland, Norway and [&hellip;]<\/p>\n","protected":false},"author":6,"featured_media":11729,"comment_status":"closed","ping_status":"open","sticky":false,"template":"","format":"standard","meta":{"footnotes":""},"categories":[17],"tags":[],"class_list":["post-11714","post","type-post","status-publish","format-standard","has-post-thumbnail","hentry","category-vitenskap-og-forskning"],"yoast_head":"<!-- This site is optimized with the Yoast SEO plugin v24.2 - https:\/\/yoast.com\/wordpress\/plugins\/seo\/ -->\n<title>The French Institute Nordic Award (FINA) - Institut fran\u00e7ais<\/title>\n<meta name=\"robots\" content=\"index, follow, max-snippet:-1, max-image-preview:large, max-video-preview:-1\" \/>\n<link rel=\"canonical\" href=\"https:\/\/www.france.no\/no\/2025\/vitenskap-og-forskning\/the-french-institute-nordic-award-fina\/\" \/>\n<meta property=\"og:locale\" content=\"nb_NO\" \/>\n<meta property=\"og:type\" content=\"article\" \/>\n<meta property=\"og:title\" content=\"The French Institute Nordic Award (FINA) - Institut fran\u00e7ais\" \/>\n<meta property=\"og:description\" content=\"The 2025 edition of the FINA prize is launched! Young researchers, send your applications until March 16, 2025, for a unique opportunity to attend the One Ocean Science Congress (OOSC), a major scientific event ahead of the 3rd United Nations Ocean Conference! Each year since 2020, the French Institutes in Denmark, Estonia, Finland, Norway and [&hellip;]\" \/>\n<meta property=\"og:url\" content=\"https:\/\/www.france.no\/no\/2025\/vitenskap-og-forskning\/the-french-institute-nordic-award-fina\/\" \/>\n<meta property=\"og:site_name\" content=\"Institut fran\u00e7ais\" \/>\n<meta property=\"article:publisher\" content=\"https:\/\/www.facebook.com\/institutfrancaisoslo\" \/>\n<meta property=\"article:published_time\" content=\"2025-03-11T15:20:14+00:00\" \/>\n<meta property=\"article:modified_time\" content=\"2025-08-28T11:37:01+00:00\" \/>\n<meta property=\"og:image\" content=\"https:\/\/www.france.no\/wp-content\/uploads\/2025\/02\/FINA-AWARD-2025-V2-Partage-1-1024x576.png\" \/>\n\t<meta property=\"og:image:width\" content=\"1024\" \/>\n\t<meta property=\"og:image:height\" content=\"576\" \/>\n\t<meta property=\"og:image:type\" content=\"image\/png\" \/>\n<meta name=\"author\" content=\"P\u00f4le Communication\" \/>\n<meta name=\"twitter:card\" content=\"summary_large_image\" \/>\n<meta name=\"twitter:creator\" content=\"@ifnorvege\" \/>\n<meta name=\"twitter:site\" content=\"@ifnorvege\" \/>\n<meta name=\"twitter:label1\" content=\"Skrevet av\" \/>\n\t<meta name=\"twitter:data1\" content=\"P\u00f4le Communication\" \/>\n\t<meta name=\"twitter:label2\" content=\"Ansl. lesetid\" \/>\n\t<meta name=\"twitter:data2\" content=\"6 minutter\" \/>\n<script type=\"application\/ld+json\" class=\"yoast-schema-graph\">{\"@context\":\"https:\/\/schema.org\",\"@graph\":[{\"@type\":\"Article\",\"@id\":\"https:\/\/www.france.no\/no\/2025\/vitenskap-og-forskning\/the-french-institute-nordic-award-fina\/#article\",\"isPartOf\":{\"@id\":\"https:\/\/www.france.no\/no\/2025\/vitenskap-og-forskning\/the-french-institute-nordic-award-fina\/\"},\"author\":{\"name\":\"P\u00f4le Communication\",\"@id\":\"https:\/\/www.france.no\/no\/#\/schema\/person\/e911222e8703f294589a6d80b1c16f97\"},\"headline\":\"The French Institute Nordic Award (FINA)\",\"datePublished\":\"2025-03-11T15:20:14+00:00\",\"dateModified\":\"2025-08-28T11:37:01+00:00\",\"mainEntityOfPage\":{\"@id\":\"https:\/\/www.france.no\/no\/2025\/vitenskap-og-forskning\/the-french-institute-nordic-award-fina\/\"},\"wordCount\":996,\"publisher\":{\"@id\":\"https:\/\/www.france.no\/no\/#organization\"},\"image\":{\"@id\":\"https:\/\/www.france.no\/no\/2025\/vitenskap-og-forskning\/the-french-institute-nordic-award-fina\/#primaryimage\"},\"thumbnailUrl\":\"https:\/\/www.france.no\/wp-content\/uploads\/2025\/02\/FINA-AWARD-2025-V2-Partage-1-1098x617.png\",\"articleSection\":[\"Vitenskap og forskning\"],\"inLanguage\":\"nb-NO\"},{\"@type\":\"WebPage\",\"@id\":\"https:\/\/www.france.no\/no\/2025\/vitenskap-og-forskning\/the-french-institute-nordic-award-fina\/\",\"url\":\"https:\/\/www.france.no\/no\/2025\/vitenskap-og-forskning\/the-french-institute-nordic-award-fina\/\",\"name\":\"The French Institute Nordic Award (FINA) - Institut fran\u00e7ais\",\"isPartOf\":{\"@id\":\"https:\/\/www.france.no\/no\/#website\"},\"primaryImageOfPage\":{\"@id\":\"https:\/\/www.france.no\/no\/2025\/vitenskap-og-forskning\/the-french-institute-nordic-award-fina\/#primaryimage\"},\"image\":{\"@id\":\"https:\/\/www.france.no\/no\/2025\/vitenskap-og-forskning\/the-french-institute-nordic-award-fina\/#primaryimage\"},\"thumbnailUrl\":\"https:\/\/www.france.no\/wp-content\/uploads\/2025\/02\/FINA-AWARD-2025-V2-Partage-1-1098x617.png\",\"datePublished\":\"2025-03-11T15:20:14+00:00\",\"dateModified\":\"2025-08-28T11:37:01+00:00\",\"breadcrumb\":{\"@id\":\"https:\/\/www.france.no\/no\/2025\/vitenskap-og-forskning\/the-french-institute-nordic-award-fina\/#breadcrumb\"},\"inLanguage\":\"nb-NO\",\"potentialAction\":[{\"@type\":\"ReadAction\",\"target\":[\"https:\/\/www.france.no\/no\/2025\/vitenskap-og-forskning\/the-french-institute-nordic-award-fina\/\"]}]},{\"@type\":\"ImageObject\",\"inLanguage\":\"nb-NO\",\"@id\":\"https:\/\/www.france.no\/no\/2025\/vitenskap-og-forskning\/the-french-institute-nordic-award-fina\/#primaryimage\",\"url\":\"https:\/\/www.france.no\/wp-content\/uploads\/2025\/02\/FINA-AWARD-2025-V2-Partage-1-1098x617.png\",\"contentUrl\":\"https:\/\/www.france.no\/wp-content\/uploads\/2025\/02\/FINA-AWARD-2025-V2-Partage-1-1098x617.png\",\"width\":4000,\"height\":2250},{\"@type\":\"BreadcrumbList\",\"@id\":\"https:\/\/www.france.no\/no\/2025\/vitenskap-og-forskning\/the-french-institute-nordic-award-fina\/#breadcrumb\",\"itemListElement\":[{\"@type\":\"ListItem\",\"position\":1,\"name\":\"\",\"item\":\"https:\/\/www.france.no\/no\/\"},{\"@type\":\"ListItem\",\"position\":2,\"name\":\"The French Institute Nordic Award (FINA)\"}]},{\"@type\":\"WebSite\",\"@id\":\"https:\/\/www.france.no\/no\/#website\",\"url\":\"https:\/\/www.france.no\/no\/\",\"name\":\"Institut fran\u00e7ais\",\"description\":\"Norv\u00e8ge\",\"publisher\":{\"@id\":\"https:\/\/www.france.no\/no\/#organization\"},\"potentialAction\":[{\"@type\":\"SearchAction\",\"target\":{\"@type\":\"EntryPoint\",\"urlTemplate\":\"https:\/\/www.france.no\/no\/?s={search_term_string}\"},\"query-input\":{\"@type\":\"PropertyValueSpecification\",\"valueRequired\":true,\"valueName\":\"search_term_string\"}}],\"inLanguage\":\"nb-NO\"},{\"@type\":\"Organization\",\"@id\":\"https:\/\/www.france.no\/no\/#organization\",\"name\":\"Institut fran\u00e7ais\",\"url\":\"https:\/\/www.france.no\/no\/\",\"logo\":{\"@type\":\"ImageObject\",\"inLanguage\":\"nb-NO\",\"@id\":\"https:\/\/www.france.no\/no\/#\/schema\/logo\/image\/\",\"url\":\"https:\/\/www.france.no\/wp-content\/uploads\/2022\/11\/IF_Logo_Sans_Bleu_RVB.png\",\"contentUrl\":\"https:\/\/www.france.no\/wp-content\/uploads\/2022\/11\/IF_Logo_Sans_Bleu_RVB.png\",\"width\":852,\"height\":591,\"caption\":\"Institut fran\u00e7ais\"},\"image\":{\"@id\":\"https:\/\/www.france.no\/no\/#\/schema\/logo\/image\/\"},\"sameAs\":[\"https:\/\/www.facebook.com\/institutfrancaisoslo\",\"https:\/\/x.com\/ifnorvege\",\"https:\/\/instagram.com\/ifnorvege\"]},{\"@type\":\"Person\",\"@id\":\"https:\/\/www.france.no\/no\/#\/schema\/person\/e911222e8703f294589a6d80b1c16f97\",\"name\":\"P\u00f4le Communication\",\"image\":{\"@type\":\"ImageObject\",\"inLanguage\":\"nb-NO\",\"@id\":\"https:\/\/www.france.no\/no\/#\/schema\/person\/image\/\",\"url\":\"https:\/\/secure.gravatar.com\/avatar\/20ae085a8b5fd613a02d28588389144802d3ba9408c852b2c6c7c4b17cc39660?s=96&d=mm&r=g\",\"contentUrl\":\"https:\/\/secure.gravatar.com\/avatar\/20ae085a8b5fd613a02d28588389144802d3ba9408c852b2c6c7c4b17cc39660?s=96&d=mm&r=g\",\"caption\":\"P\u00f4le Communication\"},\"url\":\"https:\/\/www.france.no\/no\/author\/polecom\/\"}]}<\/script>\n<!-- \/ Yoast SEO plugin. -->","yoast_head_json":{"title":"The French Institute Nordic Award (FINA) - Institut fran\u00e7ais","robots":{"index":"index","follow":"follow","max-snippet":"max-snippet:-1","max-image-preview":"max-image-preview:large","max-video-preview":"max-video-preview:-1"},"canonical":"https:\/\/www.france.no\/no\/2025\/vitenskap-og-forskning\/the-french-institute-nordic-award-fina\/","og_locale":"nb_NO","og_type":"article","og_title":"The French Institute Nordic Award (FINA) - Institut fran\u00e7ais","og_description":"The 2025 edition of the FINA prize is launched! Young researchers, send your applications until March 16, 2025, for a unique opportunity to attend the One Ocean Science Congress (OOSC), a major scientific event ahead of the 3rd United Nations Ocean Conference! Each year since 2020, the French Institutes in Denmark, Estonia, Finland, Norway and [&hellip;]","og_url":"https:\/\/www.france.no\/no\/2025\/vitenskap-og-forskning\/the-french-institute-nordic-award-fina\/","og_site_name":"Institut fran\u00e7ais","article_publisher":"https:\/\/www.facebook.com\/institutfrancaisoslo","article_published_time":"2025-03-11T15:20:14+00:00","article_modified_time":"2025-08-28T11:37:01+00:00","og_image":[{"width":1024,"height":576,"url":"https:\/\/www.france.no\/wp-content\/uploads\/2025\/02\/FINA-AWARD-2025-V2-Partage-1-1024x576.png","type":"image\/png"}],"author":"P\u00f4le Communication","twitter_card":"summary_large_image","twitter_creator":"@ifnorvege","twitter_site":"@ifnorvege","twitter_misc":{"Skrevet av":"P\u00f4le Communication","Ansl. lesetid":"6 minutter"},"schema":{"@context":"https:\/\/schema.org","@graph":[{"@type":"Article","@id":"https:\/\/www.france.no\/no\/2025\/vitenskap-og-forskning\/the-french-institute-nordic-award-fina\/#article","isPartOf":{"@id":"https:\/\/www.france.no\/no\/2025\/vitenskap-og-forskning\/the-french-institute-nordic-award-fina\/"},"author":{"name":"P\u00f4le Communication","@id":"https:\/\/www.france.no\/no\/#\/schema\/person\/e911222e8703f294589a6d80b1c16f97"},"headline":"The French Institute Nordic Award (FINA)","datePublished":"2025-03-11T15:20:14+00:00","dateModified":"2025-08-28T11:37:01+00:00","mainEntityOfPage":{"@id":"https:\/\/www.france.no\/no\/2025\/vitenskap-og-forskning\/the-french-institute-nordic-award-fina\/"},"wordCount":996,"publisher":{"@id":"https:\/\/www.france.no\/no\/#organization"},"image":{"@id":"https:\/\/www.france.no\/no\/2025\/vitenskap-og-forskning\/the-french-institute-nordic-award-fina\/#primaryimage"},"thumbnailUrl":"https:\/\/www.france.no\/wp-content\/uploads\/2025\/02\/FINA-AWARD-2025-V2-Partage-1-1098x617.png","articleSection":["Vitenskap og forskning"],"inLanguage":"nb-NO"},{"@type":"WebPage","@id":"https:\/\/www.france.no\/no\/2025\/vitenskap-og-forskning\/the-french-institute-nordic-award-fina\/","url":"https:\/\/www.france.no\/no\/2025\/vitenskap-og-forskning\/the-french-institute-nordic-award-fina\/","name":"The French Institute Nordic Award (FINA) - Institut fran\u00e7ais","isPartOf":{"@id":"https:\/\/www.france.no\/no\/#website"},"primaryImageOfPage":{"@id":"https:\/\/www.france.no\/no\/2025\/vitenskap-og-forskning\/the-french-institute-nordic-award-fina\/#primaryimage"},"image":{"@id":"https:\/\/www.france.no\/no\/2025\/vitenskap-og-forskning\/the-french-institute-nordic-award-fina\/#primaryimage"},"thumbnailUrl":"https:\/\/www.france.no\/wp-content\/uploads\/2025\/02\/FINA-AWARD-2025-V2-Partage-1-1098x617.png","datePublished":"2025-03-11T15:20:14+00:00","dateModified":"2025-08-28T11:37:01+00:00","breadcrumb":{"@id":"https:\/\/www.france.no\/no\/2025\/vitenskap-og-forskning\/the-french-institute-nordic-award-fina\/#breadcrumb"},"inLanguage":"nb-NO","potentialAction":[{"@type":"ReadAction","target":["https:\/\/www.france.no\/no\/2025\/vitenskap-og-forskning\/the-french-institute-nordic-award-fina\/"]}]},{"@type":"ImageObject","inLanguage":"nb-NO","@id":"https:\/\/www.france.no\/no\/2025\/vitenskap-og-forskning\/the-french-institute-nordic-award-fina\/#primaryimage","url":"https:\/\/www.france.no\/wp-content\/uploads\/2025\/02\/FINA-AWARD-2025-V2-Partage-1-1098x617.png","contentUrl":"https:\/\/www.france.no\/wp-content\/uploads\/2025\/02\/FINA-AWARD-2025-V2-Partage-1-1098x617.png","width":4000,"height":2250},{"@type":"BreadcrumbList","@id":"https:\/\/www.france.no\/no\/2025\/vitenskap-og-forskning\/the-french-institute-nordic-award-fina\/#breadcrumb","itemListElement":[{"@type":"ListItem","position":1,"name":"","item":"https:\/\/www.france.no\/no\/"},{"@type":"ListItem","position":2,"name":"The French Institute Nordic Award (FINA)"}]},{"@type":"WebSite","@id":"https:\/\/www.france.no\/no\/#website","url":"https:\/\/www.france.no\/no\/","name":"Institut fran\u00e7ais","description":"Norv\u00e8ge","publisher":{"@id":"https:\/\/www.france.no\/no\/#organization"},"potentialAction":[{"@type":"SearchAction","target":{"@type":"EntryPoint","urlTemplate":"https:\/\/www.france.no\/no\/?s={search_term_string}"},"query-input":{"@type":"PropertyValueSpecification","valueRequired":true,"valueName":"search_term_string"}}],"inLanguage":"nb-NO"},{"@type":"Organization","@id":"https:\/\/www.france.no\/no\/#organization","name":"Institut fran\u00e7ais","url":"https:\/\/www.france.no\/no\/","logo":{"@type":"ImageObject","inLanguage":"nb-NO","@id":"https:\/\/www.france.no\/no\/#\/schema\/logo\/image\/","url":"https:\/\/www.france.no\/wp-content\/uploads\/2022\/11\/IF_Logo_Sans_Bleu_RVB.png","contentUrl":"https:\/\/www.france.no\/wp-content\/uploads\/2022\/11\/IF_Logo_Sans_Bleu_RVB.png","width":852,"height":591,"caption":"Institut fran\u00e7ais"},"image":{"@id":"https:\/\/www.france.no\/no\/#\/schema\/logo\/image\/"},"sameAs":["https:\/\/www.facebook.com\/institutfrancaisoslo","https:\/\/x.com\/ifnorvege","https:\/\/instagram.com\/ifnorvege"]},{"@type":"Person","@id":"https:\/\/www.france.no\/no\/#\/schema\/person\/e911222e8703f294589a6d80b1c16f97","name":"P\u00f4le Communication","image":{"@type":"ImageObject","inLanguage":"nb-NO","@id":"https:\/\/www.france.no\/no\/#\/schema\/person\/image\/","url":"https:\/\/secure.gravatar.com\/avatar\/20ae085a8b5fd613a02d28588389144802d3ba9408c852b2c6c7c4b17cc39660?s=96&d=mm&r=g","contentUrl":"https:\/\/secure.gravatar.com\/avatar\/20ae085a8b5fd613a02d28588389144802d3ba9408c852b2c6c7c4b17cc39660?s=96&d=mm&r=g","caption":"P\u00f4le Communication"},"url":"https:\/\/www.france.no\/no\/author\/polecom\/"}]}},"_links":{"self":[{"href":"https:\/\/www.france.no\/no\/wp-json\/wp\/v2\/posts\/11714","targetHints":{"allow":["GET"]}}],"collection":[{"href":"https:\/\/www.france.no\/no\/wp-json\/wp\/v2\/posts"}],"about":[{"href":"https:\/\/www.france.no\/no\/wp-json\/wp\/v2\/types\/post"}],"author":[{"embeddable":true,"href":"https:\/\/www.france.no\/no\/wp-json\/wp\/v2\/users\/6"}],"replies":[{"embeddable":true,"href":"https:\/\/www.france.no\/no\/wp-json\/wp\/v2\/comments?post=11714"}],"version-history":[{"count":5,"href":"https:\/\/www.france.no\/no\/wp-json\/wp\/v2\/posts\/11714\/revisions"}],"predecessor-version":[{"id":11768,"href":"https:\/\/www.france.no\/no\/wp-json\/wp\/v2\/posts\/11714\/revisions\/11768"}],"wp:featuredmedia":[{"embeddable":true,"href":"https:\/\/www.france.no\/no\/wp-json\/wp\/v2\/media\/11729"}],"wp:attachment":[{"href":"https:\/\/www.france.no\/no\/wp-json\/wp\/v2\/media?parent=11714"}],"wp:term":[{"taxonomy":"category","embeddable":true,"href":"https:\/\/www.france.no\/no\/wp-json\/wp\/v2\/categories?post=11714"},{"taxonomy":"post_tag","embeddable":true,"href":"https:\/\/www.france.no\/no\/wp-json\/wp\/v2\/tags?post=11714"}],"curies":[{"name":"wp","href":"https:\/\/api.w.org\/{rel}","templated":true}]}}