{"id":1236,"date":"2021-03-31T00:00:00","date_gmt":"2021-03-30T22:00:00","guid":{"rendered":"https:\/\/www.france.no\/2021\/kultur\/take-part-in-the-online-artificial-intelligence-summer-school\/"},"modified":"2021-03-31T00:00:00","modified_gmt":"2021-03-30T22:00:00","slug":"take-part-in-the-online-artificial-intelligence-summer-school","status":"publish","type":"post","link":"https:\/\/www.france.no\/no\/2021\/utdanning-og-fransk-sprak\/take-part-in-the-online-artificial-intelligence-summer-school\/","title":{"rendered":"Take part in the Online Artificial Intelligence Summer School"},"content":{"rendered":"<p class=\"chapo\" style=\"text-align: center;\">Online Artificial Intelligence Summer School<\/p>\n<p>CentraleSup\u00e9lec &#8211; Universit\u00e9 Paris-Saclay has launched the opening of applications for its <a href=\"https:\/\/www.summerschoolcentralesupelec.fr\">Summer School in Artificial Intelligence<\/a>, which will take place online from <strong>June 28 to July 9, 2021<\/strong>.<\/p>\n<p>This Summer School is aimed at international students who have completed at least two years of undergraduate studies in science or engineering and who wish to develop their skills in this cutting-edge field.<\/p>\n<p>The programme includes courses, lectures, roundtables with professionals from research and industry, as well as a number of online cultural and social activities.<\/p>\n<ul style=\"list-style-type: circle;\">\n<li>\n<div><strong><span lang=\"EN-US\">Eligibility :\u00a0<\/span><\/strong><\/div>\n<\/li>\n<\/ul>\n<p style=\"padding-left: 40px;\">&#8211; Students who have completed at least two years of undergraduate studies in science or engineering, with basic programming skills with Python software<\/p>\n<ul style=\"list-style-type: circle;\">\n<li><strong>Practical information :<\/strong><\/li>\n<\/ul>\n<p style=\"padding-left: 40px;\">&#8211; 36 hours of lectures<\/p>\n<p style=\"padding-left: 40px;\">&#8211; Round table discussions with professionals from research and industry<\/p>\n<p style=\"padding-left: 40px;\">&#8211; Participation fee: 500 euros:\u00a0The fees include access to CentraleSup\u00e9lec&#8217;s online course platform and computer resources, privileged time for exchange with the teacher-researchers, group work sessions and online cultural and social activities.<\/p>\n<p>! Application deadline: <strong>May 31, 2021<\/strong><\/p>\n","protected":false},"excerpt":{"rendered":"<p>Online Artificial Intelligence Summer School CentraleSup\u00e9lec &#8211; Universit\u00e9 Paris-Saclay has launched the opening of applications for its Summer School in Artificial Intelligence, which will take place online from June 28 to July 9, 2021. This Summer School is aimed at international students who have completed at least two years of undergraduate studies in science or [&hellip;]<\/p>\n","protected":false},"author":1,"featured_media":1234,"comment_status":"closed","ping_status":"closed","sticky":false,"template":"","format":"standard","meta":{"footnotes":""},"categories":[13],"tags":[],"class_list":["post-1236","post","type-post","status-publish","format-standard","has-post-thumbnail","hentry","category-utdanning-og-fransk-sprak"],"yoast_head":"<!-- This site is optimized with the Yoast SEO plugin v24.2 - https:\/\/yoast.com\/wordpress\/plugins\/seo\/ -->\n<title>Take part in the Online Artificial Intelligence Summer School - Institut fran\u00e7ais<\/title>\n<meta name=\"robots\" content=\"index, follow, max-snippet:-1, max-image-preview:large, max-video-preview:-1\" \/>\n<link rel=\"canonical\" href=\"https:\/\/www.france.no\/no\/2021\/utdanning-og-fransk-sprak\/take-part-in-the-online-artificial-intelligence-summer-school\/\" \/>\n<meta property=\"og:locale\" content=\"nb_NO\" \/>\n<meta property=\"og:type\" content=\"article\" \/>\n<meta property=\"og:title\" content=\"Take part in the Online Artificial Intelligence Summer School - Institut fran\u00e7ais\" \/>\n<meta property=\"og:description\" content=\"Online Artificial Intelligence Summer School CentraleSup\u00e9lec &#8211; Universit\u00e9 Paris-Saclay has launched the opening of applications for its Summer School in Artificial Intelligence, which will take place online from June 28 to July 9, 2021. This Summer School is aimed at international students who have completed at least two years of undergraduate studies in science or [&hellip;]\" \/>\n<meta property=\"og:url\" content=\"https:\/\/www.france.no\/no\/2021\/utdanning-og-fransk-sprak\/take-part-in-the-online-artificial-intelligence-summer-school\/\" \/>\n<meta property=\"og:site_name\" content=\"Institut fran\u00e7ais\" \/>\n<meta property=\"article:publisher\" content=\"https:\/\/www.facebook.com\/institutfrancaisoslo\" \/>\n<meta property=\"article:published_time\" content=\"2021-03-30T22:00:00+00:00\" \/>\n<meta property=\"og:image\" content=\"https:\/\/www.france.no\/wp-content\/uploads\/2022\/09\/25c3ab2f-72a9-45ea-b361-c4ba7c44383b.jpg\" \/>\n\t<meta property=\"og:image:width\" content=\"596\" \/>\n\t<meta property=\"og:image:height\" content=\"140\" \/>\n\t<meta property=\"og:image:type\" content=\"image\/jpeg\" \/>\n<meta name=\"author\" content=\"admin_ifno\" \/>\n<meta name=\"twitter:card\" content=\"summary_large_image\" \/>\n<meta name=\"twitter:creator\" content=\"@ifnorvege\" \/>\n<meta name=\"twitter:site\" content=\"@ifnorvege\" \/>\n<meta name=\"twitter:label1\" content=\"Skrevet av\" \/>\n\t<meta name=\"twitter:data1\" content=\"admin_ifno\" \/>\n\t<meta name=\"twitter:label2\" content=\"Ansl. lesetid\" \/>\n\t<meta name=\"twitter:data2\" content=\"1 minutt\" \/>\n<script type=\"application\/ld+json\" class=\"yoast-schema-graph\">{\"@context\":\"https:\/\/schema.org\",\"@graph\":[{\"@type\":\"Article\",\"@id\":\"https:\/\/www.france.no\/no\/2021\/utdanning-og-fransk-sprak\/take-part-in-the-online-artificial-intelligence-summer-school\/#article\",\"isPartOf\":{\"@id\":\"https:\/\/www.france.no\/no\/2021\/utdanning-og-fransk-sprak\/take-part-in-the-online-artificial-intelligence-summer-school\/\"},\"author\":{\"name\":\"admin_ifno\",\"@id\":\"https:\/\/www.france.no\/no\/#\/schema\/person\/4fdc0b263d8f27bb00a55f55d2fa3ab0\"},\"headline\":\"Take part in the Online Artificial Intelligence Summer School\",\"datePublished\":\"2021-03-30T22:00:00+00:00\",\"dateModified\":\"2021-03-30T22:00:00+00:00\",\"mainEntityOfPage\":{\"@id\":\"https:\/\/www.france.no\/no\/2021\/utdanning-og-fransk-sprak\/take-part-in-the-online-artificial-intelligence-summer-school\/\"},\"wordCount\":174,\"publisher\":{\"@id\":\"https:\/\/www.france.no\/no\/#organization\"},\"image\":{\"@id\":\"https:\/\/www.france.no\/no\/2021\/utdanning-og-fransk-sprak\/take-part-in-the-online-artificial-intelligence-summer-school\/#primaryimage\"},\"thumbnailUrl\":\"https:\/\/www.france.no\/wp-content\/uploads\/2022\/09\/25c3ab2f-72a9-45ea-b361-c4ba7c44383b.jpg\",\"articleSection\":[\"Utdannelse og Fransk spr\u00e5ksamarbeid\"],\"inLanguage\":\"nb-NO\"},{\"@type\":\"WebPage\",\"@id\":\"https:\/\/www.france.no\/no\/2021\/utdanning-og-fransk-sprak\/take-part-in-the-online-artificial-intelligence-summer-school\/\",\"url\":\"https:\/\/www.france.no\/no\/2021\/utdanning-og-fransk-sprak\/take-part-in-the-online-artificial-intelligence-summer-school\/\",\"name\":\"Take part in the Online Artificial Intelligence Summer School - Institut fran\u00e7ais\",\"isPartOf\":{\"@id\":\"https:\/\/www.france.no\/no\/#website\"},\"primaryImageOfPage\":{\"@id\":\"https:\/\/www.france.no\/no\/2021\/utdanning-og-fransk-sprak\/take-part-in-the-online-artificial-intelligence-summer-school\/#primaryimage\"},\"image\":{\"@id\":\"https:\/\/www.france.no\/no\/2021\/utdanning-og-fransk-sprak\/take-part-in-the-online-artificial-intelligence-summer-school\/#primaryimage\"},\"thumbnailUrl\":\"https:\/\/www.france.no\/wp-content\/uploads\/2022\/09\/25c3ab2f-72a9-45ea-b361-c4ba7c44383b.jpg\",\"datePublished\":\"2021-03-30T22:00:00+00:00\",\"dateModified\":\"2021-03-30T22:00:00+00:00\",\"breadcrumb\":{\"@id\":\"https:\/\/www.france.no\/no\/2021\/utdanning-og-fransk-sprak\/take-part-in-the-online-artificial-intelligence-summer-school\/#breadcrumb\"},\"inLanguage\":\"nb-NO\",\"potentialAction\":[{\"@type\":\"ReadAction\",\"target\":[\"https:\/\/www.france.no\/no\/2021\/utdanning-og-fransk-sprak\/take-part-in-the-online-artificial-intelligence-summer-school\/\"]}]},{\"@type\":\"ImageObject\",\"inLanguage\":\"nb-NO\",\"@id\":\"https:\/\/www.france.no\/no\/2021\/utdanning-og-fransk-sprak\/take-part-in-the-online-artificial-intelligence-summer-school\/#primaryimage\",\"url\":\"https:\/\/www.france.no\/wp-content\/uploads\/2022\/09\/25c3ab2f-72a9-45ea-b361-c4ba7c44383b.jpg\",\"contentUrl\":\"https:\/\/www.france.no\/wp-content\/uploads\/2022\/09\/25c3ab2f-72a9-45ea-b361-c4ba7c44383b.jpg\",\"width\":596,\"height\":140},{\"@type\":\"BreadcrumbList\",\"@id\":\"https:\/\/www.france.no\/no\/2021\/utdanning-og-fransk-sprak\/take-part-in-the-online-artificial-intelligence-summer-school\/#breadcrumb\",\"itemListElement\":[{\"@type\":\"ListItem\",\"position\":1,\"name\":\"\",\"item\":\"https:\/\/www.france.no\/no\/\"},{\"@type\":\"ListItem\",\"position\":2,\"name\":\"Utdannelse og Fransk spr\u00e5ksamarbeid\",\"item\":\"https:\/\/www.france.no\/no\/category\/utdanning-og-fransk-sprak\/\"},{\"@type\":\"ListItem\",\"position\":3,\"name\":\"Take part in the Online Artificial Intelligence Summer School\"}]},{\"@type\":\"WebSite\",\"@id\":\"https:\/\/www.france.no\/no\/#website\",\"url\":\"https:\/\/www.france.no\/no\/\",\"name\":\"Institut fran\u00e7ais\",\"description\":\"Norv\u00e8ge\",\"publisher\":{\"@id\":\"https:\/\/www.france.no\/no\/#organization\"},\"potentialAction\":[{\"@type\":\"SearchAction\",\"target\":{\"@type\":\"EntryPoint\",\"urlTemplate\":\"https:\/\/www.france.no\/no\/?s={search_term_string}\"},\"query-input\":{\"@type\":\"PropertyValueSpecification\",\"valueRequired\":true,\"valueName\":\"search_term_string\"}}],\"inLanguage\":\"nb-NO\"},{\"@type\":\"Organization\",\"@id\":\"https:\/\/www.france.no\/no\/#organization\",\"name\":\"Institut fran\u00e7ais\",\"url\":\"https:\/\/www.france.no\/no\/\",\"logo\":{\"@type\":\"ImageObject\",\"inLanguage\":\"nb-NO\",\"@id\":\"https:\/\/www.france.no\/no\/#\/schema\/logo\/image\/\",\"url\":\"https:\/\/www.france.no\/wp-content\/uploads\/2022\/11\/IF_Logo_Sans_Bleu_RVB.png\",\"contentUrl\":\"https:\/\/www.france.no\/wp-content\/uploads\/2022\/11\/IF_Logo_Sans_Bleu_RVB.png\",\"width\":852,\"height\":591,\"caption\":\"Institut fran\u00e7ais\"},\"image\":{\"@id\":\"https:\/\/www.france.no\/no\/#\/schema\/logo\/image\/\"},\"sameAs\":[\"https:\/\/www.facebook.com\/institutfrancaisoslo\",\"https:\/\/x.com\/ifnorvege\",\"https:\/\/instagram.com\/ifnorvege\"]},{\"@type\":\"Person\",\"@id\":\"https:\/\/www.france.no\/no\/#\/schema\/person\/4fdc0b263d8f27bb00a55f55d2fa3ab0\",\"name\":\"admin_ifno\",\"image\":{\"@type\":\"ImageObject\",\"inLanguage\":\"nb-NO\",\"@id\":\"https:\/\/www.france.no\/no\/#\/schema\/person\/image\/\",\"url\":\"https:\/\/secure.gravatar.com\/avatar\/20f70e61054e6ae673edda3c0dc13670e46e51786443041c70a7eb2da859ae2a?s=96&d=mm&r=g\",\"contentUrl\":\"https:\/\/secure.gravatar.com\/avatar\/20f70e61054e6ae673edda3c0dc13670e46e51786443041c70a7eb2da859ae2a?s=96&d=mm&r=g\",\"caption\":\"admin_ifno\"},\"sameAs\":[\"https:\/\/www.france.no\"],\"url\":\"https:\/\/www.france.no\/no\/author\/admin_ifno\/\"}]}<\/script>\n<!-- \/ Yoast SEO plugin. -->","yoast_head_json":{"title":"Take part in the Online Artificial Intelligence Summer School - Institut fran\u00e7ais","robots":{"index":"index","follow":"follow","max-snippet":"max-snippet:-1","max-image-preview":"max-image-preview:large","max-video-preview":"max-video-preview:-1"},"canonical":"https:\/\/www.france.no\/no\/2021\/utdanning-og-fransk-sprak\/take-part-in-the-online-artificial-intelligence-summer-school\/","og_locale":"nb_NO","og_type":"article","og_title":"Take part in the Online Artificial Intelligence Summer School - Institut fran\u00e7ais","og_description":"Online Artificial Intelligence Summer School CentraleSup\u00e9lec &#8211; Universit\u00e9 Paris-Saclay has launched the opening of applications for its Summer School in Artificial Intelligence, which will take place online from June 28 to July 9, 2021. This Summer School is aimed at international students who have completed at least two years of undergraduate studies in science or [&hellip;]","og_url":"https:\/\/www.france.no\/no\/2021\/utdanning-og-fransk-sprak\/take-part-in-the-online-artificial-intelligence-summer-school\/","og_site_name":"Institut fran\u00e7ais","article_publisher":"https:\/\/www.facebook.com\/institutfrancaisoslo","article_published_time":"2021-03-30T22:00:00+00:00","og_image":[{"width":596,"height":140,"url":"https:\/\/www.france.no\/wp-content\/uploads\/2022\/09\/25c3ab2f-72a9-45ea-b361-c4ba7c44383b.jpg","type":"image\/jpeg"}],"author":"admin_ifno","twitter_card":"summary_large_image","twitter_creator":"@ifnorvege","twitter_site":"@ifnorvege","twitter_misc":{"Skrevet av":"admin_ifno","Ansl. lesetid":"1 minutt"},"schema":{"@context":"https:\/\/schema.org","@graph":[{"@type":"Article","@id":"https:\/\/www.france.no\/no\/2021\/utdanning-og-fransk-sprak\/take-part-in-the-online-artificial-intelligence-summer-school\/#article","isPartOf":{"@id":"https:\/\/www.france.no\/no\/2021\/utdanning-og-fransk-sprak\/take-part-in-the-online-artificial-intelligence-summer-school\/"},"author":{"name":"admin_ifno","@id":"https:\/\/www.france.no\/no\/#\/schema\/person\/4fdc0b263d8f27bb00a55f55d2fa3ab0"},"headline":"Take part in the Online Artificial Intelligence Summer School","datePublished":"2021-03-30T22:00:00+00:00","dateModified":"2021-03-30T22:00:00+00:00","mainEntityOfPage":{"@id":"https:\/\/www.france.no\/no\/2021\/utdanning-og-fransk-sprak\/take-part-in-the-online-artificial-intelligence-summer-school\/"},"wordCount":174,"publisher":{"@id":"https:\/\/www.france.no\/no\/#organization"},"image":{"@id":"https:\/\/www.france.no\/no\/2021\/utdanning-og-fransk-sprak\/take-part-in-the-online-artificial-intelligence-summer-school\/#primaryimage"},"thumbnailUrl":"https:\/\/www.france.no\/wp-content\/uploads\/2022\/09\/25c3ab2f-72a9-45ea-b361-c4ba7c44383b.jpg","articleSection":["Utdannelse og Fransk spr\u00e5ksamarbeid"],"inLanguage":"nb-NO"},{"@type":"WebPage","@id":"https:\/\/www.france.no\/no\/2021\/utdanning-og-fransk-sprak\/take-part-in-the-online-artificial-intelligence-summer-school\/","url":"https:\/\/www.france.no\/no\/2021\/utdanning-og-fransk-sprak\/take-part-in-the-online-artificial-intelligence-summer-school\/","name":"Take part in the Online Artificial Intelligence Summer School - Institut fran\u00e7ais","isPartOf":{"@id":"https:\/\/www.france.no\/no\/#website"},"primaryImageOfPage":{"@id":"https:\/\/www.france.no\/no\/2021\/utdanning-og-fransk-sprak\/take-part-in-the-online-artificial-intelligence-summer-school\/#primaryimage"},"image":{"@id":"https:\/\/www.france.no\/no\/2021\/utdanning-og-fransk-sprak\/take-part-in-the-online-artificial-intelligence-summer-school\/#primaryimage"},"thumbnailUrl":"https:\/\/www.france.no\/wp-content\/uploads\/2022\/09\/25c3ab2f-72a9-45ea-b361-c4ba7c44383b.jpg","datePublished":"2021-03-30T22:00:00+00:00","dateModified":"2021-03-30T22:00:00+00:00","breadcrumb":{"@id":"https:\/\/www.france.no\/no\/2021\/utdanning-og-fransk-sprak\/take-part-in-the-online-artificial-intelligence-summer-school\/#breadcrumb"},"inLanguage":"nb-NO","potentialAction":[{"@type":"ReadAction","target":["https:\/\/www.france.no\/no\/2021\/utdanning-og-fransk-sprak\/take-part-in-the-online-artificial-intelligence-summer-school\/"]}]},{"@type":"ImageObject","inLanguage":"nb-NO","@id":"https:\/\/www.france.no\/no\/2021\/utdanning-og-fransk-sprak\/take-part-in-the-online-artificial-intelligence-summer-school\/#primaryimage","url":"https:\/\/www.france.no\/wp-content\/uploads\/2022\/09\/25c3ab2f-72a9-45ea-b361-c4ba7c44383b.jpg","contentUrl":"https:\/\/www.france.no\/wp-content\/uploads\/2022\/09\/25c3ab2f-72a9-45ea-b361-c4ba7c44383b.jpg","width":596,"height":140},{"@type":"BreadcrumbList","@id":"https:\/\/www.france.no\/no\/2021\/utdanning-og-fransk-sprak\/take-part-in-the-online-artificial-intelligence-summer-school\/#breadcrumb","itemListElement":[{"@type":"ListItem","position":1,"name":"","item":"https:\/\/www.france.no\/no\/"},{"@type":"ListItem","position":2,"name":"Utdannelse og Fransk spr\u00e5ksamarbeid","item":"https:\/\/www.france.no\/no\/category\/utdanning-og-fransk-sprak\/"},{"@type":"ListItem","position":3,"name":"Take part in the Online Artificial Intelligence Summer School"}]},{"@type":"WebSite","@id":"https:\/\/www.france.no\/no\/#website","url":"https:\/\/www.france.no\/no\/","name":"Institut fran\u00e7ais","description":"Norv\u00e8ge","publisher":{"@id":"https:\/\/www.france.no\/no\/#organization"},"potentialAction":[{"@type":"SearchAction","target":{"@type":"EntryPoint","urlTemplate":"https:\/\/www.france.no\/no\/?s={search_term_string}"},"query-input":{"@type":"PropertyValueSpecification","valueRequired":true,"valueName":"search_term_string"}}],"inLanguage":"nb-NO"},{"@type":"Organization","@id":"https:\/\/www.france.no\/no\/#organization","name":"Institut fran\u00e7ais","url":"https:\/\/www.france.no\/no\/","logo":{"@type":"ImageObject","inLanguage":"nb-NO","@id":"https:\/\/www.france.no\/no\/#\/schema\/logo\/image\/","url":"https:\/\/www.france.no\/wp-content\/uploads\/2022\/11\/IF_Logo_Sans_Bleu_RVB.png","contentUrl":"https:\/\/www.france.no\/wp-content\/uploads\/2022\/11\/IF_Logo_Sans_Bleu_RVB.png","width":852,"height":591,"caption":"Institut fran\u00e7ais"},"image":{"@id":"https:\/\/www.france.no\/no\/#\/schema\/logo\/image\/"},"sameAs":["https:\/\/www.facebook.com\/institutfrancaisoslo","https:\/\/x.com\/ifnorvege","https:\/\/instagram.com\/ifnorvege"]},{"@type":"Person","@id":"https:\/\/www.france.no\/no\/#\/schema\/person\/4fdc0b263d8f27bb00a55f55d2fa3ab0","name":"admin_ifno","image":{"@type":"ImageObject","inLanguage":"nb-NO","@id":"https:\/\/www.france.no\/no\/#\/schema\/person\/image\/","url":"https:\/\/secure.gravatar.com\/avatar\/20f70e61054e6ae673edda3c0dc13670e46e51786443041c70a7eb2da859ae2a?s=96&d=mm&r=g","contentUrl":"https:\/\/secure.gravatar.com\/avatar\/20f70e61054e6ae673edda3c0dc13670e46e51786443041c70a7eb2da859ae2a?s=96&d=mm&r=g","caption":"admin_ifno"},"sameAs":["https:\/\/www.france.no"],"url":"https:\/\/www.france.no\/no\/author\/admin_ifno\/"}]}},"_links":{"self":[{"href":"https:\/\/www.france.no\/no\/wp-json\/wp\/v2\/posts\/1236","targetHints":{"allow":["GET"]}}],"collection":[{"href":"https:\/\/www.france.no\/no\/wp-json\/wp\/v2\/posts"}],"about":[{"href":"https:\/\/www.france.no\/no\/wp-json\/wp\/v2\/types\/post"}],"author":[{"embeddable":true,"href":"https:\/\/www.france.no\/no\/wp-json\/wp\/v2\/users\/1"}],"replies":[{"embeddable":true,"href":"https:\/\/www.france.no\/no\/wp-json\/wp\/v2\/comments?post=1236"}],"version-history":[{"count":0,"href":"https:\/\/www.france.no\/no\/wp-json\/wp\/v2\/posts\/1236\/revisions"}],"wp:featuredmedia":[{"embeddable":true,"href":"https:\/\/www.france.no\/no\/wp-json\/wp\/v2\/media\/1234"}],"wp:attachment":[{"href":"https:\/\/www.france.no\/no\/wp-json\/wp\/v2\/media?parent=1236"}],"wp:term":[{"taxonomy":"category","embeddable":true,"href":"https:\/\/www.france.no\/no\/wp-json\/wp\/v2\/categories?post=1236"},{"taxonomy":"post_tag","embeddable":true,"href":"https:\/\/www.france.no\/no\/wp-json\/wp\/v2\/tags?post=1236"}],"curies":[{"name":"wp","href":"https:\/\/api.w.org\/{rel}","templated":true}]}}