{"id":1244,"date":"2021-03-29T00:00:00","date_gmt":"2021-03-28T22:00:00","guid":{"rendered":"https:\/\/www.france.no\/2021\/kultur\/fransk-studiehverdag-i-pandemien\/"},"modified":"2021-03-29T00:00:00","modified_gmt":"2021-03-28T22:00:00","slug":"fransk-studiehverdag-i-pandemien","status":"publish","type":"post","link":"https:\/\/www.france.no\/no\/2021\/utdanning-og-fransk-sprak\/fransk-studiehverdag-i-pandemien\/","title":{"rendered":"Fransk studiehverdag i pandemien"},"content":{"rendered":"<p class=\"chapo\">Aftenposten publiserte den 28. mars en <a href=\"https:\/\/www.aftenposten.no\/meninger\/sid\/i\/kRm79X\/her-har-jeg-det-bra-i-frankrike-prioriteres-studentene-i-pandemien\">artikkel<\/a> skrevet av en norsk student som studerer i Frankrike. Edda \u00d8vereng Iveland er ingeni\u00f8rstudent ved den kjente skolen INSA i Toulouse i regi av <a href=\"https:\/\/www.utdanningiverden.no\/studieprogram\/ingenioerstudier-i-toulouse-norginsa\">NORGINSA.<\/a>\u00a0<\/p>\n<p>&nbsp;<\/p>\n<p>Edda forteller at hun setter stor pris p\u00e5 \u00e5 studere i Frankrike til tross for den vanskelige situasjonen fordi studentene f\u00e5r lov til \u00e5 f\u00f8lge deler av studiet ved fysisk oppm\u00f8te minst en gang i uken. Hvis du ogs\u00e5 har lyst til \u00e5 studere til \u00e5 bli ingeni\u00f8r i Frankrike gjennom NORGINSA, husk \u00e5 sende inn s\u00f8knaden din <a href=\"https:\/\/espresso.diku.no\/espresso\/login;jsessionid=0C5CF6DEF4081A74BE3149BB0A70E5E1?0\">elektronisk<\/a> f\u00f8r den 15. april. Har du andre sp\u00f8rsm\u00e5l ang dette studiet, ta kontakt med <a href=\"mailto:frankrike@diku.no\">Diku<\/a>.\u00a0<\/p>\n<p>De siste m\u00e5nedene har studenter blitt prioritert i Frankrike, og den franske regjeringen har vedtatt eksepsjonelle tiltak for \u00e5 st\u00f8tte internasjonale studenter som for tiden er i Frankrike: mathjelp, finansiell n\u00f8dhjelp, eksepsjonell assistanse til studenter som har mistet jobben eller praksisplassen sin.<\/p>\n<p>Som Edda nevner i artikkelen, har universitetsrestaurantene sakte men sikkert \u00e5pnes siden 8. februar 2021 mens de fortsetter \u00e5 tilby take-out. Internasjonale studenter, som andre studenter, kan dra nytte av to m\u00e5ltider per dag for 1 euro.<\/p>\n<p>Samtidig har et nytt st\u00f8ttesystem for psykisk helse blitt satt p\u00e5 plass: <a href=\"https:\/\/www.campusfrance.org\/en\/sante-psy-etudiants-the-new-psychological-support-system\">Sant\u00e9 Psy Etudiants.<\/a> Dette tar sikte p\u00e5 \u00e5 hjelpe studenter som har problemer og sliter i pandemien. St\u00f8tte er tilgjengelig via <a href=\"https:\/\/www.etudiant.gouv.fr\/en\/welcome-france-2063\">Crous sosialtjenester<\/a> for alle studenter som trenger det. P\u00e5 denne siden finner internasjonale studenter all informasjon om studielivet i Frankrike.\u00a0<\/p>\n<p>&nbsp;<\/p>\n<p style=\"text-align: justify;\"><strong>Studiestart h\u00f8st 2021<\/strong><\/p>\n<p>\u00c5rets studiestart er frem til n\u00e5 tenkt at blir normal, men dersom den n\u00e5v\u00e6rende helsekrisen er like alvorlig i september kan utdanningsinstitusjonene ha en mer fleksibel studiestart. Enkelte universiteter og skoler har planlagt en virtuell studiestart eller en utsatt studiestart dersom pandemien gj\u00f8r mobiliteten komplisert.\u00a0<\/p>\n<p style=\"text-align: justify;\">Har du sp\u00f8rsm\u00e5l om studier i Frankrike? Ta kontakt med <a href=\"mailto:studier@france.no\">Campus France Norge<\/a>\u00a0<\/p>\n<p style=\"text-align: justify;\">\u00a0<\/p>\n","protected":false},"excerpt":{"rendered":"<p>Aftenposten publiserte den 28. mars en artikkel skrevet av en norsk student som studerer i Frankrike. Edda \u00d8vereng Iveland er ingeni\u00f8rstudent ved den kjente skolen INSA i Toulouse i regi av NORGINSA.\u00a0 &nbsp; Edda forteller at hun setter stor pris p\u00e5 \u00e5 studere i Frankrike til tross for den vanskelige situasjonen fordi studentene f\u00e5r lov [&hellip;]<\/p>\n","protected":false},"author":1,"featured_media":1242,"comment_status":"closed","ping_status":"closed","sticky":false,"template":"","format":"standard","meta":{"footnotes":""},"categories":[13],"tags":[],"class_list":["post-1244","post","type-post","status-publish","format-standard","has-post-thumbnail","hentry","category-utdanning-og-fransk-sprak"],"yoast_head":"<!-- This site is optimized with the Yoast SEO plugin v24.2 - https:\/\/yoast.com\/wordpress\/plugins\/seo\/ -->\n<title>Fransk studiehverdag i pandemien - Institut fran\u00e7ais<\/title>\n<meta name=\"robots\" content=\"index, follow, max-snippet:-1, max-image-preview:large, max-video-preview:-1\" \/>\n<link rel=\"canonical\" href=\"https:\/\/www.france.no\/no\/2021\/utdanning-og-fransk-sprak\/fransk-studiehverdag-i-pandemien\/\" \/>\n<meta property=\"og:locale\" content=\"nb_NO\" \/>\n<meta property=\"og:type\" content=\"article\" \/>\n<meta property=\"og:title\" content=\"Fransk studiehverdag i pandemien - Institut fran\u00e7ais\" \/>\n<meta property=\"og:description\" content=\"Aftenposten publiserte den 28. mars en artikkel skrevet av en norsk student som studerer i Frankrike. Edda \u00d8vereng Iveland er ingeni\u00f8rstudent ved den kjente skolen INSA i Toulouse i regi av NORGINSA.\u00a0 &nbsp; Edda forteller at hun setter stor pris p\u00e5 \u00e5 studere i Frankrike til tross for den vanskelige situasjonen fordi studentene f\u00e5r lov [&hellip;]\" \/>\n<meta property=\"og:url\" content=\"https:\/\/www.france.no\/no\/2021\/utdanning-og-fransk-sprak\/fransk-studiehverdag-i-pandemien\/\" \/>\n<meta property=\"og:site_name\" content=\"Institut fran\u00e7ais\" \/>\n<meta property=\"article:publisher\" content=\"https:\/\/www.facebook.com\/institutfrancaisoslo\" \/>\n<meta property=\"article:published_time\" content=\"2021-03-28T22:00:00+00:00\" \/>\n<meta property=\"og:image\" content=\"https:\/\/www.france.no\/wp-content\/uploads\/2022\/09\/igroupe_masque_nstagram_en-1098x617.jpg\" \/>\n\t<meta property=\"og:image:width\" content=\"1501\" \/>\n\t<meta property=\"og:image:height\" content=\"1501\" \/>\n\t<meta property=\"og:image:type\" content=\"image\/jpeg\" \/>\n<meta name=\"author\" content=\"admin_ifno\" \/>\n<meta name=\"twitter:card\" content=\"summary_large_image\" \/>\n<meta name=\"twitter:creator\" content=\"@ifnorvege\" \/>\n<meta name=\"twitter:site\" content=\"@ifnorvege\" \/>\n<meta name=\"twitter:label1\" content=\"Skrevet av\" \/>\n\t<meta name=\"twitter:data1\" content=\"admin_ifno\" \/>\n\t<meta name=\"twitter:label2\" content=\"Ansl. lesetid\" \/>\n\t<meta name=\"twitter:data2\" content=\"2 minutter\" \/>\n<script type=\"application\/ld+json\" class=\"yoast-schema-graph\">{\"@context\":\"https:\/\/schema.org\",\"@graph\":[{\"@type\":\"Article\",\"@id\":\"https:\/\/www.france.no\/no\/2021\/utdanning-og-fransk-sprak\/fransk-studiehverdag-i-pandemien\/#article\",\"isPartOf\":{\"@id\":\"https:\/\/www.france.no\/no\/2021\/utdanning-og-fransk-sprak\/fransk-studiehverdag-i-pandemien\/\"},\"author\":{\"name\":\"admin_ifno\",\"@id\":\"https:\/\/www.france.no\/no\/#\/schema\/person\/4fdc0b263d8f27bb00a55f55d2fa3ab0\"},\"headline\":\"Fransk studiehverdag i pandemien\",\"datePublished\":\"2021-03-28T22:00:00+00:00\",\"dateModified\":\"2021-03-28T22:00:00+00:00\",\"mainEntityOfPage\":{\"@id\":\"https:\/\/www.france.no\/no\/2021\/utdanning-og-fransk-sprak\/fransk-studiehverdag-i-pandemien\/\"},\"wordCount\":312,\"publisher\":{\"@id\":\"https:\/\/www.france.no\/no\/#organization\"},\"image\":{\"@id\":\"https:\/\/www.france.no\/no\/2021\/utdanning-og-fransk-sprak\/fransk-studiehverdag-i-pandemien\/#primaryimage\"},\"thumbnailUrl\":\"https:\/\/www.france.no\/wp-content\/uploads\/2022\/09\/igroupe_masque_nstagram_en-1098x617.jpg\",\"articleSection\":[\"Utdannelse og Fransk spr\u00e5ksamarbeid\"],\"inLanguage\":\"nb-NO\"},{\"@type\":\"WebPage\",\"@id\":\"https:\/\/www.france.no\/no\/2021\/utdanning-og-fransk-sprak\/fransk-studiehverdag-i-pandemien\/\",\"url\":\"https:\/\/www.france.no\/no\/2021\/utdanning-og-fransk-sprak\/fransk-studiehverdag-i-pandemien\/\",\"name\":\"Fransk studiehverdag i pandemien - Institut fran\u00e7ais\",\"isPartOf\":{\"@id\":\"https:\/\/www.france.no\/no\/#website\"},\"primaryImageOfPage\":{\"@id\":\"https:\/\/www.france.no\/no\/2021\/utdanning-og-fransk-sprak\/fransk-studiehverdag-i-pandemien\/#primaryimage\"},\"image\":{\"@id\":\"https:\/\/www.france.no\/no\/2021\/utdanning-og-fransk-sprak\/fransk-studiehverdag-i-pandemien\/#primaryimage\"},\"thumbnailUrl\":\"https:\/\/www.france.no\/wp-content\/uploads\/2022\/09\/igroupe_masque_nstagram_en-1098x617.jpg\",\"datePublished\":\"2021-03-28T22:00:00+00:00\",\"dateModified\":\"2021-03-28T22:00:00+00:00\",\"breadcrumb\":{\"@id\":\"https:\/\/www.france.no\/no\/2021\/utdanning-og-fransk-sprak\/fransk-studiehverdag-i-pandemien\/#breadcrumb\"},\"inLanguage\":\"nb-NO\",\"potentialAction\":[{\"@type\":\"ReadAction\",\"target\":[\"https:\/\/www.france.no\/no\/2021\/utdanning-og-fransk-sprak\/fransk-studiehverdag-i-pandemien\/\"]}]},{\"@type\":\"ImageObject\",\"inLanguage\":\"nb-NO\",\"@id\":\"https:\/\/www.france.no\/no\/2021\/utdanning-og-fransk-sprak\/fransk-studiehverdag-i-pandemien\/#primaryimage\",\"url\":\"https:\/\/www.france.no\/wp-content\/uploads\/2022\/09\/igroupe_masque_nstagram_en-1098x617.jpg\",\"contentUrl\":\"https:\/\/www.france.no\/wp-content\/uploads\/2022\/09\/igroupe_masque_nstagram_en-1098x617.jpg\",\"width\":1501,\"height\":1501},{\"@type\":\"BreadcrumbList\",\"@id\":\"https:\/\/www.france.no\/no\/2021\/utdanning-og-fransk-sprak\/fransk-studiehverdag-i-pandemien\/#breadcrumb\",\"itemListElement\":[{\"@type\":\"ListItem\",\"position\":1,\"name\":\"\",\"item\":\"https:\/\/www.france.no\/no\/\"},{\"@type\":\"ListItem\",\"position\":2,\"name\":\"Utdannelse og Fransk spr\u00e5ksamarbeid\",\"item\":\"https:\/\/www.france.no\/no\/category\/utdanning-og-fransk-sprak\/\"},{\"@type\":\"ListItem\",\"position\":3,\"name\":\"Fransk studiehverdag i pandemien\"}]},{\"@type\":\"WebSite\",\"@id\":\"https:\/\/www.france.no\/no\/#website\",\"url\":\"https:\/\/www.france.no\/no\/\",\"name\":\"Institut fran\u00e7ais\",\"description\":\"Norv\u00e8ge\",\"publisher\":{\"@id\":\"https:\/\/www.france.no\/no\/#organization\"},\"potentialAction\":[{\"@type\":\"SearchAction\",\"target\":{\"@type\":\"EntryPoint\",\"urlTemplate\":\"https:\/\/www.france.no\/no\/?s={search_term_string}\"},\"query-input\":{\"@type\":\"PropertyValueSpecification\",\"valueRequired\":true,\"valueName\":\"search_term_string\"}}],\"inLanguage\":\"nb-NO\"},{\"@type\":\"Organization\",\"@id\":\"https:\/\/www.france.no\/no\/#organization\",\"name\":\"Institut fran\u00e7ais\",\"url\":\"https:\/\/www.france.no\/no\/\",\"logo\":{\"@type\":\"ImageObject\",\"inLanguage\":\"nb-NO\",\"@id\":\"https:\/\/www.france.no\/no\/#\/schema\/logo\/image\/\",\"url\":\"https:\/\/www.france.no\/wp-content\/uploads\/2022\/11\/IF_Logo_Sans_Bleu_RVB.png\",\"contentUrl\":\"https:\/\/www.france.no\/wp-content\/uploads\/2022\/11\/IF_Logo_Sans_Bleu_RVB.png\",\"width\":852,\"height\":591,\"caption\":\"Institut fran\u00e7ais\"},\"image\":{\"@id\":\"https:\/\/www.france.no\/no\/#\/schema\/logo\/image\/\"},\"sameAs\":[\"https:\/\/www.facebook.com\/institutfrancaisoslo\",\"https:\/\/x.com\/ifnorvege\",\"https:\/\/instagram.com\/ifnorvege\"]},{\"@type\":\"Person\",\"@id\":\"https:\/\/www.france.no\/no\/#\/schema\/person\/4fdc0b263d8f27bb00a55f55d2fa3ab0\",\"name\":\"admin_ifno\",\"image\":{\"@type\":\"ImageObject\",\"inLanguage\":\"nb-NO\",\"@id\":\"https:\/\/www.france.no\/no\/#\/schema\/person\/image\/\",\"url\":\"https:\/\/secure.gravatar.com\/avatar\/20f70e61054e6ae673edda3c0dc13670e46e51786443041c70a7eb2da859ae2a?s=96&d=mm&r=g\",\"contentUrl\":\"https:\/\/secure.gravatar.com\/avatar\/20f70e61054e6ae673edda3c0dc13670e46e51786443041c70a7eb2da859ae2a?s=96&d=mm&r=g\",\"caption\":\"admin_ifno\"},\"sameAs\":[\"https:\/\/www.france.no\"],\"url\":\"https:\/\/www.france.no\/no\/author\/admin_ifno\/\"}]}<\/script>\n<!-- \/ Yoast SEO plugin. -->","yoast_head_json":{"title":"Fransk studiehverdag i pandemien - Institut fran\u00e7ais","robots":{"index":"index","follow":"follow","max-snippet":"max-snippet:-1","max-image-preview":"max-image-preview:large","max-video-preview":"max-video-preview:-1"},"canonical":"https:\/\/www.france.no\/no\/2021\/utdanning-og-fransk-sprak\/fransk-studiehverdag-i-pandemien\/","og_locale":"nb_NO","og_type":"article","og_title":"Fransk studiehverdag i pandemien - Institut fran\u00e7ais","og_description":"Aftenposten publiserte den 28. mars en artikkel skrevet av en norsk student som studerer i Frankrike. Edda \u00d8vereng Iveland er ingeni\u00f8rstudent ved den kjente skolen INSA i Toulouse i regi av NORGINSA.\u00a0 &nbsp; Edda forteller at hun setter stor pris p\u00e5 \u00e5 studere i Frankrike til tross for den vanskelige situasjonen fordi studentene f\u00e5r lov [&hellip;]","og_url":"https:\/\/www.france.no\/no\/2021\/utdanning-og-fransk-sprak\/fransk-studiehverdag-i-pandemien\/","og_site_name":"Institut fran\u00e7ais","article_publisher":"https:\/\/www.facebook.com\/institutfrancaisoslo","article_published_time":"2021-03-28T22:00:00+00:00","og_image":[{"width":1501,"height":1501,"url":"https:\/\/www.france.no\/wp-content\/uploads\/2022\/09\/igroupe_masque_nstagram_en-1098x617.jpg","type":"image\/jpeg"}],"author":"admin_ifno","twitter_card":"summary_large_image","twitter_creator":"@ifnorvege","twitter_site":"@ifnorvege","twitter_misc":{"Skrevet av":"admin_ifno","Ansl. lesetid":"2 minutter"},"schema":{"@context":"https:\/\/schema.org","@graph":[{"@type":"Article","@id":"https:\/\/www.france.no\/no\/2021\/utdanning-og-fransk-sprak\/fransk-studiehverdag-i-pandemien\/#article","isPartOf":{"@id":"https:\/\/www.france.no\/no\/2021\/utdanning-og-fransk-sprak\/fransk-studiehverdag-i-pandemien\/"},"author":{"name":"admin_ifno","@id":"https:\/\/www.france.no\/no\/#\/schema\/person\/4fdc0b263d8f27bb00a55f55d2fa3ab0"},"headline":"Fransk studiehverdag i pandemien","datePublished":"2021-03-28T22:00:00+00:00","dateModified":"2021-03-28T22:00:00+00:00","mainEntityOfPage":{"@id":"https:\/\/www.france.no\/no\/2021\/utdanning-og-fransk-sprak\/fransk-studiehverdag-i-pandemien\/"},"wordCount":312,"publisher":{"@id":"https:\/\/www.france.no\/no\/#organization"},"image":{"@id":"https:\/\/www.france.no\/no\/2021\/utdanning-og-fransk-sprak\/fransk-studiehverdag-i-pandemien\/#primaryimage"},"thumbnailUrl":"https:\/\/www.france.no\/wp-content\/uploads\/2022\/09\/igroupe_masque_nstagram_en-1098x617.jpg","articleSection":["Utdannelse og Fransk spr\u00e5ksamarbeid"],"inLanguage":"nb-NO"},{"@type":"WebPage","@id":"https:\/\/www.france.no\/no\/2021\/utdanning-og-fransk-sprak\/fransk-studiehverdag-i-pandemien\/","url":"https:\/\/www.france.no\/no\/2021\/utdanning-og-fransk-sprak\/fransk-studiehverdag-i-pandemien\/","name":"Fransk studiehverdag i pandemien - Institut fran\u00e7ais","isPartOf":{"@id":"https:\/\/www.france.no\/no\/#website"},"primaryImageOfPage":{"@id":"https:\/\/www.france.no\/no\/2021\/utdanning-og-fransk-sprak\/fransk-studiehverdag-i-pandemien\/#primaryimage"},"image":{"@id":"https:\/\/www.france.no\/no\/2021\/utdanning-og-fransk-sprak\/fransk-studiehverdag-i-pandemien\/#primaryimage"},"thumbnailUrl":"https:\/\/www.france.no\/wp-content\/uploads\/2022\/09\/igroupe_masque_nstagram_en-1098x617.jpg","datePublished":"2021-03-28T22:00:00+00:00","dateModified":"2021-03-28T22:00:00+00:00","breadcrumb":{"@id":"https:\/\/www.france.no\/no\/2021\/utdanning-og-fransk-sprak\/fransk-studiehverdag-i-pandemien\/#breadcrumb"},"inLanguage":"nb-NO","potentialAction":[{"@type":"ReadAction","target":["https:\/\/www.france.no\/no\/2021\/utdanning-og-fransk-sprak\/fransk-studiehverdag-i-pandemien\/"]}]},{"@type":"ImageObject","inLanguage":"nb-NO","@id":"https:\/\/www.france.no\/no\/2021\/utdanning-og-fransk-sprak\/fransk-studiehverdag-i-pandemien\/#primaryimage","url":"https:\/\/www.france.no\/wp-content\/uploads\/2022\/09\/igroupe_masque_nstagram_en-1098x617.jpg","contentUrl":"https:\/\/www.france.no\/wp-content\/uploads\/2022\/09\/igroupe_masque_nstagram_en-1098x617.jpg","width":1501,"height":1501},{"@type":"BreadcrumbList","@id":"https:\/\/www.france.no\/no\/2021\/utdanning-og-fransk-sprak\/fransk-studiehverdag-i-pandemien\/#breadcrumb","itemListElement":[{"@type":"ListItem","position":1,"name":"","item":"https:\/\/www.france.no\/no\/"},{"@type":"ListItem","position":2,"name":"Utdannelse og Fransk spr\u00e5ksamarbeid","item":"https:\/\/www.france.no\/no\/category\/utdanning-og-fransk-sprak\/"},{"@type":"ListItem","position":3,"name":"Fransk studiehverdag i pandemien"}]},{"@type":"WebSite","@id":"https:\/\/www.france.no\/no\/#website","url":"https:\/\/www.france.no\/no\/","name":"Institut fran\u00e7ais","description":"Norv\u00e8ge","publisher":{"@id":"https:\/\/www.france.no\/no\/#organization"},"potentialAction":[{"@type":"SearchAction","target":{"@type":"EntryPoint","urlTemplate":"https:\/\/www.france.no\/no\/?s={search_term_string}"},"query-input":{"@type":"PropertyValueSpecification","valueRequired":true,"valueName":"search_term_string"}}],"inLanguage":"nb-NO"},{"@type":"Organization","@id":"https:\/\/www.france.no\/no\/#organization","name":"Institut fran\u00e7ais","url":"https:\/\/www.france.no\/no\/","logo":{"@type":"ImageObject","inLanguage":"nb-NO","@id":"https:\/\/www.france.no\/no\/#\/schema\/logo\/image\/","url":"https:\/\/www.france.no\/wp-content\/uploads\/2022\/11\/IF_Logo_Sans_Bleu_RVB.png","contentUrl":"https:\/\/www.france.no\/wp-content\/uploads\/2022\/11\/IF_Logo_Sans_Bleu_RVB.png","width":852,"height":591,"caption":"Institut fran\u00e7ais"},"image":{"@id":"https:\/\/www.france.no\/no\/#\/schema\/logo\/image\/"},"sameAs":["https:\/\/www.facebook.com\/institutfrancaisoslo","https:\/\/x.com\/ifnorvege","https:\/\/instagram.com\/ifnorvege"]},{"@type":"Person","@id":"https:\/\/www.france.no\/no\/#\/schema\/person\/4fdc0b263d8f27bb00a55f55d2fa3ab0","name":"admin_ifno","image":{"@type":"ImageObject","inLanguage":"nb-NO","@id":"https:\/\/www.france.no\/no\/#\/schema\/person\/image\/","url":"https:\/\/secure.gravatar.com\/avatar\/20f70e61054e6ae673edda3c0dc13670e46e51786443041c70a7eb2da859ae2a?s=96&d=mm&r=g","contentUrl":"https:\/\/secure.gravatar.com\/avatar\/20f70e61054e6ae673edda3c0dc13670e46e51786443041c70a7eb2da859ae2a?s=96&d=mm&r=g","caption":"admin_ifno"},"sameAs":["https:\/\/www.france.no"],"url":"https:\/\/www.france.no\/no\/author\/admin_ifno\/"}]}},"_links":{"self":[{"href":"https:\/\/www.france.no\/no\/wp-json\/wp\/v2\/posts\/1244","targetHints":{"allow":["GET"]}}],"collection":[{"href":"https:\/\/www.france.no\/no\/wp-json\/wp\/v2\/posts"}],"about":[{"href":"https:\/\/www.france.no\/no\/wp-json\/wp\/v2\/types\/post"}],"author":[{"embeddable":true,"href":"https:\/\/www.france.no\/no\/wp-json\/wp\/v2\/users\/1"}],"replies":[{"embeddable":true,"href":"https:\/\/www.france.no\/no\/wp-json\/wp\/v2\/comments?post=1244"}],"version-history":[{"count":0,"href":"https:\/\/www.france.no\/no\/wp-json\/wp\/v2\/posts\/1244\/revisions"}],"wp:featuredmedia":[{"embeddable":true,"href":"https:\/\/www.france.no\/no\/wp-json\/wp\/v2\/media\/1242"}],"wp:attachment":[{"href":"https:\/\/www.france.no\/no\/wp-json\/wp\/v2\/media?parent=1244"}],"wp:term":[{"taxonomy":"category","embeddable":true,"href":"https:\/\/www.france.no\/no\/wp-json\/wp\/v2\/categories?post=1244"},{"taxonomy":"post_tag","embeddable":true,"href":"https:\/\/www.france.no\/no\/wp-json\/wp\/v2\/tags?post=1244"}],"curies":[{"name":"wp","href":"https:\/\/api.w.org\/{rel}","templated":true}]}}