{"id":1269,"date":"2021-03-11T00:00:00","date_gmt":"2021-03-10T23:00:00","guid":{"rendered":"https:\/\/www.france.no\/2021\/kultur\/arabiske-filmdager-digital-festival-2021-11-17-mars\/"},"modified":"2021-03-11T00:00:00","modified_gmt":"2021-03-10T23:00:00","slug":"arabiske-filmdager-digital-festival-2021-11-17-mars","status":"publish","type":"post","link":"https:\/\/www.france.no\/no\/2021\/kultur\/arabiske-filmdager-digital-festival-2021-11-17-mars\/","title":{"rendered":"ARABISKE FILMDAGER DIGITAL FESTIVAL 2021 11. \u2013 17. MARS"},"content":{"rendered":"<p class=\"chapo\"><b>P\u00e5 programmet st\u00e5r bla. 6 co-produksjoner som f\u00e5r frem mangfoldet i fransk film. Du har 7 dager p\u00e5 \u00e5 oppleve hva festivalen har \u00e5 by p\u00e5 og til \u00e5 delta i debattene rundt filmer fra og om den arabiske verden<\/b><\/p>\n<p><!--more--><\/p>\n<p>Filmfestivalen Arabiske filmdager viser utelukkende viser filmer fra og om den arabiske verden. Festivalen ble arrangert for f\u00f8rste gang v\u00e5ren 2011 og \u00e5rets utgave av Arabiske filmdager er 11.-17. mars 2021, helt digital.<\/p>\n<p>&nbsp;<\/p>\n<p>Fiksjon:<\/p>\n<p><b><i>It Must be Heaven<\/i><\/b><b>, <\/b>av Elia Suleiman<\/p>\n<p><b><i>Noura&#8217;s Dream<\/i><\/b><b>, <\/b>av Hinde Boujemaa<\/p>\n<p><b><i>Mica,<\/i><\/b> av Isma\u00ebl Ferroukhi<\/p>\n<p><b><i>Gaza Mon Amour<\/i><\/b><b>, <\/b>av Arab &amp; Tarzan Nasser<\/p>\n<p><b><i>The Man Who Sold his Skin<\/i><\/b><b>, <\/b>av Kaouther Ben Hania (Obs! This film will only be screened in cinemas, when they re-open)<\/p>\n<p>&nbsp;<\/p>\n<p>Dokumentar:<\/p>\n<p><b><i>We are from there<\/i><\/b><b>, <\/b>av Wissam Tanios<\/p>\n<p>&nbsp;<\/p>\n<p><a href=\"https:\/\/www.arabiskefilmdager.no\/\"><b>Mer informasjon her.<\/b><\/a><\/p>\n","protected":false},"excerpt":{"rendered":"<p>P\u00e5 programmet st\u00e5r bla. 6 co-produksjoner som f\u00e5r frem mangfoldet i fransk film. Du har 7 dager p\u00e5 \u00e5 oppleve hva festivalen har \u00e5 by p\u00e5 og til \u00e5 delta i debattene rundt filmer fra og om den arabiske verden<\/p>\n","protected":false},"author":1,"featured_media":1270,"comment_status":"closed","ping_status":"closed","sticky":false,"template":"","format":"standard","meta":{"footnotes":""},"categories":[5],"tags":[],"class_list":["post-1269","post","type-post","status-publish","format-standard","has-post-thumbnail","hentry","category-kultur"],"yoast_head":"<!-- This site is optimized with the Yoast SEO plugin v24.2 - https:\/\/yoast.com\/wordpress\/plugins\/seo\/ -->\n<title>ARABISKE FILMDAGER DIGITAL FESTIVAL 2021 11. \u2013 17. MARS - Institut fran\u00e7ais<\/title>\n<meta name=\"robots\" content=\"index, follow, max-snippet:-1, max-image-preview:large, max-video-preview:-1\" \/>\n<link rel=\"canonical\" href=\"https:\/\/www.france.no\/no\/2021\/kultur\/arabiske-filmdager-digital-festival-2021-11-17-mars\/\" \/>\n<meta property=\"og:locale\" content=\"nb_NO\" \/>\n<meta property=\"og:type\" content=\"article\" \/>\n<meta property=\"og:title\" content=\"ARABISKE FILMDAGER DIGITAL FESTIVAL 2021 11. \u2013 17. MARS - Institut fran\u00e7ais\" \/>\n<meta property=\"og:description\" content=\"P\u00e5 programmet st\u00e5r bla. 6 co-produksjoner som f\u00e5r frem mangfoldet i fransk film. Du har 7 dager p\u00e5 \u00e5 oppleve hva festivalen har \u00e5 by p\u00e5 og til \u00e5 delta i debattene rundt filmer fra og om den arabiske verden\" \/>\n<meta property=\"og:url\" content=\"https:\/\/www.france.no\/no\/2021\/kultur\/arabiske-filmdager-digital-festival-2021-11-17-mars\/\" \/>\n<meta property=\"og:site_name\" content=\"Institut fran\u00e7ais\" \/>\n<meta property=\"article:publisher\" content=\"https:\/\/www.facebook.com\/institutfrancaisoslo\" \/>\n<meta property=\"article:published_time\" content=\"2021-03-10T23:00:00+00:00\" \/>\n<meta property=\"og:image\" content=\"https:\/\/www.france.no\/wp-content\/uploads\/2022\/09\/afd2021-web-mobile.png\" \/>\n\t<meta property=\"og:image:width\" content=\"551\" \/>\n\t<meta property=\"og:image:height\" content=\"614\" \/>\n\t<meta property=\"og:image:type\" content=\"image\/png\" \/>\n<meta name=\"author\" content=\"admin_ifno\" \/>\n<meta name=\"twitter:card\" content=\"summary_large_image\" \/>\n<meta name=\"twitter:creator\" content=\"@ifnorvege\" \/>\n<meta name=\"twitter:site\" content=\"@ifnorvege\" \/>\n<meta name=\"twitter:label1\" content=\"Skrevet av\" \/>\n\t<meta name=\"twitter:data1\" content=\"admin_ifno\" \/>\n\t<meta name=\"twitter:label2\" content=\"Ansl. lesetid\" \/>\n\t<meta name=\"twitter:data2\" content=\"1 minutt\" \/>\n<script type=\"application\/ld+json\" class=\"yoast-schema-graph\">{\"@context\":\"https:\/\/schema.org\",\"@graph\":[{\"@type\":\"Article\",\"@id\":\"https:\/\/www.france.no\/no\/2021\/kultur\/arabiske-filmdager-digital-festival-2021-11-17-mars\/#article\",\"isPartOf\":{\"@id\":\"https:\/\/www.france.no\/no\/2021\/kultur\/arabiske-filmdager-digital-festival-2021-11-17-mars\/\"},\"author\":{\"name\":\"admin_ifno\",\"@id\":\"https:\/\/www.france.no\/no\/#\/schema\/person\/4fdc0b263d8f27bb00a55f55d2fa3ab0\"},\"headline\":\"ARABISKE FILMDAGER DIGITAL FESTIVAL 2021 11. \u2013 17. MARS\",\"datePublished\":\"2021-03-10T23:00:00+00:00\",\"dateModified\":\"2021-03-10T23:00:00+00:00\",\"mainEntityOfPage\":{\"@id\":\"https:\/\/www.france.no\/no\/2021\/kultur\/arabiske-filmdager-digital-festival-2021-11-17-mars\/\"},\"wordCount\":138,\"publisher\":{\"@id\":\"https:\/\/www.france.no\/no\/#organization\"},\"image\":{\"@id\":\"https:\/\/www.france.no\/no\/2021\/kultur\/arabiske-filmdager-digital-festival-2021-11-17-mars\/#primaryimage\"},\"thumbnailUrl\":\"https:\/\/www.france.no\/wp-content\/uploads\/2022\/09\/afd2021-web-mobile.png\",\"articleSection\":[\"Kultur\"],\"inLanguage\":\"nb-NO\"},{\"@type\":\"WebPage\",\"@id\":\"https:\/\/www.france.no\/no\/2021\/kultur\/arabiske-filmdager-digital-festival-2021-11-17-mars\/\",\"url\":\"https:\/\/www.france.no\/no\/2021\/kultur\/arabiske-filmdager-digital-festival-2021-11-17-mars\/\",\"name\":\"ARABISKE FILMDAGER DIGITAL FESTIVAL 2021 11. \u2013 17. MARS - Institut fran\u00e7ais\",\"isPartOf\":{\"@id\":\"https:\/\/www.france.no\/no\/#website\"},\"primaryImageOfPage\":{\"@id\":\"https:\/\/www.france.no\/no\/2021\/kultur\/arabiske-filmdager-digital-festival-2021-11-17-mars\/#primaryimage\"},\"image\":{\"@id\":\"https:\/\/www.france.no\/no\/2021\/kultur\/arabiske-filmdager-digital-festival-2021-11-17-mars\/#primaryimage\"},\"thumbnailUrl\":\"https:\/\/www.france.no\/wp-content\/uploads\/2022\/09\/afd2021-web-mobile.png\",\"datePublished\":\"2021-03-10T23:00:00+00:00\",\"dateModified\":\"2021-03-10T23:00:00+00:00\",\"breadcrumb\":{\"@id\":\"https:\/\/www.france.no\/no\/2021\/kultur\/arabiske-filmdager-digital-festival-2021-11-17-mars\/#breadcrumb\"},\"inLanguage\":\"nb-NO\",\"potentialAction\":[{\"@type\":\"ReadAction\",\"target\":[\"https:\/\/www.france.no\/no\/2021\/kultur\/arabiske-filmdager-digital-festival-2021-11-17-mars\/\"]}]},{\"@type\":\"ImageObject\",\"inLanguage\":\"nb-NO\",\"@id\":\"https:\/\/www.france.no\/no\/2021\/kultur\/arabiske-filmdager-digital-festival-2021-11-17-mars\/#primaryimage\",\"url\":\"https:\/\/www.france.no\/wp-content\/uploads\/2022\/09\/afd2021-web-mobile.png\",\"contentUrl\":\"https:\/\/www.france.no\/wp-content\/uploads\/2022\/09\/afd2021-web-mobile.png\",\"width\":551,\"height\":614},{\"@type\":\"BreadcrumbList\",\"@id\":\"https:\/\/www.france.no\/no\/2021\/kultur\/arabiske-filmdager-digital-festival-2021-11-17-mars\/#breadcrumb\",\"itemListElement\":[{\"@type\":\"ListItem\",\"position\":1,\"name\":\"\",\"item\":\"https:\/\/www.france.no\/no\/\"},{\"@type\":\"ListItem\",\"position\":2,\"name\":\"Kultur\",\"item\":\"https:\/\/www.france.no\/no\/category\/kultur\/\"},{\"@type\":\"ListItem\",\"position\":3,\"name\":\"ARABISKE FILMDAGER DIGITAL FESTIVAL 2021 11. \u2013 17. MARS\"}]},{\"@type\":\"WebSite\",\"@id\":\"https:\/\/www.france.no\/no\/#website\",\"url\":\"https:\/\/www.france.no\/no\/\",\"name\":\"Institut fran\u00e7ais\",\"description\":\"Norv\u00e8ge\",\"publisher\":{\"@id\":\"https:\/\/www.france.no\/no\/#organization\"},\"potentialAction\":[{\"@type\":\"SearchAction\",\"target\":{\"@type\":\"EntryPoint\",\"urlTemplate\":\"https:\/\/www.france.no\/no\/?s={search_term_string}\"},\"query-input\":{\"@type\":\"PropertyValueSpecification\",\"valueRequired\":true,\"valueName\":\"search_term_string\"}}],\"inLanguage\":\"nb-NO\"},{\"@type\":\"Organization\",\"@id\":\"https:\/\/www.france.no\/no\/#organization\",\"name\":\"Institut fran\u00e7ais\",\"url\":\"https:\/\/www.france.no\/no\/\",\"logo\":{\"@type\":\"ImageObject\",\"inLanguage\":\"nb-NO\",\"@id\":\"https:\/\/www.france.no\/no\/#\/schema\/logo\/image\/\",\"url\":\"https:\/\/www.france.no\/wp-content\/uploads\/2022\/11\/IF_Logo_Sans_Bleu_RVB.png\",\"contentUrl\":\"https:\/\/www.france.no\/wp-content\/uploads\/2022\/11\/IF_Logo_Sans_Bleu_RVB.png\",\"width\":852,\"height\":591,\"caption\":\"Institut fran\u00e7ais\"},\"image\":{\"@id\":\"https:\/\/www.france.no\/no\/#\/schema\/logo\/image\/\"},\"sameAs\":[\"https:\/\/www.facebook.com\/institutfrancaisoslo\",\"https:\/\/x.com\/ifnorvege\",\"https:\/\/instagram.com\/ifnorvege\"]},{\"@type\":\"Person\",\"@id\":\"https:\/\/www.france.no\/no\/#\/schema\/person\/4fdc0b263d8f27bb00a55f55d2fa3ab0\",\"name\":\"admin_ifno\",\"image\":{\"@type\":\"ImageObject\",\"inLanguage\":\"nb-NO\",\"@id\":\"https:\/\/www.france.no\/no\/#\/schema\/person\/image\/\",\"url\":\"https:\/\/secure.gravatar.com\/avatar\/20f70e61054e6ae673edda3c0dc13670e46e51786443041c70a7eb2da859ae2a?s=96&d=mm&r=g\",\"contentUrl\":\"https:\/\/secure.gravatar.com\/avatar\/20f70e61054e6ae673edda3c0dc13670e46e51786443041c70a7eb2da859ae2a?s=96&d=mm&r=g\",\"caption\":\"admin_ifno\"},\"sameAs\":[\"https:\/\/www.france.no\"],\"url\":\"https:\/\/www.france.no\/no\/author\/admin_ifno\/\"}]}<\/script>\n<!-- \/ Yoast SEO plugin. -->","yoast_head_json":{"title":"ARABISKE FILMDAGER DIGITAL FESTIVAL 2021 11. \u2013 17. MARS - Institut fran\u00e7ais","robots":{"index":"index","follow":"follow","max-snippet":"max-snippet:-1","max-image-preview":"max-image-preview:large","max-video-preview":"max-video-preview:-1"},"canonical":"https:\/\/www.france.no\/no\/2021\/kultur\/arabiske-filmdager-digital-festival-2021-11-17-mars\/","og_locale":"nb_NO","og_type":"article","og_title":"ARABISKE FILMDAGER DIGITAL FESTIVAL 2021 11. \u2013 17. MARS - Institut fran\u00e7ais","og_description":"P\u00e5 programmet st\u00e5r bla. 6 co-produksjoner som f\u00e5r frem mangfoldet i fransk film. Du har 7 dager p\u00e5 \u00e5 oppleve hva festivalen har \u00e5 by p\u00e5 og til \u00e5 delta i debattene rundt filmer fra og om den arabiske verden","og_url":"https:\/\/www.france.no\/no\/2021\/kultur\/arabiske-filmdager-digital-festival-2021-11-17-mars\/","og_site_name":"Institut fran\u00e7ais","article_publisher":"https:\/\/www.facebook.com\/institutfrancaisoslo","article_published_time":"2021-03-10T23:00:00+00:00","og_image":[{"width":551,"height":614,"url":"https:\/\/www.france.no\/wp-content\/uploads\/2022\/09\/afd2021-web-mobile.png","type":"image\/png"}],"author":"admin_ifno","twitter_card":"summary_large_image","twitter_creator":"@ifnorvege","twitter_site":"@ifnorvege","twitter_misc":{"Skrevet av":"admin_ifno","Ansl. lesetid":"1 minutt"},"schema":{"@context":"https:\/\/schema.org","@graph":[{"@type":"Article","@id":"https:\/\/www.france.no\/no\/2021\/kultur\/arabiske-filmdager-digital-festival-2021-11-17-mars\/#article","isPartOf":{"@id":"https:\/\/www.france.no\/no\/2021\/kultur\/arabiske-filmdager-digital-festival-2021-11-17-mars\/"},"author":{"name":"admin_ifno","@id":"https:\/\/www.france.no\/no\/#\/schema\/person\/4fdc0b263d8f27bb00a55f55d2fa3ab0"},"headline":"ARABISKE FILMDAGER DIGITAL FESTIVAL 2021 11. \u2013 17. MARS","datePublished":"2021-03-10T23:00:00+00:00","dateModified":"2021-03-10T23:00:00+00:00","mainEntityOfPage":{"@id":"https:\/\/www.france.no\/no\/2021\/kultur\/arabiske-filmdager-digital-festival-2021-11-17-mars\/"},"wordCount":138,"publisher":{"@id":"https:\/\/www.france.no\/no\/#organization"},"image":{"@id":"https:\/\/www.france.no\/no\/2021\/kultur\/arabiske-filmdager-digital-festival-2021-11-17-mars\/#primaryimage"},"thumbnailUrl":"https:\/\/www.france.no\/wp-content\/uploads\/2022\/09\/afd2021-web-mobile.png","articleSection":["Kultur"],"inLanguage":"nb-NO"},{"@type":"WebPage","@id":"https:\/\/www.france.no\/no\/2021\/kultur\/arabiske-filmdager-digital-festival-2021-11-17-mars\/","url":"https:\/\/www.france.no\/no\/2021\/kultur\/arabiske-filmdager-digital-festival-2021-11-17-mars\/","name":"ARABISKE FILMDAGER DIGITAL FESTIVAL 2021 11. \u2013 17. MARS - Institut fran\u00e7ais","isPartOf":{"@id":"https:\/\/www.france.no\/no\/#website"},"primaryImageOfPage":{"@id":"https:\/\/www.france.no\/no\/2021\/kultur\/arabiske-filmdager-digital-festival-2021-11-17-mars\/#primaryimage"},"image":{"@id":"https:\/\/www.france.no\/no\/2021\/kultur\/arabiske-filmdager-digital-festival-2021-11-17-mars\/#primaryimage"},"thumbnailUrl":"https:\/\/www.france.no\/wp-content\/uploads\/2022\/09\/afd2021-web-mobile.png","datePublished":"2021-03-10T23:00:00+00:00","dateModified":"2021-03-10T23:00:00+00:00","breadcrumb":{"@id":"https:\/\/www.france.no\/no\/2021\/kultur\/arabiske-filmdager-digital-festival-2021-11-17-mars\/#breadcrumb"},"inLanguage":"nb-NO","potentialAction":[{"@type":"ReadAction","target":["https:\/\/www.france.no\/no\/2021\/kultur\/arabiske-filmdager-digital-festival-2021-11-17-mars\/"]}]},{"@type":"ImageObject","inLanguage":"nb-NO","@id":"https:\/\/www.france.no\/no\/2021\/kultur\/arabiske-filmdager-digital-festival-2021-11-17-mars\/#primaryimage","url":"https:\/\/www.france.no\/wp-content\/uploads\/2022\/09\/afd2021-web-mobile.png","contentUrl":"https:\/\/www.france.no\/wp-content\/uploads\/2022\/09\/afd2021-web-mobile.png","width":551,"height":614},{"@type":"BreadcrumbList","@id":"https:\/\/www.france.no\/no\/2021\/kultur\/arabiske-filmdager-digital-festival-2021-11-17-mars\/#breadcrumb","itemListElement":[{"@type":"ListItem","position":1,"name":"","item":"https:\/\/www.france.no\/no\/"},{"@type":"ListItem","position":2,"name":"Kultur","item":"https:\/\/www.france.no\/no\/category\/kultur\/"},{"@type":"ListItem","position":3,"name":"ARABISKE FILMDAGER DIGITAL FESTIVAL 2021 11. \u2013 17. MARS"}]},{"@type":"WebSite","@id":"https:\/\/www.france.no\/no\/#website","url":"https:\/\/www.france.no\/no\/","name":"Institut fran\u00e7ais","description":"Norv\u00e8ge","publisher":{"@id":"https:\/\/www.france.no\/no\/#organization"},"potentialAction":[{"@type":"SearchAction","target":{"@type":"EntryPoint","urlTemplate":"https:\/\/www.france.no\/no\/?s={search_term_string}"},"query-input":{"@type":"PropertyValueSpecification","valueRequired":true,"valueName":"search_term_string"}}],"inLanguage":"nb-NO"},{"@type":"Organization","@id":"https:\/\/www.france.no\/no\/#organization","name":"Institut fran\u00e7ais","url":"https:\/\/www.france.no\/no\/","logo":{"@type":"ImageObject","inLanguage":"nb-NO","@id":"https:\/\/www.france.no\/no\/#\/schema\/logo\/image\/","url":"https:\/\/www.france.no\/wp-content\/uploads\/2022\/11\/IF_Logo_Sans_Bleu_RVB.png","contentUrl":"https:\/\/www.france.no\/wp-content\/uploads\/2022\/11\/IF_Logo_Sans_Bleu_RVB.png","width":852,"height":591,"caption":"Institut fran\u00e7ais"},"image":{"@id":"https:\/\/www.france.no\/no\/#\/schema\/logo\/image\/"},"sameAs":["https:\/\/www.facebook.com\/institutfrancaisoslo","https:\/\/x.com\/ifnorvege","https:\/\/instagram.com\/ifnorvege"]},{"@type":"Person","@id":"https:\/\/www.france.no\/no\/#\/schema\/person\/4fdc0b263d8f27bb00a55f55d2fa3ab0","name":"admin_ifno","image":{"@type":"ImageObject","inLanguage":"nb-NO","@id":"https:\/\/www.france.no\/no\/#\/schema\/person\/image\/","url":"https:\/\/secure.gravatar.com\/avatar\/20f70e61054e6ae673edda3c0dc13670e46e51786443041c70a7eb2da859ae2a?s=96&d=mm&r=g","contentUrl":"https:\/\/secure.gravatar.com\/avatar\/20f70e61054e6ae673edda3c0dc13670e46e51786443041c70a7eb2da859ae2a?s=96&d=mm&r=g","caption":"admin_ifno"},"sameAs":["https:\/\/www.france.no"],"url":"https:\/\/www.france.no\/no\/author\/admin_ifno\/"}]}},"_links":{"self":[{"href":"https:\/\/www.france.no\/no\/wp-json\/wp\/v2\/posts\/1269","targetHints":{"allow":["GET"]}}],"collection":[{"href":"https:\/\/www.france.no\/no\/wp-json\/wp\/v2\/posts"}],"about":[{"href":"https:\/\/www.france.no\/no\/wp-json\/wp\/v2\/types\/post"}],"author":[{"embeddable":true,"href":"https:\/\/www.france.no\/no\/wp-json\/wp\/v2\/users\/1"}],"replies":[{"embeddable":true,"href":"https:\/\/www.france.no\/no\/wp-json\/wp\/v2\/comments?post=1269"}],"version-history":[{"count":0,"href":"https:\/\/www.france.no\/no\/wp-json\/wp\/v2\/posts\/1269\/revisions"}],"wp:featuredmedia":[{"embeddable":true,"href":"https:\/\/www.france.no\/no\/wp-json\/wp\/v2\/media\/1270"}],"wp:attachment":[{"href":"https:\/\/www.france.no\/no\/wp-json\/wp\/v2\/media?parent=1269"}],"wp:term":[{"taxonomy":"category","embeddable":true,"href":"https:\/\/www.france.no\/no\/wp-json\/wp\/v2\/categories?post=1269"},{"taxonomy":"post_tag","embeddable":true,"href":"https:\/\/www.france.no\/no\/wp-json\/wp\/v2\/tags?post=1269"}],"curies":[{"name":"wp","href":"https:\/\/api.w.org\/{rel}","templated":true}]}}