{"id":12843,"date":"2025-02-25T16:49:08","date_gmt":"2025-02-25T15:49:08","guid":{"rendered":"https:\/\/www.france.no\/?p=12843"},"modified":"2025-08-28T13:39:31","modified_gmt":"2025-08-28T11:39:31","slug":"frankofone-filmsondager","status":"publish","type":"post","link":"https:\/\/www.france.no\/no\/2025\/kultur\/frankofone-filmsondager\/","title":{"rendered":"Frankofone films\u00f8ndager"},"content":{"rendered":"\n<p>Som en del av <a href=\"https:\/\/www.france.no\/no\/2025\/kultur\/frankofonifestivalen-2025\/\"><strong>Frankofonifestivalen<\/strong><\/a> arrangerer <strong>Institut fran\u00e7ais de Norv\u00e8ge<\/strong>, sammen med en gruppe frankofone ambassader i Oslo, to films\u00f8ndager p\u00e5 <strong><a href=\"https:\/\/cinemaneuf.no\/\" target=\"_blank\" rel=\"noreferrer noopener\">Cinema Neuf<\/a><\/strong> den <strong>23. og 30. mars<\/strong>, dedikert til franskspr\u00e5klige filmer. Bli med og oppdag et bredt spekter av filmtalenter fra Canada, Romania, Sveits, Tunisia og Frankrike.<\/p>\n\n\n\n<h4 class=\"wp-block-heading\">Billetter<\/h4>\n\n\n\n<p>Billettene er tilgjengelige for forh\u00e5ndskj\u00f8p p\u00e5 <a href=\"https:\/\/cinemaneuf.ticketco.events\/no\/en\" target=\"_blank\" rel=\"noreferrer noopener\">TicketCo<\/a>, men vil ogs\u00e5 v\u00e6re til salgs i d\u00f8ren.<\/p>\n\n\n\n<p>\u00c9n billett gjelder for \u00e9n film!<\/p>\n\n\n\n<h6 class=\"wp-block-heading\">Priser uten medlemskap<\/h6>\n\n\n\n<p>65 NOK (studenter)<br>85 NOK (andre)<\/p>\n\n\n\n<h6 class=\"wp-block-heading\">Priser med <a href=\"https:\/\/filmklubb.no\/wp\/medlem\/\" target=\"_blank\" rel=\"noreferrer noopener\">medlemskap i filmklubben<\/a><\/h6>\n\n\n\n<p>50 NOK<br>+ 40 NOK per visning (studenter)<br>+ 60 NOK per visning (andre)<\/p>\n\n\n\n<figure class=\"wp-block-image size-large\"><img loading=\"lazy\" decoding=\"async\" width=\"724\" height=\"1024\" src=\"https:\/\/www.france.no\/wp-content\/uploads\/2025\/02\/Francophone-cinema-EN-724x1024.png\" alt=\"\" class=\"wp-image-13262\" srcset=\"https:\/\/www.france.no\/wp-content\/uploads\/2025\/02\/Francophone-cinema-EN-724x1024.png 724w, https:\/\/www.france.no\/wp-content\/uploads\/2025\/02\/Francophone-cinema-EN-212x300.png 212w, https:\/\/www.france.no\/wp-content\/uploads\/2025\/02\/Francophone-cinema-EN-768x1086.png 768w, https:\/\/www.france.no\/wp-content\/uploads\/2025\/02\/Francophone-cinema-EN-1086x1536.png 1086w, https:\/\/www.france.no\/wp-content\/uploads\/2025\/02\/Francophone-cinema-EN-1200x1697.png 1200w, https:\/\/www.france.no\/wp-content\/uploads\/2025\/02\/Francophone-cinema-EN.png 1414w\" sizes=\"auto, (max-width: 724px) 100vw, 724px\" \/><\/figure>\n\n\n\n<hr class=\"wp-block-separator has-alpha-channel-opacity\"\/>\n\n\n\n<h2 class=\"wp-block-heading\"><strong>S\u00f8ndag 23. mars<\/strong><\/h2>\n\n\n\n<h3 class=\"wp-block-heading\"><strong>13:15<\/strong><\/h3>\n\n\n\n<p class=\"has-larger-font-size\"><strong><em><strong><em>The New Year that Never Came<\/em><\/strong><\/em><\/strong><\/p>\n\n\n\n<p>Presentert av Romanias ambassade<\/p>\n\n\n\n<div class=\"wp-block-media-text has-media-on-the-right is-stacked-on-mobile\"><div class=\"wp-block-media-text__content\">\n<p>P\u00e5 randen av motrevolusjon i Romania i 1989 krysses seks liv midt i demonstrasjoner og personlige kamper, noe som f\u00f8rer til det eksplosive fallet av Ceausescu og det kommunistiske regimet.<\/p>\n<\/div><figure class=\"wp-block-media-text__media\"><img loading=\"lazy\" decoding=\"async\" width=\"1024\" height=\"576\" src=\"https:\/\/www.france.no\/wp-content\/uploads\/2025\/02\/ANCNF_capturi_037-1024x576.png\" alt=\"\" class=\"wp-image-12768 size-full\" srcset=\"https:\/\/www.france.no\/wp-content\/uploads\/2025\/02\/ANCNF_capturi_037-1024x576.png 1024w, https:\/\/www.france.no\/wp-content\/uploads\/2025\/02\/ANCNF_capturi_037-300x169.png 300w, https:\/\/www.france.no\/wp-content\/uploads\/2025\/02\/ANCNF_capturi_037-768x432.png 768w, https:\/\/www.france.no\/wp-content\/uploads\/2025\/02\/ANCNF_capturi_037-1536x864.png 1536w, https:\/\/www.france.no\/wp-content\/uploads\/2025\/02\/ANCNF_capturi_037-1098x617.png 1098w, https:\/\/www.france.no\/wp-content\/uploads\/2025\/02\/ANCNF_capturi_037-730x411.png 730w, https:\/\/www.france.no\/wp-content\/uploads\/2025\/02\/ANCNF_capturi_037-355x200.png 355w, https:\/\/www.france.no\/wp-content\/uploads\/2025\/02\/ANCNF_capturi_037-1200x675.png 1200w, https:\/\/www.france.no\/wp-content\/uploads\/2025\/02\/ANCNF_capturi_037.png 1920w\" sizes=\"auto, (max-width: 1024px) 100vw, 1024px\" \/><\/figure><\/div>\n\n\n\n<p><strong>En film av Bogdan Mure\u015fanu (2024)<\/strong><\/p>\n\n\n\n<p><em>Orginal tale med engelske undertekster<br>Lengde: 138 minutter<\/em><\/p>\n\n\n\n<p><a href=\"https:\/\/cinemaneuf.ticketco.events\/no\/nb\/e\/the_new_year_that_never_came?fbclid=IwY2xjawI37W9leHRuA2FlbQIxMAABHYm-D7an8ncwmXDoyHK-cLb78-YGULuJcXc4Mucz3pQCfnmFOyOKXS14zw_aem_JsFjPqL5QZHJT5WquNa5FQ\">Billettsalget<\/a><\/p>\n\n\n\n<h3 class=\"wp-block-heading\"><strong>16:00<\/strong><\/h3>\n\n\n\n<p class=\"has-larger-font-size\"><strong><em><strong><em>Just a Couple of Days<\/em><\/strong><\/em><\/strong><\/p>\n\n\n\n<p><em>Presentert av Institut fran\u00e7ais de Norv\u00e8ge<\/em><\/p>\n\n\n\n<div class=\"wp-block-media-text has-media-on-the-right is-stacked-on-mobile\"><div class=\"wp-block-media-text__content\">\n<p>Arthur Berthier blir sendt til sykehuset etter \u00e5 ha blitt angrepet av en CRS-soldat mens han dekker evakueringen av et migrantleir. Han blir fascinert av Mathilde, lederen for Solidarit\u00e9 Exil\u00e9s, og g\u00e5r med p\u00e5 \u00e5 ta inn Daoud, en ung afghaner, i det han tror bare skal vare i noen dager.<\/p>\n<\/div><figure class=\"wp-block-media-text__media\"><img loading=\"lazy\" decoding=\"async\" width=\"1000\" height=\"667\" src=\"https:\/\/www.france.no\/wp-content\/uploads\/2025\/02\/quelques-jours-pas-plus.jpg\" alt=\"\" class=\"wp-image-12684 size-full\" srcset=\"https:\/\/www.france.no\/wp-content\/uploads\/2025\/02\/quelques-jours-pas-plus.jpg 1000w, https:\/\/www.france.no\/wp-content\/uploads\/2025\/02\/quelques-jours-pas-plus-300x200.jpg 300w, https:\/\/www.france.no\/wp-content\/uploads\/2025\/02\/quelques-jours-pas-plus-768x512.jpg 768w\" sizes=\"auto, (max-width: 1000px) 100vw, 1000px\" \/><\/figure><\/div>\n\n\n\n<p><strong>En film av Julie Navarro (2024)<\/strong><\/p>\n\n\n\n<p><em>Orginal tale med engelske undertekster<br>Lengde: 103 minutter<\/em><\/p>\n\n\n\n<p><a href=\"https:\/\/cinemaneuf.ticketco.events\/no\/nb\/e\/just_a_couple_of_days?fbclid=IwY2xjawI37mVleHRuA2FlbQIxMAABHcsk3uTV_LiiIMvicbWmKNqY4kUDgcSQMRUhTAGOAaO9j8Shec2u3zQwCw_aem_qrEbNhm_P891_5E7HjLalw\">Billettsalget<\/a><\/p>\n\n\n\n<hr class=\"wp-block-separator has-alpha-channel-opacity\"\/>\n\n\n\n<h2 class=\"wp-block-heading\"><strong>S\u00f8ndag 30. mars<\/strong><\/h2>\n\n\n\n<h3 class=\"wp-block-heading\"><strong>13:15<\/strong><\/h3>\n\n\n\n<p class=\"has-larger-font-size\"><strong><em>Kanaval<\/em><\/strong><em><\/em><\/p>\n\n\n\n<p>Presentert av Canadas ambassade<\/p>\n\n\n\n<div class=\"wp-block-media-text has-media-on-the-right is-stacked-on-mobile\"><div class=\"wp-block-media-text__content\">\n<p>P\u00e5 midten av 1970-tallet blir Rico, en 6 \u00e5r gammel haitisk gutt, br\u00e5tt revet bort fra hjemlandet sitt og sendt sammen med moren, Erzulie, til en ukjent verden kalt Canada. Men etter ankomsten ser det ut til at avstanden mellom mor og s\u00f8nn har vokst.<\/p>\n<\/div><figure class=\"wp-block-media-text__media\"><img loading=\"lazy\" decoding=\"async\" width=\"1024\" height=\"683\" src=\"https:\/\/www.france.no\/wp-content\/uploads\/2025\/02\/Kanaval_MartinDubreuilRayanDieudonne\u0301_@AzizZoromba-1024x683.jpg\" alt=\"\" class=\"wp-image-12720 size-full\" srcset=\"https:\/\/www.france.no\/wp-content\/uploads\/2025\/02\/Kanaval_MartinDubreuilRayanDieudonne\u0301_@AzizZoromba-1024x683.jpg 1024w, https:\/\/www.france.no\/wp-content\/uploads\/2025\/02\/Kanaval_MartinDubreuilRayanDieudonne\u0301_@AzizZoromba-300x200.jpg 300w, https:\/\/www.france.no\/wp-content\/uploads\/2025\/02\/Kanaval_MartinDubreuilRayanDieudonne\u0301_@AzizZoromba-768x512.jpg 768w, https:\/\/www.france.no\/wp-content\/uploads\/2025\/02\/Kanaval_MartinDubreuilRayanDieudonne\u0301_@AzizZoromba-1536x1024.jpg 1536w, https:\/\/www.france.no\/wp-content\/uploads\/2025\/02\/Kanaval_MartinDubreuilRayanDieudonne\u0301_@AzizZoromba-2048x1365.jpg 2048w, https:\/\/www.france.no\/wp-content\/uploads\/2025\/02\/Kanaval_MartinDubreuilRayanDieudonne\u0301_@AzizZoromba-1200x800.jpg 1200w, https:\/\/www.france.no\/wp-content\/uploads\/2025\/02\/Kanaval_MartinDubreuilRayanDieudonne\u0301_@AzizZoromba-1980x1320.jpg 1980w\" sizes=\"auto, (max-width: 1024px) 100vw, 1024px\" \/><\/figure><\/div>\n\n\n\n<p><strong>En film av Henri Pardo (2023)<\/strong><\/p>\n\n\n\n<p><em>Orginal tale med engelske undertekster<br>Lengde: 122 minutter<\/em><\/p>\n\n\n\n<p><a href=\"https:\/\/cinemaneuf.ticketco.events\/no\/nb\/e\/kanaval?fbclid=IwY2xjawI37U1leHRuA2FlbQIxMAABHYm-D7an8ncwmXDoyHK-cLb78-YGULuJcXc4Mucz3pQCfnmFOyOKXS14zw_aem_JsFjPqL5QZHJT5WquNa5FQ\">Billettsalget<\/a><\/p>\n\n\n\n<h3 class=\"wp-block-heading\"><strong>15:40<\/strong><\/h3>\n\n\n\n<p class=\"has-larger-font-size\"><strong><em><strong><em>Under the Fig Tree<\/em><\/strong>s<\/em><\/strong><\/p>\n\n\n\n<p>Presentert av Tunisias ambassade<\/p>\n\n\n\n<div class=\"wp-block-media-text has-media-on-the-right is-stacked-on-mobile\"><div class=\"wp-block-media-text__content\">\n<p>Blant fikentr\u00e6rne, under sommerens innh\u00f8sting, utvikler unge menn og kvinner nye f\u00f8lelser, fl\u00f8rter med hverandre, pr\u00f8ver \u00e5 forst\u00e5 hverandre, og danner \u2013 men ogs\u00e5 flykter fra \u2013 dypere relasjoner.<\/p>\n<\/div><figure class=\"wp-block-media-text__media\"><img loading=\"lazy\" decoding=\"async\" width=\"1024\" height=\"576\" src=\"https:\/\/www.france.no\/wp-content\/uploads\/2025\/02\/1.Under_the_fig_trees_official_still-1024x576.jpg\" alt=\"\" class=\"wp-image-12582 size-full\" srcset=\"https:\/\/www.france.no\/wp-content\/uploads\/2025\/02\/1.Under_the_fig_trees_official_still-1024x576.jpg 1024w, https:\/\/www.france.no\/wp-content\/uploads\/2025\/02\/1.Under_the_fig_trees_official_still-300x169.jpg 300w, https:\/\/www.france.no\/wp-content\/uploads\/2025\/02\/1.Under_the_fig_trees_official_still-768x432.jpg 768w, https:\/\/www.france.no\/wp-content\/uploads\/2025\/02\/1.Under_the_fig_trees_official_still-1536x864.jpg 1536w, https:\/\/www.france.no\/wp-content\/uploads\/2025\/02\/1.Under_the_fig_trees_official_still-1098x617.jpg 1098w, https:\/\/www.france.no\/wp-content\/uploads\/2025\/02\/1.Under_the_fig_trees_official_still-730x411.jpg 730w, https:\/\/www.france.no\/wp-content\/uploads\/2025\/02\/1.Under_the_fig_trees_official_still-355x200.jpg 355w, https:\/\/www.france.no\/wp-content\/uploads\/2025\/02\/1.Under_the_fig_trees_official_still-1200x675.jpg 1200w, https:\/\/www.france.no\/wp-content\/uploads\/2025\/02\/1.Under_the_fig_trees_official_still.jpg 1920w\" sizes=\"auto, (max-width: 1024px) 100vw, 1024px\" \/><\/figure><\/div>\n\n\n\n<p><strong>En film av Erige Sehiri (2022)<\/strong><\/p>\n\n\n\n<p><em>Orginal tale med engelske undertekster<br>Lengde: 92 minutter<\/em><\/p>\n\n\n\n<p><a href=\"https:\/\/cinemaneuf.ticketco.events\/no\/nb\/e\/under_the_fig_trees?fbclid=IwY2xjawI37SVleHRuA2FlbQIxMAABHd-vQHEmrTYKkDXn6Do8NZWsuOGqoM_JnJGirhnDU7JoCQnCpdhs5Iwsvw_aem_lX_7sQ1aPf4O6ytpOB6Yeg\">Billettsalget<\/a><\/p>\n\n\n\n<h3 class=\"wp-block-heading\"><strong>17:35<\/strong><\/h3>\n\n\n\n<p class=\"has-larger-font-size\"><strong><em><strong><em>Dog on Trial<\/em><\/strong><\/em><\/strong><\/p>\n\n\n\n<p>Presentert av Sveits\u2019 ambassade<\/p>\n\n\n\n<div class=\"wp-block-media-text has-media-on-the-right is-stacked-on-mobile\"><div class=\"wp-block-media-text__content\">\n<p>Avril, en frilansadvokat, kaster seg ut i det absurde ved \u00e5 forsvare en hund, og konfronterer ikke bare rettssystemet, men ogs\u00e5 sp\u00f8rsm\u00e5l knyttet til kvinners og dyrs rettigheter. En livlig og til tider komisk rettssak utspiller seg, der en hunds liv st\u00e5r p\u00e5 spill.<\/p>\n<\/div><figure class=\"wp-block-media-text__media\"><img loading=\"lazy\" decoding=\"async\" width=\"1024\" height=\"576\" src=\"https:\/\/www.france.no\/wp-content\/uploads\/2025\/02\/Photo-Le-Proces-du-Chien-1024x576.jpg\" alt=\"\" class=\"wp-image-12630 size-full\" srcset=\"https:\/\/www.france.no\/wp-content\/uploads\/2025\/02\/Photo-Le-Proces-du-Chien-1024x576.jpg 1024w, https:\/\/www.france.no\/wp-content\/uploads\/2025\/02\/Photo-Le-Proces-du-Chien-300x169.jpg 300w, https:\/\/www.france.no\/wp-content\/uploads\/2025\/02\/Photo-Le-Proces-du-Chien-768x432.jpg 768w, https:\/\/www.france.no\/wp-content\/uploads\/2025\/02\/Photo-Le-Proces-du-Chien-1536x864.jpg 1536w, https:\/\/www.france.no\/wp-content\/uploads\/2025\/02\/Photo-Le-Proces-du-Chien-1098x617.jpg 1098w, https:\/\/www.france.no\/wp-content\/uploads\/2025\/02\/Photo-Le-Proces-du-Chien-730x411.jpg 730w, https:\/\/www.france.no\/wp-content\/uploads\/2025\/02\/Photo-Le-Proces-du-Chien-355x200.jpg 355w, https:\/\/www.france.no\/wp-content\/uploads\/2025\/02\/Photo-Le-Proces-du-Chien-1200x675.jpg 1200w, https:\/\/www.france.no\/wp-content\/uploads\/2025\/02\/Photo-Le-Proces-du-Chien.jpg 1920w\" sizes=\"auto, (max-width: 1024px) 100vw, 1024px\" \/><\/figure><\/div>\n\n\n\n<p><strong>En film av La\u00ebtitia Dosch (2024)<\/strong><\/p>\n\n\n\n<p><em>Orginal tale med engelske undertekster<br>Lengde: 80 minutter<\/em><\/p>\n\n\n\n<p><a href=\"https:\/\/cinemaneuf.ticketco.events\/no\/nb\/e\/dog_on_trial?fbclid=IwY2xjawI357ZleHRuA2FlbQIxMAABHYm-D7an8ncwmXDoyHK-cLb78-YGULuJcXc4Mucz3pQCfnmFOyOKXS14zw_aem_JsFjPqL5QZHJT5WquNa5FQ\">Billettsalget<\/a><\/p>\n\n\n\n<hr class=\"wp-block-separator has-alpha-channel-opacity\"\/>\n\n\n\n<div class=\"wp-block-columns is-layout-flex wp-container-core-columns-is-layout-9d6595d7 wp-block-columns-is-layout-flex\">\n<div class=\"wp-block-column is-layout-flow wp-block-column-is-layout-flow\">\n<figure class=\"wp-block-image size-large\"><img loading=\"lazy\" decoding=\"async\" width=\"1024\" height=\"438\" src=\"https:\/\/www.france.no\/wp-content\/uploads\/2025\/02\/Logo_OIF.svg_-1024x438.png\" alt=\"\" class=\"wp-image-11912\" srcset=\"https:\/\/www.france.no\/wp-content\/uploads\/2025\/02\/Logo_OIF.svg_-1024x438.png 1024w, https:\/\/www.france.no\/wp-content\/uploads\/2025\/02\/Logo_OIF.svg_-300x128.png 300w, https:\/\/www.france.no\/wp-content\/uploads\/2025\/02\/Logo_OIF.svg_-768x329.png 768w, https:\/\/www.france.no\/wp-content\/uploads\/2025\/02\/Logo_OIF.svg_-1536x658.png 1536w, https:\/\/www.france.no\/wp-content\/uploads\/2025\/02\/Logo_OIF.svg_-2048x877.png 2048w, https:\/\/www.france.no\/wp-content\/uploads\/2025\/02\/Logo_OIF.svg_-1200x514.png 1200w, https:\/\/www.france.no\/wp-content\/uploads\/2025\/02\/Logo_OIF.svg_-1980x848.png 1980w\" sizes=\"auto, (max-width: 1024px) 100vw, 1024px\" \/><\/figure>\n<\/div>\n\n\n\n<div class=\"wp-block-column is-layout-flow wp-block-column-is-layout-flow\">\n<figure class=\"wp-block-image size-large\"><img loading=\"lazy\" decoding=\"async\" width=\"1024\" height=\"758\" src=\"https:\/\/www.france.no\/wp-content\/uploads\/2024\/09\/IFN_Logo-fond-transparent-1024x758.png\" alt=\"\" class=\"wp-image-8796\" srcset=\"https:\/\/www.france.no\/wp-content\/uploads\/2024\/09\/IFN_Logo-fond-transparent-1024x758.png 1024w, https:\/\/www.france.no\/wp-content\/uploads\/2024\/09\/IFN_Logo-fond-transparent-300x222.png 300w, https:\/\/www.france.no\/wp-content\/uploads\/2024\/09\/IFN_Logo-fond-transparent-768x568.png 768w, https:\/\/www.france.no\/wp-content\/uploads\/2024\/09\/IFN_Logo-fond-transparent-1536x1137.png 1536w, https:\/\/www.france.no\/wp-content\/uploads\/2024\/09\/IFN_Logo-fond-transparent-1200x888.png 1200w, https:\/\/www.france.no\/wp-content\/uploads\/2024\/09\/IFN_Logo-fond-transparent-1980x1466.png 1980w, https:\/\/www.france.no\/wp-content\/uploads\/2024\/09\/IFN_Logo-fond-transparent.png 2040w\" sizes=\"auto, (max-width: 1024px) 100vw, 1024px\" \/><\/figure>\n<\/div>\n<\/div>\n\n\n\n<div class=\"wp-block-columns is-layout-flex wp-container-core-columns-is-layout-9d6595d7 wp-block-columns-is-layout-flex\">\n<div class=\"wp-block-column is-layout-flow wp-block-column-is-layout-flow\">\n<figure class=\"wp-block-image size-full\"><img loading=\"lazy\" decoding=\"async\" width=\"1000\" height=\"1000\" src=\"https:\/\/www.france.no\/wp-content\/uploads\/2025\/02\/Logo-Romanian-Embassy.jpg\" alt=\"\" class=\"wp-image-12672\" srcset=\"https:\/\/www.france.no\/wp-content\/uploads\/2025\/02\/Logo-Romanian-Embassy.jpg 1000w, https:\/\/www.france.no\/wp-content\/uploads\/2025\/02\/Logo-Romanian-Embassy-300x300.jpg 300w, https:\/\/www.france.no\/wp-content\/uploads\/2025\/02\/Logo-Romanian-Embassy-150x150.jpg 150w, https:\/\/www.france.no\/wp-content\/uploads\/2025\/02\/Logo-Romanian-Embassy-768x768.jpg 768w, https:\/\/www.france.no\/wp-content\/uploads\/2025\/02\/Logo-Romanian-Embassy-400x400.jpg 400w, https:\/\/www.france.no\/wp-content\/uploads\/2025\/02\/Logo-Romanian-Embassy-600x600.jpg 600w\" sizes=\"auto, (max-width: 1000px) 100vw, 1000px\" \/><\/figure>\n<\/div>\n\n\n\n<div class=\"wp-block-column is-layout-flow wp-block-column-is-layout-flow\">\n<figure class=\"wp-block-image size-large\"><img loading=\"lazy\" decoding=\"async\" width=\"1024\" height=\"711\" src=\"https:\/\/www.france.no\/wp-content\/uploads\/2025\/02\/AFN-transparent-1024x711.png\" alt=\"\" class=\"wp-image-12780\" srcset=\"https:\/\/www.france.no\/wp-content\/uploads\/2025\/02\/AFN-transparent-1024x711.png 1024w, https:\/\/www.france.no\/wp-content\/uploads\/2025\/02\/AFN-transparent-300x208.png 300w, https:\/\/www.france.no\/wp-content\/uploads\/2025\/02\/AFN-transparent-768x533.png 768w, https:\/\/www.france.no\/wp-content\/uploads\/2025\/02\/AFN-transparent-1536x1067.png 1536w, https:\/\/www.france.no\/wp-content\/uploads\/2025\/02\/AFN-transparent-2048x1423.png 2048w, https:\/\/www.france.no\/wp-content\/uploads\/2025\/02\/AFN-transparent-1200x834.png 1200w, https:\/\/www.france.no\/wp-content\/uploads\/2025\/02\/AFN-transparent-1980x1375.png 1980w\" sizes=\"auto, (max-width: 1024px) 100vw, 1024px\" \/><\/figure>\n<\/div>\n<\/div>\n\n\n\n<div class=\"wp-block-columns is-layout-flex wp-container-core-columns-is-layout-9d6595d7 wp-block-columns-is-layout-flex\">\n<div class=\"wp-block-column is-layout-flow wp-block-column-is-layout-flow\">\n<figure class=\"wp-block-image size-full\"><img loading=\"lazy\" decoding=\"async\" width=\"650\" height=\"296\" src=\"https:\/\/www.france.no\/wp-content\/uploads\/2025\/02\/Logo-Embassy-Switzerland-ss-fond.png\" alt=\"\" class=\"wp-image-12618\" srcset=\"https:\/\/www.france.no\/wp-content\/uploads\/2025\/02\/Logo-Embassy-Switzerland-ss-fond.png 650w, https:\/\/www.france.no\/wp-content\/uploads\/2025\/02\/Logo-Embassy-Switzerland-ss-fond-300x137.png 300w\" sizes=\"auto, (max-width: 650px) 100vw, 650px\" \/><\/figure>\n<\/div>\n\n\n\n<div class=\"wp-block-column is-layout-flow wp-block-column-is-layout-flow\">\n<figure class=\"wp-block-image size-full\"><img loading=\"lazy\" decoding=\"async\" width=\"500\" height=\"500\" src=\"https:\/\/www.france.no\/wp-content\/uploads\/2025\/02\/Logo-Embassy-Tunisia-ss-fond.png\" alt=\"\" class=\"wp-image-12588\" srcset=\"https:\/\/www.france.no\/wp-content\/uploads\/2025\/02\/Logo-Embassy-Tunisia-ss-fond.png 500w, https:\/\/www.france.no\/wp-content\/uploads\/2025\/02\/Logo-Embassy-Tunisia-ss-fond-300x300.png 300w, https:\/\/www.france.no\/wp-content\/uploads\/2025\/02\/Logo-Embassy-Tunisia-ss-fond-150x150.png 150w, https:\/\/www.france.no\/wp-content\/uploads\/2025\/02\/Logo-Embassy-Tunisia-ss-fond-400x400.png 400w\" sizes=\"auto, (max-width: 500px) 100vw, 500px\" \/><\/figure>\n<\/div>\n<\/div>\n\n\n\n<div class=\"wp-block-columns is-layout-flex wp-container-core-columns-is-layout-9d6595d7 wp-block-columns-is-layout-flex\">\n<div class=\"wp-block-column is-layout-flow wp-block-column-is-layout-flow\">\n<figure class=\"wp-block-image size-full\"><img loading=\"lazy\" decoding=\"async\" width=\"896\" height=\"234\" src=\"https:\/\/www.france.no\/wp-content\/uploads\/2025\/02\/Logo-Ambassade-Canada.jpg\" alt=\"\" class=\"wp-image-12750\" srcset=\"https:\/\/www.france.no\/wp-content\/uploads\/2025\/02\/Logo-Ambassade-Canada.jpg 896w, https:\/\/www.france.no\/wp-content\/uploads\/2025\/02\/Logo-Ambassade-Canada-300x78.jpg 300w, https:\/\/www.france.no\/wp-content\/uploads\/2025\/02\/Logo-Ambassade-Canada-768x201.jpg 768w\" sizes=\"auto, (max-width: 896px) 100vw, 896px\" \/><\/figure>\n<\/div>\n\n\n\n<div class=\"wp-block-column is-layout-flow wp-block-column-is-layout-flow\">\n<figure class=\"wp-block-image size-full\"><img loading=\"lazy\" decoding=\"async\" width=\"779\" height=\"360\" src=\"https:\/\/www.france.no\/wp-content\/uploads\/2025\/02\/cinema-neuf-logo-type-black-2024.webp\" alt=\"\" class=\"wp-image-12792\" srcset=\"https:\/\/www.france.no\/wp-content\/uploads\/2025\/02\/cinema-neuf-logo-type-black-2024.webp 779w, https:\/\/www.france.no\/wp-content\/uploads\/2025\/02\/cinema-neuf-logo-type-black-2024-300x139.webp 300w, https:\/\/www.france.no\/wp-content\/uploads\/2025\/02\/cinema-neuf-logo-type-black-2024-768x355.webp 768w\" sizes=\"auto, (max-width: 779px) 100vw, 779px\" \/><\/figure>\n<\/div>\n<\/div>\n\n\n\n<p><\/p>\n","protected":false},"excerpt":{"rendered":"<p>Som en del av Frankofonifestivalen arrangerer Institut fran\u00e7ais de Norv\u00e8ge, sammen med en gruppe frankofone ambassader i Oslo, to films\u00f8ndager p\u00e5 Cinema Neuf den 23. og 30. mars, dedikert til franskspr\u00e5klige filmer. Bli med og oppdag et bredt spekter av filmtalenter fra Canada, Romania, Sveits, Tunisia og Frankrike. Billetter Billettene er tilgjengelige for forh\u00e5ndskj\u00f8p p\u00e5 [&hellip;]<\/p>\n","protected":false},"author":6,"featured_media":12867,"comment_status":"closed","ping_status":"closed","sticky":false,"template":"","format":"standard","meta":{"footnotes":""},"categories":[31,5],"tags":[],"class_list":["post-12843","post","type-post","status-publish","format-standard","has-post-thumbnail","hentry","category-film","category-kultur"],"yoast_head":"<!-- This site is optimized with the Yoast SEO plugin v24.2 - https:\/\/yoast.com\/wordpress\/plugins\/seo\/ -->\n<title>Frankofone films\u00f8ndager - Institut fran\u00e7ais<\/title>\n<meta name=\"robots\" content=\"index, follow, max-snippet:-1, max-image-preview:large, max-video-preview:-1\" \/>\n<link rel=\"canonical\" href=\"https:\/\/www.france.no\/no\/2025\/kultur\/frankofone-filmsondager\/\" \/>\n<meta property=\"og:locale\" content=\"nb_NO\" \/>\n<meta property=\"og:type\" content=\"article\" \/>\n<meta property=\"og:title\" content=\"Frankofone films\u00f8ndager - Institut fran\u00e7ais\" \/>\n<meta property=\"og:description\" content=\"Som en del av Frankofonifestivalen arrangerer Institut fran\u00e7ais de Norv\u00e8ge, sammen med en gruppe frankofone ambassader i Oslo, to films\u00f8ndager p\u00e5 Cinema Neuf den 23. og 30. mars, dedikert til franskspr\u00e5klige filmer. Bli med og oppdag et bredt spekter av filmtalenter fra Canada, Romania, Sveits, Tunisia og Frankrike. Billetter Billettene er tilgjengelige for forh\u00e5ndskj\u00f8p p\u00e5 [&hellip;]\" \/>\n<meta property=\"og:url\" content=\"https:\/\/www.france.no\/no\/2025\/kultur\/frankofone-filmsondager\/\" \/>\n<meta property=\"og:site_name\" content=\"Institut fran\u00e7ais\" \/>\n<meta property=\"article:publisher\" content=\"https:\/\/www.facebook.com\/institutfrancaisoslo\" \/>\n<meta property=\"article:published_time\" content=\"2025-02-25T15:49:08+00:00\" \/>\n<meta property=\"article:modified_time\" content=\"2025-08-28T11:39:31+00:00\" \/>\n<meta property=\"og:image\" content=\"https:\/\/www.france.no\/wp-content\/uploads\/2025\/02\/CINEMA-FRANCOPHONE_Web-banner_NO-1024x577.png\" \/>\n\t<meta property=\"og:image:width\" content=\"1024\" \/>\n\t<meta property=\"og:image:height\" content=\"577\" \/>\n\t<meta property=\"og:image:type\" content=\"image\/png\" \/>\n<meta name=\"author\" content=\"P\u00f4le Communication\" \/>\n<meta name=\"twitter:card\" content=\"summary_large_image\" \/>\n<meta name=\"twitter:creator\" content=\"@ifnorvege\" \/>\n<meta name=\"twitter:site\" content=\"@ifnorvege\" \/>\n<meta name=\"twitter:label1\" content=\"Skrevet av\" \/>\n\t<meta name=\"twitter:data1\" content=\"P\u00f4le Communication\" \/>\n\t<meta name=\"twitter:label2\" content=\"Ansl. lesetid\" \/>\n\t<meta name=\"twitter:data2\" content=\"6 minutter\" \/>\n<script type=\"application\/ld+json\" class=\"yoast-schema-graph\">{\"@context\":\"https:\/\/schema.org\",\"@graph\":[{\"@type\":\"Article\",\"@id\":\"https:\/\/www.france.no\/no\/2025\/kultur\/frankofone-filmsondager\/#article\",\"isPartOf\":{\"@id\":\"https:\/\/www.france.no\/no\/2025\/kultur\/frankofone-filmsondager\/\"},\"author\":{\"name\":\"P\u00f4le Communication\",\"@id\":\"https:\/\/www.france.no\/no\/#\/schema\/person\/e911222e8703f294589a6d80b1c16f97\"},\"headline\":\"Frankofone films\u00f8ndager\",\"datePublished\":\"2025-02-25T15:49:08+00:00\",\"dateModified\":\"2025-08-28T11:39:31+00:00\",\"mainEntityOfPage\":{\"@id\":\"https:\/\/www.france.no\/no\/2025\/kultur\/frankofone-filmsondager\/\"},\"wordCount\":416,\"publisher\":{\"@id\":\"https:\/\/www.france.no\/no\/#organization\"},\"image\":{\"@id\":\"https:\/\/www.france.no\/no\/2025\/kultur\/frankofone-filmsondager\/#primaryimage\"},\"thumbnailUrl\":\"https:\/\/www.france.no\/wp-content\/uploads\/2025\/02\/CINEMA-FRANCOPHONE_Web-banner_NO-1098x617.png\",\"articleSection\":[\"Film\",\"Kultur\"],\"inLanguage\":\"nb-NO\"},{\"@type\":\"WebPage\",\"@id\":\"https:\/\/www.france.no\/no\/2025\/kultur\/frankofone-filmsondager\/\",\"url\":\"https:\/\/www.france.no\/no\/2025\/kultur\/frankofone-filmsondager\/\",\"name\":\"Frankofone films\u00f8ndager - Institut fran\u00e7ais\",\"isPartOf\":{\"@id\":\"https:\/\/www.france.no\/no\/#website\"},\"primaryImageOfPage\":{\"@id\":\"https:\/\/www.france.no\/no\/2025\/kultur\/frankofone-filmsondager\/#primaryimage\"},\"image\":{\"@id\":\"https:\/\/www.france.no\/no\/2025\/kultur\/frankofone-filmsondager\/#primaryimage\"},\"thumbnailUrl\":\"https:\/\/www.france.no\/wp-content\/uploads\/2025\/02\/CINEMA-FRANCOPHONE_Web-banner_NO-1098x617.png\",\"datePublished\":\"2025-02-25T15:49:08+00:00\",\"dateModified\":\"2025-08-28T11:39:31+00:00\",\"breadcrumb\":{\"@id\":\"https:\/\/www.france.no\/no\/2025\/kultur\/frankofone-filmsondager\/#breadcrumb\"},\"inLanguage\":\"nb-NO\",\"potentialAction\":[{\"@type\":\"ReadAction\",\"target\":[\"https:\/\/www.france.no\/no\/2025\/kultur\/frankofone-filmsondager\/\"]}]},{\"@type\":\"ImageObject\",\"inLanguage\":\"nb-NO\",\"@id\":\"https:\/\/www.france.no\/no\/2025\/kultur\/frankofone-filmsondager\/#primaryimage\",\"url\":\"https:\/\/www.france.no\/wp-content\/uploads\/2025\/02\/CINEMA-FRANCOPHONE_Web-banner_NO-1098x617.png\",\"contentUrl\":\"https:\/\/www.france.no\/wp-content\/uploads\/2025\/02\/CINEMA-FRANCOPHONE_Web-banner_NO-1098x617.png\",\"width\":1640,\"height\":924},{\"@type\":\"BreadcrumbList\",\"@id\":\"https:\/\/www.france.no\/no\/2025\/kultur\/frankofone-filmsondager\/#breadcrumb\",\"itemListElement\":[{\"@type\":\"ListItem\",\"position\":1,\"name\":\"\",\"item\":\"https:\/\/www.france.no\/no\/\"},{\"@type\":\"ListItem\",\"position\":2,\"name\":\"Frankofone films\u00f8ndager\"}]},{\"@type\":\"WebSite\",\"@id\":\"https:\/\/www.france.no\/no\/#website\",\"url\":\"https:\/\/www.france.no\/no\/\",\"name\":\"Institut fran\u00e7ais\",\"description\":\"Norv\u00e8ge\",\"publisher\":{\"@id\":\"https:\/\/www.france.no\/no\/#organization\"},\"potentialAction\":[{\"@type\":\"SearchAction\",\"target\":{\"@type\":\"EntryPoint\",\"urlTemplate\":\"https:\/\/www.france.no\/no\/?s={search_term_string}\"},\"query-input\":{\"@type\":\"PropertyValueSpecification\",\"valueRequired\":true,\"valueName\":\"search_term_string\"}}],\"inLanguage\":\"nb-NO\"},{\"@type\":\"Organization\",\"@id\":\"https:\/\/www.france.no\/no\/#organization\",\"name\":\"Institut fran\u00e7ais\",\"url\":\"https:\/\/www.france.no\/no\/\",\"logo\":{\"@type\":\"ImageObject\",\"inLanguage\":\"nb-NO\",\"@id\":\"https:\/\/www.france.no\/no\/#\/schema\/logo\/image\/\",\"url\":\"https:\/\/www.france.no\/wp-content\/uploads\/2022\/11\/IF_Logo_Sans_Bleu_RVB.png\",\"contentUrl\":\"https:\/\/www.france.no\/wp-content\/uploads\/2022\/11\/IF_Logo_Sans_Bleu_RVB.png\",\"width\":852,\"height\":591,\"caption\":\"Institut fran\u00e7ais\"},\"image\":{\"@id\":\"https:\/\/www.france.no\/no\/#\/schema\/logo\/image\/\"},\"sameAs\":[\"https:\/\/www.facebook.com\/institutfrancaisoslo\",\"https:\/\/x.com\/ifnorvege\",\"https:\/\/instagram.com\/ifnorvege\"]},{\"@type\":\"Person\",\"@id\":\"https:\/\/www.france.no\/no\/#\/schema\/person\/e911222e8703f294589a6d80b1c16f97\",\"name\":\"P\u00f4le Communication\",\"image\":{\"@type\":\"ImageObject\",\"inLanguage\":\"nb-NO\",\"@id\":\"https:\/\/www.france.no\/no\/#\/schema\/person\/image\/\",\"url\":\"https:\/\/secure.gravatar.com\/avatar\/20ae085a8b5fd613a02d28588389144802d3ba9408c852b2c6c7c4b17cc39660?s=96&d=mm&r=g\",\"contentUrl\":\"https:\/\/secure.gravatar.com\/avatar\/20ae085a8b5fd613a02d28588389144802d3ba9408c852b2c6c7c4b17cc39660?s=96&d=mm&r=g\",\"caption\":\"P\u00f4le Communication\"},\"url\":\"https:\/\/www.france.no\/no\/author\/polecom\/\"}]}<\/script>\n<!-- \/ Yoast SEO plugin. -->","yoast_head_json":{"title":"Frankofone films\u00f8ndager - Institut fran\u00e7ais","robots":{"index":"index","follow":"follow","max-snippet":"max-snippet:-1","max-image-preview":"max-image-preview:large","max-video-preview":"max-video-preview:-1"},"canonical":"https:\/\/www.france.no\/no\/2025\/kultur\/frankofone-filmsondager\/","og_locale":"nb_NO","og_type":"article","og_title":"Frankofone films\u00f8ndager - Institut fran\u00e7ais","og_description":"Som en del av Frankofonifestivalen arrangerer Institut fran\u00e7ais de Norv\u00e8ge, sammen med en gruppe frankofone ambassader i Oslo, to films\u00f8ndager p\u00e5 Cinema Neuf den 23. og 30. mars, dedikert til franskspr\u00e5klige filmer. Bli med og oppdag et bredt spekter av filmtalenter fra Canada, Romania, Sveits, Tunisia og Frankrike. Billetter Billettene er tilgjengelige for forh\u00e5ndskj\u00f8p p\u00e5 [&hellip;]","og_url":"https:\/\/www.france.no\/no\/2025\/kultur\/frankofone-filmsondager\/","og_site_name":"Institut fran\u00e7ais","article_publisher":"https:\/\/www.facebook.com\/institutfrancaisoslo","article_published_time":"2025-02-25T15:49:08+00:00","article_modified_time":"2025-08-28T11:39:31+00:00","og_image":[{"width":1024,"height":577,"url":"https:\/\/www.france.no\/wp-content\/uploads\/2025\/02\/CINEMA-FRANCOPHONE_Web-banner_NO-1024x577.png","type":"image\/png"}],"author":"P\u00f4le Communication","twitter_card":"summary_large_image","twitter_creator":"@ifnorvege","twitter_site":"@ifnorvege","twitter_misc":{"Skrevet av":"P\u00f4le Communication","Ansl. lesetid":"6 minutter"},"schema":{"@context":"https:\/\/schema.org","@graph":[{"@type":"Article","@id":"https:\/\/www.france.no\/no\/2025\/kultur\/frankofone-filmsondager\/#article","isPartOf":{"@id":"https:\/\/www.france.no\/no\/2025\/kultur\/frankofone-filmsondager\/"},"author":{"name":"P\u00f4le Communication","@id":"https:\/\/www.france.no\/no\/#\/schema\/person\/e911222e8703f294589a6d80b1c16f97"},"headline":"Frankofone films\u00f8ndager","datePublished":"2025-02-25T15:49:08+00:00","dateModified":"2025-08-28T11:39:31+00:00","mainEntityOfPage":{"@id":"https:\/\/www.france.no\/no\/2025\/kultur\/frankofone-filmsondager\/"},"wordCount":416,"publisher":{"@id":"https:\/\/www.france.no\/no\/#organization"},"image":{"@id":"https:\/\/www.france.no\/no\/2025\/kultur\/frankofone-filmsondager\/#primaryimage"},"thumbnailUrl":"https:\/\/www.france.no\/wp-content\/uploads\/2025\/02\/CINEMA-FRANCOPHONE_Web-banner_NO-1098x617.png","articleSection":["Film","Kultur"],"inLanguage":"nb-NO"},{"@type":"WebPage","@id":"https:\/\/www.france.no\/no\/2025\/kultur\/frankofone-filmsondager\/","url":"https:\/\/www.france.no\/no\/2025\/kultur\/frankofone-filmsondager\/","name":"Frankofone films\u00f8ndager - Institut fran\u00e7ais","isPartOf":{"@id":"https:\/\/www.france.no\/no\/#website"},"primaryImageOfPage":{"@id":"https:\/\/www.france.no\/no\/2025\/kultur\/frankofone-filmsondager\/#primaryimage"},"image":{"@id":"https:\/\/www.france.no\/no\/2025\/kultur\/frankofone-filmsondager\/#primaryimage"},"thumbnailUrl":"https:\/\/www.france.no\/wp-content\/uploads\/2025\/02\/CINEMA-FRANCOPHONE_Web-banner_NO-1098x617.png","datePublished":"2025-02-25T15:49:08+00:00","dateModified":"2025-08-28T11:39:31+00:00","breadcrumb":{"@id":"https:\/\/www.france.no\/no\/2025\/kultur\/frankofone-filmsondager\/#breadcrumb"},"inLanguage":"nb-NO","potentialAction":[{"@type":"ReadAction","target":["https:\/\/www.france.no\/no\/2025\/kultur\/frankofone-filmsondager\/"]}]},{"@type":"ImageObject","inLanguage":"nb-NO","@id":"https:\/\/www.france.no\/no\/2025\/kultur\/frankofone-filmsondager\/#primaryimage","url":"https:\/\/www.france.no\/wp-content\/uploads\/2025\/02\/CINEMA-FRANCOPHONE_Web-banner_NO-1098x617.png","contentUrl":"https:\/\/www.france.no\/wp-content\/uploads\/2025\/02\/CINEMA-FRANCOPHONE_Web-banner_NO-1098x617.png","width":1640,"height":924},{"@type":"BreadcrumbList","@id":"https:\/\/www.france.no\/no\/2025\/kultur\/frankofone-filmsondager\/#breadcrumb","itemListElement":[{"@type":"ListItem","position":1,"name":"","item":"https:\/\/www.france.no\/no\/"},{"@type":"ListItem","position":2,"name":"Frankofone films\u00f8ndager"}]},{"@type":"WebSite","@id":"https:\/\/www.france.no\/no\/#website","url":"https:\/\/www.france.no\/no\/","name":"Institut fran\u00e7ais","description":"Norv\u00e8ge","publisher":{"@id":"https:\/\/www.france.no\/no\/#organization"},"potentialAction":[{"@type":"SearchAction","target":{"@type":"EntryPoint","urlTemplate":"https:\/\/www.france.no\/no\/?s={search_term_string}"},"query-input":{"@type":"PropertyValueSpecification","valueRequired":true,"valueName":"search_term_string"}}],"inLanguage":"nb-NO"},{"@type":"Organization","@id":"https:\/\/www.france.no\/no\/#organization","name":"Institut fran\u00e7ais","url":"https:\/\/www.france.no\/no\/","logo":{"@type":"ImageObject","inLanguage":"nb-NO","@id":"https:\/\/www.france.no\/no\/#\/schema\/logo\/image\/","url":"https:\/\/www.france.no\/wp-content\/uploads\/2022\/11\/IF_Logo_Sans_Bleu_RVB.png","contentUrl":"https:\/\/www.france.no\/wp-content\/uploads\/2022\/11\/IF_Logo_Sans_Bleu_RVB.png","width":852,"height":591,"caption":"Institut fran\u00e7ais"},"image":{"@id":"https:\/\/www.france.no\/no\/#\/schema\/logo\/image\/"},"sameAs":["https:\/\/www.facebook.com\/institutfrancaisoslo","https:\/\/x.com\/ifnorvege","https:\/\/instagram.com\/ifnorvege"]},{"@type":"Person","@id":"https:\/\/www.france.no\/no\/#\/schema\/person\/e911222e8703f294589a6d80b1c16f97","name":"P\u00f4le Communication","image":{"@type":"ImageObject","inLanguage":"nb-NO","@id":"https:\/\/www.france.no\/no\/#\/schema\/person\/image\/","url":"https:\/\/secure.gravatar.com\/avatar\/20ae085a8b5fd613a02d28588389144802d3ba9408c852b2c6c7c4b17cc39660?s=96&d=mm&r=g","contentUrl":"https:\/\/secure.gravatar.com\/avatar\/20ae085a8b5fd613a02d28588389144802d3ba9408c852b2c6c7c4b17cc39660?s=96&d=mm&r=g","caption":"P\u00f4le Communication"},"url":"https:\/\/www.france.no\/no\/author\/polecom\/"}]}},"_links":{"self":[{"href":"https:\/\/www.france.no\/no\/wp-json\/wp\/v2\/posts\/12843","targetHints":{"allow":["GET"]}}],"collection":[{"href":"https:\/\/www.france.no\/no\/wp-json\/wp\/v2\/posts"}],"about":[{"href":"https:\/\/www.france.no\/no\/wp-json\/wp\/v2\/types\/post"}],"author":[{"embeddable":true,"href":"https:\/\/www.france.no\/no\/wp-json\/wp\/v2\/users\/6"}],"replies":[{"embeddable":true,"href":"https:\/\/www.france.no\/no\/wp-json\/wp\/v2\/comments?post=12843"}],"version-history":[{"count":14,"href":"https:\/\/www.france.no\/no\/wp-json\/wp\/v2\/posts\/12843\/revisions"}],"predecessor-version":[{"id":13268,"href":"https:\/\/www.france.no\/no\/wp-json\/wp\/v2\/posts\/12843\/revisions\/13268"}],"wp:featuredmedia":[{"embeddable":true,"href":"https:\/\/www.france.no\/no\/wp-json\/wp\/v2\/media\/12867"}],"wp:attachment":[{"href":"https:\/\/www.france.no\/no\/wp-json\/wp\/v2\/media?parent=12843"}],"wp:term":[{"taxonomy":"category","embeddable":true,"href":"https:\/\/www.france.no\/no\/wp-json\/wp\/v2\/categories?post=12843"},{"taxonomy":"post_tag","embeddable":true,"href":"https:\/\/www.france.no\/no\/wp-json\/wp\/v2\/tags?post=12843"}],"curies":[{"name":"wp","href":"https:\/\/api.w.org\/{rel}","templated":true}]}}