{"id":1301,"date":"2021-02-18T00:00:00","date_gmt":"2021-02-17T23:00:00","guid":{"rendered":"https:\/\/www.france.no\/2021\/kultur\/workshop-fa-hjelp-til-a-skrive-deg-inn-pa-forste-ar-med-hoyere-utdanning-i-frankrike\/"},"modified":"2021-02-18T00:00:00","modified_gmt":"2021-02-17T23:00:00","slug":"workshop-fa-hjelp-til-a-skrive-deg-inn-pa-forste-ar-med-hoyere-utdanning-i-frankrike","status":"publish","type":"post","link":"https:\/\/www.france.no\/no\/2021\/utdanning-og-fransk-sprak\/workshop-fa-hjelp-til-a-skrive-deg-inn-pa-forste-ar-med-hoyere-utdanning-i-frankrike\/","title":{"rendered":"Workshop: F\u00e5 hjelp til \u00e5 skrive deg inn p\u00e5 f\u00f8rste \u00e5r med h\u00f8yere utdanning i Frankrike"},"content":{"rendered":"<p><span style=\"font-size: 12pt;\">Campus France Norge organiserer tirsdag 25. januar fra kl. 15-16 en digital workshop for \u00e5 hjelpe videreg\u00e5endeelever og studenter som \u00f8nsker \u00e5 skrive seg inn p\u00e5 f\u00f8rste \u00e5ret ved et h\u00f8yere utdanningsinstitusjon i Frankrike. <\/span><\/p>\n<p>&nbsp;<\/p>\n<p>I denne workshopen f\u00e5r du muligheten til \u00e5:<\/p>\n<ul>\n<li>Stille alle dine sp\u00f8rsm\u00e5l til Campus France-teamet<\/li>\n<li>Bli guidet gjennom de forskjellige etappene som kreves for \u00e5 skrive deg inn p\u00e5 h\u00f8yere utdanning gjennom Parcoursup<\/li>\n<li>F\u00e5 r\u00e5d om hvordan du kan lage en god s\u00f8knad<\/li>\n<\/ul>\n<p>&nbsp;<\/p>\n<p>Her er de viktigste fristene \u00e5 kjenne til i Parcoursup-kalenderen*:<\/p>\n<ul>\n<li>21\/12\/21: www.parcoursup.fr \u00e5pner<\/li>\n<li>20\/01 \u2013 29\/03\/22: S\u00f8knaden \u00e5pner<\/li>\n<li>29\/03\/22: S\u00f8knadsfrist<\/li>\n<li>07\/04\/22: Frist for \u00e5 laste opp dokumentasjon<\/li>\n<li>02\/06 \u2013 15\/07\/22: Hovedopptak<\/li>\n<li>23\/06 \u2013 16\/09\/22: Suppleringsopptak<\/li>\n<\/ul>\n<p>*Kalenderen gjelder for europeiske studenter som skal skrive seg inn i f\u00f8rste \u00e5r ved en h\u00f8yere utdanningsinstitusjon i Frankrike skole\u00e5ret 2022\/20223.<\/p>\n<p>&nbsp;<\/p>\n<p>Om du har noen sp\u00f8rsm\u00e5l, send oss gjerne en e-post p\u00e5 <a href=\"mailto:studier@france.no\">studier@france.no<\/a><\/p>\n<p>&nbsp;<\/p>\n<p>Workshopen foreg\u00e5r digitalt, og link vil bli lagt ut her og sendt p\u00e5 e-post til p\u00e5meldte deltakere.<br \/>\nSkriv deg inn p\u00e5 workshopen her:\u00a0<\/p>\n<p class=\"gform_not_found\">Opps, fant ikke skjemaet.<\/p>\n<p>&nbsp;<\/p>\n","protected":false},"excerpt":{"rendered":"<p>Campus France Norge organiserer tirsdag 25. januar fra kl. 15-16 en digital workshop for \u00e5 hjelpe videreg\u00e5endeelever og studenter som \u00f8nsker \u00e5 skrive seg inn p\u00e5 f\u00f8rste \u00e5ret ved et h\u00f8yere utdanningsinstitusjon i Frankrike. &nbsp; I denne workshopen f\u00e5r du muligheten til \u00e5: Stille alle dine sp\u00f8rsm\u00e5l til Campus France-teamet Bli guidet gjennom de forskjellige [&hellip;]<\/p>\n","protected":false},"author":1,"featured_media":1299,"comment_status":"closed","ping_status":"closed","sticky":false,"template":"","format":"standard","meta":{"footnotes":""},"categories":[13],"tags":[],"class_list":["post-1301","post","type-post","status-publish","format-standard","has-post-thumbnail","hentry","category-utdanning-og-fransk-sprak"],"yoast_head":"<!-- This site is optimized with the Yoast SEO plugin v24.2 - https:\/\/yoast.com\/wordpress\/plugins\/seo\/ -->\n<title>Workshop: F\u00e5 hjelp til \u00e5 skrive deg inn p\u00e5 f\u00f8rste \u00e5r med h\u00f8yere utdanning i Frankrike - Institut fran\u00e7ais<\/title>\n<meta name=\"robots\" content=\"index, follow, max-snippet:-1, max-image-preview:large, max-video-preview:-1\" \/>\n<link rel=\"canonical\" href=\"https:\/\/www.france.no\/no\/2021\/utdanning-og-fransk-sprak\/workshop-fa-hjelp-til-a-skrive-deg-inn-pa-forste-ar-med-hoyere-utdanning-i-frankrike\/\" \/>\n<meta property=\"og:locale\" content=\"nb_NO\" \/>\n<meta property=\"og:type\" content=\"article\" \/>\n<meta property=\"og:title\" content=\"Workshop: F\u00e5 hjelp til \u00e5 skrive deg inn p\u00e5 f\u00f8rste \u00e5r med h\u00f8yere utdanning i Frankrike - Institut fran\u00e7ais\" \/>\n<meta property=\"og:description\" content=\"Campus France Norge organiserer tirsdag 25. januar fra kl. 15-16 en digital workshop for \u00e5 hjelpe videreg\u00e5endeelever og studenter som \u00f8nsker \u00e5 skrive seg inn p\u00e5 f\u00f8rste \u00e5ret ved et h\u00f8yere utdanningsinstitusjon i Frankrike. &nbsp; I denne workshopen f\u00e5r du muligheten til \u00e5: Stille alle dine sp\u00f8rsm\u00e5l til Campus France-teamet Bli guidet gjennom de forskjellige [&hellip;]\" \/>\n<meta property=\"og:url\" content=\"https:\/\/www.france.no\/no\/2021\/utdanning-og-fransk-sprak\/workshop-fa-hjelp-til-a-skrive-deg-inn-pa-forste-ar-med-hoyere-utdanning-i-frankrike\/\" \/>\n<meta property=\"og:site_name\" content=\"Institut fran\u00e7ais\" \/>\n<meta property=\"article:publisher\" content=\"https:\/\/www.facebook.com\/institutfrancaisoslo\" \/>\n<meta property=\"article:published_time\" content=\"2021-02-17T23:00:00+00:00\" \/>\n<meta property=\"og:image\" content=\"https:\/\/www.france.no\/wp-content\/uploads\/2022\/09\/canva-young-happy-cheerful-students-making-selfie-in-campus-1-1098x617.jpg\" \/>\n\t<meta property=\"og:image:width\" content=\"1600\" \/>\n\t<meta property=\"og:image:height\" content=\"1068\" \/>\n\t<meta property=\"og:image:type\" content=\"image\/jpeg\" \/>\n<meta name=\"author\" content=\"admin_ifno\" \/>\n<meta name=\"twitter:card\" content=\"summary_large_image\" \/>\n<meta name=\"twitter:creator\" content=\"@ifnorvege\" \/>\n<meta name=\"twitter:site\" content=\"@ifnorvege\" \/>\n<meta name=\"twitter:label1\" content=\"Skrevet av\" \/>\n\t<meta name=\"twitter:data1\" content=\"admin_ifno\" \/>\n\t<meta name=\"twitter:label2\" content=\"Ansl. lesetid\" \/>\n\t<meta name=\"twitter:data2\" content=\"1 minutt\" \/>\n<script type=\"application\/ld+json\" class=\"yoast-schema-graph\">{\"@context\":\"https:\/\/schema.org\",\"@graph\":[{\"@type\":\"Article\",\"@id\":\"https:\/\/www.france.no\/no\/2021\/utdanning-og-fransk-sprak\/workshop-fa-hjelp-til-a-skrive-deg-inn-pa-forste-ar-med-hoyere-utdanning-i-frankrike\/#article\",\"isPartOf\":{\"@id\":\"https:\/\/www.france.no\/no\/2021\/utdanning-og-fransk-sprak\/workshop-fa-hjelp-til-a-skrive-deg-inn-pa-forste-ar-med-hoyere-utdanning-i-frankrike\/\"},\"author\":{\"name\":\"admin_ifno\",\"@id\":\"https:\/\/www.france.no\/no\/#\/schema\/person\/4fdc0b263d8f27bb00a55f55d2fa3ab0\"},\"headline\":\"Workshop: F\u00e5 hjelp til \u00e5 skrive deg inn p\u00e5 f\u00f8rste \u00e5r med h\u00f8yere utdanning i Frankrike\",\"datePublished\":\"2021-02-17T23:00:00+00:00\",\"dateModified\":\"2021-02-17T23:00:00+00:00\",\"mainEntityOfPage\":{\"@id\":\"https:\/\/www.france.no\/no\/2021\/utdanning-og-fransk-sprak\/workshop-fa-hjelp-til-a-skrive-deg-inn-pa-forste-ar-med-hoyere-utdanning-i-frankrike\/\"},\"wordCount\":198,\"publisher\":{\"@id\":\"https:\/\/www.france.no\/no\/#organization\"},\"image\":{\"@id\":\"https:\/\/www.france.no\/no\/2021\/utdanning-og-fransk-sprak\/workshop-fa-hjelp-til-a-skrive-deg-inn-pa-forste-ar-med-hoyere-utdanning-i-frankrike\/#primaryimage\"},\"thumbnailUrl\":\"https:\/\/www.france.no\/wp-content\/uploads\/2022\/09\/canva-young-happy-cheerful-students-making-selfie-in-campus-1-1098x617.jpg\",\"articleSection\":[\"Utdannelse og Fransk spr\u00e5ksamarbeid\"],\"inLanguage\":\"nb-NO\"},{\"@type\":\"WebPage\",\"@id\":\"https:\/\/www.france.no\/no\/2021\/utdanning-og-fransk-sprak\/workshop-fa-hjelp-til-a-skrive-deg-inn-pa-forste-ar-med-hoyere-utdanning-i-frankrike\/\",\"url\":\"https:\/\/www.france.no\/no\/2021\/utdanning-og-fransk-sprak\/workshop-fa-hjelp-til-a-skrive-deg-inn-pa-forste-ar-med-hoyere-utdanning-i-frankrike\/\",\"name\":\"Workshop: F\u00e5 hjelp til \u00e5 skrive deg inn p\u00e5 f\u00f8rste \u00e5r med h\u00f8yere utdanning i Frankrike - Institut fran\u00e7ais\",\"isPartOf\":{\"@id\":\"https:\/\/www.france.no\/no\/#website\"},\"primaryImageOfPage\":{\"@id\":\"https:\/\/www.france.no\/no\/2021\/utdanning-og-fransk-sprak\/workshop-fa-hjelp-til-a-skrive-deg-inn-pa-forste-ar-med-hoyere-utdanning-i-frankrike\/#primaryimage\"},\"image\":{\"@id\":\"https:\/\/www.france.no\/no\/2021\/utdanning-og-fransk-sprak\/workshop-fa-hjelp-til-a-skrive-deg-inn-pa-forste-ar-med-hoyere-utdanning-i-frankrike\/#primaryimage\"},\"thumbnailUrl\":\"https:\/\/www.france.no\/wp-content\/uploads\/2022\/09\/canva-young-happy-cheerful-students-making-selfie-in-campus-1-1098x617.jpg\",\"datePublished\":\"2021-02-17T23:00:00+00:00\",\"dateModified\":\"2021-02-17T23:00:00+00:00\",\"breadcrumb\":{\"@id\":\"https:\/\/www.france.no\/no\/2021\/utdanning-og-fransk-sprak\/workshop-fa-hjelp-til-a-skrive-deg-inn-pa-forste-ar-med-hoyere-utdanning-i-frankrike\/#breadcrumb\"},\"inLanguage\":\"nb-NO\",\"potentialAction\":[{\"@type\":\"ReadAction\",\"target\":[\"https:\/\/www.france.no\/no\/2021\/utdanning-og-fransk-sprak\/workshop-fa-hjelp-til-a-skrive-deg-inn-pa-forste-ar-med-hoyere-utdanning-i-frankrike\/\"]}]},{\"@type\":\"ImageObject\",\"inLanguage\":\"nb-NO\",\"@id\":\"https:\/\/www.france.no\/no\/2021\/utdanning-og-fransk-sprak\/workshop-fa-hjelp-til-a-skrive-deg-inn-pa-forste-ar-med-hoyere-utdanning-i-frankrike\/#primaryimage\",\"url\":\"https:\/\/www.france.no\/wp-content\/uploads\/2022\/09\/canva-young-happy-cheerful-students-making-selfie-in-campus-1-1098x617.jpg\",\"contentUrl\":\"https:\/\/www.france.no\/wp-content\/uploads\/2022\/09\/canva-young-happy-cheerful-students-making-selfie-in-campus-1-1098x617.jpg\",\"width\":1600,\"height\":1068},{\"@type\":\"BreadcrumbList\",\"@id\":\"https:\/\/www.france.no\/no\/2021\/utdanning-og-fransk-sprak\/workshop-fa-hjelp-til-a-skrive-deg-inn-pa-forste-ar-med-hoyere-utdanning-i-frankrike\/#breadcrumb\",\"itemListElement\":[{\"@type\":\"ListItem\",\"position\":1,\"name\":\"\",\"item\":\"https:\/\/www.france.no\/no\/\"},{\"@type\":\"ListItem\",\"position\":2,\"name\":\"Utdannelse og Fransk spr\u00e5ksamarbeid\",\"item\":\"https:\/\/www.france.no\/no\/category\/utdanning-og-fransk-sprak\/\"},{\"@type\":\"ListItem\",\"position\":3,\"name\":\"Workshop: F\u00e5 hjelp til \u00e5 skrive deg inn p\u00e5 f\u00f8rste \u00e5r med h\u00f8yere utdanning i Frankrike\"}]},{\"@type\":\"WebSite\",\"@id\":\"https:\/\/www.france.no\/no\/#website\",\"url\":\"https:\/\/www.france.no\/no\/\",\"name\":\"Institut fran\u00e7ais\",\"description\":\"Norv\u00e8ge\",\"publisher\":{\"@id\":\"https:\/\/www.france.no\/no\/#organization\"},\"potentialAction\":[{\"@type\":\"SearchAction\",\"target\":{\"@type\":\"EntryPoint\",\"urlTemplate\":\"https:\/\/www.france.no\/no\/?s={search_term_string}\"},\"query-input\":{\"@type\":\"PropertyValueSpecification\",\"valueRequired\":true,\"valueName\":\"search_term_string\"}}],\"inLanguage\":\"nb-NO\"},{\"@type\":\"Organization\",\"@id\":\"https:\/\/www.france.no\/no\/#organization\",\"name\":\"Institut fran\u00e7ais\",\"url\":\"https:\/\/www.france.no\/no\/\",\"logo\":{\"@type\":\"ImageObject\",\"inLanguage\":\"nb-NO\",\"@id\":\"https:\/\/www.france.no\/no\/#\/schema\/logo\/image\/\",\"url\":\"https:\/\/www.france.no\/wp-content\/uploads\/2022\/11\/IF_Logo_Sans_Bleu_RVB.png\",\"contentUrl\":\"https:\/\/www.france.no\/wp-content\/uploads\/2022\/11\/IF_Logo_Sans_Bleu_RVB.png\",\"width\":852,\"height\":591,\"caption\":\"Institut fran\u00e7ais\"},\"image\":{\"@id\":\"https:\/\/www.france.no\/no\/#\/schema\/logo\/image\/\"},\"sameAs\":[\"https:\/\/www.facebook.com\/institutfrancaisoslo\",\"https:\/\/x.com\/ifnorvege\",\"https:\/\/instagram.com\/ifnorvege\"]},{\"@type\":\"Person\",\"@id\":\"https:\/\/www.france.no\/no\/#\/schema\/person\/4fdc0b263d8f27bb00a55f55d2fa3ab0\",\"name\":\"admin_ifno\",\"image\":{\"@type\":\"ImageObject\",\"inLanguage\":\"nb-NO\",\"@id\":\"https:\/\/www.france.no\/no\/#\/schema\/person\/image\/\",\"url\":\"https:\/\/secure.gravatar.com\/avatar\/20f70e61054e6ae673edda3c0dc13670e46e51786443041c70a7eb2da859ae2a?s=96&d=mm&r=g\",\"contentUrl\":\"https:\/\/secure.gravatar.com\/avatar\/20f70e61054e6ae673edda3c0dc13670e46e51786443041c70a7eb2da859ae2a?s=96&d=mm&r=g\",\"caption\":\"admin_ifno\"},\"sameAs\":[\"https:\/\/www.france.no\"],\"url\":\"https:\/\/www.france.no\/no\/author\/admin_ifno\/\"}]}<\/script>\n<!-- \/ Yoast SEO plugin. -->","yoast_head_json":{"title":"Workshop: F\u00e5 hjelp til \u00e5 skrive deg inn p\u00e5 f\u00f8rste \u00e5r med h\u00f8yere utdanning i Frankrike - Institut fran\u00e7ais","robots":{"index":"index","follow":"follow","max-snippet":"max-snippet:-1","max-image-preview":"max-image-preview:large","max-video-preview":"max-video-preview:-1"},"canonical":"https:\/\/www.france.no\/no\/2021\/utdanning-og-fransk-sprak\/workshop-fa-hjelp-til-a-skrive-deg-inn-pa-forste-ar-med-hoyere-utdanning-i-frankrike\/","og_locale":"nb_NO","og_type":"article","og_title":"Workshop: F\u00e5 hjelp til \u00e5 skrive deg inn p\u00e5 f\u00f8rste \u00e5r med h\u00f8yere utdanning i Frankrike - Institut fran\u00e7ais","og_description":"Campus France Norge organiserer tirsdag 25. januar fra kl. 15-16 en digital workshop for \u00e5 hjelpe videreg\u00e5endeelever og studenter som \u00f8nsker \u00e5 skrive seg inn p\u00e5 f\u00f8rste \u00e5ret ved et h\u00f8yere utdanningsinstitusjon i Frankrike. &nbsp; I denne workshopen f\u00e5r du muligheten til \u00e5: Stille alle dine sp\u00f8rsm\u00e5l til Campus France-teamet Bli guidet gjennom de forskjellige [&hellip;]","og_url":"https:\/\/www.france.no\/no\/2021\/utdanning-og-fransk-sprak\/workshop-fa-hjelp-til-a-skrive-deg-inn-pa-forste-ar-med-hoyere-utdanning-i-frankrike\/","og_site_name":"Institut fran\u00e7ais","article_publisher":"https:\/\/www.facebook.com\/institutfrancaisoslo","article_published_time":"2021-02-17T23:00:00+00:00","og_image":[{"width":1600,"height":1068,"url":"https:\/\/www.france.no\/wp-content\/uploads\/2022\/09\/canva-young-happy-cheerful-students-making-selfie-in-campus-1-1098x617.jpg","type":"image\/jpeg"}],"author":"admin_ifno","twitter_card":"summary_large_image","twitter_creator":"@ifnorvege","twitter_site":"@ifnorvege","twitter_misc":{"Skrevet av":"admin_ifno","Ansl. lesetid":"1 minutt"},"schema":{"@context":"https:\/\/schema.org","@graph":[{"@type":"Article","@id":"https:\/\/www.france.no\/no\/2021\/utdanning-og-fransk-sprak\/workshop-fa-hjelp-til-a-skrive-deg-inn-pa-forste-ar-med-hoyere-utdanning-i-frankrike\/#article","isPartOf":{"@id":"https:\/\/www.france.no\/no\/2021\/utdanning-og-fransk-sprak\/workshop-fa-hjelp-til-a-skrive-deg-inn-pa-forste-ar-med-hoyere-utdanning-i-frankrike\/"},"author":{"name":"admin_ifno","@id":"https:\/\/www.france.no\/no\/#\/schema\/person\/4fdc0b263d8f27bb00a55f55d2fa3ab0"},"headline":"Workshop: F\u00e5 hjelp til \u00e5 skrive deg inn p\u00e5 f\u00f8rste \u00e5r med h\u00f8yere utdanning i Frankrike","datePublished":"2021-02-17T23:00:00+00:00","dateModified":"2021-02-17T23:00:00+00:00","mainEntityOfPage":{"@id":"https:\/\/www.france.no\/no\/2021\/utdanning-og-fransk-sprak\/workshop-fa-hjelp-til-a-skrive-deg-inn-pa-forste-ar-med-hoyere-utdanning-i-frankrike\/"},"wordCount":198,"publisher":{"@id":"https:\/\/www.france.no\/no\/#organization"},"image":{"@id":"https:\/\/www.france.no\/no\/2021\/utdanning-og-fransk-sprak\/workshop-fa-hjelp-til-a-skrive-deg-inn-pa-forste-ar-med-hoyere-utdanning-i-frankrike\/#primaryimage"},"thumbnailUrl":"https:\/\/www.france.no\/wp-content\/uploads\/2022\/09\/canva-young-happy-cheerful-students-making-selfie-in-campus-1-1098x617.jpg","articleSection":["Utdannelse og Fransk spr\u00e5ksamarbeid"],"inLanguage":"nb-NO"},{"@type":"WebPage","@id":"https:\/\/www.france.no\/no\/2021\/utdanning-og-fransk-sprak\/workshop-fa-hjelp-til-a-skrive-deg-inn-pa-forste-ar-med-hoyere-utdanning-i-frankrike\/","url":"https:\/\/www.france.no\/no\/2021\/utdanning-og-fransk-sprak\/workshop-fa-hjelp-til-a-skrive-deg-inn-pa-forste-ar-med-hoyere-utdanning-i-frankrike\/","name":"Workshop: F\u00e5 hjelp til \u00e5 skrive deg inn p\u00e5 f\u00f8rste \u00e5r med h\u00f8yere utdanning i Frankrike - Institut fran\u00e7ais","isPartOf":{"@id":"https:\/\/www.france.no\/no\/#website"},"primaryImageOfPage":{"@id":"https:\/\/www.france.no\/no\/2021\/utdanning-og-fransk-sprak\/workshop-fa-hjelp-til-a-skrive-deg-inn-pa-forste-ar-med-hoyere-utdanning-i-frankrike\/#primaryimage"},"image":{"@id":"https:\/\/www.france.no\/no\/2021\/utdanning-og-fransk-sprak\/workshop-fa-hjelp-til-a-skrive-deg-inn-pa-forste-ar-med-hoyere-utdanning-i-frankrike\/#primaryimage"},"thumbnailUrl":"https:\/\/www.france.no\/wp-content\/uploads\/2022\/09\/canva-young-happy-cheerful-students-making-selfie-in-campus-1-1098x617.jpg","datePublished":"2021-02-17T23:00:00+00:00","dateModified":"2021-02-17T23:00:00+00:00","breadcrumb":{"@id":"https:\/\/www.france.no\/no\/2021\/utdanning-og-fransk-sprak\/workshop-fa-hjelp-til-a-skrive-deg-inn-pa-forste-ar-med-hoyere-utdanning-i-frankrike\/#breadcrumb"},"inLanguage":"nb-NO","potentialAction":[{"@type":"ReadAction","target":["https:\/\/www.france.no\/no\/2021\/utdanning-og-fransk-sprak\/workshop-fa-hjelp-til-a-skrive-deg-inn-pa-forste-ar-med-hoyere-utdanning-i-frankrike\/"]}]},{"@type":"ImageObject","inLanguage":"nb-NO","@id":"https:\/\/www.france.no\/no\/2021\/utdanning-og-fransk-sprak\/workshop-fa-hjelp-til-a-skrive-deg-inn-pa-forste-ar-med-hoyere-utdanning-i-frankrike\/#primaryimage","url":"https:\/\/www.france.no\/wp-content\/uploads\/2022\/09\/canva-young-happy-cheerful-students-making-selfie-in-campus-1-1098x617.jpg","contentUrl":"https:\/\/www.france.no\/wp-content\/uploads\/2022\/09\/canva-young-happy-cheerful-students-making-selfie-in-campus-1-1098x617.jpg","width":1600,"height":1068},{"@type":"BreadcrumbList","@id":"https:\/\/www.france.no\/no\/2021\/utdanning-og-fransk-sprak\/workshop-fa-hjelp-til-a-skrive-deg-inn-pa-forste-ar-med-hoyere-utdanning-i-frankrike\/#breadcrumb","itemListElement":[{"@type":"ListItem","position":1,"name":"","item":"https:\/\/www.france.no\/no\/"},{"@type":"ListItem","position":2,"name":"Utdannelse og Fransk spr\u00e5ksamarbeid","item":"https:\/\/www.france.no\/no\/category\/utdanning-og-fransk-sprak\/"},{"@type":"ListItem","position":3,"name":"Workshop: F\u00e5 hjelp til \u00e5 skrive deg inn p\u00e5 f\u00f8rste \u00e5r med h\u00f8yere utdanning i Frankrike"}]},{"@type":"WebSite","@id":"https:\/\/www.france.no\/no\/#website","url":"https:\/\/www.france.no\/no\/","name":"Institut fran\u00e7ais","description":"Norv\u00e8ge","publisher":{"@id":"https:\/\/www.france.no\/no\/#organization"},"potentialAction":[{"@type":"SearchAction","target":{"@type":"EntryPoint","urlTemplate":"https:\/\/www.france.no\/no\/?s={search_term_string}"},"query-input":{"@type":"PropertyValueSpecification","valueRequired":true,"valueName":"search_term_string"}}],"inLanguage":"nb-NO"},{"@type":"Organization","@id":"https:\/\/www.france.no\/no\/#organization","name":"Institut fran\u00e7ais","url":"https:\/\/www.france.no\/no\/","logo":{"@type":"ImageObject","inLanguage":"nb-NO","@id":"https:\/\/www.france.no\/no\/#\/schema\/logo\/image\/","url":"https:\/\/www.france.no\/wp-content\/uploads\/2022\/11\/IF_Logo_Sans_Bleu_RVB.png","contentUrl":"https:\/\/www.france.no\/wp-content\/uploads\/2022\/11\/IF_Logo_Sans_Bleu_RVB.png","width":852,"height":591,"caption":"Institut fran\u00e7ais"},"image":{"@id":"https:\/\/www.france.no\/no\/#\/schema\/logo\/image\/"},"sameAs":["https:\/\/www.facebook.com\/institutfrancaisoslo","https:\/\/x.com\/ifnorvege","https:\/\/instagram.com\/ifnorvege"]},{"@type":"Person","@id":"https:\/\/www.france.no\/no\/#\/schema\/person\/4fdc0b263d8f27bb00a55f55d2fa3ab0","name":"admin_ifno","image":{"@type":"ImageObject","inLanguage":"nb-NO","@id":"https:\/\/www.france.no\/no\/#\/schema\/person\/image\/","url":"https:\/\/secure.gravatar.com\/avatar\/20f70e61054e6ae673edda3c0dc13670e46e51786443041c70a7eb2da859ae2a?s=96&d=mm&r=g","contentUrl":"https:\/\/secure.gravatar.com\/avatar\/20f70e61054e6ae673edda3c0dc13670e46e51786443041c70a7eb2da859ae2a?s=96&d=mm&r=g","caption":"admin_ifno"},"sameAs":["https:\/\/www.france.no"],"url":"https:\/\/www.france.no\/no\/author\/admin_ifno\/"}]}},"_links":{"self":[{"href":"https:\/\/www.france.no\/no\/wp-json\/wp\/v2\/posts\/1301","targetHints":{"allow":["GET"]}}],"collection":[{"href":"https:\/\/www.france.no\/no\/wp-json\/wp\/v2\/posts"}],"about":[{"href":"https:\/\/www.france.no\/no\/wp-json\/wp\/v2\/types\/post"}],"author":[{"embeddable":true,"href":"https:\/\/www.france.no\/no\/wp-json\/wp\/v2\/users\/1"}],"replies":[{"embeddable":true,"href":"https:\/\/www.france.no\/no\/wp-json\/wp\/v2\/comments?post=1301"}],"version-history":[{"count":0,"href":"https:\/\/www.france.no\/no\/wp-json\/wp\/v2\/posts\/1301\/revisions"}],"wp:featuredmedia":[{"embeddable":true,"href":"https:\/\/www.france.no\/no\/wp-json\/wp\/v2\/media\/1299"}],"wp:attachment":[{"href":"https:\/\/www.france.no\/no\/wp-json\/wp\/v2\/media?parent=1301"}],"wp:term":[{"taxonomy":"category","embeddable":true,"href":"https:\/\/www.france.no\/no\/wp-json\/wp\/v2\/categories?post=1301"},{"taxonomy":"post_tag","embeddable":true,"href":"https:\/\/www.france.no\/no\/wp-json\/wp\/v2\/tags?post=1301"}],"curies":[{"name":"wp","href":"https:\/\/api.w.org\/{rel}","templated":true}]}}