{"id":1365,"date":"2020-01-07T00:00:00","date_gmt":"2020-01-06T23:00:00","guid":{"rendered":"https:\/\/www.france.no\/2020\/kultur\/delta-pa-festivalen-myfrenchfilmfestival-com\/"},"modified":"2022-11-04T13:19:58","modified_gmt":"2022-11-04T12:19:58","slug":"delta-pa-festivalen-myfrenchfilmfestival-com","status":"publish","type":"post","link":"https:\/\/www.france.no\/no\/2020\/kultur\/delta-pa-festivalen-myfrenchfilmfestival-com\/","title":{"rendered":"Delta p\u00e5 festivalen MyFrenchFilmFestival.com !"},"content":{"rendered":"\n<p><strong>Fra 16. januar til 16. februar s\u00e5 kan du kose deg med aktuell fransk film uansett hvor du er i verden!\u00a0<\/strong><\/p>\n\n\n\n<p>10 franske filmer og 10 franske kortfilmer konkurrerer om publikums popularitet og du kan stemme p\u00e5 din favoritt! I tillegg byr programmet p\u00e5 2 filmer og 9 kortfilmer utenom konkurransen! Se alle filmene via festivalens hjemmeside. I tillegg kan du se alle kortfilmene gratis og festivalpasset (som gir tilgang til alle de tilgjengelige filmene) koster bare 7.99\u20ac !<\/p>\n\n\n\n<p>Eneste du trenger \u00e5 gj\u00f8re er \u00e5 bestemme snacks til filmen \ud83d\ude09<\/p>\n\n\n\n<p>Delta p\u00e5 festivalen her : <a href=\"https:\/\/www.myfrenchfilmfestival.com\/fr\/\" target=\"_blank\" rel=\"noreferrer noopener\">https:\/\/www.myfrenchfilmfestival.com\/fr\/<\/a><\/p>\n","protected":false},"excerpt":{"rendered":"<p>Fra 16. januar til 16. februar s\u00e5 kan du kose deg med aktuell fransk film uansett hvor du er i verden!\u00a0 10 franske filmer og 10 franske kortfilmer konkurrerer om publikums popularitet og du kan stemme p\u00e5 din favoritt! I tillegg byr programmet p\u00e5 2 filmer og 9 kortfilmer utenom konkurransen! Se alle filmene via [&hellip;]<\/p>\n","protected":false},"author":1,"featured_media":1363,"comment_status":"closed","ping_status":"closed","sticky":false,"template":"","format":"standard","meta":{"footnotes":""},"categories":[5],"tags":[],"class_list":["post-1365","post","type-post","status-publish","format-standard","has-post-thumbnail","hentry","category-kultur"],"yoast_head":"<!-- This site is optimized with the Yoast SEO plugin v24.2 - https:\/\/yoast.com\/wordpress\/plugins\/seo\/ -->\n<title>Delta p\u00e5 festivalen MyFrenchFilmFestival.com ! - Institut fran\u00e7ais<\/title>\n<meta name=\"robots\" content=\"index, follow, max-snippet:-1, max-image-preview:large, max-video-preview:-1\" \/>\n<link rel=\"canonical\" href=\"https:\/\/www.france.no\/no\/2020\/kultur\/delta-pa-festivalen-myfrenchfilmfestival-com\/\" \/>\n<meta property=\"og:locale\" content=\"nb_NO\" \/>\n<meta property=\"og:type\" content=\"article\" \/>\n<meta property=\"og:title\" content=\"Delta p\u00e5 festivalen MyFrenchFilmFestival.com ! - Institut fran\u00e7ais\" \/>\n<meta property=\"og:description\" content=\"Fra 16. januar til 16. februar s\u00e5 kan du kose deg med aktuell fransk film uansett hvor du er i verden!\u00a0 10 franske filmer og 10 franske kortfilmer konkurrerer om publikums popularitet og du kan stemme p\u00e5 din favoritt! I tillegg byr programmet p\u00e5 2 filmer og 9 kortfilmer utenom konkurransen! Se alle filmene via [&hellip;]\" \/>\n<meta property=\"og:url\" content=\"https:\/\/www.france.no\/no\/2020\/kultur\/delta-pa-festivalen-myfrenchfilmfestival-com\/\" \/>\n<meta property=\"og:site_name\" content=\"Institut fran\u00e7ais\" \/>\n<meta property=\"article:publisher\" content=\"https:\/\/www.facebook.com\/institutfrancaisoslo\" \/>\n<meta property=\"article:published_time\" content=\"2020-01-06T23:00:00+00:00\" \/>\n<meta property=\"article:modified_time\" content=\"2022-11-04T12:19:58+00:00\" \/>\n<meta property=\"og:image\" content=\"https:\/\/www.france.no\/wp-content\/uploads\/2022\/09\/myfrenchfilmfestival.jpg\" \/>\n\t<meta property=\"og:image:width\" content=\"1023\" \/>\n\t<meta property=\"og:image:height\" content=\"476\" \/>\n\t<meta property=\"og:image:type\" content=\"image\/jpeg\" \/>\n<meta name=\"author\" content=\"admin_ifno\" \/>\n<meta name=\"twitter:card\" content=\"summary_large_image\" \/>\n<meta name=\"twitter:creator\" content=\"@ifnorvege\" \/>\n<meta name=\"twitter:site\" content=\"@ifnorvege\" \/>\n<meta name=\"twitter:label1\" content=\"Skrevet av\" \/>\n\t<meta name=\"twitter:data1\" content=\"admin_ifno\" \/>\n\t<meta name=\"twitter:label2\" content=\"Ansl. lesetid\" \/>\n\t<meta name=\"twitter:data2\" content=\"1 minutt\" \/>\n<script type=\"application\/ld+json\" class=\"yoast-schema-graph\">{\"@context\":\"https:\/\/schema.org\",\"@graph\":[{\"@type\":\"Article\",\"@id\":\"https:\/\/www.france.no\/no\/2020\/kultur\/delta-pa-festivalen-myfrenchfilmfestival-com\/#article\",\"isPartOf\":{\"@id\":\"https:\/\/www.france.no\/no\/2020\/kultur\/delta-pa-festivalen-myfrenchfilmfestival-com\/\"},\"author\":{\"name\":\"admin_ifno\",\"@id\":\"https:\/\/www.france.no\/no\/#\/schema\/person\/4fdc0b263d8f27bb00a55f55d2fa3ab0\"},\"headline\":\"Delta p\u00e5 festivalen MyFrenchFilmFestival.com !\",\"datePublished\":\"2020-01-06T23:00:00+00:00\",\"dateModified\":\"2022-11-04T12:19:58+00:00\",\"mainEntityOfPage\":{\"@id\":\"https:\/\/www.france.no\/no\/2020\/kultur\/delta-pa-festivalen-myfrenchfilmfestival-com\/\"},\"wordCount\":95,\"publisher\":{\"@id\":\"https:\/\/www.france.no\/no\/#organization\"},\"image\":{\"@id\":\"https:\/\/www.france.no\/no\/2020\/kultur\/delta-pa-festivalen-myfrenchfilmfestival-com\/#primaryimage\"},\"thumbnailUrl\":\"https:\/\/www.france.no\/wp-content\/uploads\/2022\/09\/myfrenchfilmfestival.jpg\",\"articleSection\":[\"Kultur\"],\"inLanguage\":\"nb-NO\"},{\"@type\":\"WebPage\",\"@id\":\"https:\/\/www.france.no\/no\/2020\/kultur\/delta-pa-festivalen-myfrenchfilmfestival-com\/\",\"url\":\"https:\/\/www.france.no\/no\/2020\/kultur\/delta-pa-festivalen-myfrenchfilmfestival-com\/\",\"name\":\"Delta p\u00e5 festivalen MyFrenchFilmFestival.com ! - Institut fran\u00e7ais\",\"isPartOf\":{\"@id\":\"https:\/\/www.france.no\/no\/#website\"},\"primaryImageOfPage\":{\"@id\":\"https:\/\/www.france.no\/no\/2020\/kultur\/delta-pa-festivalen-myfrenchfilmfestival-com\/#primaryimage\"},\"image\":{\"@id\":\"https:\/\/www.france.no\/no\/2020\/kultur\/delta-pa-festivalen-myfrenchfilmfestival-com\/#primaryimage\"},\"thumbnailUrl\":\"https:\/\/www.france.no\/wp-content\/uploads\/2022\/09\/myfrenchfilmfestival.jpg\",\"datePublished\":\"2020-01-06T23:00:00+00:00\",\"dateModified\":\"2022-11-04T12:19:58+00:00\",\"breadcrumb\":{\"@id\":\"https:\/\/www.france.no\/no\/2020\/kultur\/delta-pa-festivalen-myfrenchfilmfestival-com\/#breadcrumb\"},\"inLanguage\":\"nb-NO\",\"potentialAction\":[{\"@type\":\"ReadAction\",\"target\":[\"https:\/\/www.france.no\/no\/2020\/kultur\/delta-pa-festivalen-myfrenchfilmfestival-com\/\"]}]},{\"@type\":\"ImageObject\",\"inLanguage\":\"nb-NO\",\"@id\":\"https:\/\/www.france.no\/no\/2020\/kultur\/delta-pa-festivalen-myfrenchfilmfestival-com\/#primaryimage\",\"url\":\"https:\/\/www.france.no\/wp-content\/uploads\/2022\/09\/myfrenchfilmfestival.jpg\",\"contentUrl\":\"https:\/\/www.france.no\/wp-content\/uploads\/2022\/09\/myfrenchfilmfestival.jpg\",\"width\":1023,\"height\":476},{\"@type\":\"BreadcrumbList\",\"@id\":\"https:\/\/www.france.no\/no\/2020\/kultur\/delta-pa-festivalen-myfrenchfilmfestival-com\/#breadcrumb\",\"itemListElement\":[{\"@type\":\"ListItem\",\"position\":1,\"name\":\"\",\"item\":\"https:\/\/www.france.no\/no\/\"},{\"@type\":\"ListItem\",\"position\":2,\"name\":\"Kultur\",\"item\":\"https:\/\/www.france.no\/no\/category\/kultur\/\"},{\"@type\":\"ListItem\",\"position\":3,\"name\":\"Delta p\u00e5 festivalen MyFrenchFilmFestival.com !\"}]},{\"@type\":\"WebSite\",\"@id\":\"https:\/\/www.france.no\/no\/#website\",\"url\":\"https:\/\/www.france.no\/no\/\",\"name\":\"Institut fran\u00e7ais\",\"description\":\"Norv\u00e8ge\",\"publisher\":{\"@id\":\"https:\/\/www.france.no\/no\/#organization\"},\"potentialAction\":[{\"@type\":\"SearchAction\",\"target\":{\"@type\":\"EntryPoint\",\"urlTemplate\":\"https:\/\/www.france.no\/no\/?s={search_term_string}\"},\"query-input\":{\"@type\":\"PropertyValueSpecification\",\"valueRequired\":true,\"valueName\":\"search_term_string\"}}],\"inLanguage\":\"nb-NO\"},{\"@type\":\"Organization\",\"@id\":\"https:\/\/www.france.no\/no\/#organization\",\"name\":\"Institut fran\u00e7ais\",\"url\":\"https:\/\/www.france.no\/no\/\",\"logo\":{\"@type\":\"ImageObject\",\"inLanguage\":\"nb-NO\",\"@id\":\"https:\/\/www.france.no\/no\/#\/schema\/logo\/image\/\",\"url\":\"https:\/\/www.france.no\/wp-content\/uploads\/2022\/11\/IF_Logo_Sans_Bleu_RVB.png\",\"contentUrl\":\"https:\/\/www.france.no\/wp-content\/uploads\/2022\/11\/IF_Logo_Sans_Bleu_RVB.png\",\"width\":852,\"height\":591,\"caption\":\"Institut fran\u00e7ais\"},\"image\":{\"@id\":\"https:\/\/www.france.no\/no\/#\/schema\/logo\/image\/\"},\"sameAs\":[\"https:\/\/www.facebook.com\/institutfrancaisoslo\",\"https:\/\/x.com\/ifnorvege\",\"https:\/\/instagram.com\/ifnorvege\"]},{\"@type\":\"Person\",\"@id\":\"https:\/\/www.france.no\/no\/#\/schema\/person\/4fdc0b263d8f27bb00a55f55d2fa3ab0\",\"name\":\"admin_ifno\",\"image\":{\"@type\":\"ImageObject\",\"inLanguage\":\"nb-NO\",\"@id\":\"https:\/\/www.france.no\/no\/#\/schema\/person\/image\/\",\"url\":\"https:\/\/secure.gravatar.com\/avatar\/20f70e61054e6ae673edda3c0dc13670e46e51786443041c70a7eb2da859ae2a?s=96&d=mm&r=g\",\"contentUrl\":\"https:\/\/secure.gravatar.com\/avatar\/20f70e61054e6ae673edda3c0dc13670e46e51786443041c70a7eb2da859ae2a?s=96&d=mm&r=g\",\"caption\":\"admin_ifno\"},\"sameAs\":[\"https:\/\/www.france.no\"],\"url\":\"https:\/\/www.france.no\/no\/author\/admin_ifno\/\"}]}<\/script>\n<!-- \/ Yoast SEO plugin. -->","yoast_head_json":{"title":"Delta p\u00e5 festivalen MyFrenchFilmFestival.com ! - Institut fran\u00e7ais","robots":{"index":"index","follow":"follow","max-snippet":"max-snippet:-1","max-image-preview":"max-image-preview:large","max-video-preview":"max-video-preview:-1"},"canonical":"https:\/\/www.france.no\/no\/2020\/kultur\/delta-pa-festivalen-myfrenchfilmfestival-com\/","og_locale":"nb_NO","og_type":"article","og_title":"Delta p\u00e5 festivalen MyFrenchFilmFestival.com ! - Institut fran\u00e7ais","og_description":"Fra 16. januar til 16. februar s\u00e5 kan du kose deg med aktuell fransk film uansett hvor du er i verden!\u00a0 10 franske filmer og 10 franske kortfilmer konkurrerer om publikums popularitet og du kan stemme p\u00e5 din favoritt! I tillegg byr programmet p\u00e5 2 filmer og 9 kortfilmer utenom konkurransen! Se alle filmene via [&hellip;]","og_url":"https:\/\/www.france.no\/no\/2020\/kultur\/delta-pa-festivalen-myfrenchfilmfestival-com\/","og_site_name":"Institut fran\u00e7ais","article_publisher":"https:\/\/www.facebook.com\/institutfrancaisoslo","article_published_time":"2020-01-06T23:00:00+00:00","article_modified_time":"2022-11-04T12:19:58+00:00","og_image":[{"width":1023,"height":476,"url":"https:\/\/www.france.no\/wp-content\/uploads\/2022\/09\/myfrenchfilmfestival.jpg","type":"image\/jpeg"}],"author":"admin_ifno","twitter_card":"summary_large_image","twitter_creator":"@ifnorvege","twitter_site":"@ifnorvege","twitter_misc":{"Skrevet av":"admin_ifno","Ansl. lesetid":"1 minutt"},"schema":{"@context":"https:\/\/schema.org","@graph":[{"@type":"Article","@id":"https:\/\/www.france.no\/no\/2020\/kultur\/delta-pa-festivalen-myfrenchfilmfestival-com\/#article","isPartOf":{"@id":"https:\/\/www.france.no\/no\/2020\/kultur\/delta-pa-festivalen-myfrenchfilmfestival-com\/"},"author":{"name":"admin_ifno","@id":"https:\/\/www.france.no\/no\/#\/schema\/person\/4fdc0b263d8f27bb00a55f55d2fa3ab0"},"headline":"Delta p\u00e5 festivalen MyFrenchFilmFestival.com !","datePublished":"2020-01-06T23:00:00+00:00","dateModified":"2022-11-04T12:19:58+00:00","mainEntityOfPage":{"@id":"https:\/\/www.france.no\/no\/2020\/kultur\/delta-pa-festivalen-myfrenchfilmfestival-com\/"},"wordCount":95,"publisher":{"@id":"https:\/\/www.france.no\/no\/#organization"},"image":{"@id":"https:\/\/www.france.no\/no\/2020\/kultur\/delta-pa-festivalen-myfrenchfilmfestival-com\/#primaryimage"},"thumbnailUrl":"https:\/\/www.france.no\/wp-content\/uploads\/2022\/09\/myfrenchfilmfestival.jpg","articleSection":["Kultur"],"inLanguage":"nb-NO"},{"@type":"WebPage","@id":"https:\/\/www.france.no\/no\/2020\/kultur\/delta-pa-festivalen-myfrenchfilmfestival-com\/","url":"https:\/\/www.france.no\/no\/2020\/kultur\/delta-pa-festivalen-myfrenchfilmfestival-com\/","name":"Delta p\u00e5 festivalen MyFrenchFilmFestival.com ! - Institut fran\u00e7ais","isPartOf":{"@id":"https:\/\/www.france.no\/no\/#website"},"primaryImageOfPage":{"@id":"https:\/\/www.france.no\/no\/2020\/kultur\/delta-pa-festivalen-myfrenchfilmfestival-com\/#primaryimage"},"image":{"@id":"https:\/\/www.france.no\/no\/2020\/kultur\/delta-pa-festivalen-myfrenchfilmfestival-com\/#primaryimage"},"thumbnailUrl":"https:\/\/www.france.no\/wp-content\/uploads\/2022\/09\/myfrenchfilmfestival.jpg","datePublished":"2020-01-06T23:00:00+00:00","dateModified":"2022-11-04T12:19:58+00:00","breadcrumb":{"@id":"https:\/\/www.france.no\/no\/2020\/kultur\/delta-pa-festivalen-myfrenchfilmfestival-com\/#breadcrumb"},"inLanguage":"nb-NO","potentialAction":[{"@type":"ReadAction","target":["https:\/\/www.france.no\/no\/2020\/kultur\/delta-pa-festivalen-myfrenchfilmfestival-com\/"]}]},{"@type":"ImageObject","inLanguage":"nb-NO","@id":"https:\/\/www.france.no\/no\/2020\/kultur\/delta-pa-festivalen-myfrenchfilmfestival-com\/#primaryimage","url":"https:\/\/www.france.no\/wp-content\/uploads\/2022\/09\/myfrenchfilmfestival.jpg","contentUrl":"https:\/\/www.france.no\/wp-content\/uploads\/2022\/09\/myfrenchfilmfestival.jpg","width":1023,"height":476},{"@type":"BreadcrumbList","@id":"https:\/\/www.france.no\/no\/2020\/kultur\/delta-pa-festivalen-myfrenchfilmfestival-com\/#breadcrumb","itemListElement":[{"@type":"ListItem","position":1,"name":"","item":"https:\/\/www.france.no\/no\/"},{"@type":"ListItem","position":2,"name":"Kultur","item":"https:\/\/www.france.no\/no\/category\/kultur\/"},{"@type":"ListItem","position":3,"name":"Delta p\u00e5 festivalen MyFrenchFilmFestival.com !"}]},{"@type":"WebSite","@id":"https:\/\/www.france.no\/no\/#website","url":"https:\/\/www.france.no\/no\/","name":"Institut fran\u00e7ais","description":"Norv\u00e8ge","publisher":{"@id":"https:\/\/www.france.no\/no\/#organization"},"potentialAction":[{"@type":"SearchAction","target":{"@type":"EntryPoint","urlTemplate":"https:\/\/www.france.no\/no\/?s={search_term_string}"},"query-input":{"@type":"PropertyValueSpecification","valueRequired":true,"valueName":"search_term_string"}}],"inLanguage":"nb-NO"},{"@type":"Organization","@id":"https:\/\/www.france.no\/no\/#organization","name":"Institut fran\u00e7ais","url":"https:\/\/www.france.no\/no\/","logo":{"@type":"ImageObject","inLanguage":"nb-NO","@id":"https:\/\/www.france.no\/no\/#\/schema\/logo\/image\/","url":"https:\/\/www.france.no\/wp-content\/uploads\/2022\/11\/IF_Logo_Sans_Bleu_RVB.png","contentUrl":"https:\/\/www.france.no\/wp-content\/uploads\/2022\/11\/IF_Logo_Sans_Bleu_RVB.png","width":852,"height":591,"caption":"Institut fran\u00e7ais"},"image":{"@id":"https:\/\/www.france.no\/no\/#\/schema\/logo\/image\/"},"sameAs":["https:\/\/www.facebook.com\/institutfrancaisoslo","https:\/\/x.com\/ifnorvege","https:\/\/instagram.com\/ifnorvege"]},{"@type":"Person","@id":"https:\/\/www.france.no\/no\/#\/schema\/person\/4fdc0b263d8f27bb00a55f55d2fa3ab0","name":"admin_ifno","image":{"@type":"ImageObject","inLanguage":"nb-NO","@id":"https:\/\/www.france.no\/no\/#\/schema\/person\/image\/","url":"https:\/\/secure.gravatar.com\/avatar\/20f70e61054e6ae673edda3c0dc13670e46e51786443041c70a7eb2da859ae2a?s=96&d=mm&r=g","contentUrl":"https:\/\/secure.gravatar.com\/avatar\/20f70e61054e6ae673edda3c0dc13670e46e51786443041c70a7eb2da859ae2a?s=96&d=mm&r=g","caption":"admin_ifno"},"sameAs":["https:\/\/www.france.no"],"url":"https:\/\/www.france.no\/no\/author\/admin_ifno\/"}]}},"_links":{"self":[{"href":"https:\/\/www.france.no\/no\/wp-json\/wp\/v2\/posts\/1365","targetHints":{"allow":["GET"]}}],"collection":[{"href":"https:\/\/www.france.no\/no\/wp-json\/wp\/v2\/posts"}],"about":[{"href":"https:\/\/www.france.no\/no\/wp-json\/wp\/v2\/types\/post"}],"author":[{"embeddable":true,"href":"https:\/\/www.france.no\/no\/wp-json\/wp\/v2\/users\/1"}],"replies":[{"embeddable":true,"href":"https:\/\/www.france.no\/no\/wp-json\/wp\/v2\/comments?post=1365"}],"version-history":[{"count":2,"href":"https:\/\/www.france.no\/no\/wp-json\/wp\/v2\/posts\/1365\/revisions"}],"predecessor-version":[{"id":1730,"href":"https:\/\/www.france.no\/no\/wp-json\/wp\/v2\/posts\/1365\/revisions\/1730"}],"wp:featuredmedia":[{"embeddable":true,"href":"https:\/\/www.france.no\/no\/wp-json\/wp\/v2\/media\/1363"}],"wp:attachment":[{"href":"https:\/\/www.france.no\/no\/wp-json\/wp\/v2\/media?parent=1365"}],"wp:term":[{"taxonomy":"category","embeddable":true,"href":"https:\/\/www.france.no\/no\/wp-json\/wp\/v2\/categories?post=1365"},{"taxonomy":"post_tag","embeddable":true,"href":"https:\/\/www.france.no\/no\/wp-json\/wp\/v2\/tags?post=1365"}],"curies":[{"name":"wp","href":"https:\/\/api.w.org\/{rel}","templated":true}]}}