{"id":13989,"date":"2025-05-09T15:44:29","date_gmt":"2025-05-09T13:44:29","guid":{"rendered":"https:\/\/www.france.no\/?p=13989"},"modified":"2025-08-27T16:28:26","modified_gmt":"2025-08-27T14:28:26","slug":"filmen-bonnard-pierre-marthe-i-oslo","status":"publish","type":"post","link":"https:\/\/www.france.no\/no\/2025\/kultur\/filmen-bonnard-pierre-marthe-i-oslo\/","title":{"rendered":"Filmen &laquo;Bonnard: Pierre &amp; Marthe&raquo; i Oslo"},"content":{"rendered":"\n<p><em>Cinemateket <\/em>viser den franske filmen <em>Bonnard: Pierre &amp; Marthe<\/em> \u2013 en poetisk og visuelt sl\u00e5ende fortelling om kunstneren Pierre Bonnard og hans livsledsager Marthe de M\u00e9ligny.<\/p>\n\n\n\n<p>Regissert av <strong>Martin Provost<\/strong>, og med <strong>Vincent Macaigne<\/strong> og <strong>C\u00e9cile de France<\/strong> i hovedrollene, gir filmen et n\u00e6rt innblikk i det lidenskapelige, men kompliserte forholdet mellom maler og hans muse.<\/p>\n\n\n\n<p><em>Bonnard, Pierre &amp; Marthe<\/em><br>\ud83d\udccd Cinemateket i Oslo<br>\ud83d\uddd3\ufe0f Dato: 25.05.2025<br>\u23f0 18:00 Spilletid: 2t 2m<\/p>\n\n\n\n<p>\ud83c\udf9e\ufe0f Fransk tale med engelske undertekster<br>\ud83c\udf9f\ufe0f Kj\u00f8p billetter <a href=\"https:\/\/www.cinemateket.no\/filmer\/bonnard-pierre-marthe\" target=\"_blank\" rel=\"noreferrer noopener\">her<\/a><\/p>\n\n\n\n<p><strong>Bonnard og Norden<\/strong><\/p>\n\n\n\n<p>Visningen av <em>Bonnard: Pierre &amp; Marthe<\/em> sammenfaller med den store utstillingen \u00abBonnard og Norden\u00bb, som vises p\u00e5 Lillehammer Kunstmuseum fra 14. juni til 19. oktober. Utstillingen \u2013 den f\u00f8rste i sitt slag p\u00e5 85 \u00e5r i Norge \u2013 bringer nesten 100 verk av Bonnard til landet.<\/p>\n\n\n\n<p><\/p>\n","protected":false},"excerpt":{"rendered":"<p>Cinemateket viser den franske filmen Bonnard: Pierre &amp; Marthe \u2013 en poetisk og visuelt sl\u00e5ende fortelling om kunstneren Pierre Bonnard og hans livsledsager Marthe de M\u00e9ligny. Regissert av Martin Provost, og med Vincent Macaigne og C\u00e9cile de France i hovedrollene, gir filmen et n\u00e6rt innblikk i det lidenskapelige, men kompliserte forholdet mellom maler og hans [&hellip;]<\/p>\n","protected":false},"author":7,"featured_media":13977,"comment_status":"closed","ping_status":"closed","sticky":false,"template":"","format":"standard","meta":{"footnotes":""},"categories":[31,5],"tags":[708,577,717,705,702,610,711,714],"class_list":["post-13989","post","type-post","status-publish","format-standard","has-post-thumbnail","hentry","category-film","category-kultur","tag-bonnard-2","tag-cinema-no","tag-cinemateket-2","tag-film-2","tag-kino","tag-kunst","tag-lillehammer-2","tag-oslo-2"],"yoast_head":"<!-- This site is optimized with the Yoast SEO plugin v24.2 - https:\/\/yoast.com\/wordpress\/plugins\/seo\/ -->\n<title>Filmen &quot;Bonnard: Pierre &amp; Marthe&quot; i Oslo - Institut fran\u00e7ais<\/title>\n<meta name=\"robots\" content=\"index, follow, max-snippet:-1, max-image-preview:large, max-video-preview:-1\" \/>\n<link rel=\"canonical\" href=\"https:\/\/www.france.no\/no\/2025\/kultur\/filmen-bonnard-pierre-marthe-i-oslo\/\" \/>\n<meta property=\"og:locale\" content=\"nb_NO\" \/>\n<meta property=\"og:type\" content=\"article\" \/>\n<meta property=\"og:title\" content=\"Filmen &quot;Bonnard: Pierre &amp; Marthe&quot; i Oslo - Institut fran\u00e7ais\" \/>\n<meta property=\"og:description\" content=\"Cinemateket viser den franske filmen Bonnard: Pierre &amp; Marthe \u2013 en poetisk og visuelt sl\u00e5ende fortelling om kunstneren Pierre Bonnard og hans livsledsager Marthe de M\u00e9ligny. Regissert av Martin Provost, og med Vincent Macaigne og C\u00e9cile de France i hovedrollene, gir filmen et n\u00e6rt innblikk i det lidenskapelige, men kompliserte forholdet mellom maler og hans [&hellip;]\" \/>\n<meta property=\"og:url\" content=\"https:\/\/www.france.no\/no\/2025\/kultur\/filmen-bonnard-pierre-marthe-i-oslo\/\" \/>\n<meta property=\"og:site_name\" content=\"Institut fran\u00e7ais\" \/>\n<meta property=\"article:publisher\" content=\"https:\/\/www.facebook.com\/institutfrancaisoslo\" \/>\n<meta property=\"article:published_time\" content=\"2025-05-09T13:44:29+00:00\" \/>\n<meta property=\"article:modified_time\" content=\"2025-08-27T14:28:26+00:00\" \/>\n<meta property=\"og:image\" content=\"https:\/\/www.france.no\/wp-content\/uploads\/2025\/05\/Bonnard-Pierre-Marthe-1098x617.jpeg\" \/>\n\t<meta property=\"og:image:width\" content=\"1200\" \/>\n\t<meta property=\"og:image:height\" content=\"649\" \/>\n\t<meta property=\"og:image:type\" content=\"image\/jpeg\" \/>\n<meta name=\"author\" content=\"P\u00f4le Culture\" \/>\n<meta name=\"twitter:card\" content=\"summary_large_image\" \/>\n<meta name=\"twitter:creator\" content=\"@ifnorvege\" \/>\n<meta name=\"twitter:site\" content=\"@ifnorvege\" \/>\n<meta name=\"twitter:label1\" content=\"Skrevet av\" \/>\n\t<meta name=\"twitter:data1\" content=\"P\u00f4le Culture\" \/>\n\t<meta name=\"twitter:label2\" content=\"Ansl. lesetid\" \/>\n\t<meta name=\"twitter:data2\" content=\"1 minutt\" \/>\n<script type=\"application\/ld+json\" class=\"yoast-schema-graph\">{\"@context\":\"https:\/\/schema.org\",\"@graph\":[{\"@type\":\"Article\",\"@id\":\"https:\/\/www.france.no\/no\/2025\/kultur\/filmen-bonnard-pierre-marthe-i-oslo\/#article\",\"isPartOf\":{\"@id\":\"https:\/\/www.france.no\/no\/2025\/kultur\/filmen-bonnard-pierre-marthe-i-oslo\/\"},\"author\":{\"name\":\"P\u00f4le Culture\",\"@id\":\"https:\/\/www.france.no\/no\/#\/schema\/person\/f6f2e83d2a7f2c00c98640d08425faa5\"},\"headline\":\"Filmen &laquo;Bonnard: Pierre &amp; Marthe&raquo; i Oslo\",\"datePublished\":\"2025-05-09T13:44:29+00:00\",\"dateModified\":\"2025-08-27T14:28:26+00:00\",\"mainEntityOfPage\":{\"@id\":\"https:\/\/www.france.no\/no\/2025\/kultur\/filmen-bonnard-pierre-marthe-i-oslo\/\"},\"wordCount\":130,\"publisher\":{\"@id\":\"https:\/\/www.france.no\/no\/#organization\"},\"image\":{\"@id\":\"https:\/\/www.france.no\/no\/2025\/kultur\/filmen-bonnard-pierre-marthe-i-oslo\/#primaryimage\"},\"thumbnailUrl\":\"https:\/\/www.france.no\/wp-content\/uploads\/2025\/05\/Bonnard-Pierre-Marthe-1098x617.jpeg\",\"keywords\":[\"Bonnard\",\"Cin\u00e9ma\",\"Cinemateket\",\"Film\",\"Kino\",\"Kunst\",\"Lillehammer\",\"Oslo\"],\"articleSection\":[\"Film\",\"Kultur\"],\"inLanguage\":\"nb-NO\"},{\"@type\":\"WebPage\",\"@id\":\"https:\/\/www.france.no\/no\/2025\/kultur\/filmen-bonnard-pierre-marthe-i-oslo\/\",\"url\":\"https:\/\/www.france.no\/no\/2025\/kultur\/filmen-bonnard-pierre-marthe-i-oslo\/\",\"name\":\"Filmen \\\"Bonnard: Pierre &amp; Marthe\\\" i Oslo - Institut fran\u00e7ais\",\"isPartOf\":{\"@id\":\"https:\/\/www.france.no\/no\/#website\"},\"primaryImageOfPage\":{\"@id\":\"https:\/\/www.france.no\/no\/2025\/kultur\/filmen-bonnard-pierre-marthe-i-oslo\/#primaryimage\"},\"image\":{\"@id\":\"https:\/\/www.france.no\/no\/2025\/kultur\/filmen-bonnard-pierre-marthe-i-oslo\/#primaryimage\"},\"thumbnailUrl\":\"https:\/\/www.france.no\/wp-content\/uploads\/2025\/05\/Bonnard-Pierre-Marthe-1098x617.jpeg\",\"datePublished\":\"2025-05-09T13:44:29+00:00\",\"dateModified\":\"2025-08-27T14:28:26+00:00\",\"breadcrumb\":{\"@id\":\"https:\/\/www.france.no\/no\/2025\/kultur\/filmen-bonnard-pierre-marthe-i-oslo\/#breadcrumb\"},\"inLanguage\":\"nb-NO\",\"potentialAction\":[{\"@type\":\"ReadAction\",\"target\":[\"https:\/\/www.france.no\/no\/2025\/kultur\/filmen-bonnard-pierre-marthe-i-oslo\/\"]}]},{\"@type\":\"ImageObject\",\"inLanguage\":\"nb-NO\",\"@id\":\"https:\/\/www.france.no\/no\/2025\/kultur\/filmen-bonnard-pierre-marthe-i-oslo\/#primaryimage\",\"url\":\"https:\/\/www.france.no\/wp-content\/uploads\/2025\/05\/Bonnard-Pierre-Marthe-1098x617.jpeg\",\"contentUrl\":\"https:\/\/www.france.no\/wp-content\/uploads\/2025\/05\/Bonnard-Pierre-Marthe-1098x617.jpeg\",\"width\":1200,\"height\":649},{\"@type\":\"BreadcrumbList\",\"@id\":\"https:\/\/www.france.no\/no\/2025\/kultur\/filmen-bonnard-pierre-marthe-i-oslo\/#breadcrumb\",\"itemListElement\":[{\"@type\":\"ListItem\",\"position\":1,\"name\":\"\",\"item\":\"https:\/\/www.france.no\/no\/\"},{\"@type\":\"ListItem\",\"position\":2,\"name\":\"Filmen \u00ab\u00a0Bonnard: Pierre &amp; Marthe\u00a0\u00bb i Oslo\"}]},{\"@type\":\"WebSite\",\"@id\":\"https:\/\/www.france.no\/no\/#website\",\"url\":\"https:\/\/www.france.no\/no\/\",\"name\":\"Institut fran\u00e7ais\",\"description\":\"Norv\u00e8ge\",\"publisher\":{\"@id\":\"https:\/\/www.france.no\/no\/#organization\"},\"potentialAction\":[{\"@type\":\"SearchAction\",\"target\":{\"@type\":\"EntryPoint\",\"urlTemplate\":\"https:\/\/www.france.no\/no\/?s={search_term_string}\"},\"query-input\":{\"@type\":\"PropertyValueSpecification\",\"valueRequired\":true,\"valueName\":\"search_term_string\"}}],\"inLanguage\":\"nb-NO\"},{\"@type\":\"Organization\",\"@id\":\"https:\/\/www.france.no\/no\/#organization\",\"name\":\"Institut fran\u00e7ais\",\"url\":\"https:\/\/www.france.no\/no\/\",\"logo\":{\"@type\":\"ImageObject\",\"inLanguage\":\"nb-NO\",\"@id\":\"https:\/\/www.france.no\/no\/#\/schema\/logo\/image\/\",\"url\":\"https:\/\/www.france.no\/wp-content\/uploads\/2022\/11\/IF_Logo_Sans_Bleu_RVB.png\",\"contentUrl\":\"https:\/\/www.france.no\/wp-content\/uploads\/2022\/11\/IF_Logo_Sans_Bleu_RVB.png\",\"width\":852,\"height\":591,\"caption\":\"Institut fran\u00e7ais\"},\"image\":{\"@id\":\"https:\/\/www.france.no\/no\/#\/schema\/logo\/image\/\"},\"sameAs\":[\"https:\/\/www.facebook.com\/institutfrancaisoslo\",\"https:\/\/x.com\/ifnorvege\",\"https:\/\/instagram.com\/ifnorvege\"]},{\"@type\":\"Person\",\"@id\":\"https:\/\/www.france.no\/no\/#\/schema\/person\/f6f2e83d2a7f2c00c98640d08425faa5\",\"name\":\"P\u00f4le Culture\",\"image\":{\"@type\":\"ImageObject\",\"inLanguage\":\"nb-NO\",\"@id\":\"https:\/\/www.france.no\/no\/#\/schema\/person\/image\/\",\"url\":\"https:\/\/secure.gravatar.com\/avatar\/393f1205dc3c418de8a49006efcc39b061c1e8faaf01f28209c4576072d34b99?s=96&d=mm&r=g\",\"contentUrl\":\"https:\/\/secure.gravatar.com\/avatar\/393f1205dc3c418de8a49006efcc39b061c1e8faaf01f28209c4576072d34b99?s=96&d=mm&r=g\",\"caption\":\"P\u00f4le Culture\"},\"url\":\"https:\/\/www.france.no\/no\/author\/polecult\/\"}]}<\/script>\n<!-- \/ Yoast SEO plugin. -->","yoast_head_json":{"title":"Filmen \"Bonnard: Pierre &amp; Marthe\" i Oslo - Institut fran\u00e7ais","robots":{"index":"index","follow":"follow","max-snippet":"max-snippet:-1","max-image-preview":"max-image-preview:large","max-video-preview":"max-video-preview:-1"},"canonical":"https:\/\/www.france.no\/no\/2025\/kultur\/filmen-bonnard-pierre-marthe-i-oslo\/","og_locale":"nb_NO","og_type":"article","og_title":"Filmen \"Bonnard: Pierre &amp; Marthe\" i Oslo - Institut fran\u00e7ais","og_description":"Cinemateket viser den franske filmen Bonnard: Pierre &amp; Marthe \u2013 en poetisk og visuelt sl\u00e5ende fortelling om kunstneren Pierre Bonnard og hans livsledsager Marthe de M\u00e9ligny. Regissert av Martin Provost, og med Vincent Macaigne og C\u00e9cile de France i hovedrollene, gir filmen et n\u00e6rt innblikk i det lidenskapelige, men kompliserte forholdet mellom maler og hans [&hellip;]","og_url":"https:\/\/www.france.no\/no\/2025\/kultur\/filmen-bonnard-pierre-marthe-i-oslo\/","og_site_name":"Institut fran\u00e7ais","article_publisher":"https:\/\/www.facebook.com\/institutfrancaisoslo","article_published_time":"2025-05-09T13:44:29+00:00","article_modified_time":"2025-08-27T14:28:26+00:00","og_image":[{"width":1200,"height":649,"url":"https:\/\/www.france.no\/wp-content\/uploads\/2025\/05\/Bonnard-Pierre-Marthe-1098x617.jpeg","type":"image\/jpeg"}],"author":"P\u00f4le Culture","twitter_card":"summary_large_image","twitter_creator":"@ifnorvege","twitter_site":"@ifnorvege","twitter_misc":{"Skrevet av":"P\u00f4le Culture","Ansl. lesetid":"1 minutt"},"schema":{"@context":"https:\/\/schema.org","@graph":[{"@type":"Article","@id":"https:\/\/www.france.no\/no\/2025\/kultur\/filmen-bonnard-pierre-marthe-i-oslo\/#article","isPartOf":{"@id":"https:\/\/www.france.no\/no\/2025\/kultur\/filmen-bonnard-pierre-marthe-i-oslo\/"},"author":{"name":"P\u00f4le Culture","@id":"https:\/\/www.france.no\/no\/#\/schema\/person\/f6f2e83d2a7f2c00c98640d08425faa5"},"headline":"Filmen &laquo;Bonnard: Pierre &amp; Marthe&raquo; i Oslo","datePublished":"2025-05-09T13:44:29+00:00","dateModified":"2025-08-27T14:28:26+00:00","mainEntityOfPage":{"@id":"https:\/\/www.france.no\/no\/2025\/kultur\/filmen-bonnard-pierre-marthe-i-oslo\/"},"wordCount":130,"publisher":{"@id":"https:\/\/www.france.no\/no\/#organization"},"image":{"@id":"https:\/\/www.france.no\/no\/2025\/kultur\/filmen-bonnard-pierre-marthe-i-oslo\/#primaryimage"},"thumbnailUrl":"https:\/\/www.france.no\/wp-content\/uploads\/2025\/05\/Bonnard-Pierre-Marthe-1098x617.jpeg","keywords":["Bonnard","Cin\u00e9ma","Cinemateket","Film","Kino","Kunst","Lillehammer","Oslo"],"articleSection":["Film","Kultur"],"inLanguage":"nb-NO"},{"@type":"WebPage","@id":"https:\/\/www.france.no\/no\/2025\/kultur\/filmen-bonnard-pierre-marthe-i-oslo\/","url":"https:\/\/www.france.no\/no\/2025\/kultur\/filmen-bonnard-pierre-marthe-i-oslo\/","name":"Filmen \"Bonnard: Pierre &amp; Marthe\" i Oslo - Institut fran\u00e7ais","isPartOf":{"@id":"https:\/\/www.france.no\/no\/#website"},"primaryImageOfPage":{"@id":"https:\/\/www.france.no\/no\/2025\/kultur\/filmen-bonnard-pierre-marthe-i-oslo\/#primaryimage"},"image":{"@id":"https:\/\/www.france.no\/no\/2025\/kultur\/filmen-bonnard-pierre-marthe-i-oslo\/#primaryimage"},"thumbnailUrl":"https:\/\/www.france.no\/wp-content\/uploads\/2025\/05\/Bonnard-Pierre-Marthe-1098x617.jpeg","datePublished":"2025-05-09T13:44:29+00:00","dateModified":"2025-08-27T14:28:26+00:00","breadcrumb":{"@id":"https:\/\/www.france.no\/no\/2025\/kultur\/filmen-bonnard-pierre-marthe-i-oslo\/#breadcrumb"},"inLanguage":"nb-NO","potentialAction":[{"@type":"ReadAction","target":["https:\/\/www.france.no\/no\/2025\/kultur\/filmen-bonnard-pierre-marthe-i-oslo\/"]}]},{"@type":"ImageObject","inLanguage":"nb-NO","@id":"https:\/\/www.france.no\/no\/2025\/kultur\/filmen-bonnard-pierre-marthe-i-oslo\/#primaryimage","url":"https:\/\/www.france.no\/wp-content\/uploads\/2025\/05\/Bonnard-Pierre-Marthe-1098x617.jpeg","contentUrl":"https:\/\/www.france.no\/wp-content\/uploads\/2025\/05\/Bonnard-Pierre-Marthe-1098x617.jpeg","width":1200,"height":649},{"@type":"BreadcrumbList","@id":"https:\/\/www.france.no\/no\/2025\/kultur\/filmen-bonnard-pierre-marthe-i-oslo\/#breadcrumb","itemListElement":[{"@type":"ListItem","position":1,"name":"","item":"https:\/\/www.france.no\/no\/"},{"@type":"ListItem","position":2,"name":"Filmen \u00ab\u00a0Bonnard: Pierre &amp; Marthe\u00a0\u00bb i Oslo"}]},{"@type":"WebSite","@id":"https:\/\/www.france.no\/no\/#website","url":"https:\/\/www.france.no\/no\/","name":"Institut fran\u00e7ais","description":"Norv\u00e8ge","publisher":{"@id":"https:\/\/www.france.no\/no\/#organization"},"potentialAction":[{"@type":"SearchAction","target":{"@type":"EntryPoint","urlTemplate":"https:\/\/www.france.no\/no\/?s={search_term_string}"},"query-input":{"@type":"PropertyValueSpecification","valueRequired":true,"valueName":"search_term_string"}}],"inLanguage":"nb-NO"},{"@type":"Organization","@id":"https:\/\/www.france.no\/no\/#organization","name":"Institut fran\u00e7ais","url":"https:\/\/www.france.no\/no\/","logo":{"@type":"ImageObject","inLanguage":"nb-NO","@id":"https:\/\/www.france.no\/no\/#\/schema\/logo\/image\/","url":"https:\/\/www.france.no\/wp-content\/uploads\/2022\/11\/IF_Logo_Sans_Bleu_RVB.png","contentUrl":"https:\/\/www.france.no\/wp-content\/uploads\/2022\/11\/IF_Logo_Sans_Bleu_RVB.png","width":852,"height":591,"caption":"Institut fran\u00e7ais"},"image":{"@id":"https:\/\/www.france.no\/no\/#\/schema\/logo\/image\/"},"sameAs":["https:\/\/www.facebook.com\/institutfrancaisoslo","https:\/\/x.com\/ifnorvege","https:\/\/instagram.com\/ifnorvege"]},{"@type":"Person","@id":"https:\/\/www.france.no\/no\/#\/schema\/person\/f6f2e83d2a7f2c00c98640d08425faa5","name":"P\u00f4le Culture","image":{"@type":"ImageObject","inLanguage":"nb-NO","@id":"https:\/\/www.france.no\/no\/#\/schema\/person\/image\/","url":"https:\/\/secure.gravatar.com\/avatar\/393f1205dc3c418de8a49006efcc39b061c1e8faaf01f28209c4576072d34b99?s=96&d=mm&r=g","contentUrl":"https:\/\/secure.gravatar.com\/avatar\/393f1205dc3c418de8a49006efcc39b061c1e8faaf01f28209c4576072d34b99?s=96&d=mm&r=g","caption":"P\u00f4le Culture"},"url":"https:\/\/www.france.no\/no\/author\/polecult\/"}]}},"_links":{"self":[{"href":"https:\/\/www.france.no\/no\/wp-json\/wp\/v2\/posts\/13989","targetHints":{"allow":["GET"]}}],"collection":[{"href":"https:\/\/www.france.no\/no\/wp-json\/wp\/v2\/posts"}],"about":[{"href":"https:\/\/www.france.no\/no\/wp-json\/wp\/v2\/types\/post"}],"author":[{"embeddable":true,"href":"https:\/\/www.france.no\/no\/wp-json\/wp\/v2\/users\/7"}],"replies":[{"embeddable":true,"href":"https:\/\/www.france.no\/no\/wp-json\/wp\/v2\/comments?post=13989"}],"version-history":[{"count":2,"href":"https:\/\/www.france.no\/no\/wp-json\/wp\/v2\/posts\/13989\/revisions"}],"predecessor-version":[{"id":14007,"href":"https:\/\/www.france.no\/no\/wp-json\/wp\/v2\/posts\/13989\/revisions\/14007"}],"wp:featuredmedia":[{"embeddable":true,"href":"https:\/\/www.france.no\/no\/wp-json\/wp\/v2\/media\/13977"}],"wp:attachment":[{"href":"https:\/\/www.france.no\/no\/wp-json\/wp\/v2\/media?parent=13989"}],"wp:term":[{"taxonomy":"category","embeddable":true,"href":"https:\/\/www.france.no\/no\/wp-json\/wp\/v2\/categories?post=13989"},{"taxonomy":"post_tag","embeddable":true,"href":"https:\/\/www.france.no\/no\/wp-json\/wp\/v2\/tags?post=13989"}],"curies":[{"name":"wp","href":"https:\/\/api.w.org\/{rel}","templated":true}]}}