{"id":1415,"date":"2020-03-02T00:00:00","date_gmt":"2020-03-01T23:00:00","guid":{"rendered":"https:\/\/www.france.no\/2020\/kultur\/costa-gavras-mest-kjente-filmer-pa-cinemateker-rundt-i-norge\/"},"modified":"2020-03-02T00:00:00","modified_gmt":"2020-03-01T23:00:00","slug":"costa-gavras-mest-kjente-filmer-pa-cinemateker-rundt-i-norge","status":"publish","type":"post","link":"https:\/\/www.france.no\/no\/2020\/kultur\/costa-gavras-mest-kjente-filmer-pa-cinemateker-rundt-i-norge\/","title":{"rendered":"Costa-Gavras mest kjente filmer p\u00e5 Cinemateker rundt i Norge"},"content":{"rendered":"<p class=\"chapo\">I samarbeid med en rekke cinemateker rundt i Norge har vi gleden av \u00e5 vise de store film-klassikerne til den legendariske regiss\u00f8ren Costa-Gavra fra 3. mars til 2. april.<!--more--><\/p>\n<p>Costa-Gavras har siden 1960-tallet v\u00e6rt et av de toneangivende navnene i b\u00e5de europeisk og amerikansk film, kjent for sine intelligente og engasjerende thrillere som tar utgangspunkt i politiske eller historiske forhold. Dette er anledningen til \u00e5 se fire av hans mest kjente filmer.<\/p>\n<p><strong>&#8211; Sovevognsmordet (1965)<\/strong> : P\u00e5 et nattog med kurs for Paris, f\u00f8rer en raknet nylonstr\u00f8mpe til at to ungdommer blir kjent. Bambi er en bollekinnet, temperamentsfull jente p\u00e5 vei til hovedstaden for \u00e5 begynne i ny jobb som sekret\u00e6r. Daniel er p\u00e5 flukt etter en mislykket eksamen, kun utrustet med sin mors skjerf,\u00a0<em>Das Kapital<\/em>\u00a0i kofferten og en karakteristisk klossete benf\u00f8ring. Bambi lar sin billettl\u00f8se venn f\u00e5 l\u00e5ne en ledig k\u00f8ye i kup\u00e9 to, som hun deler med en fallert skuespillerinne, en svett forhandler av kj\u00f8kkenutstyr, en forf\u00f8rerisk kosmetikkselgerske og en anonym mann i dress.<\/p>\n<p><strong>&#8211; Den trettende fangen (1967) :<\/strong> I 1943, i fjellomr\u00e5det Cevennene, blir 12 franske soldater som er d\u00f8mt til d\u00f8den i en tysk fangeleir reddet av en motstandsgruppe. Men etter \u00e5 ha kommet seg unna, oppdager man at det har blitt med en mann for mye. Hvem er den 13. mannen? N\u00e5r den 13. fangen gir seg til kjenne, oppst\u00e5r nye dilemmaer. Hva skal de gj\u00f8re med ham? Krigssituasjonen f\u00f8rer alle de involverte inn i et moralsk minefelt.<\/p>\n<p><strong>&#8211; Z (1969) :<\/strong> I 1968, etter nesten to \u00e5rs slit for \u00e5 skaffe finansiering, lykkes det Costa-Gavras \u00e5 starte produksjonen av\u00a0<em>Z<\/em>. Temaet for filmen var uten tvil \u00e5rsaken til at s\u00e5 mange kviet seg for \u00e5 st\u00f8tte prosjektet. Basert p\u00e5 en bok av eksil-grekeren Vassili Vassilikos er\u00a0<em>Z\u00a0<\/em>den sanne historien om rettssaken rundt drapet p\u00e5 Grigorios Lambrakis. N\u00e6rmere etterforskning viste at Lambrakis d\u00f8d var en ren likvidering og at den var utf\u00f8rt av h\u00f8ytst\u00e5ende politioffiserer p\u00e5 kommando fra det tiltredende milit\u00e6rregimet i Hellas. Lambrakis-saken ble et politisk sv\u00e6rt betent tema b\u00e5de innenfor og utenfor Hellas\u2019 grenser da den kom opp i 1963. Landet hvor handlingen i\u00a0<em>Z\u00a0<\/em>foreg\u00e5r nevnes ikke en eneste gang, men Costa-Gavras har gjort det umulig \u00e5 misforst\u00e5 at det er hans eget f\u00f8deland det er snakk om. Filmen ble selvsagt forbudt av datidens regjerende milit\u00e6rjunta i Hellas og forsterket regiss\u00f8rens status som persona non grata i Hellas.<\/p>\n<p><strong>&#8211; Tilst\u00e5elsen (1970) :<\/strong> Yves Montand spiller en h\u00f8ytst\u00e5ende og partitro tsjekkoslovakisk politiker som plutselig blir arrestert. Han holdes isolert i m\u00e5nedvis og utsettes for ulike former for tortur og hjernevasking. Han f\u00e5r ikke lov til \u00e5 v\u00e6re i ro i cellen, ei heller sove eller spise ordentlig. Til slutt tilst\u00e5r han n\u00e6rmest hva som helst. For som partiet sier: \u00ab\u00c5 tilst\u00e5 er den h\u00f8yeste form for selvkritikk\u00bb.<\/p>\n<p>&nbsp;<\/p>\n<p>Detaljert program for visningene :<\/p>\n<p>Oslo Cinematek <br \/>\n&#8211; Sovevognsmordet: 3.,4. og 6. mars <br \/>\n&#8211; Den trettende fangen: 10., 13. og 15. mars <br \/>\n&#8211; Z: 18., 20. og 25. mars <br \/>\n&#8211; Tilst\u00e5elsen: 27., 31. mars og 2. april<\/p>\n<p>Trondheim Cinematek <br \/>\n&#8211; Sovevognsmordet: 3., 7. og 12. mars <br \/>\n&#8211; Den trettende fangen: 4. og 15. mars <br \/>\n&#8211; Z: 5. og 13. mars <br \/>\n&#8211; Tilst\u00e5elsen: 6. og 18. mars<\/p>\n<p>Visningen av <strong>Sovevognsmordet<\/strong> andre steder:<\/p>\n<p>Stavanger: 5. og 10. mars <br \/>\nBergen: 4., 5. og 8. mars <br \/>\nLillehammer: 5. og 11. mars <br \/>\nTroms\u00f8: 5. og 9. mars.<\/p>\n<p>Mer info : <br \/>\nI Oslo: https:\/\/www.cinemateket.no\/ <br \/>\nI Trondheim: http:\/\/www.cinemateket-trondheim.no\/ <br \/>\nI Stavanger: https:\/\/www.xn--slvberget-l8a.no\/Anbefalinger\/Filmtips\/Soelvberget-cinematek-vaaren-2020\/(language)\/nor-NO <br \/>\nI Bergen: https:\/\/www.cinemateket-usf.no\/#!\/program <br \/>\nP\u00e5 Lillehammer: https:\/\/www.lillehammerkino.no\/program\/cinematek\/ <br \/>\nI Troms\u00f8: http:\/\/www.cinemateket-trondheim.no\/<\/p>\n","protected":false},"excerpt":{"rendered":"<p>I samarbeid med en rekke cinemateker rundt i Norge har vi gleden av \u00e5 vise de store film-klassikerne til den legendariske regiss\u00f8ren Costa-Gavra fra 3. mars til 2. april.<\/p>\n","protected":false},"author":1,"featured_media":1413,"comment_status":"closed","ping_status":"closed","sticky":false,"template":"","format":"standard","meta":{"footnotes":""},"categories":[5],"tags":[],"class_list":["post-1415","post","type-post","status-publish","format-standard","has-post-thumbnail","hentry","category-kultur"],"yoast_head":"<!-- This site is optimized with the Yoast SEO plugin v24.2 - https:\/\/yoast.com\/wordpress\/plugins\/seo\/ -->\n<title>Costa-Gavras mest kjente filmer p\u00e5 Cinemateker rundt i Norge - Institut fran\u00e7ais<\/title>\n<meta name=\"robots\" content=\"index, follow, max-snippet:-1, max-image-preview:large, max-video-preview:-1\" \/>\n<link rel=\"canonical\" href=\"https:\/\/www.france.no\/no\/2020\/kultur\/costa-gavras-mest-kjente-filmer-pa-cinemateker-rundt-i-norge\/\" \/>\n<meta property=\"og:locale\" content=\"nb_NO\" \/>\n<meta property=\"og:type\" content=\"article\" \/>\n<meta property=\"og:title\" content=\"Costa-Gavras mest kjente filmer p\u00e5 Cinemateker rundt i Norge - Institut fran\u00e7ais\" \/>\n<meta property=\"og:description\" content=\"I samarbeid med en rekke cinemateker rundt i Norge har vi gleden av \u00e5 vise de store film-klassikerne til den legendariske regiss\u00f8ren Costa-Gavra fra 3. mars til 2. april.\" \/>\n<meta property=\"og:url\" content=\"https:\/\/www.france.no\/no\/2020\/kultur\/costa-gavras-mest-kjente-filmer-pa-cinemateker-rundt-i-norge\/\" \/>\n<meta property=\"og:site_name\" content=\"Institut fran\u00e7ais\" \/>\n<meta property=\"article:publisher\" content=\"https:\/\/www.facebook.com\/institutfrancaisoslo\" \/>\n<meta property=\"article:published_time\" content=\"2020-03-01T23:00:00+00:00\" \/>\n<meta property=\"og:image\" content=\"https:\/\/www.france.no\/wp-content\/uploads\/2022\/09\/3-mars-2-avril-_-retrospective-costa-gavras-587x617.jpg\" \/>\n\t<meta property=\"og:image:width\" content=\"587\" \/>\n\t<meta property=\"og:image:height\" content=\"787\" \/>\n\t<meta property=\"og:image:type\" content=\"image\/jpeg\" \/>\n<meta name=\"author\" content=\"admin_ifno\" \/>\n<meta name=\"twitter:card\" content=\"summary_large_image\" \/>\n<meta name=\"twitter:creator\" content=\"@ifnorvege\" \/>\n<meta name=\"twitter:site\" content=\"@ifnorvege\" \/>\n<meta name=\"twitter:label1\" content=\"Skrevet av\" \/>\n\t<meta name=\"twitter:data1\" content=\"admin_ifno\" \/>\n\t<meta name=\"twitter:label2\" content=\"Ansl. lesetid\" \/>\n\t<meta name=\"twitter:data2\" content=\"3 minutter\" \/>\n<script type=\"application\/ld+json\" class=\"yoast-schema-graph\">{\"@context\":\"https:\/\/schema.org\",\"@graph\":[{\"@type\":\"Article\",\"@id\":\"https:\/\/www.france.no\/no\/2020\/kultur\/costa-gavras-mest-kjente-filmer-pa-cinemateker-rundt-i-norge\/#article\",\"isPartOf\":{\"@id\":\"https:\/\/www.france.no\/no\/2020\/kultur\/costa-gavras-mest-kjente-filmer-pa-cinemateker-rundt-i-norge\/\"},\"author\":{\"name\":\"admin_ifno\",\"@id\":\"https:\/\/www.france.no\/no\/#\/schema\/person\/4fdc0b263d8f27bb00a55f55d2fa3ab0\"},\"headline\":\"Costa-Gavras mest kjente filmer p\u00e5 Cinemateker rundt i Norge\",\"datePublished\":\"2020-03-01T23:00:00+00:00\",\"dateModified\":\"2020-03-01T23:00:00+00:00\",\"mainEntityOfPage\":{\"@id\":\"https:\/\/www.france.no\/no\/2020\/kultur\/costa-gavras-mest-kjente-filmer-pa-cinemateker-rundt-i-norge\/\"},\"wordCount\":604,\"publisher\":{\"@id\":\"https:\/\/www.france.no\/no\/#organization\"},\"image\":{\"@id\":\"https:\/\/www.france.no\/no\/2020\/kultur\/costa-gavras-mest-kjente-filmer-pa-cinemateker-rundt-i-norge\/#primaryimage\"},\"thumbnailUrl\":\"https:\/\/www.france.no\/wp-content\/uploads\/2022\/09\/3-mars-2-avril-_-retrospective-costa-gavras-587x617.jpg\",\"articleSection\":[\"Kultur\"],\"inLanguage\":\"nb-NO\"},{\"@type\":\"WebPage\",\"@id\":\"https:\/\/www.france.no\/no\/2020\/kultur\/costa-gavras-mest-kjente-filmer-pa-cinemateker-rundt-i-norge\/\",\"url\":\"https:\/\/www.france.no\/no\/2020\/kultur\/costa-gavras-mest-kjente-filmer-pa-cinemateker-rundt-i-norge\/\",\"name\":\"Costa-Gavras mest kjente filmer p\u00e5 Cinemateker rundt i Norge - Institut fran\u00e7ais\",\"isPartOf\":{\"@id\":\"https:\/\/www.france.no\/no\/#website\"},\"primaryImageOfPage\":{\"@id\":\"https:\/\/www.france.no\/no\/2020\/kultur\/costa-gavras-mest-kjente-filmer-pa-cinemateker-rundt-i-norge\/#primaryimage\"},\"image\":{\"@id\":\"https:\/\/www.france.no\/no\/2020\/kultur\/costa-gavras-mest-kjente-filmer-pa-cinemateker-rundt-i-norge\/#primaryimage\"},\"thumbnailUrl\":\"https:\/\/www.france.no\/wp-content\/uploads\/2022\/09\/3-mars-2-avril-_-retrospective-costa-gavras-587x617.jpg\",\"datePublished\":\"2020-03-01T23:00:00+00:00\",\"dateModified\":\"2020-03-01T23:00:00+00:00\",\"breadcrumb\":{\"@id\":\"https:\/\/www.france.no\/no\/2020\/kultur\/costa-gavras-mest-kjente-filmer-pa-cinemateker-rundt-i-norge\/#breadcrumb\"},\"inLanguage\":\"nb-NO\",\"potentialAction\":[{\"@type\":\"ReadAction\",\"target\":[\"https:\/\/www.france.no\/no\/2020\/kultur\/costa-gavras-mest-kjente-filmer-pa-cinemateker-rundt-i-norge\/\"]}]},{\"@type\":\"ImageObject\",\"inLanguage\":\"nb-NO\",\"@id\":\"https:\/\/www.france.no\/no\/2020\/kultur\/costa-gavras-mest-kjente-filmer-pa-cinemateker-rundt-i-norge\/#primaryimage\",\"url\":\"https:\/\/www.france.no\/wp-content\/uploads\/2022\/09\/3-mars-2-avril-_-retrospective-costa-gavras-587x617.jpg\",\"contentUrl\":\"https:\/\/www.france.no\/wp-content\/uploads\/2022\/09\/3-mars-2-avril-_-retrospective-costa-gavras-587x617.jpg\",\"width\":587,\"height\":787},{\"@type\":\"BreadcrumbList\",\"@id\":\"https:\/\/www.france.no\/no\/2020\/kultur\/costa-gavras-mest-kjente-filmer-pa-cinemateker-rundt-i-norge\/#breadcrumb\",\"itemListElement\":[{\"@type\":\"ListItem\",\"position\":1,\"name\":\"\",\"item\":\"https:\/\/www.france.no\/no\/\"},{\"@type\":\"ListItem\",\"position\":2,\"name\":\"Kultur\",\"item\":\"https:\/\/www.france.no\/no\/category\/kultur\/\"},{\"@type\":\"ListItem\",\"position\":3,\"name\":\"Costa-Gavras mest kjente filmer p\u00e5 Cinemateker rundt i Norge\"}]},{\"@type\":\"WebSite\",\"@id\":\"https:\/\/www.france.no\/no\/#website\",\"url\":\"https:\/\/www.france.no\/no\/\",\"name\":\"Institut fran\u00e7ais\",\"description\":\"Norv\u00e8ge\",\"publisher\":{\"@id\":\"https:\/\/www.france.no\/no\/#organization\"},\"potentialAction\":[{\"@type\":\"SearchAction\",\"target\":{\"@type\":\"EntryPoint\",\"urlTemplate\":\"https:\/\/www.france.no\/no\/?s={search_term_string}\"},\"query-input\":{\"@type\":\"PropertyValueSpecification\",\"valueRequired\":true,\"valueName\":\"search_term_string\"}}],\"inLanguage\":\"nb-NO\"},{\"@type\":\"Organization\",\"@id\":\"https:\/\/www.france.no\/no\/#organization\",\"name\":\"Institut fran\u00e7ais\",\"url\":\"https:\/\/www.france.no\/no\/\",\"logo\":{\"@type\":\"ImageObject\",\"inLanguage\":\"nb-NO\",\"@id\":\"https:\/\/www.france.no\/no\/#\/schema\/logo\/image\/\",\"url\":\"https:\/\/www.france.no\/wp-content\/uploads\/2022\/11\/IF_Logo_Sans_Bleu_RVB.png\",\"contentUrl\":\"https:\/\/www.france.no\/wp-content\/uploads\/2022\/11\/IF_Logo_Sans_Bleu_RVB.png\",\"width\":852,\"height\":591,\"caption\":\"Institut fran\u00e7ais\"},\"image\":{\"@id\":\"https:\/\/www.france.no\/no\/#\/schema\/logo\/image\/\"},\"sameAs\":[\"https:\/\/www.facebook.com\/institutfrancaisoslo\",\"https:\/\/x.com\/ifnorvege\",\"https:\/\/instagram.com\/ifnorvege\"]},{\"@type\":\"Person\",\"@id\":\"https:\/\/www.france.no\/no\/#\/schema\/person\/4fdc0b263d8f27bb00a55f55d2fa3ab0\",\"name\":\"admin_ifno\",\"image\":{\"@type\":\"ImageObject\",\"inLanguage\":\"nb-NO\",\"@id\":\"https:\/\/www.france.no\/no\/#\/schema\/person\/image\/\",\"url\":\"https:\/\/secure.gravatar.com\/avatar\/aeecc14073c842af1a783f0b881267a3?s=96&d=mm&r=g\",\"contentUrl\":\"https:\/\/secure.gravatar.com\/avatar\/aeecc14073c842af1a783f0b881267a3?s=96&d=mm&r=g\",\"caption\":\"admin_ifno\"},\"sameAs\":[\"https:\/\/www.france.no\"],\"url\":\"https:\/\/www.france.no\/no\/author\/admin_ifno\/\"}]}<\/script>\n<!-- \/ Yoast SEO plugin. -->","yoast_head_json":{"title":"Costa-Gavras mest kjente filmer p\u00e5 Cinemateker rundt i Norge - Institut fran\u00e7ais","robots":{"index":"index","follow":"follow","max-snippet":"max-snippet:-1","max-image-preview":"max-image-preview:large","max-video-preview":"max-video-preview:-1"},"canonical":"https:\/\/www.france.no\/no\/2020\/kultur\/costa-gavras-mest-kjente-filmer-pa-cinemateker-rundt-i-norge\/","og_locale":"nb_NO","og_type":"article","og_title":"Costa-Gavras mest kjente filmer p\u00e5 Cinemateker rundt i Norge - Institut fran\u00e7ais","og_description":"I samarbeid med en rekke cinemateker rundt i Norge har vi gleden av \u00e5 vise de store film-klassikerne til den legendariske regiss\u00f8ren Costa-Gavra fra 3. mars til 2. april.","og_url":"https:\/\/www.france.no\/no\/2020\/kultur\/costa-gavras-mest-kjente-filmer-pa-cinemateker-rundt-i-norge\/","og_site_name":"Institut fran\u00e7ais","article_publisher":"https:\/\/www.facebook.com\/institutfrancaisoslo","article_published_time":"2020-03-01T23:00:00+00:00","og_image":[{"width":587,"height":787,"url":"https:\/\/www.france.no\/wp-content\/uploads\/2022\/09\/3-mars-2-avril-_-retrospective-costa-gavras-587x617.jpg","type":"image\/jpeg"}],"author":"admin_ifno","twitter_card":"summary_large_image","twitter_creator":"@ifnorvege","twitter_site":"@ifnorvege","twitter_misc":{"Skrevet av":"admin_ifno","Ansl. lesetid":"3 minutter"},"schema":{"@context":"https:\/\/schema.org","@graph":[{"@type":"Article","@id":"https:\/\/www.france.no\/no\/2020\/kultur\/costa-gavras-mest-kjente-filmer-pa-cinemateker-rundt-i-norge\/#article","isPartOf":{"@id":"https:\/\/www.france.no\/no\/2020\/kultur\/costa-gavras-mest-kjente-filmer-pa-cinemateker-rundt-i-norge\/"},"author":{"name":"admin_ifno","@id":"https:\/\/www.france.no\/no\/#\/schema\/person\/4fdc0b263d8f27bb00a55f55d2fa3ab0"},"headline":"Costa-Gavras mest kjente filmer p\u00e5 Cinemateker rundt i Norge","datePublished":"2020-03-01T23:00:00+00:00","dateModified":"2020-03-01T23:00:00+00:00","mainEntityOfPage":{"@id":"https:\/\/www.france.no\/no\/2020\/kultur\/costa-gavras-mest-kjente-filmer-pa-cinemateker-rundt-i-norge\/"},"wordCount":604,"publisher":{"@id":"https:\/\/www.france.no\/no\/#organization"},"image":{"@id":"https:\/\/www.france.no\/no\/2020\/kultur\/costa-gavras-mest-kjente-filmer-pa-cinemateker-rundt-i-norge\/#primaryimage"},"thumbnailUrl":"https:\/\/www.france.no\/wp-content\/uploads\/2022\/09\/3-mars-2-avril-_-retrospective-costa-gavras-587x617.jpg","articleSection":["Kultur"],"inLanguage":"nb-NO"},{"@type":"WebPage","@id":"https:\/\/www.france.no\/no\/2020\/kultur\/costa-gavras-mest-kjente-filmer-pa-cinemateker-rundt-i-norge\/","url":"https:\/\/www.france.no\/no\/2020\/kultur\/costa-gavras-mest-kjente-filmer-pa-cinemateker-rundt-i-norge\/","name":"Costa-Gavras mest kjente filmer p\u00e5 Cinemateker rundt i Norge - Institut fran\u00e7ais","isPartOf":{"@id":"https:\/\/www.france.no\/no\/#website"},"primaryImageOfPage":{"@id":"https:\/\/www.france.no\/no\/2020\/kultur\/costa-gavras-mest-kjente-filmer-pa-cinemateker-rundt-i-norge\/#primaryimage"},"image":{"@id":"https:\/\/www.france.no\/no\/2020\/kultur\/costa-gavras-mest-kjente-filmer-pa-cinemateker-rundt-i-norge\/#primaryimage"},"thumbnailUrl":"https:\/\/www.france.no\/wp-content\/uploads\/2022\/09\/3-mars-2-avril-_-retrospective-costa-gavras-587x617.jpg","datePublished":"2020-03-01T23:00:00+00:00","dateModified":"2020-03-01T23:00:00+00:00","breadcrumb":{"@id":"https:\/\/www.france.no\/no\/2020\/kultur\/costa-gavras-mest-kjente-filmer-pa-cinemateker-rundt-i-norge\/#breadcrumb"},"inLanguage":"nb-NO","potentialAction":[{"@type":"ReadAction","target":["https:\/\/www.france.no\/no\/2020\/kultur\/costa-gavras-mest-kjente-filmer-pa-cinemateker-rundt-i-norge\/"]}]},{"@type":"ImageObject","inLanguage":"nb-NO","@id":"https:\/\/www.france.no\/no\/2020\/kultur\/costa-gavras-mest-kjente-filmer-pa-cinemateker-rundt-i-norge\/#primaryimage","url":"https:\/\/www.france.no\/wp-content\/uploads\/2022\/09\/3-mars-2-avril-_-retrospective-costa-gavras-587x617.jpg","contentUrl":"https:\/\/www.france.no\/wp-content\/uploads\/2022\/09\/3-mars-2-avril-_-retrospective-costa-gavras-587x617.jpg","width":587,"height":787},{"@type":"BreadcrumbList","@id":"https:\/\/www.france.no\/no\/2020\/kultur\/costa-gavras-mest-kjente-filmer-pa-cinemateker-rundt-i-norge\/#breadcrumb","itemListElement":[{"@type":"ListItem","position":1,"name":"","item":"https:\/\/www.france.no\/no\/"},{"@type":"ListItem","position":2,"name":"Kultur","item":"https:\/\/www.france.no\/no\/category\/kultur\/"},{"@type":"ListItem","position":3,"name":"Costa-Gavras mest kjente filmer p\u00e5 Cinemateker rundt i Norge"}]},{"@type":"WebSite","@id":"https:\/\/www.france.no\/no\/#website","url":"https:\/\/www.france.no\/no\/","name":"Institut fran\u00e7ais","description":"Norv\u00e8ge","publisher":{"@id":"https:\/\/www.france.no\/no\/#organization"},"potentialAction":[{"@type":"SearchAction","target":{"@type":"EntryPoint","urlTemplate":"https:\/\/www.france.no\/no\/?s={search_term_string}"},"query-input":{"@type":"PropertyValueSpecification","valueRequired":true,"valueName":"search_term_string"}}],"inLanguage":"nb-NO"},{"@type":"Organization","@id":"https:\/\/www.france.no\/no\/#organization","name":"Institut fran\u00e7ais","url":"https:\/\/www.france.no\/no\/","logo":{"@type":"ImageObject","inLanguage":"nb-NO","@id":"https:\/\/www.france.no\/no\/#\/schema\/logo\/image\/","url":"https:\/\/www.france.no\/wp-content\/uploads\/2022\/11\/IF_Logo_Sans_Bleu_RVB.png","contentUrl":"https:\/\/www.france.no\/wp-content\/uploads\/2022\/11\/IF_Logo_Sans_Bleu_RVB.png","width":852,"height":591,"caption":"Institut fran\u00e7ais"},"image":{"@id":"https:\/\/www.france.no\/no\/#\/schema\/logo\/image\/"},"sameAs":["https:\/\/www.facebook.com\/institutfrancaisoslo","https:\/\/x.com\/ifnorvege","https:\/\/instagram.com\/ifnorvege"]},{"@type":"Person","@id":"https:\/\/www.france.no\/no\/#\/schema\/person\/4fdc0b263d8f27bb00a55f55d2fa3ab0","name":"admin_ifno","image":{"@type":"ImageObject","inLanguage":"nb-NO","@id":"https:\/\/www.france.no\/no\/#\/schema\/person\/image\/","url":"https:\/\/secure.gravatar.com\/avatar\/aeecc14073c842af1a783f0b881267a3?s=96&d=mm&r=g","contentUrl":"https:\/\/secure.gravatar.com\/avatar\/aeecc14073c842af1a783f0b881267a3?s=96&d=mm&r=g","caption":"admin_ifno"},"sameAs":["https:\/\/www.france.no"],"url":"https:\/\/www.france.no\/no\/author\/admin_ifno\/"}]}},"_links":{"self":[{"href":"https:\/\/www.france.no\/no\/wp-json\/wp\/v2\/posts\/1415","targetHints":{"allow":["GET"]}}],"collection":[{"href":"https:\/\/www.france.no\/no\/wp-json\/wp\/v2\/posts"}],"about":[{"href":"https:\/\/www.france.no\/no\/wp-json\/wp\/v2\/types\/post"}],"author":[{"embeddable":true,"href":"https:\/\/www.france.no\/no\/wp-json\/wp\/v2\/users\/1"}],"replies":[{"embeddable":true,"href":"https:\/\/www.france.no\/no\/wp-json\/wp\/v2\/comments?post=1415"}],"version-history":[{"count":0,"href":"https:\/\/www.france.no\/no\/wp-json\/wp\/v2\/posts\/1415\/revisions"}],"wp:featuredmedia":[{"embeddable":true,"href":"https:\/\/www.france.no\/no\/wp-json\/wp\/v2\/media\/1413"}],"wp:attachment":[{"href":"https:\/\/www.france.no\/no\/wp-json\/wp\/v2\/media?parent=1415"}],"wp:term":[{"taxonomy":"category","embeddable":true,"href":"https:\/\/www.france.no\/no\/wp-json\/wp\/v2\/categories?post=1415"},{"taxonomy":"post_tag","embeddable":true,"href":"https:\/\/www.france.no\/no\/wp-json\/wp\/v2\/tags?post=1415"}],"curies":[{"name":"wp","href":"https:\/\/api.w.org\/{rel}","templated":true}]}}