{"id":14166,"date":"2025-05-20T10:28:47","date_gmt":"2025-05-20T08:28:47","guid":{"rendered":"https:\/\/www.france.no\/?p=14166"},"modified":"2025-05-20T11:00:17","modified_gmt":"2025-05-20T09:00:17","slug":"campus-france-norge-moter-norske-studenter-i-frankrike","status":"publish","type":"post","link":"https:\/\/www.france.no\/no\/2025\/universitetene\/campus-france-norge-moter-norske-studenter-i-frankrike\/","title":{"rendered":"Campus France Norge m\u00f8ter norske studenter i Frankrike"},"content":{"rendered":"\n<p>Som en del av sitt oppdrag med \u00e5 fremme fransk h\u00f8yere utdanning, reiser teamet fra&nbsp;<strong>Campus France Norge<\/strong>&nbsp;til Frankrike for \u00e5 m\u00f8te norske elever og studenter som har valgt \u00e5 studere i Frankrike!<\/p>\n\n\n\n<p>Form\u00e5let med reisen er \u00e5 vise fram ulike studiemuligheter og -byer i Frankrike for fremtidige studenter. Reisen tar oss i f\u00f8rste omgang innom <strong>Lille, Paris, Caen, Bayeux, Rennes og Nantes<\/strong>.<\/p>\n\n\n\n<p>Utover \u00e5 m\u00f8te studenter er initiativet ogs\u00e5 et uttrykk for \u00f8nsket om \u00e5&nbsp;<strong>styrke forbindelsene mellom Norge og Frankrike<\/strong>&nbsp;innen utdanning og studentmobilitet.<\/p>\n\n\n\n<p>Vi deler h\u00f8ydepunktene og bak kulissene-innhold fra reisen p\u00e5 v\u00e5re <a href=\"https:\/\/www.facebook.com\/campusfrancenorvege\" target=\"_blank\" rel=\"noreferrer noopener\">sosiale medier<\/a>. Gj\u00f8r deg klar for inspirerende intervjuer, livlige byer og et autentisk innblikk i studentlivet i Frankrike.<\/p>\n\n\n\n<p>F\u00f8lg dette pedagogiske eventyret \u2013 et symbol p\u00e5 den aktive dialogen mellom to land, forent av felles verdier og en ungdom som ser mot fremtiden.<\/p>\n\n\n\n<figure class=\"wp-block-image size-large\"><img loading=\"lazy\" decoding=\"async\" width=\"819\" height=\"1024\" src=\"https:\/\/www.france.no\/wp-content\/uploads\/2025\/05\/CCAMPUS-FRANCE-NORGE-IN-FRANCE-2-1-819x1024.png\" alt=\"\" class=\"wp-image-14160\" srcset=\"https:\/\/www.france.no\/wp-content\/uploads\/2025\/05\/CCAMPUS-FRANCE-NORGE-IN-FRANCE-2-1-819x1024.png 819w, https:\/\/www.france.no\/wp-content\/uploads\/2025\/05\/CCAMPUS-FRANCE-NORGE-IN-FRANCE-2-1-240x300.png 240w, https:\/\/www.france.no\/wp-content\/uploads\/2025\/05\/CCAMPUS-FRANCE-NORGE-IN-FRANCE-2-1-768x960.png 768w, https:\/\/www.france.no\/wp-content\/uploads\/2025\/05\/CCAMPUS-FRANCE-NORGE-IN-FRANCE-2-1.png 1080w\" sizes=\"auto, (max-width: 819px) 100vw, 819px\" \/><\/figure>\n","protected":false},"excerpt":{"rendered":"<p>Som en del av sitt oppdrag med \u00e5 fremme fransk h\u00f8yere utdanning, reiser teamet fra&nbsp;Campus France Norge&nbsp;til Frankrike for \u00e5 m\u00f8te norske elever og studenter som har valgt \u00e5 studere i Frankrike! Form\u00e5let med reisen er \u00e5 vise fram ulike studiemuligheter og -byer i Frankrike for fremtidige studenter. Reisen tar oss i f\u00f8rste omgang innom [&hellip;]<\/p>\n","protected":false},"author":10,"featured_media":14154,"comment_status":"closed","ping_status":"open","sticky":false,"template":"","format":"standard","meta":{"footnotes":""},"categories":[15],"tags":[],"class_list":["post-14166","post","type-post","status-publish","format-standard","has-post-thumbnail","hentry","category-universitetene"],"yoast_head":"<!-- This site is optimized with the Yoast SEO plugin v24.2 - https:\/\/yoast.com\/wordpress\/plugins\/seo\/ -->\n<title>Campus France Norge m\u00f8ter norske studenter i Frankrike - Institut fran\u00e7ais<\/title>\n<meta name=\"robots\" content=\"index, follow, max-snippet:-1, max-image-preview:large, max-video-preview:-1\" \/>\n<link rel=\"canonical\" href=\"https:\/\/www.france.no\/no\/2025\/universitetene\/campus-france-norge-moter-norske-studenter-i-frankrike\/\" \/>\n<meta property=\"og:locale\" content=\"nb_NO\" \/>\n<meta property=\"og:type\" content=\"article\" \/>\n<meta property=\"og:title\" content=\"Campus France Norge m\u00f8ter norske studenter i Frankrike - Institut fran\u00e7ais\" \/>\n<meta property=\"og:description\" content=\"Som en del av sitt oppdrag med \u00e5 fremme fransk h\u00f8yere utdanning, reiser teamet fra&nbsp;Campus France Norge&nbsp;til Frankrike for \u00e5 m\u00f8te norske elever og studenter som har valgt \u00e5 studere i Frankrike! Form\u00e5let med reisen er \u00e5 vise fram ulike studiemuligheter og -byer i Frankrike for fremtidige studenter. Reisen tar oss i f\u00f8rste omgang innom [&hellip;]\" \/>\n<meta property=\"og:url\" content=\"https:\/\/www.france.no\/no\/2025\/universitetene\/campus-france-norge-moter-norske-studenter-i-frankrike\/\" \/>\n<meta property=\"og:site_name\" content=\"Institut fran\u00e7ais\" \/>\n<meta property=\"article:publisher\" content=\"https:\/\/www.facebook.com\/institutfrancaisoslo\" \/>\n<meta property=\"article:published_time\" content=\"2025-05-20T08:28:47+00:00\" \/>\n<meta property=\"article:modified_time\" content=\"2025-05-20T09:00:17+00:00\" \/>\n<meta property=\"og:image\" content=\"https:\/\/www.france.no\/wp-content\/uploads\/2025\/05\/CCAMPUS-.jpg\" \/>\n\t<meta property=\"og:image:width\" content=\"692\" \/>\n\t<meta property=\"og:image:height\" content=\"390\" \/>\n\t<meta property=\"og:image:type\" content=\"image\/jpeg\" \/>\n<meta name=\"author\" content=\"Poleling\" \/>\n<meta name=\"twitter:card\" content=\"summary_large_image\" \/>\n<meta name=\"twitter:creator\" content=\"@ifnorvege\" \/>\n<meta name=\"twitter:site\" content=\"@ifnorvege\" \/>\n<meta name=\"twitter:label1\" content=\"Skrevet av\" \/>\n\t<meta name=\"twitter:data1\" content=\"Poleling\" \/>\n\t<meta name=\"twitter:label2\" content=\"Ansl. lesetid\" \/>\n\t<meta name=\"twitter:data2\" content=\"2 minutter\" \/>\n<script type=\"application\/ld+json\" class=\"yoast-schema-graph\">{\"@context\":\"https:\/\/schema.org\",\"@graph\":[{\"@type\":\"Article\",\"@id\":\"https:\/\/www.france.no\/no\/2025\/universitetene\/campus-france-norge-moter-norske-studenter-i-frankrike\/#article\",\"isPartOf\":{\"@id\":\"https:\/\/www.france.no\/no\/2025\/universitetene\/campus-france-norge-moter-norske-studenter-i-frankrike\/\"},\"author\":{\"name\":\"Poleling\",\"@id\":\"https:\/\/www.france.no\/no\/#\/schema\/person\/0f18b38950cf36d7f021bf015eacf3fd\"},\"headline\":\"Campus France Norge m\u00f8ter norske studenter i Frankrike\",\"datePublished\":\"2025-05-20T08:28:47+00:00\",\"dateModified\":\"2025-05-20T09:00:17+00:00\",\"mainEntityOfPage\":{\"@id\":\"https:\/\/www.france.no\/no\/2025\/universitetene\/campus-france-norge-moter-norske-studenter-i-frankrike\/\"},\"wordCount\":155,\"publisher\":{\"@id\":\"https:\/\/www.france.no\/no\/#organization\"},\"image\":{\"@id\":\"https:\/\/www.france.no\/no\/2025\/universitetene\/campus-france-norge-moter-norske-studenter-i-frankrike\/#primaryimage\"},\"thumbnailUrl\":\"https:\/\/www.france.no\/wp-content\/uploads\/2025\/05\/CCAMPUS-.jpg\",\"articleSection\":[\"Universiteter\"],\"inLanguage\":\"nb-NO\"},{\"@type\":\"WebPage\",\"@id\":\"https:\/\/www.france.no\/no\/2025\/universitetene\/campus-france-norge-moter-norske-studenter-i-frankrike\/\",\"url\":\"https:\/\/www.france.no\/no\/2025\/universitetene\/campus-france-norge-moter-norske-studenter-i-frankrike\/\",\"name\":\"Campus France Norge m\u00f8ter norske studenter i Frankrike - Institut fran\u00e7ais\",\"isPartOf\":{\"@id\":\"https:\/\/www.france.no\/no\/#website\"},\"primaryImageOfPage\":{\"@id\":\"https:\/\/www.france.no\/no\/2025\/universitetene\/campus-france-norge-moter-norske-studenter-i-frankrike\/#primaryimage\"},\"image\":{\"@id\":\"https:\/\/www.france.no\/no\/2025\/universitetene\/campus-france-norge-moter-norske-studenter-i-frankrike\/#primaryimage\"},\"thumbnailUrl\":\"https:\/\/www.france.no\/wp-content\/uploads\/2025\/05\/CCAMPUS-.jpg\",\"datePublished\":\"2025-05-20T08:28:47+00:00\",\"dateModified\":\"2025-05-20T09:00:17+00:00\",\"breadcrumb\":{\"@id\":\"https:\/\/www.france.no\/no\/2025\/universitetene\/campus-france-norge-moter-norske-studenter-i-frankrike\/#breadcrumb\"},\"inLanguage\":\"nb-NO\",\"potentialAction\":[{\"@type\":\"ReadAction\",\"target\":[\"https:\/\/www.france.no\/no\/2025\/universitetene\/campus-france-norge-moter-norske-studenter-i-frankrike\/\"]}]},{\"@type\":\"ImageObject\",\"inLanguage\":\"nb-NO\",\"@id\":\"https:\/\/www.france.no\/no\/2025\/universitetene\/campus-france-norge-moter-norske-studenter-i-frankrike\/#primaryimage\",\"url\":\"https:\/\/www.france.no\/wp-content\/uploads\/2025\/05\/CCAMPUS-.jpg\",\"contentUrl\":\"https:\/\/www.france.no\/wp-content\/uploads\/2025\/05\/CCAMPUS-.jpg\",\"width\":692,\"height\":390},{\"@type\":\"BreadcrumbList\",\"@id\":\"https:\/\/www.france.no\/no\/2025\/universitetene\/campus-france-norge-moter-norske-studenter-i-frankrike\/#breadcrumb\",\"itemListElement\":[{\"@type\":\"ListItem\",\"position\":1,\"name\":\"\",\"item\":\"https:\/\/www.france.no\/no\/\"},{\"@type\":\"ListItem\",\"position\":2,\"name\":\"Campus France Norge m\u00f8ter norske studenter i Frankrike\"}]},{\"@type\":\"WebSite\",\"@id\":\"https:\/\/www.france.no\/no\/#website\",\"url\":\"https:\/\/www.france.no\/no\/\",\"name\":\"Institut fran\u00e7ais\",\"description\":\"Norv\u00e8ge\",\"publisher\":{\"@id\":\"https:\/\/www.france.no\/no\/#organization\"},\"potentialAction\":[{\"@type\":\"SearchAction\",\"target\":{\"@type\":\"EntryPoint\",\"urlTemplate\":\"https:\/\/www.france.no\/no\/?s={search_term_string}\"},\"query-input\":{\"@type\":\"PropertyValueSpecification\",\"valueRequired\":true,\"valueName\":\"search_term_string\"}}],\"inLanguage\":\"nb-NO\"},{\"@type\":\"Organization\",\"@id\":\"https:\/\/www.france.no\/no\/#organization\",\"name\":\"Institut fran\u00e7ais\",\"url\":\"https:\/\/www.france.no\/no\/\",\"logo\":{\"@type\":\"ImageObject\",\"inLanguage\":\"nb-NO\",\"@id\":\"https:\/\/www.france.no\/no\/#\/schema\/logo\/image\/\",\"url\":\"https:\/\/www.france.no\/wp-content\/uploads\/2022\/11\/IF_Logo_Sans_Bleu_RVB.png\",\"contentUrl\":\"https:\/\/www.france.no\/wp-content\/uploads\/2022\/11\/IF_Logo_Sans_Bleu_RVB.png\",\"width\":852,\"height\":591,\"caption\":\"Institut fran\u00e7ais\"},\"image\":{\"@id\":\"https:\/\/www.france.no\/no\/#\/schema\/logo\/image\/\"},\"sameAs\":[\"https:\/\/www.facebook.com\/institutfrancaisoslo\",\"https:\/\/x.com\/ifnorvege\",\"https:\/\/instagram.com\/ifnorvege\"]},{\"@type\":\"Person\",\"@id\":\"https:\/\/www.france.no\/no\/#\/schema\/person\/0f18b38950cf36d7f021bf015eacf3fd\",\"name\":\"Poleling\",\"image\":{\"@type\":\"ImageObject\",\"inLanguage\":\"nb-NO\",\"@id\":\"https:\/\/www.france.no\/no\/#\/schema\/person\/image\/\",\"url\":\"https:\/\/secure.gravatar.com\/avatar\/5252ec71407654a6dbdad18b81a5ab27073cff1c8c94dd3f1ccec3d878ea0273?s=96&d=mm&r=g\",\"contentUrl\":\"https:\/\/secure.gravatar.com\/avatar\/5252ec71407654a6dbdad18b81a5ab27073cff1c8c94dd3f1ccec3d878ea0273?s=96&d=mm&r=g\",\"caption\":\"Poleling\"},\"url\":\"https:\/\/www.france.no\/no\/author\/poleling\/\"}]}<\/script>\n<!-- \/ Yoast SEO plugin. -->","yoast_head_json":{"title":"Campus France Norge m\u00f8ter norske studenter i Frankrike - Institut fran\u00e7ais","robots":{"index":"index","follow":"follow","max-snippet":"max-snippet:-1","max-image-preview":"max-image-preview:large","max-video-preview":"max-video-preview:-1"},"canonical":"https:\/\/www.france.no\/no\/2025\/universitetene\/campus-france-norge-moter-norske-studenter-i-frankrike\/","og_locale":"nb_NO","og_type":"article","og_title":"Campus France Norge m\u00f8ter norske studenter i Frankrike - Institut fran\u00e7ais","og_description":"Som en del av sitt oppdrag med \u00e5 fremme fransk h\u00f8yere utdanning, reiser teamet fra&nbsp;Campus France Norge&nbsp;til Frankrike for \u00e5 m\u00f8te norske elever og studenter som har valgt \u00e5 studere i Frankrike! Form\u00e5let med reisen er \u00e5 vise fram ulike studiemuligheter og -byer i Frankrike for fremtidige studenter. Reisen tar oss i f\u00f8rste omgang innom [&hellip;]","og_url":"https:\/\/www.france.no\/no\/2025\/universitetene\/campus-france-norge-moter-norske-studenter-i-frankrike\/","og_site_name":"Institut fran\u00e7ais","article_publisher":"https:\/\/www.facebook.com\/institutfrancaisoslo","article_published_time":"2025-05-20T08:28:47+00:00","article_modified_time":"2025-05-20T09:00:17+00:00","og_image":[{"width":692,"height":390,"url":"https:\/\/www.france.no\/wp-content\/uploads\/2025\/05\/CCAMPUS-.jpg","type":"image\/jpeg"}],"author":"Poleling","twitter_card":"summary_large_image","twitter_creator":"@ifnorvege","twitter_site":"@ifnorvege","twitter_misc":{"Skrevet av":"Poleling","Ansl. lesetid":"2 minutter"},"schema":{"@context":"https:\/\/schema.org","@graph":[{"@type":"Article","@id":"https:\/\/www.france.no\/no\/2025\/universitetene\/campus-france-norge-moter-norske-studenter-i-frankrike\/#article","isPartOf":{"@id":"https:\/\/www.france.no\/no\/2025\/universitetene\/campus-france-norge-moter-norske-studenter-i-frankrike\/"},"author":{"name":"Poleling","@id":"https:\/\/www.france.no\/no\/#\/schema\/person\/0f18b38950cf36d7f021bf015eacf3fd"},"headline":"Campus France Norge m\u00f8ter norske studenter i Frankrike","datePublished":"2025-05-20T08:28:47+00:00","dateModified":"2025-05-20T09:00:17+00:00","mainEntityOfPage":{"@id":"https:\/\/www.france.no\/no\/2025\/universitetene\/campus-france-norge-moter-norske-studenter-i-frankrike\/"},"wordCount":155,"publisher":{"@id":"https:\/\/www.france.no\/no\/#organization"},"image":{"@id":"https:\/\/www.france.no\/no\/2025\/universitetene\/campus-france-norge-moter-norske-studenter-i-frankrike\/#primaryimage"},"thumbnailUrl":"https:\/\/www.france.no\/wp-content\/uploads\/2025\/05\/CCAMPUS-.jpg","articleSection":["Universiteter"],"inLanguage":"nb-NO"},{"@type":"WebPage","@id":"https:\/\/www.france.no\/no\/2025\/universitetene\/campus-france-norge-moter-norske-studenter-i-frankrike\/","url":"https:\/\/www.france.no\/no\/2025\/universitetene\/campus-france-norge-moter-norske-studenter-i-frankrike\/","name":"Campus France Norge m\u00f8ter norske studenter i Frankrike - Institut fran\u00e7ais","isPartOf":{"@id":"https:\/\/www.france.no\/no\/#website"},"primaryImageOfPage":{"@id":"https:\/\/www.france.no\/no\/2025\/universitetene\/campus-france-norge-moter-norske-studenter-i-frankrike\/#primaryimage"},"image":{"@id":"https:\/\/www.france.no\/no\/2025\/universitetene\/campus-france-norge-moter-norske-studenter-i-frankrike\/#primaryimage"},"thumbnailUrl":"https:\/\/www.france.no\/wp-content\/uploads\/2025\/05\/CCAMPUS-.jpg","datePublished":"2025-05-20T08:28:47+00:00","dateModified":"2025-05-20T09:00:17+00:00","breadcrumb":{"@id":"https:\/\/www.france.no\/no\/2025\/universitetene\/campus-france-norge-moter-norske-studenter-i-frankrike\/#breadcrumb"},"inLanguage":"nb-NO","potentialAction":[{"@type":"ReadAction","target":["https:\/\/www.france.no\/no\/2025\/universitetene\/campus-france-norge-moter-norske-studenter-i-frankrike\/"]}]},{"@type":"ImageObject","inLanguage":"nb-NO","@id":"https:\/\/www.france.no\/no\/2025\/universitetene\/campus-france-norge-moter-norske-studenter-i-frankrike\/#primaryimage","url":"https:\/\/www.france.no\/wp-content\/uploads\/2025\/05\/CCAMPUS-.jpg","contentUrl":"https:\/\/www.france.no\/wp-content\/uploads\/2025\/05\/CCAMPUS-.jpg","width":692,"height":390},{"@type":"BreadcrumbList","@id":"https:\/\/www.france.no\/no\/2025\/universitetene\/campus-france-norge-moter-norske-studenter-i-frankrike\/#breadcrumb","itemListElement":[{"@type":"ListItem","position":1,"name":"","item":"https:\/\/www.france.no\/no\/"},{"@type":"ListItem","position":2,"name":"Campus France Norge m\u00f8ter norske studenter i Frankrike"}]},{"@type":"WebSite","@id":"https:\/\/www.france.no\/no\/#website","url":"https:\/\/www.france.no\/no\/","name":"Institut fran\u00e7ais","description":"Norv\u00e8ge","publisher":{"@id":"https:\/\/www.france.no\/no\/#organization"},"potentialAction":[{"@type":"SearchAction","target":{"@type":"EntryPoint","urlTemplate":"https:\/\/www.france.no\/no\/?s={search_term_string}"},"query-input":{"@type":"PropertyValueSpecification","valueRequired":true,"valueName":"search_term_string"}}],"inLanguage":"nb-NO"},{"@type":"Organization","@id":"https:\/\/www.france.no\/no\/#organization","name":"Institut fran\u00e7ais","url":"https:\/\/www.france.no\/no\/","logo":{"@type":"ImageObject","inLanguage":"nb-NO","@id":"https:\/\/www.france.no\/no\/#\/schema\/logo\/image\/","url":"https:\/\/www.france.no\/wp-content\/uploads\/2022\/11\/IF_Logo_Sans_Bleu_RVB.png","contentUrl":"https:\/\/www.france.no\/wp-content\/uploads\/2022\/11\/IF_Logo_Sans_Bleu_RVB.png","width":852,"height":591,"caption":"Institut fran\u00e7ais"},"image":{"@id":"https:\/\/www.france.no\/no\/#\/schema\/logo\/image\/"},"sameAs":["https:\/\/www.facebook.com\/institutfrancaisoslo","https:\/\/x.com\/ifnorvege","https:\/\/instagram.com\/ifnorvege"]},{"@type":"Person","@id":"https:\/\/www.france.no\/no\/#\/schema\/person\/0f18b38950cf36d7f021bf015eacf3fd","name":"Poleling","image":{"@type":"ImageObject","inLanguage":"nb-NO","@id":"https:\/\/www.france.no\/no\/#\/schema\/person\/image\/","url":"https:\/\/secure.gravatar.com\/avatar\/5252ec71407654a6dbdad18b81a5ab27073cff1c8c94dd3f1ccec3d878ea0273?s=96&d=mm&r=g","contentUrl":"https:\/\/secure.gravatar.com\/avatar\/5252ec71407654a6dbdad18b81a5ab27073cff1c8c94dd3f1ccec3d878ea0273?s=96&d=mm&r=g","caption":"Poleling"},"url":"https:\/\/www.france.no\/no\/author\/poleling\/"}]}},"_links":{"self":[{"href":"https:\/\/www.france.no\/no\/wp-json\/wp\/v2\/posts\/14166","targetHints":{"allow":["GET"]}}],"collection":[{"href":"https:\/\/www.france.no\/no\/wp-json\/wp\/v2\/posts"}],"about":[{"href":"https:\/\/www.france.no\/no\/wp-json\/wp\/v2\/types\/post"}],"author":[{"embeddable":true,"href":"https:\/\/www.france.no\/no\/wp-json\/wp\/v2\/users\/10"}],"replies":[{"embeddable":true,"href":"https:\/\/www.france.no\/no\/wp-json\/wp\/v2\/comments?post=14166"}],"version-history":[{"count":4,"href":"https:\/\/www.france.no\/no\/wp-json\/wp\/v2\/posts\/14166\/revisions"}],"predecessor-version":[{"id":14223,"href":"https:\/\/www.france.no\/no\/wp-json\/wp\/v2\/posts\/14166\/revisions\/14223"}],"wp:featuredmedia":[{"embeddable":true,"href":"https:\/\/www.france.no\/no\/wp-json\/wp\/v2\/media\/14154"}],"wp:attachment":[{"href":"https:\/\/www.france.no\/no\/wp-json\/wp\/v2\/media?parent=14166"}],"wp:term":[{"taxonomy":"category","embeddable":true,"href":"https:\/\/www.france.no\/no\/wp-json\/wp\/v2\/categories?post=14166"},{"taxonomy":"post_tag","embeddable":true,"href":"https:\/\/www.france.no\/no\/wp-json\/wp\/v2\/tags?post=14166"}],"curies":[{"name":"wp","href":"https:\/\/api.w.org\/{rel}","templated":true}]}}