{"id":1431,"date":"2020-03-02T00:00:00","date_gmt":"2020-03-01T23:00:00","guid":{"rendered":"https:\/\/www.france.no\/2020\/kultur\/fatoumata-diawara-pa-cosmopolite-28-mars\/"},"modified":"2020-03-02T00:00:00","modified_gmt":"2020-03-01T23:00:00","slug":"fatoumata-diawara-pa-cosmopolite-28-mars","status":"publish","type":"post","link":"https:\/\/www.france.no\/no\/2020\/kultur\/fatoumata-diawara-pa-cosmopolite-28-mars\/","title":{"rendered":"Fatoumata Diawara p\u00e5 Cosmopolite 28. mars"},"content":{"rendered":"<p class=\"chapo\">I anledning avslutningen p\u00e5 frankofonifestivalen 2020, blir det konsert med Fatoumata Diawara, en av de mest vitale formidlerne av moderne afrikansk musikk p\u00e5 Cosmopolite.<!--more--><\/p>\n<p>La deg rive med av Fatoumata Diawaras fargerike univers\u00a0 i anledning avslutningen p\u00e5 frankofonifestivalen 2020.<\/p>\n<p>Dette arrangementet er organisert av Institut fran\u00e7ais og Cosmopolite i anledning frankofonifestivalen. Den organiseres hvert \u00e5r i mars, og tilbyr\u00a0 et program som reflekterer det kulturelle mangfoldet i medlemslandene. Denne festivalen er en mulighet til \u00e5 diskutere frankofonien, dens betydning og hva den setter p\u00e5 dagsorden.\u00a0<\/p>\n<p>Fatoumata Diawara har i l\u00f8pet av det siste ti\u00e5ret etablert seg som en av de mest interessante stemmene og vitale formidlerne av moderne afrikansk musikk. Hun tar kunsten sin til spennende h\u00f8yder p\u00e5 sitt nyeste, kritikerroste album \u00abFenfo\u00bb, som for \u00f8vrig h\u00f8stet en GRAMMY-nominasjon.<\/p>\n<p>Du finner mer info p\u00e5<a href=\"https:\/\/www.facebook.com\/events\/2186652384768988\/\"> Facebookarrangementet<\/a><\/p>\n<p><a href=\"https:\/\/www.ticketmaster.no\/event\/621989?fbclid=IwAR0gCdRl7Zq1UgbfFkb72IWYFCk3qmEbZVeFQSTIDVim0vIBdQFK1KlV3ZY\">Kj\u00f8p billetter her<\/a><\/p>\n","protected":false},"excerpt":{"rendered":"<p>I anledning avslutningen p\u00e5 frankofonifestivalen 2020, blir det konsert med Fatoumata Diawara, en av de mest vitale formidlerne av moderne afrikansk musikk p\u00e5 Cosmopolite.<\/p>\n","protected":false},"author":1,"featured_media":1429,"comment_status":"closed","ping_status":"closed","sticky":false,"template":"","format":"standard","meta":{"footnotes":""},"categories":[5],"tags":[],"class_list":["post-1431","post","type-post","status-publish","format-standard","has-post-thumbnail","hentry","category-kultur"],"yoast_head":"<!-- This site is optimized with the Yoast SEO plugin v24.2 - https:\/\/yoast.com\/wordpress\/plugins\/seo\/ -->\n<title>Fatoumata Diawara p\u00e5 Cosmopolite 28. mars - Institut fran\u00e7ais<\/title>\n<meta name=\"robots\" content=\"index, follow, max-snippet:-1, max-image-preview:large, max-video-preview:-1\" \/>\n<link rel=\"canonical\" href=\"https:\/\/www.france.no\/no\/2020\/kultur\/fatoumata-diawara-pa-cosmopolite-28-mars\/\" \/>\n<meta property=\"og:locale\" content=\"nb_NO\" \/>\n<meta property=\"og:type\" content=\"article\" \/>\n<meta property=\"og:title\" content=\"Fatoumata Diawara p\u00e5 Cosmopolite 28. mars - Institut fran\u00e7ais\" \/>\n<meta property=\"og:description\" content=\"I anledning avslutningen p\u00e5 frankofonifestivalen 2020, blir det konsert med Fatoumata Diawara, en av de mest vitale formidlerne av moderne afrikansk musikk p\u00e5 Cosmopolite.\" \/>\n<meta property=\"og:url\" content=\"https:\/\/www.france.no\/no\/2020\/kultur\/fatoumata-diawara-pa-cosmopolite-28-mars\/\" \/>\n<meta property=\"og:site_name\" content=\"Institut fran\u00e7ais\" \/>\n<meta property=\"article:publisher\" content=\"https:\/\/www.facebook.com\/institutfrancaisoslo\" \/>\n<meta property=\"article:published_time\" content=\"2020-03-01T23:00:00+00:00\" \/>\n<meta property=\"og:image\" content=\"https:\/\/www.france.no\/wp-content\/uploads\/2022\/09\/28-mars-_-francophonie-concert-fatoumata-diawara-1098x617.jpg\" \/>\n\t<meta property=\"og:image:width\" content=\"2000\" \/>\n\t<meta property=\"og:image:height\" content=\"1333\" \/>\n\t<meta property=\"og:image:type\" content=\"image\/jpeg\" \/>\n<meta name=\"author\" content=\"admin_ifno\" \/>\n<meta name=\"twitter:card\" content=\"summary_large_image\" \/>\n<meta name=\"twitter:creator\" content=\"@ifnorvege\" \/>\n<meta name=\"twitter:site\" content=\"@ifnorvege\" \/>\n<meta name=\"twitter:label1\" content=\"Skrevet av\" \/>\n\t<meta name=\"twitter:data1\" content=\"admin_ifno\" \/>\n\t<meta name=\"twitter:label2\" content=\"Ansl. lesetid\" \/>\n\t<meta name=\"twitter:data2\" content=\"1 minutt\" \/>\n<script type=\"application\/ld+json\" class=\"yoast-schema-graph\">{\"@context\":\"https:\/\/schema.org\",\"@graph\":[{\"@type\":\"Article\",\"@id\":\"https:\/\/www.france.no\/no\/2020\/kultur\/fatoumata-diawara-pa-cosmopolite-28-mars\/#article\",\"isPartOf\":{\"@id\":\"https:\/\/www.france.no\/no\/2020\/kultur\/fatoumata-diawara-pa-cosmopolite-28-mars\/\"},\"author\":{\"name\":\"admin_ifno\",\"@id\":\"https:\/\/www.france.no\/no\/#\/schema\/person\/4fdc0b263d8f27bb00a55f55d2fa3ab0\"},\"headline\":\"Fatoumata Diawara p\u00e5 Cosmopolite 28. mars\",\"datePublished\":\"2020-03-01T23:00:00+00:00\",\"dateModified\":\"2020-03-01T23:00:00+00:00\",\"mainEntityOfPage\":{\"@id\":\"https:\/\/www.france.no\/no\/2020\/kultur\/fatoumata-diawara-pa-cosmopolite-28-mars\/\"},\"wordCount\":146,\"publisher\":{\"@id\":\"https:\/\/www.france.no\/no\/#organization\"},\"image\":{\"@id\":\"https:\/\/www.france.no\/no\/2020\/kultur\/fatoumata-diawara-pa-cosmopolite-28-mars\/#primaryimage\"},\"thumbnailUrl\":\"https:\/\/www.france.no\/wp-content\/uploads\/2022\/09\/28-mars-_-francophonie-concert-fatoumata-diawara-1098x617.jpg\",\"articleSection\":[\"Kultur\"],\"inLanguage\":\"nb-NO\"},{\"@type\":\"WebPage\",\"@id\":\"https:\/\/www.france.no\/no\/2020\/kultur\/fatoumata-diawara-pa-cosmopolite-28-mars\/\",\"url\":\"https:\/\/www.france.no\/no\/2020\/kultur\/fatoumata-diawara-pa-cosmopolite-28-mars\/\",\"name\":\"Fatoumata Diawara p\u00e5 Cosmopolite 28. mars - Institut fran\u00e7ais\",\"isPartOf\":{\"@id\":\"https:\/\/www.france.no\/no\/#website\"},\"primaryImageOfPage\":{\"@id\":\"https:\/\/www.france.no\/no\/2020\/kultur\/fatoumata-diawara-pa-cosmopolite-28-mars\/#primaryimage\"},\"image\":{\"@id\":\"https:\/\/www.france.no\/no\/2020\/kultur\/fatoumata-diawara-pa-cosmopolite-28-mars\/#primaryimage\"},\"thumbnailUrl\":\"https:\/\/www.france.no\/wp-content\/uploads\/2022\/09\/28-mars-_-francophonie-concert-fatoumata-diawara-1098x617.jpg\",\"datePublished\":\"2020-03-01T23:00:00+00:00\",\"dateModified\":\"2020-03-01T23:00:00+00:00\",\"breadcrumb\":{\"@id\":\"https:\/\/www.france.no\/no\/2020\/kultur\/fatoumata-diawara-pa-cosmopolite-28-mars\/#breadcrumb\"},\"inLanguage\":\"nb-NO\",\"potentialAction\":[{\"@type\":\"ReadAction\",\"target\":[\"https:\/\/www.france.no\/no\/2020\/kultur\/fatoumata-diawara-pa-cosmopolite-28-mars\/\"]}]},{\"@type\":\"ImageObject\",\"inLanguage\":\"nb-NO\",\"@id\":\"https:\/\/www.france.no\/no\/2020\/kultur\/fatoumata-diawara-pa-cosmopolite-28-mars\/#primaryimage\",\"url\":\"https:\/\/www.france.no\/wp-content\/uploads\/2022\/09\/28-mars-_-francophonie-concert-fatoumata-diawara-1098x617.jpg\",\"contentUrl\":\"https:\/\/www.france.no\/wp-content\/uploads\/2022\/09\/28-mars-_-francophonie-concert-fatoumata-diawara-1098x617.jpg\",\"width\":2000,\"height\":1333},{\"@type\":\"BreadcrumbList\",\"@id\":\"https:\/\/www.france.no\/no\/2020\/kultur\/fatoumata-diawara-pa-cosmopolite-28-mars\/#breadcrumb\",\"itemListElement\":[{\"@type\":\"ListItem\",\"position\":1,\"name\":\"\",\"item\":\"https:\/\/www.france.no\/no\/\"},{\"@type\":\"ListItem\",\"position\":2,\"name\":\"Kultur\",\"item\":\"https:\/\/www.france.no\/no\/category\/kultur\/\"},{\"@type\":\"ListItem\",\"position\":3,\"name\":\"Fatoumata Diawara p\u00e5 Cosmopolite 28. mars\"}]},{\"@type\":\"WebSite\",\"@id\":\"https:\/\/www.france.no\/no\/#website\",\"url\":\"https:\/\/www.france.no\/no\/\",\"name\":\"Institut fran\u00e7ais\",\"description\":\"Norv\u00e8ge\",\"publisher\":{\"@id\":\"https:\/\/www.france.no\/no\/#organization\"},\"potentialAction\":[{\"@type\":\"SearchAction\",\"target\":{\"@type\":\"EntryPoint\",\"urlTemplate\":\"https:\/\/www.france.no\/no\/?s={search_term_string}\"},\"query-input\":{\"@type\":\"PropertyValueSpecification\",\"valueRequired\":true,\"valueName\":\"search_term_string\"}}],\"inLanguage\":\"nb-NO\"},{\"@type\":\"Organization\",\"@id\":\"https:\/\/www.france.no\/no\/#organization\",\"name\":\"Institut fran\u00e7ais\",\"url\":\"https:\/\/www.france.no\/no\/\",\"logo\":{\"@type\":\"ImageObject\",\"inLanguage\":\"nb-NO\",\"@id\":\"https:\/\/www.france.no\/no\/#\/schema\/logo\/image\/\",\"url\":\"https:\/\/www.france.no\/wp-content\/uploads\/2022\/11\/IF_Logo_Sans_Bleu_RVB.png\",\"contentUrl\":\"https:\/\/www.france.no\/wp-content\/uploads\/2022\/11\/IF_Logo_Sans_Bleu_RVB.png\",\"width\":852,\"height\":591,\"caption\":\"Institut fran\u00e7ais\"},\"image\":{\"@id\":\"https:\/\/www.france.no\/no\/#\/schema\/logo\/image\/\"},\"sameAs\":[\"https:\/\/www.facebook.com\/institutfrancaisoslo\",\"https:\/\/x.com\/ifnorvege\",\"https:\/\/instagram.com\/ifnorvege\"]},{\"@type\":\"Person\",\"@id\":\"https:\/\/www.france.no\/no\/#\/schema\/person\/4fdc0b263d8f27bb00a55f55d2fa3ab0\",\"name\":\"admin_ifno\",\"image\":{\"@type\":\"ImageObject\",\"inLanguage\":\"nb-NO\",\"@id\":\"https:\/\/www.france.no\/no\/#\/schema\/person\/image\/\",\"url\":\"https:\/\/secure.gravatar.com\/avatar\/20f70e61054e6ae673edda3c0dc13670e46e51786443041c70a7eb2da859ae2a?s=96&d=mm&r=g\",\"contentUrl\":\"https:\/\/secure.gravatar.com\/avatar\/20f70e61054e6ae673edda3c0dc13670e46e51786443041c70a7eb2da859ae2a?s=96&d=mm&r=g\",\"caption\":\"admin_ifno\"},\"sameAs\":[\"https:\/\/www.france.no\"],\"url\":\"https:\/\/www.france.no\/no\/author\/admin_ifno\/\"}]}<\/script>\n<!-- \/ Yoast SEO plugin. -->","yoast_head_json":{"title":"Fatoumata Diawara p\u00e5 Cosmopolite 28. mars - Institut fran\u00e7ais","robots":{"index":"index","follow":"follow","max-snippet":"max-snippet:-1","max-image-preview":"max-image-preview:large","max-video-preview":"max-video-preview:-1"},"canonical":"https:\/\/www.france.no\/no\/2020\/kultur\/fatoumata-diawara-pa-cosmopolite-28-mars\/","og_locale":"nb_NO","og_type":"article","og_title":"Fatoumata Diawara p\u00e5 Cosmopolite 28. mars - Institut fran\u00e7ais","og_description":"I anledning avslutningen p\u00e5 frankofonifestivalen 2020, blir det konsert med Fatoumata Diawara, en av de mest vitale formidlerne av moderne afrikansk musikk p\u00e5 Cosmopolite.","og_url":"https:\/\/www.france.no\/no\/2020\/kultur\/fatoumata-diawara-pa-cosmopolite-28-mars\/","og_site_name":"Institut fran\u00e7ais","article_publisher":"https:\/\/www.facebook.com\/institutfrancaisoslo","article_published_time":"2020-03-01T23:00:00+00:00","og_image":[{"width":2000,"height":1333,"url":"https:\/\/www.france.no\/wp-content\/uploads\/2022\/09\/28-mars-_-francophonie-concert-fatoumata-diawara-1098x617.jpg","type":"image\/jpeg"}],"author":"admin_ifno","twitter_card":"summary_large_image","twitter_creator":"@ifnorvege","twitter_site":"@ifnorvege","twitter_misc":{"Skrevet av":"admin_ifno","Ansl. lesetid":"1 minutt"},"schema":{"@context":"https:\/\/schema.org","@graph":[{"@type":"Article","@id":"https:\/\/www.france.no\/no\/2020\/kultur\/fatoumata-diawara-pa-cosmopolite-28-mars\/#article","isPartOf":{"@id":"https:\/\/www.france.no\/no\/2020\/kultur\/fatoumata-diawara-pa-cosmopolite-28-mars\/"},"author":{"name":"admin_ifno","@id":"https:\/\/www.france.no\/no\/#\/schema\/person\/4fdc0b263d8f27bb00a55f55d2fa3ab0"},"headline":"Fatoumata Diawara p\u00e5 Cosmopolite 28. mars","datePublished":"2020-03-01T23:00:00+00:00","dateModified":"2020-03-01T23:00:00+00:00","mainEntityOfPage":{"@id":"https:\/\/www.france.no\/no\/2020\/kultur\/fatoumata-diawara-pa-cosmopolite-28-mars\/"},"wordCount":146,"publisher":{"@id":"https:\/\/www.france.no\/no\/#organization"},"image":{"@id":"https:\/\/www.france.no\/no\/2020\/kultur\/fatoumata-diawara-pa-cosmopolite-28-mars\/#primaryimage"},"thumbnailUrl":"https:\/\/www.france.no\/wp-content\/uploads\/2022\/09\/28-mars-_-francophonie-concert-fatoumata-diawara-1098x617.jpg","articleSection":["Kultur"],"inLanguage":"nb-NO"},{"@type":"WebPage","@id":"https:\/\/www.france.no\/no\/2020\/kultur\/fatoumata-diawara-pa-cosmopolite-28-mars\/","url":"https:\/\/www.france.no\/no\/2020\/kultur\/fatoumata-diawara-pa-cosmopolite-28-mars\/","name":"Fatoumata Diawara p\u00e5 Cosmopolite 28. mars - Institut fran\u00e7ais","isPartOf":{"@id":"https:\/\/www.france.no\/no\/#website"},"primaryImageOfPage":{"@id":"https:\/\/www.france.no\/no\/2020\/kultur\/fatoumata-diawara-pa-cosmopolite-28-mars\/#primaryimage"},"image":{"@id":"https:\/\/www.france.no\/no\/2020\/kultur\/fatoumata-diawara-pa-cosmopolite-28-mars\/#primaryimage"},"thumbnailUrl":"https:\/\/www.france.no\/wp-content\/uploads\/2022\/09\/28-mars-_-francophonie-concert-fatoumata-diawara-1098x617.jpg","datePublished":"2020-03-01T23:00:00+00:00","dateModified":"2020-03-01T23:00:00+00:00","breadcrumb":{"@id":"https:\/\/www.france.no\/no\/2020\/kultur\/fatoumata-diawara-pa-cosmopolite-28-mars\/#breadcrumb"},"inLanguage":"nb-NO","potentialAction":[{"@type":"ReadAction","target":["https:\/\/www.france.no\/no\/2020\/kultur\/fatoumata-diawara-pa-cosmopolite-28-mars\/"]}]},{"@type":"ImageObject","inLanguage":"nb-NO","@id":"https:\/\/www.france.no\/no\/2020\/kultur\/fatoumata-diawara-pa-cosmopolite-28-mars\/#primaryimage","url":"https:\/\/www.france.no\/wp-content\/uploads\/2022\/09\/28-mars-_-francophonie-concert-fatoumata-diawara-1098x617.jpg","contentUrl":"https:\/\/www.france.no\/wp-content\/uploads\/2022\/09\/28-mars-_-francophonie-concert-fatoumata-diawara-1098x617.jpg","width":2000,"height":1333},{"@type":"BreadcrumbList","@id":"https:\/\/www.france.no\/no\/2020\/kultur\/fatoumata-diawara-pa-cosmopolite-28-mars\/#breadcrumb","itemListElement":[{"@type":"ListItem","position":1,"name":"","item":"https:\/\/www.france.no\/no\/"},{"@type":"ListItem","position":2,"name":"Kultur","item":"https:\/\/www.france.no\/no\/category\/kultur\/"},{"@type":"ListItem","position":3,"name":"Fatoumata Diawara p\u00e5 Cosmopolite 28. mars"}]},{"@type":"WebSite","@id":"https:\/\/www.france.no\/no\/#website","url":"https:\/\/www.france.no\/no\/","name":"Institut fran\u00e7ais","description":"Norv\u00e8ge","publisher":{"@id":"https:\/\/www.france.no\/no\/#organization"},"potentialAction":[{"@type":"SearchAction","target":{"@type":"EntryPoint","urlTemplate":"https:\/\/www.france.no\/no\/?s={search_term_string}"},"query-input":{"@type":"PropertyValueSpecification","valueRequired":true,"valueName":"search_term_string"}}],"inLanguage":"nb-NO"},{"@type":"Organization","@id":"https:\/\/www.france.no\/no\/#organization","name":"Institut fran\u00e7ais","url":"https:\/\/www.france.no\/no\/","logo":{"@type":"ImageObject","inLanguage":"nb-NO","@id":"https:\/\/www.france.no\/no\/#\/schema\/logo\/image\/","url":"https:\/\/www.france.no\/wp-content\/uploads\/2022\/11\/IF_Logo_Sans_Bleu_RVB.png","contentUrl":"https:\/\/www.france.no\/wp-content\/uploads\/2022\/11\/IF_Logo_Sans_Bleu_RVB.png","width":852,"height":591,"caption":"Institut fran\u00e7ais"},"image":{"@id":"https:\/\/www.france.no\/no\/#\/schema\/logo\/image\/"},"sameAs":["https:\/\/www.facebook.com\/institutfrancaisoslo","https:\/\/x.com\/ifnorvege","https:\/\/instagram.com\/ifnorvege"]},{"@type":"Person","@id":"https:\/\/www.france.no\/no\/#\/schema\/person\/4fdc0b263d8f27bb00a55f55d2fa3ab0","name":"admin_ifno","image":{"@type":"ImageObject","inLanguage":"nb-NO","@id":"https:\/\/www.france.no\/no\/#\/schema\/person\/image\/","url":"https:\/\/secure.gravatar.com\/avatar\/20f70e61054e6ae673edda3c0dc13670e46e51786443041c70a7eb2da859ae2a?s=96&d=mm&r=g","contentUrl":"https:\/\/secure.gravatar.com\/avatar\/20f70e61054e6ae673edda3c0dc13670e46e51786443041c70a7eb2da859ae2a?s=96&d=mm&r=g","caption":"admin_ifno"},"sameAs":["https:\/\/www.france.no"],"url":"https:\/\/www.france.no\/no\/author\/admin_ifno\/"}]}},"_links":{"self":[{"href":"https:\/\/www.france.no\/no\/wp-json\/wp\/v2\/posts\/1431","targetHints":{"allow":["GET"]}}],"collection":[{"href":"https:\/\/www.france.no\/no\/wp-json\/wp\/v2\/posts"}],"about":[{"href":"https:\/\/www.france.no\/no\/wp-json\/wp\/v2\/types\/post"}],"author":[{"embeddable":true,"href":"https:\/\/www.france.no\/no\/wp-json\/wp\/v2\/users\/1"}],"replies":[{"embeddable":true,"href":"https:\/\/www.france.no\/no\/wp-json\/wp\/v2\/comments?post=1431"}],"version-history":[{"count":0,"href":"https:\/\/www.france.no\/no\/wp-json\/wp\/v2\/posts\/1431\/revisions"}],"wp:featuredmedia":[{"embeddable":true,"href":"https:\/\/www.france.no\/no\/wp-json\/wp\/v2\/media\/1429"}],"wp:attachment":[{"href":"https:\/\/www.france.no\/no\/wp-json\/wp\/v2\/media?parent=1431"}],"wp:term":[{"taxonomy":"category","embeddable":true,"href":"https:\/\/www.france.no\/no\/wp-json\/wp\/v2\/categories?post=1431"},{"taxonomy":"post_tag","embeddable":true,"href":"https:\/\/www.france.no\/no\/wp-json\/wp\/v2\/tags?post=1431"}],"curies":[{"name":"wp","href":"https:\/\/api.w.org\/{rel}","templated":true}]}}