{"id":14810,"date":"2025-08-27T16:07:49","date_gmt":"2025-08-27T14:07:49","guid":{"rendered":"https:\/\/www.france.no\/?p=14810"},"modified":"2025-12-05T09:03:38","modified_gmt":"2025-12-05T08:03:38","slug":"kurs-for-fransklaerere-i-stavanger","status":"publish","type":"post","link":"https:\/\/www.france.no\/no\/2025\/utdanning-og-fransk-sprak\/kurs-for-fransklaerere-i-stavanger\/","title":{"rendered":"Kurs for franskl\u00e6rere i Stavanger"},"content":{"rendered":"\n<p><strong>Institut fran\u00e7ais de Norv\u00e8ge,&nbsp;<\/strong><a href=\"https:\/\/dmum.no\/nb\/\" target=\"_blank\" rel=\"noreferrer noopener\"><strong>FLAM-foreningen Dessine-moi un Mouton \u2013 den franske klubben (DMUM)<\/strong><\/a><strong>&nbsp;og&nbsp;<\/strong><a href=\"https:\/\/franskkulturhus.no\/no\/\" target=\"_blank\" rel=\"noreferrer noopener\"><strong>Fransk kulturhus<\/strong><\/a> <strong>har gleden av \u00e5 invitere franskl\u00e6rere i Stavanger og omegn til et kurs.<\/strong><\/p>\n\n\n\n<p><strong>Fremtidige franskl\u00e6rere er ogs\u00e5 velkomne!<\/strong><\/p>\n\n\n\n<p><strong>N\u00e5r?<\/strong> L\u00f8rdag 27. september 2025 fra 08:00 til 12:30.&nbsp;<br><strong>Hvor?<\/strong>\u202f Dessine-moi un Mouton \u2013 den franske klubben (DMUM), Langfl\u00e5tveien 36, 4017 Stavanger&nbsp;<\/p>\n\n\n\n<p><strong>Kurset er gratis.<\/strong><\/p>\n\n\n\n<p><strong>Vi serverer kaffe\/te og bakverk.<\/strong><\/p>\n\n\n\n<p><strong>Obligatorisk p\u00e5melding f\u00f8r 25. september <\/strong>via skjemaet nederst p\u00e5 siden.<\/p>\n\n\n\n<p><strong>Det er et begrenset antall plasser!<\/strong><\/p>\n\n\n\n<hr class=\"wp-block-separator has-alpha-channel-opacity\"\/>\n\n\n\n<p class=\"has-large-font-size\"><strong>PROGRAM<\/strong><\/p>\n\n\n\n<p class=\"has-accent-color has-text-color has-link-color wp-elements-2d02ae429788faa6382092093d90ef73\"><strong>07:50 \u2013 Oppm\u00f8te<\/strong>&nbsp;<\/p>\n\n\n\n<p class=\"has-accent-color has-text-color has-link-color wp-elements-4e192498e215e9c3d56229eeef85e526\"><strong>08:00-08:05 \u2013 Velkomsthilsen<\/strong><\/p>\n\n\n\n<p><strong>08:05-10:05<\/strong>&nbsp;<\/p>\n\n\n\n<p><strong>Verksted 1:<em>&nbsp;Gilles Vogt,&nbsp;<\/em><\/strong>l\u00e6rer i fransk som fremmedspr\u00e5k ved&nbsp;<a href=\"https:\/\/franskkulturhus.no\/no\/\" target=\"_blank\" rel=\"noreferrer noopener\">Fransk kulturhus<\/a>&nbsp;og historiker&nbsp;<\/p>\n\n\n\n<p><strong>Oppdag og ta i bruk Frankrikes regionale spr\u00e5k i klasserommet<\/strong><\/p>\n\n\n\n<p>Frankrike blir ofte oppfattet som et enspr\u00e5klig land, dominert av \u00abstandardfransk\u00bb. Det finnes allikevel flere regionale spr\u00e5k som fremdeles snakkes, som blant annet bretonsk, oksitansk, korsikansk, alsasisk, kreolsk og baskisk. Denne spr\u00e5klige og kulturelle arven, som ofte er mindre kjent, gir en enest\u00e5ende mulighet til \u00e5 berike i franskundervisningen.<\/p>\n\n\n\n<p>I dette verkstedet vil vi utforske Frankrikes flerspr\u00e5klige landskap gjennom en historisk, sosiolingvistisk og pedagogisk tiln\u00e6rming. Vi vil se hvordan de regionale spr\u00e5kene kan bli et originalt verkt\u00f8y for \u00e5 arbeide med muntlig forst\u00e5else, spr\u00e5klige sammenligninger, interkulturell bevissthet og konstruktiv diskusjon. Deltakerne vil bli invitert til \u00e5 utvikle en aktivitet som kan brukes i klasserommet, tilpasset deres egen undervisningskontekst.<\/p>\n\n\n\n<p class=\"has-accent-color has-text-color has-link-color wp-elements-7497fcc79a4fbb9a314e20c2c3c73163\"><strong>10:05-10:20 \u2013 Pause&nbsp;<\/strong><\/p>\n\n\n\n<p><strong>10:20-12:20<\/strong>&nbsp;<\/p>\n\n\n\n<p><strong>Verksted 2 :&nbsp;<em>Maxime Rouchet<\/em><\/strong>, l\u00e6rer i fransk som fremmedspr\u00e5k ved&nbsp;<a href=\"https:\/\/franskkulturhus.no\/no\/\" target=\"_blank\" rel=\"noreferrer noopener\">Fransk kulturhus<\/a>&nbsp;og kunst og h\u00e5ndverksl\u00e6rer ved <a href=\"https:\/\/lfo.no\/nb\/\" target=\"_blank\" rel=\"noreferrer noopener\">Den franske skolen (Lyc\u00e9e fran\u00e7ais Ren\u00e9 Cassin d\u2019Oslo)<\/a><\/p>\n\n\n\n<p><strong>Hvordan kan kunstig intelligens brukes til \u00e5 introdusere kulturelt og kunstnerisk innhold i franskundervisningen?<\/strong><\/p>\n\n\n\n<p>Dette verkstedet har som m\u00e5l \u00e5 hjelpe l\u00e6rere med \u00e5 integrere kunstig intelligens sin pedagogiske praksis i franskundervisningen. Gjennom ulike konkrete aktiviteter vil deltakerne l\u00e6re hvordan de kan bruke KI-verkt\u00f8y til \u00e5 skape eller tilpasse ressurser som fremhever kulturelt og kunstnerisk innhold. Verkstedet vil ogs\u00e5 gi forslag til hvordan disse ressursene kan utnyttes i arbeidet med spr\u00e5klige ferdigheter, b\u00e5de fra et kreativt og interkulturelt perspektiv.<\/p>\n\n\n\n<p class=\"has-accent-color has-text-color has-link-color wp-elements-0082d2ef212bbcbd526d12f093ff7b1b\"><strong>12:20-12:30 \u2013 Avsluttende ord<\/strong><\/p>\n\n\n\n<hr class=\"wp-block-separator has-alpha-channel-opacity\"\/>\n\n\n\n<p class=\"has-secondary-color has-text-color has-link-color wp-elements-845dc70f3f3a1894fb9a8303663f2594\"><strong>For p\u00e5melding, vennligst fyll ut skjemaet nedenfor:<\/strong><\/p>\n\n\n\n\n\n<hr class=\"wp-block-separator has-alpha-channel-opacity\"\/>\n\n\n\n<div class=\"wp-block-columns is-layout-flex wp-container-core-columns-is-layout-9d6595d7 wp-block-columns-is-layout-flex\">\n<div class=\"wp-block-column is-layout-flow wp-block-column-is-layout-flow\" style=\"flex-basis:33.34%\">\n<figure class=\"wp-block-image size-full\"><img loading=\"lazy\" decoding=\"async\" width=\"600\" height=\"300\" src=\"https:\/\/www.france.no\/wp-content\/uploads\/2025\/08\/DMUM-Logo-for-Web-TB.webp\" alt=\"\" class=\"wp-image-14792\" srcset=\"https:\/\/www.france.no\/wp-content\/uploads\/2025\/08\/DMUM-Logo-for-Web-TB.webp 600w, https:\/\/www.france.no\/wp-content\/uploads\/2025\/08\/DMUM-Logo-for-Web-TB-300x150.webp 300w\" sizes=\"auto, (max-width: 600px) 100vw, 600px\" \/><\/figure>\n\n\n\n<p><br><\/p>\n<\/div>\n\n\n\n<div class=\"wp-block-column is-layout-flow wp-block-column-is-layout-flow\" style=\"flex-basis:33.33%\">\n<figure class=\"wp-block-image size-large\"><img loading=\"lazy\" decoding=\"async\" width=\"1024\" height=\"696\" src=\"https:\/\/www.france.no\/wp-content\/uploads\/2024\/09\/Fransk-kulturhus-CMJN-1024x696.png\" alt=\"\" class=\"wp-image-8792\" srcset=\"https:\/\/www.france.no\/wp-content\/uploads\/2024\/09\/Fransk-kulturhus-CMJN-1024x696.png 1024w, https:\/\/www.france.no\/wp-content\/uploads\/2024\/09\/Fransk-kulturhus-CMJN-300x204.png 300w, https:\/\/www.france.no\/wp-content\/uploads\/2024\/09\/Fransk-kulturhus-CMJN-768x522.png 768w, https:\/\/www.france.no\/wp-content\/uploads\/2024\/09\/Fransk-kulturhus-CMJN-1200x816.png 1200w, https:\/\/www.france.no\/wp-content\/uploads\/2024\/09\/Fransk-kulturhus-CMJN.png 1533w\" sizes=\"auto, (max-width: 1024px) 100vw, 1024px\" \/><\/figure>\n<\/div>\n\n\n\n<div class=\"wp-block-column is-layout-flow wp-block-column-is-layout-flow\" style=\"flex-basis:33.33%\">\n<figure class=\"wp-block-image size-large\"><img loading=\"lazy\" decoding=\"async\" width=\"1024\" height=\"758\" src=\"https:\/\/www.france.no\/wp-content\/uploads\/2024\/09\/IFN_Logo-fond-transparent-1024x758.png\" alt=\"\" class=\"wp-image-8796\" srcset=\"https:\/\/www.france.no\/wp-content\/uploads\/2024\/09\/IFN_Logo-fond-transparent-1024x758.png 1024w, https:\/\/www.france.no\/wp-content\/uploads\/2024\/09\/IFN_Logo-fond-transparent-300x222.png 300w, https:\/\/www.france.no\/wp-content\/uploads\/2024\/09\/IFN_Logo-fond-transparent-768x568.png 768w, https:\/\/www.france.no\/wp-content\/uploads\/2024\/09\/IFN_Logo-fond-transparent-1536x1137.png 1536w, https:\/\/www.france.no\/wp-content\/uploads\/2024\/09\/IFN_Logo-fond-transparent-1200x888.png 1200w, https:\/\/www.france.no\/wp-content\/uploads\/2024\/09\/IFN_Logo-fond-transparent-1980x1466.png 1980w, https:\/\/www.france.no\/wp-content\/uploads\/2024\/09\/IFN_Logo-fond-transparent.png 2040w\" sizes=\"auto, (max-width: 1024px) 100vw, 1024px\" \/><\/figure>\n<\/div>\n<\/div>\n","protected":false},"excerpt":{"rendered":"<p>Institut fran\u00e7ais de Norv\u00e8ge,&nbsp;FLAM-foreningen Dessine-moi un Mouton \u2013 den franske klubben (DMUM)&nbsp;og&nbsp;Fransk kulturhus har gleden av \u00e5 invitere franskl\u00e6rere i Stavanger og omegn til et kurs. Fremtidige franskl\u00e6rere er ogs\u00e5 velkomne! N\u00e5r? L\u00f8rdag 27. september 2025 fra 08:00 til 12:30.&nbsp;Hvor?\u202f Dessine-moi un Mouton \u2013 den franske klubben (DMUM), Langfl\u00e5tveien 36, 4017 Stavanger&nbsp; Kurset er gratis. [&hellip;]<\/p>\n","protected":false},"author":6,"featured_media":14816,"comment_status":"closed","ping_status":"closed","sticky":false,"template":"","format":"standard","meta":{"footnotes":""},"categories":[13],"tags":[],"class_list":["post-14810","post","type-post","status-publish","format-standard","has-post-thumbnail","hentry","category-utdanning-og-fransk-sprak"],"yoast_head":"<!-- This site is optimized with the Yoast SEO plugin v27.3 - https:\/\/yoast.com\/product\/yoast-seo-wordpress\/ -->\n<title>Kurs for franskl\u00e6rere i Stavanger - Institut fran\u00e7ais<\/title>\n<meta name=\"robots\" content=\"index, follow, max-snippet:-1, max-image-preview:large, max-video-preview:-1\" \/>\n<link rel=\"canonical\" href=\"https:\/\/www.france.no\/no\/2025\/utdanning-og-fransk-sprak\/kurs-for-fransklaerere-i-stavanger\/\" \/>\n<meta property=\"og:locale\" content=\"nb_NO\" \/>\n<meta property=\"og:type\" content=\"article\" \/>\n<meta property=\"og:title\" content=\"Kurs for franskl\u00e6rere i Stavanger - Institut fran\u00e7ais\" \/>\n<meta property=\"og:description\" content=\"Institut fran\u00e7ais de Norv\u00e8ge,&nbsp;FLAM-foreningen Dessine-moi un Mouton \u2013 den franske klubben (DMUM)&nbsp;og&nbsp;Fransk kulturhus har gleden av \u00e5 invitere franskl\u00e6rere i Stavanger og omegn til et kurs. Fremtidige franskl\u00e6rere er ogs\u00e5 velkomne! N\u00e5r? L\u00f8rdag 27. september 2025 fra 08:00 til 12:30.&nbsp;Hvor?\u202f Dessine-moi un Mouton \u2013 den franske klubben (DMUM), Langfl\u00e5tveien 36, 4017 Stavanger&nbsp; Kurset er gratis. [&hellip;]\" \/>\n<meta property=\"og:url\" content=\"https:\/\/www.france.no\/no\/2025\/utdanning-og-fransk-sprak\/kurs-for-fransklaerere-i-stavanger\/\" \/>\n<meta property=\"og:site_name\" content=\"Institut fran\u00e7ais\" \/>\n<meta property=\"article:publisher\" content=\"https:\/\/www.facebook.com\/institutfrancaisoslo\" \/>\n<meta property=\"article:published_time\" content=\"2025-08-27T14:07:49+00:00\" \/>\n<meta property=\"article:modified_time\" content=\"2025-12-05T08:03:38+00:00\" \/>\n<meta property=\"og:image\" content=\"https:\/\/www.france.no\/wp-content\/uploads\/2025\/08\/Formation-Stavanger-27-sept-2025-1-1024x576.png\" \/>\n\t<meta property=\"og:image:width\" content=\"1024\" \/>\n\t<meta property=\"og:image:height\" content=\"576\" \/>\n\t<meta property=\"og:image:type\" content=\"image\/png\" \/>\n<meta name=\"author\" content=\"P\u00f4le Communication\" \/>\n<meta name=\"twitter:card\" content=\"summary_large_image\" \/>\n<meta name=\"twitter:creator\" content=\"@ifnorvege\" \/>\n<meta name=\"twitter:site\" content=\"@ifnorvege\" \/>\n<meta name=\"twitter:label1\" content=\"Skrevet av\" \/>\n\t<meta name=\"twitter:data1\" content=\"P\u00f4le Communication\" \/>\n\t<meta name=\"twitter:label2\" content=\"Ansl. lesetid\" \/>\n\t<meta name=\"twitter:data2\" content=\"3 minutter\" \/>\n<script type=\"application\/ld+json\" class=\"yoast-schema-graph\">{\"@context\":\"https:\\\/\\\/schema.org\",\"@graph\":[{\"@type\":\"Article\",\"@id\":\"https:\\\/\\\/www.france.no\\\/no\\\/2025\\\/utdanning-og-fransk-sprak\\\/kurs-for-fransklaerere-i-stavanger\\\/#article\",\"isPartOf\":{\"@id\":\"https:\\\/\\\/www.france.no\\\/no\\\/2025\\\/utdanning-og-fransk-sprak\\\/kurs-for-fransklaerere-i-stavanger\\\/\"},\"author\":{\"name\":\"P\u00f4le Communication\",\"@id\":\"https:\\\/\\\/www.france.no\\\/no\\\/#\\\/schema\\\/person\\\/e911222e8703f294589a6d80b1c16f97\"},\"headline\":\"Kurs for franskl\u00e6rere i Stavanger\",\"datePublished\":\"2025-08-27T14:07:49+00:00\",\"dateModified\":\"2025-12-05T08:03:38+00:00\",\"mainEntityOfPage\":{\"@id\":\"https:\\\/\\\/www.france.no\\\/no\\\/2025\\\/utdanning-og-fransk-sprak\\\/kurs-for-fransklaerere-i-stavanger\\\/\"},\"wordCount\":376,\"publisher\":{\"@id\":\"https:\\\/\\\/www.france.no\\\/no\\\/#organization\"},\"image\":{\"@id\":\"https:\\\/\\\/www.france.no\\\/no\\\/2025\\\/utdanning-og-fransk-sprak\\\/kurs-for-fransklaerere-i-stavanger\\\/#primaryimage\"},\"thumbnailUrl\":\"https:\\\/\\\/www.france.no\\\/wp-content\\\/uploads\\\/2025\\\/08\\\/Formation-Stavanger-27-sept-2025-1-1098x617.png\",\"articleSection\":[\"Utdannelse og Fransk spr\u00e5ksamarbeid\"],\"inLanguage\":\"nb-NO\"},{\"@type\":\"WebPage\",\"@id\":\"https:\\\/\\\/www.france.no\\\/no\\\/2025\\\/utdanning-og-fransk-sprak\\\/kurs-for-fransklaerere-i-stavanger\\\/\",\"url\":\"https:\\\/\\\/www.france.no\\\/no\\\/2025\\\/utdanning-og-fransk-sprak\\\/kurs-for-fransklaerere-i-stavanger\\\/\",\"name\":\"Kurs for franskl\u00e6rere i Stavanger - Institut fran\u00e7ais\",\"isPartOf\":{\"@id\":\"https:\\\/\\\/www.france.no\\\/no\\\/#website\"},\"primaryImageOfPage\":{\"@id\":\"https:\\\/\\\/www.france.no\\\/no\\\/2025\\\/utdanning-og-fransk-sprak\\\/kurs-for-fransklaerere-i-stavanger\\\/#primaryimage\"},\"image\":{\"@id\":\"https:\\\/\\\/www.france.no\\\/no\\\/2025\\\/utdanning-og-fransk-sprak\\\/kurs-for-fransklaerere-i-stavanger\\\/#primaryimage\"},\"thumbnailUrl\":\"https:\\\/\\\/www.france.no\\\/wp-content\\\/uploads\\\/2025\\\/08\\\/Formation-Stavanger-27-sept-2025-1-1098x617.png\",\"datePublished\":\"2025-08-27T14:07:49+00:00\",\"dateModified\":\"2025-12-05T08:03:38+00:00\",\"breadcrumb\":{\"@id\":\"https:\\\/\\\/www.france.no\\\/no\\\/2025\\\/utdanning-og-fransk-sprak\\\/kurs-for-fransklaerere-i-stavanger\\\/#breadcrumb\"},\"inLanguage\":\"nb-NO\",\"potentialAction\":[{\"@type\":\"ReadAction\",\"target\":[\"https:\\\/\\\/www.france.no\\\/no\\\/2025\\\/utdanning-og-fransk-sprak\\\/kurs-for-fransklaerere-i-stavanger\\\/\"]}]},{\"@type\":\"ImageObject\",\"inLanguage\":\"nb-NO\",\"@id\":\"https:\\\/\\\/www.france.no\\\/no\\\/2025\\\/utdanning-og-fransk-sprak\\\/kurs-for-fransklaerere-i-stavanger\\\/#primaryimage\",\"url\":\"https:\\\/\\\/www.france.no\\\/wp-content\\\/uploads\\\/2025\\\/08\\\/Formation-Stavanger-27-sept-2025-1-1098x617.png\",\"contentUrl\":\"https:\\\/\\\/www.france.no\\\/wp-content\\\/uploads\\\/2025\\\/08\\\/Formation-Stavanger-27-sept-2025-1-1098x617.png\",\"width\":1920,\"height\":1080},{\"@type\":\"BreadcrumbList\",\"@id\":\"https:\\\/\\\/www.france.no\\\/no\\\/2025\\\/utdanning-og-fransk-sprak\\\/kurs-for-fransklaerere-i-stavanger\\\/#breadcrumb\",\"itemListElement\":[{\"@type\":\"ListItem\",\"position\":1,\"name\":\"\",\"item\":\"https:\\\/\\\/www.france.no\\\/no\\\/\"},{\"@type\":\"ListItem\",\"position\":2,\"name\":\"Kurs for franskl\u00e6rere i Stavanger\"}]},{\"@type\":\"WebSite\",\"@id\":\"https:\\\/\\\/www.france.no\\\/no\\\/#website\",\"url\":\"https:\\\/\\\/www.france.no\\\/no\\\/\",\"name\":\"Institut fran\u00e7ais\",\"description\":\"Norv\u00e8ge\",\"publisher\":{\"@id\":\"https:\\\/\\\/www.france.no\\\/no\\\/#organization\"},\"potentialAction\":[{\"@type\":\"SearchAction\",\"target\":{\"@type\":\"EntryPoint\",\"urlTemplate\":\"https:\\\/\\\/www.france.no\\\/no\\\/?s={search_term_string}\"},\"query-input\":{\"@type\":\"PropertyValueSpecification\",\"valueRequired\":true,\"valueName\":\"search_term_string\"}}],\"inLanguage\":\"nb-NO\"},{\"@type\":\"Organization\",\"@id\":\"https:\\\/\\\/www.france.no\\\/no\\\/#organization\",\"name\":\"Institut fran\u00e7ais\",\"url\":\"https:\\\/\\\/www.france.no\\\/no\\\/\",\"logo\":{\"@type\":\"ImageObject\",\"inLanguage\":\"nb-NO\",\"@id\":\"https:\\\/\\\/www.france.no\\\/no\\\/#\\\/schema\\\/logo\\\/image\\\/\",\"url\":\"https:\\\/\\\/www.france.no\\\/wp-content\\\/uploads\\\/2022\\\/11\\\/IF_Logo_Sans_Bleu_RVB.png\",\"contentUrl\":\"https:\\\/\\\/www.france.no\\\/wp-content\\\/uploads\\\/2022\\\/11\\\/IF_Logo_Sans_Bleu_RVB.png\",\"width\":852,\"height\":591,\"caption\":\"Institut fran\u00e7ais\"},\"image\":{\"@id\":\"https:\\\/\\\/www.france.no\\\/no\\\/#\\\/schema\\\/logo\\\/image\\\/\"},\"sameAs\":[\"https:\\\/\\\/www.facebook.com\\\/institutfrancaisoslo\",\"https:\\\/\\\/x.com\\\/ifnorvege\",\"https:\\\/\\\/instagram.com\\\/ifnorvege\"]},{\"@type\":\"Person\",\"@id\":\"https:\\\/\\\/www.france.no\\\/no\\\/#\\\/schema\\\/person\\\/e911222e8703f294589a6d80b1c16f97\",\"name\":\"P\u00f4le Communication\",\"image\":{\"@type\":\"ImageObject\",\"inLanguage\":\"nb-NO\",\"@id\":\"https:\\\/\\\/secure.gravatar.com\\\/avatar\\\/20ae085a8b5fd613a02d28588389144802d3ba9408c852b2c6c7c4b17cc39660?s=96&d=mm&r=g\",\"url\":\"https:\\\/\\\/secure.gravatar.com\\\/avatar\\\/20ae085a8b5fd613a02d28588389144802d3ba9408c852b2c6c7c4b17cc39660?s=96&d=mm&r=g\",\"contentUrl\":\"https:\\\/\\\/secure.gravatar.com\\\/avatar\\\/20ae085a8b5fd613a02d28588389144802d3ba9408c852b2c6c7c4b17cc39660?s=96&d=mm&r=g\",\"caption\":\"P\u00f4le Communication\"},\"url\":\"https:\\\/\\\/www.france.no\\\/no\\\/author\\\/polecom\\\/\"}]}<\/script>\n<!-- \/ Yoast SEO plugin. -->","yoast_head_json":{"title":"Kurs for franskl\u00e6rere i Stavanger - Institut fran\u00e7ais","robots":{"index":"index","follow":"follow","max-snippet":"max-snippet:-1","max-image-preview":"max-image-preview:large","max-video-preview":"max-video-preview:-1"},"canonical":"https:\/\/www.france.no\/no\/2025\/utdanning-og-fransk-sprak\/kurs-for-fransklaerere-i-stavanger\/","og_locale":"nb_NO","og_type":"article","og_title":"Kurs for franskl\u00e6rere i Stavanger - Institut fran\u00e7ais","og_description":"Institut fran\u00e7ais de Norv\u00e8ge,&nbsp;FLAM-foreningen Dessine-moi un Mouton \u2013 den franske klubben (DMUM)&nbsp;og&nbsp;Fransk kulturhus har gleden av \u00e5 invitere franskl\u00e6rere i Stavanger og omegn til et kurs. Fremtidige franskl\u00e6rere er ogs\u00e5 velkomne! N\u00e5r? L\u00f8rdag 27. september 2025 fra 08:00 til 12:30.&nbsp;Hvor?\u202f Dessine-moi un Mouton \u2013 den franske klubben (DMUM), Langfl\u00e5tveien 36, 4017 Stavanger&nbsp; Kurset er gratis. [&hellip;]","og_url":"https:\/\/www.france.no\/no\/2025\/utdanning-og-fransk-sprak\/kurs-for-fransklaerere-i-stavanger\/","og_site_name":"Institut fran\u00e7ais","article_publisher":"https:\/\/www.facebook.com\/institutfrancaisoslo","article_published_time":"2025-08-27T14:07:49+00:00","article_modified_time":"2025-12-05T08:03:38+00:00","og_image":[{"width":1024,"height":576,"url":"https:\/\/www.france.no\/wp-content\/uploads\/2025\/08\/Formation-Stavanger-27-sept-2025-1-1024x576.png","type":"image\/png"}],"author":"P\u00f4le Communication","twitter_card":"summary_large_image","twitter_creator":"@ifnorvege","twitter_site":"@ifnorvege","twitter_misc":{"Skrevet av":"P\u00f4le Communication","Ansl. lesetid":"3 minutter"},"schema":{"@context":"https:\/\/schema.org","@graph":[{"@type":"Article","@id":"https:\/\/www.france.no\/no\/2025\/utdanning-og-fransk-sprak\/kurs-for-fransklaerere-i-stavanger\/#article","isPartOf":{"@id":"https:\/\/www.france.no\/no\/2025\/utdanning-og-fransk-sprak\/kurs-for-fransklaerere-i-stavanger\/"},"author":{"name":"P\u00f4le Communication","@id":"https:\/\/www.france.no\/no\/#\/schema\/person\/e911222e8703f294589a6d80b1c16f97"},"headline":"Kurs for franskl\u00e6rere i Stavanger","datePublished":"2025-08-27T14:07:49+00:00","dateModified":"2025-12-05T08:03:38+00:00","mainEntityOfPage":{"@id":"https:\/\/www.france.no\/no\/2025\/utdanning-og-fransk-sprak\/kurs-for-fransklaerere-i-stavanger\/"},"wordCount":376,"publisher":{"@id":"https:\/\/www.france.no\/no\/#organization"},"image":{"@id":"https:\/\/www.france.no\/no\/2025\/utdanning-og-fransk-sprak\/kurs-for-fransklaerere-i-stavanger\/#primaryimage"},"thumbnailUrl":"https:\/\/www.france.no\/wp-content\/uploads\/2025\/08\/Formation-Stavanger-27-sept-2025-1-1098x617.png","articleSection":["Utdannelse og Fransk spr\u00e5ksamarbeid"],"inLanguage":"nb-NO"},{"@type":"WebPage","@id":"https:\/\/www.france.no\/no\/2025\/utdanning-og-fransk-sprak\/kurs-for-fransklaerere-i-stavanger\/","url":"https:\/\/www.france.no\/no\/2025\/utdanning-og-fransk-sprak\/kurs-for-fransklaerere-i-stavanger\/","name":"Kurs for franskl\u00e6rere i Stavanger - Institut fran\u00e7ais","isPartOf":{"@id":"https:\/\/www.france.no\/no\/#website"},"primaryImageOfPage":{"@id":"https:\/\/www.france.no\/no\/2025\/utdanning-og-fransk-sprak\/kurs-for-fransklaerere-i-stavanger\/#primaryimage"},"image":{"@id":"https:\/\/www.france.no\/no\/2025\/utdanning-og-fransk-sprak\/kurs-for-fransklaerere-i-stavanger\/#primaryimage"},"thumbnailUrl":"https:\/\/www.france.no\/wp-content\/uploads\/2025\/08\/Formation-Stavanger-27-sept-2025-1-1098x617.png","datePublished":"2025-08-27T14:07:49+00:00","dateModified":"2025-12-05T08:03:38+00:00","breadcrumb":{"@id":"https:\/\/www.france.no\/no\/2025\/utdanning-og-fransk-sprak\/kurs-for-fransklaerere-i-stavanger\/#breadcrumb"},"inLanguage":"nb-NO","potentialAction":[{"@type":"ReadAction","target":["https:\/\/www.france.no\/no\/2025\/utdanning-og-fransk-sprak\/kurs-for-fransklaerere-i-stavanger\/"]}]},{"@type":"ImageObject","inLanguage":"nb-NO","@id":"https:\/\/www.france.no\/no\/2025\/utdanning-og-fransk-sprak\/kurs-for-fransklaerere-i-stavanger\/#primaryimage","url":"https:\/\/www.france.no\/wp-content\/uploads\/2025\/08\/Formation-Stavanger-27-sept-2025-1-1098x617.png","contentUrl":"https:\/\/www.france.no\/wp-content\/uploads\/2025\/08\/Formation-Stavanger-27-sept-2025-1-1098x617.png","width":1920,"height":1080},{"@type":"BreadcrumbList","@id":"https:\/\/www.france.no\/no\/2025\/utdanning-og-fransk-sprak\/kurs-for-fransklaerere-i-stavanger\/#breadcrumb","itemListElement":[{"@type":"ListItem","position":1,"name":"","item":"https:\/\/www.france.no\/no\/"},{"@type":"ListItem","position":2,"name":"Kurs for franskl\u00e6rere i Stavanger"}]},{"@type":"WebSite","@id":"https:\/\/www.france.no\/no\/#website","url":"https:\/\/www.france.no\/no\/","name":"Institut fran\u00e7ais","description":"Norv\u00e8ge","publisher":{"@id":"https:\/\/www.france.no\/no\/#organization"},"potentialAction":[{"@type":"SearchAction","target":{"@type":"EntryPoint","urlTemplate":"https:\/\/www.france.no\/no\/?s={search_term_string}"},"query-input":{"@type":"PropertyValueSpecification","valueRequired":true,"valueName":"search_term_string"}}],"inLanguage":"nb-NO"},{"@type":"Organization","@id":"https:\/\/www.france.no\/no\/#organization","name":"Institut fran\u00e7ais","url":"https:\/\/www.france.no\/no\/","logo":{"@type":"ImageObject","inLanguage":"nb-NO","@id":"https:\/\/www.france.no\/no\/#\/schema\/logo\/image\/","url":"https:\/\/www.france.no\/wp-content\/uploads\/2022\/11\/IF_Logo_Sans_Bleu_RVB.png","contentUrl":"https:\/\/www.france.no\/wp-content\/uploads\/2022\/11\/IF_Logo_Sans_Bleu_RVB.png","width":852,"height":591,"caption":"Institut fran\u00e7ais"},"image":{"@id":"https:\/\/www.france.no\/no\/#\/schema\/logo\/image\/"},"sameAs":["https:\/\/www.facebook.com\/institutfrancaisoslo","https:\/\/x.com\/ifnorvege","https:\/\/instagram.com\/ifnorvege"]},{"@type":"Person","@id":"https:\/\/www.france.no\/no\/#\/schema\/person\/e911222e8703f294589a6d80b1c16f97","name":"P\u00f4le Communication","image":{"@type":"ImageObject","inLanguage":"nb-NO","@id":"https:\/\/secure.gravatar.com\/avatar\/20ae085a8b5fd613a02d28588389144802d3ba9408c852b2c6c7c4b17cc39660?s=96&d=mm&r=g","url":"https:\/\/secure.gravatar.com\/avatar\/20ae085a8b5fd613a02d28588389144802d3ba9408c852b2c6c7c4b17cc39660?s=96&d=mm&r=g","contentUrl":"https:\/\/secure.gravatar.com\/avatar\/20ae085a8b5fd613a02d28588389144802d3ba9408c852b2c6c7c4b17cc39660?s=96&d=mm&r=g","caption":"P\u00f4le Communication"},"url":"https:\/\/www.france.no\/no\/author\/polecom\/"}]}},"_links":{"self":[{"href":"https:\/\/www.france.no\/no\/wp-json\/wp\/v2\/posts\/14810","targetHints":{"allow":["GET"]}}],"collection":[{"href":"https:\/\/www.france.no\/no\/wp-json\/wp\/v2\/posts"}],"about":[{"href":"https:\/\/www.france.no\/no\/wp-json\/wp\/v2\/types\/post"}],"author":[{"embeddable":true,"href":"https:\/\/www.france.no\/no\/wp-json\/wp\/v2\/users\/6"}],"replies":[{"embeddable":true,"href":"https:\/\/www.france.no\/no\/wp-json\/wp\/v2\/comments?post=14810"}],"version-history":[{"count":8,"href":"https:\/\/www.france.no\/no\/wp-json\/wp\/v2\/posts\/14810\/revisions"}],"predecessor-version":[{"id":18326,"href":"https:\/\/www.france.no\/no\/wp-json\/wp\/v2\/posts\/14810\/revisions\/18326"}],"wp:featuredmedia":[{"embeddable":true,"href":"https:\/\/www.france.no\/no\/wp-json\/wp\/v2\/media\/14816"}],"wp:attachment":[{"href":"https:\/\/www.france.no\/no\/wp-json\/wp\/v2\/media?parent=14810"}],"wp:term":[{"taxonomy":"category","embeddable":true,"href":"https:\/\/www.france.no\/no\/wp-json\/wp\/v2\/categories?post=14810"},{"taxonomy":"post_tag","embeddable":true,"href":"https:\/\/www.france.no\/no\/wp-json\/wp\/v2\/tags?post=14810"}],"curies":[{"name":"wp","href":"https:\/\/api.w.org\/{rel}","templated":true}]}}