{"id":15020,"date":"2025-09-03T16:39:02","date_gmt":"2025-09-03T14:39:02","guid":{"rendered":"https:\/\/www.france.no\/?p=15020"},"modified":"2025-11-24T12:01:32","modified_gmt":"2025-11-24T11:01:32","slug":"nuit-des-idees-er-tilbake-i-oslo","status":"publish","type":"post","link":"https:\/\/www.france.no\/no\/2025\/kultur\/nuit-des-idees-er-tilbake-i-oslo\/","title":{"rendered":"NUIT DES ID\u00c9ES ER TILBAKE I OSLO!"},"content":{"rendered":"\n<p><strong>Institut fran\u00e7ais de Norv\u00e8ge inviterer til en ny utgave av <em>Nuit des id\u00e9es<\/em> (<em>Id\u00e9natten<\/em>), som finner sted 12. og 13. september p\u00e5 Grefsenkollen, med temaet \u00abPower to Act\u00bb.<\/strong><\/p>\n\n\n\n<p>Skogen har blitt et sentralt element i klimakampen og et rom for motstand mot global overproduksjon. B\u00e5de i Norge og Frankrike fungerer skogen som en arena for nye former for aktivisme, som kombinerer sivilt engasjement med dyp\u00f8kologi. Institut fran\u00e7ais de Norv\u00e8ge inviterer til to dager med samtaler, kunst og opplevelser i skogen rundt Grefsenkollen. Her samles kunstnere, tenkere, aktivister og publikum for \u00e5 utforske aktivismens mange fasetter i dagens verden. Fra sivil ulydighet til samvittighetsnekt og kreative former for motstand stiller vi sp\u00f8rsm\u00e5let: <em>Hva f\u00e5r oss til \u00e5 handle?<\/em><\/p>\n\n\n\n<hr class=\"wp-block-separator has-alpha-channel-opacity\"\/>\n\n\n\n<p class=\"has-text-color has-link-color has-large-font-size wp-elements-1702dbc4a58b8a96b6b40554f358a367\" style=\"color:#6e38ac\"><strong>Fredag 12. september<\/strong><\/p>\n\n\n\n<p><strong>09:00 \u2013 <strong>DEEP TIME WALK (Marche du temps profond)<\/strong><\/strong><\/p>\n\n\n\n<p><em><a href=\"https:\/\/billetto.no\/e\/deep-time-walk-billetter-1522108?utm_source=organiser&amp;utm_medium=share&amp;utm_campaign=copy_link&amp;utm_content=1522108\" target=\"_blank\" rel=\"noreferrer noopener\">Kj\u00f8p billetter her.<\/a> <\/em>&nbsp;<\/p>\n\n\n\n<p><em>Deep Time Walk<\/em> er en narrativ vandring p\u00e5 4 km, en reise til fots gjennom Jordens 4,6 milliarder \u00e5r lange historie. Steg for steg g\u00e5r vi gjennom tidsepoker \u2013 fra planetens skapelse til livets f\u00f8rste \u00e5ndedrag, til masseutryddelser og nye begynnelser. Inspirert av dyp\u00f8kologi inviteres deltakerne til \u00e5 kjenne p\u00e5 de usynlige b\u00e5ndene som forener alle vesener.&nbsp;<\/p>\n\n\n\n<p>Ledet av J\u00e9r\u00f4me Breton, tidligere ingeni\u00f8r, initiativtaker til <em>Deep Time Walk<\/em> og medstifter av foreningen <em>7eme G\u00e9n\u00e9ration<\/em>.<\/p>\n\n\n\n<p><em>Turen starter fra Akebakke busstopp (buss 56). Husk \u00e5 kle deg etter v\u00e6ret.<\/em><\/p>\n\n\n\n<p><em>200 kr per billett<\/em><\/p>\n\n\n\n<p><strong>13:30 \u2013 PANELSAMTALE: <em>POWER TO ACT!<\/em><\/strong><\/p>\n\n\n\n<p>Denne panelsamtalen samler franske og norske aktivister og tenkere for \u00e5 utforske dagens former for protest og forestille seg m\u00e5ter \u00e5 reengasjere verden gjennom handling.&nbsp;<\/p>\n\n\n\n<p>Med: Marine Calmet, Jonas Kittelsen, Ida Helene Benonisen<br>Moderator: Thea Birgitte Erfjord<\/p>\n\n\n\n<p><em>Gratis inngang \/ p\u00e5melding via <a href=\"mailto:kultur@france.no\" target=\"_blank\" rel=\"noreferrer noopener\">kultur@france.no<\/a><\/em><\/p>\n\n\n\n<p><em>Grefsenkollen restaurant, <a href=\"https:\/\/www.google.com\/maps\/place\/data=!4m2!3m1!1s0x464171df7343b3df:0x4226d90f04122d3?sa=X&amp;ved=1t:8290&amp;ictx=111\">Grefsenkollveien 100, 0490 Oslo<\/a><\/em><\/p>\n\n\n\n<p><strong>16:00 \u2013 JAZZKONSERT med <em>Det Andre Kollektivet<\/em><\/strong><\/p>\n\n\n\n<p><em>Det Andre Kollektivet <\/em>ble etablert i 2019 og er et nettverk av musikere basert i Paris og Oslo. De fem medlemmene deler en felles interesse for musikk med r\u00f8tter i jazz, samtidsmusikk, elektronisk musikk og improvisasjon.<\/p>\n\n\n\n<p>Med: Sol L\u00e9na-Schroll, Andrine Erdal, Hector L\u00e9na-Schroll<\/p>\n\n\n\n<p><em>Gratis inngang<\/em><\/p>\n\n\n\n<p><em>Konserten holdes i n\u00e6rheten av Grefsenkollen restaurant, hvis v\u00e6ret tillater det<\/em>.<\/p>\n\n\n\n<hr class=\"wp-block-separator has-alpha-channel-opacity\"\/>\n\n\n\n<p class=\"has-text-color has-link-color has-large-font-size wp-elements-f5125fe3fb4fbfb818025770a87ee5c4\" style=\"color:#6e38ac\"><strong>L\u00f8rdag 13. september<\/strong><\/p>\n\n\n\n<p><strong><strong>09:00 \u2013 DEEP TIME WALK (Marche du temps profond)<\/strong><\/strong><\/p>\n\n\n\n<p><a href=\"https:\/\/billetto.no\/e\/deep-time-walk-billetter-1525361?utm_source=organiser&amp;utm_medium=share&amp;utm_campaign=copy_link&amp;utm_content=1525361\" target=\"_blank\" rel=\"noreferrer noopener\">Kj\u00f8p billetter her.<\/a><br><\/p>\n\n\n\n<p><strong>14:15 \u2013 DEEP TIME WALK (Marche du temps profond)<\/strong><\/p>\n\n\n\n<p><a href=\"https:\/\/billetto.no\/e\/deep-time-walk-billetter-1525365?utm_source=organiser&amp;utm_medium=share&amp;utm_campaign=copy_link&amp;utm_content=1525365\" target=\"_blank\" rel=\"noreferrer noopener\">Kj\u00f8p billetter her.<\/a><\/p>\n\n\n\n<p><em>Turen starter fra Akebakke busstopp (buss 56). Husk \u00e5 kle deg etter v\u00e6ret.<\/em><\/p>\n\n\n\n<p><em>200 kr per billett&nbsp;<\/em><\/p>\n\n\n\n<hr class=\"wp-block-separator has-alpha-channel-opacity\"\/>\n\n\n\n<p class=\"has-text-color has-link-color has-large-font-size wp-elements-39330cb5a0cd2382a91f7c7345d7ed36\" style=\"color:#6e38ac\"><strong>M\u00f8t arrangementsdeltakerne<\/strong><\/p>\n\n\n\n<p><strong>Marine Calmet <\/strong>(FR): Jurist med spesialisering i milj\u00f8rett og talsperson for kollektivet<em> Or de question<\/em>, som kjemper for naturens rettigheter.&nbsp;<\/p>\n\n\n\n<p><strong>Jonas Kittelsen <\/strong>(NO): Talsperson for <em>Extiction Rebellion Norge <\/em>og initiativtaker til flere klima- og menneskerettighetsprosjekter. Kittelsen har ogs\u00e5 v\u00e6rt nordisk representant ved FNs klima- og milj\u00f8forhandlinger.<\/p>\n\n\n\n<p><strong>Ida Helene Benonisen<\/strong> (NO): Samisk-norsk poet og aktivist. Benonisen skriver politiske dikt som kombinerer sinne og \u00f8mhet, med s\u00e6rlig fokus p\u00e5 samisk og skeiv identitet og motstand. Poesien brukes som et verkt\u00f8y for synlighet, protest og helbredelse.<\/p>\n\n\n\n<p><strong>Thea Birgitte Erfjord <\/strong>(NO):&nbsp;Leder for milj\u00f8- og utviklingsorganisasjonen <em>Spire<\/em>, en ungdomsorganisasjon som arbeider for en rettferdig og b\u00e6rekraftig verden. Erfjord har en mastergrad i internasjonale milj\u00f8studier og har v\u00e6rt aktiv i klimabevegelsen i flere \u00e5r.<\/p>\n\n\n\n<hr class=\"wp-block-separator has-alpha-channel-opacity\"\/>\n\n\n\n<p><a href=\"https:\/\/sites.google.com\/institutfrancais.dk\/night-of-ideas-2025\/norway?authuser=0\" target=\"_blank\" rel=\"noreferrer noopener\"><strong>Mer informasjon finner du her.<\/strong><\/a><strong>&nbsp;<\/strong><\/p>\n\n\n\n<hr class=\"wp-block-separator has-alpha-channel-opacity\"\/>\n\n\n\n<p>Denne utgaven av <em>Nuit des id\u00e9es<\/em> arrangeres i samarbeid med Institut fran\u00e7ais i Danmark, Finland og Sverige. <a href=\"https:\/\/sites.google.com\/institutfrancais.dk\/night-of-ideas-2025\/home\" target=\"_blank\" rel=\"noreferrer noopener\">Klikk her for \u00e5 l\u00e6re mer.<\/a><\/p>\n\n\n\n<p>Arrangementet er gjennomf\u00f8rt med st\u00f8tte fra Institut fran\u00e7ais, innenfor rammen av <em>La Nuit des id\u00e9es.<\/em><\/p>\n\n\n\n<hr class=\"wp-block-separator has-alpha-channel-opacity\"\/>\n\n\n\n<p><em><strong>Ved sp\u00f8rsm\u00e5l, kontakt: <a href=\"mailto:kultur@france.no\" target=\"_blank\" rel=\"noreferrer noopener\">kultur@france.no<\/a><\/strong><\/em><\/p>\n","protected":false},"excerpt":{"rendered":"<p>Institut fran\u00e7ais de Norv\u00e8ge inviterer til en ny utgave av Nuit des id\u00e9es (Id\u00e9natten), som finner sted 12. og 13. september p\u00e5 Grefsenkollen, med temaet \u00abPower to Act\u00bb. Skogen har blitt et sentralt element i klimakampen og et rom for motstand mot global overproduksjon. B\u00e5de i Norge og Frankrike fungerer skogen som en arena for [&hellip;]<\/p>\n","protected":false},"author":6,"featured_media":14978,"comment_status":"closed","ping_status":"closed","sticky":false,"template":"","format":"standard","meta":{"footnotes":""},"categories":[32,5],"tags":[],"class_list":["post-15020","post","type-post","status-publish","format-standard","has-post-thumbnail","hentry","category-ideer","category-kultur"],"yoast_head":"<!-- This site is optimized with the Yoast SEO plugin v27.3 - https:\/\/yoast.com\/product\/yoast-seo-wordpress\/ -->\n<title>NUIT DES ID\u00c9ES ER TILBAKE I OSLO! - Institut fran\u00e7ais<\/title>\n<meta name=\"robots\" content=\"index, follow, max-snippet:-1, max-image-preview:large, max-video-preview:-1\" \/>\n<link rel=\"canonical\" href=\"https:\/\/www.france.no\/no\/2025\/kultur\/nuit-des-idees-er-tilbake-i-oslo\/\" \/>\n<meta property=\"og:locale\" content=\"nb_NO\" \/>\n<meta property=\"og:type\" content=\"article\" \/>\n<meta property=\"og:title\" content=\"NUIT DES ID\u00c9ES ER TILBAKE I OSLO! - Institut fran\u00e7ais\" \/>\n<meta property=\"og:description\" content=\"Institut fran\u00e7ais de Norv\u00e8ge inviterer til en ny utgave av Nuit des id\u00e9es (Id\u00e9natten), som finner sted 12. og 13. september p\u00e5 Grefsenkollen, med temaet \u00abPower to Act\u00bb. Skogen har blitt et sentralt element i klimakampen og et rom for motstand mot global overproduksjon. B\u00e5de i Norge og Frankrike fungerer skogen som en arena for [&hellip;]\" \/>\n<meta property=\"og:url\" content=\"https:\/\/www.france.no\/no\/2025\/kultur\/nuit-des-idees-er-tilbake-i-oslo\/\" \/>\n<meta property=\"og:site_name\" content=\"Institut fran\u00e7ais\" \/>\n<meta property=\"article:publisher\" content=\"https:\/\/www.facebook.com\/institutfrancaisoslo\" \/>\n<meta property=\"article:published_time\" content=\"2025-09-03T14:39:02+00:00\" \/>\n<meta property=\"article:modified_time\" content=\"2025-11-24T11:01:32+00:00\" \/>\n<meta property=\"og:image\" content=\"https:\/\/www.france.no\/wp-content\/uploads\/2025\/09\/Nuit-des-idees-2025-siteweb-1024x575.png\" \/>\n\t<meta property=\"og:image:width\" content=\"1024\" \/>\n\t<meta property=\"og:image:height\" content=\"575\" \/>\n\t<meta property=\"og:image:type\" content=\"image\/png\" \/>\n<meta name=\"author\" content=\"P\u00f4le Communication\" \/>\n<meta name=\"twitter:card\" content=\"summary_large_image\" \/>\n<meta name=\"twitter:creator\" content=\"@ifnorvege\" \/>\n<meta name=\"twitter:site\" content=\"@ifnorvege\" \/>\n<meta name=\"twitter:label1\" content=\"Skrevet av\" \/>\n\t<meta name=\"twitter:data1\" content=\"P\u00f4le Communication\" \/>\n\t<meta name=\"twitter:label2\" content=\"Ansl. lesetid\" \/>\n\t<meta name=\"twitter:data2\" content=\"4 minutter\" \/>\n<script type=\"application\/ld+json\" class=\"yoast-schema-graph\">{\"@context\":\"https:\\\/\\\/schema.org\",\"@graph\":[{\"@type\":\"Article\",\"@id\":\"https:\\\/\\\/www.france.no\\\/no\\\/2025\\\/kultur\\\/nuit-des-idees-er-tilbake-i-oslo\\\/#article\",\"isPartOf\":{\"@id\":\"https:\\\/\\\/www.france.no\\\/no\\\/2025\\\/kultur\\\/nuit-des-idees-er-tilbake-i-oslo\\\/\"},\"author\":{\"name\":\"P\u00f4le Communication\",\"@id\":\"https:\\\/\\\/www.france.no\\\/no\\\/#\\\/schema\\\/person\\\/e911222e8703f294589a6d80b1c16f97\"},\"headline\":\"NUIT DES ID\u00c9ES ER TILBAKE I OSLO!\",\"datePublished\":\"2025-09-03T14:39:02+00:00\",\"dateModified\":\"2025-11-24T11:01:32+00:00\",\"mainEntityOfPage\":{\"@id\":\"https:\\\/\\\/www.france.no\\\/no\\\/2025\\\/kultur\\\/nuit-des-idees-er-tilbake-i-oslo\\\/\"},\"wordCount\":590,\"publisher\":{\"@id\":\"https:\\\/\\\/www.france.no\\\/no\\\/#organization\"},\"image\":{\"@id\":\"https:\\\/\\\/www.france.no\\\/no\\\/2025\\\/kultur\\\/nuit-des-idees-er-tilbake-i-oslo\\\/#primaryimage\"},\"thumbnailUrl\":\"https:\\\/\\\/www.france.no\\\/wp-content\\\/uploads\\\/2025\\\/09\\\/Nuit-des-idees-2025-siteweb-1098x617.png\",\"articleSection\":[\"Ideer\",\"Kultur\"],\"inLanguage\":\"nb-NO\"},{\"@type\":\"WebPage\",\"@id\":\"https:\\\/\\\/www.france.no\\\/no\\\/2025\\\/kultur\\\/nuit-des-idees-er-tilbake-i-oslo\\\/\",\"url\":\"https:\\\/\\\/www.france.no\\\/no\\\/2025\\\/kultur\\\/nuit-des-idees-er-tilbake-i-oslo\\\/\",\"name\":\"NUIT DES ID\u00c9ES ER TILBAKE I OSLO! - Institut fran\u00e7ais\",\"isPartOf\":{\"@id\":\"https:\\\/\\\/www.france.no\\\/no\\\/#website\"},\"primaryImageOfPage\":{\"@id\":\"https:\\\/\\\/www.france.no\\\/no\\\/2025\\\/kultur\\\/nuit-des-idees-er-tilbake-i-oslo\\\/#primaryimage\"},\"image\":{\"@id\":\"https:\\\/\\\/www.france.no\\\/no\\\/2025\\\/kultur\\\/nuit-des-idees-er-tilbake-i-oslo\\\/#primaryimage\"},\"thumbnailUrl\":\"https:\\\/\\\/www.france.no\\\/wp-content\\\/uploads\\\/2025\\\/09\\\/Nuit-des-idees-2025-siteweb-1098x617.png\",\"datePublished\":\"2025-09-03T14:39:02+00:00\",\"dateModified\":\"2025-11-24T11:01:32+00:00\",\"breadcrumb\":{\"@id\":\"https:\\\/\\\/www.france.no\\\/no\\\/2025\\\/kultur\\\/nuit-des-idees-er-tilbake-i-oslo\\\/#breadcrumb\"},\"inLanguage\":\"nb-NO\",\"potentialAction\":[{\"@type\":\"ReadAction\",\"target\":[\"https:\\\/\\\/www.france.no\\\/no\\\/2025\\\/kultur\\\/nuit-des-idees-er-tilbake-i-oslo\\\/\"]}]},{\"@type\":\"ImageObject\",\"inLanguage\":\"nb-NO\",\"@id\":\"https:\\\/\\\/www.france.no\\\/no\\\/2025\\\/kultur\\\/nuit-des-idees-er-tilbake-i-oslo\\\/#primaryimage\",\"url\":\"https:\\\/\\\/www.france.no\\\/wp-content\\\/uploads\\\/2025\\\/09\\\/Nuit-des-idees-2025-siteweb-1098x617.png\",\"contentUrl\":\"https:\\\/\\\/www.france.no\\\/wp-content\\\/uploads\\\/2025\\\/09\\\/Nuit-des-idees-2025-siteweb-1098x617.png\",\"width\":2560,\"height\":1439},{\"@type\":\"BreadcrumbList\",\"@id\":\"https:\\\/\\\/www.france.no\\\/no\\\/2025\\\/kultur\\\/nuit-des-idees-er-tilbake-i-oslo\\\/#breadcrumb\",\"itemListElement\":[{\"@type\":\"ListItem\",\"position\":1,\"name\":\"\",\"item\":\"https:\\\/\\\/www.france.no\\\/no\\\/\"},{\"@type\":\"ListItem\",\"position\":2,\"name\":\"NUIT DES ID\u00c9ES ER TILBAKE I OSLO!\"}]},{\"@type\":\"WebSite\",\"@id\":\"https:\\\/\\\/www.france.no\\\/no\\\/#website\",\"url\":\"https:\\\/\\\/www.france.no\\\/no\\\/\",\"name\":\"Institut fran\u00e7ais\",\"description\":\"Norv\u00e8ge\",\"publisher\":{\"@id\":\"https:\\\/\\\/www.france.no\\\/no\\\/#organization\"},\"potentialAction\":[{\"@type\":\"SearchAction\",\"target\":{\"@type\":\"EntryPoint\",\"urlTemplate\":\"https:\\\/\\\/www.france.no\\\/no\\\/?s={search_term_string}\"},\"query-input\":{\"@type\":\"PropertyValueSpecification\",\"valueRequired\":true,\"valueName\":\"search_term_string\"}}],\"inLanguage\":\"nb-NO\"},{\"@type\":\"Organization\",\"@id\":\"https:\\\/\\\/www.france.no\\\/no\\\/#organization\",\"name\":\"Institut fran\u00e7ais\",\"url\":\"https:\\\/\\\/www.france.no\\\/no\\\/\",\"logo\":{\"@type\":\"ImageObject\",\"inLanguage\":\"nb-NO\",\"@id\":\"https:\\\/\\\/www.france.no\\\/no\\\/#\\\/schema\\\/logo\\\/image\\\/\",\"url\":\"https:\\\/\\\/www.france.no\\\/wp-content\\\/uploads\\\/2022\\\/11\\\/IF_Logo_Sans_Bleu_RVB.png\",\"contentUrl\":\"https:\\\/\\\/www.france.no\\\/wp-content\\\/uploads\\\/2022\\\/11\\\/IF_Logo_Sans_Bleu_RVB.png\",\"width\":852,\"height\":591,\"caption\":\"Institut fran\u00e7ais\"},\"image\":{\"@id\":\"https:\\\/\\\/www.france.no\\\/no\\\/#\\\/schema\\\/logo\\\/image\\\/\"},\"sameAs\":[\"https:\\\/\\\/www.facebook.com\\\/institutfrancaisoslo\",\"https:\\\/\\\/x.com\\\/ifnorvege\",\"https:\\\/\\\/instagram.com\\\/ifnorvege\"]},{\"@type\":\"Person\",\"@id\":\"https:\\\/\\\/www.france.no\\\/no\\\/#\\\/schema\\\/person\\\/e911222e8703f294589a6d80b1c16f97\",\"name\":\"P\u00f4le Communication\",\"image\":{\"@type\":\"ImageObject\",\"inLanguage\":\"nb-NO\",\"@id\":\"https:\\\/\\\/secure.gravatar.com\\\/avatar\\\/20ae085a8b5fd613a02d28588389144802d3ba9408c852b2c6c7c4b17cc39660?s=96&d=mm&r=g\",\"url\":\"https:\\\/\\\/secure.gravatar.com\\\/avatar\\\/20ae085a8b5fd613a02d28588389144802d3ba9408c852b2c6c7c4b17cc39660?s=96&d=mm&r=g\",\"contentUrl\":\"https:\\\/\\\/secure.gravatar.com\\\/avatar\\\/20ae085a8b5fd613a02d28588389144802d3ba9408c852b2c6c7c4b17cc39660?s=96&d=mm&r=g\",\"caption\":\"P\u00f4le Communication\"},\"url\":\"https:\\\/\\\/www.france.no\\\/no\\\/author\\\/polecom\\\/\"}]}<\/script>\n<!-- \/ Yoast SEO plugin. -->","yoast_head_json":{"title":"NUIT DES ID\u00c9ES ER TILBAKE I OSLO! - Institut fran\u00e7ais","robots":{"index":"index","follow":"follow","max-snippet":"max-snippet:-1","max-image-preview":"max-image-preview:large","max-video-preview":"max-video-preview:-1"},"canonical":"https:\/\/www.france.no\/no\/2025\/kultur\/nuit-des-idees-er-tilbake-i-oslo\/","og_locale":"nb_NO","og_type":"article","og_title":"NUIT DES ID\u00c9ES ER TILBAKE I OSLO! - Institut fran\u00e7ais","og_description":"Institut fran\u00e7ais de Norv\u00e8ge inviterer til en ny utgave av Nuit des id\u00e9es (Id\u00e9natten), som finner sted 12. og 13. september p\u00e5 Grefsenkollen, med temaet \u00abPower to Act\u00bb. Skogen har blitt et sentralt element i klimakampen og et rom for motstand mot global overproduksjon. B\u00e5de i Norge og Frankrike fungerer skogen som en arena for [&hellip;]","og_url":"https:\/\/www.france.no\/no\/2025\/kultur\/nuit-des-idees-er-tilbake-i-oslo\/","og_site_name":"Institut fran\u00e7ais","article_publisher":"https:\/\/www.facebook.com\/institutfrancaisoslo","article_published_time":"2025-09-03T14:39:02+00:00","article_modified_time":"2025-11-24T11:01:32+00:00","og_image":[{"width":1024,"height":575,"url":"https:\/\/www.france.no\/wp-content\/uploads\/2025\/09\/Nuit-des-idees-2025-siteweb-1024x575.png","type":"image\/png"}],"author":"P\u00f4le Communication","twitter_card":"summary_large_image","twitter_creator":"@ifnorvege","twitter_site":"@ifnorvege","twitter_misc":{"Skrevet av":"P\u00f4le Communication","Ansl. lesetid":"4 minutter"},"schema":{"@context":"https:\/\/schema.org","@graph":[{"@type":"Article","@id":"https:\/\/www.france.no\/no\/2025\/kultur\/nuit-des-idees-er-tilbake-i-oslo\/#article","isPartOf":{"@id":"https:\/\/www.france.no\/no\/2025\/kultur\/nuit-des-idees-er-tilbake-i-oslo\/"},"author":{"name":"P\u00f4le Communication","@id":"https:\/\/www.france.no\/no\/#\/schema\/person\/e911222e8703f294589a6d80b1c16f97"},"headline":"NUIT DES ID\u00c9ES ER TILBAKE I OSLO!","datePublished":"2025-09-03T14:39:02+00:00","dateModified":"2025-11-24T11:01:32+00:00","mainEntityOfPage":{"@id":"https:\/\/www.france.no\/no\/2025\/kultur\/nuit-des-idees-er-tilbake-i-oslo\/"},"wordCount":590,"publisher":{"@id":"https:\/\/www.france.no\/no\/#organization"},"image":{"@id":"https:\/\/www.france.no\/no\/2025\/kultur\/nuit-des-idees-er-tilbake-i-oslo\/#primaryimage"},"thumbnailUrl":"https:\/\/www.france.no\/wp-content\/uploads\/2025\/09\/Nuit-des-idees-2025-siteweb-1098x617.png","articleSection":["Ideer","Kultur"],"inLanguage":"nb-NO"},{"@type":"WebPage","@id":"https:\/\/www.france.no\/no\/2025\/kultur\/nuit-des-idees-er-tilbake-i-oslo\/","url":"https:\/\/www.france.no\/no\/2025\/kultur\/nuit-des-idees-er-tilbake-i-oslo\/","name":"NUIT DES ID\u00c9ES ER TILBAKE I OSLO! - Institut fran\u00e7ais","isPartOf":{"@id":"https:\/\/www.france.no\/no\/#website"},"primaryImageOfPage":{"@id":"https:\/\/www.france.no\/no\/2025\/kultur\/nuit-des-idees-er-tilbake-i-oslo\/#primaryimage"},"image":{"@id":"https:\/\/www.france.no\/no\/2025\/kultur\/nuit-des-idees-er-tilbake-i-oslo\/#primaryimage"},"thumbnailUrl":"https:\/\/www.france.no\/wp-content\/uploads\/2025\/09\/Nuit-des-idees-2025-siteweb-1098x617.png","datePublished":"2025-09-03T14:39:02+00:00","dateModified":"2025-11-24T11:01:32+00:00","breadcrumb":{"@id":"https:\/\/www.france.no\/no\/2025\/kultur\/nuit-des-idees-er-tilbake-i-oslo\/#breadcrumb"},"inLanguage":"nb-NO","potentialAction":[{"@type":"ReadAction","target":["https:\/\/www.france.no\/no\/2025\/kultur\/nuit-des-idees-er-tilbake-i-oslo\/"]}]},{"@type":"ImageObject","inLanguage":"nb-NO","@id":"https:\/\/www.france.no\/no\/2025\/kultur\/nuit-des-idees-er-tilbake-i-oslo\/#primaryimage","url":"https:\/\/www.france.no\/wp-content\/uploads\/2025\/09\/Nuit-des-idees-2025-siteweb-1098x617.png","contentUrl":"https:\/\/www.france.no\/wp-content\/uploads\/2025\/09\/Nuit-des-idees-2025-siteweb-1098x617.png","width":2560,"height":1439},{"@type":"BreadcrumbList","@id":"https:\/\/www.france.no\/no\/2025\/kultur\/nuit-des-idees-er-tilbake-i-oslo\/#breadcrumb","itemListElement":[{"@type":"ListItem","position":1,"name":"","item":"https:\/\/www.france.no\/no\/"},{"@type":"ListItem","position":2,"name":"NUIT DES ID\u00c9ES ER TILBAKE I OSLO!"}]},{"@type":"WebSite","@id":"https:\/\/www.france.no\/no\/#website","url":"https:\/\/www.france.no\/no\/","name":"Institut fran\u00e7ais","description":"Norv\u00e8ge","publisher":{"@id":"https:\/\/www.france.no\/no\/#organization"},"potentialAction":[{"@type":"SearchAction","target":{"@type":"EntryPoint","urlTemplate":"https:\/\/www.france.no\/no\/?s={search_term_string}"},"query-input":{"@type":"PropertyValueSpecification","valueRequired":true,"valueName":"search_term_string"}}],"inLanguage":"nb-NO"},{"@type":"Organization","@id":"https:\/\/www.france.no\/no\/#organization","name":"Institut fran\u00e7ais","url":"https:\/\/www.france.no\/no\/","logo":{"@type":"ImageObject","inLanguage":"nb-NO","@id":"https:\/\/www.france.no\/no\/#\/schema\/logo\/image\/","url":"https:\/\/www.france.no\/wp-content\/uploads\/2022\/11\/IF_Logo_Sans_Bleu_RVB.png","contentUrl":"https:\/\/www.france.no\/wp-content\/uploads\/2022\/11\/IF_Logo_Sans_Bleu_RVB.png","width":852,"height":591,"caption":"Institut fran\u00e7ais"},"image":{"@id":"https:\/\/www.france.no\/no\/#\/schema\/logo\/image\/"},"sameAs":["https:\/\/www.facebook.com\/institutfrancaisoslo","https:\/\/x.com\/ifnorvege","https:\/\/instagram.com\/ifnorvege"]},{"@type":"Person","@id":"https:\/\/www.france.no\/no\/#\/schema\/person\/e911222e8703f294589a6d80b1c16f97","name":"P\u00f4le Communication","image":{"@type":"ImageObject","inLanguage":"nb-NO","@id":"https:\/\/secure.gravatar.com\/avatar\/20ae085a8b5fd613a02d28588389144802d3ba9408c852b2c6c7c4b17cc39660?s=96&d=mm&r=g","url":"https:\/\/secure.gravatar.com\/avatar\/20ae085a8b5fd613a02d28588389144802d3ba9408c852b2c6c7c4b17cc39660?s=96&d=mm&r=g","contentUrl":"https:\/\/secure.gravatar.com\/avatar\/20ae085a8b5fd613a02d28588389144802d3ba9408c852b2c6c7c4b17cc39660?s=96&d=mm&r=g","caption":"P\u00f4le Communication"},"url":"https:\/\/www.france.no\/no\/author\/polecom\/"}]}},"_links":{"self":[{"href":"https:\/\/www.france.no\/no\/wp-json\/wp\/v2\/posts\/15020","targetHints":{"allow":["GET"]}}],"collection":[{"href":"https:\/\/www.france.no\/no\/wp-json\/wp\/v2\/posts"}],"about":[{"href":"https:\/\/www.france.no\/no\/wp-json\/wp\/v2\/types\/post"}],"author":[{"embeddable":true,"href":"https:\/\/www.france.no\/no\/wp-json\/wp\/v2\/users\/6"}],"replies":[{"embeddable":true,"href":"https:\/\/www.france.no\/no\/wp-json\/wp\/v2\/comments?post=15020"}],"version-history":[{"count":11,"href":"https:\/\/www.france.no\/no\/wp-json\/wp\/v2\/posts\/15020\/revisions"}],"predecessor-version":[{"id":15065,"href":"https:\/\/www.france.no\/no\/wp-json\/wp\/v2\/posts\/15020\/revisions\/15065"}],"wp:featuredmedia":[{"embeddable":true,"href":"https:\/\/www.france.no\/no\/wp-json\/wp\/v2\/media\/14978"}],"wp:attachment":[{"href":"https:\/\/www.france.no\/no\/wp-json\/wp\/v2\/media?parent=15020"}],"wp:term":[{"taxonomy":"category","embeddable":true,"href":"https:\/\/www.france.no\/no\/wp-json\/wp\/v2\/categories?post=15020"},{"taxonomy":"post_tag","embeddable":true,"href":"https:\/\/www.france.no\/no\/wp-json\/wp\/v2\/tags?post=15020"}],"curies":[{"name":"wp","href":"https:\/\/api.w.org\/{rel}","templated":true}]}}