{"id":1552,"date":"2020-09-10T00:00:00","date_gmt":"2020-09-09T22:00:00","guid":{"rendered":"https:\/\/www.france.no\/2020\/kultur\/frijazzbassisten-joelle-leandre-deltar-pa-den-30-utgaven-av-ultimafestivalen-i-oslo\/"},"modified":"2020-09-10T00:00:00","modified_gmt":"2020-09-09T22:00:00","slug":"frijazzbassisten-joelle-leandre-deltar-pa-den-30-utgaven-av-ultimafestivalen-i-oslo","status":"publish","type":"post","link":"https:\/\/www.france.no\/no\/2020\/kultur\/frijazzbassisten-joelle-leandre-deltar-pa-den-30-utgaven-av-ultimafestivalen-i-oslo\/","title":{"rendered":"Frijazzbassisten Jo\u00eblle L\u00e9andre deltar p\u00e5 den 30. utgaven av Ultimafestivalen i Oslo"},"content":{"rendered":"<p class=\"chapo\"><span style=\"font-weight: 400;\">Den anerkjente, franske frijazzbassisten Jo\u00eblle L\u00e9andre deltar med videooverf\u00f8rte konserter fra Frankrike p\u00e5 den 30. utgaven av Ultimafestivalen, under feiringen av improvisasjonskvartetten SPUNK sitt 25 \u00e5rs jubileum.<\/span><\/p>\n<p><!--more--><\/p>\n<p><span style=\"font-weight: 400;\">Jo\u00eblle L\u00e9andre er en fransk frijazzbassist og komponist som har opptr\u00e5dt p\u00e5 en rekke internasjonale scener. Hun jobber samtidig med komposisjon og imporivisasjon, i orkester eller med samtidsmusikk.<\/span><\/p>\n<p><span style=\"font-weight: 400;\">Frijazzbassisten har blitt invitert for \u00e5 v\u00e6re med \u00e5 hylle improvisasjonskvartetten SPUNK sine 25 \u00e5r l\u00f8rdag kveld p\u00e5 Deichman Bj\u00f8rvika. Jo\u00eblle L\u00e9andres fremvisning ble filmet i Frankrike med st\u00f8tte av Institut fran\u00e7ais Norge og skal vises to ganger i l\u00f8pet av kvelden, kl. 20.45 og kl. 21.45.<\/span><\/p>\n<p><span style=\"font-weight: 400;\">Ultima feirer mangfoldet i samtidsmusikken i hjertet av Oslo. Gjennom festivalen m\u00f8tes fortiden og fremtiden, nostalgi og fremgang, folklore og science-fiction i en spektakul\u00e6r verden av musikk, dans og samtidskunst.<\/span><\/p>\n<p><span style=\"font-weight: 400;\">\u00a0<\/span><\/p>\n<p><span style=\"font-weight: 400;\">Jo\u00eblle L\u00e9andre <\/span><i><span style=\"font-weight: 400;\">SPUNK 25th Tribute<\/span><\/i><\/p>\n<p><span style=\"font-weight: 400;\">Deichman Bj\u00f8rvika, Deichmansalen<\/span><\/p>\n<p><span style=\"font-weight: 400;\">12\/09\/2020, kl. 20.45 og kl. 21.45<\/span><\/p>\n<p><span style=\"font-weight: 400;\">\u00a0<\/span><\/p>\n<p><span style=\"font-weight: 400;\">Mer info p\u00e5 <a href=\"https:\/\/www.ultima.no\/events\/120920_spunk\" target=\"_blank\" rel=\"noopener noreferrer\">Ultimas nettside<\/a>.\u00a0<\/span><\/p>\n<p>&nbsp;<\/p>\n<p>Foto: Francesca Pfeffer\u00a0<\/p>\n","protected":false},"excerpt":{"rendered":"<p>Den anerkjente, franske frijazzbassisten Jo\u00eblle L\u00e9andre deltar med videooverf\u00f8rte konserter fra Frankrike p\u00e5 den 30. utgaven av Ultimafestivalen, under feiringen av improvisasjonskvartetten SPUNK sitt 25 \u00e5rs jubileum.<\/p>\n","protected":false},"author":1,"featured_media":1550,"comment_status":"closed","ping_status":"closed","sticky":false,"template":"","format":"standard","meta":{"footnotes":""},"categories":[5],"tags":[],"class_list":["post-1552","post","type-post","status-publish","format-standard","has-post-thumbnail","hentry","category-kultur"],"yoast_head":"<!-- This site is optimized with the Yoast SEO plugin v24.2 - https:\/\/yoast.com\/wordpress\/plugins\/seo\/ -->\n<title>Frijazzbassisten Jo\u00eblle L\u00e9andre deltar p\u00e5 den 30. utgaven av Ultimafestivalen i Oslo - Institut fran\u00e7ais<\/title>\n<meta name=\"robots\" content=\"index, follow, max-snippet:-1, max-image-preview:large, max-video-preview:-1\" \/>\n<link rel=\"canonical\" href=\"https:\/\/www.france.no\/no\/2020\/kultur\/frijazzbassisten-joelle-leandre-deltar-pa-den-30-utgaven-av-ultimafestivalen-i-oslo\/\" \/>\n<meta property=\"og:locale\" content=\"nb_NO\" \/>\n<meta property=\"og:type\" content=\"article\" \/>\n<meta property=\"og:title\" content=\"Frijazzbassisten Jo\u00eblle L\u00e9andre deltar p\u00e5 den 30. utgaven av Ultimafestivalen i Oslo - Institut fran\u00e7ais\" \/>\n<meta property=\"og:description\" content=\"Den anerkjente, franske frijazzbassisten Jo\u00eblle L\u00e9andre deltar med videooverf\u00f8rte konserter fra Frankrike p\u00e5 den 30. utgaven av Ultimafestivalen, under feiringen av improvisasjonskvartetten SPUNK sitt 25 \u00e5rs jubileum.\" \/>\n<meta property=\"og:url\" content=\"https:\/\/www.france.no\/no\/2020\/kultur\/frijazzbassisten-joelle-leandre-deltar-pa-den-30-utgaven-av-ultimafestivalen-i-oslo\/\" \/>\n<meta property=\"og:site_name\" content=\"Institut fran\u00e7ais\" \/>\n<meta property=\"article:publisher\" content=\"https:\/\/www.facebook.com\/institutfrancaisoslo\" \/>\n<meta property=\"article:published_time\" content=\"2020-09-09T22:00:00+00:00\" \/>\n<meta property=\"og:image\" content=\"https:\/\/www.france.no\/wp-content\/uploads\/2022\/09\/141_leandre.jpg\" \/>\n\t<meta property=\"og:image:width\" content=\"568\" \/>\n\t<meta property=\"og:image:height\" content=\"472\" \/>\n\t<meta property=\"og:image:type\" content=\"image\/jpeg\" \/>\n<meta name=\"author\" content=\"admin_ifno\" \/>\n<meta name=\"twitter:card\" content=\"summary_large_image\" \/>\n<meta name=\"twitter:creator\" content=\"@ifnorvege\" \/>\n<meta name=\"twitter:site\" content=\"@ifnorvege\" \/>\n<meta name=\"twitter:label1\" content=\"Skrevet av\" \/>\n\t<meta name=\"twitter:data1\" content=\"admin_ifno\" \/>\n\t<meta name=\"twitter:label2\" content=\"Ansl. lesetid\" \/>\n\t<meta name=\"twitter:data2\" content=\"1 minutt\" \/>\n<script type=\"application\/ld+json\" class=\"yoast-schema-graph\">{\"@context\":\"https:\/\/schema.org\",\"@graph\":[{\"@type\":\"Article\",\"@id\":\"https:\/\/www.france.no\/no\/2020\/kultur\/frijazzbassisten-joelle-leandre-deltar-pa-den-30-utgaven-av-ultimafestivalen-i-oslo\/#article\",\"isPartOf\":{\"@id\":\"https:\/\/www.france.no\/no\/2020\/kultur\/frijazzbassisten-joelle-leandre-deltar-pa-den-30-utgaven-av-ultimafestivalen-i-oslo\/\"},\"author\":{\"name\":\"admin_ifno\",\"@id\":\"https:\/\/www.france.no\/no\/#\/schema\/person\/4fdc0b263d8f27bb00a55f55d2fa3ab0\"},\"headline\":\"Frijazzbassisten Jo\u00eblle L\u00e9andre deltar p\u00e5 den 30. utgaven av Ultimafestivalen i Oslo\",\"datePublished\":\"2020-09-09T22:00:00+00:00\",\"dateModified\":\"2020-09-09T22:00:00+00:00\",\"mainEntityOfPage\":{\"@id\":\"https:\/\/www.france.no\/no\/2020\/kultur\/frijazzbassisten-joelle-leandre-deltar-pa-den-30-utgaven-av-ultimafestivalen-i-oslo\/\"},\"wordCount\":177,\"publisher\":{\"@id\":\"https:\/\/www.france.no\/no\/#organization\"},\"image\":{\"@id\":\"https:\/\/www.france.no\/no\/2020\/kultur\/frijazzbassisten-joelle-leandre-deltar-pa-den-30-utgaven-av-ultimafestivalen-i-oslo\/#primaryimage\"},\"thumbnailUrl\":\"https:\/\/www.france.no\/wp-content\/uploads\/2022\/09\/141_leandre.jpg\",\"articleSection\":[\"Kultur\"],\"inLanguage\":\"nb-NO\"},{\"@type\":\"WebPage\",\"@id\":\"https:\/\/www.france.no\/no\/2020\/kultur\/frijazzbassisten-joelle-leandre-deltar-pa-den-30-utgaven-av-ultimafestivalen-i-oslo\/\",\"url\":\"https:\/\/www.france.no\/no\/2020\/kultur\/frijazzbassisten-joelle-leandre-deltar-pa-den-30-utgaven-av-ultimafestivalen-i-oslo\/\",\"name\":\"Frijazzbassisten Jo\u00eblle L\u00e9andre deltar p\u00e5 den 30. utgaven av Ultimafestivalen i Oslo - Institut fran\u00e7ais\",\"isPartOf\":{\"@id\":\"https:\/\/www.france.no\/no\/#website\"},\"primaryImageOfPage\":{\"@id\":\"https:\/\/www.france.no\/no\/2020\/kultur\/frijazzbassisten-joelle-leandre-deltar-pa-den-30-utgaven-av-ultimafestivalen-i-oslo\/#primaryimage\"},\"image\":{\"@id\":\"https:\/\/www.france.no\/no\/2020\/kultur\/frijazzbassisten-joelle-leandre-deltar-pa-den-30-utgaven-av-ultimafestivalen-i-oslo\/#primaryimage\"},\"thumbnailUrl\":\"https:\/\/www.france.no\/wp-content\/uploads\/2022\/09\/141_leandre.jpg\",\"datePublished\":\"2020-09-09T22:00:00+00:00\",\"dateModified\":\"2020-09-09T22:00:00+00:00\",\"breadcrumb\":{\"@id\":\"https:\/\/www.france.no\/no\/2020\/kultur\/frijazzbassisten-joelle-leandre-deltar-pa-den-30-utgaven-av-ultimafestivalen-i-oslo\/#breadcrumb\"},\"inLanguage\":\"nb-NO\",\"potentialAction\":[{\"@type\":\"ReadAction\",\"target\":[\"https:\/\/www.france.no\/no\/2020\/kultur\/frijazzbassisten-joelle-leandre-deltar-pa-den-30-utgaven-av-ultimafestivalen-i-oslo\/\"]}]},{\"@type\":\"ImageObject\",\"inLanguage\":\"nb-NO\",\"@id\":\"https:\/\/www.france.no\/no\/2020\/kultur\/frijazzbassisten-joelle-leandre-deltar-pa-den-30-utgaven-av-ultimafestivalen-i-oslo\/#primaryimage\",\"url\":\"https:\/\/www.france.no\/wp-content\/uploads\/2022\/09\/141_leandre.jpg\",\"contentUrl\":\"https:\/\/www.france.no\/wp-content\/uploads\/2022\/09\/141_leandre.jpg\",\"width\":568,\"height\":472},{\"@type\":\"BreadcrumbList\",\"@id\":\"https:\/\/www.france.no\/no\/2020\/kultur\/frijazzbassisten-joelle-leandre-deltar-pa-den-30-utgaven-av-ultimafestivalen-i-oslo\/#breadcrumb\",\"itemListElement\":[{\"@type\":\"ListItem\",\"position\":1,\"name\":\"\",\"item\":\"https:\/\/www.france.no\/no\/\"},{\"@type\":\"ListItem\",\"position\":2,\"name\":\"Kultur\",\"item\":\"https:\/\/www.france.no\/no\/category\/kultur\/\"},{\"@type\":\"ListItem\",\"position\":3,\"name\":\"Frijazzbassisten Jo\u00eblle L\u00e9andre deltar p\u00e5 den 30. utgaven av Ultimafestivalen i Oslo\"}]},{\"@type\":\"WebSite\",\"@id\":\"https:\/\/www.france.no\/no\/#website\",\"url\":\"https:\/\/www.france.no\/no\/\",\"name\":\"Institut fran\u00e7ais\",\"description\":\"Norv\u00e8ge\",\"publisher\":{\"@id\":\"https:\/\/www.france.no\/no\/#organization\"},\"potentialAction\":[{\"@type\":\"SearchAction\",\"target\":{\"@type\":\"EntryPoint\",\"urlTemplate\":\"https:\/\/www.france.no\/no\/?s={search_term_string}\"},\"query-input\":{\"@type\":\"PropertyValueSpecification\",\"valueRequired\":true,\"valueName\":\"search_term_string\"}}],\"inLanguage\":\"nb-NO\"},{\"@type\":\"Organization\",\"@id\":\"https:\/\/www.france.no\/no\/#organization\",\"name\":\"Institut fran\u00e7ais\",\"url\":\"https:\/\/www.france.no\/no\/\",\"logo\":{\"@type\":\"ImageObject\",\"inLanguage\":\"nb-NO\",\"@id\":\"https:\/\/www.france.no\/no\/#\/schema\/logo\/image\/\",\"url\":\"https:\/\/www.france.no\/wp-content\/uploads\/2022\/11\/IF_Logo_Sans_Bleu_RVB.png\",\"contentUrl\":\"https:\/\/www.france.no\/wp-content\/uploads\/2022\/11\/IF_Logo_Sans_Bleu_RVB.png\",\"width\":852,\"height\":591,\"caption\":\"Institut fran\u00e7ais\"},\"image\":{\"@id\":\"https:\/\/www.france.no\/no\/#\/schema\/logo\/image\/\"},\"sameAs\":[\"https:\/\/www.facebook.com\/institutfrancaisoslo\",\"https:\/\/x.com\/ifnorvege\",\"https:\/\/instagram.com\/ifnorvege\"]},{\"@type\":\"Person\",\"@id\":\"https:\/\/www.france.no\/no\/#\/schema\/person\/4fdc0b263d8f27bb00a55f55d2fa3ab0\",\"name\":\"admin_ifno\",\"image\":{\"@type\":\"ImageObject\",\"inLanguage\":\"nb-NO\",\"@id\":\"https:\/\/www.france.no\/no\/#\/schema\/person\/image\/\",\"url\":\"https:\/\/secure.gravatar.com\/avatar\/20f70e61054e6ae673edda3c0dc13670e46e51786443041c70a7eb2da859ae2a?s=96&d=mm&r=g\",\"contentUrl\":\"https:\/\/secure.gravatar.com\/avatar\/20f70e61054e6ae673edda3c0dc13670e46e51786443041c70a7eb2da859ae2a?s=96&d=mm&r=g\",\"caption\":\"admin_ifno\"},\"sameAs\":[\"https:\/\/www.france.no\"],\"url\":\"https:\/\/www.france.no\/no\/author\/admin_ifno\/\"}]}<\/script>\n<!-- \/ Yoast SEO plugin. -->","yoast_head_json":{"title":"Frijazzbassisten Jo\u00eblle L\u00e9andre deltar p\u00e5 den 30. utgaven av Ultimafestivalen i Oslo - Institut fran\u00e7ais","robots":{"index":"index","follow":"follow","max-snippet":"max-snippet:-1","max-image-preview":"max-image-preview:large","max-video-preview":"max-video-preview:-1"},"canonical":"https:\/\/www.france.no\/no\/2020\/kultur\/frijazzbassisten-joelle-leandre-deltar-pa-den-30-utgaven-av-ultimafestivalen-i-oslo\/","og_locale":"nb_NO","og_type":"article","og_title":"Frijazzbassisten Jo\u00eblle L\u00e9andre deltar p\u00e5 den 30. utgaven av Ultimafestivalen i Oslo - Institut fran\u00e7ais","og_description":"Den anerkjente, franske frijazzbassisten Jo\u00eblle L\u00e9andre deltar med videooverf\u00f8rte konserter fra Frankrike p\u00e5 den 30. utgaven av Ultimafestivalen, under feiringen av improvisasjonskvartetten SPUNK sitt 25 \u00e5rs jubileum.","og_url":"https:\/\/www.france.no\/no\/2020\/kultur\/frijazzbassisten-joelle-leandre-deltar-pa-den-30-utgaven-av-ultimafestivalen-i-oslo\/","og_site_name":"Institut fran\u00e7ais","article_publisher":"https:\/\/www.facebook.com\/institutfrancaisoslo","article_published_time":"2020-09-09T22:00:00+00:00","og_image":[{"width":568,"height":472,"url":"https:\/\/www.france.no\/wp-content\/uploads\/2022\/09\/141_leandre.jpg","type":"image\/jpeg"}],"author":"admin_ifno","twitter_card":"summary_large_image","twitter_creator":"@ifnorvege","twitter_site":"@ifnorvege","twitter_misc":{"Skrevet av":"admin_ifno","Ansl. lesetid":"1 minutt"},"schema":{"@context":"https:\/\/schema.org","@graph":[{"@type":"Article","@id":"https:\/\/www.france.no\/no\/2020\/kultur\/frijazzbassisten-joelle-leandre-deltar-pa-den-30-utgaven-av-ultimafestivalen-i-oslo\/#article","isPartOf":{"@id":"https:\/\/www.france.no\/no\/2020\/kultur\/frijazzbassisten-joelle-leandre-deltar-pa-den-30-utgaven-av-ultimafestivalen-i-oslo\/"},"author":{"name":"admin_ifno","@id":"https:\/\/www.france.no\/no\/#\/schema\/person\/4fdc0b263d8f27bb00a55f55d2fa3ab0"},"headline":"Frijazzbassisten Jo\u00eblle L\u00e9andre deltar p\u00e5 den 30. utgaven av Ultimafestivalen i Oslo","datePublished":"2020-09-09T22:00:00+00:00","dateModified":"2020-09-09T22:00:00+00:00","mainEntityOfPage":{"@id":"https:\/\/www.france.no\/no\/2020\/kultur\/frijazzbassisten-joelle-leandre-deltar-pa-den-30-utgaven-av-ultimafestivalen-i-oslo\/"},"wordCount":177,"publisher":{"@id":"https:\/\/www.france.no\/no\/#organization"},"image":{"@id":"https:\/\/www.france.no\/no\/2020\/kultur\/frijazzbassisten-joelle-leandre-deltar-pa-den-30-utgaven-av-ultimafestivalen-i-oslo\/#primaryimage"},"thumbnailUrl":"https:\/\/www.france.no\/wp-content\/uploads\/2022\/09\/141_leandre.jpg","articleSection":["Kultur"],"inLanguage":"nb-NO"},{"@type":"WebPage","@id":"https:\/\/www.france.no\/no\/2020\/kultur\/frijazzbassisten-joelle-leandre-deltar-pa-den-30-utgaven-av-ultimafestivalen-i-oslo\/","url":"https:\/\/www.france.no\/no\/2020\/kultur\/frijazzbassisten-joelle-leandre-deltar-pa-den-30-utgaven-av-ultimafestivalen-i-oslo\/","name":"Frijazzbassisten Jo\u00eblle L\u00e9andre deltar p\u00e5 den 30. utgaven av Ultimafestivalen i Oslo - Institut fran\u00e7ais","isPartOf":{"@id":"https:\/\/www.france.no\/no\/#website"},"primaryImageOfPage":{"@id":"https:\/\/www.france.no\/no\/2020\/kultur\/frijazzbassisten-joelle-leandre-deltar-pa-den-30-utgaven-av-ultimafestivalen-i-oslo\/#primaryimage"},"image":{"@id":"https:\/\/www.france.no\/no\/2020\/kultur\/frijazzbassisten-joelle-leandre-deltar-pa-den-30-utgaven-av-ultimafestivalen-i-oslo\/#primaryimage"},"thumbnailUrl":"https:\/\/www.france.no\/wp-content\/uploads\/2022\/09\/141_leandre.jpg","datePublished":"2020-09-09T22:00:00+00:00","dateModified":"2020-09-09T22:00:00+00:00","breadcrumb":{"@id":"https:\/\/www.france.no\/no\/2020\/kultur\/frijazzbassisten-joelle-leandre-deltar-pa-den-30-utgaven-av-ultimafestivalen-i-oslo\/#breadcrumb"},"inLanguage":"nb-NO","potentialAction":[{"@type":"ReadAction","target":["https:\/\/www.france.no\/no\/2020\/kultur\/frijazzbassisten-joelle-leandre-deltar-pa-den-30-utgaven-av-ultimafestivalen-i-oslo\/"]}]},{"@type":"ImageObject","inLanguage":"nb-NO","@id":"https:\/\/www.france.no\/no\/2020\/kultur\/frijazzbassisten-joelle-leandre-deltar-pa-den-30-utgaven-av-ultimafestivalen-i-oslo\/#primaryimage","url":"https:\/\/www.france.no\/wp-content\/uploads\/2022\/09\/141_leandre.jpg","contentUrl":"https:\/\/www.france.no\/wp-content\/uploads\/2022\/09\/141_leandre.jpg","width":568,"height":472},{"@type":"BreadcrumbList","@id":"https:\/\/www.france.no\/no\/2020\/kultur\/frijazzbassisten-joelle-leandre-deltar-pa-den-30-utgaven-av-ultimafestivalen-i-oslo\/#breadcrumb","itemListElement":[{"@type":"ListItem","position":1,"name":"","item":"https:\/\/www.france.no\/no\/"},{"@type":"ListItem","position":2,"name":"Kultur","item":"https:\/\/www.france.no\/no\/category\/kultur\/"},{"@type":"ListItem","position":3,"name":"Frijazzbassisten Jo\u00eblle L\u00e9andre deltar p\u00e5 den 30. utgaven av Ultimafestivalen i Oslo"}]},{"@type":"WebSite","@id":"https:\/\/www.france.no\/no\/#website","url":"https:\/\/www.france.no\/no\/","name":"Institut fran\u00e7ais","description":"Norv\u00e8ge","publisher":{"@id":"https:\/\/www.france.no\/no\/#organization"},"potentialAction":[{"@type":"SearchAction","target":{"@type":"EntryPoint","urlTemplate":"https:\/\/www.france.no\/no\/?s={search_term_string}"},"query-input":{"@type":"PropertyValueSpecification","valueRequired":true,"valueName":"search_term_string"}}],"inLanguage":"nb-NO"},{"@type":"Organization","@id":"https:\/\/www.france.no\/no\/#organization","name":"Institut fran\u00e7ais","url":"https:\/\/www.france.no\/no\/","logo":{"@type":"ImageObject","inLanguage":"nb-NO","@id":"https:\/\/www.france.no\/no\/#\/schema\/logo\/image\/","url":"https:\/\/www.france.no\/wp-content\/uploads\/2022\/11\/IF_Logo_Sans_Bleu_RVB.png","contentUrl":"https:\/\/www.france.no\/wp-content\/uploads\/2022\/11\/IF_Logo_Sans_Bleu_RVB.png","width":852,"height":591,"caption":"Institut fran\u00e7ais"},"image":{"@id":"https:\/\/www.france.no\/no\/#\/schema\/logo\/image\/"},"sameAs":["https:\/\/www.facebook.com\/institutfrancaisoslo","https:\/\/x.com\/ifnorvege","https:\/\/instagram.com\/ifnorvege"]},{"@type":"Person","@id":"https:\/\/www.france.no\/no\/#\/schema\/person\/4fdc0b263d8f27bb00a55f55d2fa3ab0","name":"admin_ifno","image":{"@type":"ImageObject","inLanguage":"nb-NO","@id":"https:\/\/www.france.no\/no\/#\/schema\/person\/image\/","url":"https:\/\/secure.gravatar.com\/avatar\/20f70e61054e6ae673edda3c0dc13670e46e51786443041c70a7eb2da859ae2a?s=96&d=mm&r=g","contentUrl":"https:\/\/secure.gravatar.com\/avatar\/20f70e61054e6ae673edda3c0dc13670e46e51786443041c70a7eb2da859ae2a?s=96&d=mm&r=g","caption":"admin_ifno"},"sameAs":["https:\/\/www.france.no"],"url":"https:\/\/www.france.no\/no\/author\/admin_ifno\/"}]}},"_links":{"self":[{"href":"https:\/\/www.france.no\/no\/wp-json\/wp\/v2\/posts\/1552","targetHints":{"allow":["GET"]}}],"collection":[{"href":"https:\/\/www.france.no\/no\/wp-json\/wp\/v2\/posts"}],"about":[{"href":"https:\/\/www.france.no\/no\/wp-json\/wp\/v2\/types\/post"}],"author":[{"embeddable":true,"href":"https:\/\/www.france.no\/no\/wp-json\/wp\/v2\/users\/1"}],"replies":[{"embeddable":true,"href":"https:\/\/www.france.no\/no\/wp-json\/wp\/v2\/comments?post=1552"}],"version-history":[{"count":0,"href":"https:\/\/www.france.no\/no\/wp-json\/wp\/v2\/posts\/1552\/revisions"}],"wp:featuredmedia":[{"embeddable":true,"href":"https:\/\/www.france.no\/no\/wp-json\/wp\/v2\/media\/1550"}],"wp:attachment":[{"href":"https:\/\/www.france.no\/no\/wp-json\/wp\/v2\/media?parent=1552"}],"wp:term":[{"taxonomy":"category","embeddable":true,"href":"https:\/\/www.france.no\/no\/wp-json\/wp\/v2\/categories?post=1552"},{"taxonomy":"post_tag","embeddable":true,"href":"https:\/\/www.france.no\/no\/wp-json\/wp\/v2\/tags?post=1552"}],"curies":[{"name":"wp","href":"https:\/\/api.w.org\/{rel}","templated":true}]}}