{"id":1565,"date":"2020-09-30T00:00:00","date_gmt":"2020-09-29T22:00:00","guid":{"rendered":"https:\/\/www.france.no\/2020\/kultur\/filmens-kvinnelige-pionerer-pa-cinemateket\/"},"modified":"2020-09-30T00:00:00","modified_gmt":"2020-09-29T22:00:00","slug":"filmens-kvinnelige-pionerer-pa-cinemateket","status":"publish","type":"post","link":"https:\/\/www.france.no\/no\/2020\/kultur\/filmens-kvinnelige-pionerer-pa-cinemateket\/","title":{"rendered":"Filmens Kvinnelige Pionerer p\u00e5 Cinemateket"},"content":{"rendered":"<p class=\"chapo\">Institut fran\u00e7ais og cinematekene i Norge presenterer et spesielt program frem til 1. november for \u00e5 introdusere franske pionerer innen film.<\/p>\n<p><!--more--><\/p>\n<p>Fra begynnelsen av filmens historie, skrev, regisserte og produserte kvinner filmer. Fra dokumentar til fiksjon, fra korte til lange filmer, har de bidratt med fortellingsformer- kvinners kunstneriske legitimitet er ubestridelig og deres bidrag til kinolerretet er enormt. Likevel er de store kvinnelige filmskaperne glemt i den 7. kunsts historie.<\/p>\n<p>&nbsp;<\/p>\n<p>I samarbeid med Institut Fran\u00e7ais de Paris hyller Cinemateket i Oslo disse pionerne gjennom 5 filmer og et utvalg av kortfilmer:<\/p>\n<p><strong>Alice Guy:<\/strong> 13 kortfilmer produsert mellom 1898 og 1907. Hun er den f\u00f8rste regiss\u00f8ren av skj\u00f8nnlitter\u00e6re filmer i kinohistorien og den f\u00f8rste kvinnen som laget skj\u00f8nnlitter\u00e6re filmer, et eksepsjonelt faktum i et yrke forbeholdt menn. Fram til 1907 regjerte hun over Gaumont-produksjonen som regiss\u00f8r, kunstnerisk leder, manusforfatter og eksperimenterte med spesialeffekter.<\/p>\n<p>\n<strong>Germaine Dulac:<\/strong> Den smilende Madame Beuvet (1923). I denne filmen som ofte er presentert som den f\u00f8rste virkelige feministiske filmen, blir vi kjent\u00a0 med Madeleine Beudet som er veldig ulykkelig i sitt borgerlige ekteskap med Monsieur Beudet. Hun flykter fra virkeligheten ved \u00e5 spille piano. En dag mottar Monsieur Beudet operabilletter for \u00e5 se Faust, men Madame Beudet nekter \u00e5 bli med ham. Alene i familiens hjem, mens pianoet er l\u00e5st av mannen sin, pr\u00f8ver hun \u00e5 unnslippe virkeligheten ved hjelp av fantasien.\u00a0 Tanken p\u00e5 mannen hennes forhindrer henne, og det er da hennes \u00f8nske om \u00e5 forsvinne blir til et \u00f8nske om \u00e5 myrde.<\/p>\n<p><strong>Musidora:<\/strong> For Don Carlos (1921). Basses-Pyr\u00e9n\u00e9es, 1875. En ung underprefekt, involvert i rivaliseringen mellom makthaverne og tilhengerne av tronpretendenten til Spania, faller i en felle lagt av Carlist-oppr\u00f8ret, f\u00f8r finner ut av \u00e5rsaken til det. Basert p\u00e5 romanen av Pierre Benoit.<\/p>\n<p><strong>Marie-Louise Iribe:<\/strong> Alvekongen (1930). Fra Goethes dikt. En ung mann p\u00e5 hest f\u00f8rer sin syke s\u00f8nn hjem, men d\u00f8den, legemliggjort for barnet i kongen av Alders, roper ustanselig til ham. Skapningen som er nevnt i diktet er en Erlk\u00f6nig, en karakter representert i en rekke tyske dikt og ballader som en ond skapning som hjems\u00f8ker skog og f\u00f8rer reisende til deres d\u00f8d.<\/p>\n<p><strong>Nicole Vedr\u00e8s:<\/strong> Paris 1900 (1946). En kr\u00f8nike om livet i Paris mellom 1900 og 1914, produsert ved hjelp av historiske periodedokumenter og utdrag fra mer enn syv hundre filmer, dette arbeidet betraktes som en modell for montasje. Alain Resnais jobbet der som assistent.<\/p>\n<p>&nbsp;<\/p>\n<p><strong>Detaljert program ved visningssted<\/strong>:<\/p>\n<p><strong>Cinemateket i Oslo<\/strong><\/p>\n<p>&#8211; Alice Guy, kortfilmer: 4. oktober<\/p>\n<p>&#8211; Den smilende Madame Beudet: 7. og 15. oktober<\/p>\n<p>&#8211; For Don Carlos: 6. og 14. oktober<\/p>\n<p>&#8211; Alvekongen: 13. og 20. oktober<\/p>\n<p>&#8211; Paris 1900: 21. og 23. oktober<\/p>\n<p>&nbsp;<\/p>\n<p><strong>Cinematek i Trondheim<\/strong><\/p>\n<p>&#8211; Alice Guy, kortfilmer: 21. oktober<\/p>\n<p>&#8211; Den smilende Madame Beudet: 21. oktober<\/p>\n<p>&#8211; For Don Carlos: 21. oktober<\/p>\n<p>&#8211; Alvekongen: 1. november<\/p>\n<p>&#8211; Paris 1900: 1. november<\/p>\n<p>&nbsp;<\/p>\n<p><strong>Bergen<\/strong><\/p>\n<p>&#8211; Alice Guy, kortfilmer: 1. oktober<\/p>\n<p>&#8211; Den smilende Madame Beudet: 4. og 6. oktober<\/p>\n<p>&#8211; For Don Carlos: 1. og 6. oktober<\/p>\n<p>&#8211; Alvekongen: 7. og 20. oktober<\/p>\n<p>&#8211; Paris 1900: 21. og 22. oktober<\/p>\n<p>&nbsp;<\/p>\n<p><strong>Troms\u00f8<\/strong><\/p>\n<p>&#8211; Alice Guy, kortfilmer: 11. oktober<\/p>\n<p>&#8211; Den smilende Madame Beudet: 18. oktober<\/p>\n<p>&#8211; For Don Carlos: 6. oktober<\/p>\n<p>&#8211; Alvekongen: 13. oktober<\/p>\n<p>&#8211; Paris 1900: 22. oktober<\/p>\n<p>&nbsp;<\/p>\n<p><strong>Mer informasjon<\/strong> :<\/p>\n<p>Oslo: https:\/\/www.cinemateket.no\/<\/p>\n<p>Trondheim: http:\/\/www.cinemateket-trondheim.no\/<\/p>\n<p>Bergen: https:\/\/www.cinemateket-usf.no<\/p>\n<p>Troms\u00f8: https:\/\/www.verdensteatret.no\/<\/p>\n","protected":false},"excerpt":{"rendered":"<p>Institut fran\u00e7ais og cinematekene i Norge presenterer et spesielt program frem til 1. november for \u00e5 introdusere franske pionerer innen film.<\/p>\n","protected":false},"author":1,"featured_media":1563,"comment_status":"closed","ping_status":"closed","sticky":false,"template":"","format":"standard","meta":{"footnotes":""},"categories":[5],"tags":[],"class_list":["post-1565","post","type-post","status-publish","format-standard","has-post-thumbnail","hentry","category-kultur"],"yoast_head":"<!-- This site is optimized with the Yoast SEO plugin v24.2 - https:\/\/yoast.com\/wordpress\/plugins\/seo\/ -->\n<title>Filmens Kvinnelige Pionerer p\u00e5 Cinemateket - Institut fran\u00e7ais<\/title>\n<meta name=\"robots\" content=\"index, follow, max-snippet:-1, max-image-preview:large, max-video-preview:-1\" \/>\n<link rel=\"canonical\" href=\"https:\/\/www.france.no\/no\/2020\/kultur\/filmens-kvinnelige-pionerer-pa-cinemateket\/\" \/>\n<meta property=\"og:locale\" content=\"nb_NO\" \/>\n<meta property=\"og:type\" content=\"article\" \/>\n<meta property=\"og:title\" content=\"Filmens Kvinnelige Pionerer p\u00e5 Cinemateket - Institut fran\u00e7ais\" \/>\n<meta property=\"og:description\" content=\"Institut fran\u00e7ais og cinematekene i Norge presenterer et spesielt program frem til 1. november for \u00e5 introdusere franske pionerer innen film.\" \/>\n<meta property=\"og:url\" content=\"https:\/\/www.france.no\/no\/2020\/kultur\/filmens-kvinnelige-pionerer-pa-cinemateket\/\" \/>\n<meta property=\"og:site_name\" content=\"Institut fran\u00e7ais\" \/>\n<meta property=\"article:publisher\" content=\"https:\/\/www.facebook.com\/institutfrancaisoslo\" \/>\n<meta property=\"article:published_time\" content=\"2020-09-29T22:00:00+00:00\" \/>\n<meta property=\"og:image\" content=\"https:\/\/www.france.no\/wp-content\/uploads\/2022\/09\/banniere-pionnieres-cinema-1098x613.jpg\" \/>\n\t<meta property=\"og:image:width\" content=\"1655\" \/>\n\t<meta property=\"og:image:height\" content=\"613\" \/>\n\t<meta property=\"og:image:type\" content=\"image\/jpeg\" \/>\n<meta name=\"author\" content=\"admin_ifno\" \/>\n<meta name=\"twitter:card\" content=\"summary_large_image\" \/>\n<meta name=\"twitter:creator\" content=\"@ifnorvege\" \/>\n<meta name=\"twitter:site\" content=\"@ifnorvege\" \/>\n<meta name=\"twitter:label1\" content=\"Skrevet av\" \/>\n\t<meta name=\"twitter:data1\" content=\"admin_ifno\" \/>\n\t<meta name=\"twitter:label2\" content=\"Ansl. lesetid\" \/>\n\t<meta name=\"twitter:data2\" content=\"3 minutter\" \/>\n<script type=\"application\/ld+json\" class=\"yoast-schema-graph\">{\"@context\":\"https:\/\/schema.org\",\"@graph\":[{\"@type\":\"Article\",\"@id\":\"https:\/\/www.france.no\/no\/2020\/kultur\/filmens-kvinnelige-pionerer-pa-cinemateket\/#article\",\"isPartOf\":{\"@id\":\"https:\/\/www.france.no\/no\/2020\/kultur\/filmens-kvinnelige-pionerer-pa-cinemateket\/\"},\"author\":{\"name\":\"admin_ifno\",\"@id\":\"https:\/\/www.france.no\/no\/#\/schema\/person\/4fdc0b263d8f27bb00a55f55d2fa3ab0\"},\"headline\":\"Filmens Kvinnelige Pionerer p\u00e5 Cinemateket\",\"datePublished\":\"2020-09-29T22:00:00+00:00\",\"dateModified\":\"2020-09-29T22:00:00+00:00\",\"mainEntityOfPage\":{\"@id\":\"https:\/\/www.france.no\/no\/2020\/kultur\/filmens-kvinnelige-pionerer-pa-cinemateket\/\"},\"wordCount\":538,\"publisher\":{\"@id\":\"https:\/\/www.france.no\/no\/#organization\"},\"image\":{\"@id\":\"https:\/\/www.france.no\/no\/2020\/kultur\/filmens-kvinnelige-pionerer-pa-cinemateket\/#primaryimage\"},\"thumbnailUrl\":\"https:\/\/www.france.no\/wp-content\/uploads\/2022\/09\/banniere-pionnieres-cinema-1098x613.jpg\",\"articleSection\":[\"Kultur\"],\"inLanguage\":\"nb-NO\"},{\"@type\":\"WebPage\",\"@id\":\"https:\/\/www.france.no\/no\/2020\/kultur\/filmens-kvinnelige-pionerer-pa-cinemateket\/\",\"url\":\"https:\/\/www.france.no\/no\/2020\/kultur\/filmens-kvinnelige-pionerer-pa-cinemateket\/\",\"name\":\"Filmens Kvinnelige Pionerer p\u00e5 Cinemateket - Institut fran\u00e7ais\",\"isPartOf\":{\"@id\":\"https:\/\/www.france.no\/no\/#website\"},\"primaryImageOfPage\":{\"@id\":\"https:\/\/www.france.no\/no\/2020\/kultur\/filmens-kvinnelige-pionerer-pa-cinemateket\/#primaryimage\"},\"image\":{\"@id\":\"https:\/\/www.france.no\/no\/2020\/kultur\/filmens-kvinnelige-pionerer-pa-cinemateket\/#primaryimage\"},\"thumbnailUrl\":\"https:\/\/www.france.no\/wp-content\/uploads\/2022\/09\/banniere-pionnieres-cinema-1098x613.jpg\",\"datePublished\":\"2020-09-29T22:00:00+00:00\",\"dateModified\":\"2020-09-29T22:00:00+00:00\",\"breadcrumb\":{\"@id\":\"https:\/\/www.france.no\/no\/2020\/kultur\/filmens-kvinnelige-pionerer-pa-cinemateket\/#breadcrumb\"},\"inLanguage\":\"nb-NO\",\"potentialAction\":[{\"@type\":\"ReadAction\",\"target\":[\"https:\/\/www.france.no\/no\/2020\/kultur\/filmens-kvinnelige-pionerer-pa-cinemateket\/\"]}]},{\"@type\":\"ImageObject\",\"inLanguage\":\"nb-NO\",\"@id\":\"https:\/\/www.france.no\/no\/2020\/kultur\/filmens-kvinnelige-pionerer-pa-cinemateket\/#primaryimage\",\"url\":\"https:\/\/www.france.no\/wp-content\/uploads\/2022\/09\/banniere-pionnieres-cinema-1098x613.jpg\",\"contentUrl\":\"https:\/\/www.france.no\/wp-content\/uploads\/2022\/09\/banniere-pionnieres-cinema-1098x613.jpg\",\"width\":1655,\"height\":613},{\"@type\":\"BreadcrumbList\",\"@id\":\"https:\/\/www.france.no\/no\/2020\/kultur\/filmens-kvinnelige-pionerer-pa-cinemateket\/#breadcrumb\",\"itemListElement\":[{\"@type\":\"ListItem\",\"position\":1,\"name\":\"\",\"item\":\"https:\/\/www.france.no\/no\/\"},{\"@type\":\"ListItem\",\"position\":2,\"name\":\"Kultur\",\"item\":\"https:\/\/www.france.no\/no\/category\/kultur\/\"},{\"@type\":\"ListItem\",\"position\":3,\"name\":\"Filmens Kvinnelige Pionerer p\u00e5 Cinemateket\"}]},{\"@type\":\"WebSite\",\"@id\":\"https:\/\/www.france.no\/no\/#website\",\"url\":\"https:\/\/www.france.no\/no\/\",\"name\":\"Institut fran\u00e7ais\",\"description\":\"Norv\u00e8ge\",\"publisher\":{\"@id\":\"https:\/\/www.france.no\/no\/#organization\"},\"potentialAction\":[{\"@type\":\"SearchAction\",\"target\":{\"@type\":\"EntryPoint\",\"urlTemplate\":\"https:\/\/www.france.no\/no\/?s={search_term_string}\"},\"query-input\":{\"@type\":\"PropertyValueSpecification\",\"valueRequired\":true,\"valueName\":\"search_term_string\"}}],\"inLanguage\":\"nb-NO\"},{\"@type\":\"Organization\",\"@id\":\"https:\/\/www.france.no\/no\/#organization\",\"name\":\"Institut fran\u00e7ais\",\"url\":\"https:\/\/www.france.no\/no\/\",\"logo\":{\"@type\":\"ImageObject\",\"inLanguage\":\"nb-NO\",\"@id\":\"https:\/\/www.france.no\/no\/#\/schema\/logo\/image\/\",\"url\":\"https:\/\/www.france.no\/wp-content\/uploads\/2022\/11\/IF_Logo_Sans_Bleu_RVB.png\",\"contentUrl\":\"https:\/\/www.france.no\/wp-content\/uploads\/2022\/11\/IF_Logo_Sans_Bleu_RVB.png\",\"width\":852,\"height\":591,\"caption\":\"Institut fran\u00e7ais\"},\"image\":{\"@id\":\"https:\/\/www.france.no\/no\/#\/schema\/logo\/image\/\"},\"sameAs\":[\"https:\/\/www.facebook.com\/institutfrancaisoslo\",\"https:\/\/x.com\/ifnorvege\",\"https:\/\/instagram.com\/ifnorvege\"]},{\"@type\":\"Person\",\"@id\":\"https:\/\/www.france.no\/no\/#\/schema\/person\/4fdc0b263d8f27bb00a55f55d2fa3ab0\",\"name\":\"admin_ifno\",\"image\":{\"@type\":\"ImageObject\",\"inLanguage\":\"nb-NO\",\"@id\":\"https:\/\/www.france.no\/no\/#\/schema\/person\/image\/\",\"url\":\"https:\/\/secure.gravatar.com\/avatar\/20f70e61054e6ae673edda3c0dc13670e46e51786443041c70a7eb2da859ae2a?s=96&d=mm&r=g\",\"contentUrl\":\"https:\/\/secure.gravatar.com\/avatar\/20f70e61054e6ae673edda3c0dc13670e46e51786443041c70a7eb2da859ae2a?s=96&d=mm&r=g\",\"caption\":\"admin_ifno\"},\"sameAs\":[\"https:\/\/www.france.no\"],\"url\":\"https:\/\/www.france.no\/no\/author\/admin_ifno\/\"}]}<\/script>\n<!-- \/ Yoast SEO plugin. -->","yoast_head_json":{"title":"Filmens Kvinnelige Pionerer p\u00e5 Cinemateket - Institut fran\u00e7ais","robots":{"index":"index","follow":"follow","max-snippet":"max-snippet:-1","max-image-preview":"max-image-preview:large","max-video-preview":"max-video-preview:-1"},"canonical":"https:\/\/www.france.no\/no\/2020\/kultur\/filmens-kvinnelige-pionerer-pa-cinemateket\/","og_locale":"nb_NO","og_type":"article","og_title":"Filmens Kvinnelige Pionerer p\u00e5 Cinemateket - Institut fran\u00e7ais","og_description":"Institut fran\u00e7ais og cinematekene i Norge presenterer et spesielt program frem til 1. november for \u00e5 introdusere franske pionerer innen film.","og_url":"https:\/\/www.france.no\/no\/2020\/kultur\/filmens-kvinnelige-pionerer-pa-cinemateket\/","og_site_name":"Institut fran\u00e7ais","article_publisher":"https:\/\/www.facebook.com\/institutfrancaisoslo","article_published_time":"2020-09-29T22:00:00+00:00","og_image":[{"width":1655,"height":613,"url":"https:\/\/www.france.no\/wp-content\/uploads\/2022\/09\/banniere-pionnieres-cinema-1098x613.jpg","type":"image\/jpeg"}],"author":"admin_ifno","twitter_card":"summary_large_image","twitter_creator":"@ifnorvege","twitter_site":"@ifnorvege","twitter_misc":{"Skrevet av":"admin_ifno","Ansl. lesetid":"3 minutter"},"schema":{"@context":"https:\/\/schema.org","@graph":[{"@type":"Article","@id":"https:\/\/www.france.no\/no\/2020\/kultur\/filmens-kvinnelige-pionerer-pa-cinemateket\/#article","isPartOf":{"@id":"https:\/\/www.france.no\/no\/2020\/kultur\/filmens-kvinnelige-pionerer-pa-cinemateket\/"},"author":{"name":"admin_ifno","@id":"https:\/\/www.france.no\/no\/#\/schema\/person\/4fdc0b263d8f27bb00a55f55d2fa3ab0"},"headline":"Filmens Kvinnelige Pionerer p\u00e5 Cinemateket","datePublished":"2020-09-29T22:00:00+00:00","dateModified":"2020-09-29T22:00:00+00:00","mainEntityOfPage":{"@id":"https:\/\/www.france.no\/no\/2020\/kultur\/filmens-kvinnelige-pionerer-pa-cinemateket\/"},"wordCount":538,"publisher":{"@id":"https:\/\/www.france.no\/no\/#organization"},"image":{"@id":"https:\/\/www.france.no\/no\/2020\/kultur\/filmens-kvinnelige-pionerer-pa-cinemateket\/#primaryimage"},"thumbnailUrl":"https:\/\/www.france.no\/wp-content\/uploads\/2022\/09\/banniere-pionnieres-cinema-1098x613.jpg","articleSection":["Kultur"],"inLanguage":"nb-NO"},{"@type":"WebPage","@id":"https:\/\/www.france.no\/no\/2020\/kultur\/filmens-kvinnelige-pionerer-pa-cinemateket\/","url":"https:\/\/www.france.no\/no\/2020\/kultur\/filmens-kvinnelige-pionerer-pa-cinemateket\/","name":"Filmens Kvinnelige Pionerer p\u00e5 Cinemateket - Institut fran\u00e7ais","isPartOf":{"@id":"https:\/\/www.france.no\/no\/#website"},"primaryImageOfPage":{"@id":"https:\/\/www.france.no\/no\/2020\/kultur\/filmens-kvinnelige-pionerer-pa-cinemateket\/#primaryimage"},"image":{"@id":"https:\/\/www.france.no\/no\/2020\/kultur\/filmens-kvinnelige-pionerer-pa-cinemateket\/#primaryimage"},"thumbnailUrl":"https:\/\/www.france.no\/wp-content\/uploads\/2022\/09\/banniere-pionnieres-cinema-1098x613.jpg","datePublished":"2020-09-29T22:00:00+00:00","dateModified":"2020-09-29T22:00:00+00:00","breadcrumb":{"@id":"https:\/\/www.france.no\/no\/2020\/kultur\/filmens-kvinnelige-pionerer-pa-cinemateket\/#breadcrumb"},"inLanguage":"nb-NO","potentialAction":[{"@type":"ReadAction","target":["https:\/\/www.france.no\/no\/2020\/kultur\/filmens-kvinnelige-pionerer-pa-cinemateket\/"]}]},{"@type":"ImageObject","inLanguage":"nb-NO","@id":"https:\/\/www.france.no\/no\/2020\/kultur\/filmens-kvinnelige-pionerer-pa-cinemateket\/#primaryimage","url":"https:\/\/www.france.no\/wp-content\/uploads\/2022\/09\/banniere-pionnieres-cinema-1098x613.jpg","contentUrl":"https:\/\/www.france.no\/wp-content\/uploads\/2022\/09\/banniere-pionnieres-cinema-1098x613.jpg","width":1655,"height":613},{"@type":"BreadcrumbList","@id":"https:\/\/www.france.no\/no\/2020\/kultur\/filmens-kvinnelige-pionerer-pa-cinemateket\/#breadcrumb","itemListElement":[{"@type":"ListItem","position":1,"name":"","item":"https:\/\/www.france.no\/no\/"},{"@type":"ListItem","position":2,"name":"Kultur","item":"https:\/\/www.france.no\/no\/category\/kultur\/"},{"@type":"ListItem","position":3,"name":"Filmens Kvinnelige Pionerer p\u00e5 Cinemateket"}]},{"@type":"WebSite","@id":"https:\/\/www.france.no\/no\/#website","url":"https:\/\/www.france.no\/no\/","name":"Institut fran\u00e7ais","description":"Norv\u00e8ge","publisher":{"@id":"https:\/\/www.france.no\/no\/#organization"},"potentialAction":[{"@type":"SearchAction","target":{"@type":"EntryPoint","urlTemplate":"https:\/\/www.france.no\/no\/?s={search_term_string}"},"query-input":{"@type":"PropertyValueSpecification","valueRequired":true,"valueName":"search_term_string"}}],"inLanguage":"nb-NO"},{"@type":"Organization","@id":"https:\/\/www.france.no\/no\/#organization","name":"Institut fran\u00e7ais","url":"https:\/\/www.france.no\/no\/","logo":{"@type":"ImageObject","inLanguage":"nb-NO","@id":"https:\/\/www.france.no\/no\/#\/schema\/logo\/image\/","url":"https:\/\/www.france.no\/wp-content\/uploads\/2022\/11\/IF_Logo_Sans_Bleu_RVB.png","contentUrl":"https:\/\/www.france.no\/wp-content\/uploads\/2022\/11\/IF_Logo_Sans_Bleu_RVB.png","width":852,"height":591,"caption":"Institut fran\u00e7ais"},"image":{"@id":"https:\/\/www.france.no\/no\/#\/schema\/logo\/image\/"},"sameAs":["https:\/\/www.facebook.com\/institutfrancaisoslo","https:\/\/x.com\/ifnorvege","https:\/\/instagram.com\/ifnorvege"]},{"@type":"Person","@id":"https:\/\/www.france.no\/no\/#\/schema\/person\/4fdc0b263d8f27bb00a55f55d2fa3ab0","name":"admin_ifno","image":{"@type":"ImageObject","inLanguage":"nb-NO","@id":"https:\/\/www.france.no\/no\/#\/schema\/person\/image\/","url":"https:\/\/secure.gravatar.com\/avatar\/20f70e61054e6ae673edda3c0dc13670e46e51786443041c70a7eb2da859ae2a?s=96&d=mm&r=g","contentUrl":"https:\/\/secure.gravatar.com\/avatar\/20f70e61054e6ae673edda3c0dc13670e46e51786443041c70a7eb2da859ae2a?s=96&d=mm&r=g","caption":"admin_ifno"},"sameAs":["https:\/\/www.france.no"],"url":"https:\/\/www.france.no\/no\/author\/admin_ifno\/"}]}},"_links":{"self":[{"href":"https:\/\/www.france.no\/no\/wp-json\/wp\/v2\/posts\/1565","targetHints":{"allow":["GET"]}}],"collection":[{"href":"https:\/\/www.france.no\/no\/wp-json\/wp\/v2\/posts"}],"about":[{"href":"https:\/\/www.france.no\/no\/wp-json\/wp\/v2\/types\/post"}],"author":[{"embeddable":true,"href":"https:\/\/www.france.no\/no\/wp-json\/wp\/v2\/users\/1"}],"replies":[{"embeddable":true,"href":"https:\/\/www.france.no\/no\/wp-json\/wp\/v2\/comments?post=1565"}],"version-history":[{"count":0,"href":"https:\/\/www.france.no\/no\/wp-json\/wp\/v2\/posts\/1565\/revisions"}],"wp:featuredmedia":[{"embeddable":true,"href":"https:\/\/www.france.no\/no\/wp-json\/wp\/v2\/media\/1563"}],"wp:attachment":[{"href":"https:\/\/www.france.no\/no\/wp-json\/wp\/v2\/media?parent=1565"}],"wp:term":[{"taxonomy":"category","embeddable":true,"href":"https:\/\/www.france.no\/no\/wp-json\/wp\/v2\/categories?post=1565"},{"taxonomy":"post_tag","embeddable":true,"href":"https:\/\/www.france.no\/no\/wp-json\/wp\/v2\/tags?post=1565"}],"curies":[{"name":"wp","href":"https:\/\/api.w.org\/{rel}","templated":true}]}}