{"id":1577,"date":"2020-10-07T00:00:00","date_gmt":"2020-10-06T22:00:00","guid":{"rendered":"https:\/\/www.france.no\/2020\/kultur\/utvalg-av-franske-filmer-pa-den-21-bergen-international-film-festival-biff\/"},"modified":"2020-10-07T00:00:00","modified_gmt":"2020-10-06T22:00:00","slug":"utvalg-av-franske-filmer-pa-den-21-bergen-international-film-festival-biff","status":"publish","type":"post","link":"https:\/\/www.france.no\/no\/2020\/kultur\/utvalg-av-franske-filmer-pa-den-21-bergen-international-film-festival-biff\/","title":{"rendered":"Utvalg av franske filmer p\u00e5 den 21. Bergen International Film Festival (BIFF)"},"content":{"rendered":"<p class=\"chapo\">Fra 7. til 18. oktober feirer Bergen norsk og internasjonal film. Et utvalg av franske filmer lar deg oppdage nylig utgitte filmer.<\/p>\n<p><!--more--><\/p>\n<p>Se det detaljerte programmet over franske filmer her:<\/p>\n<p>&nbsp;<\/p>\n<p><a href=\"https:\/\/www.biff.no\/filmer\/article1433260.ece?showMoviesFromProgram=t&amp;index=3#cat_all-tag_all-days_all-Y\"><strong>Bare dyrene<\/strong><\/a> (Seules les b\u00eates) av <strong>Dominik Moll<\/strong><\/p>\n<ul>\n<li>12., 13. og 17. oktober<\/li>\n<\/ul>\n<p>&nbsp;<\/p>\n<p><strong><a href=\"https:\/\/www.biff.no\/filmer\/article1436357.ece?showMoviesFromProgram=t&amp;index=2#cat_all-tag_all-days_all-Y\">De tingene vi sier, de tingene vi gj\u00f8r<\/a> <\/strong>(Les choses qu\u2019on dit, les choses qu\u2019on fait) av Emmanuel Mouret<\/p>\n<ul>\n<li>11., 13. og 17. oktober<\/li>\n<\/ul>\n<p>&nbsp;<\/p>\n<p><a href=\"https:\/\/www.biff.no\/filmer\/article1436763.ece?showMoviesFromProgram=t&amp;index=4#cat_all-tag_all-days_all-Y\"><strong>Sommeren \u201885.<\/strong><\/a> (\u00c9t\u00e9 85) av Fran\u00e7ois Ozon<\/p>\n<ul>\n<li>10., 14. og 18. oktober<\/li>\n<\/ul>\n<p>&nbsp;<\/p>\n<p><a href=\"https:\/\/www.biff.no\/filmer\/article1433253.ece?showMoviesFromProgram=t&amp;index=1#cat_all-tag_all-days_all-Y\"><strong>Hvis det var kj\u00e6rlighet <\/strong><\/a>(Si c\u2019\u00e9tait de l\u2019amour) av Patrick Chiha<\/p>\n<ul>\n<li>9., 13., 14. og 16. oktober<\/li>\n<\/ul>\n<p>&nbsp;<\/p>\n<p>Mer informasjon og fullstendig program p\u00e5 <a href=\"https:\/\/www.biff.no\/filmer\/\">festivalens nettsider<\/a>.<\/p>\n<p>&nbsp;<\/p>\n","protected":false},"excerpt":{"rendered":"<p>Fra 7. til 18. oktober feirer Bergen norsk og internasjonal film. Et utvalg av franske filmer lar deg oppdage nylig utgitte filmer.<\/p>\n","protected":false},"author":1,"featured_media":1575,"comment_status":"closed","ping_status":"closed","sticky":false,"template":"","format":"standard","meta":{"footnotes":""},"categories":[5],"tags":[],"class_list":["post-1577","post","type-post","status-publish","format-standard","has-post-thumbnail","hentry","category-kultur"],"yoast_head":"<!-- This site is optimized with the Yoast SEO plugin v24.2 - https:\/\/yoast.com\/wordpress\/plugins\/seo\/ -->\n<title>Utvalg av franske filmer p\u00e5 den 21. Bergen International Film Festival (BIFF) - Institut fran\u00e7ais<\/title>\n<meta name=\"robots\" content=\"index, follow, max-snippet:-1, max-image-preview:large, max-video-preview:-1\" \/>\n<link rel=\"canonical\" href=\"https:\/\/www.france.no\/no\/2020\/kultur\/utvalg-av-franske-filmer-pa-den-21-bergen-international-film-festival-biff\/\" \/>\n<meta property=\"og:locale\" content=\"nb_NO\" \/>\n<meta property=\"og:type\" content=\"article\" \/>\n<meta property=\"og:title\" content=\"Utvalg av franske filmer p\u00e5 den 21. Bergen International Film Festival (BIFF) - Institut fran\u00e7ais\" \/>\n<meta property=\"og:description\" content=\"Fra 7. til 18. oktober feirer Bergen norsk og internasjonal film. Et utvalg av franske filmer lar deg oppdage nylig utgitte filmer.\" \/>\n<meta property=\"og:url\" content=\"https:\/\/www.france.no\/no\/2020\/kultur\/utvalg-av-franske-filmer-pa-den-21-bergen-international-film-festival-biff\/\" \/>\n<meta property=\"og:site_name\" content=\"Institut fran\u00e7ais\" \/>\n<meta property=\"article:publisher\" content=\"https:\/\/www.facebook.com\/institutfrancaisoslo\" \/>\n<meta property=\"article:published_time\" content=\"2020-10-06T22:00:00+00:00\" \/>\n<meta property=\"og:image\" content=\"https:\/\/www.france.no\/wp-content\/uploads\/2022\/09\/biff_logo_klassisk_classicred_norsk-1-1098x617.png\" \/>\n\t<meta property=\"og:image:width\" content=\"4740\" \/>\n\t<meta property=\"og:image:height\" content=\"3000\" \/>\n\t<meta property=\"og:image:type\" content=\"image\/png\" \/>\n<meta name=\"author\" content=\"admin_ifno\" \/>\n<meta name=\"twitter:card\" content=\"summary_large_image\" \/>\n<meta name=\"twitter:creator\" content=\"@ifnorvege\" \/>\n<meta name=\"twitter:site\" content=\"@ifnorvege\" \/>\n<meta name=\"twitter:label1\" content=\"Skrevet av\" \/>\n\t<meta name=\"twitter:data1\" content=\"admin_ifno\" \/>\n\t<meta name=\"twitter:label2\" content=\"Ansl. lesetid\" \/>\n\t<meta name=\"twitter:data2\" content=\"1 minutt\" \/>\n<script type=\"application\/ld+json\" class=\"yoast-schema-graph\">{\"@context\":\"https:\/\/schema.org\",\"@graph\":[{\"@type\":\"Article\",\"@id\":\"https:\/\/www.france.no\/no\/2020\/kultur\/utvalg-av-franske-filmer-pa-den-21-bergen-international-film-festival-biff\/#article\",\"isPartOf\":{\"@id\":\"https:\/\/www.france.no\/no\/2020\/kultur\/utvalg-av-franske-filmer-pa-den-21-bergen-international-film-festival-biff\/\"},\"author\":{\"name\":\"admin_ifno\",\"@id\":\"https:\/\/www.france.no\/no\/#\/schema\/person\/4fdc0b263d8f27bb00a55f55d2fa3ab0\"},\"headline\":\"Utvalg av franske filmer p\u00e5 den 21. Bergen International Film Festival (BIFF)\",\"datePublished\":\"2020-10-06T22:00:00+00:00\",\"dateModified\":\"2020-10-06T22:00:00+00:00\",\"mainEntityOfPage\":{\"@id\":\"https:\/\/www.france.no\/no\/2020\/kultur\/utvalg-av-franske-filmer-pa-den-21-bergen-international-film-festival-biff\/\"},\"wordCount\":112,\"publisher\":{\"@id\":\"https:\/\/www.france.no\/no\/#organization\"},\"image\":{\"@id\":\"https:\/\/www.france.no\/no\/2020\/kultur\/utvalg-av-franske-filmer-pa-den-21-bergen-international-film-festival-biff\/#primaryimage\"},\"thumbnailUrl\":\"https:\/\/www.france.no\/wp-content\/uploads\/2022\/09\/biff_logo_klassisk_classicred_norsk-1-1098x617.png\",\"articleSection\":[\"Kultur\"],\"inLanguage\":\"nb-NO\"},{\"@type\":\"WebPage\",\"@id\":\"https:\/\/www.france.no\/no\/2020\/kultur\/utvalg-av-franske-filmer-pa-den-21-bergen-international-film-festival-biff\/\",\"url\":\"https:\/\/www.france.no\/no\/2020\/kultur\/utvalg-av-franske-filmer-pa-den-21-bergen-international-film-festival-biff\/\",\"name\":\"Utvalg av franske filmer p\u00e5 den 21. Bergen International Film Festival (BIFF) - Institut fran\u00e7ais\",\"isPartOf\":{\"@id\":\"https:\/\/www.france.no\/no\/#website\"},\"primaryImageOfPage\":{\"@id\":\"https:\/\/www.france.no\/no\/2020\/kultur\/utvalg-av-franske-filmer-pa-den-21-bergen-international-film-festival-biff\/#primaryimage\"},\"image\":{\"@id\":\"https:\/\/www.france.no\/no\/2020\/kultur\/utvalg-av-franske-filmer-pa-den-21-bergen-international-film-festival-biff\/#primaryimage\"},\"thumbnailUrl\":\"https:\/\/www.france.no\/wp-content\/uploads\/2022\/09\/biff_logo_klassisk_classicred_norsk-1-1098x617.png\",\"datePublished\":\"2020-10-06T22:00:00+00:00\",\"dateModified\":\"2020-10-06T22:00:00+00:00\",\"breadcrumb\":{\"@id\":\"https:\/\/www.france.no\/no\/2020\/kultur\/utvalg-av-franske-filmer-pa-den-21-bergen-international-film-festival-biff\/#breadcrumb\"},\"inLanguage\":\"nb-NO\",\"potentialAction\":[{\"@type\":\"ReadAction\",\"target\":[\"https:\/\/www.france.no\/no\/2020\/kultur\/utvalg-av-franske-filmer-pa-den-21-bergen-international-film-festival-biff\/\"]}]},{\"@type\":\"ImageObject\",\"inLanguage\":\"nb-NO\",\"@id\":\"https:\/\/www.france.no\/no\/2020\/kultur\/utvalg-av-franske-filmer-pa-den-21-bergen-international-film-festival-biff\/#primaryimage\",\"url\":\"https:\/\/www.france.no\/wp-content\/uploads\/2022\/09\/biff_logo_klassisk_classicred_norsk-1-1098x617.png\",\"contentUrl\":\"https:\/\/www.france.no\/wp-content\/uploads\/2022\/09\/biff_logo_klassisk_classicred_norsk-1-1098x617.png\",\"width\":4740,\"height\":3000},{\"@type\":\"BreadcrumbList\",\"@id\":\"https:\/\/www.france.no\/no\/2020\/kultur\/utvalg-av-franske-filmer-pa-den-21-bergen-international-film-festival-biff\/#breadcrumb\",\"itemListElement\":[{\"@type\":\"ListItem\",\"position\":1,\"name\":\"\",\"item\":\"https:\/\/www.france.no\/no\/\"},{\"@type\":\"ListItem\",\"position\":2,\"name\":\"Kultur\",\"item\":\"https:\/\/www.france.no\/no\/category\/kultur\/\"},{\"@type\":\"ListItem\",\"position\":3,\"name\":\"Utvalg av franske filmer p\u00e5 den 21. Bergen International Film Festival (BIFF)\"}]},{\"@type\":\"WebSite\",\"@id\":\"https:\/\/www.france.no\/no\/#website\",\"url\":\"https:\/\/www.france.no\/no\/\",\"name\":\"Institut fran\u00e7ais\",\"description\":\"Norv\u00e8ge\",\"publisher\":{\"@id\":\"https:\/\/www.france.no\/no\/#organization\"},\"potentialAction\":[{\"@type\":\"SearchAction\",\"target\":{\"@type\":\"EntryPoint\",\"urlTemplate\":\"https:\/\/www.france.no\/no\/?s={search_term_string}\"},\"query-input\":{\"@type\":\"PropertyValueSpecification\",\"valueRequired\":true,\"valueName\":\"search_term_string\"}}],\"inLanguage\":\"nb-NO\"},{\"@type\":\"Organization\",\"@id\":\"https:\/\/www.france.no\/no\/#organization\",\"name\":\"Institut fran\u00e7ais\",\"url\":\"https:\/\/www.france.no\/no\/\",\"logo\":{\"@type\":\"ImageObject\",\"inLanguage\":\"nb-NO\",\"@id\":\"https:\/\/www.france.no\/no\/#\/schema\/logo\/image\/\",\"url\":\"https:\/\/www.france.no\/wp-content\/uploads\/2022\/11\/IF_Logo_Sans_Bleu_RVB.png\",\"contentUrl\":\"https:\/\/www.france.no\/wp-content\/uploads\/2022\/11\/IF_Logo_Sans_Bleu_RVB.png\",\"width\":852,\"height\":591,\"caption\":\"Institut fran\u00e7ais\"},\"image\":{\"@id\":\"https:\/\/www.france.no\/no\/#\/schema\/logo\/image\/\"},\"sameAs\":[\"https:\/\/www.facebook.com\/institutfrancaisoslo\",\"https:\/\/x.com\/ifnorvege\",\"https:\/\/instagram.com\/ifnorvege\"]},{\"@type\":\"Person\",\"@id\":\"https:\/\/www.france.no\/no\/#\/schema\/person\/4fdc0b263d8f27bb00a55f55d2fa3ab0\",\"name\":\"admin_ifno\",\"image\":{\"@type\":\"ImageObject\",\"inLanguage\":\"nb-NO\",\"@id\":\"https:\/\/www.france.no\/no\/#\/schema\/person\/image\/\",\"url\":\"https:\/\/secure.gravatar.com\/avatar\/20f70e61054e6ae673edda3c0dc13670e46e51786443041c70a7eb2da859ae2a?s=96&d=mm&r=g\",\"contentUrl\":\"https:\/\/secure.gravatar.com\/avatar\/20f70e61054e6ae673edda3c0dc13670e46e51786443041c70a7eb2da859ae2a?s=96&d=mm&r=g\",\"caption\":\"admin_ifno\"},\"sameAs\":[\"https:\/\/www.france.no\"],\"url\":\"https:\/\/www.france.no\/no\/author\/admin_ifno\/\"}]}<\/script>\n<!-- \/ Yoast SEO plugin. -->","yoast_head_json":{"title":"Utvalg av franske filmer p\u00e5 den 21. Bergen International Film Festival (BIFF) - Institut fran\u00e7ais","robots":{"index":"index","follow":"follow","max-snippet":"max-snippet:-1","max-image-preview":"max-image-preview:large","max-video-preview":"max-video-preview:-1"},"canonical":"https:\/\/www.france.no\/no\/2020\/kultur\/utvalg-av-franske-filmer-pa-den-21-bergen-international-film-festival-biff\/","og_locale":"nb_NO","og_type":"article","og_title":"Utvalg av franske filmer p\u00e5 den 21. Bergen International Film Festival (BIFF) - Institut fran\u00e7ais","og_description":"Fra 7. til 18. oktober feirer Bergen norsk og internasjonal film. Et utvalg av franske filmer lar deg oppdage nylig utgitte filmer.","og_url":"https:\/\/www.france.no\/no\/2020\/kultur\/utvalg-av-franske-filmer-pa-den-21-bergen-international-film-festival-biff\/","og_site_name":"Institut fran\u00e7ais","article_publisher":"https:\/\/www.facebook.com\/institutfrancaisoslo","article_published_time":"2020-10-06T22:00:00+00:00","og_image":[{"width":4740,"height":3000,"url":"https:\/\/www.france.no\/wp-content\/uploads\/2022\/09\/biff_logo_klassisk_classicred_norsk-1-1098x617.png","type":"image\/png"}],"author":"admin_ifno","twitter_card":"summary_large_image","twitter_creator":"@ifnorvege","twitter_site":"@ifnorvege","twitter_misc":{"Skrevet av":"admin_ifno","Ansl. lesetid":"1 minutt"},"schema":{"@context":"https:\/\/schema.org","@graph":[{"@type":"Article","@id":"https:\/\/www.france.no\/no\/2020\/kultur\/utvalg-av-franske-filmer-pa-den-21-bergen-international-film-festival-biff\/#article","isPartOf":{"@id":"https:\/\/www.france.no\/no\/2020\/kultur\/utvalg-av-franske-filmer-pa-den-21-bergen-international-film-festival-biff\/"},"author":{"name":"admin_ifno","@id":"https:\/\/www.france.no\/no\/#\/schema\/person\/4fdc0b263d8f27bb00a55f55d2fa3ab0"},"headline":"Utvalg av franske filmer p\u00e5 den 21. Bergen International Film Festival (BIFF)","datePublished":"2020-10-06T22:00:00+00:00","dateModified":"2020-10-06T22:00:00+00:00","mainEntityOfPage":{"@id":"https:\/\/www.france.no\/no\/2020\/kultur\/utvalg-av-franske-filmer-pa-den-21-bergen-international-film-festival-biff\/"},"wordCount":112,"publisher":{"@id":"https:\/\/www.france.no\/no\/#organization"},"image":{"@id":"https:\/\/www.france.no\/no\/2020\/kultur\/utvalg-av-franske-filmer-pa-den-21-bergen-international-film-festival-biff\/#primaryimage"},"thumbnailUrl":"https:\/\/www.france.no\/wp-content\/uploads\/2022\/09\/biff_logo_klassisk_classicred_norsk-1-1098x617.png","articleSection":["Kultur"],"inLanguage":"nb-NO"},{"@type":"WebPage","@id":"https:\/\/www.france.no\/no\/2020\/kultur\/utvalg-av-franske-filmer-pa-den-21-bergen-international-film-festival-biff\/","url":"https:\/\/www.france.no\/no\/2020\/kultur\/utvalg-av-franske-filmer-pa-den-21-bergen-international-film-festival-biff\/","name":"Utvalg av franske filmer p\u00e5 den 21. Bergen International Film Festival (BIFF) - Institut fran\u00e7ais","isPartOf":{"@id":"https:\/\/www.france.no\/no\/#website"},"primaryImageOfPage":{"@id":"https:\/\/www.france.no\/no\/2020\/kultur\/utvalg-av-franske-filmer-pa-den-21-bergen-international-film-festival-biff\/#primaryimage"},"image":{"@id":"https:\/\/www.france.no\/no\/2020\/kultur\/utvalg-av-franske-filmer-pa-den-21-bergen-international-film-festival-biff\/#primaryimage"},"thumbnailUrl":"https:\/\/www.france.no\/wp-content\/uploads\/2022\/09\/biff_logo_klassisk_classicred_norsk-1-1098x617.png","datePublished":"2020-10-06T22:00:00+00:00","dateModified":"2020-10-06T22:00:00+00:00","breadcrumb":{"@id":"https:\/\/www.france.no\/no\/2020\/kultur\/utvalg-av-franske-filmer-pa-den-21-bergen-international-film-festival-biff\/#breadcrumb"},"inLanguage":"nb-NO","potentialAction":[{"@type":"ReadAction","target":["https:\/\/www.france.no\/no\/2020\/kultur\/utvalg-av-franske-filmer-pa-den-21-bergen-international-film-festival-biff\/"]}]},{"@type":"ImageObject","inLanguage":"nb-NO","@id":"https:\/\/www.france.no\/no\/2020\/kultur\/utvalg-av-franske-filmer-pa-den-21-bergen-international-film-festival-biff\/#primaryimage","url":"https:\/\/www.france.no\/wp-content\/uploads\/2022\/09\/biff_logo_klassisk_classicred_norsk-1-1098x617.png","contentUrl":"https:\/\/www.france.no\/wp-content\/uploads\/2022\/09\/biff_logo_klassisk_classicred_norsk-1-1098x617.png","width":4740,"height":3000},{"@type":"BreadcrumbList","@id":"https:\/\/www.france.no\/no\/2020\/kultur\/utvalg-av-franske-filmer-pa-den-21-bergen-international-film-festival-biff\/#breadcrumb","itemListElement":[{"@type":"ListItem","position":1,"name":"","item":"https:\/\/www.france.no\/no\/"},{"@type":"ListItem","position":2,"name":"Kultur","item":"https:\/\/www.france.no\/no\/category\/kultur\/"},{"@type":"ListItem","position":3,"name":"Utvalg av franske filmer p\u00e5 den 21. Bergen International Film Festival (BIFF)"}]},{"@type":"WebSite","@id":"https:\/\/www.france.no\/no\/#website","url":"https:\/\/www.france.no\/no\/","name":"Institut fran\u00e7ais","description":"Norv\u00e8ge","publisher":{"@id":"https:\/\/www.france.no\/no\/#organization"},"potentialAction":[{"@type":"SearchAction","target":{"@type":"EntryPoint","urlTemplate":"https:\/\/www.france.no\/no\/?s={search_term_string}"},"query-input":{"@type":"PropertyValueSpecification","valueRequired":true,"valueName":"search_term_string"}}],"inLanguage":"nb-NO"},{"@type":"Organization","@id":"https:\/\/www.france.no\/no\/#organization","name":"Institut fran\u00e7ais","url":"https:\/\/www.france.no\/no\/","logo":{"@type":"ImageObject","inLanguage":"nb-NO","@id":"https:\/\/www.france.no\/no\/#\/schema\/logo\/image\/","url":"https:\/\/www.france.no\/wp-content\/uploads\/2022\/11\/IF_Logo_Sans_Bleu_RVB.png","contentUrl":"https:\/\/www.france.no\/wp-content\/uploads\/2022\/11\/IF_Logo_Sans_Bleu_RVB.png","width":852,"height":591,"caption":"Institut fran\u00e7ais"},"image":{"@id":"https:\/\/www.france.no\/no\/#\/schema\/logo\/image\/"},"sameAs":["https:\/\/www.facebook.com\/institutfrancaisoslo","https:\/\/x.com\/ifnorvege","https:\/\/instagram.com\/ifnorvege"]},{"@type":"Person","@id":"https:\/\/www.france.no\/no\/#\/schema\/person\/4fdc0b263d8f27bb00a55f55d2fa3ab0","name":"admin_ifno","image":{"@type":"ImageObject","inLanguage":"nb-NO","@id":"https:\/\/www.france.no\/no\/#\/schema\/person\/image\/","url":"https:\/\/secure.gravatar.com\/avatar\/20f70e61054e6ae673edda3c0dc13670e46e51786443041c70a7eb2da859ae2a?s=96&d=mm&r=g","contentUrl":"https:\/\/secure.gravatar.com\/avatar\/20f70e61054e6ae673edda3c0dc13670e46e51786443041c70a7eb2da859ae2a?s=96&d=mm&r=g","caption":"admin_ifno"},"sameAs":["https:\/\/www.france.no"],"url":"https:\/\/www.france.no\/no\/author\/admin_ifno\/"}]}},"_links":{"self":[{"href":"https:\/\/www.france.no\/no\/wp-json\/wp\/v2\/posts\/1577","targetHints":{"allow":["GET"]}}],"collection":[{"href":"https:\/\/www.france.no\/no\/wp-json\/wp\/v2\/posts"}],"about":[{"href":"https:\/\/www.france.no\/no\/wp-json\/wp\/v2\/types\/post"}],"author":[{"embeddable":true,"href":"https:\/\/www.france.no\/no\/wp-json\/wp\/v2\/users\/1"}],"replies":[{"embeddable":true,"href":"https:\/\/www.france.no\/no\/wp-json\/wp\/v2\/comments?post=1577"}],"version-history":[{"count":0,"href":"https:\/\/www.france.no\/no\/wp-json\/wp\/v2\/posts\/1577\/revisions"}],"wp:featuredmedia":[{"embeddable":true,"href":"https:\/\/www.france.no\/no\/wp-json\/wp\/v2\/media\/1575"}],"wp:attachment":[{"href":"https:\/\/www.france.no\/no\/wp-json\/wp\/v2\/media?parent=1577"}],"wp:term":[{"taxonomy":"category","embeddable":true,"href":"https:\/\/www.france.no\/no\/wp-json\/wp\/v2\/categories?post=1577"},{"taxonomy":"post_tag","embeddable":true,"href":"https:\/\/www.france.no\/no\/wp-json\/wp\/v2\/tags?post=1577"}],"curies":[{"name":"wp","href":"https:\/\/api.w.org\/{rel}","templated":true}]}}