{"id":15887,"date":"2025-10-16T14:18:55","date_gmt":"2025-10-16T12:18:55","guid":{"rendered":"https:\/\/www.france.no\/?p=15887"},"modified":"2025-11-24T17:27:40","modified_gmt":"2025-11-24T16:27:40","slug":"nettkurs-med-rfi-for-fransklaerere-i-norge","status":"publish","type":"post","link":"https:\/\/www.france.no\/no\/2025\/utdanning-og-fransk-sprak\/nettkurs-med-rfi-for-fransklaerere-i-norge\/","title":{"rendered":"Nettkurs for franskl\u00e6rere i Norge"},"content":{"rendered":"\n<p><strong>Institut fran\u00e7ais de Norv\u00e8ge og radiokanalen <a href=\"https:\/\/francaisfacile.rfi.fr\/fr\/\" target=\"_blank\" rel=\"noreferrer noopener\">RFI<\/a> har gleden av \u00e5 invitere franskl\u00e6rere i Norge til 3 nettbaserte kurs.<\/strong><\/p>\n\n\n\n<p><strong>Fremtidige franskl\u00e6rere er ogs\u00e5 velkomne!<\/strong><\/p>\n\n\n\n<p><strong>N\u00e5r?<\/strong> 27. oktober, 24. november, 1 desember, fra kl. 15:45 til 17:30.<br><strong>Hvor?<\/strong>\u202f Online, via Teams<\/p>\n\n\n\n<p><strong>Kursene er gratis. <\/strong><\/p>\n\n\n\n<p><strong>P\u00e5melding er obligatorisk senest 2 dager <span style=\"text-decoration: underline;\">f\u00f8r<\/span> hver workshop<\/strong> via skjemaet nederst p\u00e5 siden.<\/p>\n\n\n\n<hr class=\"wp-block-separator has-alpha-channel-opacity\"\/>\n\n\n\n<p class=\"has-larger-font-size\"><strong>PROGRAM<\/strong><\/p>\n\n\n\n<p>RFI gj\u00f8r mer enn \u00e5 snakke p\u00e5 fransk p\u00e5 radio \u2013 de underviser ogs\u00e5 i spr\u00e5ket! <\/p>\n\n\n\n<p>Bli med p\u00e5 tre spennende workshops arrangert av Radio France Internationale, og ta radioen med inn i klasserommet!<\/p>\n\n\n\n<p class=\"has-text-align-center\">***<\/p>\n\n\n\n<p class=\"has-accent-color has-text-color has-link-color has-large-font-size wp-elements-055e909c2493bd04a3c3ff7d33ac70a2\"><strong>27. oktober \u2013 15:45-17:30<\/strong><\/p>\n\n\n\n<p><strong>Workshop 1: Pr\u00f8v radio i fransktimen med RFI \u2013 fra nybegynnerniv\u00e5, med Delphine Barreau<\/strong><\/p>\n\n\n\n<p>I denne workshopen vil du utforske ulike ressurser fra nettstedet <em>Le fran\u00e7ais facile avec RFI<\/em> for \u00e5 trene elevenes \u00f8rer p\u00e5 autentiske lydklipp. Du vil bli kjent med forskjellige radioprogramformater, \u00f8ve p\u00e5 \u00e5 velge relevante utdrag for m\u00e5lgruppen, og se hvordan du kan bygge pedagogiske sekvenser fra forst\u00e5else til produksjon. Ved hvert trinn vil konkrete eksempler bli presentert, klare til \u00e5 integreres i din undervisningspraksis.<\/p>\n\n\n\n<p><strong>Om kurslederen:<\/strong><br>Delphine Barreau er redakt\u00f8r og l\u00e6rer i fransk som fremmedspr\u00e5k og samarbeider jevnlig med RFIs franske spr\u00e5kavdeling om pedagogiske prosjekter. I tillegg til \u00e5 lage multimediale FLE-ressurser for <em>Le fran\u00e7ais facile avec RFI<\/em>, leder hun workshops og kurs om lytting, radio og medier i spr\u00e5kundervisning. Hun er ogs\u00e5 medforfatter av <em>Travailler l\u2019oral avec la radio<\/em> (PUG).<\/p>\n\n\n\n<p class=\"has-text-align-center\">***<\/p>\n\n\n\n<p class=\"has-accent-color has-text-color has-link-color has-large-font-size wp-elements-4fdd041f6b391b55ee4134d8f49a745c\"><strong>24. november \u2013 15:45-17:30<\/strong><\/p>\n\n\n\n<p><strong>Workshop 2: Fordyp deg i fransk med den tospr\u00e5klige serien <em>Les voisins du 12 bis<\/em>, med Delphine Ripaud<\/strong><\/p>\n\n\n\n<p><em>Les voisins du 12 bis<\/em> er et tospr\u00e5klig lyddrama som introduserer fransk gjennom hverdagslige situasjoner i Frankrike. Sett deg i elevens posisjon og oppdag hele programmet gjennom podcaster, tegneserier, nett\u00f8velser og arbeidsark. Etter workshopen vil du vite hvordan du kan bruke disse ressursene i undervisningen, og du vil f\u00e5 tilgang til oppl\u00e6ringsmoduler (p\u00e5 FEI+) som lar deg utforske Billie, Rosa og naboenes verden videre.<\/p>\n\n\n\n<p><strong><em>Om kursholderen:<\/em><\/strong><br>Delphine Ripaud er pedagogisk og digitalt ansvarlig for <em>Le fran\u00e7ais facile avec RFI<\/em> og spesialiserer seg p\u00e5 utvikling av multimediale FLE-ressurser. Hun har ogs\u00e5 arbeidet med <em>Apprendre et Enseigner le fran\u00e7ais<\/em> hos TV5MONDE og <em>Le fran\u00e7ais des affaires<\/em> hos Chambre de commerce et d\u2019industrie de Paris. Hun bidrar til FLE- og fonetikk-l\u00e6reb\u00f8ker hos \u00c9ditions Didier og er ansvarlig for kurset \u00ab\u202fM\u00e9dias et didactique des langues\u202f\u00bb p\u00e5 bachelorniv\u00e5 ved INALCO.<\/p>\n\n\n\n<p class=\"has-text-align-center\">***<\/p>\n\n\n\n<p class=\"has-accent-color has-text-color has-link-color has-large-font-size wp-elements-bc59418d7fbdfbebd769a6321d35801c\"><strong>1. desember \u2013 15:45-17:30<\/strong><\/p>\n\n\n\n<p><strong>Workshop 3: Lag podcaster i fransktimen med D\u00e9borah Gros<\/strong><\/p>\n\n\n\n<p>Hva om vi spilte inn i klasserommet nesten som p\u00e5 radio? Ved hjelp av utdrag fra RFI-programmer vil vi analysere ulike radioprogramformater \u2013 som lydpostkort, gateintervjuer og intervjuer \u2013 og se p\u00e5 deres egenskaper og pedagogiske verdi. Deretter vil vi g\u00e5 gjennom hvordan man kan g\u00e5 fra lytting til produksjon med et minimum av utstyr: planlegge podcast, skrive for h\u00f8ytlesning og \u00f8ve p\u00e5 lydopptak med smarttelefonen. Mikrofonene (p\u00e5 telefonene) er klare!<\/p>\n\n\n\n<p><strong>Om kursholderen:<\/strong><br>D\u00e9borah Gros har en dobbel bakgrunn som l\u00e6rer i fransk som fremmedspr\u00e5k og radioprodusent. Hun er for tiden ansvarlig for digitale pedagogiske prosjekter hos Radio France Internationale, utvikler ressurser for <em>Le fran\u00e7ais facile avec RFI<\/em>, holder kurs om radio og mediekunnskap, og presenterer podcasten <em>En cours<\/em> om trender i franskundervisningen. Hun er ogs\u00e5 medforfatter av <em>Travailler l\u2019oral avec la radio<\/em> (PUG).<\/p>\n\n\n\n<hr class=\"wp-block-separator has-alpha-channel-opacity\"\/>\n\n\n\n<p class=\"has-secondary-color has-text-color has-link-color wp-elements-e434212cba3fe2ed6d2717b650258bb8\"><strong><strong>For p\u00e5melding, vennligst fyll ut skjemaet nedenfor<\/strong>:<\/strong><\/p>\n\n\n","protected":false},"excerpt":{"rendered":"<p>Institut fran\u00e7ais de Norv\u00e8ge og radiokanalen RFI har gleden av \u00e5 invitere franskl\u00e6rere i Norge til 3 nettbaserte kurs. Fremtidige franskl\u00e6rere er ogs\u00e5 velkomne! N\u00e5r? 27. oktober, 24. november, 1 desember, fra kl. 15:45 til 17:30.Hvor?\u202f Online, via Teams Kursene er gratis. P\u00e5melding er obligatorisk senest 2 dager f\u00f8r hver workshop via skjemaet nederst p\u00e5 [&hellip;]<\/p>\n","protected":false},"author":6,"featured_media":16544,"comment_status":"closed","ping_status":"closed","sticky":false,"template":"","format":"standard","meta":{"footnotes":""},"categories":[13],"tags":[1160,971,980,941,944,1091,1166,1157,1163,950],"class_list":["post-15887","post","type-post","status-publish","format-standard","has-post-thumbnail","hentry","category-utdanning-og-fransk-sprak","tag-fransk-radio","tag-fransk-som-fremmedsprak","tag-fransk-sprak","tag-fransklaerere","tag-kurs","tag-nettkurs","tag-opplaering","tag-rfi-2","tag-verksted","tag-workshop"],"yoast_head":"<!-- This site is optimized with the Yoast SEO plugin v27.3 - https:\/\/yoast.com\/product\/yoast-seo-wordpress\/ -->\n<title>Nettkurs for franskl\u00e6rere i Norge - Institut fran\u00e7ais<\/title>\n<meta name=\"robots\" content=\"index, follow, max-snippet:-1, max-image-preview:large, max-video-preview:-1\" \/>\n<link rel=\"canonical\" href=\"https:\/\/www.france.no\/no\/2025\/utdanning-og-fransk-sprak\/nettkurs-med-rfi-for-fransklaerere-i-norge\/\" \/>\n<meta property=\"og:locale\" content=\"nb_NO\" \/>\n<meta property=\"og:type\" content=\"article\" \/>\n<meta property=\"og:title\" content=\"Nettkurs for franskl\u00e6rere i Norge - Institut fran\u00e7ais\" \/>\n<meta property=\"og:description\" content=\"Institut fran\u00e7ais de Norv\u00e8ge og radiokanalen RFI har gleden av \u00e5 invitere franskl\u00e6rere i Norge til 3 nettbaserte kurs. Fremtidige franskl\u00e6rere er ogs\u00e5 velkomne! N\u00e5r? 27. oktober, 24. november, 1 desember, fra kl. 15:45 til 17:30.Hvor?\u202f Online, via Teams Kursene er gratis. P\u00e5melding er obligatorisk senest 2 dager f\u00f8r hver workshop via skjemaet nederst p\u00e5 [&hellip;]\" \/>\n<meta property=\"og:url\" content=\"https:\/\/www.france.no\/no\/2025\/utdanning-og-fransk-sprak\/nettkurs-med-rfi-for-fransklaerere-i-norge\/\" \/>\n<meta property=\"og:site_name\" content=\"Institut fran\u00e7ais\" \/>\n<meta property=\"article:publisher\" content=\"https:\/\/www.facebook.com\/institutfrancaisoslo\" \/>\n<meta property=\"article:published_time\" content=\"2025-10-16T12:18:55+00:00\" \/>\n<meta property=\"article:modified_time\" content=\"2025-11-24T16:27:40+00:00\" \/>\n<meta property=\"og:image\" content=\"https:\/\/www.france.no\/wp-content\/uploads\/2025\/10\/Nettkurs-RFI_2025_BANNERFACEBOOK-1-1024x576.png\" \/>\n\t<meta property=\"og:image:width\" content=\"1024\" \/>\n\t<meta property=\"og:image:height\" content=\"576\" \/>\n\t<meta property=\"og:image:type\" content=\"image\/png\" \/>\n<meta name=\"author\" content=\"P\u00f4le Communication\" \/>\n<meta name=\"twitter:card\" content=\"summary_large_image\" \/>\n<meta name=\"twitter:creator\" content=\"@ifnorvege\" \/>\n<meta name=\"twitter:site\" content=\"@ifnorvege\" \/>\n<meta name=\"twitter:label1\" content=\"Skrevet av\" \/>\n\t<meta name=\"twitter:data1\" content=\"P\u00f4le Communication\" \/>\n\t<meta name=\"twitter:label2\" content=\"Ansl. lesetid\" \/>\n\t<meta name=\"twitter:data2\" content=\"3 minutter\" \/>\n<script type=\"application\/ld+json\" class=\"yoast-schema-graph\">{\"@context\":\"https:\\\/\\\/schema.org\",\"@graph\":[{\"@type\":\"Article\",\"@id\":\"https:\\\/\\\/www.france.no\\\/no\\\/2025\\\/utdanning-og-fransk-sprak\\\/nettkurs-med-rfi-for-fransklaerere-i-norge\\\/#article\",\"isPartOf\":{\"@id\":\"https:\\\/\\\/www.france.no\\\/no\\\/2025\\\/utdanning-og-fransk-sprak\\\/nettkurs-med-rfi-for-fransklaerere-i-norge\\\/\"},\"author\":{\"name\":\"P\u00f4le Communication\",\"@id\":\"https:\\\/\\\/www.france.no\\\/no\\\/#\\\/schema\\\/person\\\/e911222e8703f294589a6d80b1c16f97\"},\"headline\":\"Nettkurs for franskl\u00e6rere i Norge\",\"datePublished\":\"2025-10-16T12:18:55+00:00\",\"dateModified\":\"2025-11-24T16:27:40+00:00\",\"mainEntityOfPage\":{\"@id\":\"https:\\\/\\\/www.france.no\\\/no\\\/2025\\\/utdanning-og-fransk-sprak\\\/nettkurs-med-rfi-for-fransklaerere-i-norge\\\/\"},\"wordCount\":562,\"publisher\":{\"@id\":\"https:\\\/\\\/www.france.no\\\/no\\\/#organization\"},\"image\":{\"@id\":\"https:\\\/\\\/www.france.no\\\/no\\\/2025\\\/utdanning-og-fransk-sprak\\\/nettkurs-med-rfi-for-fransklaerere-i-norge\\\/#primaryimage\"},\"thumbnailUrl\":\"https:\\\/\\\/www.france.no\\\/wp-content\\\/uploads\\\/2025\\\/10\\\/Nettkurs-RFI_2025_BANNERFACEBOOK-1-1098x617.png\",\"keywords\":[\"fransk radio\",\"fransk som fremmedspr\u00e5k\",\"fransk spr\u00e5k\",\"franskl\u00e6rere\",\"kurs\",\"nettkurs\",\"oppl\u00e6ring\",\"rfi\",\"verksted\",\"workshop\"],\"articleSection\":[\"Utdannelse og Fransk spr\u00e5ksamarbeid\"],\"inLanguage\":\"nb-NO\"},{\"@type\":\"WebPage\",\"@id\":\"https:\\\/\\\/www.france.no\\\/no\\\/2025\\\/utdanning-og-fransk-sprak\\\/nettkurs-med-rfi-for-fransklaerere-i-norge\\\/\",\"url\":\"https:\\\/\\\/www.france.no\\\/no\\\/2025\\\/utdanning-og-fransk-sprak\\\/nettkurs-med-rfi-for-fransklaerere-i-norge\\\/\",\"name\":\"Nettkurs for franskl\u00e6rere i Norge - Institut fran\u00e7ais\",\"isPartOf\":{\"@id\":\"https:\\\/\\\/www.france.no\\\/no\\\/#website\"},\"primaryImageOfPage\":{\"@id\":\"https:\\\/\\\/www.france.no\\\/no\\\/2025\\\/utdanning-og-fransk-sprak\\\/nettkurs-med-rfi-for-fransklaerere-i-norge\\\/#primaryimage\"},\"image\":{\"@id\":\"https:\\\/\\\/www.france.no\\\/no\\\/2025\\\/utdanning-og-fransk-sprak\\\/nettkurs-med-rfi-for-fransklaerere-i-norge\\\/#primaryimage\"},\"thumbnailUrl\":\"https:\\\/\\\/www.france.no\\\/wp-content\\\/uploads\\\/2025\\\/10\\\/Nettkurs-RFI_2025_BANNERFACEBOOK-1-1098x617.png\",\"datePublished\":\"2025-10-16T12:18:55+00:00\",\"dateModified\":\"2025-11-24T16:27:40+00:00\",\"breadcrumb\":{\"@id\":\"https:\\\/\\\/www.france.no\\\/no\\\/2025\\\/utdanning-og-fransk-sprak\\\/nettkurs-med-rfi-for-fransklaerere-i-norge\\\/#breadcrumb\"},\"inLanguage\":\"nb-NO\",\"potentialAction\":[{\"@type\":\"ReadAction\",\"target\":[\"https:\\\/\\\/www.france.no\\\/no\\\/2025\\\/utdanning-og-fransk-sprak\\\/nettkurs-med-rfi-for-fransklaerere-i-norge\\\/\"]}]},{\"@type\":\"ImageObject\",\"inLanguage\":\"nb-NO\",\"@id\":\"https:\\\/\\\/www.france.no\\\/no\\\/2025\\\/utdanning-og-fransk-sprak\\\/nettkurs-med-rfi-for-fransklaerere-i-norge\\\/#primaryimage\",\"url\":\"https:\\\/\\\/www.france.no\\\/wp-content\\\/uploads\\\/2025\\\/10\\\/Nettkurs-RFI_2025_BANNERFACEBOOK-1-1098x617.png\",\"contentUrl\":\"https:\\\/\\\/www.france.no\\\/wp-content\\\/uploads\\\/2025\\\/10\\\/Nettkurs-RFI_2025_BANNERFACEBOOK-1-1098x617.png\",\"width\":1920,\"height\":1080},{\"@type\":\"BreadcrumbList\",\"@id\":\"https:\\\/\\\/www.france.no\\\/no\\\/2025\\\/utdanning-og-fransk-sprak\\\/nettkurs-med-rfi-for-fransklaerere-i-norge\\\/#breadcrumb\",\"itemListElement\":[{\"@type\":\"ListItem\",\"position\":1,\"name\":\"\",\"item\":\"https:\\\/\\\/www.france.no\\\/no\\\/\"},{\"@type\":\"ListItem\",\"position\":2,\"name\":\"Nettkurs for franskl\u00e6rere i Norge\"}]},{\"@type\":\"WebSite\",\"@id\":\"https:\\\/\\\/www.france.no\\\/no\\\/#website\",\"url\":\"https:\\\/\\\/www.france.no\\\/no\\\/\",\"name\":\"Institut fran\u00e7ais\",\"description\":\"Norv\u00e8ge\",\"publisher\":{\"@id\":\"https:\\\/\\\/www.france.no\\\/no\\\/#organization\"},\"potentialAction\":[{\"@type\":\"SearchAction\",\"target\":{\"@type\":\"EntryPoint\",\"urlTemplate\":\"https:\\\/\\\/www.france.no\\\/no\\\/?s={search_term_string}\"},\"query-input\":{\"@type\":\"PropertyValueSpecification\",\"valueRequired\":true,\"valueName\":\"search_term_string\"}}],\"inLanguage\":\"nb-NO\"},{\"@type\":\"Organization\",\"@id\":\"https:\\\/\\\/www.france.no\\\/no\\\/#organization\",\"name\":\"Institut fran\u00e7ais\",\"url\":\"https:\\\/\\\/www.france.no\\\/no\\\/\",\"logo\":{\"@type\":\"ImageObject\",\"inLanguage\":\"nb-NO\",\"@id\":\"https:\\\/\\\/www.france.no\\\/no\\\/#\\\/schema\\\/logo\\\/image\\\/\",\"url\":\"https:\\\/\\\/www.france.no\\\/wp-content\\\/uploads\\\/2022\\\/11\\\/IF_Logo_Sans_Bleu_RVB.png\",\"contentUrl\":\"https:\\\/\\\/www.france.no\\\/wp-content\\\/uploads\\\/2022\\\/11\\\/IF_Logo_Sans_Bleu_RVB.png\",\"width\":852,\"height\":591,\"caption\":\"Institut fran\u00e7ais\"},\"image\":{\"@id\":\"https:\\\/\\\/www.france.no\\\/no\\\/#\\\/schema\\\/logo\\\/image\\\/\"},\"sameAs\":[\"https:\\\/\\\/www.facebook.com\\\/institutfrancaisoslo\",\"https:\\\/\\\/x.com\\\/ifnorvege\",\"https:\\\/\\\/instagram.com\\\/ifnorvege\"]},{\"@type\":\"Person\",\"@id\":\"https:\\\/\\\/www.france.no\\\/no\\\/#\\\/schema\\\/person\\\/e911222e8703f294589a6d80b1c16f97\",\"name\":\"P\u00f4le Communication\",\"image\":{\"@type\":\"ImageObject\",\"inLanguage\":\"nb-NO\",\"@id\":\"https:\\\/\\\/secure.gravatar.com\\\/avatar\\\/20ae085a8b5fd613a02d28588389144802d3ba9408c852b2c6c7c4b17cc39660?s=96&d=mm&r=g\",\"url\":\"https:\\\/\\\/secure.gravatar.com\\\/avatar\\\/20ae085a8b5fd613a02d28588389144802d3ba9408c852b2c6c7c4b17cc39660?s=96&d=mm&r=g\",\"contentUrl\":\"https:\\\/\\\/secure.gravatar.com\\\/avatar\\\/20ae085a8b5fd613a02d28588389144802d3ba9408c852b2c6c7c4b17cc39660?s=96&d=mm&r=g\",\"caption\":\"P\u00f4le Communication\"},\"url\":\"https:\\\/\\\/www.france.no\\\/no\\\/author\\\/polecom\\\/\"}]}<\/script>\n<!-- \/ Yoast SEO plugin. -->","yoast_head_json":{"title":"Nettkurs for franskl\u00e6rere i Norge - Institut fran\u00e7ais","robots":{"index":"index","follow":"follow","max-snippet":"max-snippet:-1","max-image-preview":"max-image-preview:large","max-video-preview":"max-video-preview:-1"},"canonical":"https:\/\/www.france.no\/no\/2025\/utdanning-og-fransk-sprak\/nettkurs-med-rfi-for-fransklaerere-i-norge\/","og_locale":"nb_NO","og_type":"article","og_title":"Nettkurs for franskl\u00e6rere i Norge - Institut fran\u00e7ais","og_description":"Institut fran\u00e7ais de Norv\u00e8ge og radiokanalen RFI har gleden av \u00e5 invitere franskl\u00e6rere i Norge til 3 nettbaserte kurs. Fremtidige franskl\u00e6rere er ogs\u00e5 velkomne! N\u00e5r? 27. oktober, 24. november, 1 desember, fra kl. 15:45 til 17:30.Hvor?\u202f Online, via Teams Kursene er gratis. P\u00e5melding er obligatorisk senest 2 dager f\u00f8r hver workshop via skjemaet nederst p\u00e5 [&hellip;]","og_url":"https:\/\/www.france.no\/no\/2025\/utdanning-og-fransk-sprak\/nettkurs-med-rfi-for-fransklaerere-i-norge\/","og_site_name":"Institut fran\u00e7ais","article_publisher":"https:\/\/www.facebook.com\/institutfrancaisoslo","article_published_time":"2025-10-16T12:18:55+00:00","article_modified_time":"2025-11-24T16:27:40+00:00","og_image":[{"width":1024,"height":576,"url":"https:\/\/www.france.no\/wp-content\/uploads\/2025\/10\/Nettkurs-RFI_2025_BANNERFACEBOOK-1-1024x576.png","type":"image\/png"}],"author":"P\u00f4le Communication","twitter_card":"summary_large_image","twitter_creator":"@ifnorvege","twitter_site":"@ifnorvege","twitter_misc":{"Skrevet av":"P\u00f4le Communication","Ansl. lesetid":"3 minutter"},"schema":{"@context":"https:\/\/schema.org","@graph":[{"@type":"Article","@id":"https:\/\/www.france.no\/no\/2025\/utdanning-og-fransk-sprak\/nettkurs-med-rfi-for-fransklaerere-i-norge\/#article","isPartOf":{"@id":"https:\/\/www.france.no\/no\/2025\/utdanning-og-fransk-sprak\/nettkurs-med-rfi-for-fransklaerere-i-norge\/"},"author":{"name":"P\u00f4le Communication","@id":"https:\/\/www.france.no\/no\/#\/schema\/person\/e911222e8703f294589a6d80b1c16f97"},"headline":"Nettkurs for franskl\u00e6rere i Norge","datePublished":"2025-10-16T12:18:55+00:00","dateModified":"2025-11-24T16:27:40+00:00","mainEntityOfPage":{"@id":"https:\/\/www.france.no\/no\/2025\/utdanning-og-fransk-sprak\/nettkurs-med-rfi-for-fransklaerere-i-norge\/"},"wordCount":562,"publisher":{"@id":"https:\/\/www.france.no\/no\/#organization"},"image":{"@id":"https:\/\/www.france.no\/no\/2025\/utdanning-og-fransk-sprak\/nettkurs-med-rfi-for-fransklaerere-i-norge\/#primaryimage"},"thumbnailUrl":"https:\/\/www.france.no\/wp-content\/uploads\/2025\/10\/Nettkurs-RFI_2025_BANNERFACEBOOK-1-1098x617.png","keywords":["fransk radio","fransk som fremmedspr\u00e5k","fransk spr\u00e5k","franskl\u00e6rere","kurs","nettkurs","oppl\u00e6ring","rfi","verksted","workshop"],"articleSection":["Utdannelse og Fransk spr\u00e5ksamarbeid"],"inLanguage":"nb-NO"},{"@type":"WebPage","@id":"https:\/\/www.france.no\/no\/2025\/utdanning-og-fransk-sprak\/nettkurs-med-rfi-for-fransklaerere-i-norge\/","url":"https:\/\/www.france.no\/no\/2025\/utdanning-og-fransk-sprak\/nettkurs-med-rfi-for-fransklaerere-i-norge\/","name":"Nettkurs for franskl\u00e6rere i Norge - Institut fran\u00e7ais","isPartOf":{"@id":"https:\/\/www.france.no\/no\/#website"},"primaryImageOfPage":{"@id":"https:\/\/www.france.no\/no\/2025\/utdanning-og-fransk-sprak\/nettkurs-med-rfi-for-fransklaerere-i-norge\/#primaryimage"},"image":{"@id":"https:\/\/www.france.no\/no\/2025\/utdanning-og-fransk-sprak\/nettkurs-med-rfi-for-fransklaerere-i-norge\/#primaryimage"},"thumbnailUrl":"https:\/\/www.france.no\/wp-content\/uploads\/2025\/10\/Nettkurs-RFI_2025_BANNERFACEBOOK-1-1098x617.png","datePublished":"2025-10-16T12:18:55+00:00","dateModified":"2025-11-24T16:27:40+00:00","breadcrumb":{"@id":"https:\/\/www.france.no\/no\/2025\/utdanning-og-fransk-sprak\/nettkurs-med-rfi-for-fransklaerere-i-norge\/#breadcrumb"},"inLanguage":"nb-NO","potentialAction":[{"@type":"ReadAction","target":["https:\/\/www.france.no\/no\/2025\/utdanning-og-fransk-sprak\/nettkurs-med-rfi-for-fransklaerere-i-norge\/"]}]},{"@type":"ImageObject","inLanguage":"nb-NO","@id":"https:\/\/www.france.no\/no\/2025\/utdanning-og-fransk-sprak\/nettkurs-med-rfi-for-fransklaerere-i-norge\/#primaryimage","url":"https:\/\/www.france.no\/wp-content\/uploads\/2025\/10\/Nettkurs-RFI_2025_BANNERFACEBOOK-1-1098x617.png","contentUrl":"https:\/\/www.france.no\/wp-content\/uploads\/2025\/10\/Nettkurs-RFI_2025_BANNERFACEBOOK-1-1098x617.png","width":1920,"height":1080},{"@type":"BreadcrumbList","@id":"https:\/\/www.france.no\/no\/2025\/utdanning-og-fransk-sprak\/nettkurs-med-rfi-for-fransklaerere-i-norge\/#breadcrumb","itemListElement":[{"@type":"ListItem","position":1,"name":"","item":"https:\/\/www.france.no\/no\/"},{"@type":"ListItem","position":2,"name":"Nettkurs for franskl\u00e6rere i Norge"}]},{"@type":"WebSite","@id":"https:\/\/www.france.no\/no\/#website","url":"https:\/\/www.france.no\/no\/","name":"Institut fran\u00e7ais","description":"Norv\u00e8ge","publisher":{"@id":"https:\/\/www.france.no\/no\/#organization"},"potentialAction":[{"@type":"SearchAction","target":{"@type":"EntryPoint","urlTemplate":"https:\/\/www.france.no\/no\/?s={search_term_string}"},"query-input":{"@type":"PropertyValueSpecification","valueRequired":true,"valueName":"search_term_string"}}],"inLanguage":"nb-NO"},{"@type":"Organization","@id":"https:\/\/www.france.no\/no\/#organization","name":"Institut fran\u00e7ais","url":"https:\/\/www.france.no\/no\/","logo":{"@type":"ImageObject","inLanguage":"nb-NO","@id":"https:\/\/www.france.no\/no\/#\/schema\/logo\/image\/","url":"https:\/\/www.france.no\/wp-content\/uploads\/2022\/11\/IF_Logo_Sans_Bleu_RVB.png","contentUrl":"https:\/\/www.france.no\/wp-content\/uploads\/2022\/11\/IF_Logo_Sans_Bleu_RVB.png","width":852,"height":591,"caption":"Institut fran\u00e7ais"},"image":{"@id":"https:\/\/www.france.no\/no\/#\/schema\/logo\/image\/"},"sameAs":["https:\/\/www.facebook.com\/institutfrancaisoslo","https:\/\/x.com\/ifnorvege","https:\/\/instagram.com\/ifnorvege"]},{"@type":"Person","@id":"https:\/\/www.france.no\/no\/#\/schema\/person\/e911222e8703f294589a6d80b1c16f97","name":"P\u00f4le Communication","image":{"@type":"ImageObject","inLanguage":"nb-NO","@id":"https:\/\/secure.gravatar.com\/avatar\/20ae085a8b5fd613a02d28588389144802d3ba9408c852b2c6c7c4b17cc39660?s=96&d=mm&r=g","url":"https:\/\/secure.gravatar.com\/avatar\/20ae085a8b5fd613a02d28588389144802d3ba9408c852b2c6c7c4b17cc39660?s=96&d=mm&r=g","contentUrl":"https:\/\/secure.gravatar.com\/avatar\/20ae085a8b5fd613a02d28588389144802d3ba9408c852b2c6c7c4b17cc39660?s=96&d=mm&r=g","caption":"P\u00f4le Communication"},"url":"https:\/\/www.france.no\/no\/author\/polecom\/"}]}},"_links":{"self":[{"href":"https:\/\/www.france.no\/no\/wp-json\/wp\/v2\/posts\/15887","targetHints":{"allow":["GET"]}}],"collection":[{"href":"https:\/\/www.france.no\/no\/wp-json\/wp\/v2\/posts"}],"about":[{"href":"https:\/\/www.france.no\/no\/wp-json\/wp\/v2\/types\/post"}],"author":[{"embeddable":true,"href":"https:\/\/www.france.no\/no\/wp-json\/wp\/v2\/users\/6"}],"replies":[{"embeddable":true,"href":"https:\/\/www.france.no\/no\/wp-json\/wp\/v2\/comments?post=15887"}],"version-history":[{"count":6,"href":"https:\/\/www.france.no\/no\/wp-json\/wp\/v2\/posts\/15887\/revisions"}],"predecessor-version":[{"id":18770,"href":"https:\/\/www.france.no\/no\/wp-json\/wp\/v2\/posts\/15887\/revisions\/18770"}],"wp:featuredmedia":[{"embeddable":true,"href":"https:\/\/www.france.no\/no\/wp-json\/wp\/v2\/media\/16544"}],"wp:attachment":[{"href":"https:\/\/www.france.no\/no\/wp-json\/wp\/v2\/media?parent=15887"}],"wp:term":[{"taxonomy":"category","embeddable":true,"href":"https:\/\/www.france.no\/no\/wp-json\/wp\/v2\/categories?post=15887"},{"taxonomy":"post_tag","embeddable":true,"href":"https:\/\/www.france.no\/no\/wp-json\/wp\/v2\/tags?post=15887"}],"curies":[{"name":"wp","href":"https:\/\/api.w.org\/{rel}","templated":true}]}}