{"id":1607,"date":"2020-10-29T00:00:00","date_gmt":"2020-10-28T23:00:00","guid":{"rendered":"https:\/\/www.france.no\/2020\/kultur\/digital-november-novembre-numerique\/"},"modified":"2020-10-29T00:00:00","modified_gmt":"2020-10-28T23:00:00","slug":"digital-november-novembre-numerique","status":"publish","type":"post","link":"https:\/\/www.france.no\/no\/2020\/kultur\/digital-november-novembre-numerique\/","title":{"rendered":"DIGITAL NOVEMBER \u2013 NOVEMBRE NUM\u00c9RIQUE"},"content":{"rendered":"<p class=\"chapo\">November blir en spennende m\u00e5ned. Institut francais Norge inviterer deg til \u00e5 v\u00e6re med p\u00e5 en reise inn i den digitale verden under festivalen <em>Digital November<\/em>!<\/p>\n<p><!--more--><\/p>\n<p>De siste tre \u00e5rene har de franske instituttene verden over v\u00e6rt med \u00e5 organisere denne festivalen for digital kultur for sitt publikum. Festivalen \u00e5pner for refleksjon rundt digitale kulturers plass i samfunnet v\u00e5rt, og har som m\u00e5l \u00e5 \u00f8ke folks kunnskap om bruk av ny digital teknologi, og \u00e5 la publikum oppdage rikdommen og mangfoldet til digitale kreasjoner, fra virtuell virkelighet til dataspill, fra mediekunst til nye former for digitale narrativ, fra oppslukende teater til interaktiv musikk, fra pedagogisk teknologi til entrepren\u00f8rskap, osv.<\/p>\n<p>Utforsk programmet f\u00e5r \u00e5rets <em>Digital November: <\/em><\/p>\n<ul>\n<li>I Oslo:\n<ul>\n<li>\u00ab<strong>Wish you were here!<\/strong>\u00bb. En QR kode utstilling, publisert av det franske foraget <a href=\"http:\/\/subjectile.com\/\">SUBJECTILE<\/a>, p\u00e5 mediateket p\u00e5 Institut fran\u00e7ais Norge i Holtegata 29.<\/li>\n<\/ul>\n<\/li>\n<\/ul>\n<p style=\"text-align: center;\">Fra 12. november til 17. desember<br \/>\n<strong>\u00c5pent<\/strong>: onsdag &#8211; torsdag &#8211; fredag \u200b\u200b\/ fra 15.00 til 18.00<\/p>\n<p>&nbsp;<\/p>\n<ul>\n<li>P\u00e5 nett, sammen med de franske instituttene i Danmark, Sverige og Finland:\n<ul>\n<li>To <strong>webinarer<\/strong> der et ser p\u00e5 <strong><a href=\"https:\/\/zoom.us\/webinar\/register\/WN_Vx1TYUkPSxK3NA4JIHvH6g\">bruken av digital teknologi p\u00e5 museer<\/a><\/strong> og der det andre tar for seg <strong><a href=\"https:\/\/zoom.us\/webinar\/register\/WN_UrLOgel6Rxy-NY2VOKKEeQ\">egenpublisering av tegneserier<\/a><\/strong><\/li>\n<li>En <strong>tegneserie<\/strong> publisert p\u00e5 <a href=\"https:\/\/www.instagram.com\/ifnorvege\/\">v\u00e5r Instagram<\/a> hver mandag med <a href=\"https:\/\/www.instagram.com\/mathou_cdh\/?hl=fr\">Mathou<\/a> og <a href=\"https:\/\/www.instagram.com\/dacoffeetime\/\">Da Coffee Time<\/a><\/li>\n<\/ul>\n<\/li>\n<\/ul>\n<p>&nbsp;<\/p>\n","protected":false},"excerpt":{"rendered":"<p>November blir en spennende m\u00e5ned. Institut francais Norge inviterer deg til \u00e5 v\u00e6re med p\u00e5 en reise inn i den digitale verden under festivalen Digital November!<\/p>\n","protected":false},"author":1,"featured_media":1605,"comment_status":"closed","ping_status":"closed","sticky":false,"template":"","format":"standard","meta":{"footnotes":""},"categories":[5],"tags":[],"class_list":["post-1607","post","type-post","status-publish","format-standard","has-post-thumbnail","hentry","category-kultur"],"yoast_head":"<!-- This site is optimized with the Yoast SEO plugin v24.2 - https:\/\/yoast.com\/wordpress\/plugins\/seo\/ -->\n<title>DIGITAL NOVEMBER \u2013 NOVEMBRE NUM\u00c9RIQUE - Institut fran\u00e7ais<\/title>\n<meta name=\"robots\" content=\"index, follow, max-snippet:-1, max-image-preview:large, max-video-preview:-1\" \/>\n<link rel=\"canonical\" href=\"https:\/\/www.france.no\/no\/2020\/kultur\/digital-november-novembre-numerique\/\" \/>\n<meta property=\"og:locale\" content=\"nb_NO\" \/>\n<meta property=\"og:type\" content=\"article\" \/>\n<meta property=\"og:title\" content=\"DIGITAL NOVEMBER \u2013 NOVEMBRE NUM\u00c9RIQUE - Institut fran\u00e7ais\" \/>\n<meta property=\"og:description\" content=\"November blir en spennende m\u00e5ned. Institut francais Norge inviterer deg til \u00e5 v\u00e6re med p\u00e5 en reise inn i den digitale verden under festivalen Digital November!\" \/>\n<meta property=\"og:url\" content=\"https:\/\/www.france.no\/no\/2020\/kultur\/digital-november-novembre-numerique\/\" \/>\n<meta property=\"og:site_name\" content=\"Institut fran\u00e7ais\" \/>\n<meta property=\"article:publisher\" content=\"https:\/\/www.facebook.com\/institutfrancaisoslo\" \/>\n<meta property=\"article:published_time\" content=\"2020-10-28T23:00:00+00:00\" \/>\n<meta property=\"og:image\" content=\"https:\/\/www.france.no\/wp-content\/uploads\/2022\/09\/fb-post-vert-1098x617.jpg\" \/>\n\t<meta property=\"og:image:width\" content=\"1200\" \/>\n\t<meta property=\"og:image:height\" content=\"630\" \/>\n\t<meta property=\"og:image:type\" content=\"image\/jpeg\" \/>\n<meta name=\"author\" content=\"admin_ifno\" \/>\n<meta name=\"twitter:card\" content=\"summary_large_image\" \/>\n<meta name=\"twitter:creator\" content=\"@ifnorvege\" \/>\n<meta name=\"twitter:site\" content=\"@ifnorvege\" \/>\n<meta name=\"twitter:label1\" content=\"Skrevet av\" \/>\n\t<meta name=\"twitter:data1\" content=\"admin_ifno\" \/>\n\t<meta name=\"twitter:label2\" content=\"Ansl. lesetid\" \/>\n\t<meta name=\"twitter:data2\" content=\"1 minutt\" \/>\n<script type=\"application\/ld+json\" class=\"yoast-schema-graph\">{\"@context\":\"https:\/\/schema.org\",\"@graph\":[{\"@type\":\"Article\",\"@id\":\"https:\/\/www.france.no\/no\/2020\/kultur\/digital-november-novembre-numerique\/#article\",\"isPartOf\":{\"@id\":\"https:\/\/www.france.no\/no\/2020\/kultur\/digital-november-novembre-numerique\/\"},\"author\":{\"name\":\"admin_ifno\",\"@id\":\"https:\/\/www.france.no\/no\/#\/schema\/person\/4fdc0b263d8f27bb00a55f55d2fa3ab0\"},\"headline\":\"DIGITAL NOVEMBER \u2013 NOVEMBRE NUM\u00c9RIQUE\",\"datePublished\":\"2020-10-28T23:00:00+00:00\",\"dateModified\":\"2020-10-28T23:00:00+00:00\",\"mainEntityOfPage\":{\"@id\":\"https:\/\/www.france.no\/no\/2020\/kultur\/digital-november-novembre-numerique\/\"},\"wordCount\":211,\"publisher\":{\"@id\":\"https:\/\/www.france.no\/no\/#organization\"},\"image\":{\"@id\":\"https:\/\/www.france.no\/no\/2020\/kultur\/digital-november-novembre-numerique\/#primaryimage\"},\"thumbnailUrl\":\"https:\/\/www.france.no\/wp-content\/uploads\/2022\/09\/fb-post-vert-1098x617.jpg\",\"articleSection\":[\"Kultur\"],\"inLanguage\":\"nb-NO\"},{\"@type\":\"WebPage\",\"@id\":\"https:\/\/www.france.no\/no\/2020\/kultur\/digital-november-novembre-numerique\/\",\"url\":\"https:\/\/www.france.no\/no\/2020\/kultur\/digital-november-novembre-numerique\/\",\"name\":\"DIGITAL NOVEMBER \u2013 NOVEMBRE NUM\u00c9RIQUE - Institut fran\u00e7ais\",\"isPartOf\":{\"@id\":\"https:\/\/www.france.no\/no\/#website\"},\"primaryImageOfPage\":{\"@id\":\"https:\/\/www.france.no\/no\/2020\/kultur\/digital-november-novembre-numerique\/#primaryimage\"},\"image\":{\"@id\":\"https:\/\/www.france.no\/no\/2020\/kultur\/digital-november-novembre-numerique\/#primaryimage\"},\"thumbnailUrl\":\"https:\/\/www.france.no\/wp-content\/uploads\/2022\/09\/fb-post-vert-1098x617.jpg\",\"datePublished\":\"2020-10-28T23:00:00+00:00\",\"dateModified\":\"2020-10-28T23:00:00+00:00\",\"breadcrumb\":{\"@id\":\"https:\/\/www.france.no\/no\/2020\/kultur\/digital-november-novembre-numerique\/#breadcrumb\"},\"inLanguage\":\"nb-NO\",\"potentialAction\":[{\"@type\":\"ReadAction\",\"target\":[\"https:\/\/www.france.no\/no\/2020\/kultur\/digital-november-novembre-numerique\/\"]}]},{\"@type\":\"ImageObject\",\"inLanguage\":\"nb-NO\",\"@id\":\"https:\/\/www.france.no\/no\/2020\/kultur\/digital-november-novembre-numerique\/#primaryimage\",\"url\":\"https:\/\/www.france.no\/wp-content\/uploads\/2022\/09\/fb-post-vert-1098x617.jpg\",\"contentUrl\":\"https:\/\/www.france.no\/wp-content\/uploads\/2022\/09\/fb-post-vert-1098x617.jpg\",\"width\":1200,\"height\":630},{\"@type\":\"BreadcrumbList\",\"@id\":\"https:\/\/www.france.no\/no\/2020\/kultur\/digital-november-novembre-numerique\/#breadcrumb\",\"itemListElement\":[{\"@type\":\"ListItem\",\"position\":1,\"name\":\"\",\"item\":\"https:\/\/www.france.no\/no\/\"},{\"@type\":\"ListItem\",\"position\":2,\"name\":\"Kultur\",\"item\":\"https:\/\/www.france.no\/no\/category\/kultur\/\"},{\"@type\":\"ListItem\",\"position\":3,\"name\":\"DIGITAL NOVEMBER \u2013 NOVEMBRE NUM\u00c9RIQUE\"}]},{\"@type\":\"WebSite\",\"@id\":\"https:\/\/www.france.no\/no\/#website\",\"url\":\"https:\/\/www.france.no\/no\/\",\"name\":\"Institut fran\u00e7ais\",\"description\":\"Norv\u00e8ge\",\"publisher\":{\"@id\":\"https:\/\/www.france.no\/no\/#organization\"},\"potentialAction\":[{\"@type\":\"SearchAction\",\"target\":{\"@type\":\"EntryPoint\",\"urlTemplate\":\"https:\/\/www.france.no\/no\/?s={search_term_string}\"},\"query-input\":{\"@type\":\"PropertyValueSpecification\",\"valueRequired\":true,\"valueName\":\"search_term_string\"}}],\"inLanguage\":\"nb-NO\"},{\"@type\":\"Organization\",\"@id\":\"https:\/\/www.france.no\/no\/#organization\",\"name\":\"Institut fran\u00e7ais\",\"url\":\"https:\/\/www.france.no\/no\/\",\"logo\":{\"@type\":\"ImageObject\",\"inLanguage\":\"nb-NO\",\"@id\":\"https:\/\/www.france.no\/no\/#\/schema\/logo\/image\/\",\"url\":\"https:\/\/www.france.no\/wp-content\/uploads\/2022\/11\/IF_Logo_Sans_Bleu_RVB.png\",\"contentUrl\":\"https:\/\/www.france.no\/wp-content\/uploads\/2022\/11\/IF_Logo_Sans_Bleu_RVB.png\",\"width\":852,\"height\":591,\"caption\":\"Institut fran\u00e7ais\"},\"image\":{\"@id\":\"https:\/\/www.france.no\/no\/#\/schema\/logo\/image\/\"},\"sameAs\":[\"https:\/\/www.facebook.com\/institutfrancaisoslo\",\"https:\/\/x.com\/ifnorvege\",\"https:\/\/instagram.com\/ifnorvege\"]},{\"@type\":\"Person\",\"@id\":\"https:\/\/www.france.no\/no\/#\/schema\/person\/4fdc0b263d8f27bb00a55f55d2fa3ab0\",\"name\":\"admin_ifno\",\"image\":{\"@type\":\"ImageObject\",\"inLanguage\":\"nb-NO\",\"@id\":\"https:\/\/www.france.no\/no\/#\/schema\/person\/image\/\",\"url\":\"https:\/\/secure.gravatar.com\/avatar\/20f70e61054e6ae673edda3c0dc13670e46e51786443041c70a7eb2da859ae2a?s=96&d=mm&r=g\",\"contentUrl\":\"https:\/\/secure.gravatar.com\/avatar\/20f70e61054e6ae673edda3c0dc13670e46e51786443041c70a7eb2da859ae2a?s=96&d=mm&r=g\",\"caption\":\"admin_ifno\"},\"sameAs\":[\"https:\/\/www.france.no\"],\"url\":\"https:\/\/www.france.no\/no\/author\/admin_ifno\/\"}]}<\/script>\n<!-- \/ Yoast SEO plugin. -->","yoast_head_json":{"title":"DIGITAL NOVEMBER \u2013 NOVEMBRE NUM\u00c9RIQUE - Institut fran\u00e7ais","robots":{"index":"index","follow":"follow","max-snippet":"max-snippet:-1","max-image-preview":"max-image-preview:large","max-video-preview":"max-video-preview:-1"},"canonical":"https:\/\/www.france.no\/no\/2020\/kultur\/digital-november-novembre-numerique\/","og_locale":"nb_NO","og_type":"article","og_title":"DIGITAL NOVEMBER \u2013 NOVEMBRE NUM\u00c9RIQUE - Institut fran\u00e7ais","og_description":"November blir en spennende m\u00e5ned. Institut francais Norge inviterer deg til \u00e5 v\u00e6re med p\u00e5 en reise inn i den digitale verden under festivalen Digital November!","og_url":"https:\/\/www.france.no\/no\/2020\/kultur\/digital-november-novembre-numerique\/","og_site_name":"Institut fran\u00e7ais","article_publisher":"https:\/\/www.facebook.com\/institutfrancaisoslo","article_published_time":"2020-10-28T23:00:00+00:00","og_image":[{"width":1200,"height":630,"url":"https:\/\/www.france.no\/wp-content\/uploads\/2022\/09\/fb-post-vert-1098x617.jpg","type":"image\/jpeg"}],"author":"admin_ifno","twitter_card":"summary_large_image","twitter_creator":"@ifnorvege","twitter_site":"@ifnorvege","twitter_misc":{"Skrevet av":"admin_ifno","Ansl. lesetid":"1 minutt"},"schema":{"@context":"https:\/\/schema.org","@graph":[{"@type":"Article","@id":"https:\/\/www.france.no\/no\/2020\/kultur\/digital-november-novembre-numerique\/#article","isPartOf":{"@id":"https:\/\/www.france.no\/no\/2020\/kultur\/digital-november-novembre-numerique\/"},"author":{"name":"admin_ifno","@id":"https:\/\/www.france.no\/no\/#\/schema\/person\/4fdc0b263d8f27bb00a55f55d2fa3ab0"},"headline":"DIGITAL NOVEMBER \u2013 NOVEMBRE NUM\u00c9RIQUE","datePublished":"2020-10-28T23:00:00+00:00","dateModified":"2020-10-28T23:00:00+00:00","mainEntityOfPage":{"@id":"https:\/\/www.france.no\/no\/2020\/kultur\/digital-november-novembre-numerique\/"},"wordCount":211,"publisher":{"@id":"https:\/\/www.france.no\/no\/#organization"},"image":{"@id":"https:\/\/www.france.no\/no\/2020\/kultur\/digital-november-novembre-numerique\/#primaryimage"},"thumbnailUrl":"https:\/\/www.france.no\/wp-content\/uploads\/2022\/09\/fb-post-vert-1098x617.jpg","articleSection":["Kultur"],"inLanguage":"nb-NO"},{"@type":"WebPage","@id":"https:\/\/www.france.no\/no\/2020\/kultur\/digital-november-novembre-numerique\/","url":"https:\/\/www.france.no\/no\/2020\/kultur\/digital-november-novembre-numerique\/","name":"DIGITAL NOVEMBER \u2013 NOVEMBRE NUM\u00c9RIQUE - Institut fran\u00e7ais","isPartOf":{"@id":"https:\/\/www.france.no\/no\/#website"},"primaryImageOfPage":{"@id":"https:\/\/www.france.no\/no\/2020\/kultur\/digital-november-novembre-numerique\/#primaryimage"},"image":{"@id":"https:\/\/www.france.no\/no\/2020\/kultur\/digital-november-novembre-numerique\/#primaryimage"},"thumbnailUrl":"https:\/\/www.france.no\/wp-content\/uploads\/2022\/09\/fb-post-vert-1098x617.jpg","datePublished":"2020-10-28T23:00:00+00:00","dateModified":"2020-10-28T23:00:00+00:00","breadcrumb":{"@id":"https:\/\/www.france.no\/no\/2020\/kultur\/digital-november-novembre-numerique\/#breadcrumb"},"inLanguage":"nb-NO","potentialAction":[{"@type":"ReadAction","target":["https:\/\/www.france.no\/no\/2020\/kultur\/digital-november-novembre-numerique\/"]}]},{"@type":"ImageObject","inLanguage":"nb-NO","@id":"https:\/\/www.france.no\/no\/2020\/kultur\/digital-november-novembre-numerique\/#primaryimage","url":"https:\/\/www.france.no\/wp-content\/uploads\/2022\/09\/fb-post-vert-1098x617.jpg","contentUrl":"https:\/\/www.france.no\/wp-content\/uploads\/2022\/09\/fb-post-vert-1098x617.jpg","width":1200,"height":630},{"@type":"BreadcrumbList","@id":"https:\/\/www.france.no\/no\/2020\/kultur\/digital-november-novembre-numerique\/#breadcrumb","itemListElement":[{"@type":"ListItem","position":1,"name":"","item":"https:\/\/www.france.no\/no\/"},{"@type":"ListItem","position":2,"name":"Kultur","item":"https:\/\/www.france.no\/no\/category\/kultur\/"},{"@type":"ListItem","position":3,"name":"DIGITAL NOVEMBER \u2013 NOVEMBRE NUM\u00c9RIQUE"}]},{"@type":"WebSite","@id":"https:\/\/www.france.no\/no\/#website","url":"https:\/\/www.france.no\/no\/","name":"Institut fran\u00e7ais","description":"Norv\u00e8ge","publisher":{"@id":"https:\/\/www.france.no\/no\/#organization"},"potentialAction":[{"@type":"SearchAction","target":{"@type":"EntryPoint","urlTemplate":"https:\/\/www.france.no\/no\/?s={search_term_string}"},"query-input":{"@type":"PropertyValueSpecification","valueRequired":true,"valueName":"search_term_string"}}],"inLanguage":"nb-NO"},{"@type":"Organization","@id":"https:\/\/www.france.no\/no\/#organization","name":"Institut fran\u00e7ais","url":"https:\/\/www.france.no\/no\/","logo":{"@type":"ImageObject","inLanguage":"nb-NO","@id":"https:\/\/www.france.no\/no\/#\/schema\/logo\/image\/","url":"https:\/\/www.france.no\/wp-content\/uploads\/2022\/11\/IF_Logo_Sans_Bleu_RVB.png","contentUrl":"https:\/\/www.france.no\/wp-content\/uploads\/2022\/11\/IF_Logo_Sans_Bleu_RVB.png","width":852,"height":591,"caption":"Institut fran\u00e7ais"},"image":{"@id":"https:\/\/www.france.no\/no\/#\/schema\/logo\/image\/"},"sameAs":["https:\/\/www.facebook.com\/institutfrancaisoslo","https:\/\/x.com\/ifnorvege","https:\/\/instagram.com\/ifnorvege"]},{"@type":"Person","@id":"https:\/\/www.france.no\/no\/#\/schema\/person\/4fdc0b263d8f27bb00a55f55d2fa3ab0","name":"admin_ifno","image":{"@type":"ImageObject","inLanguage":"nb-NO","@id":"https:\/\/www.france.no\/no\/#\/schema\/person\/image\/","url":"https:\/\/secure.gravatar.com\/avatar\/20f70e61054e6ae673edda3c0dc13670e46e51786443041c70a7eb2da859ae2a?s=96&d=mm&r=g","contentUrl":"https:\/\/secure.gravatar.com\/avatar\/20f70e61054e6ae673edda3c0dc13670e46e51786443041c70a7eb2da859ae2a?s=96&d=mm&r=g","caption":"admin_ifno"},"sameAs":["https:\/\/www.france.no"],"url":"https:\/\/www.france.no\/no\/author\/admin_ifno\/"}]}},"_links":{"self":[{"href":"https:\/\/www.france.no\/no\/wp-json\/wp\/v2\/posts\/1607","targetHints":{"allow":["GET"]}}],"collection":[{"href":"https:\/\/www.france.no\/no\/wp-json\/wp\/v2\/posts"}],"about":[{"href":"https:\/\/www.france.no\/no\/wp-json\/wp\/v2\/types\/post"}],"author":[{"embeddable":true,"href":"https:\/\/www.france.no\/no\/wp-json\/wp\/v2\/users\/1"}],"replies":[{"embeddable":true,"href":"https:\/\/www.france.no\/no\/wp-json\/wp\/v2\/comments?post=1607"}],"version-history":[{"count":0,"href":"https:\/\/www.france.no\/no\/wp-json\/wp\/v2\/posts\/1607\/revisions"}],"wp:featuredmedia":[{"embeddable":true,"href":"https:\/\/www.france.no\/no\/wp-json\/wp\/v2\/media\/1605"}],"wp:attachment":[{"href":"https:\/\/www.france.no\/no\/wp-json\/wp\/v2\/media?parent=1607"}],"wp:term":[{"taxonomy":"category","embeddable":true,"href":"https:\/\/www.france.no\/no\/wp-json\/wp\/v2\/categories?post=1607"},{"taxonomy":"post_tag","embeddable":true,"href":"https:\/\/www.france.no\/no\/wp-json\/wp\/v2\/tags?post=1607"}],"curies":[{"name":"wp","href":"https:\/\/api.w.org\/{rel}","templated":true}]}}