{"id":16081,"date":"2025-10-20T23:55:18","date_gmt":"2025-10-20T21:55:18","guid":{"rendered":"https:\/\/www.france.no\/?p=16081"},"modified":"2025-11-24T11:31:04","modified_gmt":"2025-11-24T10:31:04","slug":"pomme-frite","status":"publish","type":"post","link":"https:\/\/www.france.no\/no\/2025\/kultur\/pomme-frite\/","title":{"rendered":"POMME FRITE"},"content":{"rendered":"\n<p><strong>Institut fran\u00e7ais de Norv\u00e8ge<\/strong> og magasinet <strong><em>WA?<\/em><\/strong> har gleden av \u00e5 presentere <strong><em>POMME FRITE<\/em><\/strong>, en ny og unik serie arrangementer viet til samtidskultur og skapende uttrykk.<\/p>\n\n\n\n<p>I \u00e9n uke forvandles baren <strong>Pigalle<\/strong> til et fransk-norsk kreativt knutepunkt for designere, musikere, fotografer, forfattere, forleggere, illustrat\u00f8rer og mange flere. Pomme Frite er den perfekte anledningen til \u00e5 oppdage nye franske og norske kreative sjeler i en inspirerende og uformell atmosf\u00e6re.<\/p>\n\n\n\n<p>Samtaler, workshops, utstillinger, konserter og smaksopplevelser: et variert program i en leken og kreativ ramme.<\/p>\n\n\n\n<p><strong>Bon app\u00e9tit og nyt <em>POMME FRITE<\/em>!<\/strong><\/p>\n\n\n\n<hr class=\"wp-block-separator has-alpha-channel-opacity\"\/>\n\n\n\n<h2 class=\"wp-block-heading has-larger-font-size\"><strong>PROGRAM<\/strong><\/h2>\n\n\n\n<p class=\"has-secondary-color has-text-color has-link-color wp-elements-b6ed01ae1763062007bc3fbaa621b33c\"><strong><em>Alle arrangementer er gratis, med unntak fra workshopen med Richard Dumas 8. november og kveldsarrangementet 14. november.<\/em><\/strong><\/p>\n\n\n\n<hr class=\"wp-block-separator has-alpha-channel-opacity\"\/>\n\n\n\n<p class=\"has-secondary-background-color has-background\"><strong>\u00c5PNINGSKVELD P\u00c5 PIGALLE \u2013 KUNST, SAMTALE OG MUSIKK<\/strong><br>FREDAG 7. NOVEMBER \u2013 KL. 19:00<\/p>\n\n\n\n<h5 class=\"wp-block-heading has-text-align-left has-accent-color has-text-color has-link-color has-normal-font-size wp-elements-9f55cdfeae101c11fce0eacb2197ba5f\"><strong>\u00c5pningskveld : <\/strong>Marcelino Valiente et Jan Walaker<\/h5>\n\n\n\n<p class=\"has-small-font-size\">Uken \u00e5pnes med <strong>Marcelino Valiente<\/strong>, kulturattach\u00e9 ved Institut fran\u00e7ais de Norv\u00e8ge, og <strong>Jan Walaker<\/strong>, redakt\u00f8r og grunnlegger av magasinet <em><strong>WA?<\/strong><\/em>. Sammen introduserer de id\u00e9en bak<em> Pomme Frite<\/em> \u2013 et m\u00f8tested for id\u00e9utveksling og samarbeid mellom franske og norske skapere.<\/p>\n\n\n\n<h5 class=\"wp-block-heading has-text-align-left has-accent-color has-text-color has-link-color has-normal-font-size wp-elements-899dc74659fabe9a2dc2a608d243048a\"><strong>Lansering av&nbsp;<em>WA?<\/em>&nbsp;nr.&nbsp;5 \u2013&nbsp;\u00ab French&nbsp;Issue&nbsp;\u00bb<\/strong>&nbsp;<\/h5>\n\n\n\n<p class=\"has-small-font-size\">Det <strong>femte nummeret av WA?, \u00ab French Issue \u00bb<\/strong>, feirer de kunstneriske forbindelsene mellom Frankrike og Norge gjennom kunst, musikk og filosofi. <strong><em>WA?<\/em><\/strong> er et kulturmagasin og en plattform for kreative sinn, der popul\u00e6rkultur m\u00f8ter refleksjon og samarbeid p\u00e5 tvers av landegrenser.<\/p>\n\n\n\n<h5 class=\"wp-block-heading has-text-align-left has-accent-color has-text-color has-link-color has-normal-font-size wp-elements-8d292a5042fa57a941a4a6f31a3b5d22\"><strong>Vernissage<\/strong><\/h5>\n\n\n\n<p class=\"has-small-font-size\"><strong>Utstilling<\/strong>\u00a0med\u00a0grafikk,\u00a0fotografi\u00a0og\u00a0smykkekunst.\u00a0<\/p>\n\n\n\n<h5 class=\"wp-block-heading has-text-align-left has-accent-color has-text-color has-link-color has-normal-font-size wp-elements-217b180afca25b5392f165fea60980be\"><strong>Kunstnersamtale:<\/strong> Sindre Wexelsen Goks\u00f8yr, Ragna Lea, Dag Alveng, Torgeir Wergeland S\u00f8rbye et Jan Walaker<\/h5>\n\n\n\n<p class=\"has-small-font-size\">Jan Walaker m\u00f8ter fire norske kunstnere til en samtale om hvordan fransk kultur har p\u00e5virket deres arbeid \u2013 fra tegneserier og foto til visuell kunst.<\/p>\n\n\n\n<p class=\"has-small-font-size\"><em><strong>Sindre Wexelsen Goks\u00f8yr: <\/strong>tegneserieskaper, illustrat\u00f8r, billedkunstner og medlem av kollektivet <\/em>Dongery<em>.<\/em><\/p>\n\n\n\n<p class=\"has-small-font-size\"><em><strong>Ragna Lea: <\/strong>scenograf og kunstnerisk leder.&nbsp;<\/em><\/p>\n\n\n\n<p class=\"has-small-font-size\"><em><strong>Dag Alveng: <\/strong>fotograf med verk i de faste samlingene til flere internasjonale museer.<\/em><\/p>\n\n\n\n<p class=\"has-small-font-size\"><strong>Torgeir Wergeland S\u00f8rbye<\/strong>: lege, gr\u00fcnder, fotograf og musiker, kjent for sine mange profesjonelle og kreative prosjekter.<\/p>\n\n\n\n<p class=\"has-small-font-size\"><strong>Jan&nbsp;Walaker:<\/strong>&nbsp;kunstner,&nbsp;kurator,&nbsp;kursholder,&nbsp;redakt\u00f8r&nbsp;og&nbsp;grunnlegger&nbsp;av&nbsp;magasinet&nbsp;<strong><em>WA?<\/em><\/strong>.&nbsp;<\/p>\n\n\n\n<h5 class=\"wp-block-heading has-text-align-left has-accent-color has-text-color has-link-color has-normal-font-size wp-elements-32a517f7c2a12877428a9f8f3badb03a\"><strong>DJ-sett:<\/strong> DJ Funtowear<\/h5>\n\n\n\n<p class=\"has-small-font-size\">Kvelden avsluttes med den franske duoen <strong>DJ Funtowear<\/strong>, som tar publikum med p\u00e5 en reise fra old-school disco til afro house med et funky og forfriskende lydbilde.<\/p>\n\n\n\n<p class=\"has-secondary-color has-text-color has-link-color has-small-font-size wp-elements-6008b59777658c5e815fd9917725147f\"><strong><em>Gratis&nbsp;inngang.<\/em><\/strong><\/p>\n\n\n\n<hr class=\"wp-block-separator has-alpha-channel-opacity\"\/>\n\n\n\n<p class=\"has-secondary-background-color has-background\"><strong>WORKSHOPS<\/strong><br>L\u00d8RDAG 8. NOVEMBER<\/p>\n\n\n\n<div class=\"wp-block-columns is-layout-flex wp-container-core-columns-is-layout-1 wp-block-columns-is-layout-flex\">\n<div class=\"wp-block-column is-layout-flow wp-block-column-is-layout-flow\">\n<h5 class=\"wp-block-heading has-small-font-size\"><strong>Workshop&nbsp;med&nbsp;Florence&nbsp;Blall: <\/strong><br><strong>\u00abVisible&nbsp;Mending\u00bb&nbsp;<\/strong>&nbsp;<\/h5>\n\n\n\n<p class=\"has-small-font-size\"><em>Fredag 7 november, kl. 16:30\u2013<\/em>18:30<br><em>L\u00f8rdag 8 november, kl. 11\u201313<\/em><\/p>\n\n\n\n<p class=\"has-small-font-size\"><em>Sted:&nbsp;<a href=\"https:\/\/www.kristiania.no\/fagskolen-kristiania\/esmodoslo\/\" target=\"_blank\" rel=\"noreferrer noopener\">ESMOD Oslo<\/a> (<a href=\"https:\/\/www.google.com\/maps\/place\/Esmod+Oslo\/@59.9121952,10.7372057,16.99z\/data=!4m6!3m5!1s0x46416e17b068212f:0x3187759555dbd23d!8m2!3d59.9121928!4d10.7371897!16s%2Fg%2F1tdcq35m?entry=ttu&amp;g_ep=EgoyMDI1MTAxNC4wIKXMDSoASAFQAw%3D%3D\" target=\"_blank\" rel=\"noreferrer noopener\">Rosenkrantz&#8217; gate 16<\/a>)<\/em><\/p>\n\n\n\n<p class=\"has-small-font-size\">Basert p\u00e5 filosofien til Orsola de Castros bok <em>Loved Clothes Last<\/em> (2021), l\u00e6rer du hvordan du kan reparere favorittkl\u00e6rene dine p\u00e5 en kreativ m\u00e5te \u2013 slik at du kan forlenge levetiden deres og fortsette \u00e5 dele livets eventyr med dem i lang tid fremover.<\/p>\n\n\n\n<p class=\"has-small-font-size\"><em>Pris: gratis<\/em><br><em>P\u00e5melding: <a href=\"mailto:kultur@france.no\" target=\"_blank\" rel=\"noreferrer noopener\">kultur@france.no<\/a><\/em><\/p>\n<\/div>\n\n\n\n<div class=\"wp-block-column is-layout-flow wp-block-column-is-layout-flow\">\n<h5 class=\"wp-block-heading has-small-font-size\">Workshop med Richard Dumas: <br>\u00abPortrettfoto og mlj\u00f8skildringer\u00bb<\/h5>\n\n\n\n<p class=\"has-small-font-size\"><em>L\u00f8rdag 8 november, kl 11\u201318<\/em><\/p>\n\n\n\n<p class=\"has-small-font-size\"><em>Sted: <a href=\"https:\/\/www.oslofotokunstskole.no\/\" target=\"_blank\" rel=\"noreferrer noopener\">Oslo&nbsp;fotokunstskole<\/a> (<a href=\"https:\/\/maps.app.goo.gl\/3vecSREJVjgCmKe36\" target=\"_blank\" rel=\"noreferrer noopener\">Waldemar Thranes gate 84<\/a>)<\/em><\/p>\n\n\n\n<p class=\"has-small-font-size\">En av verdens fremste portrettfotografer, Richard Dumas, leder en workshop der han deler sin metode og poetiske tiln\u00e6rming til portrett- og milj\u00f8fotografi En sjelden anledning til \u00e5 l\u00e6re direkte fra en mester i samtidsportrettet.<\/p>\n\n\n\n<p class=\"has-small-font-size\"><em>Pris: 2250<\/em> <em>kr<br>Meld deg p\u00e5 <a href=\"https:\/\/www.oslofotokunstskole.no\/kurs\/kurs-portrettfoto-og-miljoskildringer-med-richard-dumas\" target=\"_blank\" rel=\"noreferrer noopener\">her<\/a> <\/em><\/p>\n<\/div>\n<\/div>\n\n\n\n<hr class=\"wp-block-separator has-alpha-channel-opacity\"\/>\n\n\n\n<p class=\"has-secondary-background-color has-background\"><strong>PIGALLE \u2013 SAMTALE OG MUSIKK<\/strong><br>L\u00d8RDAG 8. NOVEMBER \u2013 KL. 16:30&nbsp;<\/p>\n\n\n\n<h5 class=\"wp-block-heading has-text-align-left has-accent-color has-text-color has-link-color has-normal-font-size wp-elements-1c7b28c16cae6e4828705026a1ac089e\">Mote og b\u00e6rekraft: Florence Blall, Karine Faou og Elisabeth Stray Pedersen<\/h5>\n\n\n\n<p class=\"has-small-font-size\">I denne samtalen vil Florence Blall, Karine Faou og Elisabeth Stray Pedersen se n\u00e6rmere p\u00e5 forholdet mellom mote og \u00f8kologi, samt de sosiale og systemiske aspektene ved motebransjen.<\/p>\n\n\n\n<p class=\"has-small-font-size\"><em><strong>Florence Blall:<\/strong> fransk frilansstylist utdannet ved Saint Martins School of Art i London. Hun har i ti \u00e5r jobbet innen high-end herre- og barnekl\u00e6r i London og Paris. Siden 2013 har hun veiledet unge etiske og b\u00e6rekraftige merker og undervist ved design- og moteskoler for \u00e5 inspirere til ansvarlig design.<\/em><\/p>\n\n\n\n<p class=\"has-small-font-size\"><em><strong>Karine Faou: <\/strong>fransk illustrat\u00f8r, kunstner og kunstnerisk leder bosatt i Oslo. Hun har studert motedesign ved \u00c9cole sup\u00e9rieure des arts appliqu\u00e9s Duperr\u00e9 i Paris, og jobbet innenfor forlagsvirksomhet, reklame, mote og tekstildesign \u2013 blant annet for <\/em>Vogue<em>, <\/em>Mulberry<em>, <\/em>Wallpaper<em> og ITV.<\/em><\/p>\n\n\n\n<p class=\"has-small-font-size\"><em><strong>Elisabeth Stray Pedersen: <\/strong>norsk designer og gr\u00fcnder som i 2015 tok over en yttert\u00f8yfabrikk i Oslo som ga opphav til merket ESP, kjent for sine ikoniske ullplagg med fokus p\u00e5 h\u00e5ndverk, b\u00e6rekraft og sirkul\u00e6r tiln\u00e6rming.<\/em><\/p>\n\n\n\n<h5 class=\"wp-block-heading has-text-align-left has-accent-color has-text-color has-link-color has-normal-font-size wp-elements-32a517f7c2a12877428a9f8f3badb03a\"><strong>DJ-sett:<\/strong> DJ Funtowear<\/h5>\n\n\n\n<p class=\"has-small-font-size\">Kvelden avsluttes med den franske duoen <strong>DJ Funtowear<\/strong>, som tar publikum med p\u00e5 en reise fra old-school disco til afro house med et funky og forfriskende lydbilde.<\/p>\n\n\n\n<p class=\"has-secondary-color has-text-color has-link-color has-small-font-size wp-elements-6008b59777658c5e815fd9917725147f\"><strong><em>Gratis&nbsp;inngang.<\/em><\/strong><\/p>\n\n\n\n<hr class=\"wp-block-separator has-alpha-channel-opacity\"\/>\n\n\n\n<p class=\"has-secondary-background-color has-background\"><strong>PIGALLE \u2013 SAMTALE OG MUSIKK<\/strong><br>S\u00d8NDAG 9. NOVEMBER \u2013 KL. 17:30&nbsp;<\/p>\n\n\n\n<h5 class=\"wp-block-heading has-text-align-left has-accent-color has-text-color has-link-color has-normal-font-size wp-elements-d0efba819575087a704b63783e9a8d85\"><strong>Fotografi:<\/strong> Richard Dumas<\/h5>\n\n\n\n<p class=\"has-small-font-size\">Den kjente franske fotografen og portrettisten <strong>Richard Dumas <\/strong>\u00e5pner opp om arbeidet bak sine ikoniske portretter av kjente personer som Clint Eastwood, David Lynch, Kate Moss og flere.<\/p>\n\n\n\n<h5 class=\"wp-block-heading has-text-align-left has-accent-color has-text-color has-link-color has-normal-font-size wp-elements-e1a608b26651e1f00fef1d2dece4a671\"><strong>DJ-sett:<\/strong> DJ WD<\/h5>\n\n\n\n<p class=\"has-small-font-size\">Kvelden rundes av med DJ WD, en mystisk gjest spesialinvitert til <em>Pomme<\/em> <em>Frite<\/em>.<\/p>\n\n\n\n<p class=\"has-secondary-color has-text-color has-link-color has-small-font-size wp-elements-6008b59777658c5e815fd9917725147f\"><strong><em>Gratis&nbsp;inngang.<\/em><\/strong><\/p>\n\n\n\n<hr class=\"wp-block-separator has-alpha-channel-opacity\"\/>\n\n\n\n<p class=\"has-secondary-background-color has-background\"><strong>PIGALLE \u2013 SAMTALE OG MUSIKK<\/strong><br>ONSDAG 12. NOVEMBER \u2013 KL. 16:30&nbsp;<\/p>\n\n\n\n<h5 class=\"wp-block-heading has-text-align-left has-accent-color has-text-color has-link-color has-normal-font-size wp-elements-57c87c653890edc40522710f3d22d11d\"><strong>Interi\u00f8rdesign:<\/strong> Tone Kroken, Claudia Ravnb\u00f8 et Benedicte Wessel-Holst<\/h5>\n\n\n\n<p class=\"has-small-font-size\">Samtale med to norske interi\u00f8rdesignere, Tone Kroken og Claudia Ravnb\u00f8, som bruker sin egen bakgrunn og historie til \u00e5 skape interi\u00f8rer med egenart. Feles for dem begge er tilknytningen til Paris. I en globalisert verden med en stadig mer felles visuell kultur; hvordan skape noe som f\u00f8les n\u00e6rt, lokalt og personlig? Samtalen ledes av Benedicte Wessel-Holst.<\/p>\n\n\n\n<p class=\"has-small-font-size\"><em><strong>Tone Kroken: <\/strong>norsk interi\u00f8rdesigner, m\u00f8beldesigner og ambassad\u00f8r for Maison &amp; Objet i Paris. Hun er en folkekj\u00e6r interi\u00f8rekspert i magasiner, p\u00e5 TV og i egen podkast, hvor hun fremmer interi\u00f8r med fokus p\u00e5 det gode liv, inspirert av reiser til Marrakech og Paris.<\/em><\/p>\n\n\n\n<p class=\"has-small-font-size\"><em><strong>Claudia Ravnb\u00f8: <\/strong>norsk interi\u00f8rdesigner basert i Paris og grunnlegger av Studio Ravn. Hun har gjennomf\u00f8rt prestisjetunge prosjekter over hele verden, blant annet for Ladur\u00e9e, hoteller, restauranter og private hjem, og henter inspirasjon fra sin nordnorske oppvekst og naturen, kombinert med internasjonale impulser, kunst, tekstiler og vintagem\u00f8bler.<\/em><\/p>\n\n\n\n<p class=\"has-small-font-size\"><em><strong>Benedicte Wessel-Holst: <\/strong>norsk journalist med femten \u00e5rs erfaring fra livsstils- og magasinjournalistikk. Sammen med Tone Kroken leder hun Interi\u00f8rr\u00e5det, Norges st\u00f8rste podkast om interi\u00f8r.<\/em><\/p>\n\n\n\n<h5 class=\"wp-block-heading has-text-align-left has-accent-color has-text-color has-link-color has-normal-font-size wp-elements-32a517f7c2a12877428a9f8f3badb03a\"><strong>DJ-sett:<\/strong> DJ Funtowear<\/h5>\n\n\n\n<p class=\"has-small-font-size\">Kvelden avsluttes med den franske duoen <strong>DJ Funtowear<\/strong>, som tar publikum med p\u00e5 en reise fra old-school disco til afro house med et funky og forfriskende lydbilde.<\/p>\n\n\n\n<p class=\"has-secondary-color has-text-color has-link-color has-small-font-size wp-elements-6008b59777658c5e815fd9917725147f\"><strong><em>Gratis&nbsp;inngang.<\/em><\/strong><\/p>\n\n\n\n<hr class=\"wp-block-separator has-alpha-channel-opacity\"\/>\n\n\n\n<p class=\"has-secondary-background-color has-background\"><strong>AVSLUTNINGSKVELD P\u00c5 PIGALLE \u2013 VINSMAKING OG MUSIKK<\/strong><br>VENDREDI 14 NOVEMBRE \u2013 20H30<\/p>\n\n\n\n<h5 class=\"wp-block-heading has-text-align-left has-accent-color has-text-color has-link-color has-normal-font-size wp-elements-6523d18a0bb889021de1123e69cf3cb2\"><strong>Vinsmaking:<\/strong> Rune Johansen<\/h5>\n\n\n\n<p class=\"has-small-font-size\">Vinekspert og erfaren restaurat\u00f8r <strong>Rune Johansen<\/strong> deler sin lidenskap for vin gjennom en unik smaking. Han har ledet flere anerkjente restauranter, organisert kongelige middager og Nobels fredsprisbankett, og holder jevnlig vinsmakinger og kurs.<\/p>\n\n\n\n<h5 class=\"wp-block-heading has-text-align-left has-accent-color has-text-color has-link-color has-normal-font-size wp-elements-634e667fc1850500e3a257ce3cb305a5\"><strong>DJ-sett:<\/strong> DJ Dorky<\/h5>\n\n\n\n<p class=\"has-small-font-size\">Den Oslo-baserte DJen og artisten, DJ Dorky, som er en del av den alternative og feministiske scenen, setter tonen for kvelden med et <em>darkwave<\/em>-sett.<\/p>\n\n\n\n<h5 class=\"wp-block-heading has-text-align-left has-accent-color has-text-color has-link-color has-normal-font-size wp-elements-fac46d780bfe770656284c609caf952e\"><strong>Concert :<\/strong> Carriegoss<\/h5>\n\n\n\n<p class=\"has-small-font-size\">Carriegoss ble dannet i 2019 i Rennes, Frankrike, og er et solo-musikkprosjekt som veksler mellom den syntetiske t\u00e5ken fra new wave og pulserende EBM. Hun skaper organiske teksturer, uforglemmelige rytmer og eteriske melodier. Musikken hennes, som hun beskriver som <em>clash wave<\/em>, skaper en atmosf\u00e6re som er b\u00e5de intim og spektakul\u00e6r, b\u00e5de live og i studio, og inviterer publikum p\u00e5 en sanselig reise mellom lys og skygge.<\/p>\n\n\n\n<p class=\"has-secondary-color has-text-color has-link-color has-small-font-size wp-elements-f7aee65fad246e2874f9f3efcd8276bc\"><strong><em>Inngang&nbsp;14.&nbsp;november: 250&nbsp;kr<\/em><\/strong>. <strong><em><strong><em><strong><em><strong><em><strong><em>Bestill&nbsp;billetter&nbsp;<\/em><\/strong><a href=\"https:\/\/billetto.no\/e\/pomme-frite-billetter-1676865\" target=\"_blank\" rel=\"noreferrer noopener\"><strong><em>her<\/em><\/strong><\/a><strong><em>.<\/em><\/strong><\/em><\/strong><\/em><\/strong><\/em><\/strong><\/em><\/strong><\/p>\n\n\n\n<hr class=\"wp-block-separator has-alpha-channel-opacity\"\/>\n\n\n\n<p class=\"has-normal-font-size\"><strong><em>POMME FRITE<\/em><\/strong> er et initiativ av <strong>Institut fran\u00e7ais de Norv\u00e8ge<\/strong> og magasinet <strong><em>WA?<\/em><\/strong>, i samarbeid med baren <strong>Pigalle<\/strong>.<\/p>\n\n\n\n<p>En uke for \u00e5 tenke, skape, danse og feire det fransk-norske vennskapet i all sin levende kraft.<\/p>\n","protected":false},"excerpt":{"rendered":"<p>Institut fran\u00e7ais de Norv\u00e8ge og magasinet WA? har gleden av \u00e5 presentere POMME FRITE, en ny og unik serie arrangementer viet til samtidskultur og skapende uttrykk. I \u00e9n uke forvandles baren Pigalle til et fransk-norsk kreativt knutepunkt for designere, musikere, fotografer, forfattere, forleggere, illustrat\u00f8rer og mange flere. Pomme Frite er den perfekte anledningen til \u00e5 [&hellip;]<\/p>\n","protected":false},"author":6,"featured_media":15998,"comment_status":"closed","ping_status":"closed","sticky":false,"template":"","format":"standard","meta":{"footnotes":""},"categories":[5],"tags":[1226,589,1232,1229,759,610,944,950],"class_list":["post-16081","post","type-post","status-publish","format-standard","has-post-thumbnail","hentry","category-kultur","tag-arrangementer","tag-culture-no","tag-design-2","tag-interor","tag-kultur","tag-kunst","tag-kurs","tag-workshop"],"yoast_head":"<!-- This site is optimized with the Yoast SEO plugin v24.2 - https:\/\/yoast.com\/wordpress\/plugins\/seo\/ -->\n<title>POMME FRITE - Institut fran\u00e7ais<\/title>\n<meta name=\"robots\" content=\"index, follow, max-snippet:-1, max-image-preview:large, max-video-preview:-1\" \/>\n<link rel=\"canonical\" href=\"https:\/\/www.france.no\/no\/2025\/kultur\/pomme-frite\/\" \/>\n<meta property=\"og:locale\" content=\"nb_NO\" \/>\n<meta property=\"og:type\" content=\"article\" \/>\n<meta property=\"og:title\" content=\"POMME FRITE - Institut fran\u00e7ais\" \/>\n<meta property=\"og:description\" content=\"Institut fran\u00e7ais de Norv\u00e8ge og magasinet WA? har gleden av \u00e5 presentere POMME FRITE, en ny og unik serie arrangementer viet til samtidskultur og skapende uttrykk. I \u00e9n uke forvandles baren Pigalle til et fransk-norsk kreativt knutepunkt for designere, musikere, fotografer, forfattere, forleggere, illustrat\u00f8rer og mange flere. Pomme Frite er den perfekte anledningen til \u00e5 [&hellip;]\" \/>\n<meta property=\"og:url\" content=\"https:\/\/www.france.no\/no\/2025\/kultur\/pomme-frite\/\" \/>\n<meta property=\"og:site_name\" content=\"Institut fran\u00e7ais\" \/>\n<meta property=\"article:publisher\" content=\"https:\/\/www.facebook.com\/institutfrancaisoslo\" \/>\n<meta property=\"article:published_time\" content=\"2025-10-20T21:55:18+00:00\" \/>\n<meta property=\"article:modified_time\" content=\"2025-11-24T10:31:04+00:00\" \/>\n<meta property=\"og:image\" content=\"https:\/\/www.france.no\/wp-content\/uploads\/2025\/10\/Kurs_Bergen_01.11.25_BANNERFACEBOOK-1-1-1098x617.png\" \/>\n\t<meta property=\"og:image:width\" content=\"1920\" \/>\n\t<meta property=\"og:image:height\" content=\"1080\" \/>\n\t<meta property=\"og:image:type\" content=\"image\/png\" \/>\n<meta name=\"author\" content=\"P\u00f4le Communication\" \/>\n<meta name=\"twitter:card\" content=\"summary_large_image\" \/>\n<meta name=\"twitter:creator\" content=\"@ifnorvege\" \/>\n<meta name=\"twitter:site\" content=\"@ifnorvege\" \/>\n<meta name=\"twitter:label1\" content=\"Skrevet av\" \/>\n\t<meta name=\"twitter:data1\" content=\"P\u00f4le Communication\" \/>\n\t<meta name=\"twitter:label2\" content=\"Ansl. lesetid\" \/>\n\t<meta name=\"twitter:data2\" content=\"7 minutter\" \/>\n<script type=\"application\/ld+json\" class=\"yoast-schema-graph\">{\"@context\":\"https:\/\/schema.org\",\"@graph\":[{\"@type\":\"Article\",\"@id\":\"https:\/\/www.france.no\/no\/2025\/kultur\/pomme-frite\/#article\",\"isPartOf\":{\"@id\":\"https:\/\/www.france.no\/no\/2025\/kultur\/pomme-frite\/\"},\"author\":{\"name\":\"P\u00f4le Communication\",\"@id\":\"https:\/\/www.france.no\/no\/#\/schema\/person\/e911222e8703f294589a6d80b1c16f97\"},\"headline\":\"POMME FRITE\",\"datePublished\":\"2025-10-20T21:55:18+00:00\",\"dateModified\":\"2025-11-24T10:31:04+00:00\",\"mainEntityOfPage\":{\"@id\":\"https:\/\/www.france.no\/no\/2025\/kultur\/pomme-frite\/\"},\"wordCount\":1224,\"publisher\":{\"@id\":\"https:\/\/www.france.no\/no\/#organization\"},\"image\":{\"@id\":\"https:\/\/www.france.no\/no\/2025\/kultur\/pomme-frite\/#primaryimage\"},\"thumbnailUrl\":\"https:\/\/www.france.no\/wp-content\/uploads\/2025\/10\/Kurs_Bergen_01.11.25_BANNERFACEBOOK-1-1-1098x617.png\",\"keywords\":[\"arrangementer\",\"culture\",\"design\",\"inter\u00f8r\",\"kultur\",\"Kunst\",\"kurs\",\"workshop\"],\"articleSection\":[\"Kultur\"],\"inLanguage\":\"nb-NO\"},{\"@type\":\"WebPage\",\"@id\":\"https:\/\/www.france.no\/no\/2025\/kultur\/pomme-frite\/\",\"url\":\"https:\/\/www.france.no\/no\/2025\/kultur\/pomme-frite\/\",\"name\":\"POMME FRITE - Institut fran\u00e7ais\",\"isPartOf\":{\"@id\":\"https:\/\/www.france.no\/no\/#website\"},\"primaryImageOfPage\":{\"@id\":\"https:\/\/www.france.no\/no\/2025\/kultur\/pomme-frite\/#primaryimage\"},\"image\":{\"@id\":\"https:\/\/www.france.no\/no\/2025\/kultur\/pomme-frite\/#primaryimage\"},\"thumbnailUrl\":\"https:\/\/www.france.no\/wp-content\/uploads\/2025\/10\/Kurs_Bergen_01.11.25_BANNERFACEBOOK-1-1-1098x617.png\",\"datePublished\":\"2025-10-20T21:55:18+00:00\",\"dateModified\":\"2025-11-24T10:31:04+00:00\",\"breadcrumb\":{\"@id\":\"https:\/\/www.france.no\/no\/2025\/kultur\/pomme-frite\/#breadcrumb\"},\"inLanguage\":\"nb-NO\",\"potentialAction\":[{\"@type\":\"ReadAction\",\"target\":[\"https:\/\/www.france.no\/no\/2025\/kultur\/pomme-frite\/\"]}]},{\"@type\":\"ImageObject\",\"inLanguage\":\"nb-NO\",\"@id\":\"https:\/\/www.france.no\/no\/2025\/kultur\/pomme-frite\/#primaryimage\",\"url\":\"https:\/\/www.france.no\/wp-content\/uploads\/2025\/10\/Kurs_Bergen_01.11.25_BANNERFACEBOOK-1-1-1098x617.png\",\"contentUrl\":\"https:\/\/www.france.no\/wp-content\/uploads\/2025\/10\/Kurs_Bergen_01.11.25_BANNERFACEBOOK-1-1-1098x617.png\",\"width\":1920,\"height\":1080},{\"@type\":\"BreadcrumbList\",\"@id\":\"https:\/\/www.france.no\/no\/2025\/kultur\/pomme-frite\/#breadcrumb\",\"itemListElement\":[{\"@type\":\"ListItem\",\"position\":1,\"name\":\"\",\"item\":\"https:\/\/www.france.no\/no\/\"},{\"@type\":\"ListItem\",\"position\":2,\"name\":\"POMME FRITE\"}]},{\"@type\":\"WebSite\",\"@id\":\"https:\/\/www.france.no\/no\/#website\",\"url\":\"https:\/\/www.france.no\/no\/\",\"name\":\"Institut fran\u00e7ais\",\"description\":\"Norv\u00e8ge\",\"publisher\":{\"@id\":\"https:\/\/www.france.no\/no\/#organization\"},\"potentialAction\":[{\"@type\":\"SearchAction\",\"target\":{\"@type\":\"EntryPoint\",\"urlTemplate\":\"https:\/\/www.france.no\/no\/?s={search_term_string}\"},\"query-input\":{\"@type\":\"PropertyValueSpecification\",\"valueRequired\":true,\"valueName\":\"search_term_string\"}}],\"inLanguage\":\"nb-NO\"},{\"@type\":\"Organization\",\"@id\":\"https:\/\/www.france.no\/no\/#organization\",\"name\":\"Institut fran\u00e7ais\",\"url\":\"https:\/\/www.france.no\/no\/\",\"logo\":{\"@type\":\"ImageObject\",\"inLanguage\":\"nb-NO\",\"@id\":\"https:\/\/www.france.no\/no\/#\/schema\/logo\/image\/\",\"url\":\"https:\/\/www.france.no\/wp-content\/uploads\/2022\/11\/IF_Logo_Sans_Bleu_RVB.png\",\"contentUrl\":\"https:\/\/www.france.no\/wp-content\/uploads\/2022\/11\/IF_Logo_Sans_Bleu_RVB.png\",\"width\":852,\"height\":591,\"caption\":\"Institut fran\u00e7ais\"},\"image\":{\"@id\":\"https:\/\/www.france.no\/no\/#\/schema\/logo\/image\/\"},\"sameAs\":[\"https:\/\/www.facebook.com\/institutfrancaisoslo\",\"https:\/\/x.com\/ifnorvege\",\"https:\/\/instagram.com\/ifnorvege\"]},{\"@type\":\"Person\",\"@id\":\"https:\/\/www.france.no\/no\/#\/schema\/person\/e911222e8703f294589a6d80b1c16f97\",\"name\":\"P\u00f4le Communication\",\"image\":{\"@type\":\"ImageObject\",\"inLanguage\":\"nb-NO\",\"@id\":\"https:\/\/www.france.no\/no\/#\/schema\/person\/image\/\",\"url\":\"https:\/\/secure.gravatar.com\/avatar\/aef2f98e57d39e8c3d6d57b6b4f580f8?s=96&d=mm&r=g\",\"contentUrl\":\"https:\/\/secure.gravatar.com\/avatar\/aef2f98e57d39e8c3d6d57b6b4f580f8?s=96&d=mm&r=g\",\"caption\":\"P\u00f4le Communication\"},\"url\":\"https:\/\/www.france.no\/no\/author\/polecom\/\"}]}<\/script>\n<!-- \/ Yoast SEO plugin. -->","yoast_head_json":{"title":"POMME FRITE - Institut fran\u00e7ais","robots":{"index":"index","follow":"follow","max-snippet":"max-snippet:-1","max-image-preview":"max-image-preview:large","max-video-preview":"max-video-preview:-1"},"canonical":"https:\/\/www.france.no\/no\/2025\/kultur\/pomme-frite\/","og_locale":"nb_NO","og_type":"article","og_title":"POMME FRITE - Institut fran\u00e7ais","og_description":"Institut fran\u00e7ais de Norv\u00e8ge og magasinet WA? har gleden av \u00e5 presentere POMME FRITE, en ny og unik serie arrangementer viet til samtidskultur og skapende uttrykk. I \u00e9n uke forvandles baren Pigalle til et fransk-norsk kreativt knutepunkt for designere, musikere, fotografer, forfattere, forleggere, illustrat\u00f8rer og mange flere. Pomme Frite er den perfekte anledningen til \u00e5 [&hellip;]","og_url":"https:\/\/www.france.no\/no\/2025\/kultur\/pomme-frite\/","og_site_name":"Institut fran\u00e7ais","article_publisher":"https:\/\/www.facebook.com\/institutfrancaisoslo","article_published_time":"2025-10-20T21:55:18+00:00","article_modified_time":"2025-11-24T10:31:04+00:00","og_image":[{"width":1920,"height":1080,"url":"https:\/\/www.france.no\/wp-content\/uploads\/2025\/10\/Kurs_Bergen_01.11.25_BANNERFACEBOOK-1-1-1098x617.png","type":"image\/png"}],"author":"P\u00f4le Communication","twitter_card":"summary_large_image","twitter_creator":"@ifnorvege","twitter_site":"@ifnorvege","twitter_misc":{"Skrevet av":"P\u00f4le Communication","Ansl. lesetid":"7 minutter"},"schema":{"@context":"https:\/\/schema.org","@graph":[{"@type":"Article","@id":"https:\/\/www.france.no\/no\/2025\/kultur\/pomme-frite\/#article","isPartOf":{"@id":"https:\/\/www.france.no\/no\/2025\/kultur\/pomme-frite\/"},"author":{"name":"P\u00f4le Communication","@id":"https:\/\/www.france.no\/no\/#\/schema\/person\/e911222e8703f294589a6d80b1c16f97"},"headline":"POMME FRITE","datePublished":"2025-10-20T21:55:18+00:00","dateModified":"2025-11-24T10:31:04+00:00","mainEntityOfPage":{"@id":"https:\/\/www.france.no\/no\/2025\/kultur\/pomme-frite\/"},"wordCount":1224,"publisher":{"@id":"https:\/\/www.france.no\/no\/#organization"},"image":{"@id":"https:\/\/www.france.no\/no\/2025\/kultur\/pomme-frite\/#primaryimage"},"thumbnailUrl":"https:\/\/www.france.no\/wp-content\/uploads\/2025\/10\/Kurs_Bergen_01.11.25_BANNERFACEBOOK-1-1-1098x617.png","keywords":["arrangementer","culture","design","inter\u00f8r","kultur","Kunst","kurs","workshop"],"articleSection":["Kultur"],"inLanguage":"nb-NO"},{"@type":"WebPage","@id":"https:\/\/www.france.no\/no\/2025\/kultur\/pomme-frite\/","url":"https:\/\/www.france.no\/no\/2025\/kultur\/pomme-frite\/","name":"POMME FRITE - Institut fran\u00e7ais","isPartOf":{"@id":"https:\/\/www.france.no\/no\/#website"},"primaryImageOfPage":{"@id":"https:\/\/www.france.no\/no\/2025\/kultur\/pomme-frite\/#primaryimage"},"image":{"@id":"https:\/\/www.france.no\/no\/2025\/kultur\/pomme-frite\/#primaryimage"},"thumbnailUrl":"https:\/\/www.france.no\/wp-content\/uploads\/2025\/10\/Kurs_Bergen_01.11.25_BANNERFACEBOOK-1-1-1098x617.png","datePublished":"2025-10-20T21:55:18+00:00","dateModified":"2025-11-24T10:31:04+00:00","breadcrumb":{"@id":"https:\/\/www.france.no\/no\/2025\/kultur\/pomme-frite\/#breadcrumb"},"inLanguage":"nb-NO","potentialAction":[{"@type":"ReadAction","target":["https:\/\/www.france.no\/no\/2025\/kultur\/pomme-frite\/"]}]},{"@type":"ImageObject","inLanguage":"nb-NO","@id":"https:\/\/www.france.no\/no\/2025\/kultur\/pomme-frite\/#primaryimage","url":"https:\/\/www.france.no\/wp-content\/uploads\/2025\/10\/Kurs_Bergen_01.11.25_BANNERFACEBOOK-1-1-1098x617.png","contentUrl":"https:\/\/www.france.no\/wp-content\/uploads\/2025\/10\/Kurs_Bergen_01.11.25_BANNERFACEBOOK-1-1-1098x617.png","width":1920,"height":1080},{"@type":"BreadcrumbList","@id":"https:\/\/www.france.no\/no\/2025\/kultur\/pomme-frite\/#breadcrumb","itemListElement":[{"@type":"ListItem","position":1,"name":"","item":"https:\/\/www.france.no\/no\/"},{"@type":"ListItem","position":2,"name":"POMME FRITE"}]},{"@type":"WebSite","@id":"https:\/\/www.france.no\/no\/#website","url":"https:\/\/www.france.no\/no\/","name":"Institut fran\u00e7ais","description":"Norv\u00e8ge","publisher":{"@id":"https:\/\/www.france.no\/no\/#organization"},"potentialAction":[{"@type":"SearchAction","target":{"@type":"EntryPoint","urlTemplate":"https:\/\/www.france.no\/no\/?s={search_term_string}"},"query-input":{"@type":"PropertyValueSpecification","valueRequired":true,"valueName":"search_term_string"}}],"inLanguage":"nb-NO"},{"@type":"Organization","@id":"https:\/\/www.france.no\/no\/#organization","name":"Institut fran\u00e7ais","url":"https:\/\/www.france.no\/no\/","logo":{"@type":"ImageObject","inLanguage":"nb-NO","@id":"https:\/\/www.france.no\/no\/#\/schema\/logo\/image\/","url":"https:\/\/www.france.no\/wp-content\/uploads\/2022\/11\/IF_Logo_Sans_Bleu_RVB.png","contentUrl":"https:\/\/www.france.no\/wp-content\/uploads\/2022\/11\/IF_Logo_Sans_Bleu_RVB.png","width":852,"height":591,"caption":"Institut fran\u00e7ais"},"image":{"@id":"https:\/\/www.france.no\/no\/#\/schema\/logo\/image\/"},"sameAs":["https:\/\/www.facebook.com\/institutfrancaisoslo","https:\/\/x.com\/ifnorvege","https:\/\/instagram.com\/ifnorvege"]},{"@type":"Person","@id":"https:\/\/www.france.no\/no\/#\/schema\/person\/e911222e8703f294589a6d80b1c16f97","name":"P\u00f4le Communication","image":{"@type":"ImageObject","inLanguage":"nb-NO","@id":"https:\/\/www.france.no\/no\/#\/schema\/person\/image\/","url":"https:\/\/secure.gravatar.com\/avatar\/aef2f98e57d39e8c3d6d57b6b4f580f8?s=96&d=mm&r=g","contentUrl":"https:\/\/secure.gravatar.com\/avatar\/aef2f98e57d39e8c3d6d57b6b4f580f8?s=96&d=mm&r=g","caption":"P\u00f4le Communication"},"url":"https:\/\/www.france.no\/no\/author\/polecom\/"}]}},"_links":{"self":[{"href":"https:\/\/www.france.no\/no\/wp-json\/wp\/v2\/posts\/16081","targetHints":{"allow":["GET"]}}],"collection":[{"href":"https:\/\/www.france.no\/no\/wp-json\/wp\/v2\/posts"}],"about":[{"href":"https:\/\/www.france.no\/no\/wp-json\/wp\/v2\/types\/post"}],"author":[{"embeddable":true,"href":"https:\/\/www.france.no\/no\/wp-json\/wp\/v2\/users\/6"}],"replies":[{"embeddable":true,"href":"https:\/\/www.france.no\/no\/wp-json\/wp\/v2\/comments?post=16081"}],"version-history":[{"count":18,"href":"https:\/\/www.france.no\/no\/wp-json\/wp\/v2\/posts\/16081\/revisions"}],"predecessor-version":[{"id":16604,"href":"https:\/\/www.france.no\/no\/wp-json\/wp\/v2\/posts\/16081\/revisions\/16604"}],"wp:featuredmedia":[{"embeddable":true,"href":"https:\/\/www.france.no\/no\/wp-json\/wp\/v2\/media\/15998"}],"wp:attachment":[{"href":"https:\/\/www.france.no\/no\/wp-json\/wp\/v2\/media?parent=16081"}],"wp:term":[{"taxonomy":"category","embeddable":true,"href":"https:\/\/www.france.no\/no\/wp-json\/wp\/v2\/categories?post=16081"},{"taxonomy":"post_tag","embeddable":true,"href":"https:\/\/www.france.no\/no\/wp-json\/wp\/v2\/tags?post=16081"}],"curies":[{"name":"wp","href":"https:\/\/api.w.org\/{rel}","templated":true}]}}