{"id":1622,"date":"2020-11-23T00:00:00","date_gmt":"2020-11-22T23:00:00","guid":{"rendered":"https:\/\/www.france.no\/2020\/kultur\/en-virtuell-lunsj-for-a-forberede-morgendagens-mobilitet\/"},"modified":"2020-11-23T00:00:00","modified_gmt":"2020-11-22T23:00:00","slug":"en-virtuell-lunsj-for-a-forberede-morgendagens-mobilitet","status":"publish","type":"post","link":"https:\/\/www.france.no\/no\/2020\/utdanning-og-fransk-sprak\/en-virtuell-lunsj-for-a-forberede-morgendagens-mobilitet\/","title":{"rendered":"En virtuell lunsj for \u00e5 forberede morgendagens mobilitet!"},"content":{"rendered":"<p><strong>N\u00e5r?<\/strong> Torsdag 26. november 2020<\/p>\n<p><strong>Klokken?<\/strong> 11.00 til 12.30<\/p>\n<p><strong>Hvor?<\/strong> https:\/\/zoom.us\/webinar\/register\/WN_wzP6RpODR5euMBhtrY_FeQ <strong>Spr\u00e5k<\/strong>: fransk og engelsk<\/p>\n<p><strong>Deltakere<\/strong>:<\/p>\n<p><strong>Nina Handing<\/strong>, Seksjon for skole og profesjonsutvikling (SKO) i Diku<\/p>\n<p><strong>Mathilde Blondot<\/strong>, rektor i Grenoble Marlioz videreg\u00e5ende skole i Aix-les-Bains<\/p>\n<p><strong>Gjester<\/strong>:<\/p>\n<p>Alle franskel\u00e6rere p\u00e5 ungdoms- og videreg\u00e5ende skoler i Norge Ansvarlige for fremmedspr\u00e5k i fylker i Norge<\/p>\n<p>&nbsp;<\/p>\n<p><strong>HVORFOR? <\/strong><\/p>\n<p>Vi \u00f8nsker \u00e5 fremme mobilitet mellom Norge og Frankrike og utvikle internasjonalisering i skolene. Representanter fra Rogaland og Grenoble vil presentere eksisterende utvekslingprosjekter mellom deres regioner.<\/p>\n<p>I Rogaland har alle skoler der det undervises fransk en utvekslingsavtale med en fransk skole. Hva med din skole? Kom og h\u00f8r om hvordan du kan utvikle slike utvekslingsprosjekter selv!<a href=\"https:\/\/www.france.no\/wp-content\/uploads\/2022\/09\/jpf_facebook_3000x3000-2.png\"><img loading=\"lazy\" decoding=\"async\" class=\"alignnone size-full wp-image-22657\" src=\"https:\/\/www.france.no\/wp-content\/uploads\/2022\/09\/jpf_facebook_3000x3000-2.png\" alt='' width=\"3000\" height=\"3000\" \/><\/a><\/p>\n","protected":false},"excerpt":{"rendered":"<p>N\u00e5r? Torsdag 26. november 2020 Klokken? 11.00 til 12.30 Hvor? https:\/\/zoom.us\/webinar\/register\/WN_wzP6RpODR5euMBhtrY_FeQ Spr\u00e5k: fransk og engelsk Deltakere: Nina Handing, Seksjon for skole og profesjonsutvikling (SKO) i Diku Mathilde Blondot, rektor i Grenoble Marlioz videreg\u00e5ende skole i Aix-les-Bains Gjester: Alle franskel\u00e6rere p\u00e5 ungdoms- og videreg\u00e5ende skoler i Norge Ansvarlige for fremmedspr\u00e5k i fylker i Norge &nbsp; HVORFOR? [&hellip;]<\/p>\n","protected":false},"author":1,"featured_media":1623,"comment_status":"closed","ping_status":"closed","sticky":false,"template":"","format":"standard","meta":{"footnotes":""},"categories":[13],"tags":[],"class_list":["post-1622","post","type-post","status-publish","format-standard","has-post-thumbnail","hentry","category-utdanning-og-fransk-sprak"],"yoast_head":"<!-- This site is optimized with the Yoast SEO plugin v24.2 - https:\/\/yoast.com\/wordpress\/plugins\/seo\/ -->\n<title>En virtuell lunsj for \u00e5 forberede morgendagens mobilitet! - Institut fran\u00e7ais<\/title>\n<meta name=\"robots\" content=\"index, follow, max-snippet:-1, max-image-preview:large, max-video-preview:-1\" \/>\n<link rel=\"canonical\" href=\"https:\/\/www.france.no\/no\/2020\/utdanning-og-fransk-sprak\/en-virtuell-lunsj-for-a-forberede-morgendagens-mobilitet\/\" \/>\n<meta property=\"og:locale\" content=\"nb_NO\" \/>\n<meta property=\"og:type\" content=\"article\" \/>\n<meta property=\"og:title\" content=\"En virtuell lunsj for \u00e5 forberede morgendagens mobilitet! - Institut fran\u00e7ais\" \/>\n<meta property=\"og:description\" content=\"N\u00e5r? Torsdag 26. november 2020 Klokken? 11.00 til 12.30 Hvor? https:\/\/zoom.us\/webinar\/register\/WN_wzP6RpODR5euMBhtrY_FeQ Spr\u00e5k: fransk og engelsk Deltakere: Nina Handing, Seksjon for skole og profesjonsutvikling (SKO) i Diku Mathilde Blondot, rektor i Grenoble Marlioz videreg\u00e5ende skole i Aix-les-Bains Gjester: Alle franskel\u00e6rere p\u00e5 ungdoms- og videreg\u00e5ende skoler i Norge Ansvarlige for fremmedspr\u00e5k i fylker i Norge &nbsp; HVORFOR? [&hellip;]\" \/>\n<meta property=\"og:url\" content=\"https:\/\/www.france.no\/no\/2020\/utdanning-og-fransk-sprak\/en-virtuell-lunsj-for-a-forberede-morgendagens-mobilitet\/\" \/>\n<meta property=\"og:site_name\" content=\"Institut fran\u00e7ais\" \/>\n<meta property=\"article:publisher\" content=\"https:\/\/www.facebook.com\/institutfrancaisoslo\" \/>\n<meta property=\"article:published_time\" content=\"2020-11-22T23:00:00+00:00\" \/>\n<meta property=\"og:image\" content=\"https:\/\/www.france.no\/wp-content\/uploads\/2022\/09\/redigert-bilde-med-logo-og-info-1098x617.png\" \/>\n\t<meta property=\"og:image:width\" content=\"2999\" \/>\n\t<meta property=\"og:image:height\" content=\"1806\" \/>\n\t<meta property=\"og:image:type\" content=\"image\/png\" \/>\n<meta name=\"author\" content=\"admin_ifno\" \/>\n<meta name=\"twitter:card\" content=\"summary_large_image\" \/>\n<meta name=\"twitter:creator\" content=\"@ifnorvege\" \/>\n<meta name=\"twitter:site\" content=\"@ifnorvege\" \/>\n<meta name=\"twitter:label1\" content=\"Skrevet av\" \/>\n\t<meta name=\"twitter:data1\" content=\"admin_ifno\" \/>\n\t<meta name=\"twitter:label2\" content=\"Ansl. lesetid\" \/>\n\t<meta name=\"twitter:data2\" content=\"1 minutt\" \/>\n<script type=\"application\/ld+json\" class=\"yoast-schema-graph\">{\"@context\":\"https:\/\/schema.org\",\"@graph\":[{\"@type\":\"Article\",\"@id\":\"https:\/\/www.france.no\/no\/2020\/utdanning-og-fransk-sprak\/en-virtuell-lunsj-for-a-forberede-morgendagens-mobilitet\/#article\",\"isPartOf\":{\"@id\":\"https:\/\/www.france.no\/no\/2020\/utdanning-og-fransk-sprak\/en-virtuell-lunsj-for-a-forberede-morgendagens-mobilitet\/\"},\"author\":{\"name\":\"admin_ifno\",\"@id\":\"https:\/\/www.france.no\/no\/#\/schema\/person\/4fdc0b263d8f27bb00a55f55d2fa3ab0\"},\"headline\":\"En virtuell lunsj for \u00e5 forberede morgendagens mobilitet!\",\"datePublished\":\"2020-11-22T23:00:00+00:00\",\"dateModified\":\"2020-11-22T23:00:00+00:00\",\"mainEntityOfPage\":{\"@id\":\"https:\/\/www.france.no\/no\/2020\/utdanning-og-fransk-sprak\/en-virtuell-lunsj-for-a-forberede-morgendagens-mobilitet\/\"},\"wordCount\":129,\"publisher\":{\"@id\":\"https:\/\/www.france.no\/no\/#organization\"},\"image\":{\"@id\":\"https:\/\/www.france.no\/no\/2020\/utdanning-og-fransk-sprak\/en-virtuell-lunsj-for-a-forberede-morgendagens-mobilitet\/#primaryimage\"},\"thumbnailUrl\":\"https:\/\/www.france.no\/wp-content\/uploads\/2022\/09\/redigert-bilde-med-logo-og-info-1098x617.png\",\"articleSection\":[\"Utdannelse og Fransk spr\u00e5ksamarbeid\"],\"inLanguage\":\"nb-NO\"},{\"@type\":\"WebPage\",\"@id\":\"https:\/\/www.france.no\/no\/2020\/utdanning-og-fransk-sprak\/en-virtuell-lunsj-for-a-forberede-morgendagens-mobilitet\/\",\"url\":\"https:\/\/www.france.no\/no\/2020\/utdanning-og-fransk-sprak\/en-virtuell-lunsj-for-a-forberede-morgendagens-mobilitet\/\",\"name\":\"En virtuell lunsj for \u00e5 forberede morgendagens mobilitet! - Institut fran\u00e7ais\",\"isPartOf\":{\"@id\":\"https:\/\/www.france.no\/no\/#website\"},\"primaryImageOfPage\":{\"@id\":\"https:\/\/www.france.no\/no\/2020\/utdanning-og-fransk-sprak\/en-virtuell-lunsj-for-a-forberede-morgendagens-mobilitet\/#primaryimage\"},\"image\":{\"@id\":\"https:\/\/www.france.no\/no\/2020\/utdanning-og-fransk-sprak\/en-virtuell-lunsj-for-a-forberede-morgendagens-mobilitet\/#primaryimage\"},\"thumbnailUrl\":\"https:\/\/www.france.no\/wp-content\/uploads\/2022\/09\/redigert-bilde-med-logo-og-info-1098x617.png\",\"datePublished\":\"2020-11-22T23:00:00+00:00\",\"dateModified\":\"2020-11-22T23:00:00+00:00\",\"breadcrumb\":{\"@id\":\"https:\/\/www.france.no\/no\/2020\/utdanning-og-fransk-sprak\/en-virtuell-lunsj-for-a-forberede-morgendagens-mobilitet\/#breadcrumb\"},\"inLanguage\":\"nb-NO\",\"potentialAction\":[{\"@type\":\"ReadAction\",\"target\":[\"https:\/\/www.france.no\/no\/2020\/utdanning-og-fransk-sprak\/en-virtuell-lunsj-for-a-forberede-morgendagens-mobilitet\/\"]}]},{\"@type\":\"ImageObject\",\"inLanguage\":\"nb-NO\",\"@id\":\"https:\/\/www.france.no\/no\/2020\/utdanning-og-fransk-sprak\/en-virtuell-lunsj-for-a-forberede-morgendagens-mobilitet\/#primaryimage\",\"url\":\"https:\/\/www.france.no\/wp-content\/uploads\/2022\/09\/redigert-bilde-med-logo-og-info-1098x617.png\",\"contentUrl\":\"https:\/\/www.france.no\/wp-content\/uploads\/2022\/09\/redigert-bilde-med-logo-og-info-1098x617.png\",\"width\":2999,\"height\":1806},{\"@type\":\"BreadcrumbList\",\"@id\":\"https:\/\/www.france.no\/no\/2020\/utdanning-og-fransk-sprak\/en-virtuell-lunsj-for-a-forberede-morgendagens-mobilitet\/#breadcrumb\",\"itemListElement\":[{\"@type\":\"ListItem\",\"position\":1,\"name\":\"\",\"item\":\"https:\/\/www.france.no\/no\/\"},{\"@type\":\"ListItem\",\"position\":2,\"name\":\"Utdannelse og Fransk spr\u00e5ksamarbeid\",\"item\":\"https:\/\/www.france.no\/no\/category\/utdanning-og-fransk-sprak\/\"},{\"@type\":\"ListItem\",\"position\":3,\"name\":\"En virtuell lunsj for \u00e5 forberede morgendagens mobilitet!\"}]},{\"@type\":\"WebSite\",\"@id\":\"https:\/\/www.france.no\/no\/#website\",\"url\":\"https:\/\/www.france.no\/no\/\",\"name\":\"Institut fran\u00e7ais\",\"description\":\"Norv\u00e8ge\",\"publisher\":{\"@id\":\"https:\/\/www.france.no\/no\/#organization\"},\"potentialAction\":[{\"@type\":\"SearchAction\",\"target\":{\"@type\":\"EntryPoint\",\"urlTemplate\":\"https:\/\/www.france.no\/no\/?s={search_term_string}\"},\"query-input\":{\"@type\":\"PropertyValueSpecification\",\"valueRequired\":true,\"valueName\":\"search_term_string\"}}],\"inLanguage\":\"nb-NO\"},{\"@type\":\"Organization\",\"@id\":\"https:\/\/www.france.no\/no\/#organization\",\"name\":\"Institut fran\u00e7ais\",\"url\":\"https:\/\/www.france.no\/no\/\",\"logo\":{\"@type\":\"ImageObject\",\"inLanguage\":\"nb-NO\",\"@id\":\"https:\/\/www.france.no\/no\/#\/schema\/logo\/image\/\",\"url\":\"https:\/\/www.france.no\/wp-content\/uploads\/2022\/11\/IF_Logo_Sans_Bleu_RVB.png\",\"contentUrl\":\"https:\/\/www.france.no\/wp-content\/uploads\/2022\/11\/IF_Logo_Sans_Bleu_RVB.png\",\"width\":852,\"height\":591,\"caption\":\"Institut fran\u00e7ais\"},\"image\":{\"@id\":\"https:\/\/www.france.no\/no\/#\/schema\/logo\/image\/\"},\"sameAs\":[\"https:\/\/www.facebook.com\/institutfrancaisoslo\",\"https:\/\/x.com\/ifnorvege\",\"https:\/\/instagram.com\/ifnorvege\"]},{\"@type\":\"Person\",\"@id\":\"https:\/\/www.france.no\/no\/#\/schema\/person\/4fdc0b263d8f27bb00a55f55d2fa3ab0\",\"name\":\"admin_ifno\",\"image\":{\"@type\":\"ImageObject\",\"inLanguage\":\"nb-NO\",\"@id\":\"https:\/\/www.france.no\/no\/#\/schema\/person\/image\/\",\"url\":\"https:\/\/secure.gravatar.com\/avatar\/aeecc14073c842af1a783f0b881267a3?s=96&d=mm&r=g\",\"contentUrl\":\"https:\/\/secure.gravatar.com\/avatar\/aeecc14073c842af1a783f0b881267a3?s=96&d=mm&r=g\",\"caption\":\"admin_ifno\"},\"sameAs\":[\"https:\/\/www.france.no\"],\"url\":\"https:\/\/www.france.no\/no\/author\/admin_ifno\/\"}]}<\/script>\n<!-- \/ Yoast SEO plugin. -->","yoast_head_json":{"title":"En virtuell lunsj for \u00e5 forberede morgendagens mobilitet! - Institut fran\u00e7ais","robots":{"index":"index","follow":"follow","max-snippet":"max-snippet:-1","max-image-preview":"max-image-preview:large","max-video-preview":"max-video-preview:-1"},"canonical":"https:\/\/www.france.no\/no\/2020\/utdanning-og-fransk-sprak\/en-virtuell-lunsj-for-a-forberede-morgendagens-mobilitet\/","og_locale":"nb_NO","og_type":"article","og_title":"En virtuell lunsj for \u00e5 forberede morgendagens mobilitet! - Institut fran\u00e7ais","og_description":"N\u00e5r? Torsdag 26. november 2020 Klokken? 11.00 til 12.30 Hvor? https:\/\/zoom.us\/webinar\/register\/WN_wzP6RpODR5euMBhtrY_FeQ Spr\u00e5k: fransk og engelsk Deltakere: Nina Handing, Seksjon for skole og profesjonsutvikling (SKO) i Diku Mathilde Blondot, rektor i Grenoble Marlioz videreg\u00e5ende skole i Aix-les-Bains Gjester: Alle franskel\u00e6rere p\u00e5 ungdoms- og videreg\u00e5ende skoler i Norge Ansvarlige for fremmedspr\u00e5k i fylker i Norge &nbsp; HVORFOR? [&hellip;]","og_url":"https:\/\/www.france.no\/no\/2020\/utdanning-og-fransk-sprak\/en-virtuell-lunsj-for-a-forberede-morgendagens-mobilitet\/","og_site_name":"Institut fran\u00e7ais","article_publisher":"https:\/\/www.facebook.com\/institutfrancaisoslo","article_published_time":"2020-11-22T23:00:00+00:00","og_image":[{"width":2999,"height":1806,"url":"https:\/\/www.france.no\/wp-content\/uploads\/2022\/09\/redigert-bilde-med-logo-og-info-1098x617.png","type":"image\/png"}],"author":"admin_ifno","twitter_card":"summary_large_image","twitter_creator":"@ifnorvege","twitter_site":"@ifnorvege","twitter_misc":{"Skrevet av":"admin_ifno","Ansl. lesetid":"1 minutt"},"schema":{"@context":"https:\/\/schema.org","@graph":[{"@type":"Article","@id":"https:\/\/www.france.no\/no\/2020\/utdanning-og-fransk-sprak\/en-virtuell-lunsj-for-a-forberede-morgendagens-mobilitet\/#article","isPartOf":{"@id":"https:\/\/www.france.no\/no\/2020\/utdanning-og-fransk-sprak\/en-virtuell-lunsj-for-a-forberede-morgendagens-mobilitet\/"},"author":{"name":"admin_ifno","@id":"https:\/\/www.france.no\/no\/#\/schema\/person\/4fdc0b263d8f27bb00a55f55d2fa3ab0"},"headline":"En virtuell lunsj for \u00e5 forberede morgendagens mobilitet!","datePublished":"2020-11-22T23:00:00+00:00","dateModified":"2020-11-22T23:00:00+00:00","mainEntityOfPage":{"@id":"https:\/\/www.france.no\/no\/2020\/utdanning-og-fransk-sprak\/en-virtuell-lunsj-for-a-forberede-morgendagens-mobilitet\/"},"wordCount":129,"publisher":{"@id":"https:\/\/www.france.no\/no\/#organization"},"image":{"@id":"https:\/\/www.france.no\/no\/2020\/utdanning-og-fransk-sprak\/en-virtuell-lunsj-for-a-forberede-morgendagens-mobilitet\/#primaryimage"},"thumbnailUrl":"https:\/\/www.france.no\/wp-content\/uploads\/2022\/09\/redigert-bilde-med-logo-og-info-1098x617.png","articleSection":["Utdannelse og Fransk spr\u00e5ksamarbeid"],"inLanguage":"nb-NO"},{"@type":"WebPage","@id":"https:\/\/www.france.no\/no\/2020\/utdanning-og-fransk-sprak\/en-virtuell-lunsj-for-a-forberede-morgendagens-mobilitet\/","url":"https:\/\/www.france.no\/no\/2020\/utdanning-og-fransk-sprak\/en-virtuell-lunsj-for-a-forberede-morgendagens-mobilitet\/","name":"En virtuell lunsj for \u00e5 forberede morgendagens mobilitet! - Institut fran\u00e7ais","isPartOf":{"@id":"https:\/\/www.france.no\/no\/#website"},"primaryImageOfPage":{"@id":"https:\/\/www.france.no\/no\/2020\/utdanning-og-fransk-sprak\/en-virtuell-lunsj-for-a-forberede-morgendagens-mobilitet\/#primaryimage"},"image":{"@id":"https:\/\/www.france.no\/no\/2020\/utdanning-og-fransk-sprak\/en-virtuell-lunsj-for-a-forberede-morgendagens-mobilitet\/#primaryimage"},"thumbnailUrl":"https:\/\/www.france.no\/wp-content\/uploads\/2022\/09\/redigert-bilde-med-logo-og-info-1098x617.png","datePublished":"2020-11-22T23:00:00+00:00","dateModified":"2020-11-22T23:00:00+00:00","breadcrumb":{"@id":"https:\/\/www.france.no\/no\/2020\/utdanning-og-fransk-sprak\/en-virtuell-lunsj-for-a-forberede-morgendagens-mobilitet\/#breadcrumb"},"inLanguage":"nb-NO","potentialAction":[{"@type":"ReadAction","target":["https:\/\/www.france.no\/no\/2020\/utdanning-og-fransk-sprak\/en-virtuell-lunsj-for-a-forberede-morgendagens-mobilitet\/"]}]},{"@type":"ImageObject","inLanguage":"nb-NO","@id":"https:\/\/www.france.no\/no\/2020\/utdanning-og-fransk-sprak\/en-virtuell-lunsj-for-a-forberede-morgendagens-mobilitet\/#primaryimage","url":"https:\/\/www.france.no\/wp-content\/uploads\/2022\/09\/redigert-bilde-med-logo-og-info-1098x617.png","contentUrl":"https:\/\/www.france.no\/wp-content\/uploads\/2022\/09\/redigert-bilde-med-logo-og-info-1098x617.png","width":2999,"height":1806},{"@type":"BreadcrumbList","@id":"https:\/\/www.france.no\/no\/2020\/utdanning-og-fransk-sprak\/en-virtuell-lunsj-for-a-forberede-morgendagens-mobilitet\/#breadcrumb","itemListElement":[{"@type":"ListItem","position":1,"name":"","item":"https:\/\/www.france.no\/no\/"},{"@type":"ListItem","position":2,"name":"Utdannelse og Fransk spr\u00e5ksamarbeid","item":"https:\/\/www.france.no\/no\/category\/utdanning-og-fransk-sprak\/"},{"@type":"ListItem","position":3,"name":"En virtuell lunsj for \u00e5 forberede morgendagens mobilitet!"}]},{"@type":"WebSite","@id":"https:\/\/www.france.no\/no\/#website","url":"https:\/\/www.france.no\/no\/","name":"Institut fran\u00e7ais","description":"Norv\u00e8ge","publisher":{"@id":"https:\/\/www.france.no\/no\/#organization"},"potentialAction":[{"@type":"SearchAction","target":{"@type":"EntryPoint","urlTemplate":"https:\/\/www.france.no\/no\/?s={search_term_string}"},"query-input":{"@type":"PropertyValueSpecification","valueRequired":true,"valueName":"search_term_string"}}],"inLanguage":"nb-NO"},{"@type":"Organization","@id":"https:\/\/www.france.no\/no\/#organization","name":"Institut fran\u00e7ais","url":"https:\/\/www.france.no\/no\/","logo":{"@type":"ImageObject","inLanguage":"nb-NO","@id":"https:\/\/www.france.no\/no\/#\/schema\/logo\/image\/","url":"https:\/\/www.france.no\/wp-content\/uploads\/2022\/11\/IF_Logo_Sans_Bleu_RVB.png","contentUrl":"https:\/\/www.france.no\/wp-content\/uploads\/2022\/11\/IF_Logo_Sans_Bleu_RVB.png","width":852,"height":591,"caption":"Institut fran\u00e7ais"},"image":{"@id":"https:\/\/www.france.no\/no\/#\/schema\/logo\/image\/"},"sameAs":["https:\/\/www.facebook.com\/institutfrancaisoslo","https:\/\/x.com\/ifnorvege","https:\/\/instagram.com\/ifnorvege"]},{"@type":"Person","@id":"https:\/\/www.france.no\/no\/#\/schema\/person\/4fdc0b263d8f27bb00a55f55d2fa3ab0","name":"admin_ifno","image":{"@type":"ImageObject","inLanguage":"nb-NO","@id":"https:\/\/www.france.no\/no\/#\/schema\/person\/image\/","url":"https:\/\/secure.gravatar.com\/avatar\/aeecc14073c842af1a783f0b881267a3?s=96&d=mm&r=g","contentUrl":"https:\/\/secure.gravatar.com\/avatar\/aeecc14073c842af1a783f0b881267a3?s=96&d=mm&r=g","caption":"admin_ifno"},"sameAs":["https:\/\/www.france.no"],"url":"https:\/\/www.france.no\/no\/author\/admin_ifno\/"}]}},"_links":{"self":[{"href":"https:\/\/www.france.no\/no\/wp-json\/wp\/v2\/posts\/1622","targetHints":{"allow":["GET"]}}],"collection":[{"href":"https:\/\/www.france.no\/no\/wp-json\/wp\/v2\/posts"}],"about":[{"href":"https:\/\/www.france.no\/no\/wp-json\/wp\/v2\/types\/post"}],"author":[{"embeddable":true,"href":"https:\/\/www.france.no\/no\/wp-json\/wp\/v2\/users\/1"}],"replies":[{"embeddable":true,"href":"https:\/\/www.france.no\/no\/wp-json\/wp\/v2\/comments?post=1622"}],"version-history":[{"count":0,"href":"https:\/\/www.france.no\/no\/wp-json\/wp\/v2\/posts\/1622\/revisions"}],"wp:featuredmedia":[{"embeddable":true,"href":"https:\/\/www.france.no\/no\/wp-json\/wp\/v2\/media\/1623"}],"wp:attachment":[{"href":"https:\/\/www.france.no\/no\/wp-json\/wp\/v2\/media?parent=1622"}],"wp:term":[{"taxonomy":"category","embeddable":true,"href":"https:\/\/www.france.no\/no\/wp-json\/wp\/v2\/categories?post=1622"},{"taxonomy":"post_tag","embeddable":true,"href":"https:\/\/www.france.no\/no\/wp-json\/wp\/v2\/tags?post=1622"}],"curies":[{"name":"wp","href":"https:\/\/api.w.org\/{rel}","templated":true}]}}