{"id":1635,"date":"2020-12-04T00:00:00","date_gmt":"2020-12-03T23:00:00","guid":{"rendered":"https:\/\/www.france.no\/2020\/kultur\/delta-pa-fotokonkurransen-mitt-beste-minne-fra-studietiden-i-frankrike-og-vaer-med-i-trekningen-om-gavekort-pa-franskkurs-hos-kult\/"},"modified":"2020-12-04T00:00:00","modified_gmt":"2020-12-03T23:00:00","slug":"delta-pa-fotokonkurransen-mitt-beste-minne-fra-studietiden-i-frankrike-og-vaer-med-i-trekningen-om-gavekort-pa-franskkurs-hos-kult","status":"publish","type":"post","link":"https:\/\/www.france.no\/no\/2020\/utdanning-og-fransk-sprak\/delta-pa-fotokonkurransen-mitt-beste-minne-fra-studietiden-i-frankrike-og-vaer-med-i-trekningen-om-gavekort-pa-franskkurs-hos-kult\/","title":{"rendered":"Delta p\u00e5 fotokonkurransen \u201cMitt beste minne fra studietiden i Frankrike\u201d og v\u00e6r med i trekningen om gavekort p\u00e5 franskkurs hos KULT!"},"content":{"rendered":"<p style=\"text-align: center;\"><span style=\"font-size: 18pt;\"><strong>Delta p\u00e5 fotokonkurransen <\/strong><\/span><\/p>\n<p style=\"text-align: center;\"><span style=\"font-size: 18pt;\"><strong>\u201cMitt beste minne fra studietiden i Frankrike\u201d og v\u00e6r med i trekningen om gavekort p\u00e5 franskkurs hos KULT!<\/strong><\/span><\/p>\n<p><!--more--><\/p>\n<p><span style=\"font-weight: 400;\">I \u00e5r har vi i avdelingen for h\u00f8yere utdanning ved Institut fran\u00e7ais Norge gleden av \u00e5 lansere en fotokonkurranse!\u00a0<\/span><\/p>\n<p style=\"text-align: center;\"><span style=\"font-size: 14pt;\"><strong><span style=\"color: #ff0000;\"><i>\u201cMitt beste minne fra studietiden i Frankrike\u201d<\/i><\/span><\/strong><\/span><\/p>\n<p>&nbsp;<\/p>\n<p><span style=\"font-weight: 400;\">Har du tatt hele eller deler av utdanningen din ved en fransk skole eller et fransk universitet? Fortell oss om ditt beste minne fra tiden du var i Frankrike! <\/span><span style=\"text-decoration: underline;\"><span style=\"font-weight: 400;\"><u>Konkurransen vil v\u00e6re \u00e5pen mellom 18. desember og <\/u><del><u>4. januar<\/u><\/del> <strong>25 januar<\/strong><\/span><\/span><strong>\u00a0<\/strong><\/p>\n<p><span style=\"font-weight: 400;\">Prinsippet er enkelt: send oss et bilde av deg som p\u00e5 best m\u00e5te illustrerer erfaringen eller opplevelsen du \u00f8nsker \u00e5 fortelle oss om. Slipp l\u00f8s kreativiteten! Vi kommer til \u00e5 velge ut de tre bildene som vi synes er best og avsenderne av disse vinner en pris!<\/span><\/p>\n<p>&nbsp;<\/p>\n<p><strong>Prisene best\u00e5r av:\u00a0<\/strong><\/p>\n<ol>\n<li style=\"font-weight: 400;\"><span style=\"font-weight: 400;\">plass: gavekort til franskkurs ved kultursenteret KULT til en verdi av 2700 kr, en reisebag og en bagasjevekt<\/span><\/li>\n<li style=\"font-weight: 400;\"><span style=\"font-weight: 400;\">plass: en reisebag og en bagasjevekt\u00a0<\/span><\/li>\n<li style=\"font-weight: 400;\"><span style=\"font-weight: 400;\">plass: en design termoflaske og en bagasjevekt\u00a0<\/span><\/li>\n<\/ol>\n<p>&nbsp;<\/p>\n<p><span style=\"font-weight: 400;\"><strong>Hva du m\u00e5 gj\u00f8re for \u00e5 delta:<\/strong> <\/span><span style=\"font-weight: 400;\"><\/p>\n<p><\/span><\/p>\n<ol>\n<li style=\"font-weight: 400;\"><span style=\"font-weight: 400;\">\u201cLike\u201d Facebooksiden til Campus France Norv\u00e8ge (@CampusFranceNorge)<\/span><\/li>\n<li style=\"font-weight: 400;\"><span style=\"font-weight: 400;\">\u201cLike\u201d Facebooksiden til kultursenteret KULT (@KULTnorge)<\/span><\/li>\n<li style=\"font-weight: 400;\"><span style=\"font-weight: 400;\">Lese vilk\u00e5rene for konkurransen i skjemaet nedenfor\u00a0<\/span><\/li>\n<li style=\"font-weight: 400;\"><span style=\"font-weight: 400;\">Laste opp et bilde av deg innenfor tema \u201cMitt beste minne fra studietiden i Frankrike\u201d fra og med 18. desember og frem til <del>4. januar<\/del> <strong>25. januar<\/strong>\u00a02021 kl 23:59 i skjemaet nedenfor\u00a0<\/span><\/li>\n<li style=\"font-weight: 400;\"><span style=\"font-weight: 400;\">For \u00e5 delta m\u00e5 du ha tatt deler av skolegangen eller utdanningen din i Norge og ha studert i Frankrike eller v\u00e6re n\u00e5v\u00e6rende student i Frankrike (videreg\u00e5ende eller h\u00f8yere utdanning). Det er ingen \u00f8vre aldersgrense for \u00e5 delta. <\/span><span style=\"font-weight: 400;\">\n<p><\/span><\/li>\n<\/ol>\n<p><span style=\"font-weight: 400;\"><strong>Generelle vilk\u00e5r:<\/strong> <\/span><span style=\"font-weight: 400;\"><br \/>\n<\/span><span style=\"font-weight: 400;\"><br \/>\n<\/span><span style=\"font-weight: 400;\">N\u00e5r og hvordan vi k\u00e5rer vinnerne: <\/span><span style=\"font-weight: 400;\"><br \/>\n<\/span><span style=\"font-weight: 400;\"><br \/>\n<\/span><span style=\"font-weight: 400;\">Vi kommer til \u00e5 velge ut vinnerbildene mellom kvalifiserte deltakere mellom den 26. og 31. januar. Juryen vil best\u00e5 av tre representanter i avdeling for h\u00f8yere utdanning ved Institut fran\u00e7ais Norge. <\/span><span style=\"font-weight: 400;\"><br \/>\n<\/span><span style=\"font-weight: 400;\"><br \/>\n<\/span><span style=\"font-weight: 400;\">De beste bildene vil bli valgt ut ut ifra f\u00f8lgende kriterier: originalitet, bildekvalitet og hvor godt de passer til temaet for konkurransen. De 3 utvalgte bildene vil bli delt p\u00e5 sosiale mediene til Institut fran\u00e7ais Norge og kultursenteret KULT.\u00a0<\/span><\/p>\n<p><span style=\"font-weight: 400;\">Vinnerne vil bli kontaktet fra den 1. januar p\u00e5 e-post. Prisen kan hentes ved Institut fran\u00e7ais Norge etter avtale.\u00a0<\/span><\/p>\n<p><span style=\"font-weight: 400;\">Vi gj\u00f8r oppmerksom p\u00e5 at bilder som er i konflikt med gjeldende regelverk ikke vil bli tatt med i vurderingen (bilder av skadelig eller diskriminerende art eller som viser ulovlige eller farlige objekter og lignende\u2026).<\/span><\/p>\n<p><span style=\"font-weight: 400;\"> <\/span><\/p>\n<p>&nbsp;<\/p>\n<p><a href=\"https:\/\/kultnorge.no\/\"><img loading=\"lazy\" decoding=\"async\" class=\" wp-image-22744 aligncenter\" src=\"https:\/\/www.france.no\/wp-content\/uploads\/2022\/09\/logokult.jpg\" alt='' width=\"142\" height=\"221\" \/><\/a><\/p>\n","protected":false},"excerpt":{"rendered":"<p>Delta p\u00e5 fotokonkurransen \u201cMitt beste minne fra studietiden i Frankrike\u201d og v\u00e6r med i trekningen om gavekort p\u00e5 franskkurs hos KULT!<\/p>\n","protected":false},"author":1,"featured_media":1636,"comment_status":"closed","ping_status":"closed","sticky":false,"template":"","format":"standard","meta":{"footnotes":""},"categories":[13],"tags":[],"class_list":["post-1635","post","type-post","status-publish","format-standard","has-post-thumbnail","hentry","category-utdanning-og-fransk-sprak"],"yoast_head":"<!-- This site is optimized with the Yoast SEO plugin v24.2 - https:\/\/yoast.com\/wordpress\/plugins\/seo\/ -->\n<title>Delta p\u00e5 fotokonkurransen \u201cMitt beste minne fra studietiden i Frankrike\u201d og v\u00e6r med i trekningen om gavekort p\u00e5 franskkurs hos KULT! - Institut fran\u00e7ais<\/title>\n<meta name=\"robots\" content=\"index, follow, max-snippet:-1, max-image-preview:large, max-video-preview:-1\" \/>\n<link rel=\"canonical\" href=\"https:\/\/www.france.no\/no\/2020\/utdanning-og-fransk-sprak\/delta-pa-fotokonkurransen-mitt-beste-minne-fra-studietiden-i-frankrike-og-vaer-med-i-trekningen-om-gavekort-pa-franskkurs-hos-kult\/\" \/>\n<meta property=\"og:locale\" content=\"nb_NO\" \/>\n<meta property=\"og:type\" content=\"article\" \/>\n<meta property=\"og:title\" content=\"Delta p\u00e5 fotokonkurransen \u201cMitt beste minne fra studietiden i Frankrike\u201d og v\u00e6r med i trekningen om gavekort p\u00e5 franskkurs hos KULT! - Institut fran\u00e7ais\" \/>\n<meta property=\"og:description\" content=\"Delta p\u00e5 fotokonkurransen \u201cMitt beste minne fra studietiden i Frankrike\u201d og v\u00e6r med i trekningen om gavekort p\u00e5 franskkurs hos KULT!\" \/>\n<meta property=\"og:url\" content=\"https:\/\/www.france.no\/no\/2020\/utdanning-og-fransk-sprak\/delta-pa-fotokonkurransen-mitt-beste-minne-fra-studietiden-i-frankrike-og-vaer-med-i-trekningen-om-gavekort-pa-franskkurs-hos-kult\/\" \/>\n<meta property=\"og:site_name\" content=\"Institut fran\u00e7ais\" \/>\n<meta property=\"article:publisher\" content=\"https:\/\/www.facebook.com\/institutfrancaisoslo\" \/>\n<meta property=\"article:published_time\" content=\"2020-12-03T23:00:00+00:00\" \/>\n<meta property=\"og:image\" content=\"https:\/\/www.france.no\/wp-content\/uploads\/2022\/09\/photo-1.png\" \/>\n\t<meta property=\"og:image:width\" content=\"1051\" \/>\n\t<meta property=\"og:image:height\" content=\"593\" \/>\n\t<meta property=\"og:image:type\" content=\"image\/png\" \/>\n<meta name=\"author\" content=\"admin_ifno\" \/>\n<meta name=\"twitter:card\" content=\"summary_large_image\" \/>\n<meta name=\"twitter:creator\" content=\"@ifnorvege\" \/>\n<meta name=\"twitter:site\" content=\"@ifnorvege\" \/>\n<meta name=\"twitter:label1\" content=\"Skrevet av\" \/>\n\t<meta name=\"twitter:data1\" content=\"admin_ifno\" \/>\n\t<meta name=\"twitter:label2\" content=\"Ansl. lesetid\" \/>\n\t<meta name=\"twitter:data2\" content=\"2 minutter\" \/>\n<script type=\"application\/ld+json\" class=\"yoast-schema-graph\">{\"@context\":\"https:\/\/schema.org\",\"@graph\":[{\"@type\":\"Article\",\"@id\":\"https:\/\/www.france.no\/no\/2020\/utdanning-og-fransk-sprak\/delta-pa-fotokonkurransen-mitt-beste-minne-fra-studietiden-i-frankrike-og-vaer-med-i-trekningen-om-gavekort-pa-franskkurs-hos-kult\/#article\",\"isPartOf\":{\"@id\":\"https:\/\/www.france.no\/no\/2020\/utdanning-og-fransk-sprak\/delta-pa-fotokonkurransen-mitt-beste-minne-fra-studietiden-i-frankrike-og-vaer-med-i-trekningen-om-gavekort-pa-franskkurs-hos-kult\/\"},\"author\":{\"name\":\"admin_ifno\",\"@id\":\"https:\/\/www.france.no\/no\/#\/schema\/person\/4fdc0b263d8f27bb00a55f55d2fa3ab0\"},\"headline\":\"Delta p\u00e5 fotokonkurransen \u201cMitt beste minne fra studietiden i Frankrike\u201d og v\u00e6r med i trekningen om gavekort p\u00e5 franskkurs hos KULT!\",\"datePublished\":\"2020-12-03T23:00:00+00:00\",\"dateModified\":\"2020-12-03T23:00:00+00:00\",\"mainEntityOfPage\":{\"@id\":\"https:\/\/www.france.no\/no\/2020\/utdanning-og-fransk-sprak\/delta-pa-fotokonkurransen-mitt-beste-minne-fra-studietiden-i-frankrike-og-vaer-med-i-trekningen-om-gavekort-pa-franskkurs-hos-kult\/\"},\"wordCount\":435,\"publisher\":{\"@id\":\"https:\/\/www.france.no\/no\/#organization\"},\"image\":{\"@id\":\"https:\/\/www.france.no\/no\/2020\/utdanning-og-fransk-sprak\/delta-pa-fotokonkurransen-mitt-beste-minne-fra-studietiden-i-frankrike-og-vaer-med-i-trekningen-om-gavekort-pa-franskkurs-hos-kult\/#primaryimage\"},\"thumbnailUrl\":\"https:\/\/www.france.no\/wp-content\/uploads\/2022\/09\/photo-1.png\",\"articleSection\":[\"Utdannelse og Fransk spr\u00e5ksamarbeid\"],\"inLanguage\":\"nb-NO\"},{\"@type\":\"WebPage\",\"@id\":\"https:\/\/www.france.no\/no\/2020\/utdanning-og-fransk-sprak\/delta-pa-fotokonkurransen-mitt-beste-minne-fra-studietiden-i-frankrike-og-vaer-med-i-trekningen-om-gavekort-pa-franskkurs-hos-kult\/\",\"url\":\"https:\/\/www.france.no\/no\/2020\/utdanning-og-fransk-sprak\/delta-pa-fotokonkurransen-mitt-beste-minne-fra-studietiden-i-frankrike-og-vaer-med-i-trekningen-om-gavekort-pa-franskkurs-hos-kult\/\",\"name\":\"Delta p\u00e5 fotokonkurransen \u201cMitt beste minne fra studietiden i Frankrike\u201d og v\u00e6r med i trekningen om gavekort p\u00e5 franskkurs hos KULT! - Institut fran\u00e7ais\",\"isPartOf\":{\"@id\":\"https:\/\/www.france.no\/no\/#website\"},\"primaryImageOfPage\":{\"@id\":\"https:\/\/www.france.no\/no\/2020\/utdanning-og-fransk-sprak\/delta-pa-fotokonkurransen-mitt-beste-minne-fra-studietiden-i-frankrike-og-vaer-med-i-trekningen-om-gavekort-pa-franskkurs-hos-kult\/#primaryimage\"},\"image\":{\"@id\":\"https:\/\/www.france.no\/no\/2020\/utdanning-og-fransk-sprak\/delta-pa-fotokonkurransen-mitt-beste-minne-fra-studietiden-i-frankrike-og-vaer-med-i-trekningen-om-gavekort-pa-franskkurs-hos-kult\/#primaryimage\"},\"thumbnailUrl\":\"https:\/\/www.france.no\/wp-content\/uploads\/2022\/09\/photo-1.png\",\"datePublished\":\"2020-12-03T23:00:00+00:00\",\"dateModified\":\"2020-12-03T23:00:00+00:00\",\"breadcrumb\":{\"@id\":\"https:\/\/www.france.no\/no\/2020\/utdanning-og-fransk-sprak\/delta-pa-fotokonkurransen-mitt-beste-minne-fra-studietiden-i-frankrike-og-vaer-med-i-trekningen-om-gavekort-pa-franskkurs-hos-kult\/#breadcrumb\"},\"inLanguage\":\"nb-NO\",\"potentialAction\":[{\"@type\":\"ReadAction\",\"target\":[\"https:\/\/www.france.no\/no\/2020\/utdanning-og-fransk-sprak\/delta-pa-fotokonkurransen-mitt-beste-minne-fra-studietiden-i-frankrike-og-vaer-med-i-trekningen-om-gavekort-pa-franskkurs-hos-kult\/\"]}]},{\"@type\":\"ImageObject\",\"inLanguage\":\"nb-NO\",\"@id\":\"https:\/\/www.france.no\/no\/2020\/utdanning-og-fransk-sprak\/delta-pa-fotokonkurransen-mitt-beste-minne-fra-studietiden-i-frankrike-og-vaer-med-i-trekningen-om-gavekort-pa-franskkurs-hos-kult\/#primaryimage\",\"url\":\"https:\/\/www.france.no\/wp-content\/uploads\/2022\/09\/photo-1.png\",\"contentUrl\":\"https:\/\/www.france.no\/wp-content\/uploads\/2022\/09\/photo-1.png\",\"width\":1051,\"height\":593},{\"@type\":\"BreadcrumbList\",\"@id\":\"https:\/\/www.france.no\/no\/2020\/utdanning-og-fransk-sprak\/delta-pa-fotokonkurransen-mitt-beste-minne-fra-studietiden-i-frankrike-og-vaer-med-i-trekningen-om-gavekort-pa-franskkurs-hos-kult\/#breadcrumb\",\"itemListElement\":[{\"@type\":\"ListItem\",\"position\":1,\"name\":\"\",\"item\":\"https:\/\/www.france.no\/no\/\"},{\"@type\":\"ListItem\",\"position\":2,\"name\":\"Utdannelse og Fransk spr\u00e5ksamarbeid\",\"item\":\"https:\/\/www.france.no\/no\/category\/utdanning-og-fransk-sprak\/\"},{\"@type\":\"ListItem\",\"position\":3,\"name\":\"Delta p\u00e5 fotokonkurransen \u201cMitt beste minne fra studietiden i Frankrike\u201d og v\u00e6r med i trekningen om gavekort p\u00e5 franskkurs hos KULT!\"}]},{\"@type\":\"WebSite\",\"@id\":\"https:\/\/www.france.no\/no\/#website\",\"url\":\"https:\/\/www.france.no\/no\/\",\"name\":\"Institut fran\u00e7ais\",\"description\":\"Norv\u00e8ge\",\"publisher\":{\"@id\":\"https:\/\/www.france.no\/no\/#organization\"},\"potentialAction\":[{\"@type\":\"SearchAction\",\"target\":{\"@type\":\"EntryPoint\",\"urlTemplate\":\"https:\/\/www.france.no\/no\/?s={search_term_string}\"},\"query-input\":{\"@type\":\"PropertyValueSpecification\",\"valueRequired\":true,\"valueName\":\"search_term_string\"}}],\"inLanguage\":\"nb-NO\"},{\"@type\":\"Organization\",\"@id\":\"https:\/\/www.france.no\/no\/#organization\",\"name\":\"Institut fran\u00e7ais\",\"url\":\"https:\/\/www.france.no\/no\/\",\"logo\":{\"@type\":\"ImageObject\",\"inLanguage\":\"nb-NO\",\"@id\":\"https:\/\/www.france.no\/no\/#\/schema\/logo\/image\/\",\"url\":\"https:\/\/www.france.no\/wp-content\/uploads\/2022\/11\/IF_Logo_Sans_Bleu_RVB.png\",\"contentUrl\":\"https:\/\/www.france.no\/wp-content\/uploads\/2022\/11\/IF_Logo_Sans_Bleu_RVB.png\",\"width\":852,\"height\":591,\"caption\":\"Institut fran\u00e7ais\"},\"image\":{\"@id\":\"https:\/\/www.france.no\/no\/#\/schema\/logo\/image\/\"},\"sameAs\":[\"https:\/\/www.facebook.com\/institutfrancaisoslo\",\"https:\/\/x.com\/ifnorvege\",\"https:\/\/instagram.com\/ifnorvege\"]},{\"@type\":\"Person\",\"@id\":\"https:\/\/www.france.no\/no\/#\/schema\/person\/4fdc0b263d8f27bb00a55f55d2fa3ab0\",\"name\":\"admin_ifno\",\"image\":{\"@type\":\"ImageObject\",\"inLanguage\":\"nb-NO\",\"@id\":\"https:\/\/www.france.no\/no\/#\/schema\/person\/image\/\",\"url\":\"https:\/\/secure.gravatar.com\/avatar\/20f70e61054e6ae673edda3c0dc13670e46e51786443041c70a7eb2da859ae2a?s=96&d=mm&r=g\",\"contentUrl\":\"https:\/\/secure.gravatar.com\/avatar\/20f70e61054e6ae673edda3c0dc13670e46e51786443041c70a7eb2da859ae2a?s=96&d=mm&r=g\",\"caption\":\"admin_ifno\"},\"sameAs\":[\"https:\/\/www.france.no\"],\"url\":\"https:\/\/www.france.no\/no\/author\/admin_ifno\/\"}]}<\/script>\n<!-- \/ Yoast SEO plugin. -->","yoast_head_json":{"title":"Delta p\u00e5 fotokonkurransen \u201cMitt beste minne fra studietiden i Frankrike\u201d og v\u00e6r med i trekningen om gavekort p\u00e5 franskkurs hos KULT! - Institut fran\u00e7ais","robots":{"index":"index","follow":"follow","max-snippet":"max-snippet:-1","max-image-preview":"max-image-preview:large","max-video-preview":"max-video-preview:-1"},"canonical":"https:\/\/www.france.no\/no\/2020\/utdanning-og-fransk-sprak\/delta-pa-fotokonkurransen-mitt-beste-minne-fra-studietiden-i-frankrike-og-vaer-med-i-trekningen-om-gavekort-pa-franskkurs-hos-kult\/","og_locale":"nb_NO","og_type":"article","og_title":"Delta p\u00e5 fotokonkurransen \u201cMitt beste minne fra studietiden i Frankrike\u201d og v\u00e6r med i trekningen om gavekort p\u00e5 franskkurs hos KULT! - Institut fran\u00e7ais","og_description":"Delta p\u00e5 fotokonkurransen \u201cMitt beste minne fra studietiden i Frankrike\u201d og v\u00e6r med i trekningen om gavekort p\u00e5 franskkurs hos KULT!","og_url":"https:\/\/www.france.no\/no\/2020\/utdanning-og-fransk-sprak\/delta-pa-fotokonkurransen-mitt-beste-minne-fra-studietiden-i-frankrike-og-vaer-med-i-trekningen-om-gavekort-pa-franskkurs-hos-kult\/","og_site_name":"Institut fran\u00e7ais","article_publisher":"https:\/\/www.facebook.com\/institutfrancaisoslo","article_published_time":"2020-12-03T23:00:00+00:00","og_image":[{"width":1051,"height":593,"url":"https:\/\/www.france.no\/wp-content\/uploads\/2022\/09\/photo-1.png","type":"image\/png"}],"author":"admin_ifno","twitter_card":"summary_large_image","twitter_creator":"@ifnorvege","twitter_site":"@ifnorvege","twitter_misc":{"Skrevet av":"admin_ifno","Ansl. lesetid":"2 minutter"},"schema":{"@context":"https:\/\/schema.org","@graph":[{"@type":"Article","@id":"https:\/\/www.france.no\/no\/2020\/utdanning-og-fransk-sprak\/delta-pa-fotokonkurransen-mitt-beste-minne-fra-studietiden-i-frankrike-og-vaer-med-i-trekningen-om-gavekort-pa-franskkurs-hos-kult\/#article","isPartOf":{"@id":"https:\/\/www.france.no\/no\/2020\/utdanning-og-fransk-sprak\/delta-pa-fotokonkurransen-mitt-beste-minne-fra-studietiden-i-frankrike-og-vaer-med-i-trekningen-om-gavekort-pa-franskkurs-hos-kult\/"},"author":{"name":"admin_ifno","@id":"https:\/\/www.france.no\/no\/#\/schema\/person\/4fdc0b263d8f27bb00a55f55d2fa3ab0"},"headline":"Delta p\u00e5 fotokonkurransen \u201cMitt beste minne fra studietiden i Frankrike\u201d og v\u00e6r med i trekningen om gavekort p\u00e5 franskkurs hos KULT!","datePublished":"2020-12-03T23:00:00+00:00","dateModified":"2020-12-03T23:00:00+00:00","mainEntityOfPage":{"@id":"https:\/\/www.france.no\/no\/2020\/utdanning-og-fransk-sprak\/delta-pa-fotokonkurransen-mitt-beste-minne-fra-studietiden-i-frankrike-og-vaer-med-i-trekningen-om-gavekort-pa-franskkurs-hos-kult\/"},"wordCount":435,"publisher":{"@id":"https:\/\/www.france.no\/no\/#organization"},"image":{"@id":"https:\/\/www.france.no\/no\/2020\/utdanning-og-fransk-sprak\/delta-pa-fotokonkurransen-mitt-beste-minne-fra-studietiden-i-frankrike-og-vaer-med-i-trekningen-om-gavekort-pa-franskkurs-hos-kult\/#primaryimage"},"thumbnailUrl":"https:\/\/www.france.no\/wp-content\/uploads\/2022\/09\/photo-1.png","articleSection":["Utdannelse og Fransk spr\u00e5ksamarbeid"],"inLanguage":"nb-NO"},{"@type":"WebPage","@id":"https:\/\/www.france.no\/no\/2020\/utdanning-og-fransk-sprak\/delta-pa-fotokonkurransen-mitt-beste-minne-fra-studietiden-i-frankrike-og-vaer-med-i-trekningen-om-gavekort-pa-franskkurs-hos-kult\/","url":"https:\/\/www.france.no\/no\/2020\/utdanning-og-fransk-sprak\/delta-pa-fotokonkurransen-mitt-beste-minne-fra-studietiden-i-frankrike-og-vaer-med-i-trekningen-om-gavekort-pa-franskkurs-hos-kult\/","name":"Delta p\u00e5 fotokonkurransen \u201cMitt beste minne fra studietiden i Frankrike\u201d og v\u00e6r med i trekningen om gavekort p\u00e5 franskkurs hos KULT! - Institut fran\u00e7ais","isPartOf":{"@id":"https:\/\/www.france.no\/no\/#website"},"primaryImageOfPage":{"@id":"https:\/\/www.france.no\/no\/2020\/utdanning-og-fransk-sprak\/delta-pa-fotokonkurransen-mitt-beste-minne-fra-studietiden-i-frankrike-og-vaer-med-i-trekningen-om-gavekort-pa-franskkurs-hos-kult\/#primaryimage"},"image":{"@id":"https:\/\/www.france.no\/no\/2020\/utdanning-og-fransk-sprak\/delta-pa-fotokonkurransen-mitt-beste-minne-fra-studietiden-i-frankrike-og-vaer-med-i-trekningen-om-gavekort-pa-franskkurs-hos-kult\/#primaryimage"},"thumbnailUrl":"https:\/\/www.france.no\/wp-content\/uploads\/2022\/09\/photo-1.png","datePublished":"2020-12-03T23:00:00+00:00","dateModified":"2020-12-03T23:00:00+00:00","breadcrumb":{"@id":"https:\/\/www.france.no\/no\/2020\/utdanning-og-fransk-sprak\/delta-pa-fotokonkurransen-mitt-beste-minne-fra-studietiden-i-frankrike-og-vaer-med-i-trekningen-om-gavekort-pa-franskkurs-hos-kult\/#breadcrumb"},"inLanguage":"nb-NO","potentialAction":[{"@type":"ReadAction","target":["https:\/\/www.france.no\/no\/2020\/utdanning-og-fransk-sprak\/delta-pa-fotokonkurransen-mitt-beste-minne-fra-studietiden-i-frankrike-og-vaer-med-i-trekningen-om-gavekort-pa-franskkurs-hos-kult\/"]}]},{"@type":"ImageObject","inLanguage":"nb-NO","@id":"https:\/\/www.france.no\/no\/2020\/utdanning-og-fransk-sprak\/delta-pa-fotokonkurransen-mitt-beste-minne-fra-studietiden-i-frankrike-og-vaer-med-i-trekningen-om-gavekort-pa-franskkurs-hos-kult\/#primaryimage","url":"https:\/\/www.france.no\/wp-content\/uploads\/2022\/09\/photo-1.png","contentUrl":"https:\/\/www.france.no\/wp-content\/uploads\/2022\/09\/photo-1.png","width":1051,"height":593},{"@type":"BreadcrumbList","@id":"https:\/\/www.france.no\/no\/2020\/utdanning-og-fransk-sprak\/delta-pa-fotokonkurransen-mitt-beste-minne-fra-studietiden-i-frankrike-og-vaer-med-i-trekningen-om-gavekort-pa-franskkurs-hos-kult\/#breadcrumb","itemListElement":[{"@type":"ListItem","position":1,"name":"","item":"https:\/\/www.france.no\/no\/"},{"@type":"ListItem","position":2,"name":"Utdannelse og Fransk spr\u00e5ksamarbeid","item":"https:\/\/www.france.no\/no\/category\/utdanning-og-fransk-sprak\/"},{"@type":"ListItem","position":3,"name":"Delta p\u00e5 fotokonkurransen \u201cMitt beste minne fra studietiden i Frankrike\u201d og v\u00e6r med i trekningen om gavekort p\u00e5 franskkurs hos KULT!"}]},{"@type":"WebSite","@id":"https:\/\/www.france.no\/no\/#website","url":"https:\/\/www.france.no\/no\/","name":"Institut fran\u00e7ais","description":"Norv\u00e8ge","publisher":{"@id":"https:\/\/www.france.no\/no\/#organization"},"potentialAction":[{"@type":"SearchAction","target":{"@type":"EntryPoint","urlTemplate":"https:\/\/www.france.no\/no\/?s={search_term_string}"},"query-input":{"@type":"PropertyValueSpecification","valueRequired":true,"valueName":"search_term_string"}}],"inLanguage":"nb-NO"},{"@type":"Organization","@id":"https:\/\/www.france.no\/no\/#organization","name":"Institut fran\u00e7ais","url":"https:\/\/www.france.no\/no\/","logo":{"@type":"ImageObject","inLanguage":"nb-NO","@id":"https:\/\/www.france.no\/no\/#\/schema\/logo\/image\/","url":"https:\/\/www.france.no\/wp-content\/uploads\/2022\/11\/IF_Logo_Sans_Bleu_RVB.png","contentUrl":"https:\/\/www.france.no\/wp-content\/uploads\/2022\/11\/IF_Logo_Sans_Bleu_RVB.png","width":852,"height":591,"caption":"Institut fran\u00e7ais"},"image":{"@id":"https:\/\/www.france.no\/no\/#\/schema\/logo\/image\/"},"sameAs":["https:\/\/www.facebook.com\/institutfrancaisoslo","https:\/\/x.com\/ifnorvege","https:\/\/instagram.com\/ifnorvege"]},{"@type":"Person","@id":"https:\/\/www.france.no\/no\/#\/schema\/person\/4fdc0b263d8f27bb00a55f55d2fa3ab0","name":"admin_ifno","image":{"@type":"ImageObject","inLanguage":"nb-NO","@id":"https:\/\/www.france.no\/no\/#\/schema\/person\/image\/","url":"https:\/\/secure.gravatar.com\/avatar\/20f70e61054e6ae673edda3c0dc13670e46e51786443041c70a7eb2da859ae2a?s=96&d=mm&r=g","contentUrl":"https:\/\/secure.gravatar.com\/avatar\/20f70e61054e6ae673edda3c0dc13670e46e51786443041c70a7eb2da859ae2a?s=96&d=mm&r=g","caption":"admin_ifno"},"sameAs":["https:\/\/www.france.no"],"url":"https:\/\/www.france.no\/no\/author\/admin_ifno\/"}]}},"_links":{"self":[{"href":"https:\/\/www.france.no\/no\/wp-json\/wp\/v2\/posts\/1635","targetHints":{"allow":["GET"]}}],"collection":[{"href":"https:\/\/www.france.no\/no\/wp-json\/wp\/v2\/posts"}],"about":[{"href":"https:\/\/www.france.no\/no\/wp-json\/wp\/v2\/types\/post"}],"author":[{"embeddable":true,"href":"https:\/\/www.france.no\/no\/wp-json\/wp\/v2\/users\/1"}],"replies":[{"embeddable":true,"href":"https:\/\/www.france.no\/no\/wp-json\/wp\/v2\/comments?post=1635"}],"version-history":[{"count":0,"href":"https:\/\/www.france.no\/no\/wp-json\/wp\/v2\/posts\/1635\/revisions"}],"wp:featuredmedia":[{"embeddable":true,"href":"https:\/\/www.france.no\/no\/wp-json\/wp\/v2\/media\/1636"}],"wp:attachment":[{"href":"https:\/\/www.france.no\/no\/wp-json\/wp\/v2\/media?parent=1635"}],"wp:term":[{"taxonomy":"category","embeddable":true,"href":"https:\/\/www.france.no\/no\/wp-json\/wp\/v2\/categories?post=1635"},{"taxonomy":"post_tag","embeddable":true,"href":"https:\/\/www.france.no\/no\/wp-json\/wp\/v2\/tags?post=1635"}],"curies":[{"name":"wp","href":"https:\/\/api.w.org\/{rel}","templated":true}]}}