{"id":16367,"date":"2025-10-20T11:05:49","date_gmt":"2025-10-20T09:05:49","guid":{"rendered":"https:\/\/www.france.no\/?p=16367"},"modified":"2025-11-30T21:14:51","modified_gmt":"2025-11-30T20:14:51","slug":"fransk-tilstedevaerelse-pa-fredrikstad-animation-festival-2025","status":"publish","type":"post","link":"https:\/\/www.france.no\/no\/2025\/kultur\/fransk-tilstedevaerelse-pa-fredrikstad-animation-festival-2025\/","title":{"rendered":"Fransk tilstedev\u00e6relse p\u00e5 Fredrikstad Animation Festival 2025"},"content":{"rendered":"\n<p>Fransk animasjon st\u00e5r i fokus under <a href=\"https:\/\/animationfestival.no\/\" target=\"_blank\" rel=\"noreferrer noopener\">Fredrikstad Animation Festival<\/a>, som arrangeres fra 23. til 26. oktober, som en del av et styrket samarbeid mellom festivalen og Institut fran\u00e7ais de Norv\u00e8ge.<\/p>\n\n\n\n<h3 class=\"wp-block-heading\">Fransk program p\u00e5 festivalen<\/h3>\n\n\n\n<p>Spillefilmen <a href=\"https:\/\/faf2025.eventive.org\/schedule\/68d545ac13b8fde6b63aded5\" target=\"_blank\" rel=\"noreferrer noopener\"><em>Little Am\u00e9lie or the Character of Rain<\/em><\/a>, regissert av <strong>Ma\u00eflys Vallade<\/strong> og <strong>Liane-Cho Han<\/strong> og inspirert av <strong>Am\u00e9lie Nothombs<\/strong> roman <em>The Character of Rain<\/em>, vises som f\u00f8rpremiere. F\u00f8r visningen er det en <a href=\"https:\/\/faf2025.eventive.org\/schedule\/68d52aba69b3c7da0b85ed46\" target=\"_blank\" rel=\"noreferrer noopener\">masterclass med Liane-Cho Han<\/a>, hvor regiss\u00f8ren deler sine kunstneriske valg og erfaringer med \u00e5 overf\u00f8re litteratur til film.<\/p>\n\n\n\n<p>Et annet h\u00f8ydepunkt er arrangementet <a href=\"https:\/\/faf2025.eventive.org\/schedule\/68d56c09d48b33cda53e20de\" target=\"_blank\" rel=\"noreferrer noopener\">From Book to Animation<\/a>, som utforsker forbindelsen mellom litteratur og animasjon, med <strong>Jean Michel Boesch<\/strong>, regiss\u00f8r av <em>Christmas Comes to Moominvalley<\/em>, til stede. Festivalen viser ogs\u00e5 <em><a href=\"https:\/\/faf2025.eventive.org\/schedule\/68d54aa169b3c7da0b8ed4ba\" target=\"_blank\" rel=\"noreferrer noopener\">Chickenhare and the Secret of the Groundhog<\/a><\/em> av <strong>Benjamin Mousquet<\/strong>.<\/p>\n\n\n\n<p><strong>Flere&nbsp;franske&nbsp;kortfilmer&nbsp;deltar&nbsp;i&nbsp;konkurranseprogrammet:&nbsp;&nbsp;<\/strong><\/p>\n\n\n\n<p><a href=\"https:\/\/faf2025.eventive.org\/films\/68d3edee46ca2df3d2348217\" target=\"_blank\" rel=\"noreferrer noopener\"><em>The Night Boots<\/em><\/a>&nbsp;\u2014 Pierre-Luc Granjon (Frankrike)<\/p>\n\n\n\n<p><a href=\"https:\/\/faf2025.eventive.org\/films\/68d3f428ccdab9dc7955d3de\" target=\"_blank\" rel=\"noreferrer noopener\"><em>Papillon (Butterfly)<\/em><\/a>&nbsp;\u2014 Florence&nbsp;Miailhe&nbsp;(Frankrike)&nbsp;<\/p>\n\n\n\n<p><a href=\"https:\/\/faf2025.eventive.org\/films\/68c9565bb83f92b05d510e50\" target=\"_blank\" rel=\"noreferrer noopener\"><em>Hello Summer<\/em><\/a>&nbsp;\u2014 Martin Smatana &amp; Veronika Zacharov\u00e1 (samproduksjon Slovakia, Tsjekkia, Frankrike)<\/p>\n\n\n\n<p><a href=\"https:\/\/faf2025.eventive.org\/films\/68d3f4256fc5e15e69b3b6b4\" target=\"_blank\" rel=\"noreferrer noopener\"><em>Percebes<\/em><\/a>&nbsp;\u2014 Alexandra Ramires &amp; Laura Gon\u00e7alves (samproduksjon Portugal, Frankrike)<\/p>\n\n\n\n<p><a href=\"https:\/\/faf2025.eventive.org\/films\/68d3f426d237d6aa0be3a649\" target=\"_blank\" rel=\"noreferrer noopener\"><em>Playing&nbsp;God<\/em><\/a>&nbsp;\u2014 Matteo&nbsp;Burani&nbsp;(samproduksjon&nbsp;Italia, Frankrike)&nbsp;<\/p>\n\n\n\n<p><a href=\"https:\/\/faf2025.eventive.org\/films\/68d3edf4a9edcee6a8060b9c\" target=\"_blank\" rel=\"noreferrer noopener\"><em>Mealitancy<\/em><\/a>&nbsp;\u2014 Marie Royer &amp; Zinia Scorier (samproduksjon Belgia, Frankrike)<\/p>\n\n\n\n<hr class=\"wp-block-separator has-alpha-channel-opacity\"\/>\n\n\n\n<h3 class=\"wp-block-heading\"><strong>Fransk&nbsp;deltakelse&nbsp;p\u00e5&nbsp;bransjedagene<\/strong>&nbsp;<\/h3>\n\n\n\n<p>De fransk-nordiske faglige utvekslingene st\u00e5r i sentrum under festivalens bransjedager, med en stor fransk delegasjon som representerer ulike deler av animasjonsbransjen \u2013 fra produksjon og distribusjon til utdanning.<\/p>\n\n\n\n<p><a href=\"https:\/\/faf2025.eventive.org\/schedule\/68c01e9e30e85f2d586b5b89\" target=\"_blank\" rel=\"noreferrer noopener\"><strong>Edufest&nbsp;\u2013 Delphine Maury<\/strong><\/a>: Delphine Maury, produsent hos <strong>Tant Mieux Prod<\/strong>, holder et seminar for studenter.<\/p>\n\n\n\n<p><a href=\"https:\/\/faf2025.eventive.org\/schedule\/68d526902bd186f8f65aa5af\" target=\"_blank\" rel=\"noreferrer noopener\"><strong>Production Day Part I \u2013&nbsp;Thorbj\u00f8rn&nbsp;Christoffersen&nbsp;&amp; Sara&nbsp;Wikler<\/strong><\/a>:&nbsp;Sara&nbsp;Wikler, manusredakt\u00f8r,&nbsp;leder&nbsp;en praktisk&nbsp;sesjon&nbsp;om manusevaluering og hvordan man kan forutse publikumsopplevelsen.<\/p>\n\n\n\n<p><a href=\"https:\/\/faf2025.eventive.org\/schedule\/68d52626884d8b16b92bcce7\" target=\"_blank\" rel=\"noreferrer noopener\"><strong>Production Day Part II \u2013 Tant Mieux Prod &amp; St\u00e9phane&nbsp;Hochberg<\/strong><\/a>:&nbsp;Delphine Maury og produsent St\u00e9phane Hochberg deler sine produksjonsmetoder, erfaringer med internasjonal samproduksjon og finansieringsstrategier under dagen dedikert til produsenter.<\/p>\n\n\n\n<p><a href=\"https:\/\/faf2025.eventive.org\/schedule\/68d52db4d5e6e78a8d122e35\" target=\"_blank\" rel=\"noreferrer noopener\"><strong>How to&nbsp;be&nbsp;Successful&nbsp;in the Festival&nbsp;Circuit:&nbsp;Short Film<\/strong><\/a>: En strategisk workshop om distribusjon av kortfilmer p\u00e5 festivaler, med deltakelse fra franske distribut\u00f8rer og produsenter.<\/p>\n\n\n\n<p><a href=\"https:\/\/faf2025.eventive.org\/schedule\/68d52893b8a1cdf27a001f90\" target=\"_blank\" rel=\"noreferrer noopener\"><strong>Meet the International Sales<\/strong><\/a>: Panelsamtale om salgsstrategier for internasjonale markeder, med <strong>Hannah Mouchez<\/strong> fra <strong>Miam! Animation<\/strong>.<\/p>\n\n\n\n<p><a href=\"https:\/\/faf2025.eventive.org\/schedule\/68d52666884d8b16b92be4e4\" target=\"_blank\" rel=\"noreferrer noopener\"><strong>AI and Animation Symposium<\/strong><\/a>:&nbsp;En sesjon viet til bruken av kunstig intelligens i animasjon, med flere europeiske eksperter, blant annet <strong>Herinarivo Rakotomanana<\/strong>.<\/p>\n\n\n\n<hr class=\"wp-block-separator has-alpha-channel-opacity\"\/>\n\n\n\n<p><strong>Initiativet er st\u00f8ttet av Frankrikes utenriksdepartement og Institut fran\u00e7ais, som en del av strategien for \u00e5 fremme franske kulturelle og kreative n\u00e6ringer internasjonalt.&nbsp;<\/strong><\/p>\n","protected":false},"excerpt":{"rendered":"<p>Fransk animasjon st\u00e5r i fokus under Fredrikstad Animation Festival, som arrangeres fra 23. til 26. oktober, som en del av et styrket samarbeid mellom festivalen og Institut fran\u00e7ais de Norv\u00e8ge. Fransk program p\u00e5 festivalen Spillefilmen Little Am\u00e9lie or the Character of Rain, regissert av Ma\u00eflys Vallade og Liane-Cho Han og inspirert av Am\u00e9lie Nothombs roman [&hellip;]<\/p>\n","protected":false},"author":6,"featured_media":16424,"comment_status":"closed","ping_status":"closed","sticky":false,"template":"","format":"standard","meta":{"footnotes":""},"categories":[31,5],"tags":[],"class_list":["post-16367","post","type-post","status-publish","format-standard","has-post-thumbnail","hentry","category-film","category-kultur"],"yoast_head":"<!-- This site is optimized with the Yoast SEO plugin v27.3 - https:\/\/yoast.com\/product\/yoast-seo-wordpress\/ -->\n<title>Fransk tilstedev\u00e6relse p\u00e5 Fredrikstad Animation Festival 2025 - Institut fran\u00e7ais<\/title>\n<meta name=\"robots\" content=\"index, follow, max-snippet:-1, max-image-preview:large, max-video-preview:-1\" \/>\n<link rel=\"canonical\" href=\"https:\/\/www.france.no\/no\/2025\/kultur\/fransk-tilstedevaerelse-pa-fredrikstad-animation-festival-2025\/\" \/>\n<meta property=\"og:locale\" content=\"nb_NO\" \/>\n<meta property=\"og:type\" content=\"article\" \/>\n<meta property=\"og:title\" content=\"Fransk tilstedev\u00e6relse p\u00e5 Fredrikstad Animation Festival 2025 - Institut fran\u00e7ais\" \/>\n<meta property=\"og:description\" content=\"Fransk animasjon st\u00e5r i fokus under Fredrikstad Animation Festival, som arrangeres fra 23. til 26. oktober, som en del av et styrket samarbeid mellom festivalen og Institut fran\u00e7ais de Norv\u00e8ge. Fransk program p\u00e5 festivalen Spillefilmen Little Am\u00e9lie or the Character of Rain, regissert av Ma\u00eflys Vallade og Liane-Cho Han og inspirert av Am\u00e9lie Nothombs roman [&hellip;]\" \/>\n<meta property=\"og:url\" content=\"https:\/\/www.france.no\/no\/2025\/kultur\/fransk-tilstedevaerelse-pa-fredrikstad-animation-festival-2025\/\" \/>\n<meta property=\"og:site_name\" content=\"Institut fran\u00e7ais\" \/>\n<meta property=\"article:publisher\" content=\"https:\/\/www.facebook.com\/institutfrancaisoslo\" \/>\n<meta property=\"article:published_time\" content=\"2025-10-20T09:05:49+00:00\" \/>\n<meta property=\"article:modified_time\" content=\"2025-11-30T20:14:51+00:00\" \/>\n<meta property=\"og:image\" content=\"https:\/\/www.france.no\/wp-content\/uploads\/2025\/10\/thumbnail_faf25-generalFestivalScreen-1-1098x617.jpg\" \/>\n\t<meta property=\"og:image:width\" content=\"1920\" \/>\n\t<meta property=\"og:image:height\" content=\"1080\" \/>\n\t<meta property=\"og:image:type\" content=\"image\/jpeg\" \/>\n<meta name=\"author\" content=\"P\u00f4le Communication\" \/>\n<meta name=\"twitter:card\" content=\"summary_large_image\" \/>\n<meta name=\"twitter:creator\" content=\"@ifnorvege\" \/>\n<meta name=\"twitter:site\" content=\"@ifnorvege\" \/>\n<meta name=\"twitter:label1\" content=\"Skrevet av\" \/>\n\t<meta name=\"twitter:data1\" content=\"P\u00f4le Communication\" \/>\n\t<meta name=\"twitter:label2\" content=\"Ansl. lesetid\" \/>\n\t<meta name=\"twitter:data2\" content=\"3 minutter\" \/>\n<script type=\"application\/ld+json\" class=\"yoast-schema-graph\">{\"@context\":\"https:\\\/\\\/schema.org\",\"@graph\":[{\"@type\":\"Article\",\"@id\":\"https:\\\/\\\/www.france.no\\\/no\\\/2025\\\/kultur\\\/fransk-tilstedevaerelse-pa-fredrikstad-animation-festival-2025\\\/#article\",\"isPartOf\":{\"@id\":\"https:\\\/\\\/www.france.no\\\/no\\\/2025\\\/kultur\\\/fransk-tilstedevaerelse-pa-fredrikstad-animation-festival-2025\\\/\"},\"author\":{\"name\":\"P\u00f4le Communication\",\"@id\":\"https:\\\/\\\/www.france.no\\\/no\\\/#\\\/schema\\\/person\\\/e911222e8703f294589a6d80b1c16f97\"},\"headline\":\"Fransk tilstedev\u00e6relse p\u00e5 Fredrikstad Animation Festival 2025\",\"datePublished\":\"2025-10-20T09:05:49+00:00\",\"dateModified\":\"2025-11-30T20:14:51+00:00\",\"mainEntityOfPage\":{\"@id\":\"https:\\\/\\\/www.france.no\\\/no\\\/2025\\\/kultur\\\/fransk-tilstedevaerelse-pa-fredrikstad-animation-festival-2025\\\/\"},\"wordCount\":436,\"publisher\":{\"@id\":\"https:\\\/\\\/www.france.no\\\/no\\\/#organization\"},\"image\":{\"@id\":\"https:\\\/\\\/www.france.no\\\/no\\\/2025\\\/kultur\\\/fransk-tilstedevaerelse-pa-fredrikstad-animation-festival-2025\\\/#primaryimage\"},\"thumbnailUrl\":\"https:\\\/\\\/www.france.no\\\/wp-content\\\/uploads\\\/2025\\\/10\\\/thumbnail_faf25-generalFestivalScreen-1-1098x617.jpg\",\"articleSection\":[\"Film\",\"Kultur\"],\"inLanguage\":\"nb-NO\"},{\"@type\":\"WebPage\",\"@id\":\"https:\\\/\\\/www.france.no\\\/no\\\/2025\\\/kultur\\\/fransk-tilstedevaerelse-pa-fredrikstad-animation-festival-2025\\\/\",\"url\":\"https:\\\/\\\/www.france.no\\\/no\\\/2025\\\/kultur\\\/fransk-tilstedevaerelse-pa-fredrikstad-animation-festival-2025\\\/\",\"name\":\"Fransk tilstedev\u00e6relse p\u00e5 Fredrikstad Animation Festival 2025 - Institut fran\u00e7ais\",\"isPartOf\":{\"@id\":\"https:\\\/\\\/www.france.no\\\/no\\\/#website\"},\"primaryImageOfPage\":{\"@id\":\"https:\\\/\\\/www.france.no\\\/no\\\/2025\\\/kultur\\\/fransk-tilstedevaerelse-pa-fredrikstad-animation-festival-2025\\\/#primaryimage\"},\"image\":{\"@id\":\"https:\\\/\\\/www.france.no\\\/no\\\/2025\\\/kultur\\\/fransk-tilstedevaerelse-pa-fredrikstad-animation-festival-2025\\\/#primaryimage\"},\"thumbnailUrl\":\"https:\\\/\\\/www.france.no\\\/wp-content\\\/uploads\\\/2025\\\/10\\\/thumbnail_faf25-generalFestivalScreen-1-1098x617.jpg\",\"datePublished\":\"2025-10-20T09:05:49+00:00\",\"dateModified\":\"2025-11-30T20:14:51+00:00\",\"breadcrumb\":{\"@id\":\"https:\\\/\\\/www.france.no\\\/no\\\/2025\\\/kultur\\\/fransk-tilstedevaerelse-pa-fredrikstad-animation-festival-2025\\\/#breadcrumb\"},\"inLanguage\":\"nb-NO\",\"potentialAction\":[{\"@type\":\"ReadAction\",\"target\":[\"https:\\\/\\\/www.france.no\\\/no\\\/2025\\\/kultur\\\/fransk-tilstedevaerelse-pa-fredrikstad-animation-festival-2025\\\/\"]}]},{\"@type\":\"ImageObject\",\"inLanguage\":\"nb-NO\",\"@id\":\"https:\\\/\\\/www.france.no\\\/no\\\/2025\\\/kultur\\\/fransk-tilstedevaerelse-pa-fredrikstad-animation-festival-2025\\\/#primaryimage\",\"url\":\"https:\\\/\\\/www.france.no\\\/wp-content\\\/uploads\\\/2025\\\/10\\\/thumbnail_faf25-generalFestivalScreen-1-1098x617.jpg\",\"contentUrl\":\"https:\\\/\\\/www.france.no\\\/wp-content\\\/uploads\\\/2025\\\/10\\\/thumbnail_faf25-generalFestivalScreen-1-1098x617.jpg\",\"width\":1920,\"height\":1080},{\"@type\":\"BreadcrumbList\",\"@id\":\"https:\\\/\\\/www.france.no\\\/no\\\/2025\\\/kultur\\\/fransk-tilstedevaerelse-pa-fredrikstad-animation-festival-2025\\\/#breadcrumb\",\"itemListElement\":[{\"@type\":\"ListItem\",\"position\":1,\"name\":\"\",\"item\":\"https:\\\/\\\/www.france.no\\\/no\\\/\"},{\"@type\":\"ListItem\",\"position\":2,\"name\":\"Fransk tilstedev\u00e6relse p\u00e5 Fredrikstad Animation Festival 2025\"}]},{\"@type\":\"WebSite\",\"@id\":\"https:\\\/\\\/www.france.no\\\/no\\\/#website\",\"url\":\"https:\\\/\\\/www.france.no\\\/no\\\/\",\"name\":\"Institut fran\u00e7ais\",\"description\":\"Norv\u00e8ge\",\"publisher\":{\"@id\":\"https:\\\/\\\/www.france.no\\\/no\\\/#organization\"},\"potentialAction\":[{\"@type\":\"SearchAction\",\"target\":{\"@type\":\"EntryPoint\",\"urlTemplate\":\"https:\\\/\\\/www.france.no\\\/no\\\/?s={search_term_string}\"},\"query-input\":{\"@type\":\"PropertyValueSpecification\",\"valueRequired\":true,\"valueName\":\"search_term_string\"}}],\"inLanguage\":\"nb-NO\"},{\"@type\":\"Organization\",\"@id\":\"https:\\\/\\\/www.france.no\\\/no\\\/#organization\",\"name\":\"Institut fran\u00e7ais\",\"url\":\"https:\\\/\\\/www.france.no\\\/no\\\/\",\"logo\":{\"@type\":\"ImageObject\",\"inLanguage\":\"nb-NO\",\"@id\":\"https:\\\/\\\/www.france.no\\\/no\\\/#\\\/schema\\\/logo\\\/image\\\/\",\"url\":\"https:\\\/\\\/www.france.no\\\/wp-content\\\/uploads\\\/2022\\\/11\\\/IF_Logo_Sans_Bleu_RVB.png\",\"contentUrl\":\"https:\\\/\\\/www.france.no\\\/wp-content\\\/uploads\\\/2022\\\/11\\\/IF_Logo_Sans_Bleu_RVB.png\",\"width\":852,\"height\":591,\"caption\":\"Institut fran\u00e7ais\"},\"image\":{\"@id\":\"https:\\\/\\\/www.france.no\\\/no\\\/#\\\/schema\\\/logo\\\/image\\\/\"},\"sameAs\":[\"https:\\\/\\\/www.facebook.com\\\/institutfrancaisoslo\",\"https:\\\/\\\/x.com\\\/ifnorvege\",\"https:\\\/\\\/instagram.com\\\/ifnorvege\"]},{\"@type\":\"Person\",\"@id\":\"https:\\\/\\\/www.france.no\\\/no\\\/#\\\/schema\\\/person\\\/e911222e8703f294589a6d80b1c16f97\",\"name\":\"P\u00f4le Communication\",\"image\":{\"@type\":\"ImageObject\",\"inLanguage\":\"nb-NO\",\"@id\":\"https:\\\/\\\/secure.gravatar.com\\\/avatar\\\/20ae085a8b5fd613a02d28588389144802d3ba9408c852b2c6c7c4b17cc39660?s=96&d=mm&r=g\",\"url\":\"https:\\\/\\\/secure.gravatar.com\\\/avatar\\\/20ae085a8b5fd613a02d28588389144802d3ba9408c852b2c6c7c4b17cc39660?s=96&d=mm&r=g\",\"contentUrl\":\"https:\\\/\\\/secure.gravatar.com\\\/avatar\\\/20ae085a8b5fd613a02d28588389144802d3ba9408c852b2c6c7c4b17cc39660?s=96&d=mm&r=g\",\"caption\":\"P\u00f4le Communication\"},\"url\":\"https:\\\/\\\/www.france.no\\\/no\\\/author\\\/polecom\\\/\"}]}<\/script>\n<!-- \/ Yoast SEO plugin. -->","yoast_head_json":{"title":"Fransk tilstedev\u00e6relse p\u00e5 Fredrikstad Animation Festival 2025 - Institut fran\u00e7ais","robots":{"index":"index","follow":"follow","max-snippet":"max-snippet:-1","max-image-preview":"max-image-preview:large","max-video-preview":"max-video-preview:-1"},"canonical":"https:\/\/www.france.no\/no\/2025\/kultur\/fransk-tilstedevaerelse-pa-fredrikstad-animation-festival-2025\/","og_locale":"nb_NO","og_type":"article","og_title":"Fransk tilstedev\u00e6relse p\u00e5 Fredrikstad Animation Festival 2025 - Institut fran\u00e7ais","og_description":"Fransk animasjon st\u00e5r i fokus under Fredrikstad Animation Festival, som arrangeres fra 23. til 26. oktober, som en del av et styrket samarbeid mellom festivalen og Institut fran\u00e7ais de Norv\u00e8ge. Fransk program p\u00e5 festivalen Spillefilmen Little Am\u00e9lie or the Character of Rain, regissert av Ma\u00eflys Vallade og Liane-Cho Han og inspirert av Am\u00e9lie Nothombs roman [&hellip;]","og_url":"https:\/\/www.france.no\/no\/2025\/kultur\/fransk-tilstedevaerelse-pa-fredrikstad-animation-festival-2025\/","og_site_name":"Institut fran\u00e7ais","article_publisher":"https:\/\/www.facebook.com\/institutfrancaisoslo","article_published_time":"2025-10-20T09:05:49+00:00","article_modified_time":"2025-11-30T20:14:51+00:00","og_image":[{"width":1920,"height":1080,"url":"https:\/\/www.france.no\/wp-content\/uploads\/2025\/10\/thumbnail_faf25-generalFestivalScreen-1-1098x617.jpg","type":"image\/jpeg"}],"author":"P\u00f4le Communication","twitter_card":"summary_large_image","twitter_creator":"@ifnorvege","twitter_site":"@ifnorvege","twitter_misc":{"Skrevet av":"P\u00f4le Communication","Ansl. lesetid":"3 minutter"},"schema":{"@context":"https:\/\/schema.org","@graph":[{"@type":"Article","@id":"https:\/\/www.france.no\/no\/2025\/kultur\/fransk-tilstedevaerelse-pa-fredrikstad-animation-festival-2025\/#article","isPartOf":{"@id":"https:\/\/www.france.no\/no\/2025\/kultur\/fransk-tilstedevaerelse-pa-fredrikstad-animation-festival-2025\/"},"author":{"name":"P\u00f4le Communication","@id":"https:\/\/www.france.no\/no\/#\/schema\/person\/e911222e8703f294589a6d80b1c16f97"},"headline":"Fransk tilstedev\u00e6relse p\u00e5 Fredrikstad Animation Festival 2025","datePublished":"2025-10-20T09:05:49+00:00","dateModified":"2025-11-30T20:14:51+00:00","mainEntityOfPage":{"@id":"https:\/\/www.france.no\/no\/2025\/kultur\/fransk-tilstedevaerelse-pa-fredrikstad-animation-festival-2025\/"},"wordCount":436,"publisher":{"@id":"https:\/\/www.france.no\/no\/#organization"},"image":{"@id":"https:\/\/www.france.no\/no\/2025\/kultur\/fransk-tilstedevaerelse-pa-fredrikstad-animation-festival-2025\/#primaryimage"},"thumbnailUrl":"https:\/\/www.france.no\/wp-content\/uploads\/2025\/10\/thumbnail_faf25-generalFestivalScreen-1-1098x617.jpg","articleSection":["Film","Kultur"],"inLanguage":"nb-NO"},{"@type":"WebPage","@id":"https:\/\/www.france.no\/no\/2025\/kultur\/fransk-tilstedevaerelse-pa-fredrikstad-animation-festival-2025\/","url":"https:\/\/www.france.no\/no\/2025\/kultur\/fransk-tilstedevaerelse-pa-fredrikstad-animation-festival-2025\/","name":"Fransk tilstedev\u00e6relse p\u00e5 Fredrikstad Animation Festival 2025 - Institut fran\u00e7ais","isPartOf":{"@id":"https:\/\/www.france.no\/no\/#website"},"primaryImageOfPage":{"@id":"https:\/\/www.france.no\/no\/2025\/kultur\/fransk-tilstedevaerelse-pa-fredrikstad-animation-festival-2025\/#primaryimage"},"image":{"@id":"https:\/\/www.france.no\/no\/2025\/kultur\/fransk-tilstedevaerelse-pa-fredrikstad-animation-festival-2025\/#primaryimage"},"thumbnailUrl":"https:\/\/www.france.no\/wp-content\/uploads\/2025\/10\/thumbnail_faf25-generalFestivalScreen-1-1098x617.jpg","datePublished":"2025-10-20T09:05:49+00:00","dateModified":"2025-11-30T20:14:51+00:00","breadcrumb":{"@id":"https:\/\/www.france.no\/no\/2025\/kultur\/fransk-tilstedevaerelse-pa-fredrikstad-animation-festival-2025\/#breadcrumb"},"inLanguage":"nb-NO","potentialAction":[{"@type":"ReadAction","target":["https:\/\/www.france.no\/no\/2025\/kultur\/fransk-tilstedevaerelse-pa-fredrikstad-animation-festival-2025\/"]}]},{"@type":"ImageObject","inLanguage":"nb-NO","@id":"https:\/\/www.france.no\/no\/2025\/kultur\/fransk-tilstedevaerelse-pa-fredrikstad-animation-festival-2025\/#primaryimage","url":"https:\/\/www.france.no\/wp-content\/uploads\/2025\/10\/thumbnail_faf25-generalFestivalScreen-1-1098x617.jpg","contentUrl":"https:\/\/www.france.no\/wp-content\/uploads\/2025\/10\/thumbnail_faf25-generalFestivalScreen-1-1098x617.jpg","width":1920,"height":1080},{"@type":"BreadcrumbList","@id":"https:\/\/www.france.no\/no\/2025\/kultur\/fransk-tilstedevaerelse-pa-fredrikstad-animation-festival-2025\/#breadcrumb","itemListElement":[{"@type":"ListItem","position":1,"name":"","item":"https:\/\/www.france.no\/no\/"},{"@type":"ListItem","position":2,"name":"Fransk tilstedev\u00e6relse p\u00e5 Fredrikstad Animation Festival 2025"}]},{"@type":"WebSite","@id":"https:\/\/www.france.no\/no\/#website","url":"https:\/\/www.france.no\/no\/","name":"Institut fran\u00e7ais","description":"Norv\u00e8ge","publisher":{"@id":"https:\/\/www.france.no\/no\/#organization"},"potentialAction":[{"@type":"SearchAction","target":{"@type":"EntryPoint","urlTemplate":"https:\/\/www.france.no\/no\/?s={search_term_string}"},"query-input":{"@type":"PropertyValueSpecification","valueRequired":true,"valueName":"search_term_string"}}],"inLanguage":"nb-NO"},{"@type":"Organization","@id":"https:\/\/www.france.no\/no\/#organization","name":"Institut fran\u00e7ais","url":"https:\/\/www.france.no\/no\/","logo":{"@type":"ImageObject","inLanguage":"nb-NO","@id":"https:\/\/www.france.no\/no\/#\/schema\/logo\/image\/","url":"https:\/\/www.france.no\/wp-content\/uploads\/2022\/11\/IF_Logo_Sans_Bleu_RVB.png","contentUrl":"https:\/\/www.france.no\/wp-content\/uploads\/2022\/11\/IF_Logo_Sans_Bleu_RVB.png","width":852,"height":591,"caption":"Institut fran\u00e7ais"},"image":{"@id":"https:\/\/www.france.no\/no\/#\/schema\/logo\/image\/"},"sameAs":["https:\/\/www.facebook.com\/institutfrancaisoslo","https:\/\/x.com\/ifnorvege","https:\/\/instagram.com\/ifnorvege"]},{"@type":"Person","@id":"https:\/\/www.france.no\/no\/#\/schema\/person\/e911222e8703f294589a6d80b1c16f97","name":"P\u00f4le Communication","image":{"@type":"ImageObject","inLanguage":"nb-NO","@id":"https:\/\/secure.gravatar.com\/avatar\/20ae085a8b5fd613a02d28588389144802d3ba9408c852b2c6c7c4b17cc39660?s=96&d=mm&r=g","url":"https:\/\/secure.gravatar.com\/avatar\/20ae085a8b5fd613a02d28588389144802d3ba9408c852b2c6c7c4b17cc39660?s=96&d=mm&r=g","contentUrl":"https:\/\/secure.gravatar.com\/avatar\/20ae085a8b5fd613a02d28588389144802d3ba9408c852b2c6c7c4b17cc39660?s=96&d=mm&r=g","caption":"P\u00f4le Communication"},"url":"https:\/\/www.france.no\/no\/author\/polecom\/"}]}},"_links":{"self":[{"href":"https:\/\/www.france.no\/no\/wp-json\/wp\/v2\/posts\/16367","targetHints":{"allow":["GET"]}}],"collection":[{"href":"https:\/\/www.france.no\/no\/wp-json\/wp\/v2\/posts"}],"about":[{"href":"https:\/\/www.france.no\/no\/wp-json\/wp\/v2\/types\/post"}],"author":[{"embeddable":true,"href":"https:\/\/www.france.no\/no\/wp-json\/wp\/v2\/users\/6"}],"replies":[{"embeddable":true,"href":"https:\/\/www.france.no\/no\/wp-json\/wp\/v2\/comments?post=16367"}],"version-history":[{"count":4,"href":"https:\/\/www.france.no\/no\/wp-json\/wp\/v2\/posts\/16367\/revisions"}],"predecessor-version":[{"id":16400,"href":"https:\/\/www.france.no\/no\/wp-json\/wp\/v2\/posts\/16367\/revisions\/16400"}],"wp:featuredmedia":[{"embeddable":true,"href":"https:\/\/www.france.no\/no\/wp-json\/wp\/v2\/media\/16424"}],"wp:attachment":[{"href":"https:\/\/www.france.no\/no\/wp-json\/wp\/v2\/media?parent=16367"}],"wp:term":[{"taxonomy":"category","embeddable":true,"href":"https:\/\/www.france.no\/no\/wp-json\/wp\/v2\/categories?post=16367"},{"taxonomy":"post_tag","embeddable":true,"href":"https:\/\/www.france.no\/no\/wp-json\/wp\/v2\/tags?post=16367"}],"curies":[{"name":"wp","href":"https:\/\/api.w.org\/{rel}","templated":true}]}}