{"id":16511,"date":"2025-10-27T14:48:38","date_gmt":"2025-10-27T13:48:38","guid":{"rendered":"https:\/\/www.france.no\/?p=16511"},"modified":"2025-12-05T08:57:38","modified_gmt":"2025-12-05T07:57:38","slug":"webinar-studere-management-og-business-i-frankrike","status":"publish","type":"post","link":"https:\/\/www.france.no\/no\/2025\/universitetene\/webinar-studere-management-og-business-i-frankrike\/","title":{"rendered":"Webinar: Studere management og business i Frankrike!"},"content":{"rendered":"\n<p><strong>Er du nysgjerrig p\u00e5 en karriere innen management, business eller markedsf\u00f8ring?<\/strong><\/p>\n\n\n\n<p><strong>Da b\u00f8r du bli med p\u00e5 v\u00e5rt webinar om IAE University Schools of Management i Frankrike!<\/strong><\/p>\n\n\n\n<p>Den 3. november klokken 17:00 inviterer vi til et inspirerende digitalt m\u00f8te der du f\u00e5r vite alt om utdanningsmuligheter ved IAE-skoler, hvordan du s\u00f8ker og hvordan studentlivet i Frankrike faktisk er. I tillegg har vi invitert nordiske alumner til \u00e5 dele sine erfaringer og tips.<\/p>\n\n\n\n<div class=\"wp-block-media-text is-stacked-on-mobile\"><figure class=\"wp-block-media-text__media\"><img loading=\"lazy\" decoding=\"async\" width=\"819\" height=\"1024\" src=\"https:\/\/www.france.no\/wp-content\/uploads\/2025\/10\/Webinar-University-Schools-of-Management-in-France-2-819x1024.png\" alt=\"\" class=\"wp-image-16517 size-full\" srcset=\"https:\/\/www.france.no\/wp-content\/uploads\/2025\/10\/Webinar-University-Schools-of-Management-in-France-2-819x1024.png 819w, https:\/\/www.france.no\/wp-content\/uploads\/2025\/10\/Webinar-University-Schools-of-Management-in-France-2-240x300.png 240w, https:\/\/www.france.no\/wp-content\/uploads\/2025\/10\/Webinar-University-Schools-of-Management-in-France-2-768x960.png 768w, https:\/\/www.france.no\/wp-content\/uploads\/2025\/10\/Webinar-University-Schools-of-Management-in-France-2.png 1080w\" sizes=\"auto, (max-width: 819px) 100vw, 819px\" \/><\/figure><div class=\"wp-block-media-text__content\">\n<p class=\"has-larger-font-size\"><strong>Program:<\/strong><\/p>\n\n\n\n<p><strong>Presentasjon av IAE-nettverket og utdanningstilbud<\/strong><br>med&nbsp;<em>Eric Hertzler<\/em>, ansvarlig for internasjonale relasjoner i IAE France.<\/p>\n\n\n\n<p><strong>Samtale med nordiske alumner<br><\/strong>Hvordan er det \u00e5 studere og leve i Frankrike?<\/p>\n\n\n\n<p><strong>Q&amp;A &#8211; Sp\u00f8rsm\u00e5lsrunde<br><\/strong>Still sp\u00f8rsm\u00e5l direkte til v\u00e5re eksperter og alumner!<\/p>\n<\/div><\/div>\n\n\n\n<h5 class=\"wp-block-heading\"><strong>Hvorfor velge en IAE-skole?<\/strong><\/h5>\n\n\n\n<p>IAE er et nettverk av 39 universitetsskoler i Frankrike som tilbyr et bredt utvalg av master- og doktorgrader, b\u00e5de p\u00e5 fransk og engelsk.<\/p>\n\n\n\n<h5 class=\"wp-block-heading\"><strong>Som IAE-student f\u00e5r du<\/strong><\/h5>\n\n\n\n<ul class=\"wp-block-list\">\n<li>En utdanning av h\u00f8y kvalitet til en betydelig lavere pris enn private businesskoler.<\/li>\n\n\n\n<li>Muligheten til \u00e5 bo i Frankrike, l\u00e6re deg fransk og skaffe deg et internasjonalt nettverk.<\/li>\n\n\n\n<li>En unik sjanse til \u00e5 kombinere utdanning p\u00e5 h\u00f8yt akademisk niv\u00e5 med kulturelle og profesjonelle muligheter.<\/li>\n<\/ul>\n\n\n\n<p class=\"has-subtle-background-background-color has-background\"><strong>Tid:<\/strong>&nbsp;3. november klokken 17:00<br><strong>Sted:<\/strong>&nbsp;Digitalt via Teams<\/p>\n\n\n\n<div class=\"wp-block-buttons is-layout-flex wp-block-buttons-is-layout-flex\">\n<div class=\"wp-block-button\"><a class=\"wp-block-button__link wp-element-button\" href=\"https:\/\/ifsuede.wufoo.com\/forms\/qypibx01i4cuw6\/\" target=\"_blank\" rel=\"noreferrer noopener\">Klikk her for p\u00e5melding!<\/a><\/div>\n<\/div>\n\n\n\n<p><\/p>\n","protected":false},"excerpt":{"rendered":"<p>Er du nysgjerrig p\u00e5 en karriere innen management, business eller markedsf\u00f8ring? Da b\u00f8r du bli med p\u00e5 v\u00e5rt webinar om IAE University Schools of Management i Frankrike! Den 3. november klokken 17:00 inviterer vi til et inspirerende digitalt m\u00f8te der du f\u00e5r vite alt om utdanningsmuligheter ved IAE-skoler, hvordan du s\u00f8ker og hvordan studentlivet i [&hellip;]<\/p>\n","protected":false},"author":6,"featured_media":16523,"comment_status":"closed","ping_status":"open","sticky":false,"template":"","format":"standard","meta":{"footnotes":""},"categories":[15],"tags":[],"class_list":["post-16511","post","type-post","status-publish","format-standard","has-post-thumbnail","hentry","category-universitetene"],"yoast_head":"<!-- This site is optimized with the Yoast SEO plugin v24.2 - https:\/\/yoast.com\/wordpress\/plugins\/seo\/ -->\n<title>Webinar: Studere management og business i Frankrike! - Institut fran\u00e7ais<\/title>\n<meta name=\"robots\" content=\"index, follow, max-snippet:-1, max-image-preview:large, max-video-preview:-1\" \/>\n<link rel=\"canonical\" href=\"https:\/\/www.france.no\/no\/2025\/universitetene\/webinar-studere-management-og-business-i-frankrike\/\" \/>\n<meta property=\"og:locale\" content=\"nb_NO\" \/>\n<meta property=\"og:type\" content=\"article\" \/>\n<meta property=\"og:title\" content=\"Webinar: Studere management og business i Frankrike! - Institut fran\u00e7ais\" \/>\n<meta property=\"og:description\" content=\"Er du nysgjerrig p\u00e5 en karriere innen management, business eller markedsf\u00f8ring? Da b\u00f8r du bli med p\u00e5 v\u00e5rt webinar om IAE University Schools of Management i Frankrike! Den 3. november klokken 17:00 inviterer vi til et inspirerende digitalt m\u00f8te der du f\u00e5r vite alt om utdanningsmuligheter ved IAE-skoler, hvordan du s\u00f8ker og hvordan studentlivet i [&hellip;]\" \/>\n<meta property=\"og:url\" content=\"https:\/\/www.france.no\/no\/2025\/universitetene\/webinar-studere-management-og-business-i-frankrike\/\" \/>\n<meta property=\"og:site_name\" content=\"Institut fran\u00e7ais\" \/>\n<meta property=\"article:publisher\" content=\"https:\/\/www.facebook.com\/institutfrancaisoslo\" \/>\n<meta property=\"article:published_time\" content=\"2025-10-27T13:48:38+00:00\" \/>\n<meta property=\"article:modified_time\" content=\"2025-12-05T07:57:38+00:00\" \/>\n<meta property=\"og:image\" content=\"https:\/\/www.france.no\/wp-content\/uploads\/2025\/10\/Webinar-campus-france-1098x617.png\" \/>\n\t<meta property=\"og:image:width\" content=\"1920\" \/>\n\t<meta property=\"og:image:height\" content=\"1080\" \/>\n\t<meta property=\"og:image:type\" content=\"image\/png\" \/>\n<meta name=\"author\" content=\"P\u00f4le Communication\" \/>\n<meta name=\"twitter:card\" content=\"summary_large_image\" \/>\n<meta name=\"twitter:creator\" content=\"@ifnorvege\" \/>\n<meta name=\"twitter:site\" content=\"@ifnorvege\" \/>\n<meta name=\"twitter:label1\" content=\"Skrevet av\" \/>\n\t<meta name=\"twitter:data1\" content=\"P\u00f4le Communication\" \/>\n\t<meta name=\"twitter:label2\" content=\"Ansl. lesetid\" \/>\n\t<meta name=\"twitter:data2\" content=\"2 minutter\" \/>\n<script type=\"application\/ld+json\" class=\"yoast-schema-graph\">{\"@context\":\"https:\/\/schema.org\",\"@graph\":[{\"@type\":\"Article\",\"@id\":\"https:\/\/www.france.no\/no\/2025\/universitetene\/webinar-studere-management-og-business-i-frankrike\/#article\",\"isPartOf\":{\"@id\":\"https:\/\/www.france.no\/no\/2025\/universitetene\/webinar-studere-management-og-business-i-frankrike\/\"},\"author\":{\"name\":\"P\u00f4le Communication\",\"@id\":\"https:\/\/www.france.no\/no\/#\/schema\/person\/e911222e8703f294589a6d80b1c16f97\"},\"headline\":\"Webinar: Studere management og business i Frankrike!\",\"datePublished\":\"2025-10-27T13:48:38+00:00\",\"dateModified\":\"2025-12-05T07:57:38+00:00\",\"mainEntityOfPage\":{\"@id\":\"https:\/\/www.france.no\/no\/2025\/universitetene\/webinar-studere-management-og-business-i-frankrike\/\"},\"wordCount\":220,\"publisher\":{\"@id\":\"https:\/\/www.france.no\/no\/#organization\"},\"image\":{\"@id\":\"https:\/\/www.france.no\/no\/2025\/universitetene\/webinar-studere-management-og-business-i-frankrike\/#primaryimage\"},\"thumbnailUrl\":\"https:\/\/www.france.no\/wp-content\/uploads\/2025\/10\/Webinar-campus-france-1098x617.png\",\"articleSection\":[\"Universiteter\"],\"inLanguage\":\"nb-NO\"},{\"@type\":\"WebPage\",\"@id\":\"https:\/\/www.france.no\/no\/2025\/universitetene\/webinar-studere-management-og-business-i-frankrike\/\",\"url\":\"https:\/\/www.france.no\/no\/2025\/universitetene\/webinar-studere-management-og-business-i-frankrike\/\",\"name\":\"Webinar: Studere management og business i Frankrike! - Institut fran\u00e7ais\",\"isPartOf\":{\"@id\":\"https:\/\/www.france.no\/no\/#website\"},\"primaryImageOfPage\":{\"@id\":\"https:\/\/www.france.no\/no\/2025\/universitetene\/webinar-studere-management-og-business-i-frankrike\/#primaryimage\"},\"image\":{\"@id\":\"https:\/\/www.france.no\/no\/2025\/universitetene\/webinar-studere-management-og-business-i-frankrike\/#primaryimage\"},\"thumbnailUrl\":\"https:\/\/www.france.no\/wp-content\/uploads\/2025\/10\/Webinar-campus-france-1098x617.png\",\"datePublished\":\"2025-10-27T13:48:38+00:00\",\"dateModified\":\"2025-12-05T07:57:38+00:00\",\"breadcrumb\":{\"@id\":\"https:\/\/www.france.no\/no\/2025\/universitetene\/webinar-studere-management-og-business-i-frankrike\/#breadcrumb\"},\"inLanguage\":\"nb-NO\",\"potentialAction\":[{\"@type\":\"ReadAction\",\"target\":[\"https:\/\/www.france.no\/no\/2025\/universitetene\/webinar-studere-management-og-business-i-frankrike\/\"]}]},{\"@type\":\"ImageObject\",\"inLanguage\":\"nb-NO\",\"@id\":\"https:\/\/www.france.no\/no\/2025\/universitetene\/webinar-studere-management-og-business-i-frankrike\/#primaryimage\",\"url\":\"https:\/\/www.france.no\/wp-content\/uploads\/2025\/10\/Webinar-campus-france-1098x617.png\",\"contentUrl\":\"https:\/\/www.france.no\/wp-content\/uploads\/2025\/10\/Webinar-campus-france-1098x617.png\",\"width\":1920,\"height\":1080},{\"@type\":\"BreadcrumbList\",\"@id\":\"https:\/\/www.france.no\/no\/2025\/universitetene\/webinar-studere-management-og-business-i-frankrike\/#breadcrumb\",\"itemListElement\":[{\"@type\":\"ListItem\",\"position\":1,\"name\":\"\",\"item\":\"https:\/\/www.france.no\/no\/\"},{\"@type\":\"ListItem\",\"position\":2,\"name\":\"Webinar: Studere management og business i Frankrike!\"}]},{\"@type\":\"WebSite\",\"@id\":\"https:\/\/www.france.no\/no\/#website\",\"url\":\"https:\/\/www.france.no\/no\/\",\"name\":\"Institut fran\u00e7ais\",\"description\":\"Norv\u00e8ge\",\"publisher\":{\"@id\":\"https:\/\/www.france.no\/no\/#organization\"},\"potentialAction\":[{\"@type\":\"SearchAction\",\"target\":{\"@type\":\"EntryPoint\",\"urlTemplate\":\"https:\/\/www.france.no\/no\/?s={search_term_string}\"},\"query-input\":{\"@type\":\"PropertyValueSpecification\",\"valueRequired\":true,\"valueName\":\"search_term_string\"}}],\"inLanguage\":\"nb-NO\"},{\"@type\":\"Organization\",\"@id\":\"https:\/\/www.france.no\/no\/#organization\",\"name\":\"Institut fran\u00e7ais\",\"url\":\"https:\/\/www.france.no\/no\/\",\"logo\":{\"@type\":\"ImageObject\",\"inLanguage\":\"nb-NO\",\"@id\":\"https:\/\/www.france.no\/no\/#\/schema\/logo\/image\/\",\"url\":\"https:\/\/www.france.no\/wp-content\/uploads\/2022\/11\/IF_Logo_Sans_Bleu_RVB.png\",\"contentUrl\":\"https:\/\/www.france.no\/wp-content\/uploads\/2022\/11\/IF_Logo_Sans_Bleu_RVB.png\",\"width\":852,\"height\":591,\"caption\":\"Institut fran\u00e7ais\"},\"image\":{\"@id\":\"https:\/\/www.france.no\/no\/#\/schema\/logo\/image\/\"},\"sameAs\":[\"https:\/\/www.facebook.com\/institutfrancaisoslo\",\"https:\/\/x.com\/ifnorvege\",\"https:\/\/instagram.com\/ifnorvege\"]},{\"@type\":\"Person\",\"@id\":\"https:\/\/www.france.no\/no\/#\/schema\/person\/e911222e8703f294589a6d80b1c16f97\",\"name\":\"P\u00f4le Communication\",\"image\":{\"@type\":\"ImageObject\",\"inLanguage\":\"nb-NO\",\"@id\":\"https:\/\/www.france.no\/no\/#\/schema\/person\/image\/\",\"url\":\"https:\/\/secure.gravatar.com\/avatar\/aef2f98e57d39e8c3d6d57b6b4f580f8?s=96&d=mm&r=g\",\"contentUrl\":\"https:\/\/secure.gravatar.com\/avatar\/aef2f98e57d39e8c3d6d57b6b4f580f8?s=96&d=mm&r=g\",\"caption\":\"P\u00f4le Communication\"},\"url\":\"https:\/\/www.france.no\/no\/author\/polecom\/\"}]}<\/script>\n<!-- \/ Yoast SEO plugin. -->","yoast_head_json":{"title":"Webinar: Studere management og business i Frankrike! - Institut fran\u00e7ais","robots":{"index":"index","follow":"follow","max-snippet":"max-snippet:-1","max-image-preview":"max-image-preview:large","max-video-preview":"max-video-preview:-1"},"canonical":"https:\/\/www.france.no\/no\/2025\/universitetene\/webinar-studere-management-og-business-i-frankrike\/","og_locale":"nb_NO","og_type":"article","og_title":"Webinar: Studere management og business i Frankrike! - Institut fran\u00e7ais","og_description":"Er du nysgjerrig p\u00e5 en karriere innen management, business eller markedsf\u00f8ring? Da b\u00f8r du bli med p\u00e5 v\u00e5rt webinar om IAE University Schools of Management i Frankrike! Den 3. november klokken 17:00 inviterer vi til et inspirerende digitalt m\u00f8te der du f\u00e5r vite alt om utdanningsmuligheter ved IAE-skoler, hvordan du s\u00f8ker og hvordan studentlivet i [&hellip;]","og_url":"https:\/\/www.france.no\/no\/2025\/universitetene\/webinar-studere-management-og-business-i-frankrike\/","og_site_name":"Institut fran\u00e7ais","article_publisher":"https:\/\/www.facebook.com\/institutfrancaisoslo","article_published_time":"2025-10-27T13:48:38+00:00","article_modified_time":"2025-12-05T07:57:38+00:00","og_image":[{"width":1920,"height":1080,"url":"https:\/\/www.france.no\/wp-content\/uploads\/2025\/10\/Webinar-campus-france-1098x617.png","type":"image\/png"}],"author":"P\u00f4le Communication","twitter_card":"summary_large_image","twitter_creator":"@ifnorvege","twitter_site":"@ifnorvege","twitter_misc":{"Skrevet av":"P\u00f4le Communication","Ansl. lesetid":"2 minutter"},"schema":{"@context":"https:\/\/schema.org","@graph":[{"@type":"Article","@id":"https:\/\/www.france.no\/no\/2025\/universitetene\/webinar-studere-management-og-business-i-frankrike\/#article","isPartOf":{"@id":"https:\/\/www.france.no\/no\/2025\/universitetene\/webinar-studere-management-og-business-i-frankrike\/"},"author":{"name":"P\u00f4le Communication","@id":"https:\/\/www.france.no\/no\/#\/schema\/person\/e911222e8703f294589a6d80b1c16f97"},"headline":"Webinar: Studere management og business i Frankrike!","datePublished":"2025-10-27T13:48:38+00:00","dateModified":"2025-12-05T07:57:38+00:00","mainEntityOfPage":{"@id":"https:\/\/www.france.no\/no\/2025\/universitetene\/webinar-studere-management-og-business-i-frankrike\/"},"wordCount":220,"publisher":{"@id":"https:\/\/www.france.no\/no\/#organization"},"image":{"@id":"https:\/\/www.france.no\/no\/2025\/universitetene\/webinar-studere-management-og-business-i-frankrike\/#primaryimage"},"thumbnailUrl":"https:\/\/www.france.no\/wp-content\/uploads\/2025\/10\/Webinar-campus-france-1098x617.png","articleSection":["Universiteter"],"inLanguage":"nb-NO"},{"@type":"WebPage","@id":"https:\/\/www.france.no\/no\/2025\/universitetene\/webinar-studere-management-og-business-i-frankrike\/","url":"https:\/\/www.france.no\/no\/2025\/universitetene\/webinar-studere-management-og-business-i-frankrike\/","name":"Webinar: Studere management og business i Frankrike! - Institut fran\u00e7ais","isPartOf":{"@id":"https:\/\/www.france.no\/no\/#website"},"primaryImageOfPage":{"@id":"https:\/\/www.france.no\/no\/2025\/universitetene\/webinar-studere-management-og-business-i-frankrike\/#primaryimage"},"image":{"@id":"https:\/\/www.france.no\/no\/2025\/universitetene\/webinar-studere-management-og-business-i-frankrike\/#primaryimage"},"thumbnailUrl":"https:\/\/www.france.no\/wp-content\/uploads\/2025\/10\/Webinar-campus-france-1098x617.png","datePublished":"2025-10-27T13:48:38+00:00","dateModified":"2025-12-05T07:57:38+00:00","breadcrumb":{"@id":"https:\/\/www.france.no\/no\/2025\/universitetene\/webinar-studere-management-og-business-i-frankrike\/#breadcrumb"},"inLanguage":"nb-NO","potentialAction":[{"@type":"ReadAction","target":["https:\/\/www.france.no\/no\/2025\/universitetene\/webinar-studere-management-og-business-i-frankrike\/"]}]},{"@type":"ImageObject","inLanguage":"nb-NO","@id":"https:\/\/www.france.no\/no\/2025\/universitetene\/webinar-studere-management-og-business-i-frankrike\/#primaryimage","url":"https:\/\/www.france.no\/wp-content\/uploads\/2025\/10\/Webinar-campus-france-1098x617.png","contentUrl":"https:\/\/www.france.no\/wp-content\/uploads\/2025\/10\/Webinar-campus-france-1098x617.png","width":1920,"height":1080},{"@type":"BreadcrumbList","@id":"https:\/\/www.france.no\/no\/2025\/universitetene\/webinar-studere-management-og-business-i-frankrike\/#breadcrumb","itemListElement":[{"@type":"ListItem","position":1,"name":"","item":"https:\/\/www.france.no\/no\/"},{"@type":"ListItem","position":2,"name":"Webinar: Studere management og business i Frankrike!"}]},{"@type":"WebSite","@id":"https:\/\/www.france.no\/no\/#website","url":"https:\/\/www.france.no\/no\/","name":"Institut fran\u00e7ais","description":"Norv\u00e8ge","publisher":{"@id":"https:\/\/www.france.no\/no\/#organization"},"potentialAction":[{"@type":"SearchAction","target":{"@type":"EntryPoint","urlTemplate":"https:\/\/www.france.no\/no\/?s={search_term_string}"},"query-input":{"@type":"PropertyValueSpecification","valueRequired":true,"valueName":"search_term_string"}}],"inLanguage":"nb-NO"},{"@type":"Organization","@id":"https:\/\/www.france.no\/no\/#organization","name":"Institut fran\u00e7ais","url":"https:\/\/www.france.no\/no\/","logo":{"@type":"ImageObject","inLanguage":"nb-NO","@id":"https:\/\/www.france.no\/no\/#\/schema\/logo\/image\/","url":"https:\/\/www.france.no\/wp-content\/uploads\/2022\/11\/IF_Logo_Sans_Bleu_RVB.png","contentUrl":"https:\/\/www.france.no\/wp-content\/uploads\/2022\/11\/IF_Logo_Sans_Bleu_RVB.png","width":852,"height":591,"caption":"Institut fran\u00e7ais"},"image":{"@id":"https:\/\/www.france.no\/no\/#\/schema\/logo\/image\/"},"sameAs":["https:\/\/www.facebook.com\/institutfrancaisoslo","https:\/\/x.com\/ifnorvege","https:\/\/instagram.com\/ifnorvege"]},{"@type":"Person","@id":"https:\/\/www.france.no\/no\/#\/schema\/person\/e911222e8703f294589a6d80b1c16f97","name":"P\u00f4le Communication","image":{"@type":"ImageObject","inLanguage":"nb-NO","@id":"https:\/\/www.france.no\/no\/#\/schema\/person\/image\/","url":"https:\/\/secure.gravatar.com\/avatar\/aef2f98e57d39e8c3d6d57b6b4f580f8?s=96&d=mm&r=g","contentUrl":"https:\/\/secure.gravatar.com\/avatar\/aef2f98e57d39e8c3d6d57b6b4f580f8?s=96&d=mm&r=g","caption":"P\u00f4le Communication"},"url":"https:\/\/www.france.no\/no\/author\/polecom\/"}]}},"_links":{"self":[{"href":"https:\/\/www.france.no\/no\/wp-json\/wp\/v2\/posts\/16511","targetHints":{"allow":["GET"]}}],"collection":[{"href":"https:\/\/www.france.no\/no\/wp-json\/wp\/v2\/posts"}],"about":[{"href":"https:\/\/www.france.no\/no\/wp-json\/wp\/v2\/types\/post"}],"author":[{"embeddable":true,"href":"https:\/\/www.france.no\/no\/wp-json\/wp\/v2\/users\/6"}],"replies":[{"embeddable":true,"href":"https:\/\/www.france.no\/no\/wp-json\/wp\/v2\/comments?post=16511"}],"version-history":[{"count":9,"href":"https:\/\/www.france.no\/no\/wp-json\/wp\/v2\/posts\/16511\/revisions"}],"predecessor-version":[{"id":16577,"href":"https:\/\/www.france.no\/no\/wp-json\/wp\/v2\/posts\/16511\/revisions\/16577"}],"wp:featuredmedia":[{"embeddable":true,"href":"https:\/\/www.france.no\/no\/wp-json\/wp\/v2\/media\/16523"}],"wp:attachment":[{"href":"https:\/\/www.france.no\/no\/wp-json\/wp\/v2\/media?parent=16511"}],"wp:term":[{"taxonomy":"category","embeddable":true,"href":"https:\/\/www.france.no\/no\/wp-json\/wp\/v2\/categories?post=16511"},{"taxonomy":"post_tag","embeddable":true,"href":"https:\/\/www.france.no\/no\/wp-json\/wp\/v2\/tags?post=16511"}],"curies":[{"name":"wp","href":"https:\/\/api.w.org\/{rel}","templated":true}]}}