{"id":17897,"date":"2025-12-01T13:23:41","date_gmt":"2025-12-01T12:23:41","guid":{"rendered":"https:\/\/www.france.no\/?p=17897"},"modified":"2025-12-03T16:07:46","modified_gmt":"2025-12-03T15:07:46","slug":"arktis-i-sentrum-for-fransk-tysk-samarbeid","status":"publish","type":"post","link":"https:\/\/www.france.no\/no\/2025\/vitenskap-og-forskning\/arktis-i-sentrum-for-fransk-tysk-samarbeid\/","title":{"rendered":"Arktis i sentrum for fransk-tysk samarbeid"},"content":{"rendered":"\n<p>I anledning ti\u00e5rsjubileet for Parisavtalen har Frankrikes ambassade i Norge og Institut fran\u00e7ais de Norv\u00e8ge, i samarbeid med Tysklands ambassade, Universitetet i Oslo og Alfred Wegener-instituttet, arrangert en serie arrangementer under tittelen <strong><em>Stars of the Polar Night<\/em><\/strong>.&nbsp;<\/p>\n\n\n\n<p>Utstillingen <em>Stars of the Polar Night<\/em>, med fotografen Esther Horvaths, fremhevet forskningen ved den fransk-tyske forskningsstasjonen AWIPEV p\u00e5 Svalbard, med s\u00e6rlig fokus p\u00e5 kvinnelige forskere under den polare natten. Tekstene som fulgte utstillingen understreket det fransk-tysk-norske samarbeidet om klimaforskning og konsekvensene av klimaendringene. Utstillingen var tilgjengelig for publikum i en hel m\u00e5ned, ute foran R\u00e5dhuset i Oslo. &nbsp;<\/p>\n\n\n\n<p>H\u00f8ydepunktene inkluderte debatter, foredrag og kunstneriske innslag som engasjerte et bredt og variert publikum.&nbsp;<\/p>\n\n\n\n<hr class=\"wp-block-separator has-alpha-channel-opacity\"\/>\n\n\n\n<p><strong>Den 27. oktober \u00e5pnet Universitetet i Oslo arrangementet med en gjennomgang av fremgangen siden Parisavtalen og de utfordringene som fortsatt gjenst\u00e5r i anledning avtalens ti\u00e5rsjubileum.<\/strong>&nbsp;<\/p>\n\n\n\n<p>Taler ble holdt foran et institusjonelt publikum av blant andre Norges forsknings- og h\u00f8yere utdanningsminister Sigrun Aasland, Frankrikes tidligere president Fran\u00e7ois Hollande, rektor ved&nbsp;UiO og Oslos ordf\u00f8rer. Deretter fulgte en vitenskapelig konferanse som fremhevet mobiliseringen Parisavtalen har skapt, oppfordret signat\u00e6rene til \u00e5 f\u00f8lge opp forpliktelsene sine og viste hvilke tiltak som fortsatt er n\u00f8dvendige. &nbsp;<\/p>\n\n\n\n<figure class=\"wp-block-gallery has-nested-images columns-default is-cropped wp-block-gallery-1 is-layout-flex wp-block-gallery-is-layout-flex\">\n<figure class=\"wp-block-image size-large\"><img loading=\"lazy\" decoding=\"async\" width=\"1024\" height=\"768\" data-id=\"18014\" src=\"https:\/\/www.france.no\/wp-content\/uploads\/2025\/12\/IMG_8127-1024x768.jpeg\" alt=\"\" class=\"wp-image-18014\" srcset=\"https:\/\/www.france.no\/wp-content\/uploads\/2025\/12\/IMG_8127-1024x768.jpeg 1024w, https:\/\/www.france.no\/wp-content\/uploads\/2025\/12\/IMG_8127-300x225.jpeg 300w, https:\/\/www.france.no\/wp-content\/uploads\/2025\/12\/IMG_8127-768x576.jpeg 768w, https:\/\/www.france.no\/wp-content\/uploads\/2025\/12\/IMG_8127-1536x1152.jpeg 1536w, https:\/\/www.france.no\/wp-content\/uploads\/2025\/12\/IMG_8127-2048x1536.jpeg 2048w, https:\/\/www.france.no\/wp-content\/uploads\/2025\/12\/IMG_8127-1200x900.jpeg 1200w, https:\/\/www.france.no\/wp-content\/uploads\/2025\/12\/IMG_8127-1980x1485.jpeg 1980w\" sizes=\"auto, (max-width: 1024px) 100vw, 1024px\" \/><figcaption class=\"wp-element-caption\">\u00a9AHK Norwegen<\/figcaption><\/figure>\n\n\n\n<figure class=\"wp-block-image size-large\"><img loading=\"lazy\" decoding=\"async\" width=\"1024\" height=\"683\" data-id=\"18020\" src=\"https:\/\/www.france.no\/wp-content\/uploads\/2025\/12\/IMG_8126-1024x683.jpeg\" alt=\"\" class=\"wp-image-18020\" srcset=\"https:\/\/www.france.no\/wp-content\/uploads\/2025\/12\/IMG_8126-1024x683.jpeg 1024w, https:\/\/www.france.no\/wp-content\/uploads\/2025\/12\/IMG_8126-300x200.jpeg 300w, https:\/\/www.france.no\/wp-content\/uploads\/2025\/12\/IMG_8126-768x512.jpeg 768w, https:\/\/www.france.no\/wp-content\/uploads\/2025\/12\/IMG_8126-1536x1024.jpeg 1536w, https:\/\/www.france.no\/wp-content\/uploads\/2025\/12\/IMG_8126-2048x1365.jpeg 2048w, https:\/\/www.france.no\/wp-content\/uploads\/2025\/12\/IMG_8126-1200x800.jpeg 1200w, https:\/\/www.france.no\/wp-content\/uploads\/2025\/12\/IMG_8126-1980x1320.jpeg 1980w\" sizes=\"auto, (max-width: 1024px) 100vw, 1024px\" \/><figcaption class=\"wp-element-caption\">\u00a9AHK Norwegen&nbsp;<\/figcaption><\/figure>\n<\/figure>\n\n\n\n<hr class=\"wp-block-separator has-alpha-channel-opacity\"\/>\n\n\n\n<div class=\"wp-block-media-text is-stacked-on-mobile\"><figure class=\"wp-block-media-text__media\"><img loading=\"lazy\" decoding=\"async\" width=\"1024\" height=\"1024\" src=\"https:\/\/www.france.no\/wp-content\/uploads\/2025\/12\/fa57e1a7-9bfc-4b89-ab1e-5517190bc384-1-e1764768671609-1024x1024.jpg\" alt=\"\" class=\"wp-image-18164 size-full\" srcset=\"https:\/\/www.france.no\/wp-content\/uploads\/2025\/12\/fa57e1a7-9bfc-4b89-ab1e-5517190bc384-1-e1764768671609-1024x1024.jpg 1024w, https:\/\/www.france.no\/wp-content\/uploads\/2025\/12\/fa57e1a7-9bfc-4b89-ab1e-5517190bc384-1-e1764768671609-300x300.jpg 300w, https:\/\/www.france.no\/wp-content\/uploads\/2025\/12\/fa57e1a7-9bfc-4b89-ab1e-5517190bc384-1-e1764768671609-150x150.jpg 150w, https:\/\/www.france.no\/wp-content\/uploads\/2025\/12\/fa57e1a7-9bfc-4b89-ab1e-5517190bc384-1-e1764768671609-768x768.jpg 768w, https:\/\/www.france.no\/wp-content\/uploads\/2025\/12\/fa57e1a7-9bfc-4b89-ab1e-5517190bc384-1-e1764768671609-1200x1200.jpg 1200w, https:\/\/www.france.no\/wp-content\/uploads\/2025\/12\/fa57e1a7-9bfc-4b89-ab1e-5517190bc384-1-e1764768671609-400x400.jpg 400w, https:\/\/www.france.no\/wp-content\/uploads\/2025\/12\/fa57e1a7-9bfc-4b89-ab1e-5517190bc384-1-e1764768671609-600x600.jpg 600w, https:\/\/www.france.no\/wp-content\/uploads\/2025\/12\/fa57e1a7-9bfc-4b89-ab1e-5517190bc384-1-e1764768671609.jpg 1536w\" sizes=\"auto, (max-width: 1024px) 100vw, 1024px\" \/><\/figure><div class=\"wp-block-media-text__content\">\n<p><strong>Den 29. oktober, p\u00e5 den franske residensen,<\/strong> delte fotograf Esther Horvath og tidligere ingeni\u00f8r ved AWIPEV-stasjonen, Apolline Pibardot, sine erfaringer fra arbeidet i Arktis. Professor Denis Mercier fra Sorbonne presenterte fremtidsutsiktene for Svalbard i 2050 og oppsummerte utviklingen siden Parisavtalen, b\u00e5de lokalt og globalt, med Svalbard som laboratorium for \u00e5 observere klimaendringene i et akselerert tempo.<\/p>\n<\/div><\/div>\n\n\n\n<p>En kunstnerisk vitenskapsforestilling med isbreforsker Ugo Nanni og musikere fra Norges musikkh\u00f8gskole satte fokus p\u00e5 smeltingen av isbreene. Komposisjonen <em>Voices From the Ice<\/em> lot publikum h\u00f8re innspilte lyder fra breene. &nbsp;<\/p>\n\n\n\n<hr class=\"wp-block-separator has-alpha-channel-opacity\"\/>\n\n\n\n<p><strong>Den 13. november ble avslutningsarrangementet holdt ved Det Norske Videnskaps-Akademi<\/strong>. En vitenskapelig paneldebatt samlet Camilla Brekke, David Renault og Maarten Boersma, direkt\u00f8rer for arktiske forskningsinstitutter i henholdsvis Norge, Frankrike og Tyskland. Renault og Boersma diskuterte internasjonalt vitenskapssamarbeid i en tid preget av geopolitiske spenninger.<\/p>\n\n\n\n<p>Paneldebatten ble etterfulgt av en \u00e5pen vitenskapelig sesjon i Akademiets auditorium, der fem forskere delte sine perspektiver p\u00e5 Arktis\u2019 fremtid. Sesjonen ble avsluttet av Marcel Babin, vitenskapelig direkt\u00f8r ved polarskipet Tara, som finansieres av den franske stiftelsen Tara Ocean.&nbsp;<\/p>\n\n\n\n<figure class=\"wp-block-gallery aligncenter has-nested-images columns-2 wp-block-gallery-2 is-layout-flex wp-block-gallery-is-layout-flex\">\n<figure class=\"wp-block-image size-full\"><img loading=\"lazy\" decoding=\"async\" width=\"1200\" height=\"1200\" data-id=\"18170\" src=\"https:\/\/www.france.no\/wp-content\/uploads\/2025\/12\/31d0c12b-7215-408d-98ee-c6cfdbed4c3f-1-e1764768737495.jpg\" alt=\"\" class=\"wp-image-18170\" srcset=\"https:\/\/www.france.no\/wp-content\/uploads\/2025\/12\/31d0c12b-7215-408d-98ee-c6cfdbed4c3f-1-e1764768737495.jpg 1200w, https:\/\/www.france.no\/wp-content\/uploads\/2025\/12\/31d0c12b-7215-408d-98ee-c6cfdbed4c3f-1-e1764768737495-300x300.jpg 300w, https:\/\/www.france.no\/wp-content\/uploads\/2025\/12\/31d0c12b-7215-408d-98ee-c6cfdbed4c3f-1-e1764768737495-1024x1024.jpg 1024w, https:\/\/www.france.no\/wp-content\/uploads\/2025\/12\/31d0c12b-7215-408d-98ee-c6cfdbed4c3f-1-e1764768737495-150x150.jpg 150w, https:\/\/www.france.no\/wp-content\/uploads\/2025\/12\/31d0c12b-7215-408d-98ee-c6cfdbed4c3f-1-e1764768737495-768x768.jpg 768w, https:\/\/www.france.no\/wp-content\/uploads\/2025\/12\/31d0c12b-7215-408d-98ee-c6cfdbed4c3f-1-e1764768737495-400x400.jpg 400w, https:\/\/www.france.no\/wp-content\/uploads\/2025\/12\/31d0c12b-7215-408d-98ee-c6cfdbed4c3f-1-e1764768737495-600x600.jpg 600w\" sizes=\"auto, (max-width: 1200px) 100vw, 1200px\" \/><figcaption class=\"wp-element-caption\">\u00a9Institut fran\u00e7ais de Norv\u00e8ge<\/figcaption><\/figure>\n\n\n\n<figure class=\"wp-block-image size-full\"><img loading=\"lazy\" decoding=\"async\" width=\"1512\" height=\"1512\" data-id=\"18182\" src=\"https:\/\/www.france.no\/wp-content\/uploads\/2025\/12\/66efaa17-1b29-487e-afea-20344edd26fc-2-e1764768804489.jpg\" alt=\"\" class=\"wp-image-18182\" srcset=\"https:\/\/www.france.no\/wp-content\/uploads\/2025\/12\/66efaa17-1b29-487e-afea-20344edd26fc-2-e1764768804489.jpg 1512w, https:\/\/www.france.no\/wp-content\/uploads\/2025\/12\/66efaa17-1b29-487e-afea-20344edd26fc-2-e1764768804489-300x300.jpg 300w, https:\/\/www.france.no\/wp-content\/uploads\/2025\/12\/66efaa17-1b29-487e-afea-20344edd26fc-2-e1764768804489-1024x1024.jpg 1024w, https:\/\/www.france.no\/wp-content\/uploads\/2025\/12\/66efaa17-1b29-487e-afea-20344edd26fc-2-e1764768804489-150x150.jpg 150w, https:\/\/www.france.no\/wp-content\/uploads\/2025\/12\/66efaa17-1b29-487e-afea-20344edd26fc-2-e1764768804489-768x768.jpg 768w, https:\/\/www.france.no\/wp-content\/uploads\/2025\/12\/66efaa17-1b29-487e-afea-20344edd26fc-2-e1764768804489-1200x1200.jpg 1200w, https:\/\/www.france.no\/wp-content\/uploads\/2025\/12\/66efaa17-1b29-487e-afea-20344edd26fc-2-e1764768804489-400x400.jpg 400w, https:\/\/www.france.no\/wp-content\/uploads\/2025\/12\/66efaa17-1b29-487e-afea-20344edd26fc-2-e1764768804489-600x600.jpg 600w\" sizes=\"auto, (max-width: 1512px) 100vw, 1512px\" \/><figcaption class=\"wp-element-caption\">\u00a9Institut fran\u00e7ais de Norv\u00e8ge<\/figcaption><\/figure>\n<\/figure>\n\n\n\n<hr class=\"wp-block-separator has-alpha-channel-opacity\"\/>\n\n\n\n<div class=\"wp-block-media-text has-media-on-the-right is-stacked-on-mobile\"><div class=\"wp-block-media-text__content\">\n<p><strong>Morgenen 14. november tok mannskapet p\u00e5 Tara imot en fransk-norsk delegasjon ledet av Frankrikes ambassad\u00f8r, Florence Robine, og Norges forsknings- og h\u00f8yere utdanningsminister Sigrun Aasland.<\/strong>\u00a0<\/p>\n<\/div><figure class=\"wp-block-media-text__media\"><img loading=\"lazy\" decoding=\"async\" width=\"1024\" height=\"683\" src=\"https:\/\/www.france.no\/wp-content\/uploads\/2025\/12\/tara-1024x683.jpg\" alt=\"\" class=\"wp-image-18044 size-full\" srcset=\"https:\/\/www.france.no\/wp-content\/uploads\/2025\/12\/tara-1024x683.jpg 1024w, https:\/\/www.france.no\/wp-content\/uploads\/2025\/12\/tara-300x200.jpg 300w, https:\/\/www.france.no\/wp-content\/uploads\/2025\/12\/tara-768x512.jpg 768w, https:\/\/www.france.no\/wp-content\/uploads\/2025\/12\/tara-1536x1024.jpg 1536w, https:\/\/www.france.no\/wp-content\/uploads\/2025\/12\/tara-2048x1365.jpg 2048w, https:\/\/www.france.no\/wp-content\/uploads\/2025\/12\/tara-1200x800.jpg 1200w, https:\/\/www.france.no\/wp-content\/uploads\/2025\/12\/tara-1980x1320.jpg 1980w\" sizes=\"auto, (max-width: 1024px) 100vw, 1024px\" \/><\/figure><\/div>\n\n\n\n<div class=\"wp-block-media-text is-stacked-on-mobile\"><figure class=\"wp-block-media-text__media\"><img loading=\"lazy\" decoding=\"async\" width=\"1024\" height=\"1024\" src=\"https:\/\/www.france.no\/wp-content\/uploads\/2025\/12\/eecef7b1-b380-4a9f-8232-241e3aa0edee-1-e1764768844858-1024x1024.jpg\" alt=\"\" class=\"wp-image-18188 size-full\" srcset=\"https:\/\/www.france.no\/wp-content\/uploads\/2025\/12\/eecef7b1-b380-4a9f-8232-241e3aa0edee-1-e1764768844858-1024x1024.jpg 1024w, https:\/\/www.france.no\/wp-content\/uploads\/2025\/12\/eecef7b1-b380-4a9f-8232-241e3aa0edee-1-e1764768844858-300x300.jpg 300w, https:\/\/www.france.no\/wp-content\/uploads\/2025\/12\/eecef7b1-b380-4a9f-8232-241e3aa0edee-1-e1764768844858-150x150.jpg 150w, https:\/\/www.france.no\/wp-content\/uploads\/2025\/12\/eecef7b1-b380-4a9f-8232-241e3aa0edee-1-e1764768844858-768x768.jpg 768w, https:\/\/www.france.no\/wp-content\/uploads\/2025\/12\/eecef7b1-b380-4a9f-8232-241e3aa0edee-1-e1764768844858-400x400.jpg 400w, https:\/\/www.france.no\/wp-content\/uploads\/2025\/12\/eecef7b1-b380-4a9f-8232-241e3aa0edee-1-e1764768844858-600x600.jpg 600w, https:\/\/www.france.no\/wp-content\/uploads\/2025\/12\/eecef7b1-b380-4a9f-8232-241e3aa0edee-1-e1764768844858.jpg 1200w\" sizes=\"auto, (max-width: 1024px) 100vw, 1024px\" \/><\/figure><div class=\"wp-block-media-text__content\">\n<p>Etter omvisning p\u00e5 den flytende forskningsstasjonen, som l\u00e5 til kai ved Frammuseet p\u00e5 Bygd\u00f8y, fremhevet ministeren betydningen av vitenskapelig samarbeid i Arktis, ikke minst takket v\u00e6re avansert utstyr som Tara. Stiftelsen Tara Ocean st\u00f8tter ekspedisjonene, som er planlagt \u00e5 starte sommeren 2026, n\u00e5r forskningsstasjonen vil bli fryst inn i havisen og drive i \u00e5tte m\u00e5neder. \u00a0<\/p>\n<\/div><\/div>\n\n\n\n<hr class=\"wp-block-separator has-alpha-channel-opacity\"\/>\n\n\n\n<p><strong>Til slutt bes\u00f8kte fotograf Esther Hovath de franske og tyske skolene i Oslo. <\/strong>Der m\u00f8tte hun elever, diskuterte utstillingen som mange allerede hadde sett, og styrket p\u00e5 denne m\u00e5ten dens pedagogiske effekt.&nbsp;<\/p>\n","protected":false},"excerpt":{"rendered":"<p>I anledning ti\u00e5rsjubileet for Parisavtalen har Frankrikes ambassade i Norge og Institut fran\u00e7ais de Norv\u00e8ge, i samarbeid med Tysklands ambassade, Universitetet i Oslo og Alfred Wegener-instituttet, arrangert en serie arrangementer under tittelen Stars of the Polar Night.&nbsp; Utstillingen Stars of the Polar Night, med fotografen Esther Horvaths, fremhevet forskningen ved den fransk-tyske forskningsstasjonen AWIPEV p\u00e5 [&hellip;]<\/p>\n","protected":false},"author":6,"featured_media":18005,"comment_status":"closed","ping_status":"open","sticky":false,"template":"","format":"standard","meta":{"footnotes":""},"categories":[17],"tags":[],"class_list":["post-17897","post","type-post","status-publish","format-standard","has-post-thumbnail","hentry","category-vitenskap-og-forskning"],"yoast_head":"<!-- This site is optimized with the Yoast SEO plugin v24.2 - https:\/\/yoast.com\/wordpress\/plugins\/seo\/ -->\n<title>Arktis i sentrum for fransk-tysk samarbeid - Institut fran\u00e7ais<\/title>\n<meta name=\"robots\" content=\"index, follow, max-snippet:-1, max-image-preview:large, max-video-preview:-1\" \/>\n<link rel=\"canonical\" href=\"https:\/\/www.france.no\/no\/2025\/vitenskap-og-forskning\/arktis-i-sentrum-for-fransk-tysk-samarbeid\/\" \/>\n<meta property=\"og:locale\" content=\"nb_NO\" \/>\n<meta property=\"og:type\" content=\"article\" \/>\n<meta property=\"og:title\" content=\"Arktis i sentrum for fransk-tysk samarbeid - Institut fran\u00e7ais\" \/>\n<meta property=\"og:description\" content=\"I anledning ti\u00e5rsjubileet for Parisavtalen har Frankrikes ambassade i Norge og Institut fran\u00e7ais de Norv\u00e8ge, i samarbeid med Tysklands ambassade, Universitetet i Oslo og Alfred Wegener-instituttet, arrangert en serie arrangementer under tittelen Stars of the Polar Night.&nbsp; Utstillingen Stars of the Polar Night, med fotografen Esther Horvaths, fremhevet forskningen ved den fransk-tyske forskningsstasjonen AWIPEV p\u00e5 [&hellip;]\" \/>\n<meta property=\"og:url\" content=\"https:\/\/www.france.no\/no\/2025\/vitenskap-og-forskning\/arktis-i-sentrum-for-fransk-tysk-samarbeid\/\" \/>\n<meta property=\"og:site_name\" content=\"Institut fran\u00e7ais\" \/>\n<meta property=\"article:publisher\" content=\"https:\/\/www.facebook.com\/institutfrancaisoslo\" \/>\n<meta property=\"article:published_time\" content=\"2025-12-01T12:23:41+00:00\" \/>\n<meta property=\"article:modified_time\" content=\"2025-12-03T15:07:46+00:00\" \/>\n<meta property=\"og:image\" content=\"https:\/\/www.france.no\/wp-content\/uploads\/2025\/12\/IMG_8066-1098x617.jpeg\" \/>\n\t<meta property=\"og:image:width\" content=\"2560\" \/>\n\t<meta property=\"og:image:height\" content=\"2210\" \/>\n\t<meta property=\"og:image:type\" content=\"image\/jpeg\" \/>\n<meta name=\"author\" content=\"P\u00f4le Communication\" \/>\n<meta name=\"twitter:card\" content=\"summary_large_image\" \/>\n<meta name=\"twitter:creator\" content=\"@ifnorvege\" \/>\n<meta name=\"twitter:site\" content=\"@ifnorvege\" \/>\n<meta name=\"twitter:label1\" content=\"Skrevet av\" \/>\n\t<meta name=\"twitter:data1\" content=\"P\u00f4le Communication\" \/>\n\t<meta name=\"twitter:label2\" content=\"Ansl. lesetid\" \/>\n\t<meta name=\"twitter:data2\" content=\"5 minutter\" \/>\n<script type=\"application\/ld+json\" class=\"yoast-schema-graph\">{\"@context\":\"https:\/\/schema.org\",\"@graph\":[{\"@type\":\"Article\",\"@id\":\"https:\/\/www.france.no\/no\/2025\/vitenskap-og-forskning\/arktis-i-sentrum-for-fransk-tysk-samarbeid\/#article\",\"isPartOf\":{\"@id\":\"https:\/\/www.france.no\/no\/2025\/vitenskap-og-forskning\/arktis-i-sentrum-for-fransk-tysk-samarbeid\/\"},\"author\":{\"name\":\"P\u00f4le Communication\",\"@id\":\"https:\/\/www.france.no\/no\/#\/schema\/person\/e911222e8703f294589a6d80b1c16f97\"},\"headline\":\"Arktis i sentrum for fransk-tysk samarbeid\",\"datePublished\":\"2025-12-01T12:23:41+00:00\",\"dateModified\":\"2025-12-03T15:07:46+00:00\",\"mainEntityOfPage\":{\"@id\":\"https:\/\/www.france.no\/no\/2025\/vitenskap-og-forskning\/arktis-i-sentrum-for-fransk-tysk-samarbeid\/\"},\"wordCount\":523,\"publisher\":{\"@id\":\"https:\/\/www.france.no\/no\/#organization\"},\"image\":{\"@id\":\"https:\/\/www.france.no\/no\/2025\/vitenskap-og-forskning\/arktis-i-sentrum-for-fransk-tysk-samarbeid\/#primaryimage\"},\"thumbnailUrl\":\"https:\/\/www.france.no\/wp-content\/uploads\/2025\/12\/IMG_8066-1098x617.jpeg\",\"articleSection\":[\"Vitenskap og forskning\"],\"inLanguage\":\"nb-NO\"},{\"@type\":\"WebPage\",\"@id\":\"https:\/\/www.france.no\/no\/2025\/vitenskap-og-forskning\/arktis-i-sentrum-for-fransk-tysk-samarbeid\/\",\"url\":\"https:\/\/www.france.no\/no\/2025\/vitenskap-og-forskning\/arktis-i-sentrum-for-fransk-tysk-samarbeid\/\",\"name\":\"Arktis i sentrum for fransk-tysk samarbeid - Institut fran\u00e7ais\",\"isPartOf\":{\"@id\":\"https:\/\/www.france.no\/no\/#website\"},\"primaryImageOfPage\":{\"@id\":\"https:\/\/www.france.no\/no\/2025\/vitenskap-og-forskning\/arktis-i-sentrum-for-fransk-tysk-samarbeid\/#primaryimage\"},\"image\":{\"@id\":\"https:\/\/www.france.no\/no\/2025\/vitenskap-og-forskning\/arktis-i-sentrum-for-fransk-tysk-samarbeid\/#primaryimage\"},\"thumbnailUrl\":\"https:\/\/www.france.no\/wp-content\/uploads\/2025\/12\/IMG_8066-1098x617.jpeg\",\"datePublished\":\"2025-12-01T12:23:41+00:00\",\"dateModified\":\"2025-12-03T15:07:46+00:00\",\"breadcrumb\":{\"@id\":\"https:\/\/www.france.no\/no\/2025\/vitenskap-og-forskning\/arktis-i-sentrum-for-fransk-tysk-samarbeid\/#breadcrumb\"},\"inLanguage\":\"nb-NO\",\"potentialAction\":[{\"@type\":\"ReadAction\",\"target\":[\"https:\/\/www.france.no\/no\/2025\/vitenskap-og-forskning\/arktis-i-sentrum-for-fransk-tysk-samarbeid\/\"]}]},{\"@type\":\"ImageObject\",\"inLanguage\":\"nb-NO\",\"@id\":\"https:\/\/www.france.no\/no\/2025\/vitenskap-og-forskning\/arktis-i-sentrum-for-fransk-tysk-samarbeid\/#primaryimage\",\"url\":\"https:\/\/www.france.no\/wp-content\/uploads\/2025\/12\/IMG_8066-1098x617.jpeg\",\"contentUrl\":\"https:\/\/www.france.no\/wp-content\/uploads\/2025\/12\/IMG_8066-1098x617.jpeg\",\"width\":2560,\"height\":2210,\"caption\":\"\u00a9AHK Norwegen\"},{\"@type\":\"BreadcrumbList\",\"@id\":\"https:\/\/www.france.no\/no\/2025\/vitenskap-og-forskning\/arktis-i-sentrum-for-fransk-tysk-samarbeid\/#breadcrumb\",\"itemListElement\":[{\"@type\":\"ListItem\",\"position\":1,\"name\":\"\",\"item\":\"https:\/\/www.france.no\/no\/\"},{\"@type\":\"ListItem\",\"position\":2,\"name\":\"Arktis i sentrum for fransk-tysk samarbeid\"}]},{\"@type\":\"WebSite\",\"@id\":\"https:\/\/www.france.no\/no\/#website\",\"url\":\"https:\/\/www.france.no\/no\/\",\"name\":\"Institut fran\u00e7ais\",\"description\":\"Norv\u00e8ge\",\"publisher\":{\"@id\":\"https:\/\/www.france.no\/no\/#organization\"},\"potentialAction\":[{\"@type\":\"SearchAction\",\"target\":{\"@type\":\"EntryPoint\",\"urlTemplate\":\"https:\/\/www.france.no\/no\/?s={search_term_string}\"},\"query-input\":{\"@type\":\"PropertyValueSpecification\",\"valueRequired\":true,\"valueName\":\"search_term_string\"}}],\"inLanguage\":\"nb-NO\"},{\"@type\":\"Organization\",\"@id\":\"https:\/\/www.france.no\/no\/#organization\",\"name\":\"Institut fran\u00e7ais\",\"url\":\"https:\/\/www.france.no\/no\/\",\"logo\":{\"@type\":\"ImageObject\",\"inLanguage\":\"nb-NO\",\"@id\":\"https:\/\/www.france.no\/no\/#\/schema\/logo\/image\/\",\"url\":\"https:\/\/www.france.no\/wp-content\/uploads\/2022\/11\/IF_Logo_Sans_Bleu_RVB.png\",\"contentUrl\":\"https:\/\/www.france.no\/wp-content\/uploads\/2022\/11\/IF_Logo_Sans_Bleu_RVB.png\",\"width\":852,\"height\":591,\"caption\":\"Institut fran\u00e7ais\"},\"image\":{\"@id\":\"https:\/\/www.france.no\/no\/#\/schema\/logo\/image\/\"},\"sameAs\":[\"https:\/\/www.facebook.com\/institutfrancaisoslo\",\"https:\/\/x.com\/ifnorvege\",\"https:\/\/instagram.com\/ifnorvege\"]},{\"@type\":\"Person\",\"@id\":\"https:\/\/www.france.no\/no\/#\/schema\/person\/e911222e8703f294589a6d80b1c16f97\",\"name\":\"P\u00f4le Communication\",\"image\":{\"@type\":\"ImageObject\",\"inLanguage\":\"nb-NO\",\"@id\":\"https:\/\/www.france.no\/no\/#\/schema\/person\/image\/\",\"url\":\"https:\/\/secure.gravatar.com\/avatar\/aef2f98e57d39e8c3d6d57b6b4f580f8?s=96&d=mm&r=g\",\"contentUrl\":\"https:\/\/secure.gravatar.com\/avatar\/aef2f98e57d39e8c3d6d57b6b4f580f8?s=96&d=mm&r=g\",\"caption\":\"P\u00f4le Communication\"},\"url\":\"https:\/\/www.france.no\/no\/author\/polecom\/\"}]}<\/script>\n<!-- \/ Yoast SEO plugin. -->","yoast_head_json":{"title":"Arktis i sentrum for fransk-tysk samarbeid - Institut fran\u00e7ais","robots":{"index":"index","follow":"follow","max-snippet":"max-snippet:-1","max-image-preview":"max-image-preview:large","max-video-preview":"max-video-preview:-1"},"canonical":"https:\/\/www.france.no\/no\/2025\/vitenskap-og-forskning\/arktis-i-sentrum-for-fransk-tysk-samarbeid\/","og_locale":"nb_NO","og_type":"article","og_title":"Arktis i sentrum for fransk-tysk samarbeid - Institut fran\u00e7ais","og_description":"I anledning ti\u00e5rsjubileet for Parisavtalen har Frankrikes ambassade i Norge og Institut fran\u00e7ais de Norv\u00e8ge, i samarbeid med Tysklands ambassade, Universitetet i Oslo og Alfred Wegener-instituttet, arrangert en serie arrangementer under tittelen Stars of the Polar Night.&nbsp; Utstillingen Stars of the Polar Night, med fotografen Esther Horvaths, fremhevet forskningen ved den fransk-tyske forskningsstasjonen AWIPEV p\u00e5 [&hellip;]","og_url":"https:\/\/www.france.no\/no\/2025\/vitenskap-og-forskning\/arktis-i-sentrum-for-fransk-tysk-samarbeid\/","og_site_name":"Institut fran\u00e7ais","article_publisher":"https:\/\/www.facebook.com\/institutfrancaisoslo","article_published_time":"2025-12-01T12:23:41+00:00","article_modified_time":"2025-12-03T15:07:46+00:00","og_image":[{"width":2560,"height":2210,"url":"https:\/\/www.france.no\/wp-content\/uploads\/2025\/12\/IMG_8066-1098x617.jpeg","type":"image\/jpeg"}],"author":"P\u00f4le Communication","twitter_card":"summary_large_image","twitter_creator":"@ifnorvege","twitter_site":"@ifnorvege","twitter_misc":{"Skrevet av":"P\u00f4le Communication","Ansl. lesetid":"5 minutter"},"schema":{"@context":"https:\/\/schema.org","@graph":[{"@type":"Article","@id":"https:\/\/www.france.no\/no\/2025\/vitenskap-og-forskning\/arktis-i-sentrum-for-fransk-tysk-samarbeid\/#article","isPartOf":{"@id":"https:\/\/www.france.no\/no\/2025\/vitenskap-og-forskning\/arktis-i-sentrum-for-fransk-tysk-samarbeid\/"},"author":{"name":"P\u00f4le Communication","@id":"https:\/\/www.france.no\/no\/#\/schema\/person\/e911222e8703f294589a6d80b1c16f97"},"headline":"Arktis i sentrum for fransk-tysk samarbeid","datePublished":"2025-12-01T12:23:41+00:00","dateModified":"2025-12-03T15:07:46+00:00","mainEntityOfPage":{"@id":"https:\/\/www.france.no\/no\/2025\/vitenskap-og-forskning\/arktis-i-sentrum-for-fransk-tysk-samarbeid\/"},"wordCount":523,"publisher":{"@id":"https:\/\/www.france.no\/no\/#organization"},"image":{"@id":"https:\/\/www.france.no\/no\/2025\/vitenskap-og-forskning\/arktis-i-sentrum-for-fransk-tysk-samarbeid\/#primaryimage"},"thumbnailUrl":"https:\/\/www.france.no\/wp-content\/uploads\/2025\/12\/IMG_8066-1098x617.jpeg","articleSection":["Vitenskap og forskning"],"inLanguage":"nb-NO"},{"@type":"WebPage","@id":"https:\/\/www.france.no\/no\/2025\/vitenskap-og-forskning\/arktis-i-sentrum-for-fransk-tysk-samarbeid\/","url":"https:\/\/www.france.no\/no\/2025\/vitenskap-og-forskning\/arktis-i-sentrum-for-fransk-tysk-samarbeid\/","name":"Arktis i sentrum for fransk-tysk samarbeid - Institut fran\u00e7ais","isPartOf":{"@id":"https:\/\/www.france.no\/no\/#website"},"primaryImageOfPage":{"@id":"https:\/\/www.france.no\/no\/2025\/vitenskap-og-forskning\/arktis-i-sentrum-for-fransk-tysk-samarbeid\/#primaryimage"},"image":{"@id":"https:\/\/www.france.no\/no\/2025\/vitenskap-og-forskning\/arktis-i-sentrum-for-fransk-tysk-samarbeid\/#primaryimage"},"thumbnailUrl":"https:\/\/www.france.no\/wp-content\/uploads\/2025\/12\/IMG_8066-1098x617.jpeg","datePublished":"2025-12-01T12:23:41+00:00","dateModified":"2025-12-03T15:07:46+00:00","breadcrumb":{"@id":"https:\/\/www.france.no\/no\/2025\/vitenskap-og-forskning\/arktis-i-sentrum-for-fransk-tysk-samarbeid\/#breadcrumb"},"inLanguage":"nb-NO","potentialAction":[{"@type":"ReadAction","target":["https:\/\/www.france.no\/no\/2025\/vitenskap-og-forskning\/arktis-i-sentrum-for-fransk-tysk-samarbeid\/"]}]},{"@type":"ImageObject","inLanguage":"nb-NO","@id":"https:\/\/www.france.no\/no\/2025\/vitenskap-og-forskning\/arktis-i-sentrum-for-fransk-tysk-samarbeid\/#primaryimage","url":"https:\/\/www.france.no\/wp-content\/uploads\/2025\/12\/IMG_8066-1098x617.jpeg","contentUrl":"https:\/\/www.france.no\/wp-content\/uploads\/2025\/12\/IMG_8066-1098x617.jpeg","width":2560,"height":2210,"caption":"\u00a9AHK Norwegen"},{"@type":"BreadcrumbList","@id":"https:\/\/www.france.no\/no\/2025\/vitenskap-og-forskning\/arktis-i-sentrum-for-fransk-tysk-samarbeid\/#breadcrumb","itemListElement":[{"@type":"ListItem","position":1,"name":"","item":"https:\/\/www.france.no\/no\/"},{"@type":"ListItem","position":2,"name":"Arktis i sentrum for fransk-tysk samarbeid"}]},{"@type":"WebSite","@id":"https:\/\/www.france.no\/no\/#website","url":"https:\/\/www.france.no\/no\/","name":"Institut fran\u00e7ais","description":"Norv\u00e8ge","publisher":{"@id":"https:\/\/www.france.no\/no\/#organization"},"potentialAction":[{"@type":"SearchAction","target":{"@type":"EntryPoint","urlTemplate":"https:\/\/www.france.no\/no\/?s={search_term_string}"},"query-input":{"@type":"PropertyValueSpecification","valueRequired":true,"valueName":"search_term_string"}}],"inLanguage":"nb-NO"},{"@type":"Organization","@id":"https:\/\/www.france.no\/no\/#organization","name":"Institut fran\u00e7ais","url":"https:\/\/www.france.no\/no\/","logo":{"@type":"ImageObject","inLanguage":"nb-NO","@id":"https:\/\/www.france.no\/no\/#\/schema\/logo\/image\/","url":"https:\/\/www.france.no\/wp-content\/uploads\/2022\/11\/IF_Logo_Sans_Bleu_RVB.png","contentUrl":"https:\/\/www.france.no\/wp-content\/uploads\/2022\/11\/IF_Logo_Sans_Bleu_RVB.png","width":852,"height":591,"caption":"Institut fran\u00e7ais"},"image":{"@id":"https:\/\/www.france.no\/no\/#\/schema\/logo\/image\/"},"sameAs":["https:\/\/www.facebook.com\/institutfrancaisoslo","https:\/\/x.com\/ifnorvege","https:\/\/instagram.com\/ifnorvege"]},{"@type":"Person","@id":"https:\/\/www.france.no\/no\/#\/schema\/person\/e911222e8703f294589a6d80b1c16f97","name":"P\u00f4le Communication","image":{"@type":"ImageObject","inLanguage":"nb-NO","@id":"https:\/\/www.france.no\/no\/#\/schema\/person\/image\/","url":"https:\/\/secure.gravatar.com\/avatar\/aef2f98e57d39e8c3d6d57b6b4f580f8?s=96&d=mm&r=g","contentUrl":"https:\/\/secure.gravatar.com\/avatar\/aef2f98e57d39e8c3d6d57b6b4f580f8?s=96&d=mm&r=g","caption":"P\u00f4le Communication"},"url":"https:\/\/www.france.no\/no\/author\/polecom\/"}]}},"_links":{"self":[{"href":"https:\/\/www.france.no\/no\/wp-json\/wp\/v2\/posts\/17897","targetHints":{"allow":["GET"]}}],"collection":[{"href":"https:\/\/www.france.no\/no\/wp-json\/wp\/v2\/posts"}],"about":[{"href":"https:\/\/www.france.no\/no\/wp-json\/wp\/v2\/types\/post"}],"author":[{"embeddable":true,"href":"https:\/\/www.france.no\/no\/wp-json\/wp\/v2\/users\/6"}],"replies":[{"embeddable":true,"href":"https:\/\/www.france.no\/no\/wp-json\/wp\/v2\/comments?post=17897"}],"version-history":[{"count":22,"href":"https:\/\/www.france.no\/no\/wp-json\/wp\/v2\/posts\/17897\/revisions"}],"predecessor-version":[{"id":18230,"href":"https:\/\/www.france.no\/no\/wp-json\/wp\/v2\/posts\/17897\/revisions\/18230"}],"wp:featuredmedia":[{"embeddable":true,"href":"https:\/\/www.france.no\/no\/wp-json\/wp\/v2\/media\/18005"}],"wp:attachment":[{"href":"https:\/\/www.france.no\/no\/wp-json\/wp\/v2\/media?parent=17897"}],"wp:term":[{"taxonomy":"category","embeddable":true,"href":"https:\/\/www.france.no\/no\/wp-json\/wp\/v2\/categories?post=17897"},{"taxonomy":"post_tag","embeddable":true,"href":"https:\/\/www.france.no\/no\/wp-json\/wp\/v2\/tags?post=17897"}],"curies":[{"name":"wp","href":"https:\/\/api.w.org\/{rel}","templated":true}]}}