{"id":18362,"date":"2025-12-05T15:43:54","date_gmt":"2025-12-05T14:43:54","guid":{"rendered":"https:\/\/www.france.no\/?p=18362"},"modified":"2026-02-03T09:55:40","modified_gmt":"2026-02-03T08:55:40","slug":"fagseminar-for-fransklaerere","status":"publish","type":"post","link":"https:\/\/www.france.no\/no\/2025\/utdanning-og-fransk-sprak\/fagseminar-for-fransklaerere\/","title":{"rendered":"Fagseminar for franskl\u00e6rere"},"content":{"rendered":"\n<p><strong>Institut fran\u00e7ais de Norv\u00e8ge, i samarbeid med <a href=\"https:\/\/fransklaereren.no\/\" target=\"_blank\" rel=\"noreferrer noopener\">Franskl\u00e6rerforeningen<\/a>, inviterer alle n\u00e5v\u00e6rende og kommende franskl\u00e6rere i Norge til en inspirerend dag med faglig p\u00e5fyll, erfaringsdeling og profesjonelle m\u00f8teplasser. Seminaret gir mulighet til \u00e5 utforske hvordan vi sammen kan styrke og synliggj\u00f8re franskfaget i Norge.<\/strong><\/p>\n\n\n\n<p><strong>Hva?<\/strong> Fagseminar for franskl\u00e6rere i Oslo<br><strong>Hvem?<\/strong> Arrangert av Institut fran\u00e7ais de Norv\u00e8ge, i samarbeid med Franskl\u00e6rerforeningen<br><strong>N\u00e5r?<\/strong> 12. februar 2026<br><strong>Hvor?<\/strong> Den franske skolen, Vulkan 11, Oslo<\/p>\n\n\n\n<h5 class=\"wp-block-heading\">P\u00e5 programmet<\/h5>\n\n\n\n<ul class=\"wp-block-list\">\n<li>12. februar: Varierte verksteder og faglige \u00f8kter med fokus p\u00e5 franskundervisning.<\/li>\n<\/ul>\n\n\n\n<p><strong>P\u00e5meldingsskjemaet vil v\u00e6re tilgjengelig p\u00e5 nettet i uke 2.<\/strong><\/p>\n\n\n\n<p>Vi ser frem til \u00e5 samle det franskl\u00e6rerfaglige milj\u00f8et i Norge til to inspirerende dager!<\/p>\n\n\n\n<p><\/p>\n","protected":false},"excerpt":{"rendered":"<p>Institut fran\u00e7ais de Norv\u00e8ge, i samarbeid med Franskl\u00e6rerforeningen, inviterer alle n\u00e5v\u00e6rende og kommende franskl\u00e6rere i Norge til en inspirerend dag med faglig p\u00e5fyll, erfaringsdeling og profesjonelle m\u00f8teplasser. Seminaret gir mulighet til \u00e5 utforske hvordan vi sammen kan styrke og synliggj\u00f8re franskfaget i Norge. Hva? Fagseminar for franskl\u00e6rere i OsloHvem? Arrangert av Institut fran\u00e7ais de Norv\u00e8ge, [&hellip;]<\/p>\n","protected":false},"author":6,"featured_media":18386,"comment_status":"closed","ping_status":"closed","sticky":false,"template":"","format":"standard","meta":{"footnotes":""},"categories":[13],"tags":[977,971,1094,1274,944,947,950],"class_list":["post-18362","post","type-post","status-publish","format-standard","has-post-thumbnail","hentry","category-utdanning-og-fransk-sprak","tag-fransk","tag-fransk-som-fremmedsprak","tag-fransklaerer","tag-fransklaererforeningen","tag-kurs","tag-seminar","tag-workshop"],"yoast_head":"<!-- This site is optimized with the Yoast SEO plugin v27.3 - https:\/\/yoast.com\/product\/yoast-seo-wordpress\/ -->\n<title>Fagseminar for franskl\u00e6rere - Institut fran\u00e7ais<\/title>\n<meta name=\"robots\" content=\"index, follow, max-snippet:-1, max-image-preview:large, max-video-preview:-1\" \/>\n<link rel=\"canonical\" href=\"https:\/\/www.france.no\/no\/2025\/utdanning-og-fransk-sprak\/fagseminar-for-fransklaerere\/\" \/>\n<meta property=\"og:locale\" content=\"nb_NO\" \/>\n<meta property=\"og:type\" content=\"article\" \/>\n<meta property=\"og:title\" content=\"Fagseminar for franskl\u00e6rere - Institut fran\u00e7ais\" \/>\n<meta property=\"og:description\" content=\"Institut fran\u00e7ais de Norv\u00e8ge, i samarbeid med Franskl\u00e6rerforeningen, inviterer alle n\u00e5v\u00e6rende og kommende franskl\u00e6rere i Norge til en inspirerend dag med faglig p\u00e5fyll, erfaringsdeling og profesjonelle m\u00f8teplasser. Seminaret gir mulighet til \u00e5 utforske hvordan vi sammen kan styrke og synliggj\u00f8re franskfaget i Norge. Hva? Fagseminar for franskl\u00e6rere i OsloHvem? Arrangert av Institut fran\u00e7ais de Norv\u00e8ge, [&hellip;]\" \/>\n<meta property=\"og:url\" content=\"https:\/\/www.france.no\/no\/2025\/utdanning-og-fransk-sprak\/fagseminar-for-fransklaerere\/\" \/>\n<meta property=\"og:site_name\" content=\"Institut fran\u00e7ais\" \/>\n<meta property=\"article:publisher\" content=\"https:\/\/www.facebook.com\/institutfrancaisoslo\" \/>\n<meta property=\"article:published_time\" content=\"2025-12-05T14:43:54+00:00\" \/>\n<meta property=\"article:modified_time\" content=\"2026-02-03T08:55:40+00:00\" \/>\n<meta property=\"og:image\" content=\"https:\/\/www.france.no\/wp-content\/uploads\/2025\/12\/Fagseminar-ANEF_BANNERFACEBOOK-1024x576.png\" \/>\n\t<meta property=\"og:image:width\" content=\"1024\" \/>\n\t<meta property=\"og:image:height\" content=\"576\" \/>\n\t<meta property=\"og:image:type\" content=\"image\/png\" \/>\n<meta name=\"author\" content=\"P\u00f4le Communication\" \/>\n<meta name=\"twitter:card\" content=\"summary_large_image\" \/>\n<meta name=\"twitter:creator\" content=\"@ifnorvege\" \/>\n<meta name=\"twitter:site\" content=\"@ifnorvege\" \/>\n<meta name=\"twitter:label1\" content=\"Skrevet av\" \/>\n\t<meta name=\"twitter:data1\" content=\"P\u00f4le Communication\" \/>\n\t<meta name=\"twitter:label2\" content=\"Ansl. lesetid\" \/>\n\t<meta name=\"twitter:data2\" content=\"1 minutt\" \/>\n<script type=\"application\/ld+json\" class=\"yoast-schema-graph\">{\"@context\":\"https:\\\/\\\/schema.org\",\"@graph\":[{\"@type\":\"Article\",\"@id\":\"https:\\\/\\\/www.france.no\\\/no\\\/2025\\\/utdanning-og-fransk-sprak\\\/fagseminar-for-fransklaerere\\\/#article\",\"isPartOf\":{\"@id\":\"https:\\\/\\\/www.france.no\\\/no\\\/2025\\\/utdanning-og-fransk-sprak\\\/fagseminar-for-fransklaerere\\\/\"},\"author\":{\"name\":\"P\u00f4le Communication\",\"@id\":\"https:\\\/\\\/www.france.no\\\/no\\\/#\\\/schema\\\/person\\\/e911222e8703f294589a6d80b1c16f97\"},\"headline\":\"Fagseminar for franskl\u00e6rere\",\"datePublished\":\"2025-12-05T14:43:54+00:00\",\"dateModified\":\"2026-02-03T08:55:40+00:00\",\"mainEntityOfPage\":{\"@id\":\"https:\\\/\\\/www.france.no\\\/no\\\/2025\\\/utdanning-og-fransk-sprak\\\/fagseminar-for-fransklaerere\\\/\"},\"wordCount\":123,\"publisher\":{\"@id\":\"https:\\\/\\\/www.france.no\\\/no\\\/#organization\"},\"image\":{\"@id\":\"https:\\\/\\\/www.france.no\\\/no\\\/2025\\\/utdanning-og-fransk-sprak\\\/fagseminar-for-fransklaerere\\\/#primaryimage\"},\"thumbnailUrl\":\"https:\\\/\\\/www.france.no\\\/wp-content\\\/uploads\\\/2025\\\/12\\\/Fagseminar-ANEF_BANNERFACEBOOK-1098x617.png\",\"keywords\":[\"fransk\",\"fransk som fremmedspr\u00e5k\",\"franskl\u00e6rer\",\"franskl\u00e6rerforeningen\",\"kurs\",\"seminar\",\"workshop\"],\"articleSection\":[\"Utdannelse og Fransk spr\u00e5ksamarbeid\"],\"inLanguage\":\"nb-NO\"},{\"@type\":\"WebPage\",\"@id\":\"https:\\\/\\\/www.france.no\\\/no\\\/2025\\\/utdanning-og-fransk-sprak\\\/fagseminar-for-fransklaerere\\\/\",\"url\":\"https:\\\/\\\/www.france.no\\\/no\\\/2025\\\/utdanning-og-fransk-sprak\\\/fagseminar-for-fransklaerere\\\/\",\"name\":\"Fagseminar for franskl\u00e6rere - Institut fran\u00e7ais\",\"isPartOf\":{\"@id\":\"https:\\\/\\\/www.france.no\\\/no\\\/#website\"},\"primaryImageOfPage\":{\"@id\":\"https:\\\/\\\/www.france.no\\\/no\\\/2025\\\/utdanning-og-fransk-sprak\\\/fagseminar-for-fransklaerere\\\/#primaryimage\"},\"image\":{\"@id\":\"https:\\\/\\\/www.france.no\\\/no\\\/2025\\\/utdanning-og-fransk-sprak\\\/fagseminar-for-fransklaerere\\\/#primaryimage\"},\"thumbnailUrl\":\"https:\\\/\\\/www.france.no\\\/wp-content\\\/uploads\\\/2025\\\/12\\\/Fagseminar-ANEF_BANNERFACEBOOK-1098x617.png\",\"datePublished\":\"2025-12-05T14:43:54+00:00\",\"dateModified\":\"2026-02-03T08:55:40+00:00\",\"breadcrumb\":{\"@id\":\"https:\\\/\\\/www.france.no\\\/no\\\/2025\\\/utdanning-og-fransk-sprak\\\/fagseminar-for-fransklaerere\\\/#breadcrumb\"},\"inLanguage\":\"nb-NO\",\"potentialAction\":[{\"@type\":\"ReadAction\",\"target\":[\"https:\\\/\\\/www.france.no\\\/no\\\/2025\\\/utdanning-og-fransk-sprak\\\/fagseminar-for-fransklaerere\\\/\"]}]},{\"@type\":\"ImageObject\",\"inLanguage\":\"nb-NO\",\"@id\":\"https:\\\/\\\/www.france.no\\\/no\\\/2025\\\/utdanning-og-fransk-sprak\\\/fagseminar-for-fransklaerere\\\/#primaryimage\",\"url\":\"https:\\\/\\\/www.france.no\\\/wp-content\\\/uploads\\\/2025\\\/12\\\/Fagseminar-ANEF_BANNERFACEBOOK-1098x617.png\",\"contentUrl\":\"https:\\\/\\\/www.france.no\\\/wp-content\\\/uploads\\\/2025\\\/12\\\/Fagseminar-ANEF_BANNERFACEBOOK-1098x617.png\",\"width\":1920,\"height\":1080},{\"@type\":\"BreadcrumbList\",\"@id\":\"https:\\\/\\\/www.france.no\\\/no\\\/2025\\\/utdanning-og-fransk-sprak\\\/fagseminar-for-fransklaerere\\\/#breadcrumb\",\"itemListElement\":[{\"@type\":\"ListItem\",\"position\":1,\"name\":\"\",\"item\":\"https:\\\/\\\/www.france.no\\\/no\\\/\"},{\"@type\":\"ListItem\",\"position\":2,\"name\":\"Fagseminar for franskl\u00e6rere\"}]},{\"@type\":\"WebSite\",\"@id\":\"https:\\\/\\\/www.france.no\\\/no\\\/#website\",\"url\":\"https:\\\/\\\/www.france.no\\\/no\\\/\",\"name\":\"Institut fran\u00e7ais\",\"description\":\"Norv\u00e8ge\",\"publisher\":{\"@id\":\"https:\\\/\\\/www.france.no\\\/no\\\/#organization\"},\"potentialAction\":[{\"@type\":\"SearchAction\",\"target\":{\"@type\":\"EntryPoint\",\"urlTemplate\":\"https:\\\/\\\/www.france.no\\\/no\\\/?s={search_term_string}\"},\"query-input\":{\"@type\":\"PropertyValueSpecification\",\"valueRequired\":true,\"valueName\":\"search_term_string\"}}],\"inLanguage\":\"nb-NO\"},{\"@type\":\"Organization\",\"@id\":\"https:\\\/\\\/www.france.no\\\/no\\\/#organization\",\"name\":\"Institut fran\u00e7ais\",\"url\":\"https:\\\/\\\/www.france.no\\\/no\\\/\",\"logo\":{\"@type\":\"ImageObject\",\"inLanguage\":\"nb-NO\",\"@id\":\"https:\\\/\\\/www.france.no\\\/no\\\/#\\\/schema\\\/logo\\\/image\\\/\",\"url\":\"https:\\\/\\\/www.france.no\\\/wp-content\\\/uploads\\\/2022\\\/11\\\/IF_Logo_Sans_Bleu_RVB.png\",\"contentUrl\":\"https:\\\/\\\/www.france.no\\\/wp-content\\\/uploads\\\/2022\\\/11\\\/IF_Logo_Sans_Bleu_RVB.png\",\"width\":852,\"height\":591,\"caption\":\"Institut fran\u00e7ais\"},\"image\":{\"@id\":\"https:\\\/\\\/www.france.no\\\/no\\\/#\\\/schema\\\/logo\\\/image\\\/\"},\"sameAs\":[\"https:\\\/\\\/www.facebook.com\\\/institutfrancaisoslo\",\"https:\\\/\\\/x.com\\\/ifnorvege\",\"https:\\\/\\\/instagram.com\\\/ifnorvege\"]},{\"@type\":\"Person\",\"@id\":\"https:\\\/\\\/www.france.no\\\/no\\\/#\\\/schema\\\/person\\\/e911222e8703f294589a6d80b1c16f97\",\"name\":\"P\u00f4le Communication\",\"image\":{\"@type\":\"ImageObject\",\"inLanguage\":\"nb-NO\",\"@id\":\"https:\\\/\\\/secure.gravatar.com\\\/avatar\\\/20ae085a8b5fd613a02d28588389144802d3ba9408c852b2c6c7c4b17cc39660?s=96&d=mm&r=g\",\"url\":\"https:\\\/\\\/secure.gravatar.com\\\/avatar\\\/20ae085a8b5fd613a02d28588389144802d3ba9408c852b2c6c7c4b17cc39660?s=96&d=mm&r=g\",\"contentUrl\":\"https:\\\/\\\/secure.gravatar.com\\\/avatar\\\/20ae085a8b5fd613a02d28588389144802d3ba9408c852b2c6c7c4b17cc39660?s=96&d=mm&r=g\",\"caption\":\"P\u00f4le Communication\"},\"url\":\"https:\\\/\\\/www.france.no\\\/no\\\/author\\\/polecom\\\/\"}]}<\/script>\n<!-- \/ Yoast SEO plugin. -->","yoast_head_json":{"title":"Fagseminar for franskl\u00e6rere - Institut fran\u00e7ais","robots":{"index":"index","follow":"follow","max-snippet":"max-snippet:-1","max-image-preview":"max-image-preview:large","max-video-preview":"max-video-preview:-1"},"canonical":"https:\/\/www.france.no\/no\/2025\/utdanning-og-fransk-sprak\/fagseminar-for-fransklaerere\/","og_locale":"nb_NO","og_type":"article","og_title":"Fagseminar for franskl\u00e6rere - Institut fran\u00e7ais","og_description":"Institut fran\u00e7ais de Norv\u00e8ge, i samarbeid med Franskl\u00e6rerforeningen, inviterer alle n\u00e5v\u00e6rende og kommende franskl\u00e6rere i Norge til en inspirerend dag med faglig p\u00e5fyll, erfaringsdeling og profesjonelle m\u00f8teplasser. Seminaret gir mulighet til \u00e5 utforske hvordan vi sammen kan styrke og synliggj\u00f8re franskfaget i Norge. Hva? Fagseminar for franskl\u00e6rere i OsloHvem? Arrangert av Institut fran\u00e7ais de Norv\u00e8ge, [&hellip;]","og_url":"https:\/\/www.france.no\/no\/2025\/utdanning-og-fransk-sprak\/fagseminar-for-fransklaerere\/","og_site_name":"Institut fran\u00e7ais","article_publisher":"https:\/\/www.facebook.com\/institutfrancaisoslo","article_published_time":"2025-12-05T14:43:54+00:00","article_modified_time":"2026-02-03T08:55:40+00:00","og_image":[{"width":1024,"height":576,"url":"https:\/\/www.france.no\/wp-content\/uploads\/2025\/12\/Fagseminar-ANEF_BANNERFACEBOOK-1024x576.png","type":"image\/png"}],"author":"P\u00f4le Communication","twitter_card":"summary_large_image","twitter_creator":"@ifnorvege","twitter_site":"@ifnorvege","twitter_misc":{"Skrevet av":"P\u00f4le Communication","Ansl. lesetid":"1 minutt"},"schema":{"@context":"https:\/\/schema.org","@graph":[{"@type":"Article","@id":"https:\/\/www.france.no\/no\/2025\/utdanning-og-fransk-sprak\/fagseminar-for-fransklaerere\/#article","isPartOf":{"@id":"https:\/\/www.france.no\/no\/2025\/utdanning-og-fransk-sprak\/fagseminar-for-fransklaerere\/"},"author":{"name":"P\u00f4le Communication","@id":"https:\/\/www.france.no\/no\/#\/schema\/person\/e911222e8703f294589a6d80b1c16f97"},"headline":"Fagseminar for franskl\u00e6rere","datePublished":"2025-12-05T14:43:54+00:00","dateModified":"2026-02-03T08:55:40+00:00","mainEntityOfPage":{"@id":"https:\/\/www.france.no\/no\/2025\/utdanning-og-fransk-sprak\/fagseminar-for-fransklaerere\/"},"wordCount":123,"publisher":{"@id":"https:\/\/www.france.no\/no\/#organization"},"image":{"@id":"https:\/\/www.france.no\/no\/2025\/utdanning-og-fransk-sprak\/fagseminar-for-fransklaerere\/#primaryimage"},"thumbnailUrl":"https:\/\/www.france.no\/wp-content\/uploads\/2025\/12\/Fagseminar-ANEF_BANNERFACEBOOK-1098x617.png","keywords":["fransk","fransk som fremmedspr\u00e5k","franskl\u00e6rer","franskl\u00e6rerforeningen","kurs","seminar","workshop"],"articleSection":["Utdannelse og Fransk spr\u00e5ksamarbeid"],"inLanguage":"nb-NO"},{"@type":"WebPage","@id":"https:\/\/www.france.no\/no\/2025\/utdanning-og-fransk-sprak\/fagseminar-for-fransklaerere\/","url":"https:\/\/www.france.no\/no\/2025\/utdanning-og-fransk-sprak\/fagseminar-for-fransklaerere\/","name":"Fagseminar for franskl\u00e6rere - Institut fran\u00e7ais","isPartOf":{"@id":"https:\/\/www.france.no\/no\/#website"},"primaryImageOfPage":{"@id":"https:\/\/www.france.no\/no\/2025\/utdanning-og-fransk-sprak\/fagseminar-for-fransklaerere\/#primaryimage"},"image":{"@id":"https:\/\/www.france.no\/no\/2025\/utdanning-og-fransk-sprak\/fagseminar-for-fransklaerere\/#primaryimage"},"thumbnailUrl":"https:\/\/www.france.no\/wp-content\/uploads\/2025\/12\/Fagseminar-ANEF_BANNERFACEBOOK-1098x617.png","datePublished":"2025-12-05T14:43:54+00:00","dateModified":"2026-02-03T08:55:40+00:00","breadcrumb":{"@id":"https:\/\/www.france.no\/no\/2025\/utdanning-og-fransk-sprak\/fagseminar-for-fransklaerere\/#breadcrumb"},"inLanguage":"nb-NO","potentialAction":[{"@type":"ReadAction","target":["https:\/\/www.france.no\/no\/2025\/utdanning-og-fransk-sprak\/fagseminar-for-fransklaerere\/"]}]},{"@type":"ImageObject","inLanguage":"nb-NO","@id":"https:\/\/www.france.no\/no\/2025\/utdanning-og-fransk-sprak\/fagseminar-for-fransklaerere\/#primaryimage","url":"https:\/\/www.france.no\/wp-content\/uploads\/2025\/12\/Fagseminar-ANEF_BANNERFACEBOOK-1098x617.png","contentUrl":"https:\/\/www.france.no\/wp-content\/uploads\/2025\/12\/Fagseminar-ANEF_BANNERFACEBOOK-1098x617.png","width":1920,"height":1080},{"@type":"BreadcrumbList","@id":"https:\/\/www.france.no\/no\/2025\/utdanning-og-fransk-sprak\/fagseminar-for-fransklaerere\/#breadcrumb","itemListElement":[{"@type":"ListItem","position":1,"name":"","item":"https:\/\/www.france.no\/no\/"},{"@type":"ListItem","position":2,"name":"Fagseminar for franskl\u00e6rere"}]},{"@type":"WebSite","@id":"https:\/\/www.france.no\/no\/#website","url":"https:\/\/www.france.no\/no\/","name":"Institut fran\u00e7ais","description":"Norv\u00e8ge","publisher":{"@id":"https:\/\/www.france.no\/no\/#organization"},"potentialAction":[{"@type":"SearchAction","target":{"@type":"EntryPoint","urlTemplate":"https:\/\/www.france.no\/no\/?s={search_term_string}"},"query-input":{"@type":"PropertyValueSpecification","valueRequired":true,"valueName":"search_term_string"}}],"inLanguage":"nb-NO"},{"@type":"Organization","@id":"https:\/\/www.france.no\/no\/#organization","name":"Institut fran\u00e7ais","url":"https:\/\/www.france.no\/no\/","logo":{"@type":"ImageObject","inLanguage":"nb-NO","@id":"https:\/\/www.france.no\/no\/#\/schema\/logo\/image\/","url":"https:\/\/www.france.no\/wp-content\/uploads\/2022\/11\/IF_Logo_Sans_Bleu_RVB.png","contentUrl":"https:\/\/www.france.no\/wp-content\/uploads\/2022\/11\/IF_Logo_Sans_Bleu_RVB.png","width":852,"height":591,"caption":"Institut fran\u00e7ais"},"image":{"@id":"https:\/\/www.france.no\/no\/#\/schema\/logo\/image\/"},"sameAs":["https:\/\/www.facebook.com\/institutfrancaisoslo","https:\/\/x.com\/ifnorvege","https:\/\/instagram.com\/ifnorvege"]},{"@type":"Person","@id":"https:\/\/www.france.no\/no\/#\/schema\/person\/e911222e8703f294589a6d80b1c16f97","name":"P\u00f4le Communication","image":{"@type":"ImageObject","inLanguage":"nb-NO","@id":"https:\/\/secure.gravatar.com\/avatar\/20ae085a8b5fd613a02d28588389144802d3ba9408c852b2c6c7c4b17cc39660?s=96&d=mm&r=g","url":"https:\/\/secure.gravatar.com\/avatar\/20ae085a8b5fd613a02d28588389144802d3ba9408c852b2c6c7c4b17cc39660?s=96&d=mm&r=g","contentUrl":"https:\/\/secure.gravatar.com\/avatar\/20ae085a8b5fd613a02d28588389144802d3ba9408c852b2c6c7c4b17cc39660?s=96&d=mm&r=g","caption":"P\u00f4le Communication"},"url":"https:\/\/www.france.no\/no\/author\/polecom\/"}]}},"_links":{"self":[{"href":"https:\/\/www.france.no\/no\/wp-json\/wp\/v2\/posts\/18362","targetHints":{"allow":["GET"]}}],"collection":[{"href":"https:\/\/www.france.no\/no\/wp-json\/wp\/v2\/posts"}],"about":[{"href":"https:\/\/www.france.no\/no\/wp-json\/wp\/v2\/types\/post"}],"author":[{"embeddable":true,"href":"https:\/\/www.france.no\/no\/wp-json\/wp\/v2\/users\/6"}],"replies":[{"embeddable":true,"href":"https:\/\/www.france.no\/no\/wp-json\/wp\/v2\/comments?post=18362"}],"version-history":[{"count":4,"href":"https:\/\/www.france.no\/no\/wp-json\/wp\/v2\/posts\/18362\/revisions"}],"predecessor-version":[{"id":20174,"href":"https:\/\/www.france.no\/no\/wp-json\/wp\/v2\/posts\/18362\/revisions\/20174"}],"wp:featuredmedia":[{"embeddable":true,"href":"https:\/\/www.france.no\/no\/wp-json\/wp\/v2\/media\/18386"}],"wp:attachment":[{"href":"https:\/\/www.france.no\/no\/wp-json\/wp\/v2\/media?parent=18362"}],"wp:term":[{"taxonomy":"category","embeddable":true,"href":"https:\/\/www.france.no\/no\/wp-json\/wp\/v2\/categories?post=18362"},{"taxonomy":"post_tag","embeddable":true,"href":"https:\/\/www.france.no\/no\/wp-json\/wp\/v2\/tags?post=18362"}],"curies":[{"name":"wp","href":"https:\/\/api.w.org\/{rel}","templated":true}]}}