{"id":18368,"date":"2025-12-08T17:14:00","date_gmt":"2025-12-08T16:14:00","guid":{"rendered":"https:\/\/www.france.no\/?p=18368"},"modified":"2025-12-18T13:31:27","modified_gmt":"2025-12-18T12:31:27","slug":"frankofonikonkurransen-2026","status":"publish","type":"post","link":"https:\/\/www.france.no\/no\/2025\/utdanning-og-fransk-sprak\/frankofonikonkurransen-2026\/","title":{"rendered":"Frankofonikonkurransen 2026"},"content":{"rendered":"\n<p><strong>I anledning <a href=\"https:\/\/www.francophonie.org\/\" target=\"_blank\" rel=\"noreferrer noopener\">den internasjonale frankofonidagen<\/a> arrangerer Institut fran\u00e7ais de Norv\u00e8ge, i samarbeid med <a href=\"https:\/\/www.hiof.no\/fss\/\" target=\"_blank\" rel=\"noreferrer noopener\">Fremmedspr\u00e5ksenteret<\/a> og <a href=\"https:\/\/fransklaereren.no\/\" target=\"_blank\" rel=\"noreferrer noopener\">Franskl\u00e6rerforeningen i Norge<\/a>, en konkurranse for franskklasser!<\/strong><\/p>\n\n\n\n<div class=\"wp-block-media-text has-media-on-the-right is-stacked-on-mobile\"><div class=\"wp-block-media-text__content\">\n<p class=\"has-background-background-color has-background has-large-font-size\"><strong><strong>Stor Kahoot-quiz:<\/strong><\/strong><br>20. mars 2026<\/p>\n<\/div><figure class=\"wp-block-media-text__media\"><a href=\"https:\/\/www.france.no\/wp-content\/uploads\/2025\/12\/carte_OIF_2025_800X600_page-0001-scaled.jpg\"><img loading=\"lazy\" decoding=\"async\" width=\"1024\" height=\"768\" src=\"https:\/\/www.france.no\/wp-content\/uploads\/2025\/12\/carte_OIF_2025_800X600_page-0001-1024x768.jpg\" alt=\"\" class=\"wp-image-18497 size-full\" srcset=\"https:\/\/www.france.no\/wp-content\/uploads\/2025\/12\/carte_OIF_2025_800X600_page-0001-1024x768.jpg 1024w, https:\/\/www.france.no\/wp-content\/uploads\/2025\/12\/carte_OIF_2025_800X600_page-0001-300x225.jpg 300w, https:\/\/www.france.no\/wp-content\/uploads\/2025\/12\/carte_OIF_2025_800X600_page-0001-768x576.jpg 768w, https:\/\/www.france.no\/wp-content\/uploads\/2025\/12\/carte_OIF_2025_800X600_page-0001-1536x1152.jpg 1536w, https:\/\/www.france.no\/wp-content\/uploads\/2025\/12\/carte_OIF_2025_800X600_page-0001-2048x1536.jpg 2048w, https:\/\/www.france.no\/wp-content\/uploads\/2025\/12\/carte_OIF_2025_800X600_page-0001-1200x900.jpg 1200w, https:\/\/www.france.no\/wp-content\/uploads\/2025\/12\/carte_OIF_2025_800X600_page-0001-1980x1485.jpg 1980w\" sizes=\"auto, (max-width: 1024px) 100vw, 1024px\" \/><\/a><\/figure><\/div>\n\n\n\n<h4 class=\"wp-block-heading\">P\u00e5 programmet<\/h4>\n\n\n\n<ul class=\"wp-block-list\">\n<li>Pedagogiske ressurser om ulike frankofone land<\/li>\n\n\n\n<li>Oppgaver og aktiviteter som kan gjennomf\u00f8res i klasserommet<\/li>\n\n\n\n<li>Den store Kahoot-quizzen 20. mars for \u00e5 feire <a href=\"https:\/\/www.francophonie.org\/\">frankofonien<\/a><\/li>\n<\/ul>\n\n\n\n<h4 class=\"wp-block-heading\">Ressursene vil snart v\u00e6re tilgjengelige<\/h4>\n\n\n\n<ul class=\"wp-block-list\">\n<li>P\u00e5 Institut fran\u00e7ais de Norv\u00e8ge sin nettside<\/li>\n\n\n\n<li>P\u00e5 l\u00e6ringsplattformen <a href=\"https:\/\/ifprofs.org\/\" target=\"_blank\" rel=\"noreferrer noopener\">IFprofs<\/a><\/li>\n<\/ul>\n\n\n\n<p><strong>Har du sp\u00f8rsm\u00e5l? <\/strong>Ta kontakt med Institut fran\u00e7ais de Norv\u00e8ge.<\/p>\n\n\n\n<figure class=\"wp-block-embed is-type-video is-provider-youtube wp-block-embed-youtube wp-embed-aspect-16-9 wp-has-aspect-ratio\"><div class=\"wp-block-embed__wrapper\">\n<div class=\"rve\" data-content-width=\"580\"><iframe loading=\"lazy\" title=\"Qu\u2019est-ce que l\u2019Organisation internationale de la Francophonie ?\" width=\"580\" height=\"326\" src=\"https:\/\/www.youtube.com\/embed\/aqe--ywHPQw?feature=oembed\" frameborder=\"0\" allow=\"accelerometer; autoplay; clipboard-write; encrypted-media; gyroscope; picture-in-picture; web-share\" referrerpolicy=\"strict-origin-when-cross-origin\" allowfullscreen><\/iframe><\/div><!-- Responsive Video Embeds plugin by www.kevinleary.net -->\n<\/div><\/figure>\n","protected":false},"excerpt":{"rendered":"<p>I anledning den internasjonale frankofonidagen arrangerer Institut fran\u00e7ais de Norv\u00e8ge, i samarbeid med Fremmedspr\u00e5ksenteret og Franskl\u00e6rerforeningen i Norge, en konkurranse for franskklasser! Stor Kahoot-quiz:20. mars 2026 P\u00e5 programmet Ressursene vil snart v\u00e6re tilgjengelige Har du sp\u00f8rsm\u00e5l? Ta kontakt med Institut fran\u00e7ais de Norv\u00e8ge.<\/p>\n","protected":false},"author":6,"featured_media":18485,"comment_status":"closed","ping_status":"open","sticky":false,"template":"","format":"standard","meta":{"footnotes":""},"categories":[13],"tags":[592,1475,977,971,1481,1478,1484],"class_list":["post-18368","post","type-post","status-publish","format-standard","has-post-thumbnail","hentry","category-utdanning-og-fransk-sprak","tag-francophonie-no","tag-frankofoni","tag-fransk","tag-fransk-som-fremmedsprak","tag-fransklassen","tag-konkurranse","tag-lek"],"yoast_head":"<!-- This site is optimized with the Yoast SEO plugin v27.3 - https:\/\/yoast.com\/product\/yoast-seo-wordpress\/ -->\n<title>Frankofonikonkurransen 2026 - Institut fran\u00e7ais<\/title>\n<meta name=\"robots\" content=\"index, follow, max-snippet:-1, max-image-preview:large, max-video-preview:-1\" \/>\n<link rel=\"canonical\" href=\"https:\/\/www.france.no\/no\/2025\/utdanning-og-fransk-sprak\/frankofonikonkurransen-2026\/\" \/>\n<meta property=\"og:locale\" content=\"nb_NO\" \/>\n<meta property=\"og:type\" content=\"article\" \/>\n<meta property=\"og:title\" content=\"Frankofonikonkurransen 2026 - Institut fran\u00e7ais\" \/>\n<meta property=\"og:description\" content=\"I anledning den internasjonale frankofonidagen arrangerer Institut fran\u00e7ais de Norv\u00e8ge, i samarbeid med Fremmedspr\u00e5ksenteret og Franskl\u00e6rerforeningen i Norge, en konkurranse for franskklasser! Stor Kahoot-quiz:20. mars 2026 P\u00e5 programmet Ressursene vil snart v\u00e6re tilgjengelige Har du sp\u00f8rsm\u00e5l? Ta kontakt med Institut fran\u00e7ais de Norv\u00e8ge.\" \/>\n<meta property=\"og:url\" content=\"https:\/\/www.france.no\/no\/2025\/utdanning-og-fransk-sprak\/frankofonikonkurransen-2026\/\" \/>\n<meta property=\"og:site_name\" content=\"Institut fran\u00e7ais\" \/>\n<meta property=\"article:publisher\" content=\"https:\/\/www.facebook.com\/institutfrancaisoslo\" \/>\n<meta property=\"article:published_time\" content=\"2025-12-08T16:14:00+00:00\" \/>\n<meta property=\"article:modified_time\" content=\"2025-12-18T12:31:27+00:00\" \/>\n<meta property=\"og:image\" content=\"https:\/\/www.france.no\/wp-content\/uploads\/2025\/12\/francophonie-1046x617.jpg\" \/>\n\t<meta property=\"og:image:width\" content=\"1046\" \/>\n\t<meta property=\"og:image:height\" content=\"664\" \/>\n\t<meta property=\"og:image:type\" content=\"image\/jpeg\" \/>\n<meta name=\"author\" content=\"P\u00f4le Communication\" \/>\n<meta name=\"twitter:card\" content=\"summary_large_image\" \/>\n<meta name=\"twitter:creator\" content=\"@ifnorvege\" \/>\n<meta name=\"twitter:site\" content=\"@ifnorvege\" \/>\n<meta name=\"twitter:label1\" content=\"Skrevet av\" \/>\n\t<meta name=\"twitter:data1\" content=\"P\u00f4le Communication\" \/>\n\t<meta name=\"twitter:label2\" content=\"Ansl. lesetid\" \/>\n\t<meta name=\"twitter:data2\" content=\"1 minutt\" \/>\n<script type=\"application\/ld+json\" class=\"yoast-schema-graph\">{\"@context\":\"https:\\\/\\\/schema.org\",\"@graph\":[{\"@type\":\"Article\",\"@id\":\"https:\\\/\\\/www.france.no\\\/no\\\/2025\\\/utdanning-og-fransk-sprak\\\/frankofonikonkurransen-2026\\\/#article\",\"isPartOf\":{\"@id\":\"https:\\\/\\\/www.france.no\\\/no\\\/2025\\\/utdanning-og-fransk-sprak\\\/frankofonikonkurransen-2026\\\/\"},\"author\":{\"name\":\"P\u00f4le Communication\",\"@id\":\"https:\\\/\\\/www.france.no\\\/no\\\/#\\\/schema\\\/person\\\/e911222e8703f294589a6d80b1c16f97\"},\"headline\":\"Frankofonikonkurransen 2026\",\"datePublished\":\"2025-12-08T16:14:00+00:00\",\"dateModified\":\"2025-12-18T12:31:27+00:00\",\"mainEntityOfPage\":{\"@id\":\"https:\\\/\\\/www.france.no\\\/no\\\/2025\\\/utdanning-og-fransk-sprak\\\/frankofonikonkurransen-2026\\\/\"},\"wordCount\":94,\"publisher\":{\"@id\":\"https:\\\/\\\/www.france.no\\\/no\\\/#organization\"},\"image\":{\"@id\":\"https:\\\/\\\/www.france.no\\\/no\\\/2025\\\/utdanning-og-fransk-sprak\\\/frankofonikonkurransen-2026\\\/#primaryimage\"},\"thumbnailUrl\":\"https:\\\/\\\/www.france.no\\\/wp-content\\\/uploads\\\/2025\\\/12\\\/francophonie-1046x617.jpg\",\"keywords\":[\"francophonie\",\"frankofoni\",\"fransk\",\"fransk som fremmedspr\u00e5k\",\"fransklassen\",\"konkurranse\",\"lek\"],\"articleSection\":[\"Utdannelse og Fransk spr\u00e5ksamarbeid\"],\"inLanguage\":\"nb-NO\"},{\"@type\":\"WebPage\",\"@id\":\"https:\\\/\\\/www.france.no\\\/no\\\/2025\\\/utdanning-og-fransk-sprak\\\/frankofonikonkurransen-2026\\\/\",\"url\":\"https:\\\/\\\/www.france.no\\\/no\\\/2025\\\/utdanning-og-fransk-sprak\\\/frankofonikonkurransen-2026\\\/\",\"name\":\"Frankofonikonkurransen 2026 - Institut fran\u00e7ais\",\"isPartOf\":{\"@id\":\"https:\\\/\\\/www.france.no\\\/no\\\/#website\"},\"primaryImageOfPage\":{\"@id\":\"https:\\\/\\\/www.france.no\\\/no\\\/2025\\\/utdanning-og-fransk-sprak\\\/frankofonikonkurransen-2026\\\/#primaryimage\"},\"image\":{\"@id\":\"https:\\\/\\\/www.france.no\\\/no\\\/2025\\\/utdanning-og-fransk-sprak\\\/frankofonikonkurransen-2026\\\/#primaryimage\"},\"thumbnailUrl\":\"https:\\\/\\\/www.france.no\\\/wp-content\\\/uploads\\\/2025\\\/12\\\/francophonie-1046x617.jpg\",\"datePublished\":\"2025-12-08T16:14:00+00:00\",\"dateModified\":\"2025-12-18T12:31:27+00:00\",\"breadcrumb\":{\"@id\":\"https:\\\/\\\/www.france.no\\\/no\\\/2025\\\/utdanning-og-fransk-sprak\\\/frankofonikonkurransen-2026\\\/#breadcrumb\"},\"inLanguage\":\"nb-NO\",\"potentialAction\":[{\"@type\":\"ReadAction\",\"target\":[\"https:\\\/\\\/www.france.no\\\/no\\\/2025\\\/utdanning-og-fransk-sprak\\\/frankofonikonkurransen-2026\\\/\"]}]},{\"@type\":\"ImageObject\",\"inLanguage\":\"nb-NO\",\"@id\":\"https:\\\/\\\/www.france.no\\\/no\\\/2025\\\/utdanning-og-fransk-sprak\\\/frankofonikonkurransen-2026\\\/#primaryimage\",\"url\":\"https:\\\/\\\/www.france.no\\\/wp-content\\\/uploads\\\/2025\\\/12\\\/francophonie-1046x617.jpg\",\"contentUrl\":\"https:\\\/\\\/www.france.no\\\/wp-content\\\/uploads\\\/2025\\\/12\\\/francophonie-1046x617.jpg\",\"width\":1046,\"height\":664,\"caption\":\"Foto: Organisation internationale de la Francophonie (OIF)\"},{\"@type\":\"BreadcrumbList\",\"@id\":\"https:\\\/\\\/www.france.no\\\/no\\\/2025\\\/utdanning-og-fransk-sprak\\\/frankofonikonkurransen-2026\\\/#breadcrumb\",\"itemListElement\":[{\"@type\":\"ListItem\",\"position\":1,\"name\":\"\",\"item\":\"https:\\\/\\\/www.france.no\\\/no\\\/\"},{\"@type\":\"ListItem\",\"position\":2,\"name\":\"Frankofonikonkurransen 2026\"}]},{\"@type\":\"WebSite\",\"@id\":\"https:\\\/\\\/www.france.no\\\/no\\\/#website\",\"url\":\"https:\\\/\\\/www.france.no\\\/no\\\/\",\"name\":\"Institut fran\u00e7ais\",\"description\":\"Norv\u00e8ge\",\"publisher\":{\"@id\":\"https:\\\/\\\/www.france.no\\\/no\\\/#organization\"},\"potentialAction\":[{\"@type\":\"SearchAction\",\"target\":{\"@type\":\"EntryPoint\",\"urlTemplate\":\"https:\\\/\\\/www.france.no\\\/no\\\/?s={search_term_string}\"},\"query-input\":{\"@type\":\"PropertyValueSpecification\",\"valueRequired\":true,\"valueName\":\"search_term_string\"}}],\"inLanguage\":\"nb-NO\"},{\"@type\":\"Organization\",\"@id\":\"https:\\\/\\\/www.france.no\\\/no\\\/#organization\",\"name\":\"Institut fran\u00e7ais\",\"url\":\"https:\\\/\\\/www.france.no\\\/no\\\/\",\"logo\":{\"@type\":\"ImageObject\",\"inLanguage\":\"nb-NO\",\"@id\":\"https:\\\/\\\/www.france.no\\\/no\\\/#\\\/schema\\\/logo\\\/image\\\/\",\"url\":\"https:\\\/\\\/www.france.no\\\/wp-content\\\/uploads\\\/2022\\\/11\\\/IF_Logo_Sans_Bleu_RVB.png\",\"contentUrl\":\"https:\\\/\\\/www.france.no\\\/wp-content\\\/uploads\\\/2022\\\/11\\\/IF_Logo_Sans_Bleu_RVB.png\",\"width\":852,\"height\":591,\"caption\":\"Institut fran\u00e7ais\"},\"image\":{\"@id\":\"https:\\\/\\\/www.france.no\\\/no\\\/#\\\/schema\\\/logo\\\/image\\\/\"},\"sameAs\":[\"https:\\\/\\\/www.facebook.com\\\/institutfrancaisoslo\",\"https:\\\/\\\/x.com\\\/ifnorvege\",\"https:\\\/\\\/instagram.com\\\/ifnorvege\"]},{\"@type\":\"Person\",\"@id\":\"https:\\\/\\\/www.france.no\\\/no\\\/#\\\/schema\\\/person\\\/e911222e8703f294589a6d80b1c16f97\",\"name\":\"P\u00f4le Communication\",\"image\":{\"@type\":\"ImageObject\",\"inLanguage\":\"nb-NO\",\"@id\":\"https:\\\/\\\/secure.gravatar.com\\\/avatar\\\/20ae085a8b5fd613a02d28588389144802d3ba9408c852b2c6c7c4b17cc39660?s=96&d=mm&r=g\",\"url\":\"https:\\\/\\\/secure.gravatar.com\\\/avatar\\\/20ae085a8b5fd613a02d28588389144802d3ba9408c852b2c6c7c4b17cc39660?s=96&d=mm&r=g\",\"contentUrl\":\"https:\\\/\\\/secure.gravatar.com\\\/avatar\\\/20ae085a8b5fd613a02d28588389144802d3ba9408c852b2c6c7c4b17cc39660?s=96&d=mm&r=g\",\"caption\":\"P\u00f4le Communication\"},\"url\":\"https:\\\/\\\/www.france.no\\\/no\\\/author\\\/polecom\\\/\"}]}<\/script>\n<!-- \/ Yoast SEO plugin. -->","yoast_head_json":{"title":"Frankofonikonkurransen 2026 - Institut fran\u00e7ais","robots":{"index":"index","follow":"follow","max-snippet":"max-snippet:-1","max-image-preview":"max-image-preview:large","max-video-preview":"max-video-preview:-1"},"canonical":"https:\/\/www.france.no\/no\/2025\/utdanning-og-fransk-sprak\/frankofonikonkurransen-2026\/","og_locale":"nb_NO","og_type":"article","og_title":"Frankofonikonkurransen 2026 - Institut fran\u00e7ais","og_description":"I anledning den internasjonale frankofonidagen arrangerer Institut fran\u00e7ais de Norv\u00e8ge, i samarbeid med Fremmedspr\u00e5ksenteret og Franskl\u00e6rerforeningen i Norge, en konkurranse for franskklasser! Stor Kahoot-quiz:20. mars 2026 P\u00e5 programmet Ressursene vil snart v\u00e6re tilgjengelige Har du sp\u00f8rsm\u00e5l? Ta kontakt med Institut fran\u00e7ais de Norv\u00e8ge.","og_url":"https:\/\/www.france.no\/no\/2025\/utdanning-og-fransk-sprak\/frankofonikonkurransen-2026\/","og_site_name":"Institut fran\u00e7ais","article_publisher":"https:\/\/www.facebook.com\/institutfrancaisoslo","article_published_time":"2025-12-08T16:14:00+00:00","article_modified_time":"2025-12-18T12:31:27+00:00","og_image":[{"width":1046,"height":664,"url":"https:\/\/www.france.no\/wp-content\/uploads\/2025\/12\/francophonie-1046x617.jpg","type":"image\/jpeg"}],"author":"P\u00f4le Communication","twitter_card":"summary_large_image","twitter_creator":"@ifnorvege","twitter_site":"@ifnorvege","twitter_misc":{"Skrevet av":"P\u00f4le Communication","Ansl. lesetid":"1 minutt"},"schema":{"@context":"https:\/\/schema.org","@graph":[{"@type":"Article","@id":"https:\/\/www.france.no\/no\/2025\/utdanning-og-fransk-sprak\/frankofonikonkurransen-2026\/#article","isPartOf":{"@id":"https:\/\/www.france.no\/no\/2025\/utdanning-og-fransk-sprak\/frankofonikonkurransen-2026\/"},"author":{"name":"P\u00f4le Communication","@id":"https:\/\/www.france.no\/no\/#\/schema\/person\/e911222e8703f294589a6d80b1c16f97"},"headline":"Frankofonikonkurransen 2026","datePublished":"2025-12-08T16:14:00+00:00","dateModified":"2025-12-18T12:31:27+00:00","mainEntityOfPage":{"@id":"https:\/\/www.france.no\/no\/2025\/utdanning-og-fransk-sprak\/frankofonikonkurransen-2026\/"},"wordCount":94,"publisher":{"@id":"https:\/\/www.france.no\/no\/#organization"},"image":{"@id":"https:\/\/www.france.no\/no\/2025\/utdanning-og-fransk-sprak\/frankofonikonkurransen-2026\/#primaryimage"},"thumbnailUrl":"https:\/\/www.france.no\/wp-content\/uploads\/2025\/12\/francophonie-1046x617.jpg","keywords":["francophonie","frankofoni","fransk","fransk som fremmedspr\u00e5k","fransklassen","konkurranse","lek"],"articleSection":["Utdannelse og Fransk spr\u00e5ksamarbeid"],"inLanguage":"nb-NO"},{"@type":"WebPage","@id":"https:\/\/www.france.no\/no\/2025\/utdanning-og-fransk-sprak\/frankofonikonkurransen-2026\/","url":"https:\/\/www.france.no\/no\/2025\/utdanning-og-fransk-sprak\/frankofonikonkurransen-2026\/","name":"Frankofonikonkurransen 2026 - Institut fran\u00e7ais","isPartOf":{"@id":"https:\/\/www.france.no\/no\/#website"},"primaryImageOfPage":{"@id":"https:\/\/www.france.no\/no\/2025\/utdanning-og-fransk-sprak\/frankofonikonkurransen-2026\/#primaryimage"},"image":{"@id":"https:\/\/www.france.no\/no\/2025\/utdanning-og-fransk-sprak\/frankofonikonkurransen-2026\/#primaryimage"},"thumbnailUrl":"https:\/\/www.france.no\/wp-content\/uploads\/2025\/12\/francophonie-1046x617.jpg","datePublished":"2025-12-08T16:14:00+00:00","dateModified":"2025-12-18T12:31:27+00:00","breadcrumb":{"@id":"https:\/\/www.france.no\/no\/2025\/utdanning-og-fransk-sprak\/frankofonikonkurransen-2026\/#breadcrumb"},"inLanguage":"nb-NO","potentialAction":[{"@type":"ReadAction","target":["https:\/\/www.france.no\/no\/2025\/utdanning-og-fransk-sprak\/frankofonikonkurransen-2026\/"]}]},{"@type":"ImageObject","inLanguage":"nb-NO","@id":"https:\/\/www.france.no\/no\/2025\/utdanning-og-fransk-sprak\/frankofonikonkurransen-2026\/#primaryimage","url":"https:\/\/www.france.no\/wp-content\/uploads\/2025\/12\/francophonie-1046x617.jpg","contentUrl":"https:\/\/www.france.no\/wp-content\/uploads\/2025\/12\/francophonie-1046x617.jpg","width":1046,"height":664,"caption":"Foto: Organisation internationale de la Francophonie (OIF)"},{"@type":"BreadcrumbList","@id":"https:\/\/www.france.no\/no\/2025\/utdanning-og-fransk-sprak\/frankofonikonkurransen-2026\/#breadcrumb","itemListElement":[{"@type":"ListItem","position":1,"name":"","item":"https:\/\/www.france.no\/no\/"},{"@type":"ListItem","position":2,"name":"Frankofonikonkurransen 2026"}]},{"@type":"WebSite","@id":"https:\/\/www.france.no\/no\/#website","url":"https:\/\/www.france.no\/no\/","name":"Institut fran\u00e7ais","description":"Norv\u00e8ge","publisher":{"@id":"https:\/\/www.france.no\/no\/#organization"},"potentialAction":[{"@type":"SearchAction","target":{"@type":"EntryPoint","urlTemplate":"https:\/\/www.france.no\/no\/?s={search_term_string}"},"query-input":{"@type":"PropertyValueSpecification","valueRequired":true,"valueName":"search_term_string"}}],"inLanguage":"nb-NO"},{"@type":"Organization","@id":"https:\/\/www.france.no\/no\/#organization","name":"Institut fran\u00e7ais","url":"https:\/\/www.france.no\/no\/","logo":{"@type":"ImageObject","inLanguage":"nb-NO","@id":"https:\/\/www.france.no\/no\/#\/schema\/logo\/image\/","url":"https:\/\/www.france.no\/wp-content\/uploads\/2022\/11\/IF_Logo_Sans_Bleu_RVB.png","contentUrl":"https:\/\/www.france.no\/wp-content\/uploads\/2022\/11\/IF_Logo_Sans_Bleu_RVB.png","width":852,"height":591,"caption":"Institut fran\u00e7ais"},"image":{"@id":"https:\/\/www.france.no\/no\/#\/schema\/logo\/image\/"},"sameAs":["https:\/\/www.facebook.com\/institutfrancaisoslo","https:\/\/x.com\/ifnorvege","https:\/\/instagram.com\/ifnorvege"]},{"@type":"Person","@id":"https:\/\/www.france.no\/no\/#\/schema\/person\/e911222e8703f294589a6d80b1c16f97","name":"P\u00f4le Communication","image":{"@type":"ImageObject","inLanguage":"nb-NO","@id":"https:\/\/secure.gravatar.com\/avatar\/20ae085a8b5fd613a02d28588389144802d3ba9408c852b2c6c7c4b17cc39660?s=96&d=mm&r=g","url":"https:\/\/secure.gravatar.com\/avatar\/20ae085a8b5fd613a02d28588389144802d3ba9408c852b2c6c7c4b17cc39660?s=96&d=mm&r=g","contentUrl":"https:\/\/secure.gravatar.com\/avatar\/20ae085a8b5fd613a02d28588389144802d3ba9408c852b2c6c7c4b17cc39660?s=96&d=mm&r=g","caption":"P\u00f4le Communication"},"url":"https:\/\/www.france.no\/no\/author\/polecom\/"}]}},"_links":{"self":[{"href":"https:\/\/www.france.no\/no\/wp-json\/wp\/v2\/posts\/18368","targetHints":{"allow":["GET"]}}],"collection":[{"href":"https:\/\/www.france.no\/no\/wp-json\/wp\/v2\/posts"}],"about":[{"href":"https:\/\/www.france.no\/no\/wp-json\/wp\/v2\/types\/post"}],"author":[{"embeddable":true,"href":"https:\/\/www.france.no\/no\/wp-json\/wp\/v2\/users\/6"}],"replies":[{"embeddable":true,"href":"https:\/\/www.france.no\/no\/wp-json\/wp\/v2\/comments?post=18368"}],"version-history":[{"count":25,"href":"https:\/\/www.france.no\/no\/wp-json\/wp\/v2\/posts\/18368\/revisions"}],"predecessor-version":[{"id":18743,"href":"https:\/\/www.france.no\/no\/wp-json\/wp\/v2\/posts\/18368\/revisions\/18743"}],"wp:featuredmedia":[{"embeddable":true,"href":"https:\/\/www.france.no\/no\/wp-json\/wp\/v2\/media\/18485"}],"wp:attachment":[{"href":"https:\/\/www.france.no\/no\/wp-json\/wp\/v2\/media?parent=18368"}],"wp:term":[{"taxonomy":"category","embeddable":true,"href":"https:\/\/www.france.no\/no\/wp-json\/wp\/v2\/categories?post=18368"},{"taxonomy":"post_tag","embeddable":true,"href":"https:\/\/www.france.no\/no\/wp-json\/wp\/v2\/tags?post=18368"}],"curies":[{"name":"wp","href":"https:\/\/api.w.org\/{rel}","templated":true}]}}