{"id":2148,"date":"2022-10-19T00:00:00","date_gmt":"2022-10-18T22:00:00","guid":{"rendered":"https:\/\/www.france.no\/2022\/culture\/bergen-international-film-festival\/"},"modified":"2022-10-19T00:00:00","modified_gmt":"2022-10-18T22:00:00","slug":"bergen-international-film-festival","status":"publish","type":"post","link":"https:\/\/www.france.no\/no\/2022\/kultur\/bergen-international-film-festival\/","title":{"rendered":"Bergen International Film Festival"},"content":{"rendered":"<p><span style=\"font-size: 12pt;\">Institut fran\u00e7ais de Norv\u00e8ge is pleased to support the French programming of <strong>Bergen International Film Festival<\/strong>, which will take place <strong>from October 19th to 27th in Bergen<\/strong>!<\/span><\/p>\n<p><span style=\"font-size: 12pt;\">The following French co\/productions will be screened:<\/span><\/p>\n<ul>\n<li style=\"list-style-type: none;\">\n<ul style=\"list-style-type: disc;\">\n<li>\n<div dir=\"auto\"><span style=\"font-size: 12pt;\"><em><a href=\"https:\/\/www.biff.no\/f\/the-worst-ones\/5333\">The Worst Ones<\/a><\/em> by Lise Akoka and Romane Gueret<\/span><\/div>\n<\/li>\n<li>\n<div dir=\"auto\"><span style=\"font-size: 12pt;\"><a href=\"https:\/\/www.biff.no\/f\/will-o-the-wisp-beautiful-stranger\/5245\"><em>Beautiful Stranger<\/em><\/a> by Benjamin Belloir (in the presence of the director)<\/span><\/div>\n<\/li>\n<li>\n<div dir=\"auto\"><span style=\"font-size: 12pt;\"><a href=\"https:\/\/www.biff.no\/f\/eiketreet-og-dyrene-som-bor-der\/5275\"><em>Heart of Oak<\/em> <\/a>by Laurent Charbonnier and Michel Seydoux<\/span><\/div>\n<\/li>\n<li>\n<div dir=\"auto\"><span style=\"font-size: 12pt;\"><a href=\"https:\/\/www.biff.no\/f\/allons-enfants\/5314\"><em>Rookies<\/em><\/a> by Thierry Demaizi\u00e8re and Alban Teurlai<\/span><\/div>\n<\/li>\n<li>\n<div dir=\"auto\"><span style=\"font-size: 12pt;\"><a href=\"https:\/\/www.biff.no\/f\/the-innocent\/5330\"><em>The Innocent<\/em><\/a> by Louis Garrel<\/span><\/div>\n<\/li>\n<li>\n<div dir=\"auto\"><span style=\"font-size: 12pt;\"><a href=\"https:\/\/www.biff.no\/f\/en-vakker-morgen\/5231\"><em>One Fine Morning<\/em><\/a> by Mia Hansen-L\u00f8ve<\/span><\/div>\n<\/li>\n<li>\n<div dir=\"auto\"><span style=\"font-size: 12pt;\"><a href=\"https:\/\/www.biff.no\/f\/de-humani-corporis-fabrica\/5252\"><em>De Humani Corporis Fabrica<\/em><\/a> by V\u00e9r\u00e9na Paravel and Lucien Castaing-Taylor<\/span><\/div>\n<\/li>\n<li>\n<div dir=\"auto\"><span style=\"font-size: 12pt;\"><a href=\"https:\/\/www.biff.no\/f\/pamfir\/5232\"><em>Pamfir<\/em><\/a> by Dmytro Sukholytkyy-Sobchuk<\/span><\/div>\n<\/li>\n<\/ul>\n<\/li>\n<\/ul>\n<p><span style=\"font-size: 12pt;\">Find more information on the <a href=\"https:\/\/www.biff.no\/\">festival website<\/a>.<\/span><\/p>\n","protected":false},"excerpt":{"rendered":"<p>Institut fran\u00e7ais de Norv\u00e8ge is pleased to support the French programming of Bergen International Film Festival, which will take place from October 19th to 27th in Bergen! The following French co\/productions will be screened: The Worst Ones by Lise Akoka and Romane Gueret Beautiful Stranger by Benjamin Belloir (in the presence of the director) Heart [&hellip;]<\/p>\n","protected":false},"author":1,"featured_media":1968,"comment_status":"closed","ping_status":"closed","sticky":false,"template":"","format":"standard","meta":{"footnotes":""},"categories":[5],"tags":[],"class_list":["post-2148","post","type-post","status-publish","format-standard","has-post-thumbnail","hentry","category-kultur"],"yoast_head":"<!-- This site is optimized with the Yoast SEO plugin v24.2 - https:\/\/yoast.com\/wordpress\/plugins\/seo\/ -->\n<title>Bergen International Film Festival - Institut fran\u00e7ais<\/title>\n<meta name=\"robots\" content=\"index, follow, max-snippet:-1, max-image-preview:large, max-video-preview:-1\" \/>\n<link rel=\"canonical\" href=\"https:\/\/www.france.no\/no\/2022\/kultur\/bergen-international-film-festival\/\" \/>\n<meta property=\"og:locale\" content=\"nb_NO\" \/>\n<meta property=\"og:type\" content=\"article\" \/>\n<meta property=\"og:title\" content=\"Bergen International Film Festival - Institut fran\u00e7ais\" \/>\n<meta property=\"og:description\" content=\"Institut fran\u00e7ais de Norv\u00e8ge is pleased to support the French programming of Bergen International Film Festival, which will take place from October 19th to 27th in Bergen! The following French co\/productions will be screened: The Worst Ones by Lise Akoka and Romane Gueret Beautiful Stranger by Benjamin Belloir (in the presence of the director) Heart [&hellip;]\" \/>\n<meta property=\"og:url\" content=\"https:\/\/www.france.no\/no\/2022\/kultur\/bergen-international-film-festival\/\" \/>\n<meta property=\"og:site_name\" content=\"Institut fran\u00e7ais\" \/>\n<meta property=\"article:publisher\" content=\"https:\/\/www.facebook.com\/institutfrancaisoslo\" \/>\n<meta property=\"article:published_time\" content=\"2022-10-18T22:00:00+00:00\" \/>\n<meta property=\"og:image\" content=\"https:\/\/www.france.no\/wp-content\/uploads\/2022\/12\/300799484_612132520355553_6751883786144285986_n-1098x617.jpg\" \/>\n\t<meta property=\"og:image:width\" content=\"1920\" \/>\n\t<meta property=\"og:image:height\" content=\"1005\" \/>\n\t<meta property=\"og:image:type\" content=\"image\/jpeg\" \/>\n<meta name=\"author\" content=\"admin_ifno\" \/>\n<meta name=\"twitter:card\" content=\"summary_large_image\" \/>\n<meta name=\"twitter:creator\" content=\"@ifnorvege\" \/>\n<meta name=\"twitter:site\" content=\"@ifnorvege\" \/>\n<meta name=\"twitter:label1\" content=\"Skrevet av\" \/>\n\t<meta name=\"twitter:data1\" content=\"admin_ifno\" \/>\n\t<meta name=\"twitter:label2\" content=\"Ansl. lesetid\" \/>\n\t<meta name=\"twitter:data2\" content=\"1 minutt\" \/>\n<script type=\"application\/ld+json\" class=\"yoast-schema-graph\">{\"@context\":\"https:\/\/schema.org\",\"@graph\":[{\"@type\":\"Article\",\"@id\":\"https:\/\/www.france.no\/no\/2022\/kultur\/bergen-international-film-festival\/#article\",\"isPartOf\":{\"@id\":\"https:\/\/www.france.no\/no\/2022\/kultur\/bergen-international-film-festival\/\"},\"author\":{\"name\":\"admin_ifno\",\"@id\":\"https:\/\/www.france.no\/no\/#\/schema\/person\/4fdc0b263d8f27bb00a55f55d2fa3ab0\"},\"headline\":\"Bergen International Film Festival\",\"datePublished\":\"2022-10-18T22:00:00+00:00\",\"dateModified\":\"2022-10-18T22:00:00+00:00\",\"mainEntityOfPage\":{\"@id\":\"https:\/\/www.france.no\/no\/2022\/kultur\/bergen-international-film-festival\/\"},\"wordCount\":113,\"publisher\":{\"@id\":\"https:\/\/www.france.no\/no\/#organization\"},\"image\":{\"@id\":\"https:\/\/www.france.no\/no\/2022\/kultur\/bergen-international-film-festival\/#primaryimage\"},\"thumbnailUrl\":\"https:\/\/www.france.no\/wp-content\/uploads\/2022\/12\/300799484_612132520355553_6751883786144285986_n-1098x617.jpg\",\"articleSection\":[\"Kultur\"],\"inLanguage\":\"nb-NO\"},{\"@type\":\"WebPage\",\"@id\":\"https:\/\/www.france.no\/no\/2022\/kultur\/bergen-international-film-festival\/\",\"url\":\"https:\/\/www.france.no\/no\/2022\/kultur\/bergen-international-film-festival\/\",\"name\":\"Bergen International Film Festival - Institut fran\u00e7ais\",\"isPartOf\":{\"@id\":\"https:\/\/www.france.no\/no\/#website\"},\"primaryImageOfPage\":{\"@id\":\"https:\/\/www.france.no\/no\/2022\/kultur\/bergen-international-film-festival\/#primaryimage\"},\"image\":{\"@id\":\"https:\/\/www.france.no\/no\/2022\/kultur\/bergen-international-film-festival\/#primaryimage\"},\"thumbnailUrl\":\"https:\/\/www.france.no\/wp-content\/uploads\/2022\/12\/300799484_612132520355553_6751883786144285986_n-1098x617.jpg\",\"datePublished\":\"2022-10-18T22:00:00+00:00\",\"dateModified\":\"2022-10-18T22:00:00+00:00\",\"breadcrumb\":{\"@id\":\"https:\/\/www.france.no\/no\/2022\/kultur\/bergen-international-film-festival\/#breadcrumb\"},\"inLanguage\":\"nb-NO\",\"potentialAction\":[{\"@type\":\"ReadAction\",\"target\":[\"https:\/\/www.france.no\/no\/2022\/kultur\/bergen-international-film-festival\/\"]}]},{\"@type\":\"ImageObject\",\"inLanguage\":\"nb-NO\",\"@id\":\"https:\/\/www.france.no\/no\/2022\/kultur\/bergen-international-film-festival\/#primaryimage\",\"url\":\"https:\/\/www.france.no\/wp-content\/uploads\/2022\/12\/300799484_612132520355553_6751883786144285986_n-1098x617.jpg\",\"contentUrl\":\"https:\/\/www.france.no\/wp-content\/uploads\/2022\/12\/300799484_612132520355553_6751883786144285986_n-1098x617.jpg\",\"width\":1920,\"height\":1005},{\"@type\":\"BreadcrumbList\",\"@id\":\"https:\/\/www.france.no\/no\/2022\/kultur\/bergen-international-film-festival\/#breadcrumb\",\"itemListElement\":[{\"@type\":\"ListItem\",\"position\":1,\"name\":\"\",\"item\":\"https:\/\/www.france.no\/no\/\"},{\"@type\":\"ListItem\",\"position\":2,\"name\":\"Kultur\",\"item\":\"https:\/\/www.france.no\/no\/category\/kultur\/\"},{\"@type\":\"ListItem\",\"position\":3,\"name\":\"Bergen International Film Festival\"}]},{\"@type\":\"WebSite\",\"@id\":\"https:\/\/www.france.no\/no\/#website\",\"url\":\"https:\/\/www.france.no\/no\/\",\"name\":\"Institut fran\u00e7ais\",\"description\":\"Norv\u00e8ge\",\"publisher\":{\"@id\":\"https:\/\/www.france.no\/no\/#organization\"},\"potentialAction\":[{\"@type\":\"SearchAction\",\"target\":{\"@type\":\"EntryPoint\",\"urlTemplate\":\"https:\/\/www.france.no\/no\/?s={search_term_string}\"},\"query-input\":{\"@type\":\"PropertyValueSpecification\",\"valueRequired\":true,\"valueName\":\"search_term_string\"}}],\"inLanguage\":\"nb-NO\"},{\"@type\":\"Organization\",\"@id\":\"https:\/\/www.france.no\/no\/#organization\",\"name\":\"Institut fran\u00e7ais\",\"url\":\"https:\/\/www.france.no\/no\/\",\"logo\":{\"@type\":\"ImageObject\",\"inLanguage\":\"nb-NO\",\"@id\":\"https:\/\/www.france.no\/no\/#\/schema\/logo\/image\/\",\"url\":\"https:\/\/www.france.no\/wp-content\/uploads\/2022\/11\/IF_Logo_Sans_Bleu_RVB.png\",\"contentUrl\":\"https:\/\/www.france.no\/wp-content\/uploads\/2022\/11\/IF_Logo_Sans_Bleu_RVB.png\",\"width\":852,\"height\":591,\"caption\":\"Institut fran\u00e7ais\"},\"image\":{\"@id\":\"https:\/\/www.france.no\/no\/#\/schema\/logo\/image\/\"},\"sameAs\":[\"https:\/\/www.facebook.com\/institutfrancaisoslo\",\"https:\/\/x.com\/ifnorvege\",\"https:\/\/instagram.com\/ifnorvege\"]},{\"@type\":\"Person\",\"@id\":\"https:\/\/www.france.no\/no\/#\/schema\/person\/4fdc0b263d8f27bb00a55f55d2fa3ab0\",\"name\":\"admin_ifno\",\"image\":{\"@type\":\"ImageObject\",\"inLanguage\":\"nb-NO\",\"@id\":\"https:\/\/www.france.no\/no\/#\/schema\/person\/image\/\",\"url\":\"https:\/\/secure.gravatar.com\/avatar\/20f70e61054e6ae673edda3c0dc13670e46e51786443041c70a7eb2da859ae2a?s=96&d=mm&r=g\",\"contentUrl\":\"https:\/\/secure.gravatar.com\/avatar\/20f70e61054e6ae673edda3c0dc13670e46e51786443041c70a7eb2da859ae2a?s=96&d=mm&r=g\",\"caption\":\"admin_ifno\"},\"sameAs\":[\"https:\/\/www.france.no\"],\"url\":\"https:\/\/www.france.no\/no\/author\/admin_ifno\/\"}]}<\/script>\n<!-- \/ Yoast SEO plugin. -->","yoast_head_json":{"title":"Bergen International Film Festival - Institut fran\u00e7ais","robots":{"index":"index","follow":"follow","max-snippet":"max-snippet:-1","max-image-preview":"max-image-preview:large","max-video-preview":"max-video-preview:-1"},"canonical":"https:\/\/www.france.no\/no\/2022\/kultur\/bergen-international-film-festival\/","og_locale":"nb_NO","og_type":"article","og_title":"Bergen International Film Festival - Institut fran\u00e7ais","og_description":"Institut fran\u00e7ais de Norv\u00e8ge is pleased to support the French programming of Bergen International Film Festival, which will take place from October 19th to 27th in Bergen! The following French co\/productions will be screened: The Worst Ones by Lise Akoka and Romane Gueret Beautiful Stranger by Benjamin Belloir (in the presence of the director) Heart [&hellip;]","og_url":"https:\/\/www.france.no\/no\/2022\/kultur\/bergen-international-film-festival\/","og_site_name":"Institut fran\u00e7ais","article_publisher":"https:\/\/www.facebook.com\/institutfrancaisoslo","article_published_time":"2022-10-18T22:00:00+00:00","og_image":[{"width":1920,"height":1005,"url":"https:\/\/www.france.no\/wp-content\/uploads\/2022\/12\/300799484_612132520355553_6751883786144285986_n-1098x617.jpg","type":"image\/jpeg"}],"author":"admin_ifno","twitter_card":"summary_large_image","twitter_creator":"@ifnorvege","twitter_site":"@ifnorvege","twitter_misc":{"Skrevet av":"admin_ifno","Ansl. lesetid":"1 minutt"},"schema":{"@context":"https:\/\/schema.org","@graph":[{"@type":"Article","@id":"https:\/\/www.france.no\/no\/2022\/kultur\/bergen-international-film-festival\/#article","isPartOf":{"@id":"https:\/\/www.france.no\/no\/2022\/kultur\/bergen-international-film-festival\/"},"author":{"name":"admin_ifno","@id":"https:\/\/www.france.no\/no\/#\/schema\/person\/4fdc0b263d8f27bb00a55f55d2fa3ab0"},"headline":"Bergen International Film Festival","datePublished":"2022-10-18T22:00:00+00:00","dateModified":"2022-10-18T22:00:00+00:00","mainEntityOfPage":{"@id":"https:\/\/www.france.no\/no\/2022\/kultur\/bergen-international-film-festival\/"},"wordCount":113,"publisher":{"@id":"https:\/\/www.france.no\/no\/#organization"},"image":{"@id":"https:\/\/www.france.no\/no\/2022\/kultur\/bergen-international-film-festival\/#primaryimage"},"thumbnailUrl":"https:\/\/www.france.no\/wp-content\/uploads\/2022\/12\/300799484_612132520355553_6751883786144285986_n-1098x617.jpg","articleSection":["Kultur"],"inLanguage":"nb-NO"},{"@type":"WebPage","@id":"https:\/\/www.france.no\/no\/2022\/kultur\/bergen-international-film-festival\/","url":"https:\/\/www.france.no\/no\/2022\/kultur\/bergen-international-film-festival\/","name":"Bergen International Film Festival - Institut fran\u00e7ais","isPartOf":{"@id":"https:\/\/www.france.no\/no\/#website"},"primaryImageOfPage":{"@id":"https:\/\/www.france.no\/no\/2022\/kultur\/bergen-international-film-festival\/#primaryimage"},"image":{"@id":"https:\/\/www.france.no\/no\/2022\/kultur\/bergen-international-film-festival\/#primaryimage"},"thumbnailUrl":"https:\/\/www.france.no\/wp-content\/uploads\/2022\/12\/300799484_612132520355553_6751883786144285986_n-1098x617.jpg","datePublished":"2022-10-18T22:00:00+00:00","dateModified":"2022-10-18T22:00:00+00:00","breadcrumb":{"@id":"https:\/\/www.france.no\/no\/2022\/kultur\/bergen-international-film-festival\/#breadcrumb"},"inLanguage":"nb-NO","potentialAction":[{"@type":"ReadAction","target":["https:\/\/www.france.no\/no\/2022\/kultur\/bergen-international-film-festival\/"]}]},{"@type":"ImageObject","inLanguage":"nb-NO","@id":"https:\/\/www.france.no\/no\/2022\/kultur\/bergen-international-film-festival\/#primaryimage","url":"https:\/\/www.france.no\/wp-content\/uploads\/2022\/12\/300799484_612132520355553_6751883786144285986_n-1098x617.jpg","contentUrl":"https:\/\/www.france.no\/wp-content\/uploads\/2022\/12\/300799484_612132520355553_6751883786144285986_n-1098x617.jpg","width":1920,"height":1005},{"@type":"BreadcrumbList","@id":"https:\/\/www.france.no\/no\/2022\/kultur\/bergen-international-film-festival\/#breadcrumb","itemListElement":[{"@type":"ListItem","position":1,"name":"","item":"https:\/\/www.france.no\/no\/"},{"@type":"ListItem","position":2,"name":"Kultur","item":"https:\/\/www.france.no\/no\/category\/kultur\/"},{"@type":"ListItem","position":3,"name":"Bergen International Film Festival"}]},{"@type":"WebSite","@id":"https:\/\/www.france.no\/no\/#website","url":"https:\/\/www.france.no\/no\/","name":"Institut fran\u00e7ais","description":"Norv\u00e8ge","publisher":{"@id":"https:\/\/www.france.no\/no\/#organization"},"potentialAction":[{"@type":"SearchAction","target":{"@type":"EntryPoint","urlTemplate":"https:\/\/www.france.no\/no\/?s={search_term_string}"},"query-input":{"@type":"PropertyValueSpecification","valueRequired":true,"valueName":"search_term_string"}}],"inLanguage":"nb-NO"},{"@type":"Organization","@id":"https:\/\/www.france.no\/no\/#organization","name":"Institut fran\u00e7ais","url":"https:\/\/www.france.no\/no\/","logo":{"@type":"ImageObject","inLanguage":"nb-NO","@id":"https:\/\/www.france.no\/no\/#\/schema\/logo\/image\/","url":"https:\/\/www.france.no\/wp-content\/uploads\/2022\/11\/IF_Logo_Sans_Bleu_RVB.png","contentUrl":"https:\/\/www.france.no\/wp-content\/uploads\/2022\/11\/IF_Logo_Sans_Bleu_RVB.png","width":852,"height":591,"caption":"Institut fran\u00e7ais"},"image":{"@id":"https:\/\/www.france.no\/no\/#\/schema\/logo\/image\/"},"sameAs":["https:\/\/www.facebook.com\/institutfrancaisoslo","https:\/\/x.com\/ifnorvege","https:\/\/instagram.com\/ifnorvege"]},{"@type":"Person","@id":"https:\/\/www.france.no\/no\/#\/schema\/person\/4fdc0b263d8f27bb00a55f55d2fa3ab0","name":"admin_ifno","image":{"@type":"ImageObject","inLanguage":"nb-NO","@id":"https:\/\/www.france.no\/no\/#\/schema\/person\/image\/","url":"https:\/\/secure.gravatar.com\/avatar\/20f70e61054e6ae673edda3c0dc13670e46e51786443041c70a7eb2da859ae2a?s=96&d=mm&r=g","contentUrl":"https:\/\/secure.gravatar.com\/avatar\/20f70e61054e6ae673edda3c0dc13670e46e51786443041c70a7eb2da859ae2a?s=96&d=mm&r=g","caption":"admin_ifno"},"sameAs":["https:\/\/www.france.no"],"url":"https:\/\/www.france.no\/no\/author\/admin_ifno\/"}]}},"_links":{"self":[{"href":"https:\/\/www.france.no\/no\/wp-json\/wp\/v2\/posts\/2148","targetHints":{"allow":["GET"]}}],"collection":[{"href":"https:\/\/www.france.no\/no\/wp-json\/wp\/v2\/posts"}],"about":[{"href":"https:\/\/www.france.no\/no\/wp-json\/wp\/v2\/types\/post"}],"author":[{"embeddable":true,"href":"https:\/\/www.france.no\/no\/wp-json\/wp\/v2\/users\/1"}],"replies":[{"embeddable":true,"href":"https:\/\/www.france.no\/no\/wp-json\/wp\/v2\/comments?post=2148"}],"version-history":[{"count":0,"href":"https:\/\/www.france.no\/no\/wp-json\/wp\/v2\/posts\/2148\/revisions"}],"wp:featuredmedia":[{"embeddable":true,"href":"https:\/\/www.france.no\/no\/wp-json\/wp\/v2\/media\/1968"}],"wp:attachment":[{"href":"https:\/\/www.france.no\/no\/wp-json\/wp\/v2\/media?parent=2148"}],"wp:term":[{"taxonomy":"category","embeddable":true,"href":"https:\/\/www.france.no\/no\/wp-json\/wp\/v2\/categories?post=2148"},{"taxonomy":"post_tag","embeddable":true,"href":"https:\/\/www.france.no\/no\/wp-json\/wp\/v2\/tags?post=2148"}],"curies":[{"name":"wp","href":"https:\/\/api.w.org\/{rel}","templated":true}]}}