{"id":21527,"date":"2026-03-11T10:49:25","date_gmt":"2026-03-11T09:49:25","guid":{"rendered":"https:\/\/www.france.no\/?p=21527"},"modified":"2026-03-11T10:49:26","modified_gmt":"2026-03-11T09:49:26","slug":"frankofonifestivalen-2026","status":"publish","type":"post","link":"https:\/\/www.france.no\/no\/2026\/kultur\/frankofonifestivalen-2026\/","title":{"rendered":"Frankofonifestivalen 2026"},"content":{"rendered":"\n<p>Fra 10. til 25. mars fyller <strong>Frankofonifestivalen<\/strong> Oslo med spennende m\u00f8ter og kulturelle opplevelser.\u00a0 I to uker inviteres du med p\u00e5 en reise inn i hjertet til en mangfoldig, kreativ og levende verden. <strong>Filmer, litter\u00e6re m\u00f8ter, konserter, smaksopplevelser, workshops og samtaler<\/strong> vil prege denne nye utgaven, som lar deg oppdage det rike mangfoldet i de frankofone kulturene.<\/p>\n\n\n\n<p class=\"has-accent-color has-text-color has-link-color has-normal-font-size wp-elements-02b7389d74b574c43ef0b83555479824\"><strong>Hva er Frankofonien?<\/strong><\/p>\n\n\n\n<p>Frankfonien er f\u00f8rst og fremst et menneskelig fellesskap. Den siste rapporten fra Observatoriet for det franske spr\u00e5ket, publisert i 2022, ansl\u00e5r at det finnes <a href=\"https:\/\/www.francophonie.org\/node\/305\" target=\"_blank\" rel=\"noreferrer noopener\"><strong>321 millioner fransktalende<\/strong><\/a>, fordelt p\u00e5 de fem kontinentene i verden.<\/p>\n\n\n\n<p>Men Frankofonien er ogs\u00e5 et samarbeidsprosjekt. Gjennom <a href=\"https:\/\/www.francophonie.org\/node\/81\" target=\"_blank\" rel=\"noreferrer noopener\"><strong>Organisation internationale de la Francophonie &#8211; OIF (Den internasjonale organisasjonen for frankofoni (OIF))<\/strong><\/a>, samarbeider <a href=\"https:\/\/www.francophonie.org\/node\/125\" target=\"_blank\" rel=\"noreferrer noopener\"><strong>90 stater<\/strong><\/a> for \u00e5 fremme det franske spr\u00e5ket, forsvare kulturelt og spr\u00e5klig mangfold, samt oppmuntre til utveksling innen omr\u00e5der som politikk, utdanning, \u00f8konomi og kultur.<\/p>\n\n\n\n<p>Kort sagt er frankofonien ikke bare et spr\u00e5k \u2013 den \u00e5pner for dialog med verden.<\/p>\n\n\n\n<p class=\"has-accent-color has-text-color has-link-color has-normal-font-size wp-elements-f7ba8f38a6cad58e3bebb6f3005609f1\"><strong>Frankofonien i Oslo<\/strong><\/p>\n\n\n\n<p>I Oslo tar denne dynamikken form takket v\u00e6re <strong>\u00ab&nbsp;Groupe des Ambassadeurs francophones&nbsp;\u00bb<\/strong>, et aktivt diplomatisk nettverk best\u00e5ende av fransktalende ambassad\u00f8rer.&nbsp;<\/p>\n\n\n\n<p>Under Romanias formannskap samler denne gruppen et bredt nettverk av ambassader, blant annet fra <strong>Canada, Frankrike, Sveits, Tunisia, Marokko, Argentina, Hellas, Vietnam, Bulgaria, Serbia, Estland, Ungarn, Latvia, Mexico, Egypt, Georgia, Litauen, S\u00f8r-Korea, Nord-Makedonia, Thailand, Belgia<\/strong> og <strong>Den europeiske unions delegasjon<\/strong>.<\/p>\n\n\n\n<p>Som en del av arbeidet med \u00e5 fremme det franske spr\u00e5ket og mangfoldet i den frankofone verden, samarbeider Institut fran\u00e7ais de Norv\u00e8ge ogs\u00e5 med Lyc\u00e9e fran\u00e7ais i Oslo, Fransk kulturhus og flere andre samarbeidspartnere.<\/p>\n\n\n\n<p class=\"has-accent-color has-text-color has-link-color has-normal-font-size wp-elements-58425480e55f1b2fadad98f245d2b15d\"><strong>H\u00f8ydepunktene i Frankofonifestivalen 2026<\/strong><\/p>\n\n\n\n<p><strong>Tirsdag 10. mars &#8211; Innf\u00f8ring i kreolsk musikk med gruppen Mouvman Al\u00e9<\/strong><\/p>\n\n\n\n<p>En 6. klasse ved Lyc\u00e9e fran\u00e7ais d\u2019Oslo f\u00e5r oppdage kreolske rytmer og toner gjennom flere verksteder ledet av gruppen Mouvman Al\u00e9 fra R\u00e9union, og vil samtidig f\u00e5 innblikk i hvordan et musikkensemble fungerer i praksis.<\/p>\n\n\n\n<p><strong>Onsdag 11. mars &#8211; \u00abStemmer fra Indiahavet\u00bb p\u00e5\u00a0Nordic Black Theatre<\/strong><\/p>\n\n\n\n<ul class=\"wp-block-list\">\n<li><strong>17.00 \u2013 M\u00f8te med diktere<\/strong><\/li>\n<\/ul>\n\n\n\n<p>Diktningen fra Indiahavet uygj\u00f8r et osean av stemmer. Gjennom verkene til Estelle Coppolani, Jean-Luc Raharimanana og Ari Gautier g\u00e5r vi inn i en verden av forestillinger, av overfarter og av nyskapning.<\/p>\n\n\n\n<ul class=\"wp-block-list\">\n<li><strong>18.30 &#8211; Makspr\u00f8ver p\u00e5 mauritisk mat\u00a0<\/strong><\/li>\n<\/ul>\n\n\n\n<ul class=\"wp-block-list\">\n<li><strong>19.30 &#8211; Konsert med Mouvman Al\u00e9<\/strong><\/li>\n<\/ul>\n\n\n\n<p>Mouvman Al\u00e9 skaper musikk som er en fusjon av maloya \u2013 som i seg selv er resultatet av kreolisering \u2013 og toner fra andre steder: det vil si rock som n\u00e6rmer seg metall og brasiliansk akustikk i tillegg til elektronika. En tellurisk kraftbombe som p\u00e5 kreolsk kalles \u00ab\u00a0romans non-galiz\u00e9 r\u00e9nyon\u00e9\u00a0\u00bb (som betyr uperfekt musikk\/uperfekte historier fra R\u00e9union). Mouva Al\u00e9s musikk \u00f8nsker \u00e5 v\u00e6re kollektiv, alternativ og dynamisk akkurat som R\u00e9union selv: En \u00f8y som bobler over av energi.<\/p>\n\n\n\n<p>All informasjon om arrangementet finner du <a href=\"https:\/\/www.france.no\/no\/2026\/kultur\/frankofonifestivalen-stemmer-fra-indiahave\/\" type=\"link\" id=\"https:\/\/www.france.no\/no\/2026\/kultur\/frankofonifestivalen-stemmer-fra-indiahave\/\" target=\"_blank\" rel=\"noreferrer noopener\">her<\/a>.<\/p>\n\n\n\n<p><strong>Fredag 13. mars &#8211; En innholdsrik kulturdag p\u00e5 Fransk kulturhus<\/strong><\/p>\n\n\n\n<p>V\u00e5r samarbeidspartner <a href=\"https:\/\/franskkulturhus.no\/no\/franskkurs-oslo\/?gad_source=1&amp;gad_campaignid=11487684376&amp;gbraid=0AAAAAB9zk78tNKsxpLC0KG7w3Exg0vOJB&amp;gclid=Cj0KCQiA8KTNBhD_ARIsAOvp6DItO0F8i2JpFejz_FGWy2nP8iYMS_dE-4xfk_oPmWWEGw0fj7XdVqcaAsikEALw_wcB\" target=\"_blank\" rel=\"noreferrer noopener\"><strong>Fransk kulturhus<\/strong><\/a>, et kulturhus for det franske spr\u00e5ket og frankofone kulturer i Norge, byr ogs\u00e5 p\u00e5 flere spennende arrangementer. Med gastronomi, historie og litteratur i fokus, byr programmet deres p\u00e5 mange spennende oppdagelser!\u00a0<\/p>\n\n\n\n<ul class=\"wp-block-list\">\n<li><strong>14.15 &#8211; Vinsmaking : Vin fra den frankofone verden<\/strong><\/li>\n<\/ul>\n\n\n\n<p>All informasjon om arrangementet finner du <a href=\"https:\/\/franskkulturhus.extranet-aec.com\/events\/detail\/523#\/\" type=\"link\" id=\"https:\/\/franskkulturhus.extranet-aec.com\/events\/detail\/523#\/\" target=\"_blank\" rel=\"noreferrer noopener\">her<\/a>. <\/p>\n\n\n\n<ul class=\"wp-block-list\">\n<li><strong>15.30 &#8211; Konferanse : Katarene, <\/strong>en annen historie om middelalderens Frankrike<\/li>\n<\/ul>\n\n\n\n<p>All informasjon om arrangementet finner du <a href=\"https:\/\/franskkulturhus.extranet-aec.com\/events\/detail\/520#\/\" type=\"link\" id=\"https:\/\/franskkulturhus.extranet-aec.com\/events\/detail\/520#\/\" target=\"_blank\" rel=\"noreferrer noopener\">her<\/a>.<\/p>\n\n\n\n<ul class=\"wp-block-list\">\n<li>17.00 &#8211; <strong>Boklansering \u2013 Den hule n\u00e5len<\/strong> (Ars\u00e8ne Lupin, bind 3)<\/li>\n<\/ul>\n\n\n\n<p>All informasjon om arrangementet finner du <a href=\"https:\/\/franskkulturhus.extranet-aec.com\/events\/detail\/519#\/\" type=\"link\" id=\"https:\/\/franskkulturhus.extranet-aec.com\/events\/detail\/519#\/\" target=\"_blank\" rel=\"noreferrer noopener\">her<\/a>.<\/p>\n\n\n\n<p><strong>Fra fredag 13. til mandag 16. mars<\/strong> &#8211; <strong>Filmdager p\u00e5 Cin\u00e9ma Neuf<\/strong><\/p>\n\n\n\n<p>\u00c5tte gratisvisninger lar deg utforske mangfoldet av fransktalende talenter fra <strong>Belgia, Hellas, Romania, Latvia, Sveits, Ungarn og Frankrike.<\/strong> Her f\u00e5r du sjansen til \u00e5 oppleve filmer som forteller ulike historier og viser mangfoldet og vitaliteten i frankofone lands filmkunst (visninger p\u00e5 originalspr\u00e5k med engelske undertekster).<\/p>\n\n\n\n<p>All informasjon om visninger <a href=\"https:\/\/www.france.no\/no\/2026\/kultur\/francophonie-film-days\/\" type=\"link\" id=\"https:\/\/www.france.no\/no\/2026\/kultur\/francophonie-film-days\/\" target=\"_blank\" rel=\"noreferrer noopener\">her<\/a>.<\/p>\n\n\n\n<p><strong>Tirsdag 17. mars &#8211; Frankofonigalla (ved invitasjon)<\/strong><\/p>\n\n\n\n<p>Under denne feiringen m\u00f8tes representanter fra frankofonien i Norge.&nbsp;&nbsp;<\/p>\n\n\n\n<p><strong>Torsdag 19. mars &#8211; Visning p\u00e5 Vega Scene<\/strong><\/p>\n\n\n\n<p>I samarbeid med <strong>Fredrikstad Animation Festival <\/strong>og <strong>Vega Scene<\/strong> i Oslo inviterer Institut fran\u00e7ais de Norv\u00e8ge til en <strong>spesiell animasjonskveld den 19. mars 2026<\/strong>, med visning av filmen <em>La Vie de ch\u00e2teau, mon enfance \u00e0 Versailles (My Life in Versailles: My childhood at Versailles)<\/em> av Cl\u00e9mence Madeleine-Perdrillat og Nathaniel H\u2019limi.<\/p>\n\n\n\n<p>Programmet inkluderer en masterclass med regiss\u00f8r og manusforfatter Cl\u00e9mence Madeleine-Perdrillat, visning av den C\u00e9sar-nominerte spillefilmen, Q&amp;A med publikum, og et sosialt samv\u00e6r!<\/p>\n\n\n\n<p>All informasjon om arrangementet finner du <a href=\"https:\/\/www.france.no\/no\/2026\/kultur\/screening-masterclass-my-life-in-versailles-with-clemence-madeleine-perdrillat\/\" type=\"link\" id=\"https:\/\/www.france.no\/no\/2026\/kultur\/screening-masterclass-my-life-in-versailles-with-clemence-madeleine-perdrillat\/\" target=\"_blank\" rel=\"noreferrer noopener\">her<\/a>. <\/p>\n\n\n\n<p><strong>Fredag 20. mars &#8211; Den store finalen-quizzen i Frankofonikonkurransen 2026 <\/strong><\/p>\n\n\n\n<p>L&#8217;Institut fran\u00e7ais de Norv\u00e8ge arrangerer i samarbeid med <strong>Fremmedspr\u00e5ksenteret <\/strong>og <strong>ANEF<\/strong> den \u00e5rlige <strong>\u00abConcours de la Francophonie\u00bb-konkurransen for franskklasser i Norge.<\/strong><\/p>\n\n\n\n<p>Utgaven for 2026 tilbyr en reise der man oppdager <strong>Guyana, Tahiti, Qu\u00e9bec, Elfenbenskysten og Belgia<\/strong>. Den avsluttende quizen gir elevene muligheten til \u00e5 teste kunnskapene sine og feire mangfoldet i den franskspr\u00e5klige verden.<\/p>\n\n\n\n<p>All informasjon om konkurransen <a href=\"https:\/\/www.france.no\/no\/2026\/utdanning-og-fransk-sprak\/frankofonikonkurransen-2026-2\/\" type=\"link\" id=\"https:\/\/www.france.no\/no\/2026\/utdanning-og-fransk-sprak\/frankofonikonkurransen-2026-2\/\" target=\"_blank\" rel=\"noreferrer noopener\">her<\/a>. <\/p>\n\n\n\n<p><strong>Tirsdag 24. mars &#8211; Lesemaraton p\u00e5 Lyc\u00e9e fran\u00e7ais d\u2019Oslo<\/strong><\/p>\n\n\n\n<p><strong>Lyc\u00e9e fran\u00e7ais d\u2019Oslo<\/strong> organiserer lesemaraton som samler studenter og representanter fra fransktalende ambassader. Deltakere, ambassad\u00f8rer og diplomatisk personale vil fremf\u00f8re en tekst p\u00e5 fransk etter eget valg, og bidra til hyggelig stund fylt med formidling, fellesskap og feiring av spr\u00e5ket og litteraturen.<\/p>\n\n\n\n<p><strong>Onsdag 25. mars &#8211; Spr\u00e5kkaf\u00e9 og litter\u00e6rt m\u00f8te p\u00e5 Fransk Kulturhus<\/strong><\/p>\n\n\n\n<p>Dette hyggelig m\u00f8tet p\u00e5 fransk gir en hyggelig mulighet til \u00e5 diskutere kultur og litteratur, <strong>med Belgia som utgangspunkt<\/strong>. En flott mulighet til \u00e5 \u00f8ve p\u00e5 fransken din!<\/p>\n\n\n\n<p>All informasjon finner du <a href=\"https:\/\/franskkulturhus.extranet-aec.com\/events\/detail\/524#\/\" type=\"link\" id=\"https:\/\/franskkulturhus.extranet-aec.com\/events\/detail\/524#\/\" target=\"_blank\" rel=\"noreferrer noopener\">her<\/a>.  <\/p>\n\n\n\n<p class=\"has-accent-color has-text-color has-link-color has-normal-font-size wp-elements-05e1c0985ddc6f7b9392cafc4240db1d\">***<\/p>\n\n\n\n<p>I to uker vil <strong>Frankofonifestivalen 2026<\/strong> gj\u00f8re Oslo til et sted for sammenkomster, opplevelser og utveksling. Enten du har snakket fransk hele livet, er i ferd med \u00e5 l\u00e6re det, eller bare er nysgjerrig, s\u00e5 f\u00e5r alle anledninger til \u00e5 oppdage en rik, \u00e5pen og levende kulturverden.<\/p>\n\n\n\n<p>En stor takk til alle v\u00e5re samarbeidspartnere!<\/p>\n","protected":false},"excerpt":{"rendered":"<p>Fra 10. til 25. mars fyller Frankofonifestivalen Oslo med spennende m\u00f8ter og kulturelle opplevelser.\u00a0 I to uker inviteres du med p\u00e5 en reise inn i hjertet til en mangfoldig, kreativ og levende verden. Filmer, litter\u00e6re m\u00f8ter, konserter, smaksopplevelser, workshops og samtaler vil prege denne nye utgaven, som lar deg oppdage det rike mangfoldet i de [&hellip;]<\/p>\n","protected":false},"author":6,"featured_media":21539,"comment_status":"closed","ping_status":"open","sticky":false,"template":"","format":"standard","meta":{"footnotes":""},"categories":[5,13],"tags":[],"class_list":["post-21527","post","type-post","status-publish","format-standard","has-post-thumbnail","hentry","category-kultur","category-utdanning-og-fransk-sprak"],"yoast_head":"<!-- This site is optimized with the Yoast SEO plugin v27.3 - https:\/\/yoast.com\/product\/yoast-seo-wordpress\/ -->\n<title>Frankofonifestivalen 2026 - Institut fran\u00e7ais<\/title>\n<meta name=\"robots\" content=\"index, follow, max-snippet:-1, max-image-preview:large, max-video-preview:-1\" \/>\n<link rel=\"canonical\" href=\"https:\/\/www.france.no\/no\/2026\/kultur\/frankofonifestivalen-2026\/\" \/>\n<meta property=\"og:locale\" content=\"nb_NO\" \/>\n<meta property=\"og:type\" content=\"article\" \/>\n<meta property=\"og:title\" content=\"Frankofonifestivalen 2026 - Institut fran\u00e7ais\" \/>\n<meta property=\"og:description\" content=\"Fra 10. til 25. mars fyller Frankofonifestivalen Oslo med spennende m\u00f8ter og kulturelle opplevelser.\u00a0 I to uker inviteres du med p\u00e5 en reise inn i hjertet til en mangfoldig, kreativ og levende verden. Filmer, litter\u00e6re m\u00f8ter, konserter, smaksopplevelser, workshops og samtaler vil prege denne nye utgaven, som lar deg oppdage det rike mangfoldet i de [&hellip;]\" \/>\n<meta property=\"og:url\" content=\"https:\/\/www.france.no\/no\/2026\/kultur\/frankofonifestivalen-2026\/\" \/>\n<meta property=\"og:site_name\" content=\"Institut fran\u00e7ais\" \/>\n<meta property=\"article:publisher\" content=\"https:\/\/www.facebook.com\/institutfrancaisoslo\" \/>\n<meta property=\"article:published_time\" content=\"2026-03-11T09:49:25+00:00\" \/>\n<meta property=\"article:modified_time\" content=\"2026-03-11T09:49:26+00:00\" \/>\n<meta property=\"og:image\" content=\"https:\/\/www.france.no\/wp-content\/uploads\/2026\/03\/8-1-1098x617.jpg\" \/>\n\t<meta property=\"og:image:width\" content=\"1920\" \/>\n\t<meta property=\"og:image:height\" content=\"1080\" \/>\n\t<meta property=\"og:image:type\" content=\"image\/jpeg\" \/>\n<meta name=\"author\" content=\"P\u00f4le Communication\" \/>\n<meta name=\"twitter:card\" content=\"summary_large_image\" \/>\n<meta name=\"twitter:creator\" content=\"@ifnorvege\" \/>\n<meta name=\"twitter:site\" content=\"@ifnorvege\" \/>\n<meta name=\"twitter:label1\" content=\"Skrevet av\" \/>\n\t<meta name=\"twitter:data1\" content=\"P\u00f4le Communication\" \/>\n\t<meta name=\"twitter:label2\" content=\"Ansl. lesetid\" \/>\n\t<meta name=\"twitter:data2\" content=\"5 minutter\" \/>\n<script type=\"application\/ld+json\" class=\"yoast-schema-graph\">{\"@context\":\"https:\\\/\\\/schema.org\",\"@graph\":[{\"@type\":\"Article\",\"@id\":\"https:\\\/\\\/www.france.no\\\/no\\\/2026\\\/kultur\\\/frankofonifestivalen-2026\\\/#article\",\"isPartOf\":{\"@id\":\"https:\\\/\\\/www.france.no\\\/no\\\/2026\\\/kultur\\\/frankofonifestivalen-2026\\\/\"},\"author\":{\"name\":\"P\u00f4le Communication\",\"@id\":\"https:\\\/\\\/www.france.no\\\/no\\\/#\\\/schema\\\/person\\\/e911222e8703f294589a6d80b1c16f97\"},\"headline\":\"Frankofonifestivalen 2026\",\"datePublished\":\"2026-03-11T09:49:25+00:00\",\"dateModified\":\"2026-03-11T09:49:26+00:00\",\"mainEntityOfPage\":{\"@id\":\"https:\\\/\\\/www.france.no\\\/no\\\/2026\\\/kultur\\\/frankofonifestivalen-2026\\\/\"},\"wordCount\":967,\"publisher\":{\"@id\":\"https:\\\/\\\/www.france.no\\\/no\\\/#organization\"},\"image\":{\"@id\":\"https:\\\/\\\/www.france.no\\\/no\\\/2026\\\/kultur\\\/frankofonifestivalen-2026\\\/#primaryimage\"},\"thumbnailUrl\":\"https:\\\/\\\/www.france.no\\\/wp-content\\\/uploads\\\/2026\\\/03\\\/8-1-1098x617.jpg\",\"articleSection\":[\"Kultur\",\"Utdannelse og Fransk spr\u00e5ksamarbeid\"],\"inLanguage\":\"nb-NO\"},{\"@type\":\"WebPage\",\"@id\":\"https:\\\/\\\/www.france.no\\\/no\\\/2026\\\/kultur\\\/frankofonifestivalen-2026\\\/\",\"url\":\"https:\\\/\\\/www.france.no\\\/no\\\/2026\\\/kultur\\\/frankofonifestivalen-2026\\\/\",\"name\":\"Frankofonifestivalen 2026 - Institut fran\u00e7ais\",\"isPartOf\":{\"@id\":\"https:\\\/\\\/www.france.no\\\/no\\\/#website\"},\"primaryImageOfPage\":{\"@id\":\"https:\\\/\\\/www.france.no\\\/no\\\/2026\\\/kultur\\\/frankofonifestivalen-2026\\\/#primaryimage\"},\"image\":{\"@id\":\"https:\\\/\\\/www.france.no\\\/no\\\/2026\\\/kultur\\\/frankofonifestivalen-2026\\\/#primaryimage\"},\"thumbnailUrl\":\"https:\\\/\\\/www.france.no\\\/wp-content\\\/uploads\\\/2026\\\/03\\\/8-1-1098x617.jpg\",\"datePublished\":\"2026-03-11T09:49:25+00:00\",\"dateModified\":\"2026-03-11T09:49:26+00:00\",\"breadcrumb\":{\"@id\":\"https:\\\/\\\/www.france.no\\\/no\\\/2026\\\/kultur\\\/frankofonifestivalen-2026\\\/#breadcrumb\"},\"inLanguage\":\"nb-NO\",\"potentialAction\":[{\"@type\":\"ReadAction\",\"target\":[\"https:\\\/\\\/www.france.no\\\/no\\\/2026\\\/kultur\\\/frankofonifestivalen-2026\\\/\"]}]},{\"@type\":\"ImageObject\",\"inLanguage\":\"nb-NO\",\"@id\":\"https:\\\/\\\/www.france.no\\\/no\\\/2026\\\/kultur\\\/frankofonifestivalen-2026\\\/#primaryimage\",\"url\":\"https:\\\/\\\/www.france.no\\\/wp-content\\\/uploads\\\/2026\\\/03\\\/8-1-1098x617.jpg\",\"contentUrl\":\"https:\\\/\\\/www.france.no\\\/wp-content\\\/uploads\\\/2026\\\/03\\\/8-1-1098x617.jpg\",\"width\":1920,\"height\":1080},{\"@type\":\"BreadcrumbList\",\"@id\":\"https:\\\/\\\/www.france.no\\\/no\\\/2026\\\/kultur\\\/frankofonifestivalen-2026\\\/#breadcrumb\",\"itemListElement\":[{\"@type\":\"ListItem\",\"position\":1,\"name\":\"\",\"item\":\"https:\\\/\\\/www.france.no\\\/no\\\/\"},{\"@type\":\"ListItem\",\"position\":2,\"name\":\"Frankofonifestivalen 2026\"}]},{\"@type\":\"WebSite\",\"@id\":\"https:\\\/\\\/www.france.no\\\/no\\\/#website\",\"url\":\"https:\\\/\\\/www.france.no\\\/no\\\/\",\"name\":\"Institut fran\u00e7ais\",\"description\":\"Norv\u00e8ge\",\"publisher\":{\"@id\":\"https:\\\/\\\/www.france.no\\\/no\\\/#organization\"},\"potentialAction\":[{\"@type\":\"SearchAction\",\"target\":{\"@type\":\"EntryPoint\",\"urlTemplate\":\"https:\\\/\\\/www.france.no\\\/no\\\/?s={search_term_string}\"},\"query-input\":{\"@type\":\"PropertyValueSpecification\",\"valueRequired\":true,\"valueName\":\"search_term_string\"}}],\"inLanguage\":\"nb-NO\"},{\"@type\":\"Organization\",\"@id\":\"https:\\\/\\\/www.france.no\\\/no\\\/#organization\",\"name\":\"Institut fran\u00e7ais\",\"url\":\"https:\\\/\\\/www.france.no\\\/no\\\/\",\"logo\":{\"@type\":\"ImageObject\",\"inLanguage\":\"nb-NO\",\"@id\":\"https:\\\/\\\/www.france.no\\\/no\\\/#\\\/schema\\\/logo\\\/image\\\/\",\"url\":\"https:\\\/\\\/www.france.no\\\/wp-content\\\/uploads\\\/2022\\\/11\\\/IF_Logo_Sans_Bleu_RVB.png\",\"contentUrl\":\"https:\\\/\\\/www.france.no\\\/wp-content\\\/uploads\\\/2022\\\/11\\\/IF_Logo_Sans_Bleu_RVB.png\",\"width\":852,\"height\":591,\"caption\":\"Institut fran\u00e7ais\"},\"image\":{\"@id\":\"https:\\\/\\\/www.france.no\\\/no\\\/#\\\/schema\\\/logo\\\/image\\\/\"},\"sameAs\":[\"https:\\\/\\\/www.facebook.com\\\/institutfrancaisoslo\",\"https:\\\/\\\/x.com\\\/ifnorvege\",\"https:\\\/\\\/instagram.com\\\/ifnorvege\"]},{\"@type\":\"Person\",\"@id\":\"https:\\\/\\\/www.france.no\\\/no\\\/#\\\/schema\\\/person\\\/e911222e8703f294589a6d80b1c16f97\",\"name\":\"P\u00f4le Communication\",\"image\":{\"@type\":\"ImageObject\",\"inLanguage\":\"nb-NO\",\"@id\":\"https:\\\/\\\/secure.gravatar.com\\\/avatar\\\/20ae085a8b5fd613a02d28588389144802d3ba9408c852b2c6c7c4b17cc39660?s=96&d=mm&r=g\",\"url\":\"https:\\\/\\\/secure.gravatar.com\\\/avatar\\\/20ae085a8b5fd613a02d28588389144802d3ba9408c852b2c6c7c4b17cc39660?s=96&d=mm&r=g\",\"contentUrl\":\"https:\\\/\\\/secure.gravatar.com\\\/avatar\\\/20ae085a8b5fd613a02d28588389144802d3ba9408c852b2c6c7c4b17cc39660?s=96&d=mm&r=g\",\"caption\":\"P\u00f4le Communication\"},\"url\":\"https:\\\/\\\/www.france.no\\\/no\\\/author\\\/polecom\\\/\"}]}<\/script>\n<!-- \/ Yoast SEO plugin. -->","yoast_head_json":{"title":"Frankofonifestivalen 2026 - Institut fran\u00e7ais","robots":{"index":"index","follow":"follow","max-snippet":"max-snippet:-1","max-image-preview":"max-image-preview:large","max-video-preview":"max-video-preview:-1"},"canonical":"https:\/\/www.france.no\/no\/2026\/kultur\/frankofonifestivalen-2026\/","og_locale":"nb_NO","og_type":"article","og_title":"Frankofonifestivalen 2026 - Institut fran\u00e7ais","og_description":"Fra 10. til 25. mars fyller Frankofonifestivalen Oslo med spennende m\u00f8ter og kulturelle opplevelser.\u00a0 I to uker inviteres du med p\u00e5 en reise inn i hjertet til en mangfoldig, kreativ og levende verden. Filmer, litter\u00e6re m\u00f8ter, konserter, smaksopplevelser, workshops og samtaler vil prege denne nye utgaven, som lar deg oppdage det rike mangfoldet i de [&hellip;]","og_url":"https:\/\/www.france.no\/no\/2026\/kultur\/frankofonifestivalen-2026\/","og_site_name":"Institut fran\u00e7ais","article_publisher":"https:\/\/www.facebook.com\/institutfrancaisoslo","article_published_time":"2026-03-11T09:49:25+00:00","article_modified_time":"2026-03-11T09:49:26+00:00","og_image":[{"width":1920,"height":1080,"url":"https:\/\/www.france.no\/wp-content\/uploads\/2026\/03\/8-1-1098x617.jpg","type":"image\/jpeg"}],"author":"P\u00f4le Communication","twitter_card":"summary_large_image","twitter_creator":"@ifnorvege","twitter_site":"@ifnorvege","twitter_misc":{"Skrevet av":"P\u00f4le Communication","Ansl. lesetid":"5 minutter"},"schema":{"@context":"https:\/\/schema.org","@graph":[{"@type":"Article","@id":"https:\/\/www.france.no\/no\/2026\/kultur\/frankofonifestivalen-2026\/#article","isPartOf":{"@id":"https:\/\/www.france.no\/no\/2026\/kultur\/frankofonifestivalen-2026\/"},"author":{"name":"P\u00f4le Communication","@id":"https:\/\/www.france.no\/no\/#\/schema\/person\/e911222e8703f294589a6d80b1c16f97"},"headline":"Frankofonifestivalen 2026","datePublished":"2026-03-11T09:49:25+00:00","dateModified":"2026-03-11T09:49:26+00:00","mainEntityOfPage":{"@id":"https:\/\/www.france.no\/no\/2026\/kultur\/frankofonifestivalen-2026\/"},"wordCount":967,"publisher":{"@id":"https:\/\/www.france.no\/no\/#organization"},"image":{"@id":"https:\/\/www.france.no\/no\/2026\/kultur\/frankofonifestivalen-2026\/#primaryimage"},"thumbnailUrl":"https:\/\/www.france.no\/wp-content\/uploads\/2026\/03\/8-1-1098x617.jpg","articleSection":["Kultur","Utdannelse og Fransk spr\u00e5ksamarbeid"],"inLanguage":"nb-NO"},{"@type":"WebPage","@id":"https:\/\/www.france.no\/no\/2026\/kultur\/frankofonifestivalen-2026\/","url":"https:\/\/www.france.no\/no\/2026\/kultur\/frankofonifestivalen-2026\/","name":"Frankofonifestivalen 2026 - Institut fran\u00e7ais","isPartOf":{"@id":"https:\/\/www.france.no\/no\/#website"},"primaryImageOfPage":{"@id":"https:\/\/www.france.no\/no\/2026\/kultur\/frankofonifestivalen-2026\/#primaryimage"},"image":{"@id":"https:\/\/www.france.no\/no\/2026\/kultur\/frankofonifestivalen-2026\/#primaryimage"},"thumbnailUrl":"https:\/\/www.france.no\/wp-content\/uploads\/2026\/03\/8-1-1098x617.jpg","datePublished":"2026-03-11T09:49:25+00:00","dateModified":"2026-03-11T09:49:26+00:00","breadcrumb":{"@id":"https:\/\/www.france.no\/no\/2026\/kultur\/frankofonifestivalen-2026\/#breadcrumb"},"inLanguage":"nb-NO","potentialAction":[{"@type":"ReadAction","target":["https:\/\/www.france.no\/no\/2026\/kultur\/frankofonifestivalen-2026\/"]}]},{"@type":"ImageObject","inLanguage":"nb-NO","@id":"https:\/\/www.france.no\/no\/2026\/kultur\/frankofonifestivalen-2026\/#primaryimage","url":"https:\/\/www.france.no\/wp-content\/uploads\/2026\/03\/8-1-1098x617.jpg","contentUrl":"https:\/\/www.france.no\/wp-content\/uploads\/2026\/03\/8-1-1098x617.jpg","width":1920,"height":1080},{"@type":"BreadcrumbList","@id":"https:\/\/www.france.no\/no\/2026\/kultur\/frankofonifestivalen-2026\/#breadcrumb","itemListElement":[{"@type":"ListItem","position":1,"name":"","item":"https:\/\/www.france.no\/no\/"},{"@type":"ListItem","position":2,"name":"Frankofonifestivalen 2026"}]},{"@type":"WebSite","@id":"https:\/\/www.france.no\/no\/#website","url":"https:\/\/www.france.no\/no\/","name":"Institut fran\u00e7ais","description":"Norv\u00e8ge","publisher":{"@id":"https:\/\/www.france.no\/no\/#organization"},"potentialAction":[{"@type":"SearchAction","target":{"@type":"EntryPoint","urlTemplate":"https:\/\/www.france.no\/no\/?s={search_term_string}"},"query-input":{"@type":"PropertyValueSpecification","valueRequired":true,"valueName":"search_term_string"}}],"inLanguage":"nb-NO"},{"@type":"Organization","@id":"https:\/\/www.france.no\/no\/#organization","name":"Institut fran\u00e7ais","url":"https:\/\/www.france.no\/no\/","logo":{"@type":"ImageObject","inLanguage":"nb-NO","@id":"https:\/\/www.france.no\/no\/#\/schema\/logo\/image\/","url":"https:\/\/www.france.no\/wp-content\/uploads\/2022\/11\/IF_Logo_Sans_Bleu_RVB.png","contentUrl":"https:\/\/www.france.no\/wp-content\/uploads\/2022\/11\/IF_Logo_Sans_Bleu_RVB.png","width":852,"height":591,"caption":"Institut fran\u00e7ais"},"image":{"@id":"https:\/\/www.france.no\/no\/#\/schema\/logo\/image\/"},"sameAs":["https:\/\/www.facebook.com\/institutfrancaisoslo","https:\/\/x.com\/ifnorvege","https:\/\/instagram.com\/ifnorvege"]},{"@type":"Person","@id":"https:\/\/www.france.no\/no\/#\/schema\/person\/e911222e8703f294589a6d80b1c16f97","name":"P\u00f4le Communication","image":{"@type":"ImageObject","inLanguage":"nb-NO","@id":"https:\/\/secure.gravatar.com\/avatar\/20ae085a8b5fd613a02d28588389144802d3ba9408c852b2c6c7c4b17cc39660?s=96&d=mm&r=g","url":"https:\/\/secure.gravatar.com\/avatar\/20ae085a8b5fd613a02d28588389144802d3ba9408c852b2c6c7c4b17cc39660?s=96&d=mm&r=g","contentUrl":"https:\/\/secure.gravatar.com\/avatar\/20ae085a8b5fd613a02d28588389144802d3ba9408c852b2c6c7c4b17cc39660?s=96&d=mm&r=g","caption":"P\u00f4le Communication"},"url":"https:\/\/www.france.no\/no\/author\/polecom\/"}]}},"_links":{"self":[{"href":"https:\/\/www.france.no\/no\/wp-json\/wp\/v2\/posts\/21527","targetHints":{"allow":["GET"]}}],"collection":[{"href":"https:\/\/www.france.no\/no\/wp-json\/wp\/v2\/posts"}],"about":[{"href":"https:\/\/www.france.no\/no\/wp-json\/wp\/v2\/types\/post"}],"author":[{"embeddable":true,"href":"https:\/\/www.france.no\/no\/wp-json\/wp\/v2\/users\/6"}],"replies":[{"embeddable":true,"href":"https:\/\/www.france.no\/no\/wp-json\/wp\/v2\/comments?post=21527"}],"version-history":[{"count":4,"href":"https:\/\/www.france.no\/no\/wp-json\/wp\/v2\/posts\/21527\/revisions"}],"predecessor-version":[{"id":21545,"href":"https:\/\/www.france.no\/no\/wp-json\/wp\/v2\/posts\/21527\/revisions\/21545"}],"wp:featuredmedia":[{"embeddable":true,"href":"https:\/\/www.france.no\/no\/wp-json\/wp\/v2\/media\/21539"}],"wp:attachment":[{"href":"https:\/\/www.france.no\/no\/wp-json\/wp\/v2\/media?parent=21527"}],"wp:term":[{"taxonomy":"category","embeddable":true,"href":"https:\/\/www.france.no\/no\/wp-json\/wp\/v2\/categories?post=21527"},{"taxonomy":"post_tag","embeddable":true,"href":"https:\/\/www.france.no\/no\/wp-json\/wp\/v2\/tags?post=21527"}],"curies":[{"name":"wp","href":"https:\/\/api.w.org\/{rel}","templated":true}]}}