{"id":21560,"date":"2026-03-13T10:40:50","date_gmt":"2026-03-13T09:40:50","guid":{"rendered":"https:\/\/www.france.no\/?p=21560"},"modified":"2026-03-13T10:45:27","modified_gmt":"2026-03-13T09:45:27","slug":"reception-des-anciens-a-la-residence-de-france","status":"publish","type":"post","link":"https:\/\/www.france.no\/no\/2026\/universitetene\/reception-des-anciens-a-la-residence-de-france\/","title":{"rendered":"Mottakelse for Les Anciens"},"content":{"rendered":"\n<p>Den 6. mars tok Frankrikes ambassad\u00f8r Florence Robine imot foreningen Les Anciens i den franske residensen. Les Anciens er en forening som samler tidligere studenter fra et av Norges og Frankrikes eldste samarbeidsprogram for utdanning.<\/p>\n\n\n<div class=\"wp-block-image\">\n<figure class=\"aligncenter size-large is-resized\"><img loading=\"lazy\" decoding=\"async\" width=\"692\" height=\"1024\" src=\"https:\/\/www.france.no\/wp-content\/uploads\/2026\/03\/IMG-20260311-WA0040-692x1024.jpg\" alt=\"\" class=\"wp-image-21569\" style=\"aspect-ratio:0.675783278518262;width:368px;height:auto\" srcset=\"https:\/\/www.france.no\/wp-content\/uploads\/2026\/03\/IMG-20260311-WA0040-692x1024.jpg 692w, https:\/\/www.france.no\/wp-content\/uploads\/2026\/03\/IMG-20260311-WA0040-203x300.jpg 203w, https:\/\/www.france.no\/wp-content\/uploads\/2026\/03\/IMG-20260311-WA0040-768x1136.jpg 768w, https:\/\/www.france.no\/wp-content\/uploads\/2026\/03\/IMG-20260311-WA0040-1039x1536.jpg 1039w, https:\/\/www.france.no\/wp-content\/uploads\/2026\/03\/IMG-20260311-WA0040-1200x1775.jpg 1200w, https:\/\/www.france.no\/wp-content\/uploads\/2026\/03\/IMG-20260311-WA0040.jpg 1313w\" sizes=\"auto, (max-width: 692px) 100vw, 692px\" \/><\/figure>\n<\/div>\n\n\n<p>Siden 1918 har dette unike programmet fremmet det fransk-norske vennskapet og gjort det mulig for generasjoner av unge nordmenn \u00e5 studere i Frankrike. Siden oppstarten har nesten tusen av dem oppn\u00e5dd fransk baccalaureat, og p\u00e5 n\u00e5v\u00e6rende tidspunkt er det rundt hundre av dem som studerer i Frankrike.<\/p>\n\n\n\n<p>Det ble en fantastisk kveld for gjenforening og mimring, og ikke minst en feiring av eventyret de alle har v\u00e6rt en del av, og som fremtidige generasjoner ogs\u00e5 vil kunne oppleve.<\/p>\n\n\n<div class=\"wp-block-image\">\n<figure class=\"aligncenter size-large is-resized\"><img loading=\"lazy\" decoding=\"async\" width=\"1024\" height=\"768\" src=\"https:\/\/www.france.no\/wp-content\/uploads\/2026\/03\/IMG-20260311-WA0014-1024x768.jpg\" alt=\"\" class=\"wp-image-21575\" style=\"width:523px;height:auto\" srcset=\"https:\/\/www.france.no\/wp-content\/uploads\/2026\/03\/IMG-20260311-WA0014-1024x768.jpg 1024w, https:\/\/www.france.no\/wp-content\/uploads\/2026\/03\/IMG-20260311-WA0014-300x225.jpg 300w, https:\/\/www.france.no\/wp-content\/uploads\/2026\/03\/IMG-20260311-WA0014-768x576.jpg 768w, https:\/\/www.france.no\/wp-content\/uploads\/2026\/03\/IMG-20260311-WA0014-1536x1152.jpg 1536w, https:\/\/www.france.no\/wp-content\/uploads\/2026\/03\/IMG-20260311-WA0014-1200x900.jpg 1200w, https:\/\/www.france.no\/wp-content\/uploads\/2026\/03\/IMG-20260311-WA0014-1980x1485.jpg 1980w, https:\/\/www.france.no\/wp-content\/uploads\/2026\/03\/IMG-20260311-WA0014.jpg 2048w\" sizes=\"auto, (max-width: 1024px) 100vw, 1024px\" \/><\/figure>\n<\/div>\n\n\n<p>Takk til alle gjestene som kom, og en spesiell takk til Sigrid de Rodez Benavant, Anne Gro Isaksen og Harald M\u00e6le, for at de delte sine historier med oss \u2013 samt til v\u00e5r partner Direktoratet for h\u00f8yere utdanning og kompetanse for deres engasjement i disse fantastiske prosjektene.<\/p>\n\n\n\n<p><\/p>\n\n\n\n<p><\/p>\n","protected":false},"excerpt":{"rendered":"<p>Den 6. mars tok Frankrikes ambassad\u00f8r Florence Robine imot foreningen Les Anciens i den franske residensen. Les Anciens er en forening som samler tidligere studenter fra et av Norges og Frankrikes eldste samarbeidsprogram for utdanning. Siden 1918 har dette unike programmet fremmet det fransk-norske vennskapet og gjort det mulig for generasjoner av unge nordmenn \u00e5 [&hellip;]<\/p>\n","protected":false},"author":6,"featured_media":21563,"comment_status":"closed","ping_status":"open","sticky":false,"template":"","format":"standard","meta":{"footnotes":""},"categories":[15,13],"tags":[],"class_list":["post-21560","post","type-post","status-publish","format-standard","has-post-thumbnail","hentry","category-universitetene","category-utdanning-og-fransk-sprak"],"yoast_head":"<!-- This site is optimized with the Yoast SEO plugin v27.3 - https:\/\/yoast.com\/product\/yoast-seo-wordpress\/ -->\n<title>Mottakelse for Les Anciens - Institut fran\u00e7ais<\/title>\n<meta name=\"robots\" content=\"index, follow, max-snippet:-1, max-image-preview:large, max-video-preview:-1\" \/>\n<link rel=\"canonical\" href=\"https:\/\/www.france.no\/no\/2026\/universitetene\/reception-des-anciens-a-la-residence-de-france\/\" \/>\n<meta property=\"og:locale\" content=\"nb_NO\" \/>\n<meta property=\"og:type\" content=\"article\" \/>\n<meta property=\"og:title\" content=\"Mottakelse for Les Anciens - Institut fran\u00e7ais\" \/>\n<meta property=\"og:description\" content=\"Den 6. mars tok Frankrikes ambassad\u00f8r Florence Robine imot foreningen Les Anciens i den franske residensen. Les Anciens er en forening som samler tidligere studenter fra et av Norges og Frankrikes eldste samarbeidsprogram for utdanning. Siden 1918 har dette unike programmet fremmet det fransk-norske vennskapet og gjort det mulig for generasjoner av unge nordmenn \u00e5 [&hellip;]\" \/>\n<meta property=\"og:url\" content=\"https:\/\/www.france.no\/no\/2026\/universitetene\/reception-des-anciens-a-la-residence-de-france\/\" \/>\n<meta property=\"og:site_name\" content=\"Institut fran\u00e7ais\" \/>\n<meta property=\"article:publisher\" content=\"https:\/\/www.facebook.com\/institutfrancaisoslo\" \/>\n<meta property=\"article:published_time\" content=\"2026-03-13T09:40:50+00:00\" \/>\n<meta property=\"article:modified_time\" content=\"2026-03-13T09:45:27+00:00\" \/>\n<meta property=\"og:image\" content=\"https:\/\/www.france.no\/wp-content\/uploads\/2026\/03\/IMG-20260309-WA0003-1098x617.jpg\" \/>\n\t<meta property=\"og:image:width\" content=\"1600\" \/>\n\t<meta property=\"og:image:height\" content=\"1200\" \/>\n\t<meta property=\"og:image:type\" content=\"image\/jpeg\" \/>\n<meta name=\"author\" content=\"P\u00f4le Communication\" \/>\n<meta name=\"twitter:card\" content=\"summary_large_image\" \/>\n<meta name=\"twitter:creator\" content=\"@ifnorvege\" \/>\n<meta name=\"twitter:site\" content=\"@ifnorvege\" \/>\n<meta name=\"twitter:label1\" content=\"Skrevet av\" \/>\n\t<meta name=\"twitter:data1\" content=\"P\u00f4le Communication\" \/>\n\t<meta name=\"twitter:label2\" content=\"Ansl. lesetid\" \/>\n\t<meta name=\"twitter:data2\" content=\"2 minutter\" \/>\n<script type=\"application\/ld+json\" class=\"yoast-schema-graph\">{\"@context\":\"https:\\\/\\\/schema.org\",\"@graph\":[{\"@type\":\"Article\",\"@id\":\"https:\\\/\\\/www.france.no\\\/no\\\/2026\\\/universitetene\\\/reception-des-anciens-a-la-residence-de-france\\\/#article\",\"isPartOf\":{\"@id\":\"https:\\\/\\\/www.france.no\\\/no\\\/2026\\\/universitetene\\\/reception-des-anciens-a-la-residence-de-france\\\/\"},\"author\":{\"name\":\"P\u00f4le Communication\",\"@id\":\"https:\\\/\\\/www.france.no\\\/no\\\/#\\\/schema\\\/person\\\/e911222e8703f294589a6d80b1c16f97\"},\"headline\":\"Mottakelse for Les Anciens\",\"datePublished\":\"2026-03-13T09:40:50+00:00\",\"dateModified\":\"2026-03-13T09:45:27+00:00\",\"mainEntityOfPage\":{\"@id\":\"https:\\\/\\\/www.france.no\\\/no\\\/2026\\\/universitetene\\\/reception-des-anciens-a-la-residence-de-france\\\/\"},\"wordCount\":168,\"publisher\":{\"@id\":\"https:\\\/\\\/www.france.no\\\/no\\\/#organization\"},\"image\":{\"@id\":\"https:\\\/\\\/www.france.no\\\/no\\\/2026\\\/universitetene\\\/reception-des-anciens-a-la-residence-de-france\\\/#primaryimage\"},\"thumbnailUrl\":\"https:\\\/\\\/www.france.no\\\/wp-content\\\/uploads\\\/2026\\\/03\\\/IMG-20260309-WA0003-1098x617.jpg\",\"articleSection\":[\"Universiteter\",\"Utdannelse og Fransk spr\u00e5ksamarbeid\"],\"inLanguage\":\"nb-NO\"},{\"@type\":\"WebPage\",\"@id\":\"https:\\\/\\\/www.france.no\\\/no\\\/2026\\\/universitetene\\\/reception-des-anciens-a-la-residence-de-france\\\/\",\"url\":\"https:\\\/\\\/www.france.no\\\/no\\\/2026\\\/universitetene\\\/reception-des-anciens-a-la-residence-de-france\\\/\",\"name\":\"Mottakelse for Les Anciens - Institut fran\u00e7ais\",\"isPartOf\":{\"@id\":\"https:\\\/\\\/www.france.no\\\/no\\\/#website\"},\"primaryImageOfPage\":{\"@id\":\"https:\\\/\\\/www.france.no\\\/no\\\/2026\\\/universitetene\\\/reception-des-anciens-a-la-residence-de-france\\\/#primaryimage\"},\"image\":{\"@id\":\"https:\\\/\\\/www.france.no\\\/no\\\/2026\\\/universitetene\\\/reception-des-anciens-a-la-residence-de-france\\\/#primaryimage\"},\"thumbnailUrl\":\"https:\\\/\\\/www.france.no\\\/wp-content\\\/uploads\\\/2026\\\/03\\\/IMG-20260309-WA0003-1098x617.jpg\",\"datePublished\":\"2026-03-13T09:40:50+00:00\",\"dateModified\":\"2026-03-13T09:45:27+00:00\",\"breadcrumb\":{\"@id\":\"https:\\\/\\\/www.france.no\\\/no\\\/2026\\\/universitetene\\\/reception-des-anciens-a-la-residence-de-france\\\/#breadcrumb\"},\"inLanguage\":\"nb-NO\",\"potentialAction\":[{\"@type\":\"ReadAction\",\"target\":[\"https:\\\/\\\/www.france.no\\\/no\\\/2026\\\/universitetene\\\/reception-des-anciens-a-la-residence-de-france\\\/\"]}]},{\"@type\":\"ImageObject\",\"inLanguage\":\"nb-NO\",\"@id\":\"https:\\\/\\\/www.france.no\\\/no\\\/2026\\\/universitetene\\\/reception-des-anciens-a-la-residence-de-france\\\/#primaryimage\",\"url\":\"https:\\\/\\\/www.france.no\\\/wp-content\\\/uploads\\\/2026\\\/03\\\/IMG-20260309-WA0003-1098x617.jpg\",\"contentUrl\":\"https:\\\/\\\/www.france.no\\\/wp-content\\\/uploads\\\/2026\\\/03\\\/IMG-20260309-WA0003-1098x617.jpg\",\"width\":1600,\"height\":1200},{\"@type\":\"BreadcrumbList\",\"@id\":\"https:\\\/\\\/www.france.no\\\/no\\\/2026\\\/universitetene\\\/reception-des-anciens-a-la-residence-de-france\\\/#breadcrumb\",\"itemListElement\":[{\"@type\":\"ListItem\",\"position\":1,\"name\":\"\",\"item\":\"https:\\\/\\\/www.france.no\\\/no\\\/\"},{\"@type\":\"ListItem\",\"position\":2,\"name\":\"Mottakelse for Les Anciens\"}]},{\"@type\":\"WebSite\",\"@id\":\"https:\\\/\\\/www.france.no\\\/no\\\/#website\",\"url\":\"https:\\\/\\\/www.france.no\\\/no\\\/\",\"name\":\"Institut fran\u00e7ais\",\"description\":\"Norv\u00e8ge\",\"publisher\":{\"@id\":\"https:\\\/\\\/www.france.no\\\/no\\\/#organization\"},\"potentialAction\":[{\"@type\":\"SearchAction\",\"target\":{\"@type\":\"EntryPoint\",\"urlTemplate\":\"https:\\\/\\\/www.france.no\\\/no\\\/?s={search_term_string}\"},\"query-input\":{\"@type\":\"PropertyValueSpecification\",\"valueRequired\":true,\"valueName\":\"search_term_string\"}}],\"inLanguage\":\"nb-NO\"},{\"@type\":\"Organization\",\"@id\":\"https:\\\/\\\/www.france.no\\\/no\\\/#organization\",\"name\":\"Institut fran\u00e7ais\",\"url\":\"https:\\\/\\\/www.france.no\\\/no\\\/\",\"logo\":{\"@type\":\"ImageObject\",\"inLanguage\":\"nb-NO\",\"@id\":\"https:\\\/\\\/www.france.no\\\/no\\\/#\\\/schema\\\/logo\\\/image\\\/\",\"url\":\"https:\\\/\\\/www.france.no\\\/wp-content\\\/uploads\\\/2022\\\/11\\\/IF_Logo_Sans_Bleu_RVB.png\",\"contentUrl\":\"https:\\\/\\\/www.france.no\\\/wp-content\\\/uploads\\\/2022\\\/11\\\/IF_Logo_Sans_Bleu_RVB.png\",\"width\":852,\"height\":591,\"caption\":\"Institut fran\u00e7ais\"},\"image\":{\"@id\":\"https:\\\/\\\/www.france.no\\\/no\\\/#\\\/schema\\\/logo\\\/image\\\/\"},\"sameAs\":[\"https:\\\/\\\/www.facebook.com\\\/institutfrancaisoslo\",\"https:\\\/\\\/x.com\\\/ifnorvege\",\"https:\\\/\\\/instagram.com\\\/ifnorvege\"]},{\"@type\":\"Person\",\"@id\":\"https:\\\/\\\/www.france.no\\\/no\\\/#\\\/schema\\\/person\\\/e911222e8703f294589a6d80b1c16f97\",\"name\":\"P\u00f4le Communication\",\"image\":{\"@type\":\"ImageObject\",\"inLanguage\":\"nb-NO\",\"@id\":\"https:\\\/\\\/secure.gravatar.com\\\/avatar\\\/20ae085a8b5fd613a02d28588389144802d3ba9408c852b2c6c7c4b17cc39660?s=96&d=mm&r=g\",\"url\":\"https:\\\/\\\/secure.gravatar.com\\\/avatar\\\/20ae085a8b5fd613a02d28588389144802d3ba9408c852b2c6c7c4b17cc39660?s=96&d=mm&r=g\",\"contentUrl\":\"https:\\\/\\\/secure.gravatar.com\\\/avatar\\\/20ae085a8b5fd613a02d28588389144802d3ba9408c852b2c6c7c4b17cc39660?s=96&d=mm&r=g\",\"caption\":\"P\u00f4le Communication\"},\"url\":\"https:\\\/\\\/www.france.no\\\/no\\\/author\\\/polecom\\\/\"}]}<\/script>\n<!-- \/ Yoast SEO plugin. -->","yoast_head_json":{"title":"Mottakelse for Les Anciens - Institut fran\u00e7ais","robots":{"index":"index","follow":"follow","max-snippet":"max-snippet:-1","max-image-preview":"max-image-preview:large","max-video-preview":"max-video-preview:-1"},"canonical":"https:\/\/www.france.no\/no\/2026\/universitetene\/reception-des-anciens-a-la-residence-de-france\/","og_locale":"nb_NO","og_type":"article","og_title":"Mottakelse for Les Anciens - Institut fran\u00e7ais","og_description":"Den 6. mars tok Frankrikes ambassad\u00f8r Florence Robine imot foreningen Les Anciens i den franske residensen. Les Anciens er en forening som samler tidligere studenter fra et av Norges og Frankrikes eldste samarbeidsprogram for utdanning. Siden 1918 har dette unike programmet fremmet det fransk-norske vennskapet og gjort det mulig for generasjoner av unge nordmenn \u00e5 [&hellip;]","og_url":"https:\/\/www.france.no\/no\/2026\/universitetene\/reception-des-anciens-a-la-residence-de-france\/","og_site_name":"Institut fran\u00e7ais","article_publisher":"https:\/\/www.facebook.com\/institutfrancaisoslo","article_published_time":"2026-03-13T09:40:50+00:00","article_modified_time":"2026-03-13T09:45:27+00:00","og_image":[{"width":1600,"height":1200,"url":"https:\/\/www.france.no\/wp-content\/uploads\/2026\/03\/IMG-20260309-WA0003-1098x617.jpg","type":"image\/jpeg"}],"author":"P\u00f4le Communication","twitter_card":"summary_large_image","twitter_creator":"@ifnorvege","twitter_site":"@ifnorvege","twitter_misc":{"Skrevet av":"P\u00f4le Communication","Ansl. lesetid":"2 minutter"},"schema":{"@context":"https:\/\/schema.org","@graph":[{"@type":"Article","@id":"https:\/\/www.france.no\/no\/2026\/universitetene\/reception-des-anciens-a-la-residence-de-france\/#article","isPartOf":{"@id":"https:\/\/www.france.no\/no\/2026\/universitetene\/reception-des-anciens-a-la-residence-de-france\/"},"author":{"name":"P\u00f4le Communication","@id":"https:\/\/www.france.no\/no\/#\/schema\/person\/e911222e8703f294589a6d80b1c16f97"},"headline":"Mottakelse for Les Anciens","datePublished":"2026-03-13T09:40:50+00:00","dateModified":"2026-03-13T09:45:27+00:00","mainEntityOfPage":{"@id":"https:\/\/www.france.no\/no\/2026\/universitetene\/reception-des-anciens-a-la-residence-de-france\/"},"wordCount":168,"publisher":{"@id":"https:\/\/www.france.no\/no\/#organization"},"image":{"@id":"https:\/\/www.france.no\/no\/2026\/universitetene\/reception-des-anciens-a-la-residence-de-france\/#primaryimage"},"thumbnailUrl":"https:\/\/www.france.no\/wp-content\/uploads\/2026\/03\/IMG-20260309-WA0003-1098x617.jpg","articleSection":["Universiteter","Utdannelse og Fransk spr\u00e5ksamarbeid"],"inLanguage":"nb-NO"},{"@type":"WebPage","@id":"https:\/\/www.france.no\/no\/2026\/universitetene\/reception-des-anciens-a-la-residence-de-france\/","url":"https:\/\/www.france.no\/no\/2026\/universitetene\/reception-des-anciens-a-la-residence-de-france\/","name":"Mottakelse for Les Anciens - Institut fran\u00e7ais","isPartOf":{"@id":"https:\/\/www.france.no\/no\/#website"},"primaryImageOfPage":{"@id":"https:\/\/www.france.no\/no\/2026\/universitetene\/reception-des-anciens-a-la-residence-de-france\/#primaryimage"},"image":{"@id":"https:\/\/www.france.no\/no\/2026\/universitetene\/reception-des-anciens-a-la-residence-de-france\/#primaryimage"},"thumbnailUrl":"https:\/\/www.france.no\/wp-content\/uploads\/2026\/03\/IMG-20260309-WA0003-1098x617.jpg","datePublished":"2026-03-13T09:40:50+00:00","dateModified":"2026-03-13T09:45:27+00:00","breadcrumb":{"@id":"https:\/\/www.france.no\/no\/2026\/universitetene\/reception-des-anciens-a-la-residence-de-france\/#breadcrumb"},"inLanguage":"nb-NO","potentialAction":[{"@type":"ReadAction","target":["https:\/\/www.france.no\/no\/2026\/universitetene\/reception-des-anciens-a-la-residence-de-france\/"]}]},{"@type":"ImageObject","inLanguage":"nb-NO","@id":"https:\/\/www.france.no\/no\/2026\/universitetene\/reception-des-anciens-a-la-residence-de-france\/#primaryimage","url":"https:\/\/www.france.no\/wp-content\/uploads\/2026\/03\/IMG-20260309-WA0003-1098x617.jpg","contentUrl":"https:\/\/www.france.no\/wp-content\/uploads\/2026\/03\/IMG-20260309-WA0003-1098x617.jpg","width":1600,"height":1200},{"@type":"BreadcrumbList","@id":"https:\/\/www.france.no\/no\/2026\/universitetene\/reception-des-anciens-a-la-residence-de-france\/#breadcrumb","itemListElement":[{"@type":"ListItem","position":1,"name":"","item":"https:\/\/www.france.no\/no\/"},{"@type":"ListItem","position":2,"name":"Mottakelse for Les Anciens"}]},{"@type":"WebSite","@id":"https:\/\/www.france.no\/no\/#website","url":"https:\/\/www.france.no\/no\/","name":"Institut fran\u00e7ais","description":"Norv\u00e8ge","publisher":{"@id":"https:\/\/www.france.no\/no\/#organization"},"potentialAction":[{"@type":"SearchAction","target":{"@type":"EntryPoint","urlTemplate":"https:\/\/www.france.no\/no\/?s={search_term_string}"},"query-input":{"@type":"PropertyValueSpecification","valueRequired":true,"valueName":"search_term_string"}}],"inLanguage":"nb-NO"},{"@type":"Organization","@id":"https:\/\/www.france.no\/no\/#organization","name":"Institut fran\u00e7ais","url":"https:\/\/www.france.no\/no\/","logo":{"@type":"ImageObject","inLanguage":"nb-NO","@id":"https:\/\/www.france.no\/no\/#\/schema\/logo\/image\/","url":"https:\/\/www.france.no\/wp-content\/uploads\/2022\/11\/IF_Logo_Sans_Bleu_RVB.png","contentUrl":"https:\/\/www.france.no\/wp-content\/uploads\/2022\/11\/IF_Logo_Sans_Bleu_RVB.png","width":852,"height":591,"caption":"Institut fran\u00e7ais"},"image":{"@id":"https:\/\/www.france.no\/no\/#\/schema\/logo\/image\/"},"sameAs":["https:\/\/www.facebook.com\/institutfrancaisoslo","https:\/\/x.com\/ifnorvege","https:\/\/instagram.com\/ifnorvege"]},{"@type":"Person","@id":"https:\/\/www.france.no\/no\/#\/schema\/person\/e911222e8703f294589a6d80b1c16f97","name":"P\u00f4le Communication","image":{"@type":"ImageObject","inLanguage":"nb-NO","@id":"https:\/\/secure.gravatar.com\/avatar\/20ae085a8b5fd613a02d28588389144802d3ba9408c852b2c6c7c4b17cc39660?s=96&d=mm&r=g","url":"https:\/\/secure.gravatar.com\/avatar\/20ae085a8b5fd613a02d28588389144802d3ba9408c852b2c6c7c4b17cc39660?s=96&d=mm&r=g","contentUrl":"https:\/\/secure.gravatar.com\/avatar\/20ae085a8b5fd613a02d28588389144802d3ba9408c852b2c6c7c4b17cc39660?s=96&d=mm&r=g","caption":"P\u00f4le Communication"},"url":"https:\/\/www.france.no\/no\/author\/polecom\/"}]}},"_links":{"self":[{"href":"https:\/\/www.france.no\/no\/wp-json\/wp\/v2\/posts\/21560","targetHints":{"allow":["GET"]}}],"collection":[{"href":"https:\/\/www.france.no\/no\/wp-json\/wp\/v2\/posts"}],"about":[{"href":"https:\/\/www.france.no\/no\/wp-json\/wp\/v2\/types\/post"}],"author":[{"embeddable":true,"href":"https:\/\/www.france.no\/no\/wp-json\/wp\/v2\/users\/6"}],"replies":[{"embeddable":true,"href":"https:\/\/www.france.no\/no\/wp-json\/wp\/v2\/comments?post=21560"}],"version-history":[{"count":2,"href":"https:\/\/www.france.no\/no\/wp-json\/wp\/v2\/posts\/21560\/revisions"}],"predecessor-version":[{"id":21611,"href":"https:\/\/www.france.no\/no\/wp-json\/wp\/v2\/posts\/21560\/revisions\/21611"}],"wp:featuredmedia":[{"embeddable":true,"href":"https:\/\/www.france.no\/no\/wp-json\/wp\/v2\/media\/21563"}],"wp:attachment":[{"href":"https:\/\/www.france.no\/no\/wp-json\/wp\/v2\/media?parent=21560"}],"wp:term":[{"taxonomy":"category","embeddable":true,"href":"https:\/\/www.france.no\/no\/wp-json\/wp\/v2\/categories?post=21560"},{"taxonomy":"post_tag","embeddable":true,"href":"https:\/\/www.france.no\/no\/wp-json\/wp\/v2\/tags?post=21560"}],"curies":[{"name":"wp","href":"https:\/\/api.w.org\/{rel}","templated":true}]}}