{"id":2166,"date":"2022-11-17T00:00:00","date_gmt":"2022-11-16T23:00:00","guid":{"rendered":"https:\/\/www.france.no\/2022\/culture\/meeting-with-sigurd-bergflodt-november-15th-2022\/"},"modified":"2022-11-17T00:00:00","modified_gmt":"2022-11-16T23:00:00","slug":"meeting-with-sigurd-bergflodt-november-15th-2022","status":"publish","type":"post","link":"https:\/\/www.france.no\/no\/2022\/vitenskap-og-forskning\/meeting-with-sigurd-bergflodt-november-15th-2022\/","title":{"rendered":"Meeting with Sigurd Bergfl\u00f8dt &#8211; November 15th, 2022"},"content":{"rendered":"<p style=\"text-align: center;\">On November 15th 2022,the Department of Sciences has met<\/p>\n<p style=\"text-align: center;\"><strong><span style=\"color: #0000ff;\">Sigurd Bergfl\u00f8dt<\/span> <\/strong>who works at OsloMet.<\/p>\n<p>\nOn this occasion, together, we talked about his article that he wrote with Virginie Amilien and Atle Wehn Hegnes in 2021:<\/p>\n<p style=\"text-align: center;\"><span style=\"color: #0000ff;\"><strong>&laquo;Homage or rebellion?<\/strong><\/span><\/p>\n<p style=\"text-align: center;\"><span style=\"color: #0000ff;\"><strong>The role of the French culinary model in Norwegian food culture&raquo;<\/strong><\/span><\/p>\n<p>(Laurioux, Bruno; Stengel, Kilien &#8211; Red. Le mod\u00e8le alimentaire fran\u00e7ais. 12. s. 199-230. Presses universitaires Fran\u00e7ois-Rabelais PUFR)<\/p>\n","protected":false},"excerpt":{"rendered":"<p>On November 15th 2022,the Department of Sciences has met Sigurd Bergfl\u00f8dt who works at OsloMet. On this occasion, together, we talked about his article that he wrote with Virginie Amilien and Atle Wehn Hegnes in 2021: &laquo;Homage or rebellion? The role of the French culinary model in Norwegian food culture&raquo; (Laurioux, Bruno; Stengel, Kilien &#8211; [&hellip;]<\/p>\n","protected":false},"author":1,"featured_media":2028,"comment_status":"closed","ping_status":"closed","sticky":false,"template":"","format":"standard","meta":{"footnotes":""},"categories":[17],"tags":[],"class_list":["post-2166","post","type-post","status-publish","format-standard","has-post-thumbnail","hentry","category-vitenskap-og-forskning"],"yoast_head":"<!-- This site is optimized with the Yoast SEO plugin v24.2 - https:\/\/yoast.com\/wordpress\/plugins\/seo\/ -->\n<title>Meeting with Sigurd Bergfl\u00f8dt - November 15th, 2022 - Institut fran\u00e7ais<\/title>\n<meta name=\"robots\" content=\"index, follow, max-snippet:-1, max-image-preview:large, max-video-preview:-1\" \/>\n<link rel=\"canonical\" href=\"https:\/\/www.france.no\/no\/2022\/vitenskap-og-forskning\/meeting-with-sigurd-bergflodt-november-15th-2022\/\" \/>\n<meta property=\"og:locale\" content=\"nb_NO\" \/>\n<meta property=\"og:type\" content=\"article\" \/>\n<meta property=\"og:title\" content=\"Meeting with Sigurd Bergfl\u00f8dt - November 15th, 2022 - Institut fran\u00e7ais\" \/>\n<meta property=\"og:description\" content=\"On November 15th 2022,the Department of Sciences has met Sigurd Bergfl\u00f8dt who works at OsloMet. On this occasion, together, we talked about his article that he wrote with Virginie Amilien and Atle Wehn Hegnes in 2021: &laquo;Homage or rebellion? The role of the French culinary model in Norwegian food culture&raquo; (Laurioux, Bruno; Stengel, Kilien &#8211; [&hellip;]\" \/>\n<meta property=\"og:url\" content=\"https:\/\/www.france.no\/no\/2022\/vitenskap-og-forskning\/meeting-with-sigurd-bergflodt-november-15th-2022\/\" \/>\n<meta property=\"og:site_name\" content=\"Institut fran\u00e7ais\" \/>\n<meta property=\"article:publisher\" content=\"https:\/\/www.facebook.com\/institutfrancaisoslo\" \/>\n<meta property=\"article:published_time\" content=\"2022-11-16T23:00:00+00:00\" \/>\n<meta property=\"og:image\" content=\"https:\/\/www.france.no\/wp-content\/uploads\/2022\/12\/sigurd-bergflodt-940x617.png\" \/>\n\t<meta property=\"og:image:width\" content=\"940\" \/>\n\t<meta property=\"og:image:height\" content=\"788\" \/>\n\t<meta property=\"og:image:type\" content=\"image\/png\" \/>\n<meta name=\"author\" content=\"admin_ifno\" \/>\n<meta name=\"twitter:card\" content=\"summary_large_image\" \/>\n<meta name=\"twitter:creator\" content=\"@ifnorvege\" \/>\n<meta name=\"twitter:site\" content=\"@ifnorvege\" \/>\n<meta name=\"twitter:label1\" content=\"Skrevet av\" \/>\n\t<meta name=\"twitter:data1\" content=\"admin_ifno\" \/>\n<script type=\"application\/ld+json\" class=\"yoast-schema-graph\">{\"@context\":\"https:\/\/schema.org\",\"@graph\":[{\"@type\":\"Article\",\"@id\":\"https:\/\/www.france.no\/no\/2022\/vitenskap-og-forskning\/meeting-with-sigurd-bergflodt-november-15th-2022\/#article\",\"isPartOf\":{\"@id\":\"https:\/\/www.france.no\/no\/2022\/vitenskap-og-forskning\/meeting-with-sigurd-bergflodt-november-15th-2022\/\"},\"author\":{\"name\":\"admin_ifno\",\"@id\":\"https:\/\/www.france.no\/no\/#\/schema\/person\/4fdc0b263d8f27bb00a55f55d2fa3ab0\"},\"headline\":\"Meeting with Sigurd Bergfl\u00f8dt &#8211; November 15th, 2022\",\"datePublished\":\"2022-11-16T23:00:00+00:00\",\"dateModified\":\"2022-11-16T23:00:00+00:00\",\"mainEntityOfPage\":{\"@id\":\"https:\/\/www.france.no\/no\/2022\/vitenskap-og-forskning\/meeting-with-sigurd-bergflodt-november-15th-2022\/\"},\"wordCount\":77,\"publisher\":{\"@id\":\"https:\/\/www.france.no\/no\/#organization\"},\"image\":{\"@id\":\"https:\/\/www.france.no\/no\/2022\/vitenskap-og-forskning\/meeting-with-sigurd-bergflodt-november-15th-2022\/#primaryimage\"},\"thumbnailUrl\":\"https:\/\/www.france.no\/wp-content\/uploads\/2022\/12\/sigurd-bergflodt-940x617.png\",\"articleSection\":[\"Vitenskap og forskning\"],\"inLanguage\":\"nb-NO\"},{\"@type\":\"WebPage\",\"@id\":\"https:\/\/www.france.no\/no\/2022\/vitenskap-og-forskning\/meeting-with-sigurd-bergflodt-november-15th-2022\/\",\"url\":\"https:\/\/www.france.no\/no\/2022\/vitenskap-og-forskning\/meeting-with-sigurd-bergflodt-november-15th-2022\/\",\"name\":\"Meeting with Sigurd Bergfl\u00f8dt - November 15th, 2022 - Institut fran\u00e7ais\",\"isPartOf\":{\"@id\":\"https:\/\/www.france.no\/no\/#website\"},\"primaryImageOfPage\":{\"@id\":\"https:\/\/www.france.no\/no\/2022\/vitenskap-og-forskning\/meeting-with-sigurd-bergflodt-november-15th-2022\/#primaryimage\"},\"image\":{\"@id\":\"https:\/\/www.france.no\/no\/2022\/vitenskap-og-forskning\/meeting-with-sigurd-bergflodt-november-15th-2022\/#primaryimage\"},\"thumbnailUrl\":\"https:\/\/www.france.no\/wp-content\/uploads\/2022\/12\/sigurd-bergflodt-940x617.png\",\"datePublished\":\"2022-11-16T23:00:00+00:00\",\"dateModified\":\"2022-11-16T23:00:00+00:00\",\"breadcrumb\":{\"@id\":\"https:\/\/www.france.no\/no\/2022\/vitenskap-og-forskning\/meeting-with-sigurd-bergflodt-november-15th-2022\/#breadcrumb\"},\"inLanguage\":\"nb-NO\",\"potentialAction\":[{\"@type\":\"ReadAction\",\"target\":[\"https:\/\/www.france.no\/no\/2022\/vitenskap-og-forskning\/meeting-with-sigurd-bergflodt-november-15th-2022\/\"]}]},{\"@type\":\"ImageObject\",\"inLanguage\":\"nb-NO\",\"@id\":\"https:\/\/www.france.no\/no\/2022\/vitenskap-og-forskning\/meeting-with-sigurd-bergflodt-november-15th-2022\/#primaryimage\",\"url\":\"https:\/\/www.france.no\/wp-content\/uploads\/2022\/12\/sigurd-bergflodt-940x617.png\",\"contentUrl\":\"https:\/\/www.france.no\/wp-content\/uploads\/2022\/12\/sigurd-bergflodt-940x617.png\",\"width\":940,\"height\":788},{\"@type\":\"BreadcrumbList\",\"@id\":\"https:\/\/www.france.no\/no\/2022\/vitenskap-og-forskning\/meeting-with-sigurd-bergflodt-november-15th-2022\/#breadcrumb\",\"itemListElement\":[{\"@type\":\"ListItem\",\"position\":1,\"name\":\"\",\"item\":\"https:\/\/www.france.no\/no\/\"},{\"@type\":\"ListItem\",\"position\":2,\"name\":\"Vitenskap og forskning\",\"item\":\"https:\/\/www.france.no\/no\/category\/vitenskap-og-forskning\/\"},{\"@type\":\"ListItem\",\"position\":3,\"name\":\"Meeting with Sigurd Bergfl\u00f8dt &#8211; November 15th, 2022\"}]},{\"@type\":\"WebSite\",\"@id\":\"https:\/\/www.france.no\/no\/#website\",\"url\":\"https:\/\/www.france.no\/no\/\",\"name\":\"Institut fran\u00e7ais\",\"description\":\"Norv\u00e8ge\",\"publisher\":{\"@id\":\"https:\/\/www.france.no\/no\/#organization\"},\"potentialAction\":[{\"@type\":\"SearchAction\",\"target\":{\"@type\":\"EntryPoint\",\"urlTemplate\":\"https:\/\/www.france.no\/no\/?s={search_term_string}\"},\"query-input\":{\"@type\":\"PropertyValueSpecification\",\"valueRequired\":true,\"valueName\":\"search_term_string\"}}],\"inLanguage\":\"nb-NO\"},{\"@type\":\"Organization\",\"@id\":\"https:\/\/www.france.no\/no\/#organization\",\"name\":\"Institut fran\u00e7ais\",\"url\":\"https:\/\/www.france.no\/no\/\",\"logo\":{\"@type\":\"ImageObject\",\"inLanguage\":\"nb-NO\",\"@id\":\"https:\/\/www.france.no\/no\/#\/schema\/logo\/image\/\",\"url\":\"https:\/\/www.france.no\/wp-content\/uploads\/2022\/11\/IF_Logo_Sans_Bleu_RVB.png\",\"contentUrl\":\"https:\/\/www.france.no\/wp-content\/uploads\/2022\/11\/IF_Logo_Sans_Bleu_RVB.png\",\"width\":852,\"height\":591,\"caption\":\"Institut fran\u00e7ais\"},\"image\":{\"@id\":\"https:\/\/www.france.no\/no\/#\/schema\/logo\/image\/\"},\"sameAs\":[\"https:\/\/www.facebook.com\/institutfrancaisoslo\",\"https:\/\/x.com\/ifnorvege\",\"https:\/\/instagram.com\/ifnorvege\"]},{\"@type\":\"Person\",\"@id\":\"https:\/\/www.france.no\/no\/#\/schema\/person\/4fdc0b263d8f27bb00a55f55d2fa3ab0\",\"name\":\"admin_ifno\",\"image\":{\"@type\":\"ImageObject\",\"inLanguage\":\"nb-NO\",\"@id\":\"https:\/\/www.france.no\/no\/#\/schema\/person\/image\/\",\"url\":\"https:\/\/secure.gravatar.com\/avatar\/20f70e61054e6ae673edda3c0dc13670e46e51786443041c70a7eb2da859ae2a?s=96&d=mm&r=g\",\"contentUrl\":\"https:\/\/secure.gravatar.com\/avatar\/20f70e61054e6ae673edda3c0dc13670e46e51786443041c70a7eb2da859ae2a?s=96&d=mm&r=g\",\"caption\":\"admin_ifno\"},\"sameAs\":[\"https:\/\/www.france.no\"],\"url\":\"https:\/\/www.france.no\/no\/author\/admin_ifno\/\"}]}<\/script>\n<!-- \/ Yoast SEO plugin. -->","yoast_head_json":{"title":"Meeting with Sigurd Bergfl\u00f8dt - November 15th, 2022 - Institut fran\u00e7ais","robots":{"index":"index","follow":"follow","max-snippet":"max-snippet:-1","max-image-preview":"max-image-preview:large","max-video-preview":"max-video-preview:-1"},"canonical":"https:\/\/www.france.no\/no\/2022\/vitenskap-og-forskning\/meeting-with-sigurd-bergflodt-november-15th-2022\/","og_locale":"nb_NO","og_type":"article","og_title":"Meeting with Sigurd Bergfl\u00f8dt - November 15th, 2022 - Institut fran\u00e7ais","og_description":"On November 15th 2022,the Department of Sciences has met Sigurd Bergfl\u00f8dt who works at OsloMet. On this occasion, together, we talked about his article that he wrote with Virginie Amilien and Atle Wehn Hegnes in 2021: &laquo;Homage or rebellion? The role of the French culinary model in Norwegian food culture&raquo; (Laurioux, Bruno; Stengel, Kilien &#8211; [&hellip;]","og_url":"https:\/\/www.france.no\/no\/2022\/vitenskap-og-forskning\/meeting-with-sigurd-bergflodt-november-15th-2022\/","og_site_name":"Institut fran\u00e7ais","article_publisher":"https:\/\/www.facebook.com\/institutfrancaisoslo","article_published_time":"2022-11-16T23:00:00+00:00","og_image":[{"width":940,"height":788,"url":"https:\/\/www.france.no\/wp-content\/uploads\/2022\/12\/sigurd-bergflodt-940x617.png","type":"image\/png"}],"author":"admin_ifno","twitter_card":"summary_large_image","twitter_creator":"@ifnorvege","twitter_site":"@ifnorvege","twitter_misc":{"Skrevet av":"admin_ifno"},"schema":{"@context":"https:\/\/schema.org","@graph":[{"@type":"Article","@id":"https:\/\/www.france.no\/no\/2022\/vitenskap-og-forskning\/meeting-with-sigurd-bergflodt-november-15th-2022\/#article","isPartOf":{"@id":"https:\/\/www.france.no\/no\/2022\/vitenskap-og-forskning\/meeting-with-sigurd-bergflodt-november-15th-2022\/"},"author":{"name":"admin_ifno","@id":"https:\/\/www.france.no\/no\/#\/schema\/person\/4fdc0b263d8f27bb00a55f55d2fa3ab0"},"headline":"Meeting with Sigurd Bergfl\u00f8dt &#8211; November 15th, 2022","datePublished":"2022-11-16T23:00:00+00:00","dateModified":"2022-11-16T23:00:00+00:00","mainEntityOfPage":{"@id":"https:\/\/www.france.no\/no\/2022\/vitenskap-og-forskning\/meeting-with-sigurd-bergflodt-november-15th-2022\/"},"wordCount":77,"publisher":{"@id":"https:\/\/www.france.no\/no\/#organization"},"image":{"@id":"https:\/\/www.france.no\/no\/2022\/vitenskap-og-forskning\/meeting-with-sigurd-bergflodt-november-15th-2022\/#primaryimage"},"thumbnailUrl":"https:\/\/www.france.no\/wp-content\/uploads\/2022\/12\/sigurd-bergflodt-940x617.png","articleSection":["Vitenskap og forskning"],"inLanguage":"nb-NO"},{"@type":"WebPage","@id":"https:\/\/www.france.no\/no\/2022\/vitenskap-og-forskning\/meeting-with-sigurd-bergflodt-november-15th-2022\/","url":"https:\/\/www.france.no\/no\/2022\/vitenskap-og-forskning\/meeting-with-sigurd-bergflodt-november-15th-2022\/","name":"Meeting with Sigurd Bergfl\u00f8dt - November 15th, 2022 - Institut fran\u00e7ais","isPartOf":{"@id":"https:\/\/www.france.no\/no\/#website"},"primaryImageOfPage":{"@id":"https:\/\/www.france.no\/no\/2022\/vitenskap-og-forskning\/meeting-with-sigurd-bergflodt-november-15th-2022\/#primaryimage"},"image":{"@id":"https:\/\/www.france.no\/no\/2022\/vitenskap-og-forskning\/meeting-with-sigurd-bergflodt-november-15th-2022\/#primaryimage"},"thumbnailUrl":"https:\/\/www.france.no\/wp-content\/uploads\/2022\/12\/sigurd-bergflodt-940x617.png","datePublished":"2022-11-16T23:00:00+00:00","dateModified":"2022-11-16T23:00:00+00:00","breadcrumb":{"@id":"https:\/\/www.france.no\/no\/2022\/vitenskap-og-forskning\/meeting-with-sigurd-bergflodt-november-15th-2022\/#breadcrumb"},"inLanguage":"nb-NO","potentialAction":[{"@type":"ReadAction","target":["https:\/\/www.france.no\/no\/2022\/vitenskap-og-forskning\/meeting-with-sigurd-bergflodt-november-15th-2022\/"]}]},{"@type":"ImageObject","inLanguage":"nb-NO","@id":"https:\/\/www.france.no\/no\/2022\/vitenskap-og-forskning\/meeting-with-sigurd-bergflodt-november-15th-2022\/#primaryimage","url":"https:\/\/www.france.no\/wp-content\/uploads\/2022\/12\/sigurd-bergflodt-940x617.png","contentUrl":"https:\/\/www.france.no\/wp-content\/uploads\/2022\/12\/sigurd-bergflodt-940x617.png","width":940,"height":788},{"@type":"BreadcrumbList","@id":"https:\/\/www.france.no\/no\/2022\/vitenskap-og-forskning\/meeting-with-sigurd-bergflodt-november-15th-2022\/#breadcrumb","itemListElement":[{"@type":"ListItem","position":1,"name":"","item":"https:\/\/www.france.no\/no\/"},{"@type":"ListItem","position":2,"name":"Vitenskap og forskning","item":"https:\/\/www.france.no\/no\/category\/vitenskap-og-forskning\/"},{"@type":"ListItem","position":3,"name":"Meeting with Sigurd Bergfl\u00f8dt &#8211; November 15th, 2022"}]},{"@type":"WebSite","@id":"https:\/\/www.france.no\/no\/#website","url":"https:\/\/www.france.no\/no\/","name":"Institut fran\u00e7ais","description":"Norv\u00e8ge","publisher":{"@id":"https:\/\/www.france.no\/no\/#organization"},"potentialAction":[{"@type":"SearchAction","target":{"@type":"EntryPoint","urlTemplate":"https:\/\/www.france.no\/no\/?s={search_term_string}"},"query-input":{"@type":"PropertyValueSpecification","valueRequired":true,"valueName":"search_term_string"}}],"inLanguage":"nb-NO"},{"@type":"Organization","@id":"https:\/\/www.france.no\/no\/#organization","name":"Institut fran\u00e7ais","url":"https:\/\/www.france.no\/no\/","logo":{"@type":"ImageObject","inLanguage":"nb-NO","@id":"https:\/\/www.france.no\/no\/#\/schema\/logo\/image\/","url":"https:\/\/www.france.no\/wp-content\/uploads\/2022\/11\/IF_Logo_Sans_Bleu_RVB.png","contentUrl":"https:\/\/www.france.no\/wp-content\/uploads\/2022\/11\/IF_Logo_Sans_Bleu_RVB.png","width":852,"height":591,"caption":"Institut fran\u00e7ais"},"image":{"@id":"https:\/\/www.france.no\/no\/#\/schema\/logo\/image\/"},"sameAs":["https:\/\/www.facebook.com\/institutfrancaisoslo","https:\/\/x.com\/ifnorvege","https:\/\/instagram.com\/ifnorvege"]},{"@type":"Person","@id":"https:\/\/www.france.no\/no\/#\/schema\/person\/4fdc0b263d8f27bb00a55f55d2fa3ab0","name":"admin_ifno","image":{"@type":"ImageObject","inLanguage":"nb-NO","@id":"https:\/\/www.france.no\/no\/#\/schema\/person\/image\/","url":"https:\/\/secure.gravatar.com\/avatar\/20f70e61054e6ae673edda3c0dc13670e46e51786443041c70a7eb2da859ae2a?s=96&d=mm&r=g","contentUrl":"https:\/\/secure.gravatar.com\/avatar\/20f70e61054e6ae673edda3c0dc13670e46e51786443041c70a7eb2da859ae2a?s=96&d=mm&r=g","caption":"admin_ifno"},"sameAs":["https:\/\/www.france.no"],"url":"https:\/\/www.france.no\/no\/author\/admin_ifno\/"}]}},"_links":{"self":[{"href":"https:\/\/www.france.no\/no\/wp-json\/wp\/v2\/posts\/2166","targetHints":{"allow":["GET"]}}],"collection":[{"href":"https:\/\/www.france.no\/no\/wp-json\/wp\/v2\/posts"}],"about":[{"href":"https:\/\/www.france.no\/no\/wp-json\/wp\/v2\/types\/post"}],"author":[{"embeddable":true,"href":"https:\/\/www.france.no\/no\/wp-json\/wp\/v2\/users\/1"}],"replies":[{"embeddable":true,"href":"https:\/\/www.france.no\/no\/wp-json\/wp\/v2\/comments?post=2166"}],"version-history":[{"count":0,"href":"https:\/\/www.france.no\/no\/wp-json\/wp\/v2\/posts\/2166\/revisions"}],"wp:featuredmedia":[{"embeddable":true,"href":"https:\/\/www.france.no\/no\/wp-json\/wp\/v2\/media\/2028"}],"wp:attachment":[{"href":"https:\/\/www.france.no\/no\/wp-json\/wp\/v2\/media?parent=2166"}],"wp:term":[{"taxonomy":"category","embeddable":true,"href":"https:\/\/www.france.no\/no\/wp-json\/wp\/v2\/categories?post=2166"},{"taxonomy":"post_tag","embeddable":true,"href":"https:\/\/www.france.no\/no\/wp-json\/wp\/v2\/tags?post=2166"}],"curies":[{"name":"wp","href":"https:\/\/api.w.org\/{rel}","templated":true}]}}