{"id":23326,"date":"2026-04-29T11:02:04","date_gmt":"2026-04-29T09:02:04","guid":{"rendered":"https:\/\/www.france.no\/?p=23326"},"modified":"2026-04-29T11:10:44","modified_gmt":"2026-04-29T09:10:44","slug":"vinneren-av-nordisk-choix-goncourt-2026-er-karet","status":"publish","type":"post","link":"https:\/\/www.france.no\/no\/2026\/utdanning-og-fransk-sprak\/vinneren-av-nordisk-choix-goncourt-2026-er-karet\/","title":{"rendered":"Vinneren\u00a0av\u00a0Nordisk\u00a0Choix Goncourt 2026 er\u00a0k\u00e5ret!\u00a0"},"content":{"rendered":"\n<p class=\"has-text-align-left\">Den&nbsp;endelige&nbsp;voteringen&nbsp;fant&nbsp;sted&nbsp;p\u00e5&nbsp;nett&nbsp;fredag&nbsp;24.&nbsp;april og avsl\u00f8rte vinneren &nbsp;av&nbsp;denne&nbsp;utgaven&nbsp;av Nordisk Choix&nbsp;Goncourt: <strong><em>La Maison vide<\/em> av Laurent Mauvignier <\/strong>vinner konkurransen! <\/p>\n\n\n\n<p class=\"has-text-align-left\">Han&nbsp;vinner&nbsp;med&nbsp;43&nbsp;poeng, mot 39&nbsp;til <em>La Nuit au c\u0153ur <\/em>av Nathacha Appanah, etter en s\u00e6rdeles jevn avstemming! <\/p>\n\n\n\n<p class=\"has-accent-color has-text-color has-link-color wp-elements-a2c3839bf7d19a7101320062786a1e61\"><strong>Endelig&nbsp;rangering<\/strong>&nbsp;<\/p>\n\n\n\n<ol class=\"wp-block-list\">\n<li><em>La Maison vide,&nbsp;<\/em>Laurent&nbsp;Mauvignier&nbsp;<\/li>\n\n\n\n<li><em>La Nuit au c\u0153ur,<\/em>&nbsp;Nathacha&nbsp;Appanah<\/li>\n\n\n\n<li><em>Kolkhoze,<\/em>&nbsp;Emmanuel Carr\u00e8re&nbsp;<\/li>\n\n\n\n<li><em>Le Bel Obscur,&nbsp;<\/em>Caroline Lamarche&nbsp;<\/li>\n<\/ol>\n\n\n\n<p class=\"has-accent-color has-text-color has-link-color wp-elements-9a0207f389bf2315f4f31143737e4ac7\"><strong><em>La Maison vide <\/em><\/strong><\/p>\n\n\n\n<p>I 1976 \u00e5pnet Laurent Mauvigniers far d\u00f8rene til et hus som hadde st\u00e5tt tomt i tjue \u00e5r \u2014 arvet fra hans mor, fylt av stillhet og hemmeligheter. Innenfor: et piano, et gammelt kommode, en \u00c6reslegion og fotografier der et ansikt er klippet bort med saks.<\/p>\n\n\n\n<p><em>La Maison vide<\/em> er en vandring gjennom generasjoner, to verdenskriger og et landlig Frankrike som sakte forsvinner. En fortelling om kvinner og menn som har satt sitt preg p\u00e5 huset \u2014 og som gradvis er blitt glemt. Mauvignier fors\u00f8ker \u00e5 bringe dem tilbake til lyset, for \u00e5 forst\u00e5 deres historie og dens lange skygge over hans egen.<\/p>\n\n\n\n<p class=\"has-accent-color has-text-color has-link-color wp-elements-c961cc2b08a0240f9859d52f8e426adc\"><strong>Stor&nbsp;takk&nbsp;til&nbsp;alle&nbsp;v\u00e5re&nbsp;partnere!<\/strong>&nbsp;<\/p>\n\n\n\n<p>Denne&nbsp;utgaven&nbsp;samlet&nbsp;14&nbsp;institusjoner&nbsp;fra Norge, Danmark, Finland, Island og Sverige. <\/p>\n\n\n\n<p>En&nbsp;stor&nbsp;takk&nbsp;og&nbsp;stor&nbsp;ros&nbsp;til&nbsp;alle&nbsp;deltakerne:&nbsp;Universitetet&nbsp;i Oslo, Universitetet i Aarhus, Universitetet i K\u00f8benhavn, Lyc\u00e9e Fran\u00e7ais Prins Henrik, Universitetet i Helsinki, Universitetet i Jyv\u00e4skyl\u00e4, Universitetet i Turku, Universitetet p\u00e5 Island, Universitetet i Lund, Senioruniversitet Stockholm, Universitetet i Stockholm, Lyc\u00e9e Fran\u00e7ais Saint-Louis, Franska Skolan Stockholm og Universitetet i Uppsala. <\/p>\n\n\n\n<p>En&nbsp;stor&nbsp;takk&nbsp;ogs\u00e5&nbsp;til&nbsp;v\u00e5re&nbsp;partnere: Acad\u00e9mie Goncourt, Instituts fran\u00e7ais i&nbsp;Sverige,&nbsp;Danmark&nbsp;og&nbsp;Finland,&nbsp;samt&nbsp;Alliance fran\u00e7aise de Reykjavik&nbsp;og&nbsp;den&nbsp;franske&nbsp;ambassaden&nbsp;p\u00e5&nbsp;Island.&nbsp;<\/p>\n\n\n\n<p class=\"has-accent-color has-text-color has-link-color wp-elements-0ee30418d27946a27e151fabfdb9b404\"><strong>Hva&nbsp;er Choix&nbsp;Goncourt?<\/strong>&nbsp;<\/p>\n\n\n\n<p>Choix Goncourt&nbsp;ble&nbsp;opprettet&nbsp;i 1998&nbsp;og&nbsp;er den internasjonale varianten av den ber\u00f8mte Prix Goncourt, en av de mest prestisjefulle litteraturprisene i Frankrike. Det gir videreg\u00e5ende elever og studenter fra hele verden muligheten til \u00e5 lese og diskutere de fire finaleromanene til Prix Goncourt, f\u00f8r de deler ut sin egen pris uavhengig av Acad\u00e9mie Goncourts jury. <\/p>\n\n\n\n<p>\u00c5 delta i Choix Goncourt er mye mer enn en lesekonkurranse: det er en <strong>fordypning i samtidig fransk litteratur<\/strong>, et <strong>interkulturelt m\u00f8te<\/strong> med studenter fra fem nordiske lander, og en unik mulighet til \u00e5 <strong>utvikle spr\u00e5klige og kritiske ferdigheter<\/strong> samtidig som man m\u00f8ter personligheter fra den franskspr\u00e5klige litteraturverdenen. <\/p>\n\n\n\n<p>Vi&nbsp;sees&nbsp;neste&nbsp;\u00e5r&nbsp;for en&nbsp;ny&nbsp;utgave!&nbsp;<\/p>\n","protected":false},"excerpt":{"rendered":"<p>Den&nbsp;endelige&nbsp;voteringen&nbsp;fant&nbsp;sted&nbsp;p\u00e5&nbsp;nett&nbsp;fredag&nbsp;24.&nbsp;april og avsl\u00f8rte vinneren &nbsp;av&nbsp;denne&nbsp;utgaven&nbsp;av Nordisk Choix&nbsp;Goncourt: La Maison vide av Laurent Mauvignier vinner konkurransen! Han&nbsp;vinner&nbsp;med&nbsp;43&nbsp;poeng, mot 39&nbsp;til La Nuit au c\u0153ur av Nathacha Appanah, etter en s\u00e6rdeles jevn avstemming! Endelig&nbsp;rangering&nbsp; La Maison vide I 1976 \u00e5pnet Laurent Mauvigniers far d\u00f8rene til et hus som hadde st\u00e5tt tomt i tjue \u00e5r \u2014 arvet fra hans [&hellip;]<\/p>\n","protected":false},"author":6,"featured_media":23323,"comment_status":"closed","ping_status":"open","sticky":false,"template":"","format":"standard","meta":{"footnotes":""},"categories":[13],"tags":[],"class_list":["post-23326","post","type-post","status-publish","format-standard","has-post-thumbnail","hentry","category-utdanning-og-fransk-sprak"],"yoast_head":"<!-- This site is optimized with the Yoast SEO plugin v24.2 - https:\/\/yoast.com\/wordpress\/plugins\/seo\/ -->\n<title>Vinneren\u00a0av\u00a0Nordisk\u00a0Choix Goncourt 2026 er\u00a0k\u00e5ret!\u00a0 - Institut fran\u00e7ais<\/title>\n<meta name=\"robots\" content=\"index, follow, max-snippet:-1, max-image-preview:large, max-video-preview:-1\" \/>\n<link rel=\"canonical\" href=\"https:\/\/www.france.no\/no\/2026\/utdanning-og-fransk-sprak\/vinneren-av-nordisk-choix-goncourt-2026-er-karet\/\" \/>\n<meta property=\"og:locale\" content=\"nb_NO\" \/>\n<meta property=\"og:type\" content=\"article\" \/>\n<meta property=\"og:title\" content=\"Vinneren\u00a0av\u00a0Nordisk\u00a0Choix Goncourt 2026 er\u00a0k\u00e5ret!\u00a0 - Institut fran\u00e7ais\" \/>\n<meta property=\"og:description\" content=\"Den&nbsp;endelige&nbsp;voteringen&nbsp;fant&nbsp;sted&nbsp;p\u00e5&nbsp;nett&nbsp;fredag&nbsp;24.&nbsp;april og avsl\u00f8rte vinneren &nbsp;av&nbsp;denne&nbsp;utgaven&nbsp;av Nordisk Choix&nbsp;Goncourt: La Maison vide av Laurent Mauvignier vinner konkurransen! Han&nbsp;vinner&nbsp;med&nbsp;43&nbsp;poeng, mot 39&nbsp;til La Nuit au c\u0153ur av Nathacha Appanah, etter en s\u00e6rdeles jevn avstemming! Endelig&nbsp;rangering&nbsp; La Maison vide I 1976 \u00e5pnet Laurent Mauvigniers far d\u00f8rene til et hus som hadde st\u00e5tt tomt i tjue \u00e5r \u2014 arvet fra hans [&hellip;]\" \/>\n<meta property=\"og:url\" content=\"https:\/\/www.france.no\/no\/2026\/utdanning-og-fransk-sprak\/vinneren-av-nordisk-choix-goncourt-2026-er-karet\/\" \/>\n<meta property=\"og:site_name\" content=\"Institut fran\u00e7ais\" \/>\n<meta property=\"article:publisher\" content=\"https:\/\/www.facebook.com\/institutfrancaisoslo\" \/>\n<meta property=\"article:published_time\" content=\"2026-04-29T09:02:04+00:00\" \/>\n<meta property=\"article:modified_time\" content=\"2026-04-29T09:10:44+00:00\" \/>\n<meta property=\"og:image\" content=\"https:\/\/www.france.no\/wp-content\/uploads\/2026\/04\/Capture-decran-2026-04-29-104352-1098x617.png\" \/>\n\t<meta property=\"og:image:width\" content=\"1410\" \/>\n\t<meta property=\"og:image:height\" content=\"838\" \/>\n\t<meta property=\"og:image:type\" content=\"image\/png\" \/>\n<meta name=\"author\" content=\"P\u00f4le Communication\" \/>\n<meta name=\"twitter:card\" content=\"summary_large_image\" \/>\n<meta name=\"twitter:creator\" content=\"@ifnorvege\" \/>\n<meta name=\"twitter:site\" content=\"@ifnorvege\" \/>\n<meta name=\"twitter:label1\" content=\"Skrevet av\" \/>\n\t<meta name=\"twitter:data1\" content=\"P\u00f4le Communication\" \/>\n\t<meta name=\"twitter:label2\" content=\"Ansl. lesetid\" \/>\n\t<meta name=\"twitter:data2\" content=\"3 minutter\" \/>\n<script type=\"application\/ld+json\" class=\"yoast-schema-graph\">{\"@context\":\"https:\/\/schema.org\",\"@graph\":[{\"@type\":\"Article\",\"@id\":\"https:\/\/www.france.no\/no\/2026\/utdanning-og-fransk-sprak\/vinneren-av-nordisk-choix-goncourt-2026-er-karet\/#article\",\"isPartOf\":{\"@id\":\"https:\/\/www.france.no\/no\/2026\/utdanning-og-fransk-sprak\/vinneren-av-nordisk-choix-goncourt-2026-er-karet\/\"},\"author\":{\"name\":\"P\u00f4le Communication\",\"@id\":\"https:\/\/www.france.no\/no\/#\/schema\/person\/e911222e8703f294589a6d80b1c16f97\"},\"headline\":\"Vinneren\u00a0av\u00a0Nordisk\u00a0Choix Goncourt 2026 er\u00a0k\u00e5ret!\u00a0\",\"datePublished\":\"2026-04-29T09:02:04+00:00\",\"dateModified\":\"2026-04-29T09:10:44+00:00\",\"mainEntityOfPage\":{\"@id\":\"https:\/\/www.france.no\/no\/2026\/utdanning-og-fransk-sprak\/vinneren-av-nordisk-choix-goncourt-2026-er-karet\/\"},\"wordCount\":495,\"publisher\":{\"@id\":\"https:\/\/www.france.no\/no\/#organization\"},\"image\":{\"@id\":\"https:\/\/www.france.no\/no\/2026\/utdanning-og-fransk-sprak\/vinneren-av-nordisk-choix-goncourt-2026-er-karet\/#primaryimage\"},\"thumbnailUrl\":\"https:\/\/www.france.no\/wp-content\/uploads\/2026\/04\/Capture-decran-2026-04-29-104352-1098x617.png\",\"articleSection\":[\"Utdannelse og Fransk spr\u00e5ksamarbeid\"],\"inLanguage\":\"nb-NO\"},{\"@type\":\"WebPage\",\"@id\":\"https:\/\/www.france.no\/no\/2026\/utdanning-og-fransk-sprak\/vinneren-av-nordisk-choix-goncourt-2026-er-karet\/\",\"url\":\"https:\/\/www.france.no\/no\/2026\/utdanning-og-fransk-sprak\/vinneren-av-nordisk-choix-goncourt-2026-er-karet\/\",\"name\":\"Vinneren\u00a0av\u00a0Nordisk\u00a0Choix Goncourt 2026 er\u00a0k\u00e5ret!\u00a0 - Institut fran\u00e7ais\",\"isPartOf\":{\"@id\":\"https:\/\/www.france.no\/no\/#website\"},\"primaryImageOfPage\":{\"@id\":\"https:\/\/www.france.no\/no\/2026\/utdanning-og-fransk-sprak\/vinneren-av-nordisk-choix-goncourt-2026-er-karet\/#primaryimage\"},\"image\":{\"@id\":\"https:\/\/www.france.no\/no\/2026\/utdanning-og-fransk-sprak\/vinneren-av-nordisk-choix-goncourt-2026-er-karet\/#primaryimage\"},\"thumbnailUrl\":\"https:\/\/www.france.no\/wp-content\/uploads\/2026\/04\/Capture-decran-2026-04-29-104352-1098x617.png\",\"datePublished\":\"2026-04-29T09:02:04+00:00\",\"dateModified\":\"2026-04-29T09:10:44+00:00\",\"breadcrumb\":{\"@id\":\"https:\/\/www.france.no\/no\/2026\/utdanning-og-fransk-sprak\/vinneren-av-nordisk-choix-goncourt-2026-er-karet\/#breadcrumb\"},\"inLanguage\":\"nb-NO\",\"potentialAction\":[{\"@type\":\"ReadAction\",\"target\":[\"https:\/\/www.france.no\/no\/2026\/utdanning-og-fransk-sprak\/vinneren-av-nordisk-choix-goncourt-2026-er-karet\/\"]}]},{\"@type\":\"ImageObject\",\"inLanguage\":\"nb-NO\",\"@id\":\"https:\/\/www.france.no\/no\/2026\/utdanning-og-fransk-sprak\/vinneren-av-nordisk-choix-goncourt-2026-er-karet\/#primaryimage\",\"url\":\"https:\/\/www.france.no\/wp-content\/uploads\/2026\/04\/Capture-decran-2026-04-29-104352-1098x617.png\",\"contentUrl\":\"https:\/\/www.france.no\/wp-content\/uploads\/2026\/04\/Capture-decran-2026-04-29-104352-1098x617.png\",\"width\":1410,\"height\":838},{\"@type\":\"BreadcrumbList\",\"@id\":\"https:\/\/www.france.no\/no\/2026\/utdanning-og-fransk-sprak\/vinneren-av-nordisk-choix-goncourt-2026-er-karet\/#breadcrumb\",\"itemListElement\":[{\"@type\":\"ListItem\",\"position\":1,\"name\":\"\",\"item\":\"https:\/\/www.france.no\/no\/\"},{\"@type\":\"ListItem\",\"position\":2,\"name\":\"Vinneren\u00a0av\u00a0Nordisk\u00a0Choix Goncourt 2026 er\u00a0k\u00e5ret!\u00a0\"}]},{\"@type\":\"WebSite\",\"@id\":\"https:\/\/www.france.no\/no\/#website\",\"url\":\"https:\/\/www.france.no\/no\/\",\"name\":\"Institut fran\u00e7ais\",\"description\":\"Norv\u00e8ge\",\"publisher\":{\"@id\":\"https:\/\/www.france.no\/no\/#organization\"},\"potentialAction\":[{\"@type\":\"SearchAction\",\"target\":{\"@type\":\"EntryPoint\",\"urlTemplate\":\"https:\/\/www.france.no\/no\/?s={search_term_string}\"},\"query-input\":{\"@type\":\"PropertyValueSpecification\",\"valueRequired\":true,\"valueName\":\"search_term_string\"}}],\"inLanguage\":\"nb-NO\"},{\"@type\":\"Organization\",\"@id\":\"https:\/\/www.france.no\/no\/#organization\",\"name\":\"Institut fran\u00e7ais\",\"url\":\"https:\/\/www.france.no\/no\/\",\"logo\":{\"@type\":\"ImageObject\",\"inLanguage\":\"nb-NO\",\"@id\":\"https:\/\/www.france.no\/no\/#\/schema\/logo\/image\/\",\"url\":\"https:\/\/www.france.no\/wp-content\/uploads\/2022\/11\/IF_Logo_Sans_Bleu_RVB.png\",\"contentUrl\":\"https:\/\/www.france.no\/wp-content\/uploads\/2022\/11\/IF_Logo_Sans_Bleu_RVB.png\",\"width\":852,\"height\":591,\"caption\":\"Institut fran\u00e7ais\"},\"image\":{\"@id\":\"https:\/\/www.france.no\/no\/#\/schema\/logo\/image\/\"},\"sameAs\":[\"https:\/\/www.facebook.com\/institutfrancaisoslo\",\"https:\/\/x.com\/ifnorvege\",\"https:\/\/instagram.com\/ifnorvege\"]},{\"@type\":\"Person\",\"@id\":\"https:\/\/www.france.no\/no\/#\/schema\/person\/e911222e8703f294589a6d80b1c16f97\",\"name\":\"P\u00f4le Communication\",\"image\":{\"@type\":\"ImageObject\",\"inLanguage\":\"nb-NO\",\"@id\":\"https:\/\/www.france.no\/no\/#\/schema\/person\/image\/\",\"url\":\"https:\/\/secure.gravatar.com\/avatar\/20ae085a8b5fd613a02d28588389144802d3ba9408c852b2c6c7c4b17cc39660?s=96&d=mm&r=g\",\"contentUrl\":\"https:\/\/secure.gravatar.com\/avatar\/20ae085a8b5fd613a02d28588389144802d3ba9408c852b2c6c7c4b17cc39660?s=96&d=mm&r=g\",\"caption\":\"P\u00f4le Communication\"},\"url\":\"https:\/\/www.france.no\/no\/author\/polecom\/\"}]}<\/script>\n<!-- \/ Yoast SEO plugin. -->","yoast_head_json":{"title":"Vinneren\u00a0av\u00a0Nordisk\u00a0Choix Goncourt 2026 er\u00a0k\u00e5ret!\u00a0 - Institut fran\u00e7ais","robots":{"index":"index","follow":"follow","max-snippet":"max-snippet:-1","max-image-preview":"max-image-preview:large","max-video-preview":"max-video-preview:-1"},"canonical":"https:\/\/www.france.no\/no\/2026\/utdanning-og-fransk-sprak\/vinneren-av-nordisk-choix-goncourt-2026-er-karet\/","og_locale":"nb_NO","og_type":"article","og_title":"Vinneren\u00a0av\u00a0Nordisk\u00a0Choix Goncourt 2026 er\u00a0k\u00e5ret!\u00a0 - Institut fran\u00e7ais","og_description":"Den&nbsp;endelige&nbsp;voteringen&nbsp;fant&nbsp;sted&nbsp;p\u00e5&nbsp;nett&nbsp;fredag&nbsp;24.&nbsp;april og avsl\u00f8rte vinneren &nbsp;av&nbsp;denne&nbsp;utgaven&nbsp;av Nordisk Choix&nbsp;Goncourt: La Maison vide av Laurent Mauvignier vinner konkurransen! Han&nbsp;vinner&nbsp;med&nbsp;43&nbsp;poeng, mot 39&nbsp;til La Nuit au c\u0153ur av Nathacha Appanah, etter en s\u00e6rdeles jevn avstemming! Endelig&nbsp;rangering&nbsp; La Maison vide I 1976 \u00e5pnet Laurent Mauvigniers far d\u00f8rene til et hus som hadde st\u00e5tt tomt i tjue \u00e5r \u2014 arvet fra hans [&hellip;]","og_url":"https:\/\/www.france.no\/no\/2026\/utdanning-og-fransk-sprak\/vinneren-av-nordisk-choix-goncourt-2026-er-karet\/","og_site_name":"Institut fran\u00e7ais","article_publisher":"https:\/\/www.facebook.com\/institutfrancaisoslo","article_published_time":"2026-04-29T09:02:04+00:00","article_modified_time":"2026-04-29T09:10:44+00:00","og_image":[{"width":1410,"height":838,"url":"https:\/\/www.france.no\/wp-content\/uploads\/2026\/04\/Capture-decran-2026-04-29-104352-1098x617.png","type":"image\/png"}],"author":"P\u00f4le Communication","twitter_card":"summary_large_image","twitter_creator":"@ifnorvege","twitter_site":"@ifnorvege","twitter_misc":{"Skrevet av":"P\u00f4le Communication","Ansl. lesetid":"3 minutter"},"schema":{"@context":"https:\/\/schema.org","@graph":[{"@type":"Article","@id":"https:\/\/www.france.no\/no\/2026\/utdanning-og-fransk-sprak\/vinneren-av-nordisk-choix-goncourt-2026-er-karet\/#article","isPartOf":{"@id":"https:\/\/www.france.no\/no\/2026\/utdanning-og-fransk-sprak\/vinneren-av-nordisk-choix-goncourt-2026-er-karet\/"},"author":{"name":"P\u00f4le Communication","@id":"https:\/\/www.france.no\/no\/#\/schema\/person\/e911222e8703f294589a6d80b1c16f97"},"headline":"Vinneren\u00a0av\u00a0Nordisk\u00a0Choix Goncourt 2026 er\u00a0k\u00e5ret!\u00a0","datePublished":"2026-04-29T09:02:04+00:00","dateModified":"2026-04-29T09:10:44+00:00","mainEntityOfPage":{"@id":"https:\/\/www.france.no\/no\/2026\/utdanning-og-fransk-sprak\/vinneren-av-nordisk-choix-goncourt-2026-er-karet\/"},"wordCount":495,"publisher":{"@id":"https:\/\/www.france.no\/no\/#organization"},"image":{"@id":"https:\/\/www.france.no\/no\/2026\/utdanning-og-fransk-sprak\/vinneren-av-nordisk-choix-goncourt-2026-er-karet\/#primaryimage"},"thumbnailUrl":"https:\/\/www.france.no\/wp-content\/uploads\/2026\/04\/Capture-decran-2026-04-29-104352-1098x617.png","articleSection":["Utdannelse og Fransk spr\u00e5ksamarbeid"],"inLanguage":"nb-NO"},{"@type":"WebPage","@id":"https:\/\/www.france.no\/no\/2026\/utdanning-og-fransk-sprak\/vinneren-av-nordisk-choix-goncourt-2026-er-karet\/","url":"https:\/\/www.france.no\/no\/2026\/utdanning-og-fransk-sprak\/vinneren-av-nordisk-choix-goncourt-2026-er-karet\/","name":"Vinneren\u00a0av\u00a0Nordisk\u00a0Choix Goncourt 2026 er\u00a0k\u00e5ret!\u00a0 - Institut fran\u00e7ais","isPartOf":{"@id":"https:\/\/www.france.no\/no\/#website"},"primaryImageOfPage":{"@id":"https:\/\/www.france.no\/no\/2026\/utdanning-og-fransk-sprak\/vinneren-av-nordisk-choix-goncourt-2026-er-karet\/#primaryimage"},"image":{"@id":"https:\/\/www.france.no\/no\/2026\/utdanning-og-fransk-sprak\/vinneren-av-nordisk-choix-goncourt-2026-er-karet\/#primaryimage"},"thumbnailUrl":"https:\/\/www.france.no\/wp-content\/uploads\/2026\/04\/Capture-decran-2026-04-29-104352-1098x617.png","datePublished":"2026-04-29T09:02:04+00:00","dateModified":"2026-04-29T09:10:44+00:00","breadcrumb":{"@id":"https:\/\/www.france.no\/no\/2026\/utdanning-og-fransk-sprak\/vinneren-av-nordisk-choix-goncourt-2026-er-karet\/#breadcrumb"},"inLanguage":"nb-NO","potentialAction":[{"@type":"ReadAction","target":["https:\/\/www.france.no\/no\/2026\/utdanning-og-fransk-sprak\/vinneren-av-nordisk-choix-goncourt-2026-er-karet\/"]}]},{"@type":"ImageObject","inLanguage":"nb-NO","@id":"https:\/\/www.france.no\/no\/2026\/utdanning-og-fransk-sprak\/vinneren-av-nordisk-choix-goncourt-2026-er-karet\/#primaryimage","url":"https:\/\/www.france.no\/wp-content\/uploads\/2026\/04\/Capture-decran-2026-04-29-104352-1098x617.png","contentUrl":"https:\/\/www.france.no\/wp-content\/uploads\/2026\/04\/Capture-decran-2026-04-29-104352-1098x617.png","width":1410,"height":838},{"@type":"BreadcrumbList","@id":"https:\/\/www.france.no\/no\/2026\/utdanning-og-fransk-sprak\/vinneren-av-nordisk-choix-goncourt-2026-er-karet\/#breadcrumb","itemListElement":[{"@type":"ListItem","position":1,"name":"","item":"https:\/\/www.france.no\/no\/"},{"@type":"ListItem","position":2,"name":"Vinneren\u00a0av\u00a0Nordisk\u00a0Choix Goncourt 2026 er\u00a0k\u00e5ret!\u00a0"}]},{"@type":"WebSite","@id":"https:\/\/www.france.no\/no\/#website","url":"https:\/\/www.france.no\/no\/","name":"Institut fran\u00e7ais","description":"Norv\u00e8ge","publisher":{"@id":"https:\/\/www.france.no\/no\/#organization"},"potentialAction":[{"@type":"SearchAction","target":{"@type":"EntryPoint","urlTemplate":"https:\/\/www.france.no\/no\/?s={search_term_string}"},"query-input":{"@type":"PropertyValueSpecification","valueRequired":true,"valueName":"search_term_string"}}],"inLanguage":"nb-NO"},{"@type":"Organization","@id":"https:\/\/www.france.no\/no\/#organization","name":"Institut fran\u00e7ais","url":"https:\/\/www.france.no\/no\/","logo":{"@type":"ImageObject","inLanguage":"nb-NO","@id":"https:\/\/www.france.no\/no\/#\/schema\/logo\/image\/","url":"https:\/\/www.france.no\/wp-content\/uploads\/2022\/11\/IF_Logo_Sans_Bleu_RVB.png","contentUrl":"https:\/\/www.france.no\/wp-content\/uploads\/2022\/11\/IF_Logo_Sans_Bleu_RVB.png","width":852,"height":591,"caption":"Institut fran\u00e7ais"},"image":{"@id":"https:\/\/www.france.no\/no\/#\/schema\/logo\/image\/"},"sameAs":["https:\/\/www.facebook.com\/institutfrancaisoslo","https:\/\/x.com\/ifnorvege","https:\/\/instagram.com\/ifnorvege"]},{"@type":"Person","@id":"https:\/\/www.france.no\/no\/#\/schema\/person\/e911222e8703f294589a6d80b1c16f97","name":"P\u00f4le Communication","image":{"@type":"ImageObject","inLanguage":"nb-NO","@id":"https:\/\/www.france.no\/no\/#\/schema\/person\/image\/","url":"https:\/\/secure.gravatar.com\/avatar\/20ae085a8b5fd613a02d28588389144802d3ba9408c852b2c6c7c4b17cc39660?s=96&d=mm&r=g","contentUrl":"https:\/\/secure.gravatar.com\/avatar\/20ae085a8b5fd613a02d28588389144802d3ba9408c852b2c6c7c4b17cc39660?s=96&d=mm&r=g","caption":"P\u00f4le Communication"},"url":"https:\/\/www.france.no\/no\/author\/polecom\/"}]}},"_links":{"self":[{"href":"https:\/\/www.france.no\/no\/wp-json\/wp\/v2\/posts\/23326","targetHints":{"allow":["GET"]}}],"collection":[{"href":"https:\/\/www.france.no\/no\/wp-json\/wp\/v2\/posts"}],"about":[{"href":"https:\/\/www.france.no\/no\/wp-json\/wp\/v2\/types\/post"}],"author":[{"embeddable":true,"href":"https:\/\/www.france.no\/no\/wp-json\/wp\/v2\/users\/6"}],"replies":[{"embeddable":true,"href":"https:\/\/www.france.no\/no\/wp-json\/wp\/v2\/comments?post=23326"}],"version-history":[{"count":6,"href":"https:\/\/www.france.no\/no\/wp-json\/wp\/v2\/posts\/23326\/revisions"}],"predecessor-version":[{"id":23362,"href":"https:\/\/www.france.no\/no\/wp-json\/wp\/v2\/posts\/23326\/revisions\/23362"}],"wp:featuredmedia":[{"embeddable":true,"href":"https:\/\/www.france.no\/no\/wp-json\/wp\/v2\/media\/23323"}],"wp:attachment":[{"href":"https:\/\/www.france.no\/no\/wp-json\/wp\/v2\/media?parent=23326"}],"wp:term":[{"taxonomy":"category","embeddable":true,"href":"https:\/\/www.france.no\/no\/wp-json\/wp\/v2\/categories?post=23326"},{"taxonomy":"post_tag","embeddable":true,"href":"https:\/\/www.france.no\/no\/wp-json\/wp\/v2\/tags?post=23326"}],"curies":[{"name":"wp","href":"https:\/\/api.w.org\/{rel}","templated":true}]}}