{"id":3050,"date":"2023-01-04T18:01:54","date_gmt":"2023-01-04T17:01:54","guid":{"rendered":"https:\/\/www.france.no\/?p=3050"},"modified":"2023-03-06T10:08:37","modified_gmt":"2023-03-06T09:08:37","slug":"screening-debate-french-buffet-ailo-an-odyssey-in-lapland","status":"publish","type":"post","link":"https:\/\/www.france.no\/no\/2023\/vitenskap-og-forskning\/screening-debate-french-buffet-ailo-an-odyssey-in-lapland\/","title":{"rendered":"Screening &#8211; debate &#8211; french buffet : &laquo;A\u00eflo: an odyssey in Lapland&raquo;"},"content":{"rendered":"\n<p class=\"has-text-align-center has-accent-color has-text-color\">Join us on <strong>12 January 2023 at 5pm (Holtegata 29, Oslo)<\/strong><\/p>\n\n\n\n<p class=\"has-text-align-center has-accent-color has-text-color\">to discover Guillaume Maidatchevsky&#8217;s documentary<\/p>\n\n\n\n<p class=\"has-text-align-center has-accent-color has-text-color\"><strong>&laquo;A\u00eflo: an odyssey in Lapland&raquo;<\/strong><\/p>\n\n\n\n<p class=\"has-text-align-center has-accent-color has-text-color\">[A family film in French with English subtitles].<\/p>\n\n\n\n<p class=\"has-text-align-center has-accent-color has-text-color\">The <strong>screening<\/strong> will start with a French go\u00fbter (&laquo;galettes des rois&raquo;) and will be followed by a discussion with Stefaniya Kamenova, a reindeer specialist, and accompanied by a <strong>French buffet.<\/strong><\/p>\n\n\n\n<p><em>A\u00eflo: une odyss\u00e9e en Laponie<\/em>, between tale and documentary, tells \u201c<em>a story of a wild reindeer calf&#8217;s fight for survival, frail and vulnerable in the face of the trials and tribulations of its first year. His awakening to the wild world is a true tale in the heart of the grandiose landscapes of Lapland.&raquo;.<\/em> The movie will be in <strong>French with English subtitles.<\/strong><\/p>\n\n\n\n<p>The film presents the evolution of reindeers over a year and raises the two major problems currently facing their species: increasing urbanisation and climate change.<\/p>\n\n\n\n<p>Stefaniya Kamenova*, a reindeer specialist, will be present at the event to answer questions from the public after the screening.<\/p>\n\n\n\n<p class=\"has-small-font-size\"><em>*Researcher in ecology at the University of Oslo, she studies the diet of reindeer based on DNA analysis<\/em><\/p>\n\n\n\n<p class=\"has-text-align-center has-accent-color has-text-color\"><strong><u><span style=\"text-decoration: underline\" class=\"underline\">FREE EVENT<\/span><\/u><\/strong><\/p>\n\n\n","protected":false},"excerpt":{"rendered":"<p>Join us on 12 January 2023 at 5pm (Holtegata 29, Oslo) to discover Guillaume Maidatchevsky&#8217;s documentary &laquo;A\u00eflo: an odyssey in Lapland&raquo; [A family film in French with English subtitles]. The screening will start with a French go\u00fbter (&laquo;galettes des rois&raquo;) and will be followed by a discussion with Stefaniya Kamenova, a reindeer specialist, and accompanied [&hellip;]<\/p>\n","protected":false},"author":9,"featured_media":3072,"comment_status":"closed","ping_status":"closed","sticky":false,"template":"","format":"standard","meta":{"footnotes":""},"categories":[17],"tags":[],"class_list":["post-3050","post","type-post","status-publish","format-standard","has-post-thumbnail","hentry","category-vitenskap-og-forskning"],"yoast_head":"<!-- This site is optimized with the Yoast SEO plugin v24.2 - https:\/\/yoast.com\/wordpress\/plugins\/seo\/ -->\n<title>Screening - debate - french buffet : &quot;A\u00eflo: an odyssey in Lapland&quot; - Institut fran\u00e7ais<\/title>\n<meta name=\"robots\" content=\"index, follow, max-snippet:-1, max-image-preview:large, max-video-preview:-1\" \/>\n<link rel=\"canonical\" href=\"https:\/\/www.france.no\/no\/2023\/vitenskap-og-forskning\/screening-debate-french-buffet-ailo-an-odyssey-in-lapland\/\" \/>\n<meta property=\"og:locale\" content=\"nb_NO\" \/>\n<meta property=\"og:type\" content=\"article\" \/>\n<meta property=\"og:title\" content=\"Screening - debate - french buffet : &quot;A\u00eflo: an odyssey in Lapland&quot; - Institut fran\u00e7ais\" \/>\n<meta property=\"og:description\" content=\"Join us on 12 January 2023 at 5pm (Holtegata 29, Oslo) to discover Guillaume Maidatchevsky&#8217;s documentary &laquo;A\u00eflo: an odyssey in Lapland&raquo; [A family film in French with English subtitles]. The screening will start with a French go\u00fbter (&laquo;galettes des rois&raquo;) and will be followed by a discussion with Stefaniya Kamenova, a reindeer specialist, and accompanied [&hellip;]\" \/>\n<meta property=\"og:url\" content=\"https:\/\/www.france.no\/no\/2023\/vitenskap-og-forskning\/screening-debate-french-buffet-ailo-an-odyssey-in-lapland\/\" \/>\n<meta property=\"og:site_name\" content=\"Institut fran\u00e7ais\" \/>\n<meta property=\"article:publisher\" content=\"https:\/\/www.facebook.com\/institutfrancaisoslo\" \/>\n<meta property=\"article:published_time\" content=\"2023-01-04T17:01:54+00:00\" \/>\n<meta property=\"article:modified_time\" content=\"2023-03-06T09:08:37+00:00\" \/>\n<meta property=\"og:image\" content=\"https:\/\/www.france.no\/wp-content\/uploads\/2023\/01\/Projection-debat-Ailo-1-2-1098x617.png\" \/>\n\t<meta property=\"og:image:width\" content=\"1640\" \/>\n\t<meta property=\"og:image:height\" content=\"924\" \/>\n\t<meta property=\"og:image:type\" content=\"image\/png\" \/>\n<meta name=\"author\" content=\"J\u00e9r\u00f4me ANDR\u00c9\" \/>\n<meta name=\"twitter:card\" content=\"summary_large_image\" \/>\n<meta name=\"twitter:creator\" content=\"@ifnorvege\" \/>\n<meta name=\"twitter:site\" content=\"@ifnorvege\" \/>\n<meta name=\"twitter:label1\" content=\"Skrevet av\" \/>\n\t<meta name=\"twitter:data1\" content=\"J\u00e9r\u00f4me ANDR\u00c9\" \/>\n\t<meta name=\"twitter:label2\" content=\"Ansl. lesetid\" \/>\n\t<meta name=\"twitter:data2\" content=\"1 minutt\" \/>\n<script type=\"application\/ld+json\" class=\"yoast-schema-graph\">{\"@context\":\"https:\/\/schema.org\",\"@graph\":[{\"@type\":\"Article\",\"@id\":\"https:\/\/www.france.no\/no\/2023\/vitenskap-og-forskning\/screening-debate-french-buffet-ailo-an-odyssey-in-lapland\/#article\",\"isPartOf\":{\"@id\":\"https:\/\/www.france.no\/no\/2023\/vitenskap-og-forskning\/screening-debate-french-buffet-ailo-an-odyssey-in-lapland\/\"},\"author\":{\"name\":\"J\u00e9r\u00f4me ANDR\u00c9\",\"@id\":\"https:\/\/www.france.no\/no\/#\/schema\/person\/f2f0bb750bdf17f16994d30050414406\"},\"headline\":\"Screening &#8211; debate &#8211; french buffet : &laquo;A\u00eflo: an odyssey in Lapland&raquo;\",\"datePublished\":\"2023-01-04T17:01:54+00:00\",\"dateModified\":\"2023-03-06T09:08:37+00:00\",\"mainEntityOfPage\":{\"@id\":\"https:\/\/www.france.no\/no\/2023\/vitenskap-og-forskning\/screening-debate-french-buffet-ailo-an-odyssey-in-lapland\/\"},\"wordCount\":202,\"publisher\":{\"@id\":\"https:\/\/www.france.no\/no\/#organization\"},\"image\":{\"@id\":\"https:\/\/www.france.no\/no\/2023\/vitenskap-og-forskning\/screening-debate-french-buffet-ailo-an-odyssey-in-lapland\/#primaryimage\"},\"thumbnailUrl\":\"https:\/\/www.france.no\/wp-content\/uploads\/2023\/01\/Projection-debat-Ailo-1-2-1098x617.png\",\"articleSection\":[\"Vitenskap og forskning\"],\"inLanguage\":\"nb-NO\"},{\"@type\":\"WebPage\",\"@id\":\"https:\/\/www.france.no\/no\/2023\/vitenskap-og-forskning\/screening-debate-french-buffet-ailo-an-odyssey-in-lapland\/\",\"url\":\"https:\/\/www.france.no\/no\/2023\/vitenskap-og-forskning\/screening-debate-french-buffet-ailo-an-odyssey-in-lapland\/\",\"name\":\"Screening - debate - french buffet : \\\"A\u00eflo: an odyssey in Lapland\\\" - Institut fran\u00e7ais\",\"isPartOf\":{\"@id\":\"https:\/\/www.france.no\/no\/#website\"},\"primaryImageOfPage\":{\"@id\":\"https:\/\/www.france.no\/no\/2023\/vitenskap-og-forskning\/screening-debate-french-buffet-ailo-an-odyssey-in-lapland\/#primaryimage\"},\"image\":{\"@id\":\"https:\/\/www.france.no\/no\/2023\/vitenskap-og-forskning\/screening-debate-french-buffet-ailo-an-odyssey-in-lapland\/#primaryimage\"},\"thumbnailUrl\":\"https:\/\/www.france.no\/wp-content\/uploads\/2023\/01\/Projection-debat-Ailo-1-2-1098x617.png\",\"datePublished\":\"2023-01-04T17:01:54+00:00\",\"dateModified\":\"2023-03-06T09:08:37+00:00\",\"breadcrumb\":{\"@id\":\"https:\/\/www.france.no\/no\/2023\/vitenskap-og-forskning\/screening-debate-french-buffet-ailo-an-odyssey-in-lapland\/#breadcrumb\"},\"inLanguage\":\"nb-NO\",\"potentialAction\":[{\"@type\":\"ReadAction\",\"target\":[\"https:\/\/www.france.no\/no\/2023\/vitenskap-og-forskning\/screening-debate-french-buffet-ailo-an-odyssey-in-lapland\/\"]}]},{\"@type\":\"ImageObject\",\"inLanguage\":\"nb-NO\",\"@id\":\"https:\/\/www.france.no\/no\/2023\/vitenskap-og-forskning\/screening-debate-french-buffet-ailo-an-odyssey-in-lapland\/#primaryimage\",\"url\":\"https:\/\/www.france.no\/wp-content\/uploads\/2023\/01\/Projection-debat-Ailo-1-2-1098x617.png\",\"contentUrl\":\"https:\/\/www.france.no\/wp-content\/uploads\/2023\/01\/Projection-debat-Ailo-1-2-1098x617.png\",\"width\":1640,\"height\":924},{\"@type\":\"BreadcrumbList\",\"@id\":\"https:\/\/www.france.no\/no\/2023\/vitenskap-og-forskning\/screening-debate-french-buffet-ailo-an-odyssey-in-lapland\/#breadcrumb\",\"itemListElement\":[{\"@type\":\"ListItem\",\"position\":1,\"name\":\"\",\"item\":\"https:\/\/www.france.no\/no\/\"},{\"@type\":\"ListItem\",\"position\":2,\"name\":\"Vitenskap og forskning\",\"item\":\"https:\/\/www.france.no\/no\/category\/vitenskap-og-forskning\/\"},{\"@type\":\"ListItem\",\"position\":3,\"name\":\"Screening &#8211; debate &#8211; french buffet : \u00ab\u00a0A\u00eflo: an odyssey in Lapland\u00a0\u00bb\"}]},{\"@type\":\"WebSite\",\"@id\":\"https:\/\/www.france.no\/no\/#website\",\"url\":\"https:\/\/www.france.no\/no\/\",\"name\":\"Institut fran\u00e7ais\",\"description\":\"Norv\u00e8ge\",\"publisher\":{\"@id\":\"https:\/\/www.france.no\/no\/#organization\"},\"potentialAction\":[{\"@type\":\"SearchAction\",\"target\":{\"@type\":\"EntryPoint\",\"urlTemplate\":\"https:\/\/www.france.no\/no\/?s={search_term_string}\"},\"query-input\":{\"@type\":\"PropertyValueSpecification\",\"valueRequired\":true,\"valueName\":\"search_term_string\"}}],\"inLanguage\":\"nb-NO\"},{\"@type\":\"Organization\",\"@id\":\"https:\/\/www.france.no\/no\/#organization\",\"name\":\"Institut fran\u00e7ais\",\"url\":\"https:\/\/www.france.no\/no\/\",\"logo\":{\"@type\":\"ImageObject\",\"inLanguage\":\"nb-NO\",\"@id\":\"https:\/\/www.france.no\/no\/#\/schema\/logo\/image\/\",\"url\":\"https:\/\/www.france.no\/wp-content\/uploads\/2022\/11\/IF_Logo_Sans_Bleu_RVB.png\",\"contentUrl\":\"https:\/\/www.france.no\/wp-content\/uploads\/2022\/11\/IF_Logo_Sans_Bleu_RVB.png\",\"width\":852,\"height\":591,\"caption\":\"Institut fran\u00e7ais\"},\"image\":{\"@id\":\"https:\/\/www.france.no\/no\/#\/schema\/logo\/image\/\"},\"sameAs\":[\"https:\/\/www.facebook.com\/institutfrancaisoslo\",\"https:\/\/x.com\/ifnorvege\",\"https:\/\/instagram.com\/ifnorvege\"]},{\"@type\":\"Person\",\"@id\":\"https:\/\/www.france.no\/no\/#\/schema\/person\/f2f0bb750bdf17f16994d30050414406\",\"name\":\"J\u00e9r\u00f4me ANDR\u00c9\",\"image\":{\"@type\":\"ImageObject\",\"inLanguage\":\"nb-NO\",\"@id\":\"https:\/\/www.france.no\/no\/#\/schema\/person\/image\/\",\"url\":\"https:\/\/secure.gravatar.com\/avatar\/ada66540f8b03061c12e46d80aa587607c5364b2eccc62216d08deaf8efc595d?s=96&d=mm&r=g\",\"contentUrl\":\"https:\/\/secure.gravatar.com\/avatar\/ada66540f8b03061c12e46d80aa587607c5364b2eccc62216d08deaf8efc595d?s=96&d=mm&r=g\",\"caption\":\"J\u00e9r\u00f4me ANDR\u00c9\"},\"url\":\"https:\/\/www.france.no\/no\/author\/jerome\/\"}]}<\/script>\n<!-- \/ Yoast SEO plugin. -->","yoast_head_json":{"title":"Screening - debate - french buffet : \"A\u00eflo: an odyssey in Lapland\" - Institut fran\u00e7ais","robots":{"index":"index","follow":"follow","max-snippet":"max-snippet:-1","max-image-preview":"max-image-preview:large","max-video-preview":"max-video-preview:-1"},"canonical":"https:\/\/www.france.no\/no\/2023\/vitenskap-og-forskning\/screening-debate-french-buffet-ailo-an-odyssey-in-lapland\/","og_locale":"nb_NO","og_type":"article","og_title":"Screening - debate - french buffet : \"A\u00eflo: an odyssey in Lapland\" - Institut fran\u00e7ais","og_description":"Join us on 12 January 2023 at 5pm (Holtegata 29, Oslo) to discover Guillaume Maidatchevsky&#8217;s documentary &laquo;A\u00eflo: an odyssey in Lapland&raquo; [A family film in French with English subtitles]. The screening will start with a French go\u00fbter (&laquo;galettes des rois&raquo;) and will be followed by a discussion with Stefaniya Kamenova, a reindeer specialist, and accompanied [&hellip;]","og_url":"https:\/\/www.france.no\/no\/2023\/vitenskap-og-forskning\/screening-debate-french-buffet-ailo-an-odyssey-in-lapland\/","og_site_name":"Institut fran\u00e7ais","article_publisher":"https:\/\/www.facebook.com\/institutfrancaisoslo","article_published_time":"2023-01-04T17:01:54+00:00","article_modified_time":"2023-03-06T09:08:37+00:00","og_image":[{"width":1640,"height":924,"url":"https:\/\/www.france.no\/wp-content\/uploads\/2023\/01\/Projection-debat-Ailo-1-2-1098x617.png","type":"image\/png"}],"author":"J\u00e9r\u00f4me ANDR\u00c9","twitter_card":"summary_large_image","twitter_creator":"@ifnorvege","twitter_site":"@ifnorvege","twitter_misc":{"Skrevet av":"J\u00e9r\u00f4me ANDR\u00c9","Ansl. lesetid":"1 minutt"},"schema":{"@context":"https:\/\/schema.org","@graph":[{"@type":"Article","@id":"https:\/\/www.france.no\/no\/2023\/vitenskap-og-forskning\/screening-debate-french-buffet-ailo-an-odyssey-in-lapland\/#article","isPartOf":{"@id":"https:\/\/www.france.no\/no\/2023\/vitenskap-og-forskning\/screening-debate-french-buffet-ailo-an-odyssey-in-lapland\/"},"author":{"name":"J\u00e9r\u00f4me ANDR\u00c9","@id":"https:\/\/www.france.no\/no\/#\/schema\/person\/f2f0bb750bdf17f16994d30050414406"},"headline":"Screening &#8211; debate &#8211; french buffet : &laquo;A\u00eflo: an odyssey in Lapland&raquo;","datePublished":"2023-01-04T17:01:54+00:00","dateModified":"2023-03-06T09:08:37+00:00","mainEntityOfPage":{"@id":"https:\/\/www.france.no\/no\/2023\/vitenskap-og-forskning\/screening-debate-french-buffet-ailo-an-odyssey-in-lapland\/"},"wordCount":202,"publisher":{"@id":"https:\/\/www.france.no\/no\/#organization"},"image":{"@id":"https:\/\/www.france.no\/no\/2023\/vitenskap-og-forskning\/screening-debate-french-buffet-ailo-an-odyssey-in-lapland\/#primaryimage"},"thumbnailUrl":"https:\/\/www.france.no\/wp-content\/uploads\/2023\/01\/Projection-debat-Ailo-1-2-1098x617.png","articleSection":["Vitenskap og forskning"],"inLanguage":"nb-NO"},{"@type":"WebPage","@id":"https:\/\/www.france.no\/no\/2023\/vitenskap-og-forskning\/screening-debate-french-buffet-ailo-an-odyssey-in-lapland\/","url":"https:\/\/www.france.no\/no\/2023\/vitenskap-og-forskning\/screening-debate-french-buffet-ailo-an-odyssey-in-lapland\/","name":"Screening - debate - french buffet : \"A\u00eflo: an odyssey in Lapland\" - Institut fran\u00e7ais","isPartOf":{"@id":"https:\/\/www.france.no\/no\/#website"},"primaryImageOfPage":{"@id":"https:\/\/www.france.no\/no\/2023\/vitenskap-og-forskning\/screening-debate-french-buffet-ailo-an-odyssey-in-lapland\/#primaryimage"},"image":{"@id":"https:\/\/www.france.no\/no\/2023\/vitenskap-og-forskning\/screening-debate-french-buffet-ailo-an-odyssey-in-lapland\/#primaryimage"},"thumbnailUrl":"https:\/\/www.france.no\/wp-content\/uploads\/2023\/01\/Projection-debat-Ailo-1-2-1098x617.png","datePublished":"2023-01-04T17:01:54+00:00","dateModified":"2023-03-06T09:08:37+00:00","breadcrumb":{"@id":"https:\/\/www.france.no\/no\/2023\/vitenskap-og-forskning\/screening-debate-french-buffet-ailo-an-odyssey-in-lapland\/#breadcrumb"},"inLanguage":"nb-NO","potentialAction":[{"@type":"ReadAction","target":["https:\/\/www.france.no\/no\/2023\/vitenskap-og-forskning\/screening-debate-french-buffet-ailo-an-odyssey-in-lapland\/"]}]},{"@type":"ImageObject","inLanguage":"nb-NO","@id":"https:\/\/www.france.no\/no\/2023\/vitenskap-og-forskning\/screening-debate-french-buffet-ailo-an-odyssey-in-lapland\/#primaryimage","url":"https:\/\/www.france.no\/wp-content\/uploads\/2023\/01\/Projection-debat-Ailo-1-2-1098x617.png","contentUrl":"https:\/\/www.france.no\/wp-content\/uploads\/2023\/01\/Projection-debat-Ailo-1-2-1098x617.png","width":1640,"height":924},{"@type":"BreadcrumbList","@id":"https:\/\/www.france.no\/no\/2023\/vitenskap-og-forskning\/screening-debate-french-buffet-ailo-an-odyssey-in-lapland\/#breadcrumb","itemListElement":[{"@type":"ListItem","position":1,"name":"","item":"https:\/\/www.france.no\/no\/"},{"@type":"ListItem","position":2,"name":"Vitenskap og forskning","item":"https:\/\/www.france.no\/no\/category\/vitenskap-og-forskning\/"},{"@type":"ListItem","position":3,"name":"Screening &#8211; debate &#8211; french buffet : \u00ab\u00a0A\u00eflo: an odyssey in Lapland\u00a0\u00bb"}]},{"@type":"WebSite","@id":"https:\/\/www.france.no\/no\/#website","url":"https:\/\/www.france.no\/no\/","name":"Institut fran\u00e7ais","description":"Norv\u00e8ge","publisher":{"@id":"https:\/\/www.france.no\/no\/#organization"},"potentialAction":[{"@type":"SearchAction","target":{"@type":"EntryPoint","urlTemplate":"https:\/\/www.france.no\/no\/?s={search_term_string}"},"query-input":{"@type":"PropertyValueSpecification","valueRequired":true,"valueName":"search_term_string"}}],"inLanguage":"nb-NO"},{"@type":"Organization","@id":"https:\/\/www.france.no\/no\/#organization","name":"Institut fran\u00e7ais","url":"https:\/\/www.france.no\/no\/","logo":{"@type":"ImageObject","inLanguage":"nb-NO","@id":"https:\/\/www.france.no\/no\/#\/schema\/logo\/image\/","url":"https:\/\/www.france.no\/wp-content\/uploads\/2022\/11\/IF_Logo_Sans_Bleu_RVB.png","contentUrl":"https:\/\/www.france.no\/wp-content\/uploads\/2022\/11\/IF_Logo_Sans_Bleu_RVB.png","width":852,"height":591,"caption":"Institut fran\u00e7ais"},"image":{"@id":"https:\/\/www.france.no\/no\/#\/schema\/logo\/image\/"},"sameAs":["https:\/\/www.facebook.com\/institutfrancaisoslo","https:\/\/x.com\/ifnorvege","https:\/\/instagram.com\/ifnorvege"]},{"@type":"Person","@id":"https:\/\/www.france.no\/no\/#\/schema\/person\/f2f0bb750bdf17f16994d30050414406","name":"J\u00e9r\u00f4me ANDR\u00c9","image":{"@type":"ImageObject","inLanguage":"nb-NO","@id":"https:\/\/www.france.no\/no\/#\/schema\/person\/image\/","url":"https:\/\/secure.gravatar.com\/avatar\/ada66540f8b03061c12e46d80aa587607c5364b2eccc62216d08deaf8efc595d?s=96&d=mm&r=g","contentUrl":"https:\/\/secure.gravatar.com\/avatar\/ada66540f8b03061c12e46d80aa587607c5364b2eccc62216d08deaf8efc595d?s=96&d=mm&r=g","caption":"J\u00e9r\u00f4me ANDR\u00c9"},"url":"https:\/\/www.france.no\/no\/author\/jerome\/"}]}},"_links":{"self":[{"href":"https:\/\/www.france.no\/no\/wp-json\/wp\/v2\/posts\/3050","targetHints":{"allow":["GET"]}}],"collection":[{"href":"https:\/\/www.france.no\/no\/wp-json\/wp\/v2\/posts"}],"about":[{"href":"https:\/\/www.france.no\/no\/wp-json\/wp\/v2\/types\/post"}],"author":[{"embeddable":true,"href":"https:\/\/www.france.no\/no\/wp-json\/wp\/v2\/users\/9"}],"replies":[{"embeddable":true,"href":"https:\/\/www.france.no\/no\/wp-json\/wp\/v2\/comments?post=3050"}],"version-history":[{"count":5,"href":"https:\/\/www.france.no\/no\/wp-json\/wp\/v2\/posts\/3050\/revisions"}],"predecessor-version":[{"id":3192,"href":"https:\/\/www.france.no\/no\/wp-json\/wp\/v2\/posts\/3050\/revisions\/3192"}],"wp:featuredmedia":[{"embeddable":true,"href":"https:\/\/www.france.no\/no\/wp-json\/wp\/v2\/media\/3072"}],"wp:attachment":[{"href":"https:\/\/www.france.no\/no\/wp-json\/wp\/v2\/media?parent=3050"}],"wp:term":[{"taxonomy":"category","embeddable":true,"href":"https:\/\/www.france.no\/no\/wp-json\/wp\/v2\/categories?post=3050"},{"taxonomy":"post_tag","embeddable":true,"href":"https:\/\/www.france.no\/no\/wp-json\/wp\/v2\/tags?post=3050"}],"curies":[{"name":"wp","href":"https:\/\/api.w.org\/{rel}","templated":true}]}}