{"id":3170,"date":"2023-01-12T11:00:35","date_gmt":"2023-01-12T10:00:35","guid":{"rendered":"https:\/\/www.france.no\/?p=3170"},"modified":"2023-03-06T10:15:52","modified_gmt":"2023-03-06T09:15:52","slug":"pre-departure-workshop-france-is-waiting-for-you-2","status":"publish","type":"post","link":"https:\/\/www.france.no\/no\/2023\/universitetene\/pre-departure-workshop-france-is-waiting-for-you-2\/","title":{"rendered":"Pre-departure workshop: France is waiting for you!"},"content":{"rendered":"\n<p><strong>TUESDAY 17. FEBRUARY 2023, 16:00<\/strong><\/p>\n\n\n\n<p>Will you be <strong>studying in France next semester<\/strong>? Would you like to get more information on housing opportunities, our health system, the organisation of studies as well as student life in France?<\/p>\n\n\n\n<p>Join us for an <strong>online webinar on Tuesday 17. February 2023 at 16:00<\/strong> to learn everything there is to know before moving to France: travel, cultural and party tips, advice on administrative procedures (housing, health, finances), registration to lectures, examination methods, etc.<\/p>\n\n\n\n<p>After this workshop, the French higher education system and the French &laquo;art de vivre&raquo; will no longer hold any secrets for you! It will also be an opportunity for you to <strong>get in touch with other Nordic students<\/strong>, who will be doing their Erasmus+ in France during the spring semester 2023.<\/p>\n\n\n\n<p class=\"has-text-align-left\">To participate in our Zoom webinar, <strong>please register through the following link<\/strong>: <a href=\"https:\/\/us06web.zoom.us\/webinar\/register\/WN_bXWl5O_-SWuVjN5M9x8n7Q\">https:\/\/us06web.zoom.us\/webinar\/register\/WN_bXWl5O_-SWuVjN5M9x8n7Q<\/a><\/p>\n\n\n\n<p>We hope to see many of you there!<\/p>\n\n\n\n<p>For any inquiry, please send an email to <a href=\"mailto:contact@campusfrancenordic.com\">contact@campusfrancenordic.com<\/a><\/p>\n\n\n\n<p><em>This webinar is organized by the French Institutes of Denmark, Estonia, Norway and Sweden.<\/em><\/p>\n","protected":false},"excerpt":{"rendered":"<p>TUESDAY 17. FEBRUARY 2023, 16:00 Will you be studying in France next semester? Would you like to get more information on housing opportunities, our health system, the organisation of studies as well as student life in France? Join us for an online webinar on Tuesday 17. February 2023 at 16:00 to learn everything there is [&hellip;]<\/p>\n","protected":false},"author":9,"featured_media":3186,"comment_status":"closed","ping_status":"open","sticky":false,"template":"","format":"standard","meta":{"footnotes":""},"categories":[15],"tags":[],"class_list":["post-3170","post","type-post","status-publish","format-standard","has-post-thumbnail","hentry","category-universitetene"],"yoast_head":"<!-- This site is optimized with the Yoast SEO plugin v24.2 - https:\/\/yoast.com\/wordpress\/plugins\/seo\/ -->\n<title>Pre-departure workshop: France is waiting for you! - Institut fran\u00e7ais<\/title>\n<meta name=\"robots\" content=\"index, follow, max-snippet:-1, max-image-preview:large, max-video-preview:-1\" \/>\n<link rel=\"canonical\" href=\"https:\/\/www.france.no\/no\/2023\/universitetene\/pre-departure-workshop-france-is-waiting-for-you-2\/\" \/>\n<meta property=\"og:locale\" content=\"nb_NO\" \/>\n<meta property=\"og:type\" content=\"article\" \/>\n<meta property=\"og:title\" content=\"Pre-departure workshop: France is waiting for you! - Institut fran\u00e7ais\" \/>\n<meta property=\"og:description\" content=\"TUESDAY 17. FEBRUARY 2023, 16:00 Will you be studying in France next semester? Would you like to get more information on housing opportunities, our health system, the organisation of studies as well as student life in France? Join us for an online webinar on Tuesday 17. February 2023 at 16:00 to learn everything there is [&hellip;]\" \/>\n<meta property=\"og:url\" content=\"https:\/\/www.france.no\/no\/2023\/universitetene\/pre-departure-workshop-france-is-waiting-for-you-2\/\" \/>\n<meta property=\"og:site_name\" content=\"Institut fran\u00e7ais\" \/>\n<meta property=\"article:publisher\" content=\"https:\/\/www.facebook.com\/institutfrancaisoslo\" \/>\n<meta property=\"article:published_time\" content=\"2023-01-12T10:00:35+00:00\" \/>\n<meta property=\"article:modified_time\" content=\"2023-03-06T09:15:52+00:00\" \/>\n<meta property=\"og:image\" content=\"https:\/\/www.france.no\/wp-content\/uploads\/2023\/01\/FRANCE-IS-WAITING-FOR-YOU-2023-1098x617.png\" \/>\n\t<meta property=\"og:image:width\" content=\"1904\" \/>\n\t<meta property=\"og:image:height\" content=\"1065\" \/>\n\t<meta property=\"og:image:type\" content=\"image\/png\" \/>\n<meta name=\"author\" content=\"J\u00e9r\u00f4me ANDR\u00c9\" \/>\n<meta name=\"twitter:card\" content=\"summary_large_image\" \/>\n<meta name=\"twitter:creator\" content=\"@ifnorvege\" \/>\n<meta name=\"twitter:site\" content=\"@ifnorvege\" \/>\n<meta name=\"twitter:label1\" content=\"Skrevet av\" \/>\n\t<meta name=\"twitter:data1\" content=\"J\u00e9r\u00f4me ANDR\u00c9\" \/>\n\t<meta name=\"twitter:label2\" content=\"Ansl. lesetid\" \/>\n\t<meta name=\"twitter:data2\" content=\"1 minutt\" \/>\n<script type=\"application\/ld+json\" class=\"yoast-schema-graph\">{\"@context\":\"https:\/\/schema.org\",\"@graph\":[{\"@type\":\"Article\",\"@id\":\"https:\/\/www.france.no\/no\/2023\/universitetene\/pre-departure-workshop-france-is-waiting-for-you-2\/#article\",\"isPartOf\":{\"@id\":\"https:\/\/www.france.no\/no\/2023\/universitetene\/pre-departure-workshop-france-is-waiting-for-you-2\/\"},\"author\":{\"name\":\"J\u00e9r\u00f4me ANDR\u00c9\",\"@id\":\"https:\/\/www.france.no\/no\/#\/schema\/person\/f2f0bb750bdf17f16994d30050414406\"},\"headline\":\"Pre-departure workshop: France is waiting for you!\",\"datePublished\":\"2023-01-12T10:00:35+00:00\",\"dateModified\":\"2023-03-06T09:15:52+00:00\",\"mainEntityOfPage\":{\"@id\":\"https:\/\/www.france.no\/no\/2023\/universitetene\/pre-departure-workshop-france-is-waiting-for-you-2\/\"},\"wordCount\":190,\"publisher\":{\"@id\":\"https:\/\/www.france.no\/no\/#organization\"},\"image\":{\"@id\":\"https:\/\/www.france.no\/no\/2023\/universitetene\/pre-departure-workshop-france-is-waiting-for-you-2\/#primaryimage\"},\"thumbnailUrl\":\"https:\/\/www.france.no\/wp-content\/uploads\/2023\/01\/FRANCE-IS-WAITING-FOR-YOU-2023-1098x617.png\",\"articleSection\":[\"Universiteter\"],\"inLanguage\":\"nb-NO\"},{\"@type\":\"WebPage\",\"@id\":\"https:\/\/www.france.no\/no\/2023\/universitetene\/pre-departure-workshop-france-is-waiting-for-you-2\/\",\"url\":\"https:\/\/www.france.no\/no\/2023\/universitetene\/pre-departure-workshop-france-is-waiting-for-you-2\/\",\"name\":\"Pre-departure workshop: France is waiting for you! - Institut fran\u00e7ais\",\"isPartOf\":{\"@id\":\"https:\/\/www.france.no\/no\/#website\"},\"primaryImageOfPage\":{\"@id\":\"https:\/\/www.france.no\/no\/2023\/universitetene\/pre-departure-workshop-france-is-waiting-for-you-2\/#primaryimage\"},\"image\":{\"@id\":\"https:\/\/www.france.no\/no\/2023\/universitetene\/pre-departure-workshop-france-is-waiting-for-you-2\/#primaryimage\"},\"thumbnailUrl\":\"https:\/\/www.france.no\/wp-content\/uploads\/2023\/01\/FRANCE-IS-WAITING-FOR-YOU-2023-1098x617.png\",\"datePublished\":\"2023-01-12T10:00:35+00:00\",\"dateModified\":\"2023-03-06T09:15:52+00:00\",\"breadcrumb\":{\"@id\":\"https:\/\/www.france.no\/no\/2023\/universitetene\/pre-departure-workshop-france-is-waiting-for-you-2\/#breadcrumb\"},\"inLanguage\":\"nb-NO\",\"potentialAction\":[{\"@type\":\"ReadAction\",\"target\":[\"https:\/\/www.france.no\/no\/2023\/universitetene\/pre-departure-workshop-france-is-waiting-for-you-2\/\"]}]},{\"@type\":\"ImageObject\",\"inLanguage\":\"nb-NO\",\"@id\":\"https:\/\/www.france.no\/no\/2023\/universitetene\/pre-departure-workshop-france-is-waiting-for-you-2\/#primaryimage\",\"url\":\"https:\/\/www.france.no\/wp-content\/uploads\/2023\/01\/FRANCE-IS-WAITING-FOR-YOU-2023-1098x617.png\",\"contentUrl\":\"https:\/\/www.france.no\/wp-content\/uploads\/2023\/01\/FRANCE-IS-WAITING-FOR-YOU-2023-1098x617.png\",\"width\":1904,\"height\":1065},{\"@type\":\"BreadcrumbList\",\"@id\":\"https:\/\/www.france.no\/no\/2023\/universitetene\/pre-departure-workshop-france-is-waiting-for-you-2\/#breadcrumb\",\"itemListElement\":[{\"@type\":\"ListItem\",\"position\":1,\"name\":\"\",\"item\":\"https:\/\/www.france.no\/no\/\"},{\"@type\":\"ListItem\",\"position\":2,\"name\":\"Universiteter\",\"item\":\"https:\/\/www.france.no\/no\/category\/universitetene\/\"},{\"@type\":\"ListItem\",\"position\":3,\"name\":\"Pre-departure workshop: France is waiting for you!\"}]},{\"@type\":\"WebSite\",\"@id\":\"https:\/\/www.france.no\/no\/#website\",\"url\":\"https:\/\/www.france.no\/no\/\",\"name\":\"Institut fran\u00e7ais\",\"description\":\"Norv\u00e8ge\",\"publisher\":{\"@id\":\"https:\/\/www.france.no\/no\/#organization\"},\"potentialAction\":[{\"@type\":\"SearchAction\",\"target\":{\"@type\":\"EntryPoint\",\"urlTemplate\":\"https:\/\/www.france.no\/no\/?s={search_term_string}\"},\"query-input\":{\"@type\":\"PropertyValueSpecification\",\"valueRequired\":true,\"valueName\":\"search_term_string\"}}],\"inLanguage\":\"nb-NO\"},{\"@type\":\"Organization\",\"@id\":\"https:\/\/www.france.no\/no\/#organization\",\"name\":\"Institut fran\u00e7ais\",\"url\":\"https:\/\/www.france.no\/no\/\",\"logo\":{\"@type\":\"ImageObject\",\"inLanguage\":\"nb-NO\",\"@id\":\"https:\/\/www.france.no\/no\/#\/schema\/logo\/image\/\",\"url\":\"https:\/\/www.france.no\/wp-content\/uploads\/2022\/11\/IF_Logo_Sans_Bleu_RVB.png\",\"contentUrl\":\"https:\/\/www.france.no\/wp-content\/uploads\/2022\/11\/IF_Logo_Sans_Bleu_RVB.png\",\"width\":852,\"height\":591,\"caption\":\"Institut fran\u00e7ais\"},\"image\":{\"@id\":\"https:\/\/www.france.no\/no\/#\/schema\/logo\/image\/\"},\"sameAs\":[\"https:\/\/www.facebook.com\/institutfrancaisoslo\",\"https:\/\/x.com\/ifnorvege\",\"https:\/\/instagram.com\/ifnorvege\"]},{\"@type\":\"Person\",\"@id\":\"https:\/\/www.france.no\/no\/#\/schema\/person\/f2f0bb750bdf17f16994d30050414406\",\"name\":\"J\u00e9r\u00f4me ANDR\u00c9\",\"image\":{\"@type\":\"ImageObject\",\"inLanguage\":\"nb-NO\",\"@id\":\"https:\/\/www.france.no\/no\/#\/schema\/person\/image\/\",\"url\":\"https:\/\/secure.gravatar.com\/avatar\/ada66540f8b03061c12e46d80aa587607c5364b2eccc62216d08deaf8efc595d?s=96&d=mm&r=g\",\"contentUrl\":\"https:\/\/secure.gravatar.com\/avatar\/ada66540f8b03061c12e46d80aa587607c5364b2eccc62216d08deaf8efc595d?s=96&d=mm&r=g\",\"caption\":\"J\u00e9r\u00f4me ANDR\u00c9\"},\"url\":\"https:\/\/www.france.no\/no\/author\/jerome\/\"}]}<\/script>\n<!-- \/ Yoast SEO plugin. -->","yoast_head_json":{"title":"Pre-departure workshop: France is waiting for you! - Institut fran\u00e7ais","robots":{"index":"index","follow":"follow","max-snippet":"max-snippet:-1","max-image-preview":"max-image-preview:large","max-video-preview":"max-video-preview:-1"},"canonical":"https:\/\/www.france.no\/no\/2023\/universitetene\/pre-departure-workshop-france-is-waiting-for-you-2\/","og_locale":"nb_NO","og_type":"article","og_title":"Pre-departure workshop: France is waiting for you! - Institut fran\u00e7ais","og_description":"TUESDAY 17. FEBRUARY 2023, 16:00 Will you be studying in France next semester? Would you like to get more information on housing opportunities, our health system, the organisation of studies as well as student life in France? Join us for an online webinar on Tuesday 17. February 2023 at 16:00 to learn everything there is [&hellip;]","og_url":"https:\/\/www.france.no\/no\/2023\/universitetene\/pre-departure-workshop-france-is-waiting-for-you-2\/","og_site_name":"Institut fran\u00e7ais","article_publisher":"https:\/\/www.facebook.com\/institutfrancaisoslo","article_published_time":"2023-01-12T10:00:35+00:00","article_modified_time":"2023-03-06T09:15:52+00:00","og_image":[{"width":1904,"height":1065,"url":"https:\/\/www.france.no\/wp-content\/uploads\/2023\/01\/FRANCE-IS-WAITING-FOR-YOU-2023-1098x617.png","type":"image\/png"}],"author":"J\u00e9r\u00f4me ANDR\u00c9","twitter_card":"summary_large_image","twitter_creator":"@ifnorvege","twitter_site":"@ifnorvege","twitter_misc":{"Skrevet av":"J\u00e9r\u00f4me ANDR\u00c9","Ansl. lesetid":"1 minutt"},"schema":{"@context":"https:\/\/schema.org","@graph":[{"@type":"Article","@id":"https:\/\/www.france.no\/no\/2023\/universitetene\/pre-departure-workshop-france-is-waiting-for-you-2\/#article","isPartOf":{"@id":"https:\/\/www.france.no\/no\/2023\/universitetene\/pre-departure-workshop-france-is-waiting-for-you-2\/"},"author":{"name":"J\u00e9r\u00f4me ANDR\u00c9","@id":"https:\/\/www.france.no\/no\/#\/schema\/person\/f2f0bb750bdf17f16994d30050414406"},"headline":"Pre-departure workshop: France is waiting for you!","datePublished":"2023-01-12T10:00:35+00:00","dateModified":"2023-03-06T09:15:52+00:00","mainEntityOfPage":{"@id":"https:\/\/www.france.no\/no\/2023\/universitetene\/pre-departure-workshop-france-is-waiting-for-you-2\/"},"wordCount":190,"publisher":{"@id":"https:\/\/www.france.no\/no\/#organization"},"image":{"@id":"https:\/\/www.france.no\/no\/2023\/universitetene\/pre-departure-workshop-france-is-waiting-for-you-2\/#primaryimage"},"thumbnailUrl":"https:\/\/www.france.no\/wp-content\/uploads\/2023\/01\/FRANCE-IS-WAITING-FOR-YOU-2023-1098x617.png","articleSection":["Universiteter"],"inLanguage":"nb-NO"},{"@type":"WebPage","@id":"https:\/\/www.france.no\/no\/2023\/universitetene\/pre-departure-workshop-france-is-waiting-for-you-2\/","url":"https:\/\/www.france.no\/no\/2023\/universitetene\/pre-departure-workshop-france-is-waiting-for-you-2\/","name":"Pre-departure workshop: France is waiting for you! - Institut fran\u00e7ais","isPartOf":{"@id":"https:\/\/www.france.no\/no\/#website"},"primaryImageOfPage":{"@id":"https:\/\/www.france.no\/no\/2023\/universitetene\/pre-departure-workshop-france-is-waiting-for-you-2\/#primaryimage"},"image":{"@id":"https:\/\/www.france.no\/no\/2023\/universitetene\/pre-departure-workshop-france-is-waiting-for-you-2\/#primaryimage"},"thumbnailUrl":"https:\/\/www.france.no\/wp-content\/uploads\/2023\/01\/FRANCE-IS-WAITING-FOR-YOU-2023-1098x617.png","datePublished":"2023-01-12T10:00:35+00:00","dateModified":"2023-03-06T09:15:52+00:00","breadcrumb":{"@id":"https:\/\/www.france.no\/no\/2023\/universitetene\/pre-departure-workshop-france-is-waiting-for-you-2\/#breadcrumb"},"inLanguage":"nb-NO","potentialAction":[{"@type":"ReadAction","target":["https:\/\/www.france.no\/no\/2023\/universitetene\/pre-departure-workshop-france-is-waiting-for-you-2\/"]}]},{"@type":"ImageObject","inLanguage":"nb-NO","@id":"https:\/\/www.france.no\/no\/2023\/universitetene\/pre-departure-workshop-france-is-waiting-for-you-2\/#primaryimage","url":"https:\/\/www.france.no\/wp-content\/uploads\/2023\/01\/FRANCE-IS-WAITING-FOR-YOU-2023-1098x617.png","contentUrl":"https:\/\/www.france.no\/wp-content\/uploads\/2023\/01\/FRANCE-IS-WAITING-FOR-YOU-2023-1098x617.png","width":1904,"height":1065},{"@type":"BreadcrumbList","@id":"https:\/\/www.france.no\/no\/2023\/universitetene\/pre-departure-workshop-france-is-waiting-for-you-2\/#breadcrumb","itemListElement":[{"@type":"ListItem","position":1,"name":"","item":"https:\/\/www.france.no\/no\/"},{"@type":"ListItem","position":2,"name":"Universiteter","item":"https:\/\/www.france.no\/no\/category\/universitetene\/"},{"@type":"ListItem","position":3,"name":"Pre-departure workshop: France is waiting for you!"}]},{"@type":"WebSite","@id":"https:\/\/www.france.no\/no\/#website","url":"https:\/\/www.france.no\/no\/","name":"Institut fran\u00e7ais","description":"Norv\u00e8ge","publisher":{"@id":"https:\/\/www.france.no\/no\/#organization"},"potentialAction":[{"@type":"SearchAction","target":{"@type":"EntryPoint","urlTemplate":"https:\/\/www.france.no\/no\/?s={search_term_string}"},"query-input":{"@type":"PropertyValueSpecification","valueRequired":true,"valueName":"search_term_string"}}],"inLanguage":"nb-NO"},{"@type":"Organization","@id":"https:\/\/www.france.no\/no\/#organization","name":"Institut fran\u00e7ais","url":"https:\/\/www.france.no\/no\/","logo":{"@type":"ImageObject","inLanguage":"nb-NO","@id":"https:\/\/www.france.no\/no\/#\/schema\/logo\/image\/","url":"https:\/\/www.france.no\/wp-content\/uploads\/2022\/11\/IF_Logo_Sans_Bleu_RVB.png","contentUrl":"https:\/\/www.france.no\/wp-content\/uploads\/2022\/11\/IF_Logo_Sans_Bleu_RVB.png","width":852,"height":591,"caption":"Institut fran\u00e7ais"},"image":{"@id":"https:\/\/www.france.no\/no\/#\/schema\/logo\/image\/"},"sameAs":["https:\/\/www.facebook.com\/institutfrancaisoslo","https:\/\/x.com\/ifnorvege","https:\/\/instagram.com\/ifnorvege"]},{"@type":"Person","@id":"https:\/\/www.france.no\/no\/#\/schema\/person\/f2f0bb750bdf17f16994d30050414406","name":"J\u00e9r\u00f4me ANDR\u00c9","image":{"@type":"ImageObject","inLanguage":"nb-NO","@id":"https:\/\/www.france.no\/no\/#\/schema\/person\/image\/","url":"https:\/\/secure.gravatar.com\/avatar\/ada66540f8b03061c12e46d80aa587607c5364b2eccc62216d08deaf8efc595d?s=96&d=mm&r=g","contentUrl":"https:\/\/secure.gravatar.com\/avatar\/ada66540f8b03061c12e46d80aa587607c5364b2eccc62216d08deaf8efc595d?s=96&d=mm&r=g","caption":"J\u00e9r\u00f4me ANDR\u00c9"},"url":"https:\/\/www.france.no\/no\/author\/jerome\/"}]}},"_links":{"self":[{"href":"https:\/\/www.france.no\/no\/wp-json\/wp\/v2\/posts\/3170","targetHints":{"allow":["GET"]}}],"collection":[{"href":"https:\/\/www.france.no\/no\/wp-json\/wp\/v2\/posts"}],"about":[{"href":"https:\/\/www.france.no\/no\/wp-json\/wp\/v2\/types\/post"}],"author":[{"embeddable":true,"href":"https:\/\/www.france.no\/no\/wp-json\/wp\/v2\/users\/9"}],"replies":[{"embeddable":true,"href":"https:\/\/www.france.no\/no\/wp-json\/wp\/v2\/comments?post=3170"}],"version-history":[{"count":4,"href":"https:\/\/www.france.no\/no\/wp-json\/wp\/v2\/posts\/3170\/revisions"}],"predecessor-version":[{"id":3177,"href":"https:\/\/www.france.no\/no\/wp-json\/wp\/v2\/posts\/3170\/revisions\/3177"}],"wp:featuredmedia":[{"embeddable":true,"href":"https:\/\/www.france.no\/no\/wp-json\/wp\/v2\/media\/3186"}],"wp:attachment":[{"href":"https:\/\/www.france.no\/no\/wp-json\/wp\/v2\/media?parent=3170"}],"wp:term":[{"taxonomy":"category","embeddable":true,"href":"https:\/\/www.france.no\/no\/wp-json\/wp\/v2\/categories?post=3170"},{"taxonomy":"post_tag","embeddable":true,"href":"https:\/\/www.france.no\/no\/wp-json\/wp\/v2\/tags?post=3170"}],"curies":[{"name":"wp","href":"https:\/\/api.w.org\/{rel}","templated":true}]}}