{"id":3200,"date":"2023-06-19T16:33:43","date_gmt":"2023-06-19T14:33:43","guid":{"rendered":"https:\/\/www.france.no\/?p=3200"},"modified":"2023-09-12T12:22:49","modified_gmt":"2023-09-12T10:22:49","slug":"podcast-frankrike-forklart","status":"publish","type":"post","link":"https:\/\/www.france.no\/no\/2023\/kultur\/podcast-frankrike-forklart\/","title":{"rendered":"Podcast &laquo;Frankrike forklart&raquo;: En samtale med Frankrikes nye ambassad\u00f8r til Norge."},"content":{"rendered":"\n<p><strong>Institut fran\u00e7ais de Norv\u00e8ge<\/strong> is pleased to support season 7 of podcast <strong><em><a href=\"https:\/\/www.hiof.no\/lusp\/slik\/forskning\/grupper\/areas\/podcast-frankrike-forklart\/\" target=\"_blank\" rel=\"noreferrer noopener\">Frankrike forklart<\/a><\/em><\/strong> produced by <strong>Kjerstin Aukrust<\/strong> (UiO), <strong>Franck Orban<\/strong> (Hi\u00d8) and <strong>Geir Uvsl\u00f8kk<\/strong> (UiO).<\/p>\n\n\n\n<p>In each episode, the editorial team brings in knowledgeable and Francophile guests on important topics, to understand what is going on in France today, and to learn more about the country\u2019s history, politics, and culture.<\/p>\n\n\n\n<p><strong>Listen to the new episode of June 19th, 2023 (episode 88)<\/strong>: <a href=\"https:\/\/www.hf.uio.no\/ilos\/tjenester\/kunnskap\/frankrike-forklart\/episoder\/230607b-frankrike-forklart-2023-uke-25-ambassadoren.mp3?vrtx=view-as-webpage\" target=\"_blank\" rel=\"noreferrer noopener\"><strong><em>En samtale med Frankrikes nye ambassad\u00f8r til Norge.<\/em><\/strong><\/a> with Florence Robine (Ambassador of France to Norway)<\/p>\n\n\n\n<p>In the final episode of the season, the editorial team gets to know the new Ambassador of France to Norway, Florence Robine. How did she become a diplomat and how does she see the relationship between Norway and France? This episode is in French.<\/p>\n\n\n<div class=\"wp-block-image\">\n<figure class=\"aligncenter size-large\"><img loading=\"lazy\" decoding=\"async\" width=\"891\" height=\"1024\" src=\"https:\/\/www.france.no\/wp-content\/uploads\/2023\/06\/Photo_Frankrike-forklart-ma\u0300j-20230619-e1687186330668-891x1024.jpeg\" alt=\"\" class=\"wp-image-4801\" srcset=\"https:\/\/www.france.no\/wp-content\/uploads\/2023\/06\/Photo_Frankrike-forklart-ma\u0300j-20230619-e1687186330668-891x1024.jpeg 891w, https:\/\/www.france.no\/wp-content\/uploads\/2023\/06\/Photo_Frankrike-forklart-ma\u0300j-20230619-e1687186330668-261x300.jpeg 261w, https:\/\/www.france.no\/wp-content\/uploads\/2023\/06\/Photo_Frankrike-forklart-ma\u0300j-20230619-e1687186330668-768x883.jpeg 768w, https:\/\/www.france.no\/wp-content\/uploads\/2023\/06\/Photo_Frankrike-forklart-ma\u0300j-20230619-e1687186330668-1336x1536.jpeg 1336w, https:\/\/www.france.no\/wp-content\/uploads\/2023\/06\/Photo_Frankrike-forklart-ma\u0300j-20230619-e1687186330668-1200x1380.jpeg 1200w, https:\/\/www.france.no\/wp-content\/uploads\/2023\/06\/Photo_Frankrike-forklart-ma\u0300j-20230619-e1687186330668.jpeg 1536w\" sizes=\"auto, (max-width: 891px) 100vw, 891px\" \/><figcaption class=\"wp-element-caption\">Florence Robine (Ambassador of France to Norway)<\/figcaption><\/figure><\/div>\n\n\n<p><strong>Episode 87<\/strong> <strong>(June 5<sup>th<\/sup>, 2023<\/strong>): <a href=\"https:\/\/www.hf.uio.no\/ilos\/tjenester\/kunnskap\/frankrike-forklart\/episoder\/230531c-frankrike-forklart-2023-uke-23.mp3?vrtx=view-as-webpage\" target=\"_blank\" rel=\"noreferrer noopener\"><strong><em>Kan Paul Ric\u0153ur hjelpe oss med \u00e5 forst\u00e5 Macron?<\/em><\/strong><\/a> with Bj\u00f8rn Kvalsvik Nicolaysen (Professor of Hermeneutics at the University of Stavanger)<\/p>\n\n\n\n<p>This week episode gives a closer look at the philosopher Paul Ric\u0153ur. Emmanuel Macron was his assistant for a period of time and has never hidden the fact that he has been inspired by him, both before and after he became President of France. What is Ric\u0153ur&#8217;s philosophy about and to what extent did Macron follow or break with his teachings?<\/p>\n\n\n\n<p><strong>Episode 86<\/strong> (May 22<sup>nd<\/sup>, 2023):<a href=\"https:\/\/www.hf.uio.no\/ilos\/tjenester\/kunnskap\/frankrike-forklart\/episoder\/230520c-frankrike-forklart-2023-uke-21-%282%29.mp3?vrtx=view-as-webpage\" target=\"_blank\" rel=\"noreferrer noopener\"><strong><em>Hvor kommer det franske spr\u00e5ket fra?<\/em><\/strong><\/a> With Christine Meklenborg Nilsen<\/p>\n\n\n\n<p>This week episode is about the origins of the French language. Where does the French language come from? How has it evolved over the centuries? What are the main differences between today&#8217;s French and the spoken French from the Middle Ages or the Renaissance? To learn more about the history of the French language, we have invited Christine Meklenborg Nilsen, French teacher at the University of Oslo.<\/p>\n\n\n\n<p><strong>Episode 85 (May 8<sup>th<\/sup>, 2023)<\/strong>: <a href=\"https:\/\/www.hf.uio.no\/ilos\/tjenester\/kunnskap\/frankrike-forklart\/episoder\/230502d-frankrike-forklart-2023-uke-19.mp3?vrtx=view-as-webpage\" target=\"_blank\" rel=\"noreferrer noopener\"><strong><em>Hvordan lykkes som norsk forfatter i Frankrike?<\/em><\/strong><\/a> With Aslak Nor\u00e9<\/p>\n\n\n\n<p>In this episode of <em>Frankrike forklart<\/em>, we receive the Norwegian best-selling author Aslak Nor\u00e9. He is currently working on his novel &laquo;Havets kirkeg\u00e5rd&raquo;, which was recently published in French under the title &laquo;Le cimeti\u00e8re de la mer&raquo;. He talks about the French book industry, his encounter with French readers, and the French fascination with Nordic crime novels. <\/p>\n\n\n\n<p><strong>Episode 84 (April 17<sup>th<\/sup>, 2023):<\/strong> <a href=\"https:\/\/www.hf.uio.no\/ilos\/tjenester\/kunnskap\/frankrike-forklart\/episoder\/230412h-frankrike-forklart-2023-uke-16.mp3?vrtx=view-as-webpage\" target=\"_blank\" rel=\"noreferrer noopener\"><strong><em>Hvordan er det \u00e5 v\u00e6re franskl\u00e6rer i Norge?<\/em><\/strong><\/a> With <strong>Anita Nyberg and Nils Yngvar B\u00f8e Lindgren<\/strong> (French teachers)<\/p>\n\n\n\n<p>In this episode we focus on the best job in the world, namely French teacher. Why did you choose to become a French teacher? How do you pass on the French language and culture to Norwegian students? What are the strengths and challenges of this profession? Our guests are two experienced French teachers, Anita Nyberg and Nils Yngvar B\u00f8e Lindgren.<\/p>\n\n\n\n<p>If you want to know more about the episode, read <a href=\"https:\/\/www.transitmag.no\/2023\/04\/17\/sammen-blir-vi-sterkere-i-fransk\/?fbclid=IwAR3KWQ79rijCXqsAcJOA98lIIljmig04jhlJCKcTpgZTWX82txO69iPGz9E\" target=\"_blank\" rel=\"noreferrer noopener\"><strong><em>here<\/em><\/strong><\/a> the related column written for Frankrike Forklart by Ingvild Nielsen, Anne \u00d8fjord and Selma Tanovic, all three teachers of French in Norway and members of ANEF: Norwegian Association of Teachers of French (Franskl\u00e6rerforeningen i Norge). <\/p>\n\n\n\n<p><strong>Episode 83<\/strong> (March 27<sup>th<\/sup>, 2023): <a href=\"https:\/\/www.hf.uio.no\/ilos\/tjenester\/kunnskap\/frankrike-forklart\/episoder\/230215b-frankrike-forklart-2023-uke-13-v1-%281%29.mp3?vrtx=view-as-webpage\" target=\"_blank\" rel=\"noreferrer noopener\"><strong><em>Hvem er Nobelprisvinneren Annie Ernaux?<\/em><\/strong><\/a> with Sandra Lilleb\u00f8 (author and critic)<\/p>\n\n\n\n<p>This week, we take a closer look at the work of one of France&#8217;s most important contemporary writers: Annie Ernaux, winner of the Nobel Prize! Annie Ernaux has long been a well-known author in France, and in recent years she has become increasingly well known in Norway. But what characterizes her writing? What is her place in contemporary French literature? And why did she receive the Nobel Prize for Literature in 2022?<\/p>\n\n\n\n<p><strong>Episode 82 <\/strong>(March 13<sup>th<\/sup>,2023): <a href=\"https:\/\/www.hf.uio.no\/ilos\/tjenester\/kunnskap\/frankrike-forklart\/episoder\/230210f-frankrike-forklart-2023-uke-11.mp3?vrtx=view-as-webpage\" target=\"_blank\" rel=\"noreferrer noopener\"><strong><em>Frankofoni spesial \u2013 franskspr\u00e5klig litteratur i India.<\/em><\/strong><\/a> with <strong>Ari Gautier<\/strong> (author and writer).<\/p>\n\n\n\n<p>On the occasion of the International Francophonie Day, celebrated on March 20<sup>th<\/sup>, this week\u2019s episode is dedicated to the Francophone literature in India. Why did 300 years of French presence in India through Chandernagore, Yananon, Pondicherry, Karikal and Mah\u00e9 not lead to the early emergence of a local Francophone literature? What is the scope of this literature today?<\/p>\n\n\n\n<p class=\"has-primary-color has-text-color\"><strong>Episode 81 <\/strong>(February 27<sup>th<\/sup>, 2023) : <strong><em><a href=\"https:\/\/www.hf.uio.no\/ilos\/tjenester\/kunnskap\/frankrike-forklart\/episoder\/230206b-frankrike-forklart-2023-uke-09---idar-helle.mp3?vrtx=view-as-webpage\" target=\"_blank\" rel=\"noreferrer noopener\">Hvorfor er franskmenn s\u00e5 skeptiske til pensjonsreformen?<\/a><\/em><\/strong> with <strong>Idar Helle<\/strong> (Norwegian and European professional historian)<\/p>\n\n\n\n<p>In this episode, the team takes a closer look at the reform of pensions. What does the proposed reform really consist of? Why does President Macron think it is necessary? And why are trade unions and most French people skeptical?<\/p>\n\n\n\n<p><strong>Episode<\/strong> <strong>80<\/strong> (February 13<sup>th<\/sup>, 2023) : <a href=\"https:\/\/www.hf.uio.no\/ilos\/tjenester\/kunnskap\/frankrike-forklart\/episoder\/230206b-frankrike-forklart-2023-uke-07---arild-hermstad.mp3?vrtx=view-as-webpage\" target=\"_blank\" rel=\"noreferrer noopener\"><strong><em>Hva vil de gr\u00f8nne i Frankrike og Norge?<\/em><\/strong><\/a> with <strong>Arild Hermstad<\/strong> (Green Party &#8211; MDG)<\/p>\n\n\n\n<p><strong>Episode 79<\/strong> (January 30<sup>th<\/sup>, 2023): <a href=\"https:\/\/www.hf.uio.no\/ilos\/tjenester\/kunnskap\/frankrike-forklart\/episoder\/230127-uke-5_mixdown-master.mp3?vrtx=view-as-webpage\" target=\"_blank\" rel=\"noreferrer noopener\"><strong><em>Er det norsk-franske undervisningssamarbeidet i krise?<\/em><\/strong><\/a> with <strong>Tove Gravdal<\/strong> (journalist and author).<\/p>\n\n\n\n<p><strong>Episode 78<\/strong> (January 16<sup>th<\/sup>, 2023): <a href=\"https:\/\/www.hf.uio.no\/ilos\/tjenester\/kunnskap\/frankrike-forklart\/episoder\/230110c-uke-3_mixdown.mp3?vrtx=view-as-webpage\" target=\"_blank\" rel=\"noreferrer noopener\"><strong><em>Hva skjer i Frankrike i 2023?<\/em><\/strong><\/a> with <strong>Tove Gravdal<\/strong> (journalist and author).<\/p>\n\n\n\n<p class=\"has-text-align-left\">This podcast in Norwegian is one of the most listened to in Norway. You can find all the previous episodes on the usual podcast hosting platforms and on UiO\u2019s website: <a href=\"https:\/\/www.hf.uio.no\/ilos\/tjenester\/kunnskap\/frankrike-forklart\/episoder\/\" target=\"_blank\" rel=\"noreferrer noopener\">https:\/\/www.hf.uio.no\/ilos\/tjenester\/kunnskap\/frankrike-forklart\/episoder\/<\/a>.<\/p>\n","protected":false},"excerpt":{"rendered":"<p>Institut fran\u00e7ais de Norv\u00e8ge is pleased to support season 7 of podcast Frankrike forklart produced by Kjerstin Aukrust (UiO), Franck Orban (Hi\u00d8) and Geir Uvsl\u00f8kk (UiO). In each episode, the editorial team brings in knowledgeable and Francophile guests on important topics, to understand what is going on in France today, and to learn more about [&hellip;]<\/p>\n","protected":false},"author":9,"featured_media":3417,"comment_status":"closed","ping_status":"closed","sticky":false,"template":"","format":"standard","meta":{"footnotes":""},"categories":[5,17],"tags":[],"class_list":["post-3200","post","type-post","status-publish","format-standard","has-post-thumbnail","hentry","category-kultur","category-vitenskap-og-forskning"],"yoast_head":"<!-- This site is optimized with the Yoast SEO plugin v24.2 - https:\/\/yoast.com\/wordpress\/plugins\/seo\/ -->\n<title>Podcast &quot;Frankrike forklart&quot;: En samtale med Frankrikes nye ambassad\u00f8r til Norge. - Institut fran\u00e7ais<\/title>\n<meta name=\"robots\" content=\"index, follow, max-snippet:-1, max-image-preview:large, max-video-preview:-1\" \/>\n<link rel=\"canonical\" href=\"https:\/\/www.france.no\/no\/2023\/kultur\/podcast-frankrike-forklart\/\" \/>\n<meta property=\"og:locale\" content=\"nb_NO\" \/>\n<meta property=\"og:type\" content=\"article\" \/>\n<meta property=\"og:title\" content=\"Podcast &quot;Frankrike forklart&quot;: En samtale med Frankrikes nye ambassad\u00f8r til Norge. - Institut fran\u00e7ais\" \/>\n<meta property=\"og:description\" content=\"Institut fran\u00e7ais de Norv\u00e8ge is pleased to support season 7 of podcast Frankrike forklart produced by Kjerstin Aukrust (UiO), Franck Orban (Hi\u00d8) and Geir Uvsl\u00f8kk (UiO). In each episode, the editorial team brings in knowledgeable and Francophile guests on important topics, to understand what is going on in France today, and to learn more about [&hellip;]\" \/>\n<meta property=\"og:url\" content=\"https:\/\/www.france.no\/no\/2023\/kultur\/podcast-frankrike-forklart\/\" \/>\n<meta property=\"og:site_name\" content=\"Institut fran\u00e7ais\" \/>\n<meta property=\"article:publisher\" content=\"https:\/\/www.facebook.com\/institutfrancaisoslo\" \/>\n<meta property=\"article:published_time\" content=\"2023-06-19T14:33:43+00:00\" \/>\n<meta property=\"article:modified_time\" content=\"2023-09-12T10:22:49+00:00\" \/>\n<meta property=\"og:image\" content=\"https:\/\/www.france.no\/wp-content\/uploads\/2023\/01\/Bilde-de-nous-trois-FF-1-1098x617.jpg\" \/>\n\t<meta property=\"og:image:width\" content=\"1536\" \/>\n\t<meta property=\"og:image:height\" content=\"982\" \/>\n\t<meta property=\"og:image:type\" content=\"image\/jpeg\" \/>\n<meta name=\"author\" content=\"J\u00e9r\u00f4me ANDR\u00c9\" \/>\n<meta name=\"twitter:card\" content=\"summary_large_image\" \/>\n<meta name=\"twitter:creator\" content=\"@ifnorvege\" \/>\n<meta name=\"twitter:site\" content=\"@ifnorvege\" \/>\n<meta name=\"twitter:label1\" content=\"Skrevet av\" \/>\n\t<meta name=\"twitter:data1\" content=\"J\u00e9r\u00f4me ANDR\u00c9\" \/>\n\t<meta name=\"twitter:label2\" content=\"Ansl. lesetid\" \/>\n\t<meta name=\"twitter:data2\" content=\"5 minutter\" \/>\n<script type=\"application\/ld+json\" class=\"yoast-schema-graph\">{\"@context\":\"https:\/\/schema.org\",\"@graph\":[{\"@type\":\"Article\",\"@id\":\"https:\/\/www.france.no\/no\/2023\/kultur\/podcast-frankrike-forklart\/#article\",\"isPartOf\":{\"@id\":\"https:\/\/www.france.no\/no\/2023\/kultur\/podcast-frankrike-forklart\/\"},\"author\":{\"name\":\"J\u00e9r\u00f4me ANDR\u00c9\",\"@id\":\"https:\/\/www.france.no\/no\/#\/schema\/person\/f2f0bb750bdf17f16994d30050414406\"},\"headline\":\"Podcast &laquo;Frankrike forklart&raquo;: En samtale med Frankrikes nye ambassad\u00f8r til Norge.\",\"datePublished\":\"2023-06-19T14:33:43+00:00\",\"dateModified\":\"2023-09-12T10:22:49+00:00\",\"mainEntityOfPage\":{\"@id\":\"https:\/\/www.france.no\/no\/2023\/kultur\/podcast-frankrike-forklart\/\"},\"wordCount\":834,\"publisher\":{\"@id\":\"https:\/\/www.france.no\/no\/#organization\"},\"image\":{\"@id\":\"https:\/\/www.france.no\/no\/2023\/kultur\/podcast-frankrike-forklart\/#primaryimage\"},\"thumbnailUrl\":\"https:\/\/www.france.no\/wp-content\/uploads\/2023\/01\/Bilde-de-nous-trois-FF-1-1098x617.jpg\",\"articleSection\":[\"Kultur\",\"Vitenskap og forskning\"],\"inLanguage\":\"nb-NO\"},{\"@type\":\"WebPage\",\"@id\":\"https:\/\/www.france.no\/no\/2023\/kultur\/podcast-frankrike-forklart\/\",\"url\":\"https:\/\/www.france.no\/no\/2023\/kultur\/podcast-frankrike-forklart\/\",\"name\":\"Podcast \\\"Frankrike forklart\\\": En samtale med Frankrikes nye ambassad\u00f8r til Norge. - Institut fran\u00e7ais\",\"isPartOf\":{\"@id\":\"https:\/\/www.france.no\/no\/#website\"},\"primaryImageOfPage\":{\"@id\":\"https:\/\/www.france.no\/no\/2023\/kultur\/podcast-frankrike-forklart\/#primaryimage\"},\"image\":{\"@id\":\"https:\/\/www.france.no\/no\/2023\/kultur\/podcast-frankrike-forklart\/#primaryimage\"},\"thumbnailUrl\":\"https:\/\/www.france.no\/wp-content\/uploads\/2023\/01\/Bilde-de-nous-trois-FF-1-1098x617.jpg\",\"datePublished\":\"2023-06-19T14:33:43+00:00\",\"dateModified\":\"2023-09-12T10:22:49+00:00\",\"breadcrumb\":{\"@id\":\"https:\/\/www.france.no\/no\/2023\/kultur\/podcast-frankrike-forklart\/#breadcrumb\"},\"inLanguage\":\"nb-NO\",\"potentialAction\":[{\"@type\":\"ReadAction\",\"target\":[\"https:\/\/www.france.no\/no\/2023\/kultur\/podcast-frankrike-forklart\/\"]}]},{\"@type\":\"ImageObject\",\"inLanguage\":\"nb-NO\",\"@id\":\"https:\/\/www.france.no\/no\/2023\/kultur\/podcast-frankrike-forklart\/#primaryimage\",\"url\":\"https:\/\/www.france.no\/wp-content\/uploads\/2023\/01\/Bilde-de-nous-trois-FF-1-1098x617.jpg\",\"contentUrl\":\"https:\/\/www.france.no\/wp-content\/uploads\/2023\/01\/Bilde-de-nous-trois-FF-1-1098x617.jpg\",\"width\":1536,\"height\":982},{\"@type\":\"BreadcrumbList\",\"@id\":\"https:\/\/www.france.no\/no\/2023\/kultur\/podcast-frankrike-forklart\/#breadcrumb\",\"itemListElement\":[{\"@type\":\"ListItem\",\"position\":1,\"name\":\"\",\"item\":\"https:\/\/www.france.no\/no\/\"},{\"@type\":\"ListItem\",\"position\":2,\"name\":\"Kultur\",\"item\":\"https:\/\/www.france.no\/no\/category\/kultur\/\"},{\"@type\":\"ListItem\",\"position\":3,\"name\":\"Podcast \u00ab\u00a0Frankrike forklart\u00a0\u00bb: En samtale med Frankrikes nye ambassad\u00f8r til Norge.\"}]},{\"@type\":\"WebSite\",\"@id\":\"https:\/\/www.france.no\/no\/#website\",\"url\":\"https:\/\/www.france.no\/no\/\",\"name\":\"Institut fran\u00e7ais\",\"description\":\"Norv\u00e8ge\",\"publisher\":{\"@id\":\"https:\/\/www.france.no\/no\/#organization\"},\"potentialAction\":[{\"@type\":\"SearchAction\",\"target\":{\"@type\":\"EntryPoint\",\"urlTemplate\":\"https:\/\/www.france.no\/no\/?s={search_term_string}\"},\"query-input\":{\"@type\":\"PropertyValueSpecification\",\"valueRequired\":true,\"valueName\":\"search_term_string\"}}],\"inLanguage\":\"nb-NO\"},{\"@type\":\"Organization\",\"@id\":\"https:\/\/www.france.no\/no\/#organization\",\"name\":\"Institut fran\u00e7ais\",\"url\":\"https:\/\/www.france.no\/no\/\",\"logo\":{\"@type\":\"ImageObject\",\"inLanguage\":\"nb-NO\",\"@id\":\"https:\/\/www.france.no\/no\/#\/schema\/logo\/image\/\",\"url\":\"https:\/\/www.france.no\/wp-content\/uploads\/2022\/11\/IF_Logo_Sans_Bleu_RVB.png\",\"contentUrl\":\"https:\/\/www.france.no\/wp-content\/uploads\/2022\/11\/IF_Logo_Sans_Bleu_RVB.png\",\"width\":852,\"height\":591,\"caption\":\"Institut fran\u00e7ais\"},\"image\":{\"@id\":\"https:\/\/www.france.no\/no\/#\/schema\/logo\/image\/\"},\"sameAs\":[\"https:\/\/www.facebook.com\/institutfrancaisoslo\",\"https:\/\/x.com\/ifnorvege\",\"https:\/\/instagram.com\/ifnorvege\"]},{\"@type\":\"Person\",\"@id\":\"https:\/\/www.france.no\/no\/#\/schema\/person\/f2f0bb750bdf17f16994d30050414406\",\"name\":\"J\u00e9r\u00f4me ANDR\u00c9\",\"image\":{\"@type\":\"ImageObject\",\"inLanguage\":\"nb-NO\",\"@id\":\"https:\/\/www.france.no\/no\/#\/schema\/person\/image\/\",\"url\":\"https:\/\/secure.gravatar.com\/avatar\/9bfcfc7aec6dcac0b13fa9fe38496189?s=96&d=mm&r=g\",\"contentUrl\":\"https:\/\/secure.gravatar.com\/avatar\/9bfcfc7aec6dcac0b13fa9fe38496189?s=96&d=mm&r=g\",\"caption\":\"J\u00e9r\u00f4me ANDR\u00c9\"},\"url\":\"https:\/\/www.france.no\/no\/author\/jerome\/\"}]}<\/script>\n<!-- \/ Yoast SEO plugin. -->","yoast_head_json":{"title":"Podcast \"Frankrike forklart\": En samtale med Frankrikes nye ambassad\u00f8r til Norge. - Institut fran\u00e7ais","robots":{"index":"index","follow":"follow","max-snippet":"max-snippet:-1","max-image-preview":"max-image-preview:large","max-video-preview":"max-video-preview:-1"},"canonical":"https:\/\/www.france.no\/no\/2023\/kultur\/podcast-frankrike-forklart\/","og_locale":"nb_NO","og_type":"article","og_title":"Podcast \"Frankrike forklart\": En samtale med Frankrikes nye ambassad\u00f8r til Norge. - Institut fran\u00e7ais","og_description":"Institut fran\u00e7ais de Norv\u00e8ge is pleased to support season 7 of podcast Frankrike forklart produced by Kjerstin Aukrust (UiO), Franck Orban (Hi\u00d8) and Geir Uvsl\u00f8kk (UiO). In each episode, the editorial team brings in knowledgeable and Francophile guests on important topics, to understand what is going on in France today, and to learn more about [&hellip;]","og_url":"https:\/\/www.france.no\/no\/2023\/kultur\/podcast-frankrike-forklart\/","og_site_name":"Institut fran\u00e7ais","article_publisher":"https:\/\/www.facebook.com\/institutfrancaisoslo","article_published_time":"2023-06-19T14:33:43+00:00","article_modified_time":"2023-09-12T10:22:49+00:00","og_image":[{"width":1536,"height":982,"url":"https:\/\/www.france.no\/wp-content\/uploads\/2023\/01\/Bilde-de-nous-trois-FF-1-1098x617.jpg","type":"image\/jpeg"}],"author":"J\u00e9r\u00f4me ANDR\u00c9","twitter_card":"summary_large_image","twitter_creator":"@ifnorvege","twitter_site":"@ifnorvege","twitter_misc":{"Skrevet av":"J\u00e9r\u00f4me ANDR\u00c9","Ansl. lesetid":"5 minutter"},"schema":{"@context":"https:\/\/schema.org","@graph":[{"@type":"Article","@id":"https:\/\/www.france.no\/no\/2023\/kultur\/podcast-frankrike-forklart\/#article","isPartOf":{"@id":"https:\/\/www.france.no\/no\/2023\/kultur\/podcast-frankrike-forklart\/"},"author":{"name":"J\u00e9r\u00f4me ANDR\u00c9","@id":"https:\/\/www.france.no\/no\/#\/schema\/person\/f2f0bb750bdf17f16994d30050414406"},"headline":"Podcast &laquo;Frankrike forklart&raquo;: En samtale med Frankrikes nye ambassad\u00f8r til Norge.","datePublished":"2023-06-19T14:33:43+00:00","dateModified":"2023-09-12T10:22:49+00:00","mainEntityOfPage":{"@id":"https:\/\/www.france.no\/no\/2023\/kultur\/podcast-frankrike-forklart\/"},"wordCount":834,"publisher":{"@id":"https:\/\/www.france.no\/no\/#organization"},"image":{"@id":"https:\/\/www.france.no\/no\/2023\/kultur\/podcast-frankrike-forklart\/#primaryimage"},"thumbnailUrl":"https:\/\/www.france.no\/wp-content\/uploads\/2023\/01\/Bilde-de-nous-trois-FF-1-1098x617.jpg","articleSection":["Kultur","Vitenskap og forskning"],"inLanguage":"nb-NO"},{"@type":"WebPage","@id":"https:\/\/www.france.no\/no\/2023\/kultur\/podcast-frankrike-forklart\/","url":"https:\/\/www.france.no\/no\/2023\/kultur\/podcast-frankrike-forklart\/","name":"Podcast \"Frankrike forklart\": En samtale med Frankrikes nye ambassad\u00f8r til Norge. - Institut fran\u00e7ais","isPartOf":{"@id":"https:\/\/www.france.no\/no\/#website"},"primaryImageOfPage":{"@id":"https:\/\/www.france.no\/no\/2023\/kultur\/podcast-frankrike-forklart\/#primaryimage"},"image":{"@id":"https:\/\/www.france.no\/no\/2023\/kultur\/podcast-frankrike-forklart\/#primaryimage"},"thumbnailUrl":"https:\/\/www.france.no\/wp-content\/uploads\/2023\/01\/Bilde-de-nous-trois-FF-1-1098x617.jpg","datePublished":"2023-06-19T14:33:43+00:00","dateModified":"2023-09-12T10:22:49+00:00","breadcrumb":{"@id":"https:\/\/www.france.no\/no\/2023\/kultur\/podcast-frankrike-forklart\/#breadcrumb"},"inLanguage":"nb-NO","potentialAction":[{"@type":"ReadAction","target":["https:\/\/www.france.no\/no\/2023\/kultur\/podcast-frankrike-forklart\/"]}]},{"@type":"ImageObject","inLanguage":"nb-NO","@id":"https:\/\/www.france.no\/no\/2023\/kultur\/podcast-frankrike-forklart\/#primaryimage","url":"https:\/\/www.france.no\/wp-content\/uploads\/2023\/01\/Bilde-de-nous-trois-FF-1-1098x617.jpg","contentUrl":"https:\/\/www.france.no\/wp-content\/uploads\/2023\/01\/Bilde-de-nous-trois-FF-1-1098x617.jpg","width":1536,"height":982},{"@type":"BreadcrumbList","@id":"https:\/\/www.france.no\/no\/2023\/kultur\/podcast-frankrike-forklart\/#breadcrumb","itemListElement":[{"@type":"ListItem","position":1,"name":"","item":"https:\/\/www.france.no\/no\/"},{"@type":"ListItem","position":2,"name":"Kultur","item":"https:\/\/www.france.no\/no\/category\/kultur\/"},{"@type":"ListItem","position":3,"name":"Podcast \u00ab\u00a0Frankrike forklart\u00a0\u00bb: En samtale med Frankrikes nye ambassad\u00f8r til Norge."}]},{"@type":"WebSite","@id":"https:\/\/www.france.no\/no\/#website","url":"https:\/\/www.france.no\/no\/","name":"Institut fran\u00e7ais","description":"Norv\u00e8ge","publisher":{"@id":"https:\/\/www.france.no\/no\/#organization"},"potentialAction":[{"@type":"SearchAction","target":{"@type":"EntryPoint","urlTemplate":"https:\/\/www.france.no\/no\/?s={search_term_string}"},"query-input":{"@type":"PropertyValueSpecification","valueRequired":true,"valueName":"search_term_string"}}],"inLanguage":"nb-NO"},{"@type":"Organization","@id":"https:\/\/www.france.no\/no\/#organization","name":"Institut fran\u00e7ais","url":"https:\/\/www.france.no\/no\/","logo":{"@type":"ImageObject","inLanguage":"nb-NO","@id":"https:\/\/www.france.no\/no\/#\/schema\/logo\/image\/","url":"https:\/\/www.france.no\/wp-content\/uploads\/2022\/11\/IF_Logo_Sans_Bleu_RVB.png","contentUrl":"https:\/\/www.france.no\/wp-content\/uploads\/2022\/11\/IF_Logo_Sans_Bleu_RVB.png","width":852,"height":591,"caption":"Institut fran\u00e7ais"},"image":{"@id":"https:\/\/www.france.no\/no\/#\/schema\/logo\/image\/"},"sameAs":["https:\/\/www.facebook.com\/institutfrancaisoslo","https:\/\/x.com\/ifnorvege","https:\/\/instagram.com\/ifnorvege"]},{"@type":"Person","@id":"https:\/\/www.france.no\/no\/#\/schema\/person\/f2f0bb750bdf17f16994d30050414406","name":"J\u00e9r\u00f4me ANDR\u00c9","image":{"@type":"ImageObject","inLanguage":"nb-NO","@id":"https:\/\/www.france.no\/no\/#\/schema\/person\/image\/","url":"https:\/\/secure.gravatar.com\/avatar\/9bfcfc7aec6dcac0b13fa9fe38496189?s=96&d=mm&r=g","contentUrl":"https:\/\/secure.gravatar.com\/avatar\/9bfcfc7aec6dcac0b13fa9fe38496189?s=96&d=mm&r=g","caption":"J\u00e9r\u00f4me ANDR\u00c9"},"url":"https:\/\/www.france.no\/no\/author\/jerome\/"}]}},"_links":{"self":[{"href":"https:\/\/www.france.no\/no\/wp-json\/wp\/v2\/posts\/3200","targetHints":{"allow":["GET"]}}],"collection":[{"href":"https:\/\/www.france.no\/no\/wp-json\/wp\/v2\/posts"}],"about":[{"href":"https:\/\/www.france.no\/no\/wp-json\/wp\/v2\/types\/post"}],"author":[{"embeddable":true,"href":"https:\/\/www.france.no\/no\/wp-json\/wp\/v2\/users\/9"}],"replies":[{"embeddable":true,"href":"https:\/\/www.france.no\/no\/wp-json\/wp\/v2\/comments?post=3200"}],"version-history":[{"count":45,"href":"https:\/\/www.france.no\/no\/wp-json\/wp\/v2\/posts\/3200\/revisions"}],"predecessor-version":[{"id":4812,"href":"https:\/\/www.france.no\/no\/wp-json\/wp\/v2\/posts\/3200\/revisions\/4812"}],"wp:featuredmedia":[{"embeddable":true,"href":"https:\/\/www.france.no\/no\/wp-json\/wp\/v2\/media\/3417"}],"wp:attachment":[{"href":"https:\/\/www.france.no\/no\/wp-json\/wp\/v2\/media?parent=3200"}],"wp:term":[{"taxonomy":"category","embeddable":true,"href":"https:\/\/www.france.no\/no\/wp-json\/wp\/v2\/categories?post=3200"},{"taxonomy":"post_tag","embeddable":true,"href":"https:\/\/www.france.no\/no\/wp-json\/wp\/v2\/tags?post=3200"}],"curies":[{"name":"wp","href":"https:\/\/api.w.org\/{rel}","templated":true}]}}