{"id":3309,"date":"2023-01-19T17:10:22","date_gmt":"2023-01-19T16:10:22","guid":{"rendered":"https:\/\/www.france.no\/?p=3309"},"modified":"2023-03-06T10:14:36","modified_gmt":"2023-03-06T09:14:36","slug":"barokkfest","status":"publish","type":"post","link":"https:\/\/www.france.no\/no\/2023\/kultur\/barokkfest\/","title":{"rendered":"Barokkfest"},"content":{"rendered":"\n<p>The 2023 edition of baroque music festival <strong><a href=\"https:\/\/barokkfest.no\/?fbclid=IwAR2Zqq8JDTqFTFVa9UlRr6F3zWpOTrdHEVjjJWn7qmT30dGSTE_i0VZg1TU\" target=\"_blank\" rel=\"noreferrer noopener\">Barokkfest<\/a><\/strong> will take place from January 31<sup>st<\/sup> to February 5<sup>th<\/sup> in <strong>Trondheim (Frimurerlogen)<\/strong>.<\/p>\n\n\n\n<p>The opera <a href=\"https:\/\/barokkfest.no\/rameau_lesindesgalantes\/\" target=\"_blank\" rel=\"noreferrer noopener\"><strong><em>Les Indes Galantes<\/em><\/strong><\/a> by French composer Jean-Philippe Rameau, considered to be one of his masterpieces, will be performed <strong>on February 4th at 7:30 PM<\/strong> with Nordic Baroque Orchestra (<em>Ungdommens Barokkorkester<\/em>) and four key figures from the new generation of French baroque opera artists:<\/p>\n\n\n\n<ul class=\"wp-block-list\">\n<li>conductor <strong>St\u00e9phanie Degand<\/strong>,<\/li>\n\n\n\n<li>baritone <strong>Thomas Doli\u00e9<\/strong>,<\/li>\n\n\n\n<li>soprano <strong>Chlo\u00e9 Jacob<\/strong>,<\/li>\n\n\n\n<li>tenor <strong>Mathias Vidal<\/strong>.<\/li>\n<\/ul>\n\n\n\n<p class=\"has-text-align-left\">Ticketing: <a href=\"https:\/\/tidligmusikk.hoopla.no\/sales\/event\/4220218048\" target=\"_blank\" rel=\"noreferrer noopener\">https:\/\/tidligmusikk.hoopla.no\/sales\/event\/4220218048<\/a><\/p>\n\n\n\n<p class=\"has-text-align-left\">Facebook&nbsp;event: <a href=\"https:\/\/www.facebook.com\/events\/568968298011741\" target=\"_blank\" rel=\"noreferrer noopener\">https:\/\/www.facebook.com\/events\/568968298011741<\/a><\/p>\n","protected":false},"excerpt":{"rendered":"<p>The 2023 edition of baroque music festival Barokkfest will take place from January 31st to February 5th in Trondheim (Frimurerlogen). The opera Les Indes Galantes by French composer Jean-Philippe Rameau, considered to be one of his masterpieces, will be performed on February 4th at 7:30 PM with Nordic Baroque Orchestra (Ungdommens Barokkorkester) and four key [&hellip;]<\/p>\n","protected":false},"author":9,"featured_media":3307,"comment_status":"closed","ping_status":"closed","sticky":false,"template":"","format":"standard","meta":{"footnotes":""},"categories":[5,21],"tags":[],"class_list":["post-3309","post","type-post","status-publish","format-standard","has-post-thumbnail","hentry","category-kultur","category-musikk"],"yoast_head":"<!-- This site is optimized with the Yoast SEO plugin v24.2 - https:\/\/yoast.com\/wordpress\/plugins\/seo\/ -->\n<title>Barokkfest - Institut fran\u00e7ais<\/title>\n<meta name=\"robots\" content=\"index, follow, max-snippet:-1, max-image-preview:large, max-video-preview:-1\" \/>\n<link rel=\"canonical\" href=\"https:\/\/www.france.no\/no\/2023\/kultur\/barokkfest\/\" \/>\n<meta property=\"og:locale\" content=\"nb_NO\" \/>\n<meta property=\"og:type\" content=\"article\" \/>\n<meta property=\"og:title\" content=\"Barokkfest - Institut fran\u00e7ais\" \/>\n<meta property=\"og:description\" content=\"The 2023 edition of baroque music festival Barokkfest will take place from January 31st to February 5th in Trondheim (Frimurerlogen). The opera Les Indes Galantes by French composer Jean-Philippe Rameau, considered to be one of his masterpieces, will be performed on February 4th at 7:30 PM with Nordic Baroque Orchestra (Ungdommens Barokkorkester) and four key [&hellip;]\" \/>\n<meta property=\"og:url\" content=\"https:\/\/www.france.no\/no\/2023\/kultur\/barokkfest\/\" \/>\n<meta property=\"og:site_name\" content=\"Institut fran\u00e7ais\" \/>\n<meta property=\"article:publisher\" content=\"https:\/\/www.facebook.com\/institutfrancaisoslo\" \/>\n<meta property=\"article:published_time\" content=\"2023-01-19T16:10:22+00:00\" \/>\n<meta property=\"article:modified_time\" content=\"2023-03-06T09:14:36+00:00\" \/>\n<meta property=\"og:image\" content=\"https:\/\/www.france.no\/wp-content\/uploads\/2023\/01\/Barokkfest-2023-1098x617.jpg\" \/>\n\t<meta property=\"og:image:width\" content=\"1640\" \/>\n\t<meta property=\"og:image:height\" content=\"924\" \/>\n\t<meta property=\"og:image:type\" content=\"image\/jpeg\" \/>\n<meta name=\"author\" content=\"J\u00e9r\u00f4me ANDR\u00c9\" \/>\n<meta name=\"twitter:card\" content=\"summary_large_image\" \/>\n<meta name=\"twitter:creator\" content=\"@ifnorvege\" \/>\n<meta name=\"twitter:site\" content=\"@ifnorvege\" \/>\n<meta name=\"twitter:label1\" content=\"Skrevet av\" \/>\n\t<meta name=\"twitter:data1\" content=\"J\u00e9r\u00f4me ANDR\u00c9\" \/>\n\t<meta name=\"twitter:label2\" content=\"Ansl. lesetid\" \/>\n\t<meta name=\"twitter:data2\" content=\"1 minutt\" \/>\n<script type=\"application\/ld+json\" class=\"yoast-schema-graph\">{\"@context\":\"https:\/\/schema.org\",\"@graph\":[{\"@type\":\"Article\",\"@id\":\"https:\/\/www.france.no\/no\/2023\/kultur\/barokkfest\/#article\",\"isPartOf\":{\"@id\":\"https:\/\/www.france.no\/no\/2023\/kultur\/barokkfest\/\"},\"author\":{\"name\":\"J\u00e9r\u00f4me ANDR\u00c9\",\"@id\":\"https:\/\/www.france.no\/no\/#\/schema\/person\/f2f0bb750bdf17f16994d30050414406\"},\"headline\":\"Barokkfest\",\"datePublished\":\"2023-01-19T16:10:22+00:00\",\"dateModified\":\"2023-03-06T09:14:36+00:00\",\"mainEntityOfPage\":{\"@id\":\"https:\/\/www.france.no\/no\/2023\/kultur\/barokkfest\/\"},\"wordCount\":92,\"publisher\":{\"@id\":\"https:\/\/www.france.no\/no\/#organization\"},\"image\":{\"@id\":\"https:\/\/www.france.no\/no\/2023\/kultur\/barokkfest\/#primaryimage\"},\"thumbnailUrl\":\"https:\/\/www.france.no\/wp-content\/uploads\/2023\/01\/Barokkfest-2023-1098x617.jpg\",\"articleSection\":[\"Kultur\",\"Musikk\"],\"inLanguage\":\"nb-NO\"},{\"@type\":\"WebPage\",\"@id\":\"https:\/\/www.france.no\/no\/2023\/kultur\/barokkfest\/\",\"url\":\"https:\/\/www.france.no\/no\/2023\/kultur\/barokkfest\/\",\"name\":\"Barokkfest - Institut fran\u00e7ais\",\"isPartOf\":{\"@id\":\"https:\/\/www.france.no\/no\/#website\"},\"primaryImageOfPage\":{\"@id\":\"https:\/\/www.france.no\/no\/2023\/kultur\/barokkfest\/#primaryimage\"},\"image\":{\"@id\":\"https:\/\/www.france.no\/no\/2023\/kultur\/barokkfest\/#primaryimage\"},\"thumbnailUrl\":\"https:\/\/www.france.no\/wp-content\/uploads\/2023\/01\/Barokkfest-2023-1098x617.jpg\",\"datePublished\":\"2023-01-19T16:10:22+00:00\",\"dateModified\":\"2023-03-06T09:14:36+00:00\",\"breadcrumb\":{\"@id\":\"https:\/\/www.france.no\/no\/2023\/kultur\/barokkfest\/#breadcrumb\"},\"inLanguage\":\"nb-NO\",\"potentialAction\":[{\"@type\":\"ReadAction\",\"target\":[\"https:\/\/www.france.no\/no\/2023\/kultur\/barokkfest\/\"]}]},{\"@type\":\"ImageObject\",\"inLanguage\":\"nb-NO\",\"@id\":\"https:\/\/www.france.no\/no\/2023\/kultur\/barokkfest\/#primaryimage\",\"url\":\"https:\/\/www.france.no\/wp-content\/uploads\/2023\/01\/Barokkfest-2023-1098x617.jpg\",\"contentUrl\":\"https:\/\/www.france.no\/wp-content\/uploads\/2023\/01\/Barokkfest-2023-1098x617.jpg\",\"width\":1640,\"height\":924},{\"@type\":\"BreadcrumbList\",\"@id\":\"https:\/\/www.france.no\/no\/2023\/kultur\/barokkfest\/#breadcrumb\",\"itemListElement\":[{\"@type\":\"ListItem\",\"position\":1,\"name\":\"\",\"item\":\"https:\/\/www.france.no\/no\/\"},{\"@type\":\"ListItem\",\"position\":2,\"name\":\"Kultur\",\"item\":\"https:\/\/www.france.no\/no\/category\/kultur\/\"},{\"@type\":\"ListItem\",\"position\":3,\"name\":\"Barokkfest\"}]},{\"@type\":\"WebSite\",\"@id\":\"https:\/\/www.france.no\/no\/#website\",\"url\":\"https:\/\/www.france.no\/no\/\",\"name\":\"Institut fran\u00e7ais\",\"description\":\"Norv\u00e8ge\",\"publisher\":{\"@id\":\"https:\/\/www.france.no\/no\/#organization\"},\"potentialAction\":[{\"@type\":\"SearchAction\",\"target\":{\"@type\":\"EntryPoint\",\"urlTemplate\":\"https:\/\/www.france.no\/no\/?s={search_term_string}\"},\"query-input\":{\"@type\":\"PropertyValueSpecification\",\"valueRequired\":true,\"valueName\":\"search_term_string\"}}],\"inLanguage\":\"nb-NO\"},{\"@type\":\"Organization\",\"@id\":\"https:\/\/www.france.no\/no\/#organization\",\"name\":\"Institut fran\u00e7ais\",\"url\":\"https:\/\/www.france.no\/no\/\",\"logo\":{\"@type\":\"ImageObject\",\"inLanguage\":\"nb-NO\",\"@id\":\"https:\/\/www.france.no\/no\/#\/schema\/logo\/image\/\",\"url\":\"https:\/\/www.france.no\/wp-content\/uploads\/2022\/11\/IF_Logo_Sans_Bleu_RVB.png\",\"contentUrl\":\"https:\/\/www.france.no\/wp-content\/uploads\/2022\/11\/IF_Logo_Sans_Bleu_RVB.png\",\"width\":852,\"height\":591,\"caption\":\"Institut fran\u00e7ais\"},\"image\":{\"@id\":\"https:\/\/www.france.no\/no\/#\/schema\/logo\/image\/\"},\"sameAs\":[\"https:\/\/www.facebook.com\/institutfrancaisoslo\",\"https:\/\/x.com\/ifnorvege\",\"https:\/\/instagram.com\/ifnorvege\"]},{\"@type\":\"Person\",\"@id\":\"https:\/\/www.france.no\/no\/#\/schema\/person\/f2f0bb750bdf17f16994d30050414406\",\"name\":\"J\u00e9r\u00f4me ANDR\u00c9\",\"image\":{\"@type\":\"ImageObject\",\"inLanguage\":\"nb-NO\",\"@id\":\"https:\/\/www.france.no\/no\/#\/schema\/person\/image\/\",\"url\":\"https:\/\/secure.gravatar.com\/avatar\/ada66540f8b03061c12e46d80aa587607c5364b2eccc62216d08deaf8efc595d?s=96&d=mm&r=g\",\"contentUrl\":\"https:\/\/secure.gravatar.com\/avatar\/ada66540f8b03061c12e46d80aa587607c5364b2eccc62216d08deaf8efc595d?s=96&d=mm&r=g\",\"caption\":\"J\u00e9r\u00f4me ANDR\u00c9\"},\"url\":\"https:\/\/www.france.no\/no\/author\/jerome\/\"}]}<\/script>\n<!-- \/ Yoast SEO plugin. -->","yoast_head_json":{"title":"Barokkfest - Institut fran\u00e7ais","robots":{"index":"index","follow":"follow","max-snippet":"max-snippet:-1","max-image-preview":"max-image-preview:large","max-video-preview":"max-video-preview:-1"},"canonical":"https:\/\/www.france.no\/no\/2023\/kultur\/barokkfest\/","og_locale":"nb_NO","og_type":"article","og_title":"Barokkfest - Institut fran\u00e7ais","og_description":"The 2023 edition of baroque music festival Barokkfest will take place from January 31st to February 5th in Trondheim (Frimurerlogen). The opera Les Indes Galantes by French composer Jean-Philippe Rameau, considered to be one of his masterpieces, will be performed on February 4th at 7:30 PM with Nordic Baroque Orchestra (Ungdommens Barokkorkester) and four key [&hellip;]","og_url":"https:\/\/www.france.no\/no\/2023\/kultur\/barokkfest\/","og_site_name":"Institut fran\u00e7ais","article_publisher":"https:\/\/www.facebook.com\/institutfrancaisoslo","article_published_time":"2023-01-19T16:10:22+00:00","article_modified_time":"2023-03-06T09:14:36+00:00","og_image":[{"width":1640,"height":924,"url":"https:\/\/www.france.no\/wp-content\/uploads\/2023\/01\/Barokkfest-2023-1098x617.jpg","type":"image\/jpeg"}],"author":"J\u00e9r\u00f4me ANDR\u00c9","twitter_card":"summary_large_image","twitter_creator":"@ifnorvege","twitter_site":"@ifnorvege","twitter_misc":{"Skrevet av":"J\u00e9r\u00f4me ANDR\u00c9","Ansl. lesetid":"1 minutt"},"schema":{"@context":"https:\/\/schema.org","@graph":[{"@type":"Article","@id":"https:\/\/www.france.no\/no\/2023\/kultur\/barokkfest\/#article","isPartOf":{"@id":"https:\/\/www.france.no\/no\/2023\/kultur\/barokkfest\/"},"author":{"name":"J\u00e9r\u00f4me ANDR\u00c9","@id":"https:\/\/www.france.no\/no\/#\/schema\/person\/f2f0bb750bdf17f16994d30050414406"},"headline":"Barokkfest","datePublished":"2023-01-19T16:10:22+00:00","dateModified":"2023-03-06T09:14:36+00:00","mainEntityOfPage":{"@id":"https:\/\/www.france.no\/no\/2023\/kultur\/barokkfest\/"},"wordCount":92,"publisher":{"@id":"https:\/\/www.france.no\/no\/#organization"},"image":{"@id":"https:\/\/www.france.no\/no\/2023\/kultur\/barokkfest\/#primaryimage"},"thumbnailUrl":"https:\/\/www.france.no\/wp-content\/uploads\/2023\/01\/Barokkfest-2023-1098x617.jpg","articleSection":["Kultur","Musikk"],"inLanguage":"nb-NO"},{"@type":"WebPage","@id":"https:\/\/www.france.no\/no\/2023\/kultur\/barokkfest\/","url":"https:\/\/www.france.no\/no\/2023\/kultur\/barokkfest\/","name":"Barokkfest - Institut fran\u00e7ais","isPartOf":{"@id":"https:\/\/www.france.no\/no\/#website"},"primaryImageOfPage":{"@id":"https:\/\/www.france.no\/no\/2023\/kultur\/barokkfest\/#primaryimage"},"image":{"@id":"https:\/\/www.france.no\/no\/2023\/kultur\/barokkfest\/#primaryimage"},"thumbnailUrl":"https:\/\/www.france.no\/wp-content\/uploads\/2023\/01\/Barokkfest-2023-1098x617.jpg","datePublished":"2023-01-19T16:10:22+00:00","dateModified":"2023-03-06T09:14:36+00:00","breadcrumb":{"@id":"https:\/\/www.france.no\/no\/2023\/kultur\/barokkfest\/#breadcrumb"},"inLanguage":"nb-NO","potentialAction":[{"@type":"ReadAction","target":["https:\/\/www.france.no\/no\/2023\/kultur\/barokkfest\/"]}]},{"@type":"ImageObject","inLanguage":"nb-NO","@id":"https:\/\/www.france.no\/no\/2023\/kultur\/barokkfest\/#primaryimage","url":"https:\/\/www.france.no\/wp-content\/uploads\/2023\/01\/Barokkfest-2023-1098x617.jpg","contentUrl":"https:\/\/www.france.no\/wp-content\/uploads\/2023\/01\/Barokkfest-2023-1098x617.jpg","width":1640,"height":924},{"@type":"BreadcrumbList","@id":"https:\/\/www.france.no\/no\/2023\/kultur\/barokkfest\/#breadcrumb","itemListElement":[{"@type":"ListItem","position":1,"name":"","item":"https:\/\/www.france.no\/no\/"},{"@type":"ListItem","position":2,"name":"Kultur","item":"https:\/\/www.france.no\/no\/category\/kultur\/"},{"@type":"ListItem","position":3,"name":"Barokkfest"}]},{"@type":"WebSite","@id":"https:\/\/www.france.no\/no\/#website","url":"https:\/\/www.france.no\/no\/","name":"Institut fran\u00e7ais","description":"Norv\u00e8ge","publisher":{"@id":"https:\/\/www.france.no\/no\/#organization"},"potentialAction":[{"@type":"SearchAction","target":{"@type":"EntryPoint","urlTemplate":"https:\/\/www.france.no\/no\/?s={search_term_string}"},"query-input":{"@type":"PropertyValueSpecification","valueRequired":true,"valueName":"search_term_string"}}],"inLanguage":"nb-NO"},{"@type":"Organization","@id":"https:\/\/www.france.no\/no\/#organization","name":"Institut fran\u00e7ais","url":"https:\/\/www.france.no\/no\/","logo":{"@type":"ImageObject","inLanguage":"nb-NO","@id":"https:\/\/www.france.no\/no\/#\/schema\/logo\/image\/","url":"https:\/\/www.france.no\/wp-content\/uploads\/2022\/11\/IF_Logo_Sans_Bleu_RVB.png","contentUrl":"https:\/\/www.france.no\/wp-content\/uploads\/2022\/11\/IF_Logo_Sans_Bleu_RVB.png","width":852,"height":591,"caption":"Institut fran\u00e7ais"},"image":{"@id":"https:\/\/www.france.no\/no\/#\/schema\/logo\/image\/"},"sameAs":["https:\/\/www.facebook.com\/institutfrancaisoslo","https:\/\/x.com\/ifnorvege","https:\/\/instagram.com\/ifnorvege"]},{"@type":"Person","@id":"https:\/\/www.france.no\/no\/#\/schema\/person\/f2f0bb750bdf17f16994d30050414406","name":"J\u00e9r\u00f4me ANDR\u00c9","image":{"@type":"ImageObject","inLanguage":"nb-NO","@id":"https:\/\/www.france.no\/no\/#\/schema\/person\/image\/","url":"https:\/\/secure.gravatar.com\/avatar\/ada66540f8b03061c12e46d80aa587607c5364b2eccc62216d08deaf8efc595d?s=96&d=mm&r=g","contentUrl":"https:\/\/secure.gravatar.com\/avatar\/ada66540f8b03061c12e46d80aa587607c5364b2eccc62216d08deaf8efc595d?s=96&d=mm&r=g","caption":"J\u00e9r\u00f4me ANDR\u00c9"},"url":"https:\/\/www.france.no\/no\/author\/jerome\/"}]}},"_links":{"self":[{"href":"https:\/\/www.france.no\/no\/wp-json\/wp\/v2\/posts\/3309","targetHints":{"allow":["GET"]}}],"collection":[{"href":"https:\/\/www.france.no\/no\/wp-json\/wp\/v2\/posts"}],"about":[{"href":"https:\/\/www.france.no\/no\/wp-json\/wp\/v2\/types\/post"}],"author":[{"embeddable":true,"href":"https:\/\/www.france.no\/no\/wp-json\/wp\/v2\/users\/9"}],"replies":[{"embeddable":true,"href":"https:\/\/www.france.no\/no\/wp-json\/wp\/v2\/comments?post=3309"}],"version-history":[{"count":4,"href":"https:\/\/www.france.no\/no\/wp-json\/wp\/v2\/posts\/3309\/revisions"}],"predecessor-version":[{"id":3317,"href":"https:\/\/www.france.no\/no\/wp-json\/wp\/v2\/posts\/3309\/revisions\/3317"}],"wp:featuredmedia":[{"embeddable":true,"href":"https:\/\/www.france.no\/no\/wp-json\/wp\/v2\/media\/3307"}],"wp:attachment":[{"href":"https:\/\/www.france.no\/no\/wp-json\/wp\/v2\/media?parent=3309"}],"wp:term":[{"taxonomy":"category","embeddable":true,"href":"https:\/\/www.france.no\/no\/wp-json\/wp\/v2\/categories?post=3309"},{"taxonomy":"post_tag","embeddable":true,"href":"https:\/\/www.france.no\/no\/wp-json\/wp\/v2\/tags?post=3309"}],"curies":[{"name":"wp","href":"https:\/\/api.w.org\/{rel}","templated":true}]}}