{"id":3383,"date":"2023-01-25T10:13:01","date_gmt":"2023-01-25T09:13:01","guid":{"rendered":"https:\/\/www.france.no\/?p=3383"},"modified":"2023-02-18T11:36:00","modified_gmt":"2023-02-18T10:36:00","slug":"inscriptions-seminaire-annuel-des-professeurs-de-francais-a-oslo-le-10-02-2023","status":"publish","type":"post","link":"https:\/\/www.france.no\/no\/2023\/utdanning-og-fransk-sprak\/inscriptions-seminaire-annuel-des-professeurs-de-francais-a-oslo-le-10-02-2023\/","title":{"rendered":"Inscriptions s\u00e9minaire annuel des professeurs de Francais \u00e0 Oslo le 10\/02\/2023"},"content":{"rendered":"\n<p>Venez nombreuses et nombreux \u00e0 notre <strong>s\u00e9minaire <\/strong>pour les professeurs de fran\u00e7ais qui aura lieu \u00e0 <strong>Oslo, dans les locaux de l\u2019Institut fran\u00e7ais de Norv\u00e8ge, le 10 f\u00e9vrier 2023<\/strong>.<\/p>\n\n\n\n<p>Pour vous inscrire, merci de <strong>choisir<\/strong> <strong>un atelier par tranche horaire<\/strong> dans le programme ci dessous et <strong>envoyez votre choix<\/strong> \u00e0 <a href=\"mailto:cpetillon@france.no\" target=\"_blank\" rel=\"noreferrer noopener\">cpetillon@france.no<\/a><\/p>\n\n\n\n<p><strong>Programme de la journ\u00e9e <\/strong><\/p>\n\n\n\n<p class=\"has-text-align-left has-primary-color has-text-color\">8h45 Accueil des participants<br><br>9h00 \u2013 9h20 Ouverture : Sophie DELPORTE, COCAC, Catherine PETILLON, ACPF et Selma TANOVIC, Pr\u00e9sidente de l\u2019ANEF<br><br>9h25 \u2013 9h55 Pr\u00e9sentation de Mme l\u2019ambassadrice Florence ROBINE<br>\u00ab L\u2019enseignement \u2018\u00e0 la fran\u00e7aise\u2019 et ses particularit\u00e9s \u00bb<br><\/p>\n\n\n\n<p><strong>10h00 \u2013 11h30<\/strong> : au choix parmi 3 ateliers<\/p>\n\n\n\n<figure class=\"wp-block-table\"><table><tbody><tr><td class=\"has-text-align-left\" data-align=\"left\"><strong>Atelier 1<\/strong> : <a><strong>Selma TANOVIC<\/strong><\/a>, enseignante au lyc\u00e9e Akademiet de Drammen et pr\u00e9sidente de l\u2019ANEF&nbsp;<br>&nbsp;<br><strong>De nouvelles approches en classe de FLE&nbsp;: <\/strong>lors de cette intervention, nous verrons comment enseigner le FLE en int\u00e9grant la culture des jeunes dans la salle de classe. Il y aura des exemples et des exercices pratiques.<\/td><td><strong>Atelier 2 : Gilles VOGT<\/strong>, historien\/professeur de FLE (Fransk Kulturhus), membre du bureau de l&#8217;ANEF<br>&nbsp;<br><strong>Utiliser des ressources historiques et litt\u00e9raires en classe de fran\u00e7ais<\/strong> : guide pratique des sites et outils web disponibles pour les professeurs<\/td><td><strong>Atelier 3 <\/strong>: <strong>Solena PRADAYROL<\/strong>, conseill\u00e8re p\u00e9dagogique des professeurs de FLE en Norv\u00e8ge, Fremmedspr\u00e5ksenteret, membre du bureau de l\u2019ANEF<br>&nbsp;<br><strong>\u00c9valuation et examen oral au coll\u00e8ge&nbsp;: <\/strong>quels sont les changements amen\u00e9s par LK20 et comment affectent-ils l\u2019\u00e9valuation du fran\u00e7ais niveau I ? Nous \u00e9changerons sur nos pratiques, parlerons de crit\u00e8res d\u2019\u00e9valuation, de l\u2019examen oral et de comment y pr\u00e9parer les \u00e9l\u00e8ves.<\/td><\/tr><\/tbody><\/table><\/figure>\n\n\n\n<p><strong>11h30 \u2013 12h30 : Pause d\u00e9jeuner offerte par l\u2019Institut fran\u00e7ais<\/strong><\/p>\n<p>&nbsp;<\/p>\n\n\n\n<p><strong><u>12h30 \u2013 14h00&nbsp;:<\/u><\/strong> Au choix parmi 3 ateliers<\/p>\n\n\n\n<figure class=\"wp-block-table\"><table><tbody><tr><td><strong>Atelier 1<\/strong> : <strong>Cl\u00e9mence ALLEGRET<\/strong>, Master2 Sciences du langage, didactique du fran\u00e7ais et plurilinguisme,<br>Univ Orl\u00e9ans, assistante FLE Nadderud vgs Bekkestua<br><strong>Renaud DUFRASNE<\/strong>, Master2 FLE didactique, Univ Libre de Bruxelles, assistant FLE Bekkestua ungdomsskole<br>Nadderud, Baerum<br>&nbsp;<br><strong>Travailler la relation phonie-graphie en classe de fran\u00e7ais pour am\u00e9liorer la prononciation et l\u2019orthographe<\/strong>&nbsp;: faire d\u00e9couvrir aux professeurs de fran\u00e7ais des activit\u00e9s courtes et ludiques \u00e0 exploiter en classe pour travailler la relation phonie-graphie et aider les \u00e9l\u00e8ves \u00e0 mieux comprendre les liens entre ce qu\u2019ils lisent, ce qu\u2019ils entendent, et ce qu\u2019ils produisent \u00e0 l\u2019oral comme \u00e0 l\u2019\u00e9crit.<\/td><td><strong>Atelier 2 <\/strong>: <strong>Selma TANOVIC<\/strong> et <strong>Solena PRADAYROL<\/strong><br>&nbsp;<br><strong>\u00c9valuation et examen \u00e9crit au lyc\u00e9e&nbsp;: <\/strong>quels sont les changements amen\u00e9s par LK20 et comment affectent-ils l\u2019\u00e9valuation du fran\u00e7ais niveau II ? Nous \u00e9changerons sur nos pratiques, parlerons de crit\u00e8res d\u2019\u00e9valuation, des nouveaux examens \u00e9crits et de comment y pr\u00e9parer les \u00e9l\u00e8ves.<\/td><td><strong>Atelier 3<\/strong> : <strong>Catherine PETILLON<\/strong>, Attach\u00e9e de coop\u00e9ration pour le fran\u00e7aiset<strong> Victoria BORGEN<\/strong>, assistante coop\u00e9ration \u00e9ducative, Institut fran\u00e7ais de Norv\u00e8ge<br>&nbsp;<br><strong>Pr\u00e9sentation de programmes de l\u2019Institut fran\u00e7ais&nbsp;:<\/strong><br><strong>&#8211; Mobilit\u00e9 en France<\/strong>&nbsp;: d\u00e8s la fin de la 10e classe, les \u00e9l\u00e8ves peuvent partir faire leur classe de seconde (Vg1) dans un lyc\u00e9e fran\u00e7ais pour reprendre en Vg2 \u00e0 leur retour en Norv\u00e8ge.<br><strong>&#8211; Certifications DELF Junior<\/strong>&nbsp;: le DELF Junior pour les adolescents est un dipl\u00f4me officiel d\u00e9livr\u00e9 par le minist\u00e8re de l\u2019\u00e9ducation nationale qui peut&nbsp;faciliter l\u2019acc\u00e8s \u00e0 l\u2019universit\u00e9 en France, en Europe ou dans un pays francophone et dans certaines grandes \u00e9coles.<\/td><\/tr><\/tbody><\/table><\/figure>\n\n\n\n<p><strong>14h15 \u2013 15h45&nbsp;:<\/strong> Au choix&nbsp;parmi 3 ateliers<\/p>\n\n\n\n<figure class=\"wp-block-table\"><table><tbody><tr><td><strong>Atelier 1 : Sophie DELPORTE<\/strong>, Conseill\u00e8re de coop\u00e9ration et d\u2019action culturelle, Directrice de l\u2019Institut fran\u00e7ais de Norv\u00e8ge<br>&nbsp;<br><strong>La la\u00efcit\u00e9 en France, histoire et malentendus<\/strong>&nbsp;: les fondements historiques et juridiques de la la\u00efcit\u00e9 en France et ses ramifications dans la soci\u00e9t\u00e9 actuelle.<\/td><td><strong>Atelier 2<\/strong> : <strong>Solena PRADAYROL<\/strong>, <strong>Catherine PETILLON<\/strong> et <strong>Victoria BORGEN<\/strong><br>&nbsp;<br><strong>Trollstipend et spr\u00e5kassistenter: comment faire sa demande&nbsp;?<\/strong><br>Dans cet atelier, nous vous pr\u00e9senterons les bourses et programmes qui existent pour les \u00e9l\u00e8ves et professeurs de fran\u00e7ais en Norv\u00e8ge, comme par exemple Trollstipend et spr\u00e5kassistenter. Nous donnerons des conseils sur la fa\u00e7on de r\u00e9diger une demande et r\u00e9fl\u00e9chirons aux arguments convaincants pour son obtention.<\/td><td><strong>Atelier 3 <\/strong>: <strong>Camille BARDYN<\/strong>, Formatrice, responsable p\u00e9dagogique \u00e0 Fransk Kulturhus (Oslo), et enseignante de FLE \/ FLS \/ FOS<br>&nbsp;<br><strong>Donner \u00e0 ses \u00e9l\u00e8ves l\u2019envie d\u2019\u00e9crire et d\u00e9velopper leur vocabulaire gr\u00e2ce aux \u201cHistoires \u00e0 \u00e9crire\u201d<\/strong>&nbsp;: Gr\u00e2ce \u00e0 des ressources pratiques et applicables imm\u00e9diatement, les professeurs pourront d\u00e9velopper les comp\u00e9tences de production \u00e9crites des \u00e9l\u00e8ves de coll\u00e8ge et lyc\u00e9e. L\u2019objectif de cette formation est de d\u00e9couvrir des id\u00e9es d\u2019activit\u00e9s p\u00e9dagogiques pluridisciplinaires autour d\u2019une histoire, et de les mettre en pratique pendant cet atelier participatif et en classe de langue.<\/td><\/tr><\/tbody><\/table><\/figure>\n\n\n\n<p><strong>16h00 \u2013 18h00<\/strong> : <strong>Assembl\u00e9e G\u00e9n\u00e9rale de l\u2019ANEF<\/strong> <br>Ouvert \u00e0 tous <\/p>\n\n\n\n<p>&#8211; Annonce des gagnants du concours TikTok et visionnage des vid\u00e9os <br>&#8211; Bilan des activit\u00e9s de l\u2019association (rapport moral et financier) et projets pour 2023 <br>&#8211; Constitution du bureau : vote et accueil de nouveaux membres &#8211; D\u00e9gustation (vins et fromages) et tirage au sort de lots (vins et autres cadeaux)<\/p>\n\n\n\n<p><strong>Venez-nombreux !<\/strong> <br>L\u2019association a besoin de votre avis et de votre soutien.<\/p>\n\n\n\n<div class=\"wp-block-columns is-layout-flex wp-container-core-columns-is-layout-9d6595d7 wp-block-columns-is-layout-flex\">\n<div class=\"wp-block-column is-layout-flow wp-block-column-is-layout-flow\" style=\"flex-basis:100%\">\n<p>\u00a0 \u00a0<img loading=\"lazy\" decoding=\"async\" class=\"wp-image-3362 alignleft\" src=\"https:\/\/www.france.no\/wp-content\/uploads\/2023\/01\/logo-rf.jpg\" alt=\"\" width=\"128\" height=\"117\" \/>\u00a0 \u00a0 \u00a0 <img loading=\"lazy\" decoding=\"async\" class=\"wp-image-3356 alignleft\" src=\"https:\/\/www.france.no\/wp-content\/uploads\/2023\/01\/logo-anef.png\" alt=\"\" width=\"113\" height=\"113\" \/>\u00a0 \u00a0\u00a0\u00a0 \u00a0\u00a0 <img loading=\"lazy\" decoding=\"async\" class=\"wp-image-3360 alignleft\" src=\"https:\/\/www.france.no\/wp-content\/uploads\/2023\/01\/logo-kult-300x204.jpg\" alt=\"\" width=\"149\" height=\"101\" srcset=\"https:\/\/www.france.no\/wp-content\/uploads\/2023\/01\/logo-kult-300x204.jpg 300w, https:\/\/www.france.no\/wp-content\/uploads\/2023\/01\/logo-kult.jpg 310w\" sizes=\"auto, (max-width: 149px) 100vw, 149px\" \/>\u00a0 \u00a0<\/p>\n<\/div>\n<\/div>\n","protected":false},"excerpt":{"rendered":"<p>Venez nombreuses et nombreux \u00e0 notre s\u00e9minaire pour les professeurs de fran\u00e7ais qui aura lieu \u00e0 Oslo, dans les locaux de l\u2019Institut fran\u00e7ais de Norv\u00e8ge, le 10 f\u00e9vrier 2023. Pour vous inscrire, merci de choisir un atelier par tranche horaire dans le programme ci dessous et envoyez votre choix \u00e0 cpetillon@france.no Programme de la journ\u00e9e [&hellip;]<\/p>\n","protected":false},"author":9,"featured_media":2974,"comment_status":"closed","ping_status":"open","sticky":false,"template":"","format":"standard","meta":{"footnotes":""},"categories":[13],"tags":[],"class_list":["post-3383","post","type-post","status-publish","format-standard","has-post-thumbnail","hentry","category-utdanning-og-fransk-sprak"],"yoast_head":"<!-- This site is optimized with the Yoast SEO plugin v24.2 - https:\/\/yoast.com\/wordpress\/plugins\/seo\/ -->\n<title>Inscriptions s\u00e9minaire annuel des professeurs de Francais \u00e0 Oslo le 10\/02\/2023 - Institut fran\u00e7ais<\/title>\n<meta name=\"robots\" content=\"index, follow, max-snippet:-1, max-image-preview:large, max-video-preview:-1\" \/>\n<link rel=\"canonical\" href=\"https:\/\/www.france.no\/no\/2023\/utdanning-og-fransk-sprak\/inscriptions-seminaire-annuel-des-professeurs-de-francais-a-oslo-le-10-02-2023\/\" \/>\n<meta property=\"og:locale\" content=\"nb_NO\" \/>\n<meta property=\"og:type\" content=\"article\" \/>\n<meta property=\"og:title\" content=\"Inscriptions s\u00e9minaire annuel des professeurs de Francais \u00e0 Oslo le 10\/02\/2023 - Institut fran\u00e7ais\" \/>\n<meta property=\"og:description\" content=\"Venez nombreuses et nombreux \u00e0 notre s\u00e9minaire pour les professeurs de fran\u00e7ais qui aura lieu \u00e0 Oslo, dans les locaux de l\u2019Institut fran\u00e7ais de Norv\u00e8ge, le 10 f\u00e9vrier 2023. Pour vous inscrire, merci de choisir un atelier par tranche horaire dans le programme ci dessous et envoyez votre choix \u00e0 cpetillon@france.no Programme de la journ\u00e9e [&hellip;]\" \/>\n<meta property=\"og:url\" content=\"https:\/\/www.france.no\/no\/2023\/utdanning-og-fransk-sprak\/inscriptions-seminaire-annuel-des-professeurs-de-francais-a-oslo-le-10-02-2023\/\" \/>\n<meta property=\"og:site_name\" content=\"Institut fran\u00e7ais\" \/>\n<meta property=\"article:publisher\" content=\"https:\/\/www.facebook.com\/institutfrancaisoslo\" \/>\n<meta property=\"article:published_time\" content=\"2023-01-25T09:13:01+00:00\" \/>\n<meta property=\"article:modified_time\" content=\"2023-02-18T10:36:00+00:00\" \/>\n<meta property=\"og:image\" content=\"https:\/\/www.france.no\/wp-content\/uploads\/2022\/12\/formation-professeur-de-francais-1098x617-1.jpg\" \/>\n\t<meta property=\"og:image:width\" content=\"1098\" \/>\n\t<meta property=\"og:image:height\" content=\"617\" \/>\n\t<meta property=\"og:image:type\" content=\"image\/jpeg\" \/>\n<meta name=\"author\" content=\"J\u00e9r\u00f4me ANDR\u00c9\" \/>\n<meta name=\"twitter:card\" content=\"summary_large_image\" \/>\n<meta name=\"twitter:creator\" content=\"@ifnorvege\" \/>\n<meta name=\"twitter:site\" content=\"@ifnorvege\" \/>\n<meta name=\"twitter:label1\" content=\"Skrevet av\" \/>\n\t<meta name=\"twitter:data1\" content=\"J\u00e9r\u00f4me ANDR\u00c9\" \/>\n\t<meta name=\"twitter:label2\" content=\"Ansl. lesetid\" \/>\n\t<meta name=\"twitter:data2\" content=\"5 minutter\" \/>\n<script type=\"application\/ld+json\" class=\"yoast-schema-graph\">{\"@context\":\"https:\/\/schema.org\",\"@graph\":[{\"@type\":\"Article\",\"@id\":\"https:\/\/www.france.no\/no\/2023\/utdanning-og-fransk-sprak\/inscriptions-seminaire-annuel-des-professeurs-de-francais-a-oslo-le-10-02-2023\/#article\",\"isPartOf\":{\"@id\":\"https:\/\/www.france.no\/no\/2023\/utdanning-og-fransk-sprak\/inscriptions-seminaire-annuel-des-professeurs-de-francais-a-oslo-le-10-02-2023\/\"},\"author\":{\"name\":\"J\u00e9r\u00f4me ANDR\u00c9\",\"@id\":\"https:\/\/www.france.no\/no\/#\/schema\/person\/f2f0bb750bdf17f16994d30050414406\"},\"headline\":\"Inscriptions s\u00e9minaire annuel des professeurs de Francais \u00e0 Oslo le 10\/02\/2023\",\"datePublished\":\"2023-01-25T09:13:01+00:00\",\"dateModified\":\"2023-02-18T10:36:00+00:00\",\"mainEntityOfPage\":{\"@id\":\"https:\/\/www.france.no\/no\/2023\/utdanning-og-fransk-sprak\/inscriptions-seminaire-annuel-des-professeurs-de-francais-a-oslo-le-10-02-2023\/\"},\"wordCount\":898,\"publisher\":{\"@id\":\"https:\/\/www.france.no\/no\/#organization\"},\"image\":{\"@id\":\"https:\/\/www.france.no\/no\/2023\/utdanning-og-fransk-sprak\/inscriptions-seminaire-annuel-des-professeurs-de-francais-a-oslo-le-10-02-2023\/#primaryimage\"},\"thumbnailUrl\":\"https:\/\/www.france.no\/wp-content\/uploads\/2022\/12\/formation-professeur-de-francais-1098x617-1.jpg\",\"articleSection\":[\"Utdannelse og Fransk spr\u00e5ksamarbeid\"],\"inLanguage\":\"nb-NO\"},{\"@type\":\"WebPage\",\"@id\":\"https:\/\/www.france.no\/no\/2023\/utdanning-og-fransk-sprak\/inscriptions-seminaire-annuel-des-professeurs-de-francais-a-oslo-le-10-02-2023\/\",\"url\":\"https:\/\/www.france.no\/no\/2023\/utdanning-og-fransk-sprak\/inscriptions-seminaire-annuel-des-professeurs-de-francais-a-oslo-le-10-02-2023\/\",\"name\":\"Inscriptions s\u00e9minaire annuel des professeurs de Francais \u00e0 Oslo le 10\/02\/2023 - Institut fran\u00e7ais\",\"isPartOf\":{\"@id\":\"https:\/\/www.france.no\/no\/#website\"},\"primaryImageOfPage\":{\"@id\":\"https:\/\/www.france.no\/no\/2023\/utdanning-og-fransk-sprak\/inscriptions-seminaire-annuel-des-professeurs-de-francais-a-oslo-le-10-02-2023\/#primaryimage\"},\"image\":{\"@id\":\"https:\/\/www.france.no\/no\/2023\/utdanning-og-fransk-sprak\/inscriptions-seminaire-annuel-des-professeurs-de-francais-a-oslo-le-10-02-2023\/#primaryimage\"},\"thumbnailUrl\":\"https:\/\/www.france.no\/wp-content\/uploads\/2022\/12\/formation-professeur-de-francais-1098x617-1.jpg\",\"datePublished\":\"2023-01-25T09:13:01+00:00\",\"dateModified\":\"2023-02-18T10:36:00+00:00\",\"breadcrumb\":{\"@id\":\"https:\/\/www.france.no\/no\/2023\/utdanning-og-fransk-sprak\/inscriptions-seminaire-annuel-des-professeurs-de-francais-a-oslo-le-10-02-2023\/#breadcrumb\"},\"inLanguage\":\"nb-NO\",\"potentialAction\":[{\"@type\":\"ReadAction\",\"target\":[\"https:\/\/www.france.no\/no\/2023\/utdanning-og-fransk-sprak\/inscriptions-seminaire-annuel-des-professeurs-de-francais-a-oslo-le-10-02-2023\/\"]}]},{\"@type\":\"ImageObject\",\"inLanguage\":\"nb-NO\",\"@id\":\"https:\/\/www.france.no\/no\/2023\/utdanning-og-fransk-sprak\/inscriptions-seminaire-annuel-des-professeurs-de-francais-a-oslo-le-10-02-2023\/#primaryimage\",\"url\":\"https:\/\/www.france.no\/wp-content\/uploads\/2022\/12\/formation-professeur-de-francais-1098x617-1.jpg\",\"contentUrl\":\"https:\/\/www.france.no\/wp-content\/uploads\/2022\/12\/formation-professeur-de-francais-1098x617-1.jpg\",\"width\":1098,\"height\":617},{\"@type\":\"BreadcrumbList\",\"@id\":\"https:\/\/www.france.no\/no\/2023\/utdanning-og-fransk-sprak\/inscriptions-seminaire-annuel-des-professeurs-de-francais-a-oslo-le-10-02-2023\/#breadcrumb\",\"itemListElement\":[{\"@type\":\"ListItem\",\"position\":1,\"name\":\"\",\"item\":\"https:\/\/www.france.no\/no\/\"},{\"@type\":\"ListItem\",\"position\":2,\"name\":\"Utdannelse og Fransk spr\u00e5ksamarbeid\",\"item\":\"https:\/\/www.france.no\/no\/category\/utdanning-og-fransk-sprak\/\"},{\"@type\":\"ListItem\",\"position\":3,\"name\":\"Inscriptions s\u00e9minaire annuel des professeurs de Francais \u00e0 Oslo le 10\/02\/2023\"}]},{\"@type\":\"WebSite\",\"@id\":\"https:\/\/www.france.no\/no\/#website\",\"url\":\"https:\/\/www.france.no\/no\/\",\"name\":\"Institut fran\u00e7ais\",\"description\":\"Norv\u00e8ge\",\"publisher\":{\"@id\":\"https:\/\/www.france.no\/no\/#organization\"},\"potentialAction\":[{\"@type\":\"SearchAction\",\"target\":{\"@type\":\"EntryPoint\",\"urlTemplate\":\"https:\/\/www.france.no\/no\/?s={search_term_string}\"},\"query-input\":{\"@type\":\"PropertyValueSpecification\",\"valueRequired\":true,\"valueName\":\"search_term_string\"}}],\"inLanguage\":\"nb-NO\"},{\"@type\":\"Organization\",\"@id\":\"https:\/\/www.france.no\/no\/#organization\",\"name\":\"Institut fran\u00e7ais\",\"url\":\"https:\/\/www.france.no\/no\/\",\"logo\":{\"@type\":\"ImageObject\",\"inLanguage\":\"nb-NO\",\"@id\":\"https:\/\/www.france.no\/no\/#\/schema\/logo\/image\/\",\"url\":\"https:\/\/www.france.no\/wp-content\/uploads\/2022\/11\/IF_Logo_Sans_Bleu_RVB.png\",\"contentUrl\":\"https:\/\/www.france.no\/wp-content\/uploads\/2022\/11\/IF_Logo_Sans_Bleu_RVB.png\",\"width\":852,\"height\":591,\"caption\":\"Institut fran\u00e7ais\"},\"image\":{\"@id\":\"https:\/\/www.france.no\/no\/#\/schema\/logo\/image\/\"},\"sameAs\":[\"https:\/\/www.facebook.com\/institutfrancaisoslo\",\"https:\/\/x.com\/ifnorvege\",\"https:\/\/instagram.com\/ifnorvege\"]},{\"@type\":\"Person\",\"@id\":\"https:\/\/www.france.no\/no\/#\/schema\/person\/f2f0bb750bdf17f16994d30050414406\",\"name\":\"J\u00e9r\u00f4me ANDR\u00c9\",\"image\":{\"@type\":\"ImageObject\",\"inLanguage\":\"nb-NO\",\"@id\":\"https:\/\/www.france.no\/no\/#\/schema\/person\/image\/\",\"url\":\"https:\/\/secure.gravatar.com\/avatar\/ada66540f8b03061c12e46d80aa587607c5364b2eccc62216d08deaf8efc595d?s=96&d=mm&r=g\",\"contentUrl\":\"https:\/\/secure.gravatar.com\/avatar\/ada66540f8b03061c12e46d80aa587607c5364b2eccc62216d08deaf8efc595d?s=96&d=mm&r=g\",\"caption\":\"J\u00e9r\u00f4me ANDR\u00c9\"},\"url\":\"https:\/\/www.france.no\/no\/author\/jerome\/\"}]}<\/script>\n<!-- \/ Yoast SEO plugin. -->","yoast_head_json":{"title":"Inscriptions s\u00e9minaire annuel des professeurs de Francais \u00e0 Oslo le 10\/02\/2023 - Institut fran\u00e7ais","robots":{"index":"index","follow":"follow","max-snippet":"max-snippet:-1","max-image-preview":"max-image-preview:large","max-video-preview":"max-video-preview:-1"},"canonical":"https:\/\/www.france.no\/no\/2023\/utdanning-og-fransk-sprak\/inscriptions-seminaire-annuel-des-professeurs-de-francais-a-oslo-le-10-02-2023\/","og_locale":"nb_NO","og_type":"article","og_title":"Inscriptions s\u00e9minaire annuel des professeurs de Francais \u00e0 Oslo le 10\/02\/2023 - Institut fran\u00e7ais","og_description":"Venez nombreuses et nombreux \u00e0 notre s\u00e9minaire pour les professeurs de fran\u00e7ais qui aura lieu \u00e0 Oslo, dans les locaux de l\u2019Institut fran\u00e7ais de Norv\u00e8ge, le 10 f\u00e9vrier 2023. Pour vous inscrire, merci de choisir un atelier par tranche horaire dans le programme ci dessous et envoyez votre choix \u00e0 cpetillon@france.no Programme de la journ\u00e9e [&hellip;]","og_url":"https:\/\/www.france.no\/no\/2023\/utdanning-og-fransk-sprak\/inscriptions-seminaire-annuel-des-professeurs-de-francais-a-oslo-le-10-02-2023\/","og_site_name":"Institut fran\u00e7ais","article_publisher":"https:\/\/www.facebook.com\/institutfrancaisoslo","article_published_time":"2023-01-25T09:13:01+00:00","article_modified_time":"2023-02-18T10:36:00+00:00","og_image":[{"width":1098,"height":617,"url":"https:\/\/www.france.no\/wp-content\/uploads\/2022\/12\/formation-professeur-de-francais-1098x617-1.jpg","type":"image\/jpeg"}],"author":"J\u00e9r\u00f4me ANDR\u00c9","twitter_card":"summary_large_image","twitter_creator":"@ifnorvege","twitter_site":"@ifnorvege","twitter_misc":{"Skrevet av":"J\u00e9r\u00f4me ANDR\u00c9","Ansl. lesetid":"5 minutter"},"schema":{"@context":"https:\/\/schema.org","@graph":[{"@type":"Article","@id":"https:\/\/www.france.no\/no\/2023\/utdanning-og-fransk-sprak\/inscriptions-seminaire-annuel-des-professeurs-de-francais-a-oslo-le-10-02-2023\/#article","isPartOf":{"@id":"https:\/\/www.france.no\/no\/2023\/utdanning-og-fransk-sprak\/inscriptions-seminaire-annuel-des-professeurs-de-francais-a-oslo-le-10-02-2023\/"},"author":{"name":"J\u00e9r\u00f4me ANDR\u00c9","@id":"https:\/\/www.france.no\/no\/#\/schema\/person\/f2f0bb750bdf17f16994d30050414406"},"headline":"Inscriptions s\u00e9minaire annuel des professeurs de Francais \u00e0 Oslo le 10\/02\/2023","datePublished":"2023-01-25T09:13:01+00:00","dateModified":"2023-02-18T10:36:00+00:00","mainEntityOfPage":{"@id":"https:\/\/www.france.no\/no\/2023\/utdanning-og-fransk-sprak\/inscriptions-seminaire-annuel-des-professeurs-de-francais-a-oslo-le-10-02-2023\/"},"wordCount":898,"publisher":{"@id":"https:\/\/www.france.no\/no\/#organization"},"image":{"@id":"https:\/\/www.france.no\/no\/2023\/utdanning-og-fransk-sprak\/inscriptions-seminaire-annuel-des-professeurs-de-francais-a-oslo-le-10-02-2023\/#primaryimage"},"thumbnailUrl":"https:\/\/www.france.no\/wp-content\/uploads\/2022\/12\/formation-professeur-de-francais-1098x617-1.jpg","articleSection":["Utdannelse og Fransk spr\u00e5ksamarbeid"],"inLanguage":"nb-NO"},{"@type":"WebPage","@id":"https:\/\/www.france.no\/no\/2023\/utdanning-og-fransk-sprak\/inscriptions-seminaire-annuel-des-professeurs-de-francais-a-oslo-le-10-02-2023\/","url":"https:\/\/www.france.no\/no\/2023\/utdanning-og-fransk-sprak\/inscriptions-seminaire-annuel-des-professeurs-de-francais-a-oslo-le-10-02-2023\/","name":"Inscriptions s\u00e9minaire annuel des professeurs de Francais \u00e0 Oslo le 10\/02\/2023 - Institut fran\u00e7ais","isPartOf":{"@id":"https:\/\/www.france.no\/no\/#website"},"primaryImageOfPage":{"@id":"https:\/\/www.france.no\/no\/2023\/utdanning-og-fransk-sprak\/inscriptions-seminaire-annuel-des-professeurs-de-francais-a-oslo-le-10-02-2023\/#primaryimage"},"image":{"@id":"https:\/\/www.france.no\/no\/2023\/utdanning-og-fransk-sprak\/inscriptions-seminaire-annuel-des-professeurs-de-francais-a-oslo-le-10-02-2023\/#primaryimage"},"thumbnailUrl":"https:\/\/www.france.no\/wp-content\/uploads\/2022\/12\/formation-professeur-de-francais-1098x617-1.jpg","datePublished":"2023-01-25T09:13:01+00:00","dateModified":"2023-02-18T10:36:00+00:00","breadcrumb":{"@id":"https:\/\/www.france.no\/no\/2023\/utdanning-og-fransk-sprak\/inscriptions-seminaire-annuel-des-professeurs-de-francais-a-oslo-le-10-02-2023\/#breadcrumb"},"inLanguage":"nb-NO","potentialAction":[{"@type":"ReadAction","target":["https:\/\/www.france.no\/no\/2023\/utdanning-og-fransk-sprak\/inscriptions-seminaire-annuel-des-professeurs-de-francais-a-oslo-le-10-02-2023\/"]}]},{"@type":"ImageObject","inLanguage":"nb-NO","@id":"https:\/\/www.france.no\/no\/2023\/utdanning-og-fransk-sprak\/inscriptions-seminaire-annuel-des-professeurs-de-francais-a-oslo-le-10-02-2023\/#primaryimage","url":"https:\/\/www.france.no\/wp-content\/uploads\/2022\/12\/formation-professeur-de-francais-1098x617-1.jpg","contentUrl":"https:\/\/www.france.no\/wp-content\/uploads\/2022\/12\/formation-professeur-de-francais-1098x617-1.jpg","width":1098,"height":617},{"@type":"BreadcrumbList","@id":"https:\/\/www.france.no\/no\/2023\/utdanning-og-fransk-sprak\/inscriptions-seminaire-annuel-des-professeurs-de-francais-a-oslo-le-10-02-2023\/#breadcrumb","itemListElement":[{"@type":"ListItem","position":1,"name":"","item":"https:\/\/www.france.no\/no\/"},{"@type":"ListItem","position":2,"name":"Utdannelse og Fransk spr\u00e5ksamarbeid","item":"https:\/\/www.france.no\/no\/category\/utdanning-og-fransk-sprak\/"},{"@type":"ListItem","position":3,"name":"Inscriptions s\u00e9minaire annuel des professeurs de Francais \u00e0 Oslo le 10\/02\/2023"}]},{"@type":"WebSite","@id":"https:\/\/www.france.no\/no\/#website","url":"https:\/\/www.france.no\/no\/","name":"Institut fran\u00e7ais","description":"Norv\u00e8ge","publisher":{"@id":"https:\/\/www.france.no\/no\/#organization"},"potentialAction":[{"@type":"SearchAction","target":{"@type":"EntryPoint","urlTemplate":"https:\/\/www.france.no\/no\/?s={search_term_string}"},"query-input":{"@type":"PropertyValueSpecification","valueRequired":true,"valueName":"search_term_string"}}],"inLanguage":"nb-NO"},{"@type":"Organization","@id":"https:\/\/www.france.no\/no\/#organization","name":"Institut fran\u00e7ais","url":"https:\/\/www.france.no\/no\/","logo":{"@type":"ImageObject","inLanguage":"nb-NO","@id":"https:\/\/www.france.no\/no\/#\/schema\/logo\/image\/","url":"https:\/\/www.france.no\/wp-content\/uploads\/2022\/11\/IF_Logo_Sans_Bleu_RVB.png","contentUrl":"https:\/\/www.france.no\/wp-content\/uploads\/2022\/11\/IF_Logo_Sans_Bleu_RVB.png","width":852,"height":591,"caption":"Institut fran\u00e7ais"},"image":{"@id":"https:\/\/www.france.no\/no\/#\/schema\/logo\/image\/"},"sameAs":["https:\/\/www.facebook.com\/institutfrancaisoslo","https:\/\/x.com\/ifnorvege","https:\/\/instagram.com\/ifnorvege"]},{"@type":"Person","@id":"https:\/\/www.france.no\/no\/#\/schema\/person\/f2f0bb750bdf17f16994d30050414406","name":"J\u00e9r\u00f4me ANDR\u00c9","image":{"@type":"ImageObject","inLanguage":"nb-NO","@id":"https:\/\/www.france.no\/no\/#\/schema\/person\/image\/","url":"https:\/\/secure.gravatar.com\/avatar\/ada66540f8b03061c12e46d80aa587607c5364b2eccc62216d08deaf8efc595d?s=96&d=mm&r=g","contentUrl":"https:\/\/secure.gravatar.com\/avatar\/ada66540f8b03061c12e46d80aa587607c5364b2eccc62216d08deaf8efc595d?s=96&d=mm&r=g","caption":"J\u00e9r\u00f4me ANDR\u00c9"},"url":"https:\/\/www.france.no\/no\/author\/jerome\/"}]}},"_links":{"self":[{"href":"https:\/\/www.france.no\/no\/wp-json\/wp\/v2\/posts\/3383","targetHints":{"allow":["GET"]}}],"collection":[{"href":"https:\/\/www.france.no\/no\/wp-json\/wp\/v2\/posts"}],"about":[{"href":"https:\/\/www.france.no\/no\/wp-json\/wp\/v2\/types\/post"}],"author":[{"embeddable":true,"href":"https:\/\/www.france.no\/no\/wp-json\/wp\/v2\/users\/9"}],"replies":[{"embeddable":true,"href":"https:\/\/www.france.no\/no\/wp-json\/wp\/v2\/comments?post=3383"}],"version-history":[{"count":4,"href":"https:\/\/www.france.no\/no\/wp-json\/wp\/v2\/posts\/3383\/revisions"}],"predecessor-version":[{"id":3627,"href":"https:\/\/www.france.no\/no\/wp-json\/wp\/v2\/posts\/3383\/revisions\/3627"}],"wp:featuredmedia":[{"embeddable":true,"href":"https:\/\/www.france.no\/no\/wp-json\/wp\/v2\/media\/2974"}],"wp:attachment":[{"href":"https:\/\/www.france.no\/no\/wp-json\/wp\/v2\/media?parent=3383"}],"wp:term":[{"taxonomy":"category","embeddable":true,"href":"https:\/\/www.france.no\/no\/wp-json\/wp\/v2\/categories?post=3383"},{"taxonomy":"post_tag","embeddable":true,"href":"https:\/\/www.france.no\/no\/wp-json\/wp\/v2\/tags?post=3383"}],"curies":[{"name":"wp","href":"https:\/\/api.w.org\/{rel}","templated":true}]}}