{"id":3595,"date":"2024-01-31T15:59:07","date_gmt":"2024-01-31T14:59:07","guid":{"rendered":"https:\/\/www.france.no\/?p=3595"},"modified":"2024-04-17T09:58:18","modified_gmt":"2024-04-17T07:58:18","slug":"appel-a-candidatures-assistants-de-fle-en-norvege","status":"publish","type":"post","link":"https:\/\/www.france.no\/no\/2024\/utdanning-og-fransk-sprak\/appel-a-candidatures-assistants-de-fle-en-norvege\/","title":{"rendered":"Appel \u00e0 candidatures : assistants de FLE en Norv\u00e8ge"},"content":{"rendered":"\n<p>Conditions g\u00e9n\u00e9rales\u00a0:<br>Seules sont recevables les candidatures d\u2019\u00e9tudiants :<br>&#8211; ayant effectu\u00e9 leur scolarit\u00e9 secondaire (coll\u00e8ge et lyc\u00e9e) dans un \u00e9tablissement  fran\u00e7ais, en France ou \u00e0 l\u2019\u00e9tranger<br>&#8211; \u00e2g\u00e9s de 20 \u00e0 30 ans au 31\/12\/2024<br>&#8211; ayant des comp\u00e9tences en langue anglaise (niveau B2 du CECRL)<\/p>\n\n\n\n<p>Une premi\u00e8re exp\u00e9rience professionnelle dans l\u2019enseignement du FLE sera un atout.<br><strong>Au moment du d\u00e9p\u00f4t du dossier, avoir valid\u00e9 au minimum un M1 de FLE. <\/strong><strong>&nbsp;<\/strong><\/p>\n\n\n\n<p>Ville et \u00e9tablissement d\u2019affectation&nbsp;: &nbsp;<br>Tout le territoire norv\u00e9gien<\/p>\n\n\n\n<p>Dates du contrat :<br>Du 1er septembre 2024 au 31 mai 2025 (9 mois)<\/p>\n\n\n\n<p>Temps de travail :<br>12 heures d\u2019enseignement tutor\u00e9 par semaine + activit\u00e9s culturelles et de coop\u00e9ration \u00e9ducative<\/p>\n\n\n\n<p>Bourse mensuelle :<br>15\u00a0000 Nok<\/p>\n\n\n\n<p>Aide \u00e0 l\u2019installation&nbsp;:<br><strong>Une aide forfaitaire couvrant les frais de voyage aller-retour et l\u2019installation en Norv\u00e8ge est vers\u00e9e par l\u2019Institut fran\u00e7ais en Norv\u00e8ge.<\/strong> &nbsp;&nbsp;&nbsp;&nbsp;&nbsp;&nbsp;&nbsp;&nbsp;&nbsp;&nbsp;&nbsp;<br>Les co\u00fbts d\u2019assurance maladie sont \u00e0 la charge de l\u2019assistant.<\/p>\n\n\n\n<p><strong>Date limite de candidature : 15 avril 2024<br><\/strong>Envoyer CV et lettre de motivation sous format \u00e9lectronique (en pdf) \u00e0 Catherine P\u00e9tillon : <a href=\"mailto:cpetillon@france.no\">cpetillon@france.no<\/a> <\/p>\n\n\n\n<p>Plus d&#8217;infos sur notre page <a href=\"https:\/\/www.france.no\/education-et-langue-francaise\/cooperation-educative\/assistants-de-langue-francais-et-norvegien\/assistants-de-francais\/\">assistant de francais en Norv\u00e8ge<\/a><\/p>\n","protected":false},"excerpt":{"rendered":"<p>Conditions g\u00e9n\u00e9rales\u00a0:Seules sont recevables les candidatures d\u2019\u00e9tudiants :&#8211; ayant effectu\u00e9 leur scolarit\u00e9 secondaire (coll\u00e8ge et lyc\u00e9e) dans un \u00e9tablissement fran\u00e7ais, en France ou \u00e0 l\u2019\u00e9tranger&#8211; \u00e2g\u00e9s de 20 \u00e0 30 ans au 31\/12\/2024&#8211; ayant des comp\u00e9tences en langue anglaise (niveau B2 du CECRL) Une premi\u00e8re exp\u00e9rience professionnelle dans l\u2019enseignement du FLE sera un atout.Au moment [&hellip;]<\/p>\n","protected":false},"author":9,"featured_media":3516,"comment_status":"closed","ping_status":"closed","sticky":false,"template":"","format":"standard","meta":{"footnotes":""},"categories":[13],"tags":[],"class_list":["post-3595","post","type-post","status-publish","format-standard","has-post-thumbnail","hentry","category-utdanning-og-fransk-sprak"],"yoast_head":"<!-- This site is optimized with the Yoast SEO plugin v24.2 - https:\/\/yoast.com\/wordpress\/plugins\/seo\/ -->\n<title>Appel \u00e0 candidatures : assistants de FLE en Norv\u00e8ge - Institut fran\u00e7ais<\/title>\n<meta name=\"robots\" content=\"index, follow, max-snippet:-1, max-image-preview:large, max-video-preview:-1\" \/>\n<link rel=\"canonical\" href=\"https:\/\/www.france.no\/no\/2024\/utdanning-og-fransk-sprak\/appel-a-candidatures-assistants-de-fle-en-norvege\/\" \/>\n<meta property=\"og:locale\" content=\"nb_NO\" \/>\n<meta property=\"og:type\" content=\"article\" \/>\n<meta property=\"og:title\" content=\"Appel \u00e0 candidatures : assistants de FLE en Norv\u00e8ge - Institut fran\u00e7ais\" \/>\n<meta property=\"og:description\" content=\"Conditions g\u00e9n\u00e9rales\u00a0:Seules sont recevables les candidatures d\u2019\u00e9tudiants :&#8211; ayant effectu\u00e9 leur scolarit\u00e9 secondaire (coll\u00e8ge et lyc\u00e9e) dans un \u00e9tablissement fran\u00e7ais, en France ou \u00e0 l\u2019\u00e9tranger&#8211; \u00e2g\u00e9s de 20 \u00e0 30 ans au 31\/12\/2024&#8211; ayant des comp\u00e9tences en langue anglaise (niveau B2 du CECRL) Une premi\u00e8re exp\u00e9rience professionnelle dans l\u2019enseignement du FLE sera un atout.Au moment [&hellip;]\" \/>\n<meta property=\"og:url\" content=\"https:\/\/www.france.no\/no\/2024\/utdanning-og-fransk-sprak\/appel-a-candidatures-assistants-de-fle-en-norvege\/\" \/>\n<meta property=\"og:site_name\" content=\"Institut fran\u00e7ais\" \/>\n<meta property=\"article:publisher\" content=\"https:\/\/www.facebook.com\/institutfrancaisoslo\" \/>\n<meta property=\"article:published_time\" content=\"2024-01-31T14:59:07+00:00\" \/>\n<meta property=\"article:modified_time\" content=\"2024-04-17T07:58:18+00:00\" \/>\n<meta property=\"og:image\" content=\"https:\/\/www.france.no\/wp-content\/uploads\/2023\/01\/image-oslofjord-FLE-1098x617.jpg\" \/>\n\t<meta property=\"og:image:width\" content=\"2016\" \/>\n\t<meta property=\"og:image:height\" content=\"1512\" \/>\n\t<meta property=\"og:image:type\" content=\"image\/jpeg\" \/>\n<meta name=\"author\" content=\"J\u00e9r\u00f4me ANDR\u00c9\" \/>\n<meta name=\"twitter:card\" content=\"summary_large_image\" \/>\n<meta name=\"twitter:creator\" content=\"@ifnorvege\" \/>\n<meta name=\"twitter:site\" content=\"@ifnorvege\" \/>\n<meta name=\"twitter:label1\" content=\"Skrevet av\" \/>\n\t<meta name=\"twitter:data1\" content=\"J\u00e9r\u00f4me ANDR\u00c9\" \/>\n\t<meta name=\"twitter:label2\" content=\"Ansl. lesetid\" \/>\n\t<meta name=\"twitter:data2\" content=\"2 minutter\" \/>\n<script type=\"application\/ld+json\" class=\"yoast-schema-graph\">{\"@context\":\"https:\/\/schema.org\",\"@graph\":[{\"@type\":\"Article\",\"@id\":\"https:\/\/www.france.no\/no\/2024\/utdanning-og-fransk-sprak\/appel-a-candidatures-assistants-de-fle-en-norvege\/#article\",\"isPartOf\":{\"@id\":\"https:\/\/www.france.no\/no\/2024\/utdanning-og-fransk-sprak\/appel-a-candidatures-assistants-de-fle-en-norvege\/\"},\"author\":{\"name\":\"J\u00e9r\u00f4me ANDR\u00c9\",\"@id\":\"https:\/\/www.france.no\/no\/#\/schema\/person\/f2f0bb750bdf17f16994d30050414406\"},\"headline\":\"Appel \u00e0 candidatures : assistants de FLE en Norv\u00e8ge\",\"datePublished\":\"2024-01-31T14:59:07+00:00\",\"dateModified\":\"2024-04-17T07:58:18+00:00\",\"mainEntityOfPage\":{\"@id\":\"https:\/\/www.france.no\/no\/2024\/utdanning-og-fransk-sprak\/appel-a-candidatures-assistants-de-fle-en-norvege\/\"},\"wordCount\":216,\"publisher\":{\"@id\":\"https:\/\/www.france.no\/no\/#organization\"},\"image\":{\"@id\":\"https:\/\/www.france.no\/no\/2024\/utdanning-og-fransk-sprak\/appel-a-candidatures-assistants-de-fle-en-norvege\/#primaryimage\"},\"thumbnailUrl\":\"https:\/\/www.france.no\/wp-content\/uploads\/2023\/01\/image-oslofjord-FLE-1098x617.jpg\",\"articleSection\":[\"Utdannelse og Fransk spr\u00e5ksamarbeid\"],\"inLanguage\":\"nb-NO\"},{\"@type\":\"WebPage\",\"@id\":\"https:\/\/www.france.no\/no\/2024\/utdanning-og-fransk-sprak\/appel-a-candidatures-assistants-de-fle-en-norvege\/\",\"url\":\"https:\/\/www.france.no\/no\/2024\/utdanning-og-fransk-sprak\/appel-a-candidatures-assistants-de-fle-en-norvege\/\",\"name\":\"Appel \u00e0 candidatures : assistants de FLE en Norv\u00e8ge - Institut fran\u00e7ais\",\"isPartOf\":{\"@id\":\"https:\/\/www.france.no\/no\/#website\"},\"primaryImageOfPage\":{\"@id\":\"https:\/\/www.france.no\/no\/2024\/utdanning-og-fransk-sprak\/appel-a-candidatures-assistants-de-fle-en-norvege\/#primaryimage\"},\"image\":{\"@id\":\"https:\/\/www.france.no\/no\/2024\/utdanning-og-fransk-sprak\/appel-a-candidatures-assistants-de-fle-en-norvege\/#primaryimage\"},\"thumbnailUrl\":\"https:\/\/www.france.no\/wp-content\/uploads\/2023\/01\/image-oslofjord-FLE-1098x617.jpg\",\"datePublished\":\"2024-01-31T14:59:07+00:00\",\"dateModified\":\"2024-04-17T07:58:18+00:00\",\"breadcrumb\":{\"@id\":\"https:\/\/www.france.no\/no\/2024\/utdanning-og-fransk-sprak\/appel-a-candidatures-assistants-de-fle-en-norvege\/#breadcrumb\"},\"inLanguage\":\"nb-NO\",\"potentialAction\":[{\"@type\":\"ReadAction\",\"target\":[\"https:\/\/www.france.no\/no\/2024\/utdanning-og-fransk-sprak\/appel-a-candidatures-assistants-de-fle-en-norvege\/\"]}]},{\"@type\":\"ImageObject\",\"inLanguage\":\"nb-NO\",\"@id\":\"https:\/\/www.france.no\/no\/2024\/utdanning-og-fransk-sprak\/appel-a-candidatures-assistants-de-fle-en-norvege\/#primaryimage\",\"url\":\"https:\/\/www.france.no\/wp-content\/uploads\/2023\/01\/image-oslofjord-FLE-1098x617.jpg\",\"contentUrl\":\"https:\/\/www.france.no\/wp-content\/uploads\/2023\/01\/image-oslofjord-FLE-1098x617.jpg\",\"width\":2016,\"height\":1512},{\"@type\":\"BreadcrumbList\",\"@id\":\"https:\/\/www.france.no\/no\/2024\/utdanning-og-fransk-sprak\/appel-a-candidatures-assistants-de-fle-en-norvege\/#breadcrumb\",\"itemListElement\":[{\"@type\":\"ListItem\",\"position\":1,\"name\":\"\",\"item\":\"https:\/\/www.france.no\/no\/\"},{\"@type\":\"ListItem\",\"position\":2,\"name\":\"Utdannelse og Fransk spr\u00e5ksamarbeid\",\"item\":\"https:\/\/www.france.no\/no\/category\/utdanning-og-fransk-sprak\/\"},{\"@type\":\"ListItem\",\"position\":3,\"name\":\"Appel \u00e0 candidatures : assistants de FLE en Norv\u00e8ge\"}]},{\"@type\":\"WebSite\",\"@id\":\"https:\/\/www.france.no\/no\/#website\",\"url\":\"https:\/\/www.france.no\/no\/\",\"name\":\"Institut fran\u00e7ais\",\"description\":\"Norv\u00e8ge\",\"publisher\":{\"@id\":\"https:\/\/www.france.no\/no\/#organization\"},\"potentialAction\":[{\"@type\":\"SearchAction\",\"target\":{\"@type\":\"EntryPoint\",\"urlTemplate\":\"https:\/\/www.france.no\/no\/?s={search_term_string}\"},\"query-input\":{\"@type\":\"PropertyValueSpecification\",\"valueRequired\":true,\"valueName\":\"search_term_string\"}}],\"inLanguage\":\"nb-NO\"},{\"@type\":\"Organization\",\"@id\":\"https:\/\/www.france.no\/no\/#organization\",\"name\":\"Institut fran\u00e7ais\",\"url\":\"https:\/\/www.france.no\/no\/\",\"logo\":{\"@type\":\"ImageObject\",\"inLanguage\":\"nb-NO\",\"@id\":\"https:\/\/www.france.no\/no\/#\/schema\/logo\/image\/\",\"url\":\"https:\/\/www.france.no\/wp-content\/uploads\/2022\/11\/IF_Logo_Sans_Bleu_RVB.png\",\"contentUrl\":\"https:\/\/www.france.no\/wp-content\/uploads\/2022\/11\/IF_Logo_Sans_Bleu_RVB.png\",\"width\":852,\"height\":591,\"caption\":\"Institut fran\u00e7ais\"},\"image\":{\"@id\":\"https:\/\/www.france.no\/no\/#\/schema\/logo\/image\/\"},\"sameAs\":[\"https:\/\/www.facebook.com\/institutfrancaisoslo\",\"https:\/\/x.com\/ifnorvege\",\"https:\/\/instagram.com\/ifnorvege\"]},{\"@type\":\"Person\",\"@id\":\"https:\/\/www.france.no\/no\/#\/schema\/person\/f2f0bb750bdf17f16994d30050414406\",\"name\":\"J\u00e9r\u00f4me ANDR\u00c9\",\"image\":{\"@type\":\"ImageObject\",\"inLanguage\":\"nb-NO\",\"@id\":\"https:\/\/www.france.no\/no\/#\/schema\/person\/image\/\",\"url\":\"https:\/\/secure.gravatar.com\/avatar\/ada66540f8b03061c12e46d80aa587607c5364b2eccc62216d08deaf8efc595d?s=96&d=mm&r=g\",\"contentUrl\":\"https:\/\/secure.gravatar.com\/avatar\/ada66540f8b03061c12e46d80aa587607c5364b2eccc62216d08deaf8efc595d?s=96&d=mm&r=g\",\"caption\":\"J\u00e9r\u00f4me ANDR\u00c9\"},\"url\":\"https:\/\/www.france.no\/no\/author\/jerome\/\"}]}<\/script>\n<!-- \/ Yoast SEO plugin. -->","yoast_head_json":{"title":"Appel \u00e0 candidatures : assistants de FLE en Norv\u00e8ge - Institut fran\u00e7ais","robots":{"index":"index","follow":"follow","max-snippet":"max-snippet:-1","max-image-preview":"max-image-preview:large","max-video-preview":"max-video-preview:-1"},"canonical":"https:\/\/www.france.no\/no\/2024\/utdanning-og-fransk-sprak\/appel-a-candidatures-assistants-de-fle-en-norvege\/","og_locale":"nb_NO","og_type":"article","og_title":"Appel \u00e0 candidatures : assistants de FLE en Norv\u00e8ge - Institut fran\u00e7ais","og_description":"Conditions g\u00e9n\u00e9rales\u00a0:Seules sont recevables les candidatures d\u2019\u00e9tudiants :&#8211; ayant effectu\u00e9 leur scolarit\u00e9 secondaire (coll\u00e8ge et lyc\u00e9e) dans un \u00e9tablissement fran\u00e7ais, en France ou \u00e0 l\u2019\u00e9tranger&#8211; \u00e2g\u00e9s de 20 \u00e0 30 ans au 31\/12\/2024&#8211; ayant des comp\u00e9tences en langue anglaise (niveau B2 du CECRL) Une premi\u00e8re exp\u00e9rience professionnelle dans l\u2019enseignement du FLE sera un atout.Au moment [&hellip;]","og_url":"https:\/\/www.france.no\/no\/2024\/utdanning-og-fransk-sprak\/appel-a-candidatures-assistants-de-fle-en-norvege\/","og_site_name":"Institut fran\u00e7ais","article_publisher":"https:\/\/www.facebook.com\/institutfrancaisoslo","article_published_time":"2024-01-31T14:59:07+00:00","article_modified_time":"2024-04-17T07:58:18+00:00","og_image":[{"width":2016,"height":1512,"url":"https:\/\/www.france.no\/wp-content\/uploads\/2023\/01\/image-oslofjord-FLE-1098x617.jpg","type":"image\/jpeg"}],"author":"J\u00e9r\u00f4me ANDR\u00c9","twitter_card":"summary_large_image","twitter_creator":"@ifnorvege","twitter_site":"@ifnorvege","twitter_misc":{"Skrevet av":"J\u00e9r\u00f4me ANDR\u00c9","Ansl. lesetid":"2 minutter"},"schema":{"@context":"https:\/\/schema.org","@graph":[{"@type":"Article","@id":"https:\/\/www.france.no\/no\/2024\/utdanning-og-fransk-sprak\/appel-a-candidatures-assistants-de-fle-en-norvege\/#article","isPartOf":{"@id":"https:\/\/www.france.no\/no\/2024\/utdanning-og-fransk-sprak\/appel-a-candidatures-assistants-de-fle-en-norvege\/"},"author":{"name":"J\u00e9r\u00f4me ANDR\u00c9","@id":"https:\/\/www.france.no\/no\/#\/schema\/person\/f2f0bb750bdf17f16994d30050414406"},"headline":"Appel \u00e0 candidatures : assistants de FLE en Norv\u00e8ge","datePublished":"2024-01-31T14:59:07+00:00","dateModified":"2024-04-17T07:58:18+00:00","mainEntityOfPage":{"@id":"https:\/\/www.france.no\/no\/2024\/utdanning-og-fransk-sprak\/appel-a-candidatures-assistants-de-fle-en-norvege\/"},"wordCount":216,"publisher":{"@id":"https:\/\/www.france.no\/no\/#organization"},"image":{"@id":"https:\/\/www.france.no\/no\/2024\/utdanning-og-fransk-sprak\/appel-a-candidatures-assistants-de-fle-en-norvege\/#primaryimage"},"thumbnailUrl":"https:\/\/www.france.no\/wp-content\/uploads\/2023\/01\/image-oslofjord-FLE-1098x617.jpg","articleSection":["Utdannelse og Fransk spr\u00e5ksamarbeid"],"inLanguage":"nb-NO"},{"@type":"WebPage","@id":"https:\/\/www.france.no\/no\/2024\/utdanning-og-fransk-sprak\/appel-a-candidatures-assistants-de-fle-en-norvege\/","url":"https:\/\/www.france.no\/no\/2024\/utdanning-og-fransk-sprak\/appel-a-candidatures-assistants-de-fle-en-norvege\/","name":"Appel \u00e0 candidatures : assistants de FLE en Norv\u00e8ge - Institut fran\u00e7ais","isPartOf":{"@id":"https:\/\/www.france.no\/no\/#website"},"primaryImageOfPage":{"@id":"https:\/\/www.france.no\/no\/2024\/utdanning-og-fransk-sprak\/appel-a-candidatures-assistants-de-fle-en-norvege\/#primaryimage"},"image":{"@id":"https:\/\/www.france.no\/no\/2024\/utdanning-og-fransk-sprak\/appel-a-candidatures-assistants-de-fle-en-norvege\/#primaryimage"},"thumbnailUrl":"https:\/\/www.france.no\/wp-content\/uploads\/2023\/01\/image-oslofjord-FLE-1098x617.jpg","datePublished":"2024-01-31T14:59:07+00:00","dateModified":"2024-04-17T07:58:18+00:00","breadcrumb":{"@id":"https:\/\/www.france.no\/no\/2024\/utdanning-og-fransk-sprak\/appel-a-candidatures-assistants-de-fle-en-norvege\/#breadcrumb"},"inLanguage":"nb-NO","potentialAction":[{"@type":"ReadAction","target":["https:\/\/www.france.no\/no\/2024\/utdanning-og-fransk-sprak\/appel-a-candidatures-assistants-de-fle-en-norvege\/"]}]},{"@type":"ImageObject","inLanguage":"nb-NO","@id":"https:\/\/www.france.no\/no\/2024\/utdanning-og-fransk-sprak\/appel-a-candidatures-assistants-de-fle-en-norvege\/#primaryimage","url":"https:\/\/www.france.no\/wp-content\/uploads\/2023\/01\/image-oslofjord-FLE-1098x617.jpg","contentUrl":"https:\/\/www.france.no\/wp-content\/uploads\/2023\/01\/image-oslofjord-FLE-1098x617.jpg","width":2016,"height":1512},{"@type":"BreadcrumbList","@id":"https:\/\/www.france.no\/no\/2024\/utdanning-og-fransk-sprak\/appel-a-candidatures-assistants-de-fle-en-norvege\/#breadcrumb","itemListElement":[{"@type":"ListItem","position":1,"name":"","item":"https:\/\/www.france.no\/no\/"},{"@type":"ListItem","position":2,"name":"Utdannelse og Fransk spr\u00e5ksamarbeid","item":"https:\/\/www.france.no\/no\/category\/utdanning-og-fransk-sprak\/"},{"@type":"ListItem","position":3,"name":"Appel \u00e0 candidatures : assistants de FLE en Norv\u00e8ge"}]},{"@type":"WebSite","@id":"https:\/\/www.france.no\/no\/#website","url":"https:\/\/www.france.no\/no\/","name":"Institut fran\u00e7ais","description":"Norv\u00e8ge","publisher":{"@id":"https:\/\/www.france.no\/no\/#organization"},"potentialAction":[{"@type":"SearchAction","target":{"@type":"EntryPoint","urlTemplate":"https:\/\/www.france.no\/no\/?s={search_term_string}"},"query-input":{"@type":"PropertyValueSpecification","valueRequired":true,"valueName":"search_term_string"}}],"inLanguage":"nb-NO"},{"@type":"Organization","@id":"https:\/\/www.france.no\/no\/#organization","name":"Institut fran\u00e7ais","url":"https:\/\/www.france.no\/no\/","logo":{"@type":"ImageObject","inLanguage":"nb-NO","@id":"https:\/\/www.france.no\/no\/#\/schema\/logo\/image\/","url":"https:\/\/www.france.no\/wp-content\/uploads\/2022\/11\/IF_Logo_Sans_Bleu_RVB.png","contentUrl":"https:\/\/www.france.no\/wp-content\/uploads\/2022\/11\/IF_Logo_Sans_Bleu_RVB.png","width":852,"height":591,"caption":"Institut fran\u00e7ais"},"image":{"@id":"https:\/\/www.france.no\/no\/#\/schema\/logo\/image\/"},"sameAs":["https:\/\/www.facebook.com\/institutfrancaisoslo","https:\/\/x.com\/ifnorvege","https:\/\/instagram.com\/ifnorvege"]},{"@type":"Person","@id":"https:\/\/www.france.no\/no\/#\/schema\/person\/f2f0bb750bdf17f16994d30050414406","name":"J\u00e9r\u00f4me ANDR\u00c9","image":{"@type":"ImageObject","inLanguage":"nb-NO","@id":"https:\/\/www.france.no\/no\/#\/schema\/person\/image\/","url":"https:\/\/secure.gravatar.com\/avatar\/ada66540f8b03061c12e46d80aa587607c5364b2eccc62216d08deaf8efc595d?s=96&d=mm&r=g","contentUrl":"https:\/\/secure.gravatar.com\/avatar\/ada66540f8b03061c12e46d80aa587607c5364b2eccc62216d08deaf8efc595d?s=96&d=mm&r=g","caption":"J\u00e9r\u00f4me ANDR\u00c9"},"url":"https:\/\/www.france.no\/no\/author\/jerome\/"}]}},"_links":{"self":[{"href":"https:\/\/www.france.no\/no\/wp-json\/wp\/v2\/posts\/3595","targetHints":{"allow":["GET"]}}],"collection":[{"href":"https:\/\/www.france.no\/no\/wp-json\/wp\/v2\/posts"}],"about":[{"href":"https:\/\/www.france.no\/no\/wp-json\/wp\/v2\/types\/post"}],"author":[{"embeddable":true,"href":"https:\/\/www.france.no\/no\/wp-json\/wp\/v2\/users\/9"}],"replies":[{"embeddable":true,"href":"https:\/\/www.france.no\/no\/wp-json\/wp\/v2\/comments?post=3595"}],"version-history":[{"count":2,"href":"https:\/\/www.france.no\/no\/wp-json\/wp\/v2\/posts\/3595\/revisions"}],"predecessor-version":[{"id":7462,"href":"https:\/\/www.france.no\/no\/wp-json\/wp\/v2\/posts\/3595\/revisions\/7462"}],"wp:featuredmedia":[{"embeddable":true,"href":"https:\/\/www.france.no\/no\/wp-json\/wp\/v2\/media\/3516"}],"wp:attachment":[{"href":"https:\/\/www.france.no\/no\/wp-json\/wp\/v2\/media?parent=3595"}],"wp:term":[{"taxonomy":"category","embeddable":true,"href":"https:\/\/www.france.no\/no\/wp-json\/wp\/v2\/categories?post=3595"},{"taxonomy":"post_tag","embeddable":true,"href":"https:\/\/www.france.no\/no\/wp-json\/wp\/v2\/tags?post=3595"}],"curies":[{"name":"wp","href":"https:\/\/api.w.org\/{rel}","templated":true}]}}