{"id":3835,"date":"2023-02-16T15:54:25","date_gmt":"2023-02-16T14:54:25","guid":{"rendered":"https:\/\/www.france.no\/?p=3835"},"modified":"2023-03-27T09:46:04","modified_gmt":"2023-03-27T07:46:04","slug":"frankofonifestivalen-2023","status":"publish","type":"post","link":"https:\/\/www.france.no\/no\/2023\/kultur\/frankofonifestivalen-2023\/","title":{"rendered":"Frankofonifestivalen 2023"},"content":{"rendered":"\n<p class=\"has-accent-color has-text-color\"><strong>Frankofonifestivalen er tilbake i Oslo 15. mars fra kl. 18.00 til 22.30 p\u00e5 Melahuset!<\/strong><\/p>\n\n\n\n<p>\u00c5rets program er n\u00e5 ute:<\/p>\n\n\n\n<p class=\"has-text-align-center\"><strong>Kl 19.00 til 20.00 \u2013 Kreolsk litteratur: et m\u00f8tepunkt<\/strong><\/p>\n\n\n\n<p>Tre forfattere; fra hver sin kant av verden m\u00f8tes i Oslo. De skriver fra landet der de ble f\u00f8dt, og selv om deres kulturer st\u00e5r langt fra hverandre, bringer det kreolske spr\u00e5ket dem sammen. Kreolsk, som har sitt opphav fra begynnelsen av kolonitiden, er et hybridspr\u00e5k. Kreolsk b\u00e6rer og overf\u00f8rer en fortid som er b\u00e5de smertefull og gledelig, samt en arv preget av oppr\u00f8r og standhaftighet.<\/p>\n\n\n\n<p><strong>Ari Gautier (India\/Madagaskar)<\/strong>, <strong>Priya Hein (Mauritius)<\/strong> og <strong>James No\u00ebl (Haiti)<\/strong> m\u00f8tes under Frankofonifestivalen for et litter\u00e6rt dypdykk i hverandres verk.<\/p>\n\n\n\n<p><strong><em>Ari Gautier<\/em><\/strong><em> er en fransk forfatter og dikter med indisk-madagassiske r\u00f8tter, f\u00f8dt i Antananarivo i 1965. Med m\u00e5l om \u00e5 gi Puducherry sin rettmessige plass p\u00e5 det franske litter\u00e6re kartet \u00f8nsker Ari Gautier \u00e5 gi \u00f8kt verdensomspennende synlighet til den indiske franskspr\u00e5klige litteraturen. <\/em><a href=\"https:\/\/www.lysbleueditions.com\/produit\/carnet-secret-de-lakshmi\/\" target=\"_blank\" rel=\"noreferrer noopener\">Carnet secret de Lakshmi<\/a><em> og <\/em><a href=\"https:\/\/www.lysbleueditions.com\/produit\/le-thinnai\/\" target=\"_blank\" rel=\"noreferrer noopener\">Le Thinnai<\/a><em> er hans to f\u00f8rste verk om hans barndomsbys historie. Hans siste utgivelse er <\/em><a href=\"https:\/\/www.editions-harmattan.fr\/livre-nocturne_pondichery_nouvelles_ari_gautier-9782343233055-70352.html\" target=\"_blank\" rel=\"noreferrer noopener\">Nocturne Pondich\u00e9ry<\/a><em>, en novellesamling om Puducherry i postkolonial tid. <\/em><\/p>\n\n\n\n<p><strong><em>Priya Hein<\/em><\/strong><em> est f\u00f8dt p\u00e5 Mauritius. Hun er forfatter av flere noveller og b\u00f8ker for unge. I 2017 ble hun nominert av Nasjonalbiblioteket p\u00e5 Mauritius til Astrid Lindgrens minnepris. Hun er ogs\u00e5 valgt ut som en av to lovende forfattere fra Mauritius til det internasjonale skriveprogrammet ved Univesitetet i Iowa (Women\u2019s Mentorship Pilot Project). For hennes f\u00f8rste roman <\/em><a href=\"https:\/\/editions-globe.com\/riambel\/\" target=\"_blank\" rel=\"noreferrer noopener\">Riambel<\/a><em> ble hun i 2021 tildelt Jean-Fanchette-prisen. Juryens formann var J.M.G Le Cl\u00e9zio, Nobelprisvinner i litteratur i 2008.<\/em><\/p>\n\n\n\n<p><em>Den reisevante dikteren og forfatteren av de n\u00e6re tingene <strong>James No\u00ebl<\/strong> er i dag ansett som en betydningsfull stemme i den haitiske litteraturen. Han er blant annet forfatteren av <\/em><a href=\"https:\/\/www.lechasseurabstrait.com\/chasseur\/spipe30b.html?page=ouvrages&amp;auteur=James%20NO%c3%8bL\" target=\"_blank\" rel=\"noreferrer noopener\">Po\u00e8mes \u00e0 double tranchant \/ Seul le baiser pour museli\u00e8re<\/a><em> og <\/em><a href=\"https:\/\/www.ventsdailleurs.com\/index.php\/les-livres\/poesie-pyromane\/item\/le-sang-visible-du-vitrier\" target=\"_blank\" rel=\"noreferrer noopener\">Le sang visible du vitrier<\/a><em>. Hans dikt er ogs\u00e5 publisert i flere antologier. I krysningspunktet mellom en engasjert hymne til kj\u00e6rligheten og et stormfullt sinne utfolder hans poesi seg som en \u00abmorderisk metafor\u00bb, slik han selv liker \u00e5 kalle det. Han skriver p\u00e5 kreolsk og fransk.<\/em><\/p>\n\n\n\n<p>M\u00f8tet blir moderert av <strong>Geir Uvsl\u00f8kk<\/strong> (UiO).<\/p>\n\n\n\n<p>Arrangementet vil foreg\u00e5 p\u00e5 fransk og blir samtidig oversatt til norsk av <strong>Christina Mediaas<\/strong>.<\/p>\n\n\n\n<p class=\"has-text-align-center\"><strong>Kl 21.00 til 22.30 \u2013 Konsert med Maya Kamaty<\/strong><\/p>\n\n\n\n<p><strong>Maya Kamaty<\/strong> er en sanger og l\u00e5tskriver fra den franske \u00f8ya R\u00e9union. Musikken hennes er en reise mellom tradisjon og modernitet. Gjennom denne utrykker hun sine kreolske r\u00f8tter.&nbsp;Med sin nye EP &laquo;Sovaz&raquo;&raquo; (&laquo;vill&raquo; p\u00e5 norsk), som hun definerer som &laquo;Kreol Urban pop&raquo;, synger Maya Kamaty om et dypt engagement som reflekterer et samfunn i oppr\u00f8r. Dette er ordene til en sterk og selvstendig kvinne.<\/p>\n\n\n\n<figure class=\"wp-block-embed is-type-video is-provider-youtube wp-block-embed-youtube wp-embed-aspect-16-9 wp-has-aspect-ratio\"><div class=\"wp-block-embed__wrapper\">\n<div class=\"rve\" data-content-width=\"580\"><iframe loading=\"lazy\" title=\"MAYA KAMATY - SOVAZ  (Solo Live Session)\" width=\"580\" height=\"326\" src=\"https:\/\/www.youtube.com\/embed\/6A1IHP4kAQY?feature=oembed\" frameborder=\"0\" allow=\"accelerometer; autoplay; clipboard-write; encrypted-media; gyroscope; picture-in-picture; web-share\" referrerpolicy=\"strict-origin-when-cross-origin\" allowfullscreen><\/iframe><\/div><!-- Responsive Video Embeds plugin by www.kevinleary.net -->\n<\/div><\/figure>\n\n\n\n<p><strong>Billettpris: 120 kr (fingermat og forfriskninger er inkludert i prisen).<\/strong><\/p>\n\n\n\n<p><strong>Kj\u00f8p av billetter:<\/strong><\/p>\n\n\n\n<script src=\"https:\/\/billetto.no\/embed.js\" data-identifier=\"frankofonifestivalen-2023-tickets-796660\" data-color=\"#3558a2\" data-locale=\"en\"><\/script>\n\n\n\n<p><br><strong>Facebook-arrangement:<\/strong> <a href=\"https:\/\/www.facebook.com\/events\/559081089508713\/\" target=\"_blank\" rel=\"noreferrer noopener\">https:\/\/www.facebook.com\/events\/559081089508713\/<\/a><\/p>\n","protected":false},"excerpt":{"rendered":"<p>Frankofonifestivalen er tilbake i Oslo 15. mars fra kl. 18.00 til 22.30 p\u00e5 Melahuset! \u00c5rets program er n\u00e5 ute: Kl 19.00 til 20.00 \u2013 Kreolsk litteratur: et m\u00f8tepunkt Tre forfattere; fra hver sin kant av verden m\u00f8tes i Oslo. De skriver fra landet der de ble f\u00f8dt, og selv om deres kulturer st\u00e5r langt fra [&hellip;]<\/p>\n","protected":false},"author":9,"featured_media":3832,"comment_status":"closed","ping_status":"open","sticky":false,"template":"","format":"standard","meta":{"footnotes":""},"categories":[5],"tags":[],"class_list":["post-3835","post","type-post","status-publish","format-standard","has-post-thumbnail","hentry","category-kultur"],"yoast_head":"<!-- This site is optimized with the Yoast SEO plugin v24.2 - https:\/\/yoast.com\/wordpress\/plugins\/seo\/ -->\n<title>Frankofonifestivalen 2023 - Institut fran\u00e7ais<\/title>\n<meta name=\"robots\" content=\"index, follow, max-snippet:-1, max-image-preview:large, max-video-preview:-1\" \/>\n<link rel=\"canonical\" href=\"https:\/\/www.france.no\/no\/2023\/kultur\/frankofonifestivalen-2023\/\" \/>\n<meta property=\"og:locale\" content=\"nb_NO\" \/>\n<meta property=\"og:type\" content=\"article\" \/>\n<meta property=\"og:title\" content=\"Frankofonifestivalen 2023 - Institut fran\u00e7ais\" \/>\n<meta property=\"og:description\" content=\"Frankofonifestivalen er tilbake i Oslo 15. mars fra kl. 18.00 til 22.30 p\u00e5 Melahuset! \u00c5rets program er n\u00e5 ute: Kl 19.00 til 20.00 \u2013 Kreolsk litteratur: et m\u00f8tepunkt Tre forfattere; fra hver sin kant av verden m\u00f8tes i Oslo. De skriver fra landet der de ble f\u00f8dt, og selv om deres kulturer st\u00e5r langt fra [&hellip;]\" \/>\n<meta property=\"og:url\" content=\"https:\/\/www.france.no\/no\/2023\/kultur\/frankofonifestivalen-2023\/\" \/>\n<meta property=\"og:site_name\" content=\"Institut fran\u00e7ais\" \/>\n<meta property=\"article:publisher\" content=\"https:\/\/www.facebook.com\/institutfrancaisoslo\" \/>\n<meta property=\"article:published_time\" content=\"2023-02-16T14:54:25+00:00\" \/>\n<meta property=\"article:modified_time\" content=\"2023-03-27T07:46:04+00:00\" \/>\n<meta property=\"og:image\" content=\"https:\/\/www.france.no\/wp-content\/uploads\/2023\/02\/Festival-de-la-Francophonie-NO.png\" \/>\n\t<meta property=\"og:image:width\" content=\"1\" \/>\n\t<meta property=\"og:image:height\" content=\"1\" \/>\n\t<meta property=\"og:image:type\" content=\"image\/png\" \/>\n<meta name=\"author\" content=\"J\u00e9r\u00f4me ANDR\u00c9\" \/>\n<meta name=\"twitter:card\" content=\"summary_large_image\" \/>\n<meta name=\"twitter:creator\" content=\"@ifnorvege\" \/>\n<meta name=\"twitter:site\" content=\"@ifnorvege\" \/>\n<meta name=\"twitter:label1\" content=\"Skrevet av\" \/>\n\t<meta name=\"twitter:data1\" content=\"J\u00e9r\u00f4me ANDR\u00c9\" \/>\n\t<meta name=\"twitter:label2\" content=\"Ansl. lesetid\" \/>\n\t<meta name=\"twitter:data2\" content=\"3 minutter\" \/>\n<script type=\"application\/ld+json\" class=\"yoast-schema-graph\">{\"@context\":\"https:\/\/schema.org\",\"@graph\":[{\"@type\":\"Article\",\"@id\":\"https:\/\/www.france.no\/no\/2023\/kultur\/frankofonifestivalen-2023\/#article\",\"isPartOf\":{\"@id\":\"https:\/\/www.france.no\/no\/2023\/kultur\/frankofonifestivalen-2023\/\"},\"author\":{\"name\":\"J\u00e9r\u00f4me ANDR\u00c9\",\"@id\":\"https:\/\/www.france.no\/no\/#\/schema\/person\/f2f0bb750bdf17f16994d30050414406\"},\"headline\":\"Frankofonifestivalen 2023\",\"datePublished\":\"2023-02-16T14:54:25+00:00\",\"dateModified\":\"2023-03-27T07:46:04+00:00\",\"mainEntityOfPage\":{\"@id\":\"https:\/\/www.france.no\/no\/2023\/kultur\/frankofonifestivalen-2023\/\"},\"wordCount\":494,\"publisher\":{\"@id\":\"https:\/\/www.france.no\/no\/#organization\"},\"image\":{\"@id\":\"https:\/\/www.france.no\/no\/2023\/kultur\/frankofonifestivalen-2023\/#primaryimage\"},\"thumbnailUrl\":\"https:\/\/www.france.no\/wp-content\/uploads\/2023\/02\/Festival-de-la-Francophonie-NO.png\",\"articleSection\":[\"Kultur\"],\"inLanguage\":\"nb-NO\"},{\"@type\":\"WebPage\",\"@id\":\"https:\/\/www.france.no\/no\/2023\/kultur\/frankofonifestivalen-2023\/\",\"url\":\"https:\/\/www.france.no\/no\/2023\/kultur\/frankofonifestivalen-2023\/\",\"name\":\"Frankofonifestivalen 2023 - Institut fran\u00e7ais\",\"isPartOf\":{\"@id\":\"https:\/\/www.france.no\/no\/#website\"},\"primaryImageOfPage\":{\"@id\":\"https:\/\/www.france.no\/no\/2023\/kultur\/frankofonifestivalen-2023\/#primaryimage\"},\"image\":{\"@id\":\"https:\/\/www.france.no\/no\/2023\/kultur\/frankofonifestivalen-2023\/#primaryimage\"},\"thumbnailUrl\":\"https:\/\/www.france.no\/wp-content\/uploads\/2023\/02\/Festival-de-la-Francophonie-NO.png\",\"datePublished\":\"2023-02-16T14:54:25+00:00\",\"dateModified\":\"2023-03-27T07:46:04+00:00\",\"breadcrumb\":{\"@id\":\"https:\/\/www.france.no\/no\/2023\/kultur\/frankofonifestivalen-2023\/#breadcrumb\"},\"inLanguage\":\"nb-NO\",\"potentialAction\":[{\"@type\":\"ReadAction\",\"target\":[\"https:\/\/www.france.no\/no\/2023\/kultur\/frankofonifestivalen-2023\/\"]}]},{\"@type\":\"ImageObject\",\"inLanguage\":\"nb-NO\",\"@id\":\"https:\/\/www.france.no\/no\/2023\/kultur\/frankofonifestivalen-2023\/#primaryimage\",\"url\":\"https:\/\/www.france.no\/wp-content\/uploads\/2023\/02\/Festival-de-la-Francophonie-NO.png\",\"contentUrl\":\"https:\/\/www.france.no\/wp-content\/uploads\/2023\/02\/Festival-de-la-Francophonie-NO.png\"},{\"@type\":\"BreadcrumbList\",\"@id\":\"https:\/\/www.france.no\/no\/2023\/kultur\/frankofonifestivalen-2023\/#breadcrumb\",\"itemListElement\":[{\"@type\":\"ListItem\",\"position\":1,\"name\":\"\",\"item\":\"https:\/\/www.france.no\/no\/\"},{\"@type\":\"ListItem\",\"position\":2,\"name\":\"Kultur\",\"item\":\"https:\/\/www.france.no\/no\/category\/kultur\/\"},{\"@type\":\"ListItem\",\"position\":3,\"name\":\"Frankofonifestivalen 2023\"}]},{\"@type\":\"WebSite\",\"@id\":\"https:\/\/www.france.no\/no\/#website\",\"url\":\"https:\/\/www.france.no\/no\/\",\"name\":\"Institut fran\u00e7ais\",\"description\":\"Norv\u00e8ge\",\"publisher\":{\"@id\":\"https:\/\/www.france.no\/no\/#organization\"},\"potentialAction\":[{\"@type\":\"SearchAction\",\"target\":{\"@type\":\"EntryPoint\",\"urlTemplate\":\"https:\/\/www.france.no\/no\/?s={search_term_string}\"},\"query-input\":{\"@type\":\"PropertyValueSpecification\",\"valueRequired\":true,\"valueName\":\"search_term_string\"}}],\"inLanguage\":\"nb-NO\"},{\"@type\":\"Organization\",\"@id\":\"https:\/\/www.france.no\/no\/#organization\",\"name\":\"Institut fran\u00e7ais\",\"url\":\"https:\/\/www.france.no\/no\/\",\"logo\":{\"@type\":\"ImageObject\",\"inLanguage\":\"nb-NO\",\"@id\":\"https:\/\/www.france.no\/no\/#\/schema\/logo\/image\/\",\"url\":\"https:\/\/www.france.no\/wp-content\/uploads\/2022\/11\/IF_Logo_Sans_Bleu_RVB.png\",\"contentUrl\":\"https:\/\/www.france.no\/wp-content\/uploads\/2022\/11\/IF_Logo_Sans_Bleu_RVB.png\",\"width\":852,\"height\":591,\"caption\":\"Institut fran\u00e7ais\"},\"image\":{\"@id\":\"https:\/\/www.france.no\/no\/#\/schema\/logo\/image\/\"},\"sameAs\":[\"https:\/\/www.facebook.com\/institutfrancaisoslo\",\"https:\/\/x.com\/ifnorvege\",\"https:\/\/instagram.com\/ifnorvege\"]},{\"@type\":\"Person\",\"@id\":\"https:\/\/www.france.no\/no\/#\/schema\/person\/f2f0bb750bdf17f16994d30050414406\",\"name\":\"J\u00e9r\u00f4me ANDR\u00c9\",\"image\":{\"@type\":\"ImageObject\",\"inLanguage\":\"nb-NO\",\"@id\":\"https:\/\/www.france.no\/no\/#\/schema\/person\/image\/\",\"url\":\"https:\/\/secure.gravatar.com\/avatar\/ada66540f8b03061c12e46d80aa587607c5364b2eccc62216d08deaf8efc595d?s=96&d=mm&r=g\",\"contentUrl\":\"https:\/\/secure.gravatar.com\/avatar\/ada66540f8b03061c12e46d80aa587607c5364b2eccc62216d08deaf8efc595d?s=96&d=mm&r=g\",\"caption\":\"J\u00e9r\u00f4me ANDR\u00c9\"},\"url\":\"https:\/\/www.france.no\/no\/author\/jerome\/\"}]}<\/script>\n<!-- \/ Yoast SEO plugin. -->","yoast_head_json":{"title":"Frankofonifestivalen 2023 - Institut fran\u00e7ais","robots":{"index":"index","follow":"follow","max-snippet":"max-snippet:-1","max-image-preview":"max-image-preview:large","max-video-preview":"max-video-preview:-1"},"canonical":"https:\/\/www.france.no\/no\/2023\/kultur\/frankofonifestivalen-2023\/","og_locale":"nb_NO","og_type":"article","og_title":"Frankofonifestivalen 2023 - Institut fran\u00e7ais","og_description":"Frankofonifestivalen er tilbake i Oslo 15. mars fra kl. 18.00 til 22.30 p\u00e5 Melahuset! \u00c5rets program er n\u00e5 ute: Kl 19.00 til 20.00 \u2013 Kreolsk litteratur: et m\u00f8tepunkt Tre forfattere; fra hver sin kant av verden m\u00f8tes i Oslo. De skriver fra landet der de ble f\u00f8dt, og selv om deres kulturer st\u00e5r langt fra [&hellip;]","og_url":"https:\/\/www.france.no\/no\/2023\/kultur\/frankofonifestivalen-2023\/","og_site_name":"Institut fran\u00e7ais","article_publisher":"https:\/\/www.facebook.com\/institutfrancaisoslo","article_published_time":"2023-02-16T14:54:25+00:00","article_modified_time":"2023-03-27T07:46:04+00:00","og_image":[{"url":"https:\/\/www.france.no\/wp-content\/uploads\/2023\/02\/Festival-de-la-Francophonie-NO.png","width":1,"height":1,"type":"image\/png"}],"author":"J\u00e9r\u00f4me ANDR\u00c9","twitter_card":"summary_large_image","twitter_creator":"@ifnorvege","twitter_site":"@ifnorvege","twitter_misc":{"Skrevet av":"J\u00e9r\u00f4me ANDR\u00c9","Ansl. lesetid":"3 minutter"},"schema":{"@context":"https:\/\/schema.org","@graph":[{"@type":"Article","@id":"https:\/\/www.france.no\/no\/2023\/kultur\/frankofonifestivalen-2023\/#article","isPartOf":{"@id":"https:\/\/www.france.no\/no\/2023\/kultur\/frankofonifestivalen-2023\/"},"author":{"name":"J\u00e9r\u00f4me ANDR\u00c9","@id":"https:\/\/www.france.no\/no\/#\/schema\/person\/f2f0bb750bdf17f16994d30050414406"},"headline":"Frankofonifestivalen 2023","datePublished":"2023-02-16T14:54:25+00:00","dateModified":"2023-03-27T07:46:04+00:00","mainEntityOfPage":{"@id":"https:\/\/www.france.no\/no\/2023\/kultur\/frankofonifestivalen-2023\/"},"wordCount":494,"publisher":{"@id":"https:\/\/www.france.no\/no\/#organization"},"image":{"@id":"https:\/\/www.france.no\/no\/2023\/kultur\/frankofonifestivalen-2023\/#primaryimage"},"thumbnailUrl":"https:\/\/www.france.no\/wp-content\/uploads\/2023\/02\/Festival-de-la-Francophonie-NO.png","articleSection":["Kultur"],"inLanguage":"nb-NO"},{"@type":"WebPage","@id":"https:\/\/www.france.no\/no\/2023\/kultur\/frankofonifestivalen-2023\/","url":"https:\/\/www.france.no\/no\/2023\/kultur\/frankofonifestivalen-2023\/","name":"Frankofonifestivalen 2023 - Institut fran\u00e7ais","isPartOf":{"@id":"https:\/\/www.france.no\/no\/#website"},"primaryImageOfPage":{"@id":"https:\/\/www.france.no\/no\/2023\/kultur\/frankofonifestivalen-2023\/#primaryimage"},"image":{"@id":"https:\/\/www.france.no\/no\/2023\/kultur\/frankofonifestivalen-2023\/#primaryimage"},"thumbnailUrl":"https:\/\/www.france.no\/wp-content\/uploads\/2023\/02\/Festival-de-la-Francophonie-NO.png","datePublished":"2023-02-16T14:54:25+00:00","dateModified":"2023-03-27T07:46:04+00:00","breadcrumb":{"@id":"https:\/\/www.france.no\/no\/2023\/kultur\/frankofonifestivalen-2023\/#breadcrumb"},"inLanguage":"nb-NO","potentialAction":[{"@type":"ReadAction","target":["https:\/\/www.france.no\/no\/2023\/kultur\/frankofonifestivalen-2023\/"]}]},{"@type":"ImageObject","inLanguage":"nb-NO","@id":"https:\/\/www.france.no\/no\/2023\/kultur\/frankofonifestivalen-2023\/#primaryimage","url":"https:\/\/www.france.no\/wp-content\/uploads\/2023\/02\/Festival-de-la-Francophonie-NO.png","contentUrl":"https:\/\/www.france.no\/wp-content\/uploads\/2023\/02\/Festival-de-la-Francophonie-NO.png"},{"@type":"BreadcrumbList","@id":"https:\/\/www.france.no\/no\/2023\/kultur\/frankofonifestivalen-2023\/#breadcrumb","itemListElement":[{"@type":"ListItem","position":1,"name":"","item":"https:\/\/www.france.no\/no\/"},{"@type":"ListItem","position":2,"name":"Kultur","item":"https:\/\/www.france.no\/no\/category\/kultur\/"},{"@type":"ListItem","position":3,"name":"Frankofonifestivalen 2023"}]},{"@type":"WebSite","@id":"https:\/\/www.france.no\/no\/#website","url":"https:\/\/www.france.no\/no\/","name":"Institut fran\u00e7ais","description":"Norv\u00e8ge","publisher":{"@id":"https:\/\/www.france.no\/no\/#organization"},"potentialAction":[{"@type":"SearchAction","target":{"@type":"EntryPoint","urlTemplate":"https:\/\/www.france.no\/no\/?s={search_term_string}"},"query-input":{"@type":"PropertyValueSpecification","valueRequired":true,"valueName":"search_term_string"}}],"inLanguage":"nb-NO"},{"@type":"Organization","@id":"https:\/\/www.france.no\/no\/#organization","name":"Institut fran\u00e7ais","url":"https:\/\/www.france.no\/no\/","logo":{"@type":"ImageObject","inLanguage":"nb-NO","@id":"https:\/\/www.france.no\/no\/#\/schema\/logo\/image\/","url":"https:\/\/www.france.no\/wp-content\/uploads\/2022\/11\/IF_Logo_Sans_Bleu_RVB.png","contentUrl":"https:\/\/www.france.no\/wp-content\/uploads\/2022\/11\/IF_Logo_Sans_Bleu_RVB.png","width":852,"height":591,"caption":"Institut fran\u00e7ais"},"image":{"@id":"https:\/\/www.france.no\/no\/#\/schema\/logo\/image\/"},"sameAs":["https:\/\/www.facebook.com\/institutfrancaisoslo","https:\/\/x.com\/ifnorvege","https:\/\/instagram.com\/ifnorvege"]},{"@type":"Person","@id":"https:\/\/www.france.no\/no\/#\/schema\/person\/f2f0bb750bdf17f16994d30050414406","name":"J\u00e9r\u00f4me ANDR\u00c9","image":{"@type":"ImageObject","inLanguage":"nb-NO","@id":"https:\/\/www.france.no\/no\/#\/schema\/person\/image\/","url":"https:\/\/secure.gravatar.com\/avatar\/ada66540f8b03061c12e46d80aa587607c5364b2eccc62216d08deaf8efc595d?s=96&d=mm&r=g","contentUrl":"https:\/\/secure.gravatar.com\/avatar\/ada66540f8b03061c12e46d80aa587607c5364b2eccc62216d08deaf8efc595d?s=96&d=mm&r=g","caption":"J\u00e9r\u00f4me ANDR\u00c9"},"url":"https:\/\/www.france.no\/no\/author\/jerome\/"}]}},"_links":{"self":[{"href":"https:\/\/www.france.no\/no\/wp-json\/wp\/v2\/posts\/3835","targetHints":{"allow":["GET"]}}],"collection":[{"href":"https:\/\/www.france.no\/no\/wp-json\/wp\/v2\/posts"}],"about":[{"href":"https:\/\/www.france.no\/no\/wp-json\/wp\/v2\/types\/post"}],"author":[{"embeddable":true,"href":"https:\/\/www.france.no\/no\/wp-json\/wp\/v2\/users\/9"}],"replies":[{"embeddable":true,"href":"https:\/\/www.france.no\/no\/wp-json\/wp\/v2\/comments?post=3835"}],"version-history":[{"count":10,"href":"https:\/\/www.france.no\/no\/wp-json\/wp\/v2\/posts\/3835\/revisions"}],"predecessor-version":[{"id":4101,"href":"https:\/\/www.france.no\/no\/wp-json\/wp\/v2\/posts\/3835\/revisions\/4101"}],"wp:featuredmedia":[{"embeddable":true,"href":"https:\/\/www.france.no\/no\/wp-json\/wp\/v2\/media\/3832"}],"wp:attachment":[{"href":"https:\/\/www.france.no\/no\/wp-json\/wp\/v2\/media?parent=3835"}],"wp:term":[{"taxonomy":"category","embeddable":true,"href":"https:\/\/www.france.no\/no\/wp-json\/wp\/v2\/categories?post=3835"},{"taxonomy":"post_tag","embeddable":true,"href":"https:\/\/www.france.no\/no\/wp-json\/wp\/v2\/tags?post=3835"}],"curies":[{"name":"wp","href":"https:\/\/api.w.org\/{rel}","templated":true}]}}