{"id":3985,"date":"2023-02-22T18:25:55","date_gmt":"2023-02-22T17:25:55","guid":{"rendered":"https:\/\/www.france.no\/?p=3985"},"modified":"2023-03-03T17:25:24","modified_gmt":"2023-03-03T16:25:24","slug":"webinar-information-session-on-parcoursup","status":"publish","type":"post","link":"https:\/\/www.france.no\/no\/2023\/universitetene\/webinar-information-session-on-parcoursup\/","title":{"rendered":"Webinar \u2013 Information session on Parcoursup"},"content":{"rendered":"\n<p><strong>You wish to start your higher education studies in France but are lost in the registration process on Parcoursup? Don&#8217;t panic, our team is here to help you! Join us for an online information session on Wednesday 1<sup>st<\/sup>, March at 4 PM!<\/strong><\/p>\n\n\n\n<p class=\"has-text-align-center\">COME AND JOIN US ON ZOOM ON<\/p>\n\n\n\n<p class=\"has-text-align-center\"><strong>WEDNESDAY 1<sup>ST<\/sup>, MARCH AT 4 PM<\/strong><\/p>\n\n\n\n<p class=\"has-text-align-center\"><a href=\"https:\/\/us06web.zoom.us\/webinar\/register\/WN_trkzFLYzTIKtgoZX60Qf4A\" target=\"_blank\" rel=\"noreferrer noopener\">REGISTER HERE TO OUR WEBINAR<\/a><\/p>\n\n\n\n<p><strong>\ud83d\udca0<\/strong><strong> <\/strong><strong>What will the Parcoursup webinar be about?<\/strong><\/p>\n\n\n\n<p>Campus France Norge is organising an online workshop designed for students whose project is to do their Bachelor\u2019s degree in France. <strong>From critical information to best tips<\/strong>, you will know everything there is to know about the Parcoursup platform by the end of this webinar! You will also have the opportunity to <strong>ask your questions<\/strong> to the Campus France Norge\u2019s team.<\/p>\n\n\n\n<p><strong><u>PROGRAMME:<\/u><\/strong><\/p>\n\n\n\n<ul class=\"wp-block-list\">\n<li>Introduction to the Parcoursup platform and calendar<\/li>\n\n\n\n<li>Step 1: how to create your profile?<\/li>\n\n\n\n<li>Step 2: how to identify and register your wishes?<\/li>\n\n\n\n<li>Step 3: how to write your motivation letters?<\/li>\n\n\n\n<li>Q&amp;A session<\/li>\n<\/ul>\n\n\n\n<p>\ud83d\udca0 <strong>More useful resources to apply in France<\/strong><\/p>\n\n\n\n<p>You would like to read more about the Parcoursup platform? Then you can already have a look at the following online resources:<\/p>\n\n\n\n<ul class=\"wp-block-list\">\n<li>Access to the official <a href=\"https:\/\/www.parcoursup.fr\/index.php?desc=\" target=\"_blank\" rel=\"noreferrer noopener\">Parcoursup website<\/a> (only available in French)<\/li>\n\n\n\n<li>Campus France has set up an <a href=\"https:\/\/cataloguelm.campusfrance.org\/licence\/#\/catalog\" target=\"_blank\" rel=\"noreferrer noopener\">online catalogue in English for Bachelor\u2019s degrees<\/a><\/li>\n\n\n\n<li>Campus France has released a <a href=\"https:\/\/www.campusfrance.org\/en\/opening-of-the-parcoursup-website-more-accessible-information\" target=\"_blank\" rel=\"noreferrer noopener\">special article in English<\/a> dedicated to Parcoursup<\/li>\n\n\n\n<li><a href=\"https:\/\/www.enseignementsup-recherche.gouv.fr\/fr\/rechercher\/document_type\/video\/tag\/parcoursup\" target=\"_blank\" rel=\"noreferrer noopener\">Video tutorials<\/a> for each step of your registration (videos in French)<\/li>\n<\/ul>\n\n\n\n<p>For any inquiry, please write an email to <a href=\"mailto:hgoeury@france.no\">hgoeury@france.no.<\/a><\/p>\n","protected":false},"excerpt":{"rendered":"<p>You wish to start your higher education studies in France but are lost in the registration process on Parcoursup? Don&#8217;t panic, our team is here to help you! Join us for an online information session on Wednesday 1st, March at 4 PM! COME AND JOIN US ON ZOOM ON WEDNESDAY 1ST, MARCH AT 4 PM [&hellip;]<\/p>\n","protected":false},"author":9,"featured_media":3996,"comment_status":"closed","ping_status":"open","sticky":false,"template":"","format":"standard","meta":{"footnotes":""},"categories":[15],"tags":[],"class_list":["post-3985","post","type-post","status-publish","format-standard","has-post-thumbnail","hentry","category-universitetene"],"yoast_head":"<!-- This site is optimized with the Yoast SEO plugin v24.2 - https:\/\/yoast.com\/wordpress\/plugins\/seo\/ -->\n<title>Webinar \u2013 Information session on Parcoursup - Institut fran\u00e7ais<\/title>\n<meta name=\"robots\" content=\"index, follow, max-snippet:-1, max-image-preview:large, max-video-preview:-1\" \/>\n<link rel=\"canonical\" href=\"https:\/\/www.france.no\/no\/2023\/universitetene\/webinar-information-session-on-parcoursup\/\" \/>\n<meta property=\"og:locale\" content=\"nb_NO\" \/>\n<meta property=\"og:type\" content=\"article\" \/>\n<meta property=\"og:title\" content=\"Webinar \u2013 Information session on Parcoursup - Institut fran\u00e7ais\" \/>\n<meta property=\"og:description\" content=\"You wish to start your higher education studies in France but are lost in the registration process on Parcoursup? Don&#8217;t panic, our team is here to help you! Join us for an online information session on Wednesday 1st, March at 4 PM! COME AND JOIN US ON ZOOM ON WEDNESDAY 1ST, MARCH AT 4 PM [&hellip;]\" \/>\n<meta property=\"og:url\" content=\"https:\/\/www.france.no\/no\/2023\/universitetene\/webinar-information-session-on-parcoursup\/\" \/>\n<meta property=\"og:site_name\" content=\"Institut fran\u00e7ais\" \/>\n<meta property=\"article:publisher\" content=\"https:\/\/www.facebook.com\/institutfrancaisoslo\" \/>\n<meta property=\"article:published_time\" content=\"2023-02-22T17:25:55+00:00\" \/>\n<meta property=\"article:modified_time\" content=\"2023-03-03T16:25:24+00:00\" \/>\n<meta property=\"og:image\" content=\"https:\/\/www.france.no\/wp-content\/uploads\/2023\/02\/Parcoursup-date-2023-1098x617.png\" \/>\n\t<meta property=\"og:image:width\" content=\"3266\" \/>\n\t<meta property=\"og:image:height\" content=\"1739\" \/>\n\t<meta property=\"og:image:type\" content=\"image\/png\" \/>\n<meta name=\"author\" content=\"J\u00e9r\u00f4me ANDR\u00c9\" \/>\n<meta name=\"twitter:card\" content=\"summary_large_image\" \/>\n<meta name=\"twitter:creator\" content=\"@ifnorvege\" \/>\n<meta name=\"twitter:site\" content=\"@ifnorvege\" \/>\n<meta name=\"twitter:label1\" content=\"Skrevet av\" \/>\n\t<meta name=\"twitter:data1\" content=\"J\u00e9r\u00f4me ANDR\u00c9\" \/>\n\t<meta name=\"twitter:label2\" content=\"Ansl. lesetid\" \/>\n\t<meta name=\"twitter:data2\" content=\"2 minutter\" \/>\n<script type=\"application\/ld+json\" class=\"yoast-schema-graph\">{\"@context\":\"https:\/\/schema.org\",\"@graph\":[{\"@type\":\"Article\",\"@id\":\"https:\/\/www.france.no\/no\/2023\/universitetene\/webinar-information-session-on-parcoursup\/#article\",\"isPartOf\":{\"@id\":\"https:\/\/www.france.no\/no\/2023\/universitetene\/webinar-information-session-on-parcoursup\/\"},\"author\":{\"name\":\"J\u00e9r\u00f4me ANDR\u00c9\",\"@id\":\"https:\/\/www.france.no\/no\/#\/schema\/person\/f2f0bb750bdf17f16994d30050414406\"},\"headline\":\"Webinar \u2013 Information session on Parcoursup\",\"datePublished\":\"2023-02-22T17:25:55+00:00\",\"dateModified\":\"2023-03-03T16:25:24+00:00\",\"mainEntityOfPage\":{\"@id\":\"https:\/\/www.france.no\/no\/2023\/universitetene\/webinar-information-session-on-parcoursup\/\"},\"wordCount\":254,\"publisher\":{\"@id\":\"https:\/\/www.france.no\/no\/#organization\"},\"image\":{\"@id\":\"https:\/\/www.france.no\/no\/2023\/universitetene\/webinar-information-session-on-parcoursup\/#primaryimage\"},\"thumbnailUrl\":\"https:\/\/www.france.no\/wp-content\/uploads\/2023\/02\/Parcoursup-date-2023-1098x617.png\",\"articleSection\":[\"Universiteter\"],\"inLanguage\":\"nb-NO\"},{\"@type\":\"WebPage\",\"@id\":\"https:\/\/www.france.no\/no\/2023\/universitetene\/webinar-information-session-on-parcoursup\/\",\"url\":\"https:\/\/www.france.no\/no\/2023\/universitetene\/webinar-information-session-on-parcoursup\/\",\"name\":\"Webinar \u2013 Information session on Parcoursup - Institut fran\u00e7ais\",\"isPartOf\":{\"@id\":\"https:\/\/www.france.no\/no\/#website\"},\"primaryImageOfPage\":{\"@id\":\"https:\/\/www.france.no\/no\/2023\/universitetene\/webinar-information-session-on-parcoursup\/#primaryimage\"},\"image\":{\"@id\":\"https:\/\/www.france.no\/no\/2023\/universitetene\/webinar-information-session-on-parcoursup\/#primaryimage\"},\"thumbnailUrl\":\"https:\/\/www.france.no\/wp-content\/uploads\/2023\/02\/Parcoursup-date-2023-1098x617.png\",\"datePublished\":\"2023-02-22T17:25:55+00:00\",\"dateModified\":\"2023-03-03T16:25:24+00:00\",\"breadcrumb\":{\"@id\":\"https:\/\/www.france.no\/no\/2023\/universitetene\/webinar-information-session-on-parcoursup\/#breadcrumb\"},\"inLanguage\":\"nb-NO\",\"potentialAction\":[{\"@type\":\"ReadAction\",\"target\":[\"https:\/\/www.france.no\/no\/2023\/universitetene\/webinar-information-session-on-parcoursup\/\"]}]},{\"@type\":\"ImageObject\",\"inLanguage\":\"nb-NO\",\"@id\":\"https:\/\/www.france.no\/no\/2023\/universitetene\/webinar-information-session-on-parcoursup\/#primaryimage\",\"url\":\"https:\/\/www.france.no\/wp-content\/uploads\/2023\/02\/Parcoursup-date-2023-1098x617.png\",\"contentUrl\":\"https:\/\/www.france.no\/wp-content\/uploads\/2023\/02\/Parcoursup-date-2023-1098x617.png\",\"width\":3266,\"height\":1739},{\"@type\":\"BreadcrumbList\",\"@id\":\"https:\/\/www.france.no\/no\/2023\/universitetene\/webinar-information-session-on-parcoursup\/#breadcrumb\",\"itemListElement\":[{\"@type\":\"ListItem\",\"position\":1,\"name\":\"\",\"item\":\"https:\/\/www.france.no\/no\/\"},{\"@type\":\"ListItem\",\"position\":2,\"name\":\"Universiteter\",\"item\":\"https:\/\/www.france.no\/no\/category\/universitetene\/\"},{\"@type\":\"ListItem\",\"position\":3,\"name\":\"Webinar \u2013 Information session on Parcoursup\"}]},{\"@type\":\"WebSite\",\"@id\":\"https:\/\/www.france.no\/no\/#website\",\"url\":\"https:\/\/www.france.no\/no\/\",\"name\":\"Institut fran\u00e7ais\",\"description\":\"Norv\u00e8ge\",\"publisher\":{\"@id\":\"https:\/\/www.france.no\/no\/#organization\"},\"potentialAction\":[{\"@type\":\"SearchAction\",\"target\":{\"@type\":\"EntryPoint\",\"urlTemplate\":\"https:\/\/www.france.no\/no\/?s={search_term_string}\"},\"query-input\":{\"@type\":\"PropertyValueSpecification\",\"valueRequired\":true,\"valueName\":\"search_term_string\"}}],\"inLanguage\":\"nb-NO\"},{\"@type\":\"Organization\",\"@id\":\"https:\/\/www.france.no\/no\/#organization\",\"name\":\"Institut fran\u00e7ais\",\"url\":\"https:\/\/www.france.no\/no\/\",\"logo\":{\"@type\":\"ImageObject\",\"inLanguage\":\"nb-NO\",\"@id\":\"https:\/\/www.france.no\/no\/#\/schema\/logo\/image\/\",\"url\":\"https:\/\/www.france.no\/wp-content\/uploads\/2022\/11\/IF_Logo_Sans_Bleu_RVB.png\",\"contentUrl\":\"https:\/\/www.france.no\/wp-content\/uploads\/2022\/11\/IF_Logo_Sans_Bleu_RVB.png\",\"width\":852,\"height\":591,\"caption\":\"Institut fran\u00e7ais\"},\"image\":{\"@id\":\"https:\/\/www.france.no\/no\/#\/schema\/logo\/image\/\"},\"sameAs\":[\"https:\/\/www.facebook.com\/institutfrancaisoslo\",\"https:\/\/x.com\/ifnorvege\",\"https:\/\/instagram.com\/ifnorvege\"]},{\"@type\":\"Person\",\"@id\":\"https:\/\/www.france.no\/no\/#\/schema\/person\/f2f0bb750bdf17f16994d30050414406\",\"name\":\"J\u00e9r\u00f4me ANDR\u00c9\",\"image\":{\"@type\":\"ImageObject\",\"inLanguage\":\"nb-NO\",\"@id\":\"https:\/\/www.france.no\/no\/#\/schema\/person\/image\/\",\"url\":\"https:\/\/secure.gravatar.com\/avatar\/ada66540f8b03061c12e46d80aa587607c5364b2eccc62216d08deaf8efc595d?s=96&d=mm&r=g\",\"contentUrl\":\"https:\/\/secure.gravatar.com\/avatar\/ada66540f8b03061c12e46d80aa587607c5364b2eccc62216d08deaf8efc595d?s=96&d=mm&r=g\",\"caption\":\"J\u00e9r\u00f4me ANDR\u00c9\"},\"url\":\"https:\/\/www.france.no\/no\/author\/jerome\/\"}]}<\/script>\n<!-- \/ Yoast SEO plugin. -->","yoast_head_json":{"title":"Webinar \u2013 Information session on Parcoursup - Institut fran\u00e7ais","robots":{"index":"index","follow":"follow","max-snippet":"max-snippet:-1","max-image-preview":"max-image-preview:large","max-video-preview":"max-video-preview:-1"},"canonical":"https:\/\/www.france.no\/no\/2023\/universitetene\/webinar-information-session-on-parcoursup\/","og_locale":"nb_NO","og_type":"article","og_title":"Webinar \u2013 Information session on Parcoursup - Institut fran\u00e7ais","og_description":"You wish to start your higher education studies in France but are lost in the registration process on Parcoursup? Don&#8217;t panic, our team is here to help you! Join us for an online information session on Wednesday 1st, March at 4 PM! COME AND JOIN US ON ZOOM ON WEDNESDAY 1ST, MARCH AT 4 PM [&hellip;]","og_url":"https:\/\/www.france.no\/no\/2023\/universitetene\/webinar-information-session-on-parcoursup\/","og_site_name":"Institut fran\u00e7ais","article_publisher":"https:\/\/www.facebook.com\/institutfrancaisoslo","article_published_time":"2023-02-22T17:25:55+00:00","article_modified_time":"2023-03-03T16:25:24+00:00","og_image":[{"width":3266,"height":1739,"url":"https:\/\/www.france.no\/wp-content\/uploads\/2023\/02\/Parcoursup-date-2023-1098x617.png","type":"image\/png"}],"author":"J\u00e9r\u00f4me ANDR\u00c9","twitter_card":"summary_large_image","twitter_creator":"@ifnorvege","twitter_site":"@ifnorvege","twitter_misc":{"Skrevet av":"J\u00e9r\u00f4me ANDR\u00c9","Ansl. lesetid":"2 minutter"},"schema":{"@context":"https:\/\/schema.org","@graph":[{"@type":"Article","@id":"https:\/\/www.france.no\/no\/2023\/universitetene\/webinar-information-session-on-parcoursup\/#article","isPartOf":{"@id":"https:\/\/www.france.no\/no\/2023\/universitetene\/webinar-information-session-on-parcoursup\/"},"author":{"name":"J\u00e9r\u00f4me ANDR\u00c9","@id":"https:\/\/www.france.no\/no\/#\/schema\/person\/f2f0bb750bdf17f16994d30050414406"},"headline":"Webinar \u2013 Information session on Parcoursup","datePublished":"2023-02-22T17:25:55+00:00","dateModified":"2023-03-03T16:25:24+00:00","mainEntityOfPage":{"@id":"https:\/\/www.france.no\/no\/2023\/universitetene\/webinar-information-session-on-parcoursup\/"},"wordCount":254,"publisher":{"@id":"https:\/\/www.france.no\/no\/#organization"},"image":{"@id":"https:\/\/www.france.no\/no\/2023\/universitetene\/webinar-information-session-on-parcoursup\/#primaryimage"},"thumbnailUrl":"https:\/\/www.france.no\/wp-content\/uploads\/2023\/02\/Parcoursup-date-2023-1098x617.png","articleSection":["Universiteter"],"inLanguage":"nb-NO"},{"@type":"WebPage","@id":"https:\/\/www.france.no\/no\/2023\/universitetene\/webinar-information-session-on-parcoursup\/","url":"https:\/\/www.france.no\/no\/2023\/universitetene\/webinar-information-session-on-parcoursup\/","name":"Webinar \u2013 Information session on Parcoursup - Institut fran\u00e7ais","isPartOf":{"@id":"https:\/\/www.france.no\/no\/#website"},"primaryImageOfPage":{"@id":"https:\/\/www.france.no\/no\/2023\/universitetene\/webinar-information-session-on-parcoursup\/#primaryimage"},"image":{"@id":"https:\/\/www.france.no\/no\/2023\/universitetene\/webinar-information-session-on-parcoursup\/#primaryimage"},"thumbnailUrl":"https:\/\/www.france.no\/wp-content\/uploads\/2023\/02\/Parcoursup-date-2023-1098x617.png","datePublished":"2023-02-22T17:25:55+00:00","dateModified":"2023-03-03T16:25:24+00:00","breadcrumb":{"@id":"https:\/\/www.france.no\/no\/2023\/universitetene\/webinar-information-session-on-parcoursup\/#breadcrumb"},"inLanguage":"nb-NO","potentialAction":[{"@type":"ReadAction","target":["https:\/\/www.france.no\/no\/2023\/universitetene\/webinar-information-session-on-parcoursup\/"]}]},{"@type":"ImageObject","inLanguage":"nb-NO","@id":"https:\/\/www.france.no\/no\/2023\/universitetene\/webinar-information-session-on-parcoursup\/#primaryimage","url":"https:\/\/www.france.no\/wp-content\/uploads\/2023\/02\/Parcoursup-date-2023-1098x617.png","contentUrl":"https:\/\/www.france.no\/wp-content\/uploads\/2023\/02\/Parcoursup-date-2023-1098x617.png","width":3266,"height":1739},{"@type":"BreadcrumbList","@id":"https:\/\/www.france.no\/no\/2023\/universitetene\/webinar-information-session-on-parcoursup\/#breadcrumb","itemListElement":[{"@type":"ListItem","position":1,"name":"","item":"https:\/\/www.france.no\/no\/"},{"@type":"ListItem","position":2,"name":"Universiteter","item":"https:\/\/www.france.no\/no\/category\/universitetene\/"},{"@type":"ListItem","position":3,"name":"Webinar \u2013 Information session on Parcoursup"}]},{"@type":"WebSite","@id":"https:\/\/www.france.no\/no\/#website","url":"https:\/\/www.france.no\/no\/","name":"Institut fran\u00e7ais","description":"Norv\u00e8ge","publisher":{"@id":"https:\/\/www.france.no\/no\/#organization"},"potentialAction":[{"@type":"SearchAction","target":{"@type":"EntryPoint","urlTemplate":"https:\/\/www.france.no\/no\/?s={search_term_string}"},"query-input":{"@type":"PropertyValueSpecification","valueRequired":true,"valueName":"search_term_string"}}],"inLanguage":"nb-NO"},{"@type":"Organization","@id":"https:\/\/www.france.no\/no\/#organization","name":"Institut fran\u00e7ais","url":"https:\/\/www.france.no\/no\/","logo":{"@type":"ImageObject","inLanguage":"nb-NO","@id":"https:\/\/www.france.no\/no\/#\/schema\/logo\/image\/","url":"https:\/\/www.france.no\/wp-content\/uploads\/2022\/11\/IF_Logo_Sans_Bleu_RVB.png","contentUrl":"https:\/\/www.france.no\/wp-content\/uploads\/2022\/11\/IF_Logo_Sans_Bleu_RVB.png","width":852,"height":591,"caption":"Institut fran\u00e7ais"},"image":{"@id":"https:\/\/www.france.no\/no\/#\/schema\/logo\/image\/"},"sameAs":["https:\/\/www.facebook.com\/institutfrancaisoslo","https:\/\/x.com\/ifnorvege","https:\/\/instagram.com\/ifnorvege"]},{"@type":"Person","@id":"https:\/\/www.france.no\/no\/#\/schema\/person\/f2f0bb750bdf17f16994d30050414406","name":"J\u00e9r\u00f4me ANDR\u00c9","image":{"@type":"ImageObject","inLanguage":"nb-NO","@id":"https:\/\/www.france.no\/no\/#\/schema\/person\/image\/","url":"https:\/\/secure.gravatar.com\/avatar\/ada66540f8b03061c12e46d80aa587607c5364b2eccc62216d08deaf8efc595d?s=96&d=mm&r=g","contentUrl":"https:\/\/secure.gravatar.com\/avatar\/ada66540f8b03061c12e46d80aa587607c5364b2eccc62216d08deaf8efc595d?s=96&d=mm&r=g","caption":"J\u00e9r\u00f4me ANDR\u00c9"},"url":"https:\/\/www.france.no\/no\/author\/jerome\/"}]}},"_links":{"self":[{"href":"https:\/\/www.france.no\/no\/wp-json\/wp\/v2\/posts\/3985","targetHints":{"allow":["GET"]}}],"collection":[{"href":"https:\/\/www.france.no\/no\/wp-json\/wp\/v2\/posts"}],"about":[{"href":"https:\/\/www.france.no\/no\/wp-json\/wp\/v2\/types\/post"}],"author":[{"embeddable":true,"href":"https:\/\/www.france.no\/no\/wp-json\/wp\/v2\/users\/9"}],"replies":[{"embeddable":true,"href":"https:\/\/www.france.no\/no\/wp-json\/wp\/v2\/comments?post=3985"}],"version-history":[{"count":2,"href":"https:\/\/www.france.no\/no\/wp-json\/wp\/v2\/posts\/3985\/revisions"}],"predecessor-version":[{"id":3988,"href":"https:\/\/www.france.no\/no\/wp-json\/wp\/v2\/posts\/3985\/revisions\/3988"}],"wp:featuredmedia":[{"embeddable":true,"href":"https:\/\/www.france.no\/no\/wp-json\/wp\/v2\/media\/3996"}],"wp:attachment":[{"href":"https:\/\/www.france.no\/no\/wp-json\/wp\/v2\/media?parent=3985"}],"wp:term":[{"taxonomy":"category","embeddable":true,"href":"https:\/\/www.france.no\/no\/wp-json\/wp\/v2\/categories?post=3985"},{"taxonomy":"post_tag","embeddable":true,"href":"https:\/\/www.france.no\/no\/wp-json\/wp\/v2\/tags?post=3985"}],"curies":[{"name":"wp","href":"https:\/\/api.w.org\/{rel}","templated":true}]}}