{"id":4028,"date":"2025-01-07T16:17:48","date_gmt":"2025-01-07T15:17:48","guid":{"rendered":"https:\/\/www.france.no\/?p=4028"},"modified":"2025-08-28T13:44:49","modified_gmt":"2025-08-28T11:44:49","slug":"bli-norskassistent-i-bayeux-frankrike","status":"publish","type":"post","link":"https:\/\/www.france.no\/no\/2025\/utdanning-og-fransk-sprak\/bli-norskassistent-i-bayeux-frankrike\/","title":{"rendered":"Bli norskassistent i Bayeux, Frankrike!"},"content":{"rendered":"\n<p><strong>Er du student og tiltrukket av Frankrike? \u00d8nsker du \u00e5 berike kompetansene dine innenfor pedagogikk og lingvistikk?<\/strong><\/p>\n\n\n\n<p>Bli norskassistent i Bayeux, Frankrike!<\/p>\n\n\n\n<p>Lyc\u00e9e Alain Chartier i Bayeux (Normandie) har en seksjon for norske elever som tar fransk baccalaur\u00e9at og tilbyr dessuten norskundervisning til de franske elevene. Assistenten i norsk spr\u00e5k vil undervise og fungere som st\u00f8ttespiller for den norske lektoren som er ansvarlig for seksjonen.<\/p>\n\n\n\n<p>Se p\u00e5 YouTube: <strong><a href=\"https:\/\/www.youtube.com\/watch?v=cKA4YqFDUw0&amp;list=PLk3xLp7mAf6g2m2Cm9tcLzYUWrSHG1ecB&amp;index=1\" target=\"_blank\" rel=\"noreferrer noopener\">\u00c5 v\u00e6re spr\u00e5kassistent i Frankrike<\/a><\/strong><\/p>\n\n\n\n<p><strong>Flere uttalelser og praktisk informasjon p\u00e5&nbsp;<a href=\"https:\/\/www.france-education-international.fr\/venir-en-france\/devenir-assistant-de-langue-en-france\" target=\"_blank\" rel=\"noreferrer noopener\">nettsiden til FEI<\/a>&nbsp;<\/strong><\/p>\n\n\n\n<h6 class=\"wp-block-heading\"><strong>HVA ANNET ER VIKTIG \u00c5 VITE?<\/strong><\/h6>\n\n\n\n<ul class=\"wp-block-list\">\n<li>Kontrakten varer 7 m\u00e5neder (1. oktober til 30. april). Under kontraktens varighet blir assistenten ansatt og betalt av akademiet i Caen.<\/li>\n<\/ul>\n\n\n\n<p><em>I tillegg til denne kontrakten, vil assistenten jobbe en ekstra m\u00e5ned (i september) som er l\u00f8nnet av HK-dir. V\u00e6r oppmerksom p\u00e5 at du kan bli spurt om \u00e5 bli med p\u00e5 skoleturer i l\u00f8pet av ferien som du vil motta kompensasjon fra HK-dir for.<\/em><\/p>\n\n\n\n<ul class=\"wp-block-list\">\n<li>Du vil jobbe rundt 12 timer i uken.<\/li>\n\n\n\n<li>Du mottar&nbsp;<strong>800&nbsp;euro<\/strong>&nbsp;i m\u00e5neden.<\/li>\n\n\n\n<li>Du f\u00e5r ferie samtidig som elevene og kollegene p\u00e5 den franske skolen du jobber ved<\/li>\n\n\n\n<li>Du m\u00e5 s\u00f8ke f\u00f8r<strong> 28. februar 2025<\/strong>.<\/li>\n<\/ul>\n\n\n\n<h6 class=\"wp-block-heading\"><strong>HVA ER S\u00d8KNADSKRITERIENE?<\/strong><\/h6>\n\n\n\n<ul class=\"wp-block-list\">\n<li>Ha norsk som morsm\u00e5l og snakke spr\u00e5ket flytende<\/li>\n\n\n\n<li>Ha g\u00e5tt p\u00e5 skole og h\u00f8yere utdanning i Norge<\/li>\n\n\n\n<li>V\u00e6re mellom 20 og 30 \u00e5r<\/li>\n\n\n\n<li>V\u00e6re student p\u00e5 et norsk universitet n\u00e5r du sender inn s\u00f8knaden, eller nettopp ha avsluttet studiene dine der<\/li>\n\n\n\n<li>Ha gjennomf\u00f8rt minst andre \u00e5r i en bachelorgrad n\u00e5r du s\u00f8ker<\/li>\n\n\n\n<li>Ha minimum niv\u00e5 B1 i fransk<\/li>\n<\/ul>\n\n\n\n<h6 class=\"wp-block-heading\"><strong>HVORDAN S\u00d8KE?<\/strong><\/h6>\n\n\n\n<p><a href=\"https:\/\/assistants.france-education-international.fr\/#al\" target=\"_blank\" rel=\"noreferrer noopener\">Fyll ut dette s\u00f8knadsskjemaet<\/a>.<\/p>\n\n\n\n<h6 class=\"wp-block-heading\">HAR DU SP\u00d8RSM\u00c5L?<\/h6>\n\n\n\n<p><strong>Kontakt Corentin Buczkowski p\u00e5:<\/strong><br>E-post: <a href=\"mailto:cbuczkowski@france.no\">cbuczkowski@france.no<\/a><br>Telefon: +47 40 60 51 32<\/p>\n\n\n\n<p><\/p>\n","protected":false},"excerpt":{"rendered":"<p>Er du student og tiltrukket av Frankrike? \u00d8nsker du \u00e5 berike kompetansene dine innenfor pedagogikk og lingvistikk? Bli norskassistent i Bayeux, Frankrike! Lyc\u00e9e Alain Chartier i Bayeux (Normandie) har en seksjon for norske elever som tar fransk baccalaur\u00e9at og tilbyr dessuten norskundervisning til de franske elevene. Assistenten i norsk spr\u00e5k vil undervise og fungere som [&hellip;]<\/p>\n","protected":false},"author":9,"featured_media":13238,"comment_status":"closed","ping_status":"open","sticky":false,"template":"","format":"standard","meta":{"footnotes":""},"categories":[13],"tags":[],"class_list":["post-4028","post","type-post","status-publish","format-standard","has-post-thumbnail","hentry","category-utdanning-og-fransk-sprak"],"yoast_head":"<!-- This site is optimized with the Yoast SEO plugin v24.2 - https:\/\/yoast.com\/wordpress\/plugins\/seo\/ -->\n<title>Bli norskassistent i Bayeux, Frankrike! - Institut fran\u00e7ais<\/title>\n<meta name=\"robots\" content=\"index, follow, max-snippet:-1, max-image-preview:large, max-video-preview:-1\" \/>\n<link rel=\"canonical\" href=\"https:\/\/www.france.no\/no\/2025\/utdanning-og-fransk-sprak\/bli-norskassistent-i-bayeux-frankrike\/\" \/>\n<meta property=\"og:locale\" content=\"nb_NO\" \/>\n<meta property=\"og:type\" content=\"article\" \/>\n<meta property=\"og:title\" content=\"Bli norskassistent i Bayeux, Frankrike! - Institut fran\u00e7ais\" \/>\n<meta property=\"og:description\" content=\"Er du student og tiltrukket av Frankrike? \u00d8nsker du \u00e5 berike kompetansene dine innenfor pedagogikk og lingvistikk? Bli norskassistent i Bayeux, Frankrike! Lyc\u00e9e Alain Chartier i Bayeux (Normandie) har en seksjon for norske elever som tar fransk baccalaur\u00e9at og tilbyr dessuten norskundervisning til de franske elevene. Assistenten i norsk spr\u00e5k vil undervise og fungere som [&hellip;]\" \/>\n<meta property=\"og:url\" content=\"https:\/\/www.france.no\/no\/2025\/utdanning-og-fransk-sprak\/bli-norskassistent-i-bayeux-frankrike\/\" \/>\n<meta property=\"og:site_name\" content=\"Institut fran\u00e7ais\" \/>\n<meta property=\"article:publisher\" content=\"https:\/\/www.facebook.com\/institutfrancaisoslo\" \/>\n<meta property=\"article:published_time\" content=\"2025-01-07T15:17:48+00:00\" \/>\n<meta property=\"article:modified_time\" content=\"2025-08-28T11:44:49+00:00\" \/>\n<meta property=\"og:image\" content=\"https:\/\/www.france.no\/wp-content\/uploads\/2025\/03\/veronica-reverse-pT6Wo9tQb7A-unsplash-1098x617.jpg\" \/>\n\t<meta property=\"og:image:width\" content=\"2560\" \/>\n\t<meta property=\"og:image:height\" content=\"1662\" \/>\n\t<meta property=\"og:image:type\" content=\"image\/jpeg\" \/>\n<meta name=\"author\" content=\"J\u00e9r\u00f4me ANDR\u00c9\" \/>\n<meta name=\"twitter:card\" content=\"summary_large_image\" \/>\n<meta name=\"twitter:creator\" content=\"@ifnorvege\" \/>\n<meta name=\"twitter:site\" content=\"@ifnorvege\" \/>\n<meta name=\"twitter:label1\" content=\"Skrevet av\" \/>\n\t<meta name=\"twitter:data1\" content=\"J\u00e9r\u00f4me ANDR\u00c9\" \/>\n\t<meta name=\"twitter:label2\" content=\"Ansl. lesetid\" \/>\n\t<meta name=\"twitter:data2\" content=\"2 minutter\" \/>\n<script type=\"application\/ld+json\" class=\"yoast-schema-graph\">{\"@context\":\"https:\/\/schema.org\",\"@graph\":[{\"@type\":\"Article\",\"@id\":\"https:\/\/www.france.no\/no\/2025\/utdanning-og-fransk-sprak\/bli-norskassistent-i-bayeux-frankrike\/#article\",\"isPartOf\":{\"@id\":\"https:\/\/www.france.no\/no\/2025\/utdanning-og-fransk-sprak\/bli-norskassistent-i-bayeux-frankrike\/\"},\"author\":{\"name\":\"J\u00e9r\u00f4me ANDR\u00c9\",\"@id\":\"https:\/\/www.france.no\/no\/#\/schema\/person\/f2f0bb750bdf17f16994d30050414406\"},\"headline\":\"Bli norskassistent i Bayeux, Frankrike!\",\"datePublished\":\"2025-01-07T15:17:48+00:00\",\"dateModified\":\"2025-08-28T11:44:49+00:00\",\"mainEntityOfPage\":{\"@id\":\"https:\/\/www.france.no\/no\/2025\/utdanning-og-fransk-sprak\/bli-norskassistent-i-bayeux-frankrike\/\"},\"wordCount\":296,\"publisher\":{\"@id\":\"https:\/\/www.france.no\/no\/#organization\"},\"image\":{\"@id\":\"https:\/\/www.france.no\/no\/2025\/utdanning-og-fransk-sprak\/bli-norskassistent-i-bayeux-frankrike\/#primaryimage\"},\"thumbnailUrl\":\"https:\/\/www.france.no\/wp-content\/uploads\/2025\/03\/veronica-reverse-pT6Wo9tQb7A-unsplash-1098x617.jpg\",\"articleSection\":[\"Utdannelse og Fransk spr\u00e5ksamarbeid\"],\"inLanguage\":\"nb-NO\"},{\"@type\":\"WebPage\",\"@id\":\"https:\/\/www.france.no\/no\/2025\/utdanning-og-fransk-sprak\/bli-norskassistent-i-bayeux-frankrike\/\",\"url\":\"https:\/\/www.france.no\/no\/2025\/utdanning-og-fransk-sprak\/bli-norskassistent-i-bayeux-frankrike\/\",\"name\":\"Bli norskassistent i Bayeux, Frankrike! - Institut fran\u00e7ais\",\"isPartOf\":{\"@id\":\"https:\/\/www.france.no\/no\/#website\"},\"primaryImageOfPage\":{\"@id\":\"https:\/\/www.france.no\/no\/2025\/utdanning-og-fransk-sprak\/bli-norskassistent-i-bayeux-frankrike\/#primaryimage\"},\"image\":{\"@id\":\"https:\/\/www.france.no\/no\/2025\/utdanning-og-fransk-sprak\/bli-norskassistent-i-bayeux-frankrike\/#primaryimage\"},\"thumbnailUrl\":\"https:\/\/www.france.no\/wp-content\/uploads\/2025\/03\/veronica-reverse-pT6Wo9tQb7A-unsplash-1098x617.jpg\",\"datePublished\":\"2025-01-07T15:17:48+00:00\",\"dateModified\":\"2025-08-28T11:44:49+00:00\",\"breadcrumb\":{\"@id\":\"https:\/\/www.france.no\/no\/2025\/utdanning-og-fransk-sprak\/bli-norskassistent-i-bayeux-frankrike\/#breadcrumb\"},\"inLanguage\":\"nb-NO\",\"potentialAction\":[{\"@type\":\"ReadAction\",\"target\":[\"https:\/\/www.france.no\/no\/2025\/utdanning-og-fransk-sprak\/bli-norskassistent-i-bayeux-frankrike\/\"]}]},{\"@type\":\"ImageObject\",\"inLanguage\":\"nb-NO\",\"@id\":\"https:\/\/www.france.no\/no\/2025\/utdanning-og-fransk-sprak\/bli-norskassistent-i-bayeux-frankrike\/#primaryimage\",\"url\":\"https:\/\/www.france.no\/wp-content\/uploads\/2025\/03\/veronica-reverse-pT6Wo9tQb7A-unsplash-1098x617.jpg\",\"contentUrl\":\"https:\/\/www.france.no\/wp-content\/uploads\/2025\/03\/veronica-reverse-pT6Wo9tQb7A-unsplash-1098x617.jpg\",\"width\":2560,\"height\":1662},{\"@type\":\"BreadcrumbList\",\"@id\":\"https:\/\/www.france.no\/no\/2025\/utdanning-og-fransk-sprak\/bli-norskassistent-i-bayeux-frankrike\/#breadcrumb\",\"itemListElement\":[{\"@type\":\"ListItem\",\"position\":1,\"name\":\"\",\"item\":\"https:\/\/www.france.no\/no\/\"},{\"@type\":\"ListItem\",\"position\":2,\"name\":\"Bli norskassistent i Bayeux, Frankrike!\"}]},{\"@type\":\"WebSite\",\"@id\":\"https:\/\/www.france.no\/no\/#website\",\"url\":\"https:\/\/www.france.no\/no\/\",\"name\":\"Institut fran\u00e7ais\",\"description\":\"Norv\u00e8ge\",\"publisher\":{\"@id\":\"https:\/\/www.france.no\/no\/#organization\"},\"potentialAction\":[{\"@type\":\"SearchAction\",\"target\":{\"@type\":\"EntryPoint\",\"urlTemplate\":\"https:\/\/www.france.no\/no\/?s={search_term_string}\"},\"query-input\":{\"@type\":\"PropertyValueSpecification\",\"valueRequired\":true,\"valueName\":\"search_term_string\"}}],\"inLanguage\":\"nb-NO\"},{\"@type\":\"Organization\",\"@id\":\"https:\/\/www.france.no\/no\/#organization\",\"name\":\"Institut fran\u00e7ais\",\"url\":\"https:\/\/www.france.no\/no\/\",\"logo\":{\"@type\":\"ImageObject\",\"inLanguage\":\"nb-NO\",\"@id\":\"https:\/\/www.france.no\/no\/#\/schema\/logo\/image\/\",\"url\":\"https:\/\/www.france.no\/wp-content\/uploads\/2022\/11\/IF_Logo_Sans_Bleu_RVB.png\",\"contentUrl\":\"https:\/\/www.france.no\/wp-content\/uploads\/2022\/11\/IF_Logo_Sans_Bleu_RVB.png\",\"width\":852,\"height\":591,\"caption\":\"Institut fran\u00e7ais\"},\"image\":{\"@id\":\"https:\/\/www.france.no\/no\/#\/schema\/logo\/image\/\"},\"sameAs\":[\"https:\/\/www.facebook.com\/institutfrancaisoslo\",\"https:\/\/x.com\/ifnorvege\",\"https:\/\/instagram.com\/ifnorvege\"]},{\"@type\":\"Person\",\"@id\":\"https:\/\/www.france.no\/no\/#\/schema\/person\/f2f0bb750bdf17f16994d30050414406\",\"name\":\"J\u00e9r\u00f4me ANDR\u00c9\",\"image\":{\"@type\":\"ImageObject\",\"inLanguage\":\"nb-NO\",\"@id\":\"https:\/\/www.france.no\/no\/#\/schema\/person\/image\/\",\"url\":\"https:\/\/secure.gravatar.com\/avatar\/ada66540f8b03061c12e46d80aa587607c5364b2eccc62216d08deaf8efc595d?s=96&d=mm&r=g\",\"contentUrl\":\"https:\/\/secure.gravatar.com\/avatar\/ada66540f8b03061c12e46d80aa587607c5364b2eccc62216d08deaf8efc595d?s=96&d=mm&r=g\",\"caption\":\"J\u00e9r\u00f4me ANDR\u00c9\"},\"url\":\"https:\/\/www.france.no\/no\/author\/jerome\/\"}]}<\/script>\n<!-- \/ Yoast SEO plugin. -->","yoast_head_json":{"title":"Bli norskassistent i Bayeux, Frankrike! - Institut fran\u00e7ais","robots":{"index":"index","follow":"follow","max-snippet":"max-snippet:-1","max-image-preview":"max-image-preview:large","max-video-preview":"max-video-preview:-1"},"canonical":"https:\/\/www.france.no\/no\/2025\/utdanning-og-fransk-sprak\/bli-norskassistent-i-bayeux-frankrike\/","og_locale":"nb_NO","og_type":"article","og_title":"Bli norskassistent i Bayeux, Frankrike! - Institut fran\u00e7ais","og_description":"Er du student og tiltrukket av Frankrike? \u00d8nsker du \u00e5 berike kompetansene dine innenfor pedagogikk og lingvistikk? Bli norskassistent i Bayeux, Frankrike! Lyc\u00e9e Alain Chartier i Bayeux (Normandie) har en seksjon for norske elever som tar fransk baccalaur\u00e9at og tilbyr dessuten norskundervisning til de franske elevene. Assistenten i norsk spr\u00e5k vil undervise og fungere som [&hellip;]","og_url":"https:\/\/www.france.no\/no\/2025\/utdanning-og-fransk-sprak\/bli-norskassistent-i-bayeux-frankrike\/","og_site_name":"Institut fran\u00e7ais","article_publisher":"https:\/\/www.facebook.com\/institutfrancaisoslo","article_published_time":"2025-01-07T15:17:48+00:00","article_modified_time":"2025-08-28T11:44:49+00:00","og_image":[{"width":2560,"height":1662,"url":"https:\/\/www.france.no\/wp-content\/uploads\/2025\/03\/veronica-reverse-pT6Wo9tQb7A-unsplash-1098x617.jpg","type":"image\/jpeg"}],"author":"J\u00e9r\u00f4me ANDR\u00c9","twitter_card":"summary_large_image","twitter_creator":"@ifnorvege","twitter_site":"@ifnorvege","twitter_misc":{"Skrevet av":"J\u00e9r\u00f4me ANDR\u00c9","Ansl. lesetid":"2 minutter"},"schema":{"@context":"https:\/\/schema.org","@graph":[{"@type":"Article","@id":"https:\/\/www.france.no\/no\/2025\/utdanning-og-fransk-sprak\/bli-norskassistent-i-bayeux-frankrike\/#article","isPartOf":{"@id":"https:\/\/www.france.no\/no\/2025\/utdanning-og-fransk-sprak\/bli-norskassistent-i-bayeux-frankrike\/"},"author":{"name":"J\u00e9r\u00f4me ANDR\u00c9","@id":"https:\/\/www.france.no\/no\/#\/schema\/person\/f2f0bb750bdf17f16994d30050414406"},"headline":"Bli norskassistent i Bayeux, Frankrike!","datePublished":"2025-01-07T15:17:48+00:00","dateModified":"2025-08-28T11:44:49+00:00","mainEntityOfPage":{"@id":"https:\/\/www.france.no\/no\/2025\/utdanning-og-fransk-sprak\/bli-norskassistent-i-bayeux-frankrike\/"},"wordCount":296,"publisher":{"@id":"https:\/\/www.france.no\/no\/#organization"},"image":{"@id":"https:\/\/www.france.no\/no\/2025\/utdanning-og-fransk-sprak\/bli-norskassistent-i-bayeux-frankrike\/#primaryimage"},"thumbnailUrl":"https:\/\/www.france.no\/wp-content\/uploads\/2025\/03\/veronica-reverse-pT6Wo9tQb7A-unsplash-1098x617.jpg","articleSection":["Utdannelse og Fransk spr\u00e5ksamarbeid"],"inLanguage":"nb-NO"},{"@type":"WebPage","@id":"https:\/\/www.france.no\/no\/2025\/utdanning-og-fransk-sprak\/bli-norskassistent-i-bayeux-frankrike\/","url":"https:\/\/www.france.no\/no\/2025\/utdanning-og-fransk-sprak\/bli-norskassistent-i-bayeux-frankrike\/","name":"Bli norskassistent i Bayeux, Frankrike! - Institut fran\u00e7ais","isPartOf":{"@id":"https:\/\/www.france.no\/no\/#website"},"primaryImageOfPage":{"@id":"https:\/\/www.france.no\/no\/2025\/utdanning-og-fransk-sprak\/bli-norskassistent-i-bayeux-frankrike\/#primaryimage"},"image":{"@id":"https:\/\/www.france.no\/no\/2025\/utdanning-og-fransk-sprak\/bli-norskassistent-i-bayeux-frankrike\/#primaryimage"},"thumbnailUrl":"https:\/\/www.france.no\/wp-content\/uploads\/2025\/03\/veronica-reverse-pT6Wo9tQb7A-unsplash-1098x617.jpg","datePublished":"2025-01-07T15:17:48+00:00","dateModified":"2025-08-28T11:44:49+00:00","breadcrumb":{"@id":"https:\/\/www.france.no\/no\/2025\/utdanning-og-fransk-sprak\/bli-norskassistent-i-bayeux-frankrike\/#breadcrumb"},"inLanguage":"nb-NO","potentialAction":[{"@type":"ReadAction","target":["https:\/\/www.france.no\/no\/2025\/utdanning-og-fransk-sprak\/bli-norskassistent-i-bayeux-frankrike\/"]}]},{"@type":"ImageObject","inLanguage":"nb-NO","@id":"https:\/\/www.france.no\/no\/2025\/utdanning-og-fransk-sprak\/bli-norskassistent-i-bayeux-frankrike\/#primaryimage","url":"https:\/\/www.france.no\/wp-content\/uploads\/2025\/03\/veronica-reverse-pT6Wo9tQb7A-unsplash-1098x617.jpg","contentUrl":"https:\/\/www.france.no\/wp-content\/uploads\/2025\/03\/veronica-reverse-pT6Wo9tQb7A-unsplash-1098x617.jpg","width":2560,"height":1662},{"@type":"BreadcrumbList","@id":"https:\/\/www.france.no\/no\/2025\/utdanning-og-fransk-sprak\/bli-norskassistent-i-bayeux-frankrike\/#breadcrumb","itemListElement":[{"@type":"ListItem","position":1,"name":"","item":"https:\/\/www.france.no\/no\/"},{"@type":"ListItem","position":2,"name":"Bli norskassistent i Bayeux, Frankrike!"}]},{"@type":"WebSite","@id":"https:\/\/www.france.no\/no\/#website","url":"https:\/\/www.france.no\/no\/","name":"Institut fran\u00e7ais","description":"Norv\u00e8ge","publisher":{"@id":"https:\/\/www.france.no\/no\/#organization"},"potentialAction":[{"@type":"SearchAction","target":{"@type":"EntryPoint","urlTemplate":"https:\/\/www.france.no\/no\/?s={search_term_string}"},"query-input":{"@type":"PropertyValueSpecification","valueRequired":true,"valueName":"search_term_string"}}],"inLanguage":"nb-NO"},{"@type":"Organization","@id":"https:\/\/www.france.no\/no\/#organization","name":"Institut fran\u00e7ais","url":"https:\/\/www.france.no\/no\/","logo":{"@type":"ImageObject","inLanguage":"nb-NO","@id":"https:\/\/www.france.no\/no\/#\/schema\/logo\/image\/","url":"https:\/\/www.france.no\/wp-content\/uploads\/2022\/11\/IF_Logo_Sans_Bleu_RVB.png","contentUrl":"https:\/\/www.france.no\/wp-content\/uploads\/2022\/11\/IF_Logo_Sans_Bleu_RVB.png","width":852,"height":591,"caption":"Institut fran\u00e7ais"},"image":{"@id":"https:\/\/www.france.no\/no\/#\/schema\/logo\/image\/"},"sameAs":["https:\/\/www.facebook.com\/institutfrancaisoslo","https:\/\/x.com\/ifnorvege","https:\/\/instagram.com\/ifnorvege"]},{"@type":"Person","@id":"https:\/\/www.france.no\/no\/#\/schema\/person\/f2f0bb750bdf17f16994d30050414406","name":"J\u00e9r\u00f4me ANDR\u00c9","image":{"@type":"ImageObject","inLanguage":"nb-NO","@id":"https:\/\/www.france.no\/no\/#\/schema\/person\/image\/","url":"https:\/\/secure.gravatar.com\/avatar\/ada66540f8b03061c12e46d80aa587607c5364b2eccc62216d08deaf8efc595d?s=96&d=mm&r=g","contentUrl":"https:\/\/secure.gravatar.com\/avatar\/ada66540f8b03061c12e46d80aa587607c5364b2eccc62216d08deaf8efc595d?s=96&d=mm&r=g","caption":"J\u00e9r\u00f4me ANDR\u00c9"},"url":"https:\/\/www.france.no\/no\/author\/jerome\/"}]}},"_links":{"self":[{"href":"https:\/\/www.france.no\/no\/wp-json\/wp\/v2\/posts\/4028","targetHints":{"allow":["GET"]}}],"collection":[{"href":"https:\/\/www.france.no\/no\/wp-json\/wp\/v2\/posts"}],"about":[{"href":"https:\/\/www.france.no\/no\/wp-json\/wp\/v2\/types\/post"}],"author":[{"embeddable":true,"href":"https:\/\/www.france.no\/no\/wp-json\/wp\/v2\/users\/9"}],"replies":[{"embeddable":true,"href":"https:\/\/www.france.no\/no\/wp-json\/wp\/v2\/comments?post=4028"}],"version-history":[{"count":15,"href":"https:\/\/www.france.no\/no\/wp-json\/wp\/v2\/posts\/4028\/revisions"}],"predecessor-version":[{"id":10422,"href":"https:\/\/www.france.no\/no\/wp-json\/wp\/v2\/posts\/4028\/revisions\/10422"}],"wp:featuredmedia":[{"embeddable":true,"href":"https:\/\/www.france.no\/no\/wp-json\/wp\/v2\/media\/13238"}],"wp:attachment":[{"href":"https:\/\/www.france.no\/no\/wp-json\/wp\/v2\/media?parent=4028"}],"wp:term":[{"taxonomy":"category","embeddable":true,"href":"https:\/\/www.france.no\/no\/wp-json\/wp\/v2\/categories?post=4028"},{"taxonomy":"post_tag","embeddable":true,"href":"https:\/\/www.france.no\/no\/wp-json\/wp\/v2\/tags?post=4028"}],"curies":[{"name":"wp","href":"https:\/\/api.w.org\/{rel}","templated":true}]}}