{"id":4068,"date":"2023-03-06T19:15:58","date_gmt":"2023-03-06T18:15:58","guid":{"rendered":"https:\/\/www.france.no\/?p=4068"},"modified":"2023-04-03T10:49:09","modified_gmt":"2023-04-03T08:49:09","slug":"night-of-ideas-movie-debate-hello-world","status":"publish","type":"post","link":"https:\/\/www.france.no\/no\/2023\/kultur\/night-of-ideas-movie-debate-hello-world\/","title":{"rendered":"Night of ideas : Movie -debate &laquo;Hello World!&raquo;"},"content":{"rendered":"\n<p class=\"has-text-align-center\"><strong>Join us on Wednesday 22 March at 5pm<\/strong><\/p>\n\n\n\n<p class=\"has-text-align-center has-accent-color has-text-color\"><strong>to discover the film &laquo;<em>Hello World!<\/em>&raquo; by A-L. Koehler &amp; \u00c9. Serre,<\/strong><\/p>\n\n\n\n<p class=\"has-text-align-center\"><strong>on the occasion of the Night of Ideas and the World Water Day 2023<\/strong><\/p>\n\n\n\n<p class=\"has-text-align-center\">[family film in French with English subtitles]<\/p>\n\n\n\n<p class=\"has-text-align-center\">French Institute of Norway<\/p>\n\n\n\n<p class=\"has-text-align-center\">Holtegata 29, 0355 Oslo<\/p>\n\n\n\n<p>We invite you to discover the animated film <strong>&laquo;<a>Hello World!<\/a>&raquo; by Anne-Lise Koehler, Eric Serre<\/strong>:<\/p>\n\n\n\n<p>&laquo;An animated film made of papier-m\u00e2ch\u00e9, in beautiful colourful settings, about the life of the fauna and flora in our countryside. A film that reinterprets Nature, to help us rediscover it as we have never seen it before!<\/p>\n\n\n\n<p>The screening will be followed by an <strong>open discussion with two specialists from NINA<\/strong> (Norsk Institutt for Naturforskning):<\/p>\n\n\n\n<ul class=\"wp-block-list\">\n<li><strong>Jon Hamner Mager\u00f8y:<\/strong> specialist in mussels and freshwater fish<\/li>\n\n\n\n<li><strong>Tor Atle Mo:<\/strong> specialist in fish parasites and diseases.<\/li>\n<\/ul>\n\n\n\n<p><strong>The event will end with a French buffet!<\/strong><\/p>\n\n\n\n<p><strong>The event is FREE and in ENGLISH<\/strong><a><strong>\u26a0\ufe0f<\/strong><\/a><strong> Don&#8217;t forget to register\u26a0\ufe0f:<\/strong><\/p>\n\n\n","protected":false},"excerpt":{"rendered":"<p>Join us on Wednesday 22 March at 5pm to discover the film &laquo;Hello World!&raquo; by A-L. Koehler &amp; \u00c9. Serre, on the occasion of the Night of Ideas and the World Water Day 2023 [family film in French with English subtitles] French Institute of Norway Holtegata 29, 0355 Oslo We invite you to discover the [&hellip;]<\/p>\n","protected":false},"author":9,"featured_media":4066,"comment_status":"closed","ping_status":"open","sticky":false,"template":"","format":"standard","meta":{"footnotes":""},"categories":[5,15,17],"tags":[],"class_list":["post-4068","post","type-post","status-publish","format-standard","has-post-thumbnail","hentry","category-kultur","category-universitetene","category-vitenskap-og-forskning"],"yoast_head":"<!-- This site is optimized with the Yoast SEO plugin v24.2 - https:\/\/yoast.com\/wordpress\/plugins\/seo\/ -->\n<title>Night of ideas : Movie -debate &quot;Hello World!&quot; - Institut fran\u00e7ais<\/title>\n<meta name=\"robots\" content=\"index, follow, max-snippet:-1, max-image-preview:large, max-video-preview:-1\" \/>\n<link rel=\"canonical\" href=\"https:\/\/www.france.no\/no\/2023\/kultur\/night-of-ideas-movie-debate-hello-world\/\" \/>\n<meta property=\"og:locale\" content=\"nb_NO\" \/>\n<meta property=\"og:type\" content=\"article\" \/>\n<meta property=\"og:title\" content=\"Night of ideas : Movie -debate &quot;Hello World!&quot; - Institut fran\u00e7ais\" \/>\n<meta property=\"og:description\" content=\"Join us on Wednesday 22 March at 5pm to discover the film &laquo;Hello World!&raquo; by A-L. Koehler &amp; \u00c9. Serre, on the occasion of the Night of Ideas and the World Water Day 2023 [family film in French with English subtitles] French Institute of Norway Holtegata 29, 0355 Oslo We invite you to discover the [&hellip;]\" \/>\n<meta property=\"og:url\" content=\"https:\/\/www.france.no\/no\/2023\/kultur\/night-of-ideas-movie-debate-hello-world\/\" \/>\n<meta property=\"og:site_name\" content=\"Institut fran\u00e7ais\" \/>\n<meta property=\"article:publisher\" content=\"https:\/\/www.facebook.com\/institutfrancaisoslo\" \/>\n<meta property=\"article:published_time\" content=\"2023-03-06T18:15:58+00:00\" \/>\n<meta property=\"article:modified_time\" content=\"2023-04-03T08:49:09+00:00\" \/>\n<meta property=\"og:image\" content=\"https:\/\/www.france.no\/wp-content\/uploads\/2023\/03\/22-mars-2023-Bonjour-le-monde-Nuit-des-Idees-1098x617.png\" \/>\n\t<meta property=\"og:image:width\" content=\"1640\" \/>\n\t<meta property=\"og:image:height\" content=\"924\" \/>\n\t<meta property=\"og:image:type\" content=\"image\/png\" \/>\n<meta name=\"author\" content=\"J\u00e9r\u00f4me ANDR\u00c9\" \/>\n<meta name=\"twitter:card\" content=\"summary_large_image\" \/>\n<meta name=\"twitter:creator\" content=\"@ifnorvege\" \/>\n<meta name=\"twitter:site\" content=\"@ifnorvege\" \/>\n<meta name=\"twitter:label1\" content=\"Skrevet av\" \/>\n\t<meta name=\"twitter:data1\" content=\"J\u00e9r\u00f4me ANDR\u00c9\" \/>\n\t<meta name=\"twitter:label2\" content=\"Ansl. lesetid\" \/>\n\t<meta name=\"twitter:data2\" content=\"1 minutt\" \/>\n<script type=\"application\/ld+json\" class=\"yoast-schema-graph\">{\"@context\":\"https:\/\/schema.org\",\"@graph\":[{\"@type\":\"Article\",\"@id\":\"https:\/\/www.france.no\/no\/2023\/kultur\/night-of-ideas-movie-debate-hello-world\/#article\",\"isPartOf\":{\"@id\":\"https:\/\/www.france.no\/no\/2023\/kultur\/night-of-ideas-movie-debate-hello-world\/\"},\"author\":{\"name\":\"J\u00e9r\u00f4me ANDR\u00c9\",\"@id\":\"https:\/\/www.france.no\/no\/#\/schema\/person\/f2f0bb750bdf17f16994d30050414406\"},\"headline\":\"Night of ideas : Movie -debate &laquo;Hello World!&raquo;\",\"datePublished\":\"2023-03-06T18:15:58+00:00\",\"dateModified\":\"2023-04-03T08:49:09+00:00\",\"mainEntityOfPage\":{\"@id\":\"https:\/\/www.france.no\/no\/2023\/kultur\/night-of-ideas-movie-debate-hello-world\/\"},\"wordCount\":162,\"publisher\":{\"@id\":\"https:\/\/www.france.no\/no\/#organization\"},\"image\":{\"@id\":\"https:\/\/www.france.no\/no\/2023\/kultur\/night-of-ideas-movie-debate-hello-world\/#primaryimage\"},\"thumbnailUrl\":\"https:\/\/www.france.no\/wp-content\/uploads\/2023\/03\/22-mars-2023-Bonjour-le-monde-Nuit-des-Idees-1098x617.png\",\"articleSection\":[\"Kultur\",\"Universiteter\",\"Vitenskap og forskning\"],\"inLanguage\":\"nb-NO\"},{\"@type\":\"WebPage\",\"@id\":\"https:\/\/www.france.no\/no\/2023\/kultur\/night-of-ideas-movie-debate-hello-world\/\",\"url\":\"https:\/\/www.france.no\/no\/2023\/kultur\/night-of-ideas-movie-debate-hello-world\/\",\"name\":\"Night of ideas : Movie -debate \\\"Hello World!\\\" - Institut fran\u00e7ais\",\"isPartOf\":{\"@id\":\"https:\/\/www.france.no\/no\/#website\"},\"primaryImageOfPage\":{\"@id\":\"https:\/\/www.france.no\/no\/2023\/kultur\/night-of-ideas-movie-debate-hello-world\/#primaryimage\"},\"image\":{\"@id\":\"https:\/\/www.france.no\/no\/2023\/kultur\/night-of-ideas-movie-debate-hello-world\/#primaryimage\"},\"thumbnailUrl\":\"https:\/\/www.france.no\/wp-content\/uploads\/2023\/03\/22-mars-2023-Bonjour-le-monde-Nuit-des-Idees-1098x617.png\",\"datePublished\":\"2023-03-06T18:15:58+00:00\",\"dateModified\":\"2023-04-03T08:49:09+00:00\",\"breadcrumb\":{\"@id\":\"https:\/\/www.france.no\/no\/2023\/kultur\/night-of-ideas-movie-debate-hello-world\/#breadcrumb\"},\"inLanguage\":\"nb-NO\",\"potentialAction\":[{\"@type\":\"ReadAction\",\"target\":[\"https:\/\/www.france.no\/no\/2023\/kultur\/night-of-ideas-movie-debate-hello-world\/\"]}]},{\"@type\":\"ImageObject\",\"inLanguage\":\"nb-NO\",\"@id\":\"https:\/\/www.france.no\/no\/2023\/kultur\/night-of-ideas-movie-debate-hello-world\/#primaryimage\",\"url\":\"https:\/\/www.france.no\/wp-content\/uploads\/2023\/03\/22-mars-2023-Bonjour-le-monde-Nuit-des-Idees-1098x617.png\",\"contentUrl\":\"https:\/\/www.france.no\/wp-content\/uploads\/2023\/03\/22-mars-2023-Bonjour-le-monde-Nuit-des-Idees-1098x617.png\",\"width\":1640,\"height\":924},{\"@type\":\"BreadcrumbList\",\"@id\":\"https:\/\/www.france.no\/no\/2023\/kultur\/night-of-ideas-movie-debate-hello-world\/#breadcrumb\",\"itemListElement\":[{\"@type\":\"ListItem\",\"position\":1,\"name\":\"\",\"item\":\"https:\/\/www.france.no\/no\/\"},{\"@type\":\"ListItem\",\"position\":2,\"name\":\"Night of ideas : Movie -debate \u00ab\u00a0Hello World!\u00a0\u00bb\"}]},{\"@type\":\"WebSite\",\"@id\":\"https:\/\/www.france.no\/no\/#website\",\"url\":\"https:\/\/www.france.no\/no\/\",\"name\":\"Institut fran\u00e7ais\",\"description\":\"Norv\u00e8ge\",\"publisher\":{\"@id\":\"https:\/\/www.france.no\/no\/#organization\"},\"potentialAction\":[{\"@type\":\"SearchAction\",\"target\":{\"@type\":\"EntryPoint\",\"urlTemplate\":\"https:\/\/www.france.no\/no\/?s={search_term_string}\"},\"query-input\":{\"@type\":\"PropertyValueSpecification\",\"valueRequired\":true,\"valueName\":\"search_term_string\"}}],\"inLanguage\":\"nb-NO\"},{\"@type\":\"Organization\",\"@id\":\"https:\/\/www.france.no\/no\/#organization\",\"name\":\"Institut fran\u00e7ais\",\"url\":\"https:\/\/www.france.no\/no\/\",\"logo\":{\"@type\":\"ImageObject\",\"inLanguage\":\"nb-NO\",\"@id\":\"https:\/\/www.france.no\/no\/#\/schema\/logo\/image\/\",\"url\":\"https:\/\/www.france.no\/wp-content\/uploads\/2022\/11\/IF_Logo_Sans_Bleu_RVB.png\",\"contentUrl\":\"https:\/\/www.france.no\/wp-content\/uploads\/2022\/11\/IF_Logo_Sans_Bleu_RVB.png\",\"width\":852,\"height\":591,\"caption\":\"Institut fran\u00e7ais\"},\"image\":{\"@id\":\"https:\/\/www.france.no\/no\/#\/schema\/logo\/image\/\"},\"sameAs\":[\"https:\/\/www.facebook.com\/institutfrancaisoslo\",\"https:\/\/x.com\/ifnorvege\",\"https:\/\/instagram.com\/ifnorvege\"]},{\"@type\":\"Person\",\"@id\":\"https:\/\/www.france.no\/no\/#\/schema\/person\/f2f0bb750bdf17f16994d30050414406\",\"name\":\"J\u00e9r\u00f4me ANDR\u00c9\",\"image\":{\"@type\":\"ImageObject\",\"inLanguage\":\"nb-NO\",\"@id\":\"https:\/\/www.france.no\/no\/#\/schema\/person\/image\/\",\"url\":\"https:\/\/secure.gravatar.com\/avatar\/ada66540f8b03061c12e46d80aa587607c5364b2eccc62216d08deaf8efc595d?s=96&d=mm&r=g\",\"contentUrl\":\"https:\/\/secure.gravatar.com\/avatar\/ada66540f8b03061c12e46d80aa587607c5364b2eccc62216d08deaf8efc595d?s=96&d=mm&r=g\",\"caption\":\"J\u00e9r\u00f4me ANDR\u00c9\"},\"url\":\"https:\/\/www.france.no\/no\/author\/jerome\/\"}]}<\/script>\n<!-- \/ Yoast SEO plugin. -->","yoast_head_json":{"title":"Night of ideas : Movie -debate \"Hello World!\" - Institut fran\u00e7ais","robots":{"index":"index","follow":"follow","max-snippet":"max-snippet:-1","max-image-preview":"max-image-preview:large","max-video-preview":"max-video-preview:-1"},"canonical":"https:\/\/www.france.no\/no\/2023\/kultur\/night-of-ideas-movie-debate-hello-world\/","og_locale":"nb_NO","og_type":"article","og_title":"Night of ideas : Movie -debate \"Hello World!\" - Institut fran\u00e7ais","og_description":"Join us on Wednesday 22 March at 5pm to discover the film &laquo;Hello World!&raquo; by A-L. Koehler &amp; \u00c9. Serre, on the occasion of the Night of Ideas and the World Water Day 2023 [family film in French with English subtitles] French Institute of Norway Holtegata 29, 0355 Oslo We invite you to discover the [&hellip;]","og_url":"https:\/\/www.france.no\/no\/2023\/kultur\/night-of-ideas-movie-debate-hello-world\/","og_site_name":"Institut fran\u00e7ais","article_publisher":"https:\/\/www.facebook.com\/institutfrancaisoslo","article_published_time":"2023-03-06T18:15:58+00:00","article_modified_time":"2023-04-03T08:49:09+00:00","og_image":[{"width":1640,"height":924,"url":"https:\/\/www.france.no\/wp-content\/uploads\/2023\/03\/22-mars-2023-Bonjour-le-monde-Nuit-des-Idees-1098x617.png","type":"image\/png"}],"author":"J\u00e9r\u00f4me ANDR\u00c9","twitter_card":"summary_large_image","twitter_creator":"@ifnorvege","twitter_site":"@ifnorvege","twitter_misc":{"Skrevet av":"J\u00e9r\u00f4me ANDR\u00c9","Ansl. lesetid":"1 minutt"},"schema":{"@context":"https:\/\/schema.org","@graph":[{"@type":"Article","@id":"https:\/\/www.france.no\/no\/2023\/kultur\/night-of-ideas-movie-debate-hello-world\/#article","isPartOf":{"@id":"https:\/\/www.france.no\/no\/2023\/kultur\/night-of-ideas-movie-debate-hello-world\/"},"author":{"name":"J\u00e9r\u00f4me ANDR\u00c9","@id":"https:\/\/www.france.no\/no\/#\/schema\/person\/f2f0bb750bdf17f16994d30050414406"},"headline":"Night of ideas : Movie -debate &laquo;Hello World!&raquo;","datePublished":"2023-03-06T18:15:58+00:00","dateModified":"2023-04-03T08:49:09+00:00","mainEntityOfPage":{"@id":"https:\/\/www.france.no\/no\/2023\/kultur\/night-of-ideas-movie-debate-hello-world\/"},"wordCount":162,"publisher":{"@id":"https:\/\/www.france.no\/no\/#organization"},"image":{"@id":"https:\/\/www.france.no\/no\/2023\/kultur\/night-of-ideas-movie-debate-hello-world\/#primaryimage"},"thumbnailUrl":"https:\/\/www.france.no\/wp-content\/uploads\/2023\/03\/22-mars-2023-Bonjour-le-monde-Nuit-des-Idees-1098x617.png","articleSection":["Kultur","Universiteter","Vitenskap og forskning"],"inLanguage":"nb-NO"},{"@type":"WebPage","@id":"https:\/\/www.france.no\/no\/2023\/kultur\/night-of-ideas-movie-debate-hello-world\/","url":"https:\/\/www.france.no\/no\/2023\/kultur\/night-of-ideas-movie-debate-hello-world\/","name":"Night of ideas : Movie -debate \"Hello World!\" - Institut fran\u00e7ais","isPartOf":{"@id":"https:\/\/www.france.no\/no\/#website"},"primaryImageOfPage":{"@id":"https:\/\/www.france.no\/no\/2023\/kultur\/night-of-ideas-movie-debate-hello-world\/#primaryimage"},"image":{"@id":"https:\/\/www.france.no\/no\/2023\/kultur\/night-of-ideas-movie-debate-hello-world\/#primaryimage"},"thumbnailUrl":"https:\/\/www.france.no\/wp-content\/uploads\/2023\/03\/22-mars-2023-Bonjour-le-monde-Nuit-des-Idees-1098x617.png","datePublished":"2023-03-06T18:15:58+00:00","dateModified":"2023-04-03T08:49:09+00:00","breadcrumb":{"@id":"https:\/\/www.france.no\/no\/2023\/kultur\/night-of-ideas-movie-debate-hello-world\/#breadcrumb"},"inLanguage":"nb-NO","potentialAction":[{"@type":"ReadAction","target":["https:\/\/www.france.no\/no\/2023\/kultur\/night-of-ideas-movie-debate-hello-world\/"]}]},{"@type":"ImageObject","inLanguage":"nb-NO","@id":"https:\/\/www.france.no\/no\/2023\/kultur\/night-of-ideas-movie-debate-hello-world\/#primaryimage","url":"https:\/\/www.france.no\/wp-content\/uploads\/2023\/03\/22-mars-2023-Bonjour-le-monde-Nuit-des-Idees-1098x617.png","contentUrl":"https:\/\/www.france.no\/wp-content\/uploads\/2023\/03\/22-mars-2023-Bonjour-le-monde-Nuit-des-Idees-1098x617.png","width":1640,"height":924},{"@type":"BreadcrumbList","@id":"https:\/\/www.france.no\/no\/2023\/kultur\/night-of-ideas-movie-debate-hello-world\/#breadcrumb","itemListElement":[{"@type":"ListItem","position":1,"name":"","item":"https:\/\/www.france.no\/no\/"},{"@type":"ListItem","position":2,"name":"Night of ideas : Movie -debate \u00ab\u00a0Hello World!\u00a0\u00bb"}]},{"@type":"WebSite","@id":"https:\/\/www.france.no\/no\/#website","url":"https:\/\/www.france.no\/no\/","name":"Institut fran\u00e7ais","description":"Norv\u00e8ge","publisher":{"@id":"https:\/\/www.france.no\/no\/#organization"},"potentialAction":[{"@type":"SearchAction","target":{"@type":"EntryPoint","urlTemplate":"https:\/\/www.france.no\/no\/?s={search_term_string}"},"query-input":{"@type":"PropertyValueSpecification","valueRequired":true,"valueName":"search_term_string"}}],"inLanguage":"nb-NO"},{"@type":"Organization","@id":"https:\/\/www.france.no\/no\/#organization","name":"Institut fran\u00e7ais","url":"https:\/\/www.france.no\/no\/","logo":{"@type":"ImageObject","inLanguage":"nb-NO","@id":"https:\/\/www.france.no\/no\/#\/schema\/logo\/image\/","url":"https:\/\/www.france.no\/wp-content\/uploads\/2022\/11\/IF_Logo_Sans_Bleu_RVB.png","contentUrl":"https:\/\/www.france.no\/wp-content\/uploads\/2022\/11\/IF_Logo_Sans_Bleu_RVB.png","width":852,"height":591,"caption":"Institut fran\u00e7ais"},"image":{"@id":"https:\/\/www.france.no\/no\/#\/schema\/logo\/image\/"},"sameAs":["https:\/\/www.facebook.com\/institutfrancaisoslo","https:\/\/x.com\/ifnorvege","https:\/\/instagram.com\/ifnorvege"]},{"@type":"Person","@id":"https:\/\/www.france.no\/no\/#\/schema\/person\/f2f0bb750bdf17f16994d30050414406","name":"J\u00e9r\u00f4me ANDR\u00c9","image":{"@type":"ImageObject","inLanguage":"nb-NO","@id":"https:\/\/www.france.no\/no\/#\/schema\/person\/image\/","url":"https:\/\/secure.gravatar.com\/avatar\/ada66540f8b03061c12e46d80aa587607c5364b2eccc62216d08deaf8efc595d?s=96&d=mm&r=g","contentUrl":"https:\/\/secure.gravatar.com\/avatar\/ada66540f8b03061c12e46d80aa587607c5364b2eccc62216d08deaf8efc595d?s=96&d=mm&r=g","caption":"J\u00e9r\u00f4me ANDR\u00c9"},"url":"https:\/\/www.france.no\/no\/author\/jerome\/"}]}},"_links":{"self":[{"href":"https:\/\/www.france.no\/no\/wp-json\/wp\/v2\/posts\/4068","targetHints":{"allow":["GET"]}}],"collection":[{"href":"https:\/\/www.france.no\/no\/wp-json\/wp\/v2\/posts"}],"about":[{"href":"https:\/\/www.france.no\/no\/wp-json\/wp\/v2\/types\/post"}],"author":[{"embeddable":true,"href":"https:\/\/www.france.no\/no\/wp-json\/wp\/v2\/users\/9"}],"replies":[{"embeddable":true,"href":"https:\/\/www.france.no\/no\/wp-json\/wp\/v2\/comments?post=4068"}],"version-history":[{"count":2,"href":"https:\/\/www.france.no\/no\/wp-json\/wp\/v2\/posts\/4068\/revisions"}],"predecessor-version":[{"id":4070,"href":"https:\/\/www.france.no\/no\/wp-json\/wp\/v2\/posts\/4068\/revisions\/4070"}],"wp:featuredmedia":[{"embeddable":true,"href":"https:\/\/www.france.no\/no\/wp-json\/wp\/v2\/media\/4066"}],"wp:attachment":[{"href":"https:\/\/www.france.no\/no\/wp-json\/wp\/v2\/media?parent=4068"}],"wp:term":[{"taxonomy":"category","embeddable":true,"href":"https:\/\/www.france.no\/no\/wp-json\/wp\/v2\/categories?post=4068"},{"taxonomy":"post_tag","embeddable":true,"href":"https:\/\/www.france.no\/no\/wp-json\/wp\/v2\/tags?post=4068"}],"curies":[{"name":"wp","href":"https:\/\/api.w.org\/{rel}","templated":true}]}}