{"id":4225,"date":"2023-03-23T17:44:35","date_gmt":"2023-03-23T16:44:35","guid":{"rendered":"https:\/\/www.france.no\/?p=4225"},"modified":"2023-04-24T10:15:46","modified_gmt":"2023-04-24T08:15:46","slug":"call-for-applications-for-writers","status":"publish","type":"post","link":"https:\/\/www.france.no\/no\/2023\/kultur\/call-for-applications-for-writers\/","title":{"rendered":"Call for applications for writers"},"content":{"rendered":"\n<p>The EUNIC (European Union National Institutes for Culture) cluster in Norway is looking for <strong>20 writers and writers-to-be<\/strong> to take part in <strong>free writing workshops from May to December 2023 in Oslo<\/strong>!<\/p>\n\n\n\n<p>This opportunity will allow you to:<\/p>\n\n\n\n<ul class=\"wp-block-list\">\n<li>To participate in face-to-face meetings with <strong>accomplished European writers<\/strong>;<\/li>\n\n\n\n<li>To get to know contemporary trends in different literatures;<\/li>\n\n\n\n<li>To become inspired for a creation of your own!<\/li>\n<\/ul>\n\n\n\n<p>Check the provisional schedule below to get an idea of what to expect!<\/p>\n\n\n\n<figure class=\"wp-block-image size-large\"><img loading=\"lazy\" decoding=\"async\" width=\"724\" height=\"1024\" src=\"https:\/\/www.france.no\/wp-content\/uploads\/2023\/03\/Photo_Appel-a-candidatures-ecrivains-2-724x1024.jpg\" alt=\"\" class=\"wp-image-4219\" srcset=\"https:\/\/www.france.no\/wp-content\/uploads\/2023\/03\/Photo_Appel-a-candidatures-ecrivains-2-724x1024.jpg 724w, https:\/\/www.france.no\/wp-content\/uploads\/2023\/03\/Photo_Appel-a-candidatures-ecrivains-2-212x300.jpg 212w, https:\/\/www.france.no\/wp-content\/uploads\/2023\/03\/Photo_Appel-a-candidatures-ecrivains-2-768x1087.jpg 768w, https:\/\/www.france.no\/wp-content\/uploads\/2023\/03\/Photo_Appel-a-candidatures-ecrivains-2-1085x1536.jpg 1085w, https:\/\/www.france.no\/wp-content\/uploads\/2023\/03\/Photo_Appel-a-candidatures-ecrivains-2-1200x1698.jpg 1200w, https:\/\/www.france.no\/wp-content\/uploads\/2023\/03\/Photo_Appel-a-candidatures-ecrivains-2.jpg 1447w\" sizes=\"auto, (max-width: 724px) 100vw, 724px\" \/><\/figure>\n\n\n\n<figure class=\"wp-block-image size-large\"><img loading=\"lazy\" decoding=\"async\" width=\"724\" height=\"1024\" src=\"https:\/\/www.france.no\/wp-content\/uploads\/2023\/03\/Photo_Appel-a-candidatures-ecrivains-3-724x1024.jpg\" alt=\"\" class=\"wp-image-4221\" srcset=\"https:\/\/www.france.no\/wp-content\/uploads\/2023\/03\/Photo_Appel-a-candidatures-ecrivains-3-724x1024.jpg 724w, https:\/\/www.france.no\/wp-content\/uploads\/2023\/03\/Photo_Appel-a-candidatures-ecrivains-3-212x300.jpg 212w, https:\/\/www.france.no\/wp-content\/uploads\/2023\/03\/Photo_Appel-a-candidatures-ecrivains-3-768x1087.jpg 768w, https:\/\/www.france.no\/wp-content\/uploads\/2023\/03\/Photo_Appel-a-candidatures-ecrivains-3-1085x1536.jpg 1085w, https:\/\/www.france.no\/wp-content\/uploads\/2023\/03\/Photo_Appel-a-candidatures-ecrivains-3-1200x1698.jpg 1200w, https:\/\/www.france.no\/wp-content\/uploads\/2023\/03\/Photo_Appel-a-candidatures-ecrivains-3.jpg 1447w\" sizes=\"auto, (max-width: 724px) 100vw, 724px\" \/><\/figure>\n\n\n\n<p>The selection of the candidates will be made on the basis of:<\/p>\n\n\n\n<ol class=\"wp-block-list\" type=\"1\">\n<li>Motivation and engagement expressed in the application;<\/li>\n\n\n\n<li>Gender equality and diversity;<\/li>\n\n\n\n<li>Creative interests (poetry, prose, playwriting, essay, etc.).<\/li>\n<\/ol>\n\n\n\n<p class=\"has-text-align-left\">How to apply?<\/p>\n\n\n\n<ul class=\"wp-block-list\">\n<li>You must be at least 18 years old.<\/li>\n\n\n\n<li>Fill in the following form: <a href=\"http:\/\/bit.ly\/3TFitCD\" target=\"_blank\" rel=\"noreferrer noopener\">http:\/\/bit.ly\/3TFitCD<\/a> or contact us by email at: <a href=\"mailto:eunicliterature@gmail.com\" target=\"_blank\" rel=\"noreferrer noopener\">eunicliterature@gmail.com<\/a><\/li>\n\n\n\n<li>Application deadline: <strong>March 31<sup>st<\/sup>, 2023<\/strong>.<\/li>\n<\/ul>\n\n\n\n<p>Follow <a href=\"https:\/\/www.facebook.com\/EUNICNorway\" target=\"_blank\" rel=\"noreferrer noopener\"><strong>EUNIC Norway<\/strong><\/a> on Facebook for more information!<\/p>\n","protected":false},"excerpt":{"rendered":"<p>The EUNIC (European Union National Institutes for Culture) cluster in Norway is looking for 20 writers and writers-to-be to take part in free writing workshops from May to December 2023 in Oslo! This opportunity will allow you to: Check the provisional schedule below to get an idea of what to expect! The selection of the [&hellip;]<\/p>\n","protected":false},"author":9,"featured_media":4274,"comment_status":"closed","ping_status":"closed","sticky":false,"template":"","format":"standard","meta":{"footnotes":""},"categories":[5],"tags":[],"class_list":["post-4225","post","type-post","status-publish","format-standard","has-post-thumbnail","hentry","category-kultur"],"yoast_head":"<!-- This site is optimized with the Yoast SEO plugin v24.2 - https:\/\/yoast.com\/wordpress\/plugins\/seo\/ -->\n<title>Call for applications for writers - Institut fran\u00e7ais<\/title>\n<meta name=\"robots\" content=\"index, follow, max-snippet:-1, max-image-preview:large, max-video-preview:-1\" \/>\n<link rel=\"canonical\" href=\"https:\/\/www.france.no\/no\/2023\/kultur\/call-for-applications-for-writers\/\" \/>\n<meta property=\"og:locale\" content=\"nb_NO\" \/>\n<meta property=\"og:type\" content=\"article\" \/>\n<meta property=\"og:title\" content=\"Call for applications for writers - Institut fran\u00e7ais\" \/>\n<meta property=\"og:description\" content=\"The EUNIC (European Union National Institutes for Culture) cluster in Norway is looking for 20 writers and writers-to-be to take part in free writing workshops from May to December 2023 in Oslo! This opportunity will allow you to: Check the provisional schedule below to get an idea of what to expect! The selection of the [&hellip;]\" \/>\n<meta property=\"og:url\" content=\"https:\/\/www.france.no\/no\/2023\/kultur\/call-for-applications-for-writers\/\" \/>\n<meta property=\"og:site_name\" content=\"Institut fran\u00e7ais\" \/>\n<meta property=\"article:publisher\" content=\"https:\/\/www.facebook.com\/institutfrancaisoslo\" \/>\n<meta property=\"article:published_time\" content=\"2023-03-23T16:44:35+00:00\" \/>\n<meta property=\"article:modified_time\" content=\"2023-04-24T08:15:46+00:00\" \/>\n<meta property=\"og:image\" content=\"https:\/\/www.france.no\/wp-content\/uploads\/2023\/03\/Photo_Appel-a-candidatures-ecrivains-bis-1098x617.jpg\" \/>\n\t<meta property=\"og:image:width\" content=\"1446\" \/>\n\t<meta property=\"og:image:height\" content=\"813\" \/>\n\t<meta property=\"og:image:type\" content=\"image\/jpeg\" \/>\n<meta name=\"author\" content=\"J\u00e9r\u00f4me ANDR\u00c9\" \/>\n<meta name=\"twitter:card\" content=\"summary_large_image\" \/>\n<meta name=\"twitter:creator\" content=\"@ifnorvege\" \/>\n<meta name=\"twitter:site\" content=\"@ifnorvege\" \/>\n<meta name=\"twitter:label1\" content=\"Skrevet av\" \/>\n\t<meta name=\"twitter:data1\" content=\"J\u00e9r\u00f4me ANDR\u00c9\" \/>\n\t<meta name=\"twitter:label2\" content=\"Ansl. lesetid\" \/>\n\t<meta name=\"twitter:data2\" content=\"2 minutter\" \/>\n<script type=\"application\/ld+json\" class=\"yoast-schema-graph\">{\"@context\":\"https:\/\/schema.org\",\"@graph\":[{\"@type\":\"Article\",\"@id\":\"https:\/\/www.france.no\/no\/2023\/kultur\/call-for-applications-for-writers\/#article\",\"isPartOf\":{\"@id\":\"https:\/\/www.france.no\/no\/2023\/kultur\/call-for-applications-for-writers\/\"},\"author\":{\"name\":\"J\u00e9r\u00f4me ANDR\u00c9\",\"@id\":\"https:\/\/www.france.no\/no\/#\/schema\/person\/f2f0bb750bdf17f16994d30050414406\"},\"headline\":\"Call for applications for writers\",\"datePublished\":\"2023-03-23T16:44:35+00:00\",\"dateModified\":\"2023-04-24T08:15:46+00:00\",\"mainEntityOfPage\":{\"@id\":\"https:\/\/www.france.no\/no\/2023\/kultur\/call-for-applications-for-writers\/\"},\"wordCount\":151,\"publisher\":{\"@id\":\"https:\/\/www.france.no\/no\/#organization\"},\"image\":{\"@id\":\"https:\/\/www.france.no\/no\/2023\/kultur\/call-for-applications-for-writers\/#primaryimage\"},\"thumbnailUrl\":\"https:\/\/www.france.no\/wp-content\/uploads\/2023\/03\/Photo_Appel-a-candidatures-ecrivains-bis-1098x617.jpg\",\"articleSection\":[\"Kultur\"],\"inLanguage\":\"nb-NO\"},{\"@type\":\"WebPage\",\"@id\":\"https:\/\/www.france.no\/no\/2023\/kultur\/call-for-applications-for-writers\/\",\"url\":\"https:\/\/www.france.no\/no\/2023\/kultur\/call-for-applications-for-writers\/\",\"name\":\"Call for applications for writers - Institut fran\u00e7ais\",\"isPartOf\":{\"@id\":\"https:\/\/www.france.no\/no\/#website\"},\"primaryImageOfPage\":{\"@id\":\"https:\/\/www.france.no\/no\/2023\/kultur\/call-for-applications-for-writers\/#primaryimage\"},\"image\":{\"@id\":\"https:\/\/www.france.no\/no\/2023\/kultur\/call-for-applications-for-writers\/#primaryimage\"},\"thumbnailUrl\":\"https:\/\/www.france.no\/wp-content\/uploads\/2023\/03\/Photo_Appel-a-candidatures-ecrivains-bis-1098x617.jpg\",\"datePublished\":\"2023-03-23T16:44:35+00:00\",\"dateModified\":\"2023-04-24T08:15:46+00:00\",\"breadcrumb\":{\"@id\":\"https:\/\/www.france.no\/no\/2023\/kultur\/call-for-applications-for-writers\/#breadcrumb\"},\"inLanguage\":\"nb-NO\",\"potentialAction\":[{\"@type\":\"ReadAction\",\"target\":[\"https:\/\/www.france.no\/no\/2023\/kultur\/call-for-applications-for-writers\/\"]}]},{\"@type\":\"ImageObject\",\"inLanguage\":\"nb-NO\",\"@id\":\"https:\/\/www.france.no\/no\/2023\/kultur\/call-for-applications-for-writers\/#primaryimage\",\"url\":\"https:\/\/www.france.no\/wp-content\/uploads\/2023\/03\/Photo_Appel-a-candidatures-ecrivains-bis-1098x617.jpg\",\"contentUrl\":\"https:\/\/www.france.no\/wp-content\/uploads\/2023\/03\/Photo_Appel-a-candidatures-ecrivains-bis-1098x617.jpg\",\"width\":1446,\"height\":813},{\"@type\":\"BreadcrumbList\",\"@id\":\"https:\/\/www.france.no\/no\/2023\/kultur\/call-for-applications-for-writers\/#breadcrumb\",\"itemListElement\":[{\"@type\":\"ListItem\",\"position\":1,\"name\":\"\",\"item\":\"https:\/\/www.france.no\/no\/\"},{\"@type\":\"ListItem\",\"position\":2,\"name\":\"Kultur\",\"item\":\"https:\/\/www.france.no\/no\/category\/kultur\/\"},{\"@type\":\"ListItem\",\"position\":3,\"name\":\"Call for applications for writers\"}]},{\"@type\":\"WebSite\",\"@id\":\"https:\/\/www.france.no\/no\/#website\",\"url\":\"https:\/\/www.france.no\/no\/\",\"name\":\"Institut fran\u00e7ais\",\"description\":\"Norv\u00e8ge\",\"publisher\":{\"@id\":\"https:\/\/www.france.no\/no\/#organization\"},\"potentialAction\":[{\"@type\":\"SearchAction\",\"target\":{\"@type\":\"EntryPoint\",\"urlTemplate\":\"https:\/\/www.france.no\/no\/?s={search_term_string}\"},\"query-input\":{\"@type\":\"PropertyValueSpecification\",\"valueRequired\":true,\"valueName\":\"search_term_string\"}}],\"inLanguage\":\"nb-NO\"},{\"@type\":\"Organization\",\"@id\":\"https:\/\/www.france.no\/no\/#organization\",\"name\":\"Institut fran\u00e7ais\",\"url\":\"https:\/\/www.france.no\/no\/\",\"logo\":{\"@type\":\"ImageObject\",\"inLanguage\":\"nb-NO\",\"@id\":\"https:\/\/www.france.no\/no\/#\/schema\/logo\/image\/\",\"url\":\"https:\/\/www.france.no\/wp-content\/uploads\/2022\/11\/IF_Logo_Sans_Bleu_RVB.png\",\"contentUrl\":\"https:\/\/www.france.no\/wp-content\/uploads\/2022\/11\/IF_Logo_Sans_Bleu_RVB.png\",\"width\":852,\"height\":591,\"caption\":\"Institut fran\u00e7ais\"},\"image\":{\"@id\":\"https:\/\/www.france.no\/no\/#\/schema\/logo\/image\/\"},\"sameAs\":[\"https:\/\/www.facebook.com\/institutfrancaisoslo\",\"https:\/\/x.com\/ifnorvege\",\"https:\/\/instagram.com\/ifnorvege\"]},{\"@type\":\"Person\",\"@id\":\"https:\/\/www.france.no\/no\/#\/schema\/person\/f2f0bb750bdf17f16994d30050414406\",\"name\":\"J\u00e9r\u00f4me ANDR\u00c9\",\"image\":{\"@type\":\"ImageObject\",\"inLanguage\":\"nb-NO\",\"@id\":\"https:\/\/www.france.no\/no\/#\/schema\/person\/image\/\",\"url\":\"https:\/\/secure.gravatar.com\/avatar\/ada66540f8b03061c12e46d80aa587607c5364b2eccc62216d08deaf8efc595d?s=96&d=mm&r=g\",\"contentUrl\":\"https:\/\/secure.gravatar.com\/avatar\/ada66540f8b03061c12e46d80aa587607c5364b2eccc62216d08deaf8efc595d?s=96&d=mm&r=g\",\"caption\":\"J\u00e9r\u00f4me ANDR\u00c9\"},\"url\":\"https:\/\/www.france.no\/no\/author\/jerome\/\"}]}<\/script>\n<!-- \/ Yoast SEO plugin. -->","yoast_head_json":{"title":"Call for applications for writers - Institut fran\u00e7ais","robots":{"index":"index","follow":"follow","max-snippet":"max-snippet:-1","max-image-preview":"max-image-preview:large","max-video-preview":"max-video-preview:-1"},"canonical":"https:\/\/www.france.no\/no\/2023\/kultur\/call-for-applications-for-writers\/","og_locale":"nb_NO","og_type":"article","og_title":"Call for applications for writers - Institut fran\u00e7ais","og_description":"The EUNIC (European Union National Institutes for Culture) cluster in Norway is looking for 20 writers and writers-to-be to take part in free writing workshops from May to December 2023 in Oslo! This opportunity will allow you to: Check the provisional schedule below to get an idea of what to expect! The selection of the [&hellip;]","og_url":"https:\/\/www.france.no\/no\/2023\/kultur\/call-for-applications-for-writers\/","og_site_name":"Institut fran\u00e7ais","article_publisher":"https:\/\/www.facebook.com\/institutfrancaisoslo","article_published_time":"2023-03-23T16:44:35+00:00","article_modified_time":"2023-04-24T08:15:46+00:00","og_image":[{"width":1446,"height":813,"url":"https:\/\/www.france.no\/wp-content\/uploads\/2023\/03\/Photo_Appel-a-candidatures-ecrivains-bis-1098x617.jpg","type":"image\/jpeg"}],"author":"J\u00e9r\u00f4me ANDR\u00c9","twitter_card":"summary_large_image","twitter_creator":"@ifnorvege","twitter_site":"@ifnorvege","twitter_misc":{"Skrevet av":"J\u00e9r\u00f4me ANDR\u00c9","Ansl. lesetid":"2 minutter"},"schema":{"@context":"https:\/\/schema.org","@graph":[{"@type":"Article","@id":"https:\/\/www.france.no\/no\/2023\/kultur\/call-for-applications-for-writers\/#article","isPartOf":{"@id":"https:\/\/www.france.no\/no\/2023\/kultur\/call-for-applications-for-writers\/"},"author":{"name":"J\u00e9r\u00f4me ANDR\u00c9","@id":"https:\/\/www.france.no\/no\/#\/schema\/person\/f2f0bb750bdf17f16994d30050414406"},"headline":"Call for applications for writers","datePublished":"2023-03-23T16:44:35+00:00","dateModified":"2023-04-24T08:15:46+00:00","mainEntityOfPage":{"@id":"https:\/\/www.france.no\/no\/2023\/kultur\/call-for-applications-for-writers\/"},"wordCount":151,"publisher":{"@id":"https:\/\/www.france.no\/no\/#organization"},"image":{"@id":"https:\/\/www.france.no\/no\/2023\/kultur\/call-for-applications-for-writers\/#primaryimage"},"thumbnailUrl":"https:\/\/www.france.no\/wp-content\/uploads\/2023\/03\/Photo_Appel-a-candidatures-ecrivains-bis-1098x617.jpg","articleSection":["Kultur"],"inLanguage":"nb-NO"},{"@type":"WebPage","@id":"https:\/\/www.france.no\/no\/2023\/kultur\/call-for-applications-for-writers\/","url":"https:\/\/www.france.no\/no\/2023\/kultur\/call-for-applications-for-writers\/","name":"Call for applications for writers - Institut fran\u00e7ais","isPartOf":{"@id":"https:\/\/www.france.no\/no\/#website"},"primaryImageOfPage":{"@id":"https:\/\/www.france.no\/no\/2023\/kultur\/call-for-applications-for-writers\/#primaryimage"},"image":{"@id":"https:\/\/www.france.no\/no\/2023\/kultur\/call-for-applications-for-writers\/#primaryimage"},"thumbnailUrl":"https:\/\/www.france.no\/wp-content\/uploads\/2023\/03\/Photo_Appel-a-candidatures-ecrivains-bis-1098x617.jpg","datePublished":"2023-03-23T16:44:35+00:00","dateModified":"2023-04-24T08:15:46+00:00","breadcrumb":{"@id":"https:\/\/www.france.no\/no\/2023\/kultur\/call-for-applications-for-writers\/#breadcrumb"},"inLanguage":"nb-NO","potentialAction":[{"@type":"ReadAction","target":["https:\/\/www.france.no\/no\/2023\/kultur\/call-for-applications-for-writers\/"]}]},{"@type":"ImageObject","inLanguage":"nb-NO","@id":"https:\/\/www.france.no\/no\/2023\/kultur\/call-for-applications-for-writers\/#primaryimage","url":"https:\/\/www.france.no\/wp-content\/uploads\/2023\/03\/Photo_Appel-a-candidatures-ecrivains-bis-1098x617.jpg","contentUrl":"https:\/\/www.france.no\/wp-content\/uploads\/2023\/03\/Photo_Appel-a-candidatures-ecrivains-bis-1098x617.jpg","width":1446,"height":813},{"@type":"BreadcrumbList","@id":"https:\/\/www.france.no\/no\/2023\/kultur\/call-for-applications-for-writers\/#breadcrumb","itemListElement":[{"@type":"ListItem","position":1,"name":"","item":"https:\/\/www.france.no\/no\/"},{"@type":"ListItem","position":2,"name":"Kultur","item":"https:\/\/www.france.no\/no\/category\/kultur\/"},{"@type":"ListItem","position":3,"name":"Call for applications for writers"}]},{"@type":"WebSite","@id":"https:\/\/www.france.no\/no\/#website","url":"https:\/\/www.france.no\/no\/","name":"Institut fran\u00e7ais","description":"Norv\u00e8ge","publisher":{"@id":"https:\/\/www.france.no\/no\/#organization"},"potentialAction":[{"@type":"SearchAction","target":{"@type":"EntryPoint","urlTemplate":"https:\/\/www.france.no\/no\/?s={search_term_string}"},"query-input":{"@type":"PropertyValueSpecification","valueRequired":true,"valueName":"search_term_string"}}],"inLanguage":"nb-NO"},{"@type":"Organization","@id":"https:\/\/www.france.no\/no\/#organization","name":"Institut fran\u00e7ais","url":"https:\/\/www.france.no\/no\/","logo":{"@type":"ImageObject","inLanguage":"nb-NO","@id":"https:\/\/www.france.no\/no\/#\/schema\/logo\/image\/","url":"https:\/\/www.france.no\/wp-content\/uploads\/2022\/11\/IF_Logo_Sans_Bleu_RVB.png","contentUrl":"https:\/\/www.france.no\/wp-content\/uploads\/2022\/11\/IF_Logo_Sans_Bleu_RVB.png","width":852,"height":591,"caption":"Institut fran\u00e7ais"},"image":{"@id":"https:\/\/www.france.no\/no\/#\/schema\/logo\/image\/"},"sameAs":["https:\/\/www.facebook.com\/institutfrancaisoslo","https:\/\/x.com\/ifnorvege","https:\/\/instagram.com\/ifnorvege"]},{"@type":"Person","@id":"https:\/\/www.france.no\/no\/#\/schema\/person\/f2f0bb750bdf17f16994d30050414406","name":"J\u00e9r\u00f4me ANDR\u00c9","image":{"@type":"ImageObject","inLanguage":"nb-NO","@id":"https:\/\/www.france.no\/no\/#\/schema\/person\/image\/","url":"https:\/\/secure.gravatar.com\/avatar\/ada66540f8b03061c12e46d80aa587607c5364b2eccc62216d08deaf8efc595d?s=96&d=mm&r=g","contentUrl":"https:\/\/secure.gravatar.com\/avatar\/ada66540f8b03061c12e46d80aa587607c5364b2eccc62216d08deaf8efc595d?s=96&d=mm&r=g","caption":"J\u00e9r\u00f4me ANDR\u00c9"},"url":"https:\/\/www.france.no\/no\/author\/jerome\/"}]}},"_links":{"self":[{"href":"https:\/\/www.france.no\/no\/wp-json\/wp\/v2\/posts\/4225","targetHints":{"allow":["GET"]}}],"collection":[{"href":"https:\/\/www.france.no\/no\/wp-json\/wp\/v2\/posts"}],"about":[{"href":"https:\/\/www.france.no\/no\/wp-json\/wp\/v2\/types\/post"}],"author":[{"embeddable":true,"href":"https:\/\/www.france.no\/no\/wp-json\/wp\/v2\/users\/9"}],"replies":[{"embeddable":true,"href":"https:\/\/www.france.no\/no\/wp-json\/wp\/v2\/comments?post=4225"}],"version-history":[{"count":3,"href":"https:\/\/www.france.no\/no\/wp-json\/wp\/v2\/posts\/4225\/revisions"}],"predecessor-version":[{"id":4233,"href":"https:\/\/www.france.no\/no\/wp-json\/wp\/v2\/posts\/4225\/revisions\/4233"}],"wp:featuredmedia":[{"embeddable":true,"href":"https:\/\/www.france.no\/no\/wp-json\/wp\/v2\/media\/4274"}],"wp:attachment":[{"href":"https:\/\/www.france.no\/no\/wp-json\/wp\/v2\/media?parent=4225"}],"wp:term":[{"taxonomy":"category","embeddable":true,"href":"https:\/\/www.france.no\/no\/wp-json\/wp\/v2\/categories?post=4225"},{"taxonomy":"post_tag","embeddable":true,"href":"https:\/\/www.france.no\/no\/wp-json\/wp\/v2\/tags?post=4225"}],"curies":[{"name":"wp","href":"https:\/\/api.w.org\/{rel}","templated":true}]}}